{"id":19842,"date":"2022-08-12T20:28:43","date_gmt":"2022-08-12T18:28:43","guid":{"rendered":"https:\/\/www.caudete.org\/ayuntamiento\/?p=19842"},"modified":"2022-08-12T20:28:43","modified_gmt":"2022-08-12T18:28:43","slug":"abierta-una-bolsa-de-trabajo-para-el-desempeno-del-puesto-de-trabajador-social","status":"publish","type":"post","link":"https:\/\/www.caudete.org\/ayuntamiento\/abierta-una-bolsa-de-trabajo-para-el-desempeno-del-puesto-de-trabajador-social\/","title":{"rendered":"Abierta una BOLSA DE TRABAJO para el desempe\u00f1o del puesto de TRABAJADOR SOCIAL"},"content":{"rendered":"<p style=\"text-align: justify;\">La Concejal de Recursos Humanos, M\u00aa de Mar Requena, ha informado esta ma\u00f1ana sobre la aprobaci\u00f3n de las Bases y Convocatoria para cubrir una plaza de Trabajador Social en el Ayuntamiento de Caudete (Grupo A, Subgrupo A2).<\/p>\n<p style=\"text-align: justify;\">Con el objeto de prestar los servicios en el Departamento de Servicios Sociales, se crea la Bolsa con car\u00e1cter no permanente (temporal), para cubrir con un m\u00e1ximo de jornada semanal de 35 horas las necesidades que no pueden ser atendidas por el personal al servicio de esta Administraci\u00f3n (destinada a la cobertura de bajas, vacantes o necesidades operativas que pudieran surgir).<\/p>\n<p style=\"text-align: justify;\">Hasta el pr\u00f3ximo jueves 25 de Agosto (inclusive) los interesados podr\u00e1n presentar solicitud a la convocatoria, presentando la documentaci\u00f3n referida en las bases y abonando la tasa de examen (31&#8217;50\u20ac, aunque existen diferentes reducciones).<\/p>\n<p style=\"text-align: justify;\">El sistema de selecci\u00f3n para la constituci\u00f3n de la bolsa de trabajo ser\u00e1 el de concurso de m\u00e9ritos, donde se valorar\u00e1 titulaciones oficiales relacionadas con las funciones a desempe\u00f1ar; cursos de formaci\u00f3n, especializaci\u00f3n o perfeccionamiento relacionados con la plaza; o la experiencia profesional.<\/p>\n<p style=\"text-align: justify;\">Pueden consultarse \u00edntegramente las bases accediendo al siguiente enlace:\u00a0<a href=\"https:\/\/caudete.sedipualba.es\/tablondeanuncios\/anuncio.aspx?id=41476\" target=\"_blank\" rel=\"nofollow\">https:\/\/caudete.sedipualba.es\/tablondeanuncios\/anuncio.aspx?id=41476<\/a><\/p>\n","protected":false},"excerpt":{"rendered":"<p>La Concejal de Recursos Humanos, M\u00aa de Mar Requena, ha informado esta ma\u00f1ana sobre la aprobaci\u00f3n de las Bases y Convocatoria para cubrir una plaza de Trabajador Social en el Ayuntamiento de Caudete (Grupo A, Subgrupo A2). Con el objeto de prestar los servicios en el Departamento de Servicios Sociales, se crea la Bolsa con &hellip;<\/p>\n","protected":false},"author":3,"featured_media":15535,"comment_status":"closed","ping_status":"open","sticky":false,"template":"","format":"standard","meta":{"ngg_post_thumbnail":0,"footnotes":""},"categories":[33],"tags":[],"class_list":["post-19842","post","type-post","status-publish","format-standard","has-post-thumbnail","hentry","category-recursos-humanos"],"yoast_head":"<!-- This site is optimized with the Yoast SEO plugin v27.5 - https:\/\/yoast.com\/product\/yoast-seo-wordpress\/ -->\n<title>Abierta una BOLSA DE TRABAJO para el desempe\u00f1o del puesto de TRABAJADOR SOCIAL - MI Ayuntamiento de Caudete<\/title>\n<meta name=\"description\" content=\"P\u00e1gina Oficial del Ayuntamiento de Caudete (Albacete)\" \/>\n<meta name=\"robots\" content=\"index, follow, max-snippet:-1, max-image-preview:large, max-video-preview:-1\" \/>\n<link rel=\"canonical\" href=\"https:\/\/www.caudete.org\/ayuntamiento\/abierta-una-bolsa-de-trabajo-para-el-desempeno-del-puesto-de-trabajador-social\/\" \/>\n<meta property=\"og:locale\" content=\"es_ES\" \/>\n<meta property=\"og:type\" content=\"article\" \/>\n<meta property=\"og:title\" content=\"Abierta una BOLSA DE TRABAJO para el desempe\u00f1o del puesto de TRABAJADOR SOCIAL - MI Ayuntamiento de Caudete\" \/>\n<meta property=\"og:description\" content=\"P\u00e1gina Oficial del Ayuntamiento de Caudete (Albacete)\" \/>\n<meta property=\"og:url\" content=\"https:\/\/www.caudete.org\/ayuntamiento\/abierta-una-bolsa-de-trabajo-para-el-desempeno-del-puesto-de-trabajador-social\/\" \/>\n<meta property=\"og:site_name\" content=\"MI Ayuntamiento de Caudete\" \/>\n<meta property=\"article:publisher\" content=\"https:\/\/www.facebook.com\/ayuntamientocaudete\/\" \/>\n<meta property=\"article:published_time\" content=\"2022-08-12T18:28:43+00:00\" \/>\n<meta property=\"og:image\" content=\"https:\/\/www.caudete.org\/ayuntamiento\/wp-content\/uploads\/2021\/07\/centro_servicios_sociales.jpg\" \/>\n\t<meta property=\"og:image:width\" content=\"800\" \/>\n\t<meta property=\"og:image:height\" content=\"389\" \/>\n\t<meta property=\"og:image:type\" content=\"image\/jpeg\" \/>\n<meta name=\"author\" content=\"alcalde\" \/>\n<meta name=\"twitter:card\" content=\"summary_large_image\" \/>\n<meta name=\"twitter:label1\" content=\"Escrito por\" \/>\n\t<meta name=\"twitter:data1\" content=\"alcalde\" \/>\n\t<meta name=\"twitter:label2\" content=\"Tiempo de lectura\" \/>\n\t<meta name=\"twitter:data2\" content=\"1 minuto\" \/>\n<script type=\"application\/ld+json\" class=\"yoast-schema-graph\">{\"@context\":\"https:\\\/\\\/schema.org\",\"@graph\":[{\"@type\":\"Article\",\"@id\":\"https:\\\/\\\/www.caudete.org\\\/ayuntamiento\\\/abierta-una-bolsa-de-trabajo-para-el-desempeno-del-puesto-de-trabajador-social\\\/#article\",\"isPartOf\":{\"@id\":\"https:\\\/\\\/www.caudete.org\\\/ayuntamiento\\\/abierta-una-bolsa-de-trabajo-para-el-desempeno-del-puesto-de-trabajador-social\\\/\"},\"author\":{\"name\":\"alcalde\",\"@id\":\"https:\\\/\\\/www.caudete.org\\\/ayuntamiento\\\/#\\\/schema\\\/person\\\/cc646da9133078ee4d8dd47457947253\"},\"headline\":\"Abierta una BOLSA DE TRABAJO para el desempe\u00f1o del puesto de TRABAJADOR SOCIAL\",\"datePublished\":\"2022-08-12T18:28:43+00:00\",\"mainEntityOfPage\":{\"@id\":\"https:\\\/\\\/www.caudete.org\\\/ayuntamiento\\\/abierta-una-bolsa-de-trabajo-para-el-desempeno-del-puesto-de-trabajador-social\\\/\"},\"wordCount\":217,\"image\":{\"@id\":\"https:\\\/\\\/www.caudete.org\\\/ayuntamiento\\\/abierta-una-bolsa-de-trabajo-para-el-desempeno-del-puesto-de-trabajador-social\\\/#primaryimage\"},\"thumbnailUrl\":\"https:\\\/\\\/www.caudete.org\\\/ayuntamiento\\\/wp-content\\\/uploads\\\/2021\\\/07\\\/centro_servicios_sociales.jpg\",\"articleSection\":[\"Recursos Humanos\"],\"inLanguage\":\"es\"},{\"@type\":\"WebPage\",\"@id\":\"https:\\\/\\\/www.caudete.org\\\/ayuntamiento\\\/abierta-una-bolsa-de-trabajo-para-el-desempeno-del-puesto-de-trabajador-social\\\/\",\"url\":\"https:\\\/\\\/www.caudete.org\\\/ayuntamiento\\\/abierta-una-bolsa-de-trabajo-para-el-desempeno-del-puesto-de-trabajador-social\\\/\",\"name\":\"Abierta una BOLSA DE TRABAJO para el desempe\u00f1o del puesto de TRABAJADOR SOCIAL - MI Ayuntamiento de Caudete\",\"isPartOf\":{\"@id\":\"https:\\\/\\\/www.caudete.org\\\/ayuntamiento\\\/#website\"},\"primaryImageOfPage\":{\"@id\":\"https:\\\/\\\/www.caudete.org\\\/ayuntamiento\\\/abierta-una-bolsa-de-trabajo-para-el-desempeno-del-puesto-de-trabajador-social\\\/#primaryimage\"},\"image\":{\"@id\":\"https:\\\/\\\/www.caudete.org\\\/ayuntamiento\\\/abierta-una-bolsa-de-trabajo-para-el-desempeno-del-puesto-de-trabajador-social\\\/#primaryimage\"},\"thumbnailUrl\":\"https:\\\/\\\/www.caudete.org\\\/ayuntamiento\\\/wp-content\\\/uploads\\\/2021\\\/07\\\/centro_servicios_sociales.jpg\",\"datePublished\":\"2022-08-12T18:28:43+00:00\",\"author\":{\"@id\":\"https:\\\/\\\/www.caudete.org\\\/ayuntamiento\\\/#\\\/schema\\\/person\\\/cc646da9133078ee4d8dd47457947253\"},\"description\":\"P\u00e1gina Oficial del Ayuntamiento de Caudete (Albacete)\",\"breadcrumb\":{\"@id\":\"https:\\\/\\\/www.caudete.org\\\/ayuntamiento\\\/abierta-una-bolsa-de-trabajo-para-el-desempeno-del-puesto-de-trabajador-social\\\/#breadcrumb\"},\"inLanguage\":\"es\",\"potentialAction\":[{\"@type\":\"ReadAction\",\"target\":[\"https:\\\/\\\/www.caudete.org\\\/ayuntamiento\\\/abierta-una-bolsa-de-trabajo-para-el-desempeno-del-puesto-de-trabajador-social\\\/\"]}]},{\"@type\":\"ImageObject\",\"inLanguage\":\"es\",\"@id\":\"https:\\\/\\\/www.caudete.org\\\/ayuntamiento\\\/abierta-una-bolsa-de-trabajo-para-el-desempeno-del-puesto-de-trabajador-social\\\/#primaryimage\",\"url\":\"https:\\\/\\\/www.caudete.org\\\/ayuntamiento\\\/wp-content\\\/uploads\\\/2021\\\/07\\\/centro_servicios_sociales.jpg\",\"contentUrl\":\"https:\\\/\\\/www.caudete.org\\\/ayuntamiento\\\/wp-content\\\/uploads\\\/2021\\\/07\\\/centro_servicios_sociales.jpg\",\"width\":800,\"height\":389},{\"@type\":\"BreadcrumbList\",\"@id\":\"https:\\\/\\\/www.caudete.org\\\/ayuntamiento\\\/abierta-una-bolsa-de-trabajo-para-el-desempeno-del-puesto-de-trabajador-social\\\/#breadcrumb\",\"itemListElement\":[{\"@type\":\"ListItem\",\"position\":1,\"name\":\"Inicio\",\"item\":\"https:\\\/\\\/www.caudete.org\\\/ayuntamiento\\\/\"},{\"@type\":\"ListItem\",\"position\":2,\"name\":\"Abierta una BOLSA DE TRABAJO para el desempe\u00f1o del puesto de TRABAJADOR SOCIAL\"}]},{\"@type\":\"WebSite\",\"@id\":\"https:\\\/\\\/www.caudete.org\\\/ayuntamiento\\\/#website\",\"url\":\"https:\\\/\\\/www.caudete.org\\\/ayuntamiento\\\/\",\"name\":\"MI Ayuntamiento de Caudete\",\"description\":\"P\u00e1gina Oficial del MI Ayuntamiento de Caudete\",\"potentialAction\":[{\"@type\":\"SearchAction\",\"target\":{\"@type\":\"EntryPoint\",\"urlTemplate\":\"https:\\\/\\\/www.caudete.org\\\/ayuntamiento\\\/?s={search_term_string}\"},\"query-input\":{\"@type\":\"PropertyValueSpecification\",\"valueRequired\":true,\"valueName\":\"search_term_string\"}}],\"inLanguage\":\"es\"},{\"@type\":\"Person\",\"@id\":\"https:\\\/\\\/www.caudete.org\\\/ayuntamiento\\\/#\\\/schema\\\/person\\\/cc646da9133078ee4d8dd47457947253\",\"name\":\"alcalde\",\"image\":{\"@type\":\"ImageObject\",\"inLanguage\":\"es\",\"@id\":\"https:\\\/\\\/secure.gravatar.com\\\/avatar\\\/84a817ba065b29ff08d666b215a215f5c79186a645ccb25b14a663d48a130f77?s=96&d=mm&r=g\",\"url\":\"https:\\\/\\\/secure.gravatar.com\\\/avatar\\\/84a817ba065b29ff08d666b215a215f5c79186a645ccb25b14a663d48a130f77?s=96&d=mm&r=g\",\"contentUrl\":\"https:\\\/\\\/secure.gravatar.com\\\/avatar\\\/84a817ba065b29ff08d666b215a215f5c79186a645ccb25b14a663d48a130f77?s=96&d=mm&r=g\",\"caption\":\"alcalde\"},\"url\":\"https:\\\/\\\/www.caudete.org\\\/ayuntamiento\\\/author\\\/alcalde\\\/\"}]}<\/script>\n<!-- \/ Yoast SEO plugin. -->","yoast_head_json":{"title":"Abierta una BOLSA DE TRABAJO para el desempe\u00f1o del puesto de TRABAJADOR SOCIAL - MI Ayuntamiento de Caudete","description":"P\u00e1gina Oficial del Ayuntamiento de Caudete (Albacete)","robots":{"index":"index","follow":"follow","max-snippet":"max-snippet:-1","max-image-preview":"max-image-preview:large","max-video-preview":"max-video-preview:-1"},"canonical":"https:\/\/www.caudete.org\/ayuntamiento\/abierta-una-bolsa-de-trabajo-para-el-desempeno-del-puesto-de-trabajador-social\/","og_locale":"es_ES","og_type":"article","og_title":"Abierta una BOLSA DE TRABAJO para el desempe\u00f1o del puesto de TRABAJADOR SOCIAL - MI Ayuntamiento de Caudete","og_description":"P\u00e1gina Oficial del Ayuntamiento de Caudete (Albacete)","og_url":"https:\/\/www.caudete.org\/ayuntamiento\/abierta-una-bolsa-de-trabajo-para-el-desempeno-del-puesto-de-trabajador-social\/","og_site_name":"MI Ayuntamiento de Caudete","article_publisher":"https:\/\/www.facebook.com\/ayuntamientocaudete\/","article_published_time":"2022-08-12T18:28:43+00:00","og_image":[{"width":800,"height":389,"url":"https:\/\/www.caudete.org\/ayuntamiento\/wp-content\/uploads\/2021\/07\/centro_servicios_sociales.jpg","type":"image\/jpeg"}],"author":"alcalde","twitter_card":"summary_large_image","twitter_misc":{"Escrito por":"alcalde","Tiempo de lectura":"1 minuto"},"schema":{"@context":"https:\/\/schema.org","@graph":[{"@type":"Article","@id":"https:\/\/www.caudete.org\/ayuntamiento\/abierta-una-bolsa-de-trabajo-para-el-desempeno-del-puesto-de-trabajador-social\/#article","isPartOf":{"@id":"https:\/\/www.caudete.org\/ayuntamiento\/abierta-una-bolsa-de-trabajo-para-el-desempeno-del-puesto-de-trabajador-social\/"},"author":{"name":"alcalde","@id":"https:\/\/www.caudete.org\/ayuntamiento\/#\/schema\/person\/cc646da9133078ee4d8dd47457947253"},"headline":"Abierta una BOLSA DE TRABAJO para el desempe\u00f1o del puesto de TRABAJADOR SOCIAL","datePublished":"2022-08-12T18:28:43+00:00","mainEntityOfPage":{"@id":"https:\/\/www.caudete.org\/ayuntamiento\/abierta-una-bolsa-de-trabajo-para-el-desempeno-del-puesto-de-trabajador-social\/"},"wordCount":217,"image":{"@id":"https:\/\/www.caudete.org\/ayuntamiento\/abierta-una-bolsa-de-trabajo-para-el-desempeno-del-puesto-de-trabajador-social\/#primaryimage"},"thumbnailUrl":"https:\/\/www.caudete.org\/ayuntamiento\/wp-content\/uploads\/2021\/07\/centro_servicios_sociales.jpg","articleSection":["Recursos Humanos"],"inLanguage":"es"},{"@type":"WebPage","@id":"https:\/\/www.caudete.org\/ayuntamiento\/abierta-una-bolsa-de-trabajo-para-el-desempeno-del-puesto-de-trabajador-social\/","url":"https:\/\/www.caudete.org\/ayuntamiento\/abierta-una-bolsa-de-trabajo-para-el-desempeno-del-puesto-de-trabajador-social\/","name":"Abierta una BOLSA DE TRABAJO para el desempe\u00f1o del puesto de TRABAJADOR SOCIAL - MI Ayuntamiento de Caudete","isPartOf":{"@id":"https:\/\/www.caudete.org\/ayuntamiento\/#website"},"primaryImageOfPage":{"@id":"https:\/\/www.caudete.org\/ayuntamiento\/abierta-una-bolsa-de-trabajo-para-el-desempeno-del-puesto-de-trabajador-social\/#primaryimage"},"image":{"@id":"https:\/\/www.caudete.org\/ayuntamiento\/abierta-una-bolsa-de-trabajo-para-el-desempeno-del-puesto-de-trabajador-social\/#primaryimage"},"thumbnailUrl":"https:\/\/www.caudete.org\/ayuntamiento\/wp-content\/uploads\/2021\/07\/centro_servicios_sociales.jpg","datePublished":"2022-08-12T18:28:43+00:00","author":{"@id":"https:\/\/www.caudete.org\/ayuntamiento\/#\/schema\/person\/cc646da9133078ee4d8dd47457947253"},"description":"P\u00e1gina Oficial del Ayuntamiento de Caudete (Albacete)","breadcrumb":{"@id":"https:\/\/www.caudete.org\/ayuntamiento\/abierta-una-bolsa-de-trabajo-para-el-desempeno-del-puesto-de-trabajador-social\/#breadcrumb"},"inLanguage":"es","potentialAction":[{"@type":"ReadAction","target":["https:\/\/www.caudete.org\/ayuntamiento\/abierta-una-bolsa-de-trabajo-para-el-desempeno-del-puesto-de-trabajador-social\/"]}]},{"@type":"ImageObject","inLanguage":"es","@id":"https:\/\/www.caudete.org\/ayuntamiento\/abierta-una-bolsa-de-trabajo-para-el-desempeno-del-puesto-de-trabajador-social\/#primaryimage","url":"https:\/\/www.caudete.org\/ayuntamiento\/wp-content\/uploads\/2021\/07\/centro_servicios_sociales.jpg","contentUrl":"https:\/\/www.caudete.org\/ayuntamiento\/wp-content\/uploads\/2021\/07\/centro_servicios_sociales.jpg","width":800,"height":389},{"@type":"BreadcrumbList","@id":"https:\/\/www.caudete.org\/ayuntamiento\/abierta-una-bolsa-de-trabajo-para-el-desempeno-del-puesto-de-trabajador-social\/#breadcrumb","itemListElement":[{"@type":"ListItem","position":1,"name":"Inicio","item":"https:\/\/www.caudete.org\/ayuntamiento\/"},{"@type":"ListItem","position":2,"name":"Abierta una BOLSA DE TRABAJO para el desempe\u00f1o del puesto de TRABAJADOR SOCIAL"}]},{"@type":"WebSite","@id":"https:\/\/www.caudete.org\/ayuntamiento\/#website","url":"https:\/\/www.caudete.org\/ayuntamiento\/","name":"MI Ayuntamiento de Caudete","description":"P\u00e1gina Oficial del MI Ayuntamiento de Caudete","potentialAction":[{"@type":"SearchAction","target":{"@type":"EntryPoint","urlTemplate":"https:\/\/www.caudete.org\/ayuntamiento\/?s={search_term_string}"},"query-input":{"@type":"PropertyValueSpecification","valueRequired":true,"valueName":"search_term_string"}}],"inLanguage":"es"},{"@type":"Person","@id":"https:\/\/www.caudete.org\/ayuntamiento\/#\/schema\/person\/cc646da9133078ee4d8dd47457947253","name":"alcalde","image":{"@type":"ImageObject","inLanguage":"es","@id":"https:\/\/secure.gravatar.com\/avatar\/84a817ba065b29ff08d666b215a215f5c79186a645ccb25b14a663d48a130f77?s=96&d=mm&r=g","url":"https:\/\/secure.gravatar.com\/avatar\/84a817ba065b29ff08d666b215a215f5c79186a645ccb25b14a663d48a130f77?s=96&d=mm&r=g","contentUrl":"https:\/\/secure.gravatar.com\/avatar\/84a817ba065b29ff08d666b215a215f5c79186a645ccb25b14a663d48a130f77?s=96&d=mm&r=g","caption":"alcalde"},"url":"https:\/\/www.caudete.org\/ayuntamiento\/author\/alcalde\/"}]}},"_links":{"self":[{"href":"https:\/\/www.caudete.org\/ayuntamiento\/wp-json\/wp\/v2\/posts\/19842","targetHints":{"allow":["GET"]}}],"collection":[{"href":"https:\/\/www.caudete.org\/ayuntamiento\/wp-json\/wp\/v2\/posts"}],"about":[{"href":"https:\/\/www.caudete.org\/ayuntamiento\/wp-json\/wp\/v2\/types\/post"}],"author":[{"embeddable":true,"href":"https:\/\/www.caudete.org\/ayuntamiento\/wp-json\/wp\/v2\/users\/3"}],"replies":[{"embeddable":true,"href":"https:\/\/www.caudete.org\/ayuntamiento\/wp-json\/wp\/v2\/comments?post=19842"}],"version-history":[{"count":1,"href":"https:\/\/www.caudete.org\/ayuntamiento\/wp-json\/wp\/v2\/posts\/19842\/revisions"}],"predecessor-version":[{"id":19843,"href":"https:\/\/www.caudete.org\/ayuntamiento\/wp-json\/wp\/v2\/posts\/19842\/revisions\/19843"}],"wp:featuredmedia":[{"embeddable":true,"href":"https:\/\/www.caudete.org\/ayuntamiento\/wp-json\/wp\/v2\/media\/15535"}],"wp:attachment":[{"href":"https:\/\/www.caudete.org\/ayuntamiento\/wp-json\/wp\/v2\/media?parent=19842"}],"wp:term":[{"taxonomy":"category","embeddable":true,"href":"https:\/\/www.caudete.org\/ayuntamiento\/wp-json\/wp\/v2\/categories?post=19842"},{"taxonomy":"post_tag","embeddable":true,"href":"https:\/\/www.caudete.org\/ayuntamiento\/wp-json\/wp\/v2\/tags?post=19842"}],"curies":[{"name":"wp","href":"https:\/\/api.w.org\/{rel}","templated":true}]}}