{"id":19844,"date":"2022-08-12T20:41:02","date_gmt":"2022-08-12T18:41:02","guid":{"rendered":"https:\/\/www.caudete.org\/ayuntamiento\/?p=19844"},"modified":"2022-08-12T20:41:02","modified_gmt":"2022-08-12T18:41:02","slug":"presentada-la-jornada-de-puertas-abiertas-en-el-campanario-el-proximo-sabado-27-de-agosto","status":"publish","type":"post","link":"https:\/\/www.caudete.org\/ayuntamiento\/presentada-la-jornada-de-puertas-abiertas-en-el-campanario-el-proximo-sabado-27-de-agosto\/","title":{"rendered":"Presentada la JORNADA DE PUERTAS ABIERTAS en el CAMPANARIO el pr\u00f3ximo s\u00e1bado 27 de Agosto"},"content":{"rendered":"<p style=\"text-align: justify;\">La Sala de Prensa del Ayuntamiento acog\u00eda esta ma\u00f1ana la presentaci\u00f3n de las Jornadas de Puertas Abiertas que la Asociaci\u00f3n de Campaneros de Santa Catalina realiza un a\u00f1o m\u00e1s en la singular Torre-Campanario de Santa Catalina.<\/p>\n<p style=\"text-align: justify;\">Diego Cuenca, Concejal de Patrimonio Hist\u00f3rico y en representaci\u00f3n municipal acompa\u00f1aba a Javier Ponce (Presidente de la asociaci\u00f3n), Joaqu\u00edn L\u00f3pez y Gilberto Serrano para detallar la organizaci\u00f3n del evento.<\/p>\n<p style=\"text-align: justify;\">En horario de 10:00 a 13:30 horas, explicaba Ponce, ser\u00e1 el horario con el que el S\u00e1bado 27 de Agosto brindar\u00e1n la oportunidad de acercarse a los bronces del campanario, para conocerlas, y valorar el patrimonio que Caudete tiene el honor de tener, donde se podr\u00e1 disfrutar de hacerlas sonar aquel que lo quiera, ya que los campaneros no tendr\u00e1n actividad ese d\u00eda<\/p>\n<p style=\"text-align: justify;\">Joaqu\u00edn L\u00f3pez y Gilberto, por su parte animaban a la poblaci\u00f3n en general y a los j\u00f3venes para disfrutar de esta jornada, a la misma vez que agradec\u00edan la colaboraci\u00f3n en el acto al Ayuntamiento de Caudete, Carnicer\u00eda Mil\u00e1n, Almazara Agull\u00f3, Cooperativa del Campo San Isidro y Visual 3D.<\/p>\n<p style=\"text-align: justify;\">Por su parte, el Concejal se sumaba a la invitaci\u00f3n a los caudetanos, y felicitaba a los campaneros por su incansable labor y el mantenimiento de una tradici\u00f3n tan antigua como es el toque manual de campanas.<\/p>\n<p>&nbsp;<\/p>\n","protected":false},"excerpt":{"rendered":"<p>La Sala de Prensa del Ayuntamiento acog\u00eda esta ma\u00f1ana la presentaci\u00f3n de las Jornadas de Puertas Abiertas que la Asociaci\u00f3n de Campaneros de Santa Catalina realiza un a\u00f1o m\u00e1s en la singular Torre-Campanario de Santa Catalina. Diego Cuenca, Concejal de Patrimonio Hist\u00f3rico y en representaci\u00f3n municipal acompa\u00f1aba a Javier Ponce (Presidente de la asociaci\u00f3n), Joaqu\u00edn &hellip;<\/p>\n","protected":false},"author":3,"featured_media":19845,"comment_status":"closed","ping_status":"open","sticky":false,"template":"","format":"standard","meta":{"ngg_post_thumbnail":0,"footnotes":""},"categories":[45],"tags":[],"class_list":["post-19844","post","type-post","status-publish","format-standard","has-post-thumbnail","hentry","category-patrimonio"],"yoast_head":"<!-- This site is optimized with the Yoast SEO plugin v27.5 - https:\/\/yoast.com\/product\/yoast-seo-wordpress\/ -->\n<title>Presentada la JORNADA DE PUERTAS ABIERTAS en el CAMPANARIO el pr\u00f3ximo s\u00e1bado 27 de Agosto - MI Ayuntamiento de Caudete<\/title>\n<meta name=\"description\" content=\"P\u00e1gina Oficial del Ayuntamiento de Caudete (Albacete)\" \/>\n<meta name=\"robots\" content=\"index, follow, max-snippet:-1, max-image-preview:large, max-video-preview:-1\" \/>\n<link rel=\"canonical\" href=\"https:\/\/www.caudete.org\/ayuntamiento\/presentada-la-jornada-de-puertas-abiertas-en-el-campanario-el-proximo-sabado-27-de-agosto\/\" \/>\n<meta property=\"og:locale\" content=\"es_ES\" \/>\n<meta property=\"og:type\" content=\"article\" \/>\n<meta property=\"og:title\" content=\"Presentada la JORNADA DE PUERTAS ABIERTAS en el CAMPANARIO el pr\u00f3ximo s\u00e1bado 27 de Agosto - MI Ayuntamiento de Caudete\" \/>\n<meta property=\"og:description\" content=\"P\u00e1gina Oficial del Ayuntamiento de Caudete (Albacete)\" \/>\n<meta property=\"og:url\" content=\"https:\/\/www.caudete.org\/ayuntamiento\/presentada-la-jornada-de-puertas-abiertas-en-el-campanario-el-proximo-sabado-27-de-agosto\/\" \/>\n<meta property=\"og:site_name\" content=\"MI Ayuntamiento de Caudete\" \/>\n<meta property=\"article:publisher\" content=\"https:\/\/www.facebook.com\/ayuntamientocaudete\/\" \/>\n<meta property=\"article:published_time\" content=\"2022-08-12T18:41:02+00:00\" \/>\n<meta property=\"og:image\" content=\"https:\/\/www.caudete.org\/ayuntamiento\/wp-content\/uploads\/2022\/08\/WhatsApp-Image-2022-08-12-at-14.20.21.jpeg\" \/>\n\t<meta property=\"og:image:width\" content=\"2048\" \/>\n\t<meta property=\"og:image:height\" content=\"1536\" \/>\n\t<meta property=\"og:image:type\" content=\"image\/jpeg\" \/>\n<meta name=\"author\" content=\"alcalde\" \/>\n<meta name=\"twitter:card\" content=\"summary_large_image\" \/>\n<meta name=\"twitter:label1\" content=\"Escrito por\" \/>\n\t<meta name=\"twitter:data1\" content=\"alcalde\" \/>\n\t<meta name=\"twitter:label2\" content=\"Tiempo de lectura\" \/>\n\t<meta name=\"twitter:data2\" content=\"1 minuto\" \/>\n<script type=\"application\/ld+json\" class=\"yoast-schema-graph\">{\"@context\":\"https:\\\/\\\/schema.org\",\"@graph\":[{\"@type\":\"Article\",\"@id\":\"https:\\\/\\\/www.caudete.org\\\/ayuntamiento\\\/presentada-la-jornada-de-puertas-abiertas-en-el-campanario-el-proximo-sabado-27-de-agosto\\\/#article\",\"isPartOf\":{\"@id\":\"https:\\\/\\\/www.caudete.org\\\/ayuntamiento\\\/presentada-la-jornada-de-puertas-abiertas-en-el-campanario-el-proximo-sabado-27-de-agosto\\\/\"},\"author\":{\"name\":\"alcalde\",\"@id\":\"https:\\\/\\\/www.caudete.org\\\/ayuntamiento\\\/#\\\/schema\\\/person\\\/cc646da9133078ee4d8dd47457947253\"},\"headline\":\"Presentada la JORNADA DE PUERTAS ABIERTAS en el CAMPANARIO el pr\u00f3ximo s\u00e1bado 27 de Agosto\",\"datePublished\":\"2022-08-12T18:41:02+00:00\",\"mainEntityOfPage\":{\"@id\":\"https:\\\/\\\/www.caudete.org\\\/ayuntamiento\\\/presentada-la-jornada-de-puertas-abiertas-en-el-campanario-el-proximo-sabado-27-de-agosto\\\/\"},\"wordCount\":255,\"image\":{\"@id\":\"https:\\\/\\\/www.caudete.org\\\/ayuntamiento\\\/presentada-la-jornada-de-puertas-abiertas-en-el-campanario-el-proximo-sabado-27-de-agosto\\\/#primaryimage\"},\"thumbnailUrl\":\"https:\\\/\\\/www.caudete.org\\\/ayuntamiento\\\/wp-content\\\/uploads\\\/2022\\\/08\\\/WhatsApp-Image-2022-08-12-at-14.20.21.jpeg\",\"articleSection\":[\"Patrimonio\"],\"inLanguage\":\"es\"},{\"@type\":\"WebPage\",\"@id\":\"https:\\\/\\\/www.caudete.org\\\/ayuntamiento\\\/presentada-la-jornada-de-puertas-abiertas-en-el-campanario-el-proximo-sabado-27-de-agosto\\\/\",\"url\":\"https:\\\/\\\/www.caudete.org\\\/ayuntamiento\\\/presentada-la-jornada-de-puertas-abiertas-en-el-campanario-el-proximo-sabado-27-de-agosto\\\/\",\"name\":\"Presentada la JORNADA DE PUERTAS ABIERTAS en el CAMPANARIO el pr\u00f3ximo s\u00e1bado 27 de Agosto - MI Ayuntamiento de Caudete\",\"isPartOf\":{\"@id\":\"https:\\\/\\\/www.caudete.org\\\/ayuntamiento\\\/#website\"},\"primaryImageOfPage\":{\"@id\":\"https:\\\/\\\/www.caudete.org\\\/ayuntamiento\\\/presentada-la-jornada-de-puertas-abiertas-en-el-campanario-el-proximo-sabado-27-de-agosto\\\/#primaryimage\"},\"image\":{\"@id\":\"https:\\\/\\\/www.caudete.org\\\/ayuntamiento\\\/presentada-la-jornada-de-puertas-abiertas-en-el-campanario-el-proximo-sabado-27-de-agosto\\\/#primaryimage\"},\"thumbnailUrl\":\"https:\\\/\\\/www.caudete.org\\\/ayuntamiento\\\/wp-content\\\/uploads\\\/2022\\\/08\\\/WhatsApp-Image-2022-08-12-at-14.20.21.jpeg\",\"datePublished\":\"2022-08-12T18:41:02+00:00\",\"author\":{\"@id\":\"https:\\\/\\\/www.caudete.org\\\/ayuntamiento\\\/#\\\/schema\\\/person\\\/cc646da9133078ee4d8dd47457947253\"},\"description\":\"P\u00e1gina Oficial del Ayuntamiento de Caudete (Albacete)\",\"breadcrumb\":{\"@id\":\"https:\\\/\\\/www.caudete.org\\\/ayuntamiento\\\/presentada-la-jornada-de-puertas-abiertas-en-el-campanario-el-proximo-sabado-27-de-agosto\\\/#breadcrumb\"},\"inLanguage\":\"es\",\"potentialAction\":[{\"@type\":\"ReadAction\",\"target\":[\"https:\\\/\\\/www.caudete.org\\\/ayuntamiento\\\/presentada-la-jornada-de-puertas-abiertas-en-el-campanario-el-proximo-sabado-27-de-agosto\\\/\"]}]},{\"@type\":\"ImageObject\",\"inLanguage\":\"es\",\"@id\":\"https:\\\/\\\/www.caudete.org\\\/ayuntamiento\\\/presentada-la-jornada-de-puertas-abiertas-en-el-campanario-el-proximo-sabado-27-de-agosto\\\/#primaryimage\",\"url\":\"https:\\\/\\\/www.caudete.org\\\/ayuntamiento\\\/wp-content\\\/uploads\\\/2022\\\/08\\\/WhatsApp-Image-2022-08-12-at-14.20.21.jpeg\",\"contentUrl\":\"https:\\\/\\\/www.caudete.org\\\/ayuntamiento\\\/wp-content\\\/uploads\\\/2022\\\/08\\\/WhatsApp-Image-2022-08-12-at-14.20.21.jpeg\",\"width\":2048,\"height\":1536},{\"@type\":\"BreadcrumbList\",\"@id\":\"https:\\\/\\\/www.caudete.org\\\/ayuntamiento\\\/presentada-la-jornada-de-puertas-abiertas-en-el-campanario-el-proximo-sabado-27-de-agosto\\\/#breadcrumb\",\"itemListElement\":[{\"@type\":\"ListItem\",\"position\":1,\"name\":\"Inicio\",\"item\":\"https:\\\/\\\/www.caudete.org\\\/ayuntamiento\\\/\"},{\"@type\":\"ListItem\",\"position\":2,\"name\":\"Presentada la JORNADA DE PUERTAS ABIERTAS en el CAMPANARIO el pr\u00f3ximo s\u00e1bado 27 de Agosto\"}]},{\"@type\":\"WebSite\",\"@id\":\"https:\\\/\\\/www.caudete.org\\\/ayuntamiento\\\/#website\",\"url\":\"https:\\\/\\\/www.caudete.org\\\/ayuntamiento\\\/\",\"name\":\"MI Ayuntamiento de Caudete\",\"description\":\"P\u00e1gina Oficial del MI Ayuntamiento de Caudete\",\"potentialAction\":[{\"@type\":\"SearchAction\",\"target\":{\"@type\":\"EntryPoint\",\"urlTemplate\":\"https:\\\/\\\/www.caudete.org\\\/ayuntamiento\\\/?s={search_term_string}\"},\"query-input\":{\"@type\":\"PropertyValueSpecification\",\"valueRequired\":true,\"valueName\":\"search_term_string\"}}],\"inLanguage\":\"es\"},{\"@type\":\"Person\",\"@id\":\"https:\\\/\\\/www.caudete.org\\\/ayuntamiento\\\/#\\\/schema\\\/person\\\/cc646da9133078ee4d8dd47457947253\",\"name\":\"alcalde\",\"image\":{\"@type\":\"ImageObject\",\"inLanguage\":\"es\",\"@id\":\"https:\\\/\\\/secure.gravatar.com\\\/avatar\\\/84a817ba065b29ff08d666b215a215f5c79186a645ccb25b14a663d48a130f77?s=96&d=mm&r=g\",\"url\":\"https:\\\/\\\/secure.gravatar.com\\\/avatar\\\/84a817ba065b29ff08d666b215a215f5c79186a645ccb25b14a663d48a130f77?s=96&d=mm&r=g\",\"contentUrl\":\"https:\\\/\\\/secure.gravatar.com\\\/avatar\\\/84a817ba065b29ff08d666b215a215f5c79186a645ccb25b14a663d48a130f77?s=96&d=mm&r=g\",\"caption\":\"alcalde\"},\"url\":\"https:\\\/\\\/www.caudete.org\\\/ayuntamiento\\\/author\\\/alcalde\\\/\"}]}<\/script>\n<!-- \/ Yoast SEO plugin. -->","yoast_head_json":{"title":"Presentada la JORNADA DE PUERTAS ABIERTAS en el CAMPANARIO el pr\u00f3ximo s\u00e1bado 27 de Agosto - MI Ayuntamiento de Caudete","description":"P\u00e1gina Oficial del Ayuntamiento de Caudete (Albacete)","robots":{"index":"index","follow":"follow","max-snippet":"max-snippet:-1","max-image-preview":"max-image-preview:large","max-video-preview":"max-video-preview:-1"},"canonical":"https:\/\/www.caudete.org\/ayuntamiento\/presentada-la-jornada-de-puertas-abiertas-en-el-campanario-el-proximo-sabado-27-de-agosto\/","og_locale":"es_ES","og_type":"article","og_title":"Presentada la JORNADA DE PUERTAS ABIERTAS en el CAMPANARIO el pr\u00f3ximo s\u00e1bado 27 de Agosto - MI Ayuntamiento de Caudete","og_description":"P\u00e1gina Oficial del Ayuntamiento de Caudete (Albacete)","og_url":"https:\/\/www.caudete.org\/ayuntamiento\/presentada-la-jornada-de-puertas-abiertas-en-el-campanario-el-proximo-sabado-27-de-agosto\/","og_site_name":"MI Ayuntamiento de Caudete","article_publisher":"https:\/\/www.facebook.com\/ayuntamientocaudete\/","article_published_time":"2022-08-12T18:41:02+00:00","og_image":[{"width":2048,"height":1536,"url":"https:\/\/www.caudete.org\/ayuntamiento\/wp-content\/uploads\/2022\/08\/WhatsApp-Image-2022-08-12-at-14.20.21.jpeg","type":"image\/jpeg"}],"author":"alcalde","twitter_card":"summary_large_image","twitter_misc":{"Escrito por":"alcalde","Tiempo de lectura":"1 minuto"},"schema":{"@context":"https:\/\/schema.org","@graph":[{"@type":"Article","@id":"https:\/\/www.caudete.org\/ayuntamiento\/presentada-la-jornada-de-puertas-abiertas-en-el-campanario-el-proximo-sabado-27-de-agosto\/#article","isPartOf":{"@id":"https:\/\/www.caudete.org\/ayuntamiento\/presentada-la-jornada-de-puertas-abiertas-en-el-campanario-el-proximo-sabado-27-de-agosto\/"},"author":{"name":"alcalde","@id":"https:\/\/www.caudete.org\/ayuntamiento\/#\/schema\/person\/cc646da9133078ee4d8dd47457947253"},"headline":"Presentada la JORNADA DE PUERTAS ABIERTAS en el CAMPANARIO el pr\u00f3ximo s\u00e1bado 27 de Agosto","datePublished":"2022-08-12T18:41:02+00:00","mainEntityOfPage":{"@id":"https:\/\/www.caudete.org\/ayuntamiento\/presentada-la-jornada-de-puertas-abiertas-en-el-campanario-el-proximo-sabado-27-de-agosto\/"},"wordCount":255,"image":{"@id":"https:\/\/www.caudete.org\/ayuntamiento\/presentada-la-jornada-de-puertas-abiertas-en-el-campanario-el-proximo-sabado-27-de-agosto\/#primaryimage"},"thumbnailUrl":"https:\/\/www.caudete.org\/ayuntamiento\/wp-content\/uploads\/2022\/08\/WhatsApp-Image-2022-08-12-at-14.20.21.jpeg","articleSection":["Patrimonio"],"inLanguage":"es"},{"@type":"WebPage","@id":"https:\/\/www.caudete.org\/ayuntamiento\/presentada-la-jornada-de-puertas-abiertas-en-el-campanario-el-proximo-sabado-27-de-agosto\/","url":"https:\/\/www.caudete.org\/ayuntamiento\/presentada-la-jornada-de-puertas-abiertas-en-el-campanario-el-proximo-sabado-27-de-agosto\/","name":"Presentada la JORNADA DE PUERTAS ABIERTAS en el CAMPANARIO el pr\u00f3ximo s\u00e1bado 27 de Agosto - MI Ayuntamiento de Caudete","isPartOf":{"@id":"https:\/\/www.caudete.org\/ayuntamiento\/#website"},"primaryImageOfPage":{"@id":"https:\/\/www.caudete.org\/ayuntamiento\/presentada-la-jornada-de-puertas-abiertas-en-el-campanario-el-proximo-sabado-27-de-agosto\/#primaryimage"},"image":{"@id":"https:\/\/www.caudete.org\/ayuntamiento\/presentada-la-jornada-de-puertas-abiertas-en-el-campanario-el-proximo-sabado-27-de-agosto\/#primaryimage"},"thumbnailUrl":"https:\/\/www.caudete.org\/ayuntamiento\/wp-content\/uploads\/2022\/08\/WhatsApp-Image-2022-08-12-at-14.20.21.jpeg","datePublished":"2022-08-12T18:41:02+00:00","author":{"@id":"https:\/\/www.caudete.org\/ayuntamiento\/#\/schema\/person\/cc646da9133078ee4d8dd47457947253"},"description":"P\u00e1gina Oficial del Ayuntamiento de Caudete (Albacete)","breadcrumb":{"@id":"https:\/\/www.caudete.org\/ayuntamiento\/presentada-la-jornada-de-puertas-abiertas-en-el-campanario-el-proximo-sabado-27-de-agosto\/#breadcrumb"},"inLanguage":"es","potentialAction":[{"@type":"ReadAction","target":["https:\/\/www.caudete.org\/ayuntamiento\/presentada-la-jornada-de-puertas-abiertas-en-el-campanario-el-proximo-sabado-27-de-agosto\/"]}]},{"@type":"ImageObject","inLanguage":"es","@id":"https:\/\/www.caudete.org\/ayuntamiento\/presentada-la-jornada-de-puertas-abiertas-en-el-campanario-el-proximo-sabado-27-de-agosto\/#primaryimage","url":"https:\/\/www.caudete.org\/ayuntamiento\/wp-content\/uploads\/2022\/08\/WhatsApp-Image-2022-08-12-at-14.20.21.jpeg","contentUrl":"https:\/\/www.caudete.org\/ayuntamiento\/wp-content\/uploads\/2022\/08\/WhatsApp-Image-2022-08-12-at-14.20.21.jpeg","width":2048,"height":1536},{"@type":"BreadcrumbList","@id":"https:\/\/www.caudete.org\/ayuntamiento\/presentada-la-jornada-de-puertas-abiertas-en-el-campanario-el-proximo-sabado-27-de-agosto\/#breadcrumb","itemListElement":[{"@type":"ListItem","position":1,"name":"Inicio","item":"https:\/\/www.caudete.org\/ayuntamiento\/"},{"@type":"ListItem","position":2,"name":"Presentada la JORNADA DE PUERTAS ABIERTAS en el CAMPANARIO el pr\u00f3ximo s\u00e1bado 27 de Agosto"}]},{"@type":"WebSite","@id":"https:\/\/www.caudete.org\/ayuntamiento\/#website","url":"https:\/\/www.caudete.org\/ayuntamiento\/","name":"MI Ayuntamiento de Caudete","description":"P\u00e1gina Oficial del MI Ayuntamiento de Caudete","potentialAction":[{"@type":"SearchAction","target":{"@type":"EntryPoint","urlTemplate":"https:\/\/www.caudete.org\/ayuntamiento\/?s={search_term_string}"},"query-input":{"@type":"PropertyValueSpecification","valueRequired":true,"valueName":"search_term_string"}}],"inLanguage":"es"},{"@type":"Person","@id":"https:\/\/www.caudete.org\/ayuntamiento\/#\/schema\/person\/cc646da9133078ee4d8dd47457947253","name":"alcalde","image":{"@type":"ImageObject","inLanguage":"es","@id":"https:\/\/secure.gravatar.com\/avatar\/84a817ba065b29ff08d666b215a215f5c79186a645ccb25b14a663d48a130f77?s=96&d=mm&r=g","url":"https:\/\/secure.gravatar.com\/avatar\/84a817ba065b29ff08d666b215a215f5c79186a645ccb25b14a663d48a130f77?s=96&d=mm&r=g","contentUrl":"https:\/\/secure.gravatar.com\/avatar\/84a817ba065b29ff08d666b215a215f5c79186a645ccb25b14a663d48a130f77?s=96&d=mm&r=g","caption":"alcalde"},"url":"https:\/\/www.caudete.org\/ayuntamiento\/author\/alcalde\/"}]}},"_links":{"self":[{"href":"https:\/\/www.caudete.org\/ayuntamiento\/wp-json\/wp\/v2\/posts\/19844","targetHints":{"allow":["GET"]}}],"collection":[{"href":"https:\/\/www.caudete.org\/ayuntamiento\/wp-json\/wp\/v2\/posts"}],"about":[{"href":"https:\/\/www.caudete.org\/ayuntamiento\/wp-json\/wp\/v2\/types\/post"}],"author":[{"embeddable":true,"href":"https:\/\/www.caudete.org\/ayuntamiento\/wp-json\/wp\/v2\/users\/3"}],"replies":[{"embeddable":true,"href":"https:\/\/www.caudete.org\/ayuntamiento\/wp-json\/wp\/v2\/comments?post=19844"}],"version-history":[{"count":1,"href":"https:\/\/www.caudete.org\/ayuntamiento\/wp-json\/wp\/v2\/posts\/19844\/revisions"}],"predecessor-version":[{"id":19846,"href":"https:\/\/www.caudete.org\/ayuntamiento\/wp-json\/wp\/v2\/posts\/19844\/revisions\/19846"}],"wp:featuredmedia":[{"embeddable":true,"href":"https:\/\/www.caudete.org\/ayuntamiento\/wp-json\/wp\/v2\/media\/19845"}],"wp:attachment":[{"href":"https:\/\/www.caudete.org\/ayuntamiento\/wp-json\/wp\/v2\/media?parent=19844"}],"wp:term":[{"taxonomy":"category","embeddable":true,"href":"https:\/\/www.caudete.org\/ayuntamiento\/wp-json\/wp\/v2\/categories?post=19844"},{"taxonomy":"post_tag","embeddable":true,"href":"https:\/\/www.caudete.org\/ayuntamiento\/wp-json\/wp\/v2\/tags?post=19844"}],"curies":[{"name":"wp","href":"https:\/\/api.w.org\/{rel}","templated":true}]}}