{"id":19850,"date":"2022-08-16T09:57:35","date_gmt":"2022-08-16T07:57:35","guid":{"rendered":"https:\/\/www.caudete.org\/ayuntamiento\/?p=19850"},"modified":"2022-08-16T09:58:06","modified_gmt":"2022-08-16T07:58:06","slug":"10-000e-aporta-el-iea-para-la-consolidacion-de-la-torre-de-bogarra","status":"publish","type":"post","link":"https:\/\/www.caudete.org\/ayuntamiento\/10-000e-aporta-el-iea-para-la-consolidacion-de-la-torre-de-bogarra\/","title":{"rendered":"10.000\u20ac aporta el IEA para la consolidaci\u00f3n de la TORRE DE BOGARRA"},"content":{"rendered":"<p style=\"text-align: justify;\">Diego Cuenca, Concejal de Patrimonio avanzaba esta ma\u00f1ana que el <strong>Instituto de Estudios Albacetenses<\/strong> &#8220;Don Juan Manuel&#8221;, ha tenido a bien conceder una <strong>ayuda por valor de 10.000\u20ac<\/strong> con el objetivo de cofinanciar las obras de consolidaci\u00f3n y puesta en valor de la <strong>Torre de Bogarra<\/strong>, uno de los objetivos que el Edil remarcaba formaba parte del programa de legislatura.<\/p>\n<p style=\"text-align: justify;\">El proyecto de intervenci\u00f3n en este Bien de Inter\u00e9s Cultural (BIC), se empez\u00f3 a gestar en la primavera de 2020, siendo financiado por fondos del Presupuesto de 2021 y ejecutado por el Arquitecto Joaqu\u00edn F. Garc\u00eda. <strong>Cuantificadas las obras en 35.000\u20ac<\/strong> para la primera fase, consigui\u00f3 el visto bueno de la secci\u00f3n de Patrimonio de la JCCM el pasado 25 de Julio.<\/p>\n<p style=\"text-align: justify;\">Mientras el Consistorio ha dotado de fondos una partida para acometer estas obras, la Junta de Gobierno en sesi\u00f3n de 24 de Junio de 2022 solicitaba al IEA ayuda econ\u00f3mica para la consecuci\u00f3n de los trabajos descritos, aceptada por el Consejo Rector el 28 de Julio, lo que supondr\u00e1 la <strong>cofinanciaci\u00f3n del 29%, mientras que el Ayuntamiento aportar\u00e1 25.000\u20ac, el 71% restante<\/strong>.<\/p>\n<p style=\"text-align: justify;\">Cuenca, expresaba que m\u00e1s all\u00e1 de la aportaci\u00f3n econ\u00f3mica, que es decisiva para acometer las obras &#8220;<em>la implicaci\u00f3n del IEA en este proyecto supone un grado de importancia considerable a la Torre de Bogarra por la entidad provincial, as\u00ed como un aval a la gesti\u00f3n realizada en materia de Patrimonio por el Ayuntamiento, y un bal\u00f3n de ox\u00edgeno para la Concejal\u00eda encargada<\/em>&#8220;.<\/p>\n<p style=\"text-align: justify;\">Expresaba que ser\u00e1 tras la vuelta de las fiestas patronales cuando se materialice la contrataci\u00f3n de las obras con empresa especializada, por lo que los trabajos se desarrollar\u00e1n en el \u00faltimo trimestre del a\u00f1o.<\/p>\n","protected":false},"excerpt":{"rendered":"<p>Diego Cuenca, Concejal de Patrimonio avanzaba esta ma\u00f1ana que el Instituto de Estudios Albacetenses &#8220;Don Juan Manuel&#8221;, ha tenido a bien conceder una ayuda por valor de 10.000\u20ac con el objetivo de cofinanciar las obras de consolidaci\u00f3n y puesta en valor de la Torre de Bogarra, uno de los objetivos que el Edil remarcaba formaba &hellip;<\/p>\n","protected":false},"author":3,"featured_media":19851,"comment_status":"closed","ping_status":"open","sticky":false,"template":"","format":"standard","meta":{"ngg_post_thumbnail":0,"footnotes":""},"categories":[45],"tags":[],"class_list":["post-19850","post","type-post","status-publish","format-standard","has-post-thumbnail","hentry","category-patrimonio"],"yoast_head":"<!-- This site is optimized with the Yoast SEO plugin v27.5 - https:\/\/yoast.com\/product\/yoast-seo-wordpress\/ -->\n<title>10.000\u20ac aporta el IEA para la consolidaci\u00f3n de la TORRE DE BOGARRA - MI Ayuntamiento de Caudete<\/title>\n<meta name=\"description\" content=\"P\u00e1gina Oficial del Ayuntamiento de Caudete (Albacete)\" \/>\n<meta name=\"robots\" content=\"index, follow, max-snippet:-1, max-image-preview:large, max-video-preview:-1\" \/>\n<link rel=\"canonical\" href=\"https:\/\/www.caudete.org\/ayuntamiento\/10-000e-aporta-el-iea-para-la-consolidacion-de-la-torre-de-bogarra\/\" \/>\n<meta property=\"og:locale\" content=\"es_ES\" \/>\n<meta property=\"og:type\" content=\"article\" \/>\n<meta property=\"og:title\" content=\"10.000\u20ac aporta el IEA para la consolidaci\u00f3n de la TORRE DE BOGARRA - MI Ayuntamiento de Caudete\" \/>\n<meta property=\"og:description\" content=\"P\u00e1gina Oficial del Ayuntamiento de Caudete (Albacete)\" \/>\n<meta property=\"og:url\" content=\"https:\/\/www.caudete.org\/ayuntamiento\/10-000e-aporta-el-iea-para-la-consolidacion-de-la-torre-de-bogarra\/\" \/>\n<meta property=\"og:site_name\" content=\"MI Ayuntamiento de Caudete\" \/>\n<meta property=\"article:publisher\" content=\"https:\/\/www.facebook.com\/ayuntamientocaudete\/\" \/>\n<meta property=\"article:published_time\" content=\"2022-08-16T07:57:35+00:00\" \/>\n<meta property=\"article:modified_time\" content=\"2022-08-16T07:58:06+00:00\" \/>\n<meta property=\"og:image\" content=\"https:\/\/www.caudete.org\/ayuntamiento\/wp-content\/uploads\/2022\/08\/Captura-de-pantalla-2022-08-10-212052.jpg\" \/>\n\t<meta property=\"og:image:width\" content=\"1475\" \/>\n\t<meta property=\"og:image:height\" content=\"777\" \/>\n\t<meta property=\"og:image:type\" content=\"image\/jpeg\" \/>\n<meta name=\"author\" content=\"alcalde\" \/>\n<meta name=\"twitter:card\" content=\"summary_large_image\" \/>\n<meta name=\"twitter:label1\" content=\"Escrito por\" \/>\n\t<meta name=\"twitter:data1\" content=\"alcalde\" \/>\n\t<meta name=\"twitter:label2\" content=\"Tiempo de lectura\" \/>\n\t<meta name=\"twitter:data2\" content=\"2 minutos\" \/>\n<script type=\"application\/ld+json\" class=\"yoast-schema-graph\">{\"@context\":\"https:\\\/\\\/schema.org\",\"@graph\":[{\"@type\":\"Article\",\"@id\":\"https:\\\/\\\/www.caudete.org\\\/ayuntamiento\\\/10-000e-aporta-el-iea-para-la-consolidacion-de-la-torre-de-bogarra\\\/#article\",\"isPartOf\":{\"@id\":\"https:\\\/\\\/www.caudete.org\\\/ayuntamiento\\\/10-000e-aporta-el-iea-para-la-consolidacion-de-la-torre-de-bogarra\\\/\"},\"author\":{\"name\":\"alcalde\",\"@id\":\"https:\\\/\\\/www.caudete.org\\\/ayuntamiento\\\/#\\\/schema\\\/person\\\/cc646da9133078ee4d8dd47457947253\"},\"headline\":\"10.000\u20ac aporta el IEA para la consolidaci\u00f3n de la TORRE DE BOGARRA\",\"datePublished\":\"2022-08-16T07:57:35+00:00\",\"dateModified\":\"2022-08-16T07:58:06+00:00\",\"mainEntityOfPage\":{\"@id\":\"https:\\\/\\\/www.caudete.org\\\/ayuntamiento\\\/10-000e-aporta-el-iea-para-la-consolidacion-de-la-torre-de-bogarra\\\/\"},\"wordCount\":303,\"image\":{\"@id\":\"https:\\\/\\\/www.caudete.org\\\/ayuntamiento\\\/10-000e-aporta-el-iea-para-la-consolidacion-de-la-torre-de-bogarra\\\/#primaryimage\"},\"thumbnailUrl\":\"https:\\\/\\\/www.caudete.org\\\/ayuntamiento\\\/wp-content\\\/uploads\\\/2022\\\/08\\\/Captura-de-pantalla-2022-08-10-212052.jpg\",\"articleSection\":[\"Patrimonio\"],\"inLanguage\":\"es\"},{\"@type\":\"WebPage\",\"@id\":\"https:\\\/\\\/www.caudete.org\\\/ayuntamiento\\\/10-000e-aporta-el-iea-para-la-consolidacion-de-la-torre-de-bogarra\\\/\",\"url\":\"https:\\\/\\\/www.caudete.org\\\/ayuntamiento\\\/10-000e-aporta-el-iea-para-la-consolidacion-de-la-torre-de-bogarra\\\/\",\"name\":\"10.000\u20ac aporta el IEA para la consolidaci\u00f3n de la TORRE DE BOGARRA - MI Ayuntamiento de Caudete\",\"isPartOf\":{\"@id\":\"https:\\\/\\\/www.caudete.org\\\/ayuntamiento\\\/#website\"},\"primaryImageOfPage\":{\"@id\":\"https:\\\/\\\/www.caudete.org\\\/ayuntamiento\\\/10-000e-aporta-el-iea-para-la-consolidacion-de-la-torre-de-bogarra\\\/#primaryimage\"},\"image\":{\"@id\":\"https:\\\/\\\/www.caudete.org\\\/ayuntamiento\\\/10-000e-aporta-el-iea-para-la-consolidacion-de-la-torre-de-bogarra\\\/#primaryimage\"},\"thumbnailUrl\":\"https:\\\/\\\/www.caudete.org\\\/ayuntamiento\\\/wp-content\\\/uploads\\\/2022\\\/08\\\/Captura-de-pantalla-2022-08-10-212052.jpg\",\"datePublished\":\"2022-08-16T07:57:35+00:00\",\"dateModified\":\"2022-08-16T07:58:06+00:00\",\"author\":{\"@id\":\"https:\\\/\\\/www.caudete.org\\\/ayuntamiento\\\/#\\\/schema\\\/person\\\/cc646da9133078ee4d8dd47457947253\"},\"description\":\"P\u00e1gina Oficial del Ayuntamiento de Caudete (Albacete)\",\"breadcrumb\":{\"@id\":\"https:\\\/\\\/www.caudete.org\\\/ayuntamiento\\\/10-000e-aporta-el-iea-para-la-consolidacion-de-la-torre-de-bogarra\\\/#breadcrumb\"},\"inLanguage\":\"es\",\"potentialAction\":[{\"@type\":\"ReadAction\",\"target\":[\"https:\\\/\\\/www.caudete.org\\\/ayuntamiento\\\/10-000e-aporta-el-iea-para-la-consolidacion-de-la-torre-de-bogarra\\\/\"]}]},{\"@type\":\"ImageObject\",\"inLanguage\":\"es\",\"@id\":\"https:\\\/\\\/www.caudete.org\\\/ayuntamiento\\\/10-000e-aporta-el-iea-para-la-consolidacion-de-la-torre-de-bogarra\\\/#primaryimage\",\"url\":\"https:\\\/\\\/www.caudete.org\\\/ayuntamiento\\\/wp-content\\\/uploads\\\/2022\\\/08\\\/Captura-de-pantalla-2022-08-10-212052.jpg\",\"contentUrl\":\"https:\\\/\\\/www.caudete.org\\\/ayuntamiento\\\/wp-content\\\/uploads\\\/2022\\\/08\\\/Captura-de-pantalla-2022-08-10-212052.jpg\",\"width\":1475,\"height\":777},{\"@type\":\"BreadcrumbList\",\"@id\":\"https:\\\/\\\/www.caudete.org\\\/ayuntamiento\\\/10-000e-aporta-el-iea-para-la-consolidacion-de-la-torre-de-bogarra\\\/#breadcrumb\",\"itemListElement\":[{\"@type\":\"ListItem\",\"position\":1,\"name\":\"Inicio\",\"item\":\"https:\\\/\\\/www.caudete.org\\\/ayuntamiento\\\/\"},{\"@type\":\"ListItem\",\"position\":2,\"name\":\"10.000\u20ac aporta el IEA para la consolidaci\u00f3n de la TORRE DE BOGARRA\"}]},{\"@type\":\"WebSite\",\"@id\":\"https:\\\/\\\/www.caudete.org\\\/ayuntamiento\\\/#website\",\"url\":\"https:\\\/\\\/www.caudete.org\\\/ayuntamiento\\\/\",\"name\":\"MI Ayuntamiento de Caudete\",\"description\":\"P\u00e1gina Oficial del MI Ayuntamiento de Caudete\",\"potentialAction\":[{\"@type\":\"SearchAction\",\"target\":{\"@type\":\"EntryPoint\",\"urlTemplate\":\"https:\\\/\\\/www.caudete.org\\\/ayuntamiento\\\/?s={search_term_string}\"},\"query-input\":{\"@type\":\"PropertyValueSpecification\",\"valueRequired\":true,\"valueName\":\"search_term_string\"}}],\"inLanguage\":\"es\"},{\"@type\":\"Person\",\"@id\":\"https:\\\/\\\/www.caudete.org\\\/ayuntamiento\\\/#\\\/schema\\\/person\\\/cc646da9133078ee4d8dd47457947253\",\"name\":\"alcalde\",\"image\":{\"@type\":\"ImageObject\",\"inLanguage\":\"es\",\"@id\":\"https:\\\/\\\/secure.gravatar.com\\\/avatar\\\/84a817ba065b29ff08d666b215a215f5c79186a645ccb25b14a663d48a130f77?s=96&d=mm&r=g\",\"url\":\"https:\\\/\\\/secure.gravatar.com\\\/avatar\\\/84a817ba065b29ff08d666b215a215f5c79186a645ccb25b14a663d48a130f77?s=96&d=mm&r=g\",\"contentUrl\":\"https:\\\/\\\/secure.gravatar.com\\\/avatar\\\/84a817ba065b29ff08d666b215a215f5c79186a645ccb25b14a663d48a130f77?s=96&d=mm&r=g\",\"caption\":\"alcalde\"},\"url\":\"https:\\\/\\\/www.caudete.org\\\/ayuntamiento\\\/author\\\/alcalde\\\/\"}]}<\/script>\n<!-- \/ Yoast SEO plugin. -->","yoast_head_json":{"title":"10.000\u20ac aporta el IEA para la consolidaci\u00f3n de la TORRE DE BOGARRA - MI Ayuntamiento de Caudete","description":"P\u00e1gina Oficial del Ayuntamiento de Caudete (Albacete)","robots":{"index":"index","follow":"follow","max-snippet":"max-snippet:-1","max-image-preview":"max-image-preview:large","max-video-preview":"max-video-preview:-1"},"canonical":"https:\/\/www.caudete.org\/ayuntamiento\/10-000e-aporta-el-iea-para-la-consolidacion-de-la-torre-de-bogarra\/","og_locale":"es_ES","og_type":"article","og_title":"10.000\u20ac aporta el IEA para la consolidaci\u00f3n de la TORRE DE BOGARRA - MI Ayuntamiento de Caudete","og_description":"P\u00e1gina Oficial del Ayuntamiento de Caudete (Albacete)","og_url":"https:\/\/www.caudete.org\/ayuntamiento\/10-000e-aporta-el-iea-para-la-consolidacion-de-la-torre-de-bogarra\/","og_site_name":"MI Ayuntamiento de Caudete","article_publisher":"https:\/\/www.facebook.com\/ayuntamientocaudete\/","article_published_time":"2022-08-16T07:57:35+00:00","article_modified_time":"2022-08-16T07:58:06+00:00","og_image":[{"width":1475,"height":777,"url":"https:\/\/www.caudete.org\/ayuntamiento\/wp-content\/uploads\/2022\/08\/Captura-de-pantalla-2022-08-10-212052.jpg","type":"image\/jpeg"}],"author":"alcalde","twitter_card":"summary_large_image","twitter_misc":{"Escrito por":"alcalde","Tiempo de lectura":"2 minutos"},"schema":{"@context":"https:\/\/schema.org","@graph":[{"@type":"Article","@id":"https:\/\/www.caudete.org\/ayuntamiento\/10-000e-aporta-el-iea-para-la-consolidacion-de-la-torre-de-bogarra\/#article","isPartOf":{"@id":"https:\/\/www.caudete.org\/ayuntamiento\/10-000e-aporta-el-iea-para-la-consolidacion-de-la-torre-de-bogarra\/"},"author":{"name":"alcalde","@id":"https:\/\/www.caudete.org\/ayuntamiento\/#\/schema\/person\/cc646da9133078ee4d8dd47457947253"},"headline":"10.000\u20ac aporta el IEA para la consolidaci\u00f3n de la TORRE DE BOGARRA","datePublished":"2022-08-16T07:57:35+00:00","dateModified":"2022-08-16T07:58:06+00:00","mainEntityOfPage":{"@id":"https:\/\/www.caudete.org\/ayuntamiento\/10-000e-aporta-el-iea-para-la-consolidacion-de-la-torre-de-bogarra\/"},"wordCount":303,"image":{"@id":"https:\/\/www.caudete.org\/ayuntamiento\/10-000e-aporta-el-iea-para-la-consolidacion-de-la-torre-de-bogarra\/#primaryimage"},"thumbnailUrl":"https:\/\/www.caudete.org\/ayuntamiento\/wp-content\/uploads\/2022\/08\/Captura-de-pantalla-2022-08-10-212052.jpg","articleSection":["Patrimonio"],"inLanguage":"es"},{"@type":"WebPage","@id":"https:\/\/www.caudete.org\/ayuntamiento\/10-000e-aporta-el-iea-para-la-consolidacion-de-la-torre-de-bogarra\/","url":"https:\/\/www.caudete.org\/ayuntamiento\/10-000e-aporta-el-iea-para-la-consolidacion-de-la-torre-de-bogarra\/","name":"10.000\u20ac aporta el IEA para la consolidaci\u00f3n de la TORRE DE BOGARRA - MI Ayuntamiento de Caudete","isPartOf":{"@id":"https:\/\/www.caudete.org\/ayuntamiento\/#website"},"primaryImageOfPage":{"@id":"https:\/\/www.caudete.org\/ayuntamiento\/10-000e-aporta-el-iea-para-la-consolidacion-de-la-torre-de-bogarra\/#primaryimage"},"image":{"@id":"https:\/\/www.caudete.org\/ayuntamiento\/10-000e-aporta-el-iea-para-la-consolidacion-de-la-torre-de-bogarra\/#primaryimage"},"thumbnailUrl":"https:\/\/www.caudete.org\/ayuntamiento\/wp-content\/uploads\/2022\/08\/Captura-de-pantalla-2022-08-10-212052.jpg","datePublished":"2022-08-16T07:57:35+00:00","dateModified":"2022-08-16T07:58:06+00:00","author":{"@id":"https:\/\/www.caudete.org\/ayuntamiento\/#\/schema\/person\/cc646da9133078ee4d8dd47457947253"},"description":"P\u00e1gina Oficial del Ayuntamiento de Caudete (Albacete)","breadcrumb":{"@id":"https:\/\/www.caudete.org\/ayuntamiento\/10-000e-aporta-el-iea-para-la-consolidacion-de-la-torre-de-bogarra\/#breadcrumb"},"inLanguage":"es","potentialAction":[{"@type":"ReadAction","target":["https:\/\/www.caudete.org\/ayuntamiento\/10-000e-aporta-el-iea-para-la-consolidacion-de-la-torre-de-bogarra\/"]}]},{"@type":"ImageObject","inLanguage":"es","@id":"https:\/\/www.caudete.org\/ayuntamiento\/10-000e-aporta-el-iea-para-la-consolidacion-de-la-torre-de-bogarra\/#primaryimage","url":"https:\/\/www.caudete.org\/ayuntamiento\/wp-content\/uploads\/2022\/08\/Captura-de-pantalla-2022-08-10-212052.jpg","contentUrl":"https:\/\/www.caudete.org\/ayuntamiento\/wp-content\/uploads\/2022\/08\/Captura-de-pantalla-2022-08-10-212052.jpg","width":1475,"height":777},{"@type":"BreadcrumbList","@id":"https:\/\/www.caudete.org\/ayuntamiento\/10-000e-aporta-el-iea-para-la-consolidacion-de-la-torre-de-bogarra\/#breadcrumb","itemListElement":[{"@type":"ListItem","position":1,"name":"Inicio","item":"https:\/\/www.caudete.org\/ayuntamiento\/"},{"@type":"ListItem","position":2,"name":"10.000\u20ac aporta el IEA para la consolidaci\u00f3n de la TORRE DE BOGARRA"}]},{"@type":"WebSite","@id":"https:\/\/www.caudete.org\/ayuntamiento\/#website","url":"https:\/\/www.caudete.org\/ayuntamiento\/","name":"MI Ayuntamiento de Caudete","description":"P\u00e1gina Oficial del MI Ayuntamiento de Caudete","potentialAction":[{"@type":"SearchAction","target":{"@type":"EntryPoint","urlTemplate":"https:\/\/www.caudete.org\/ayuntamiento\/?s={search_term_string}"},"query-input":{"@type":"PropertyValueSpecification","valueRequired":true,"valueName":"search_term_string"}}],"inLanguage":"es"},{"@type":"Person","@id":"https:\/\/www.caudete.org\/ayuntamiento\/#\/schema\/person\/cc646da9133078ee4d8dd47457947253","name":"alcalde","image":{"@type":"ImageObject","inLanguage":"es","@id":"https:\/\/secure.gravatar.com\/avatar\/84a817ba065b29ff08d666b215a215f5c79186a645ccb25b14a663d48a130f77?s=96&d=mm&r=g","url":"https:\/\/secure.gravatar.com\/avatar\/84a817ba065b29ff08d666b215a215f5c79186a645ccb25b14a663d48a130f77?s=96&d=mm&r=g","contentUrl":"https:\/\/secure.gravatar.com\/avatar\/84a817ba065b29ff08d666b215a215f5c79186a645ccb25b14a663d48a130f77?s=96&d=mm&r=g","caption":"alcalde"},"url":"https:\/\/www.caudete.org\/ayuntamiento\/author\/alcalde\/"}]}},"_links":{"self":[{"href":"https:\/\/www.caudete.org\/ayuntamiento\/wp-json\/wp\/v2\/posts\/19850","targetHints":{"allow":["GET"]}}],"collection":[{"href":"https:\/\/www.caudete.org\/ayuntamiento\/wp-json\/wp\/v2\/posts"}],"about":[{"href":"https:\/\/www.caudete.org\/ayuntamiento\/wp-json\/wp\/v2\/types\/post"}],"author":[{"embeddable":true,"href":"https:\/\/www.caudete.org\/ayuntamiento\/wp-json\/wp\/v2\/users\/3"}],"replies":[{"embeddable":true,"href":"https:\/\/www.caudete.org\/ayuntamiento\/wp-json\/wp\/v2\/comments?post=19850"}],"version-history":[{"count":2,"href":"https:\/\/www.caudete.org\/ayuntamiento\/wp-json\/wp\/v2\/posts\/19850\/revisions"}],"predecessor-version":[{"id":19853,"href":"https:\/\/www.caudete.org\/ayuntamiento\/wp-json\/wp\/v2\/posts\/19850\/revisions\/19853"}],"wp:featuredmedia":[{"embeddable":true,"href":"https:\/\/www.caudete.org\/ayuntamiento\/wp-json\/wp\/v2\/media\/19851"}],"wp:attachment":[{"href":"https:\/\/www.caudete.org\/ayuntamiento\/wp-json\/wp\/v2\/media?parent=19850"}],"wp:term":[{"taxonomy":"category","embeddable":true,"href":"https:\/\/www.caudete.org\/ayuntamiento\/wp-json\/wp\/v2\/categories?post=19850"},{"taxonomy":"post_tag","embeddable":true,"href":"https:\/\/www.caudete.org\/ayuntamiento\/wp-json\/wp\/v2\/tags?post=19850"}],"curies":[{"name":"wp","href":"https:\/\/api.w.org\/{rel}","templated":true}]}}