{"id":19867,"date":"2022-08-17T10:17:17","date_gmt":"2022-08-17T08:17:17","guid":{"rendered":"https:\/\/www.caudete.org\/ayuntamiento\/?p=19867"},"modified":"2022-08-17T10:17:17","modified_gmt":"2022-08-17T08:17:17","slug":"campana-de-sensibilizacion-y-concienciacion-sobre-la-recogida-de-residuos-y-limpieza-urbana","status":"publish","type":"post","link":"https:\/\/www.caudete.org\/ayuntamiento\/campana-de-sensibilizacion-y-concienciacion-sobre-la-recogida-de-residuos-y-limpieza-urbana\/","title":{"rendered":"Campa\u00f1a de sensibilizaci\u00f3n y concienciaci\u00f3n sobre la recogida de residuos y limpieza urbana"},"content":{"rendered":"<p style=\"text-align: justify;\"><span style=\"font-weight: 400;\">Desde el Ayuntamiento de Caudete hemos lanzado una campa\u00f1a de sensibilizaci\u00f3n y concienciaci\u00f3n para informar y promover buenos h\u00e1bitos respecto a la recogida de la basura y cuidado del espacio p\u00fablico.<\/span><\/p>\n<p style=\"text-align: justify;\"><span style=\"font-weight: 400;\">Desde la Concejal\u00eda de Servicios, Joaqu\u00edn Pag\u00e1n felicita en primer lugar a la inmensa mayor\u00eda de ciudadanos que se han implicado con la recogida selectiva de residuos urbanos. Caudete fue el primer pueblo de la provincia de Albacete en llevar a la pr\u00e1ctica la recogida selectiva de materia org\u00e1nica con la implantaci\u00f3n del contenedor marr\u00f3n, y el servicio mantiene buenos niveles tanto en cantidad como en calidad de la materia org\u00e1nica, con unos valores de impropios muy peque\u00f1os.<\/span><\/p>\n<p style=\"text-align: justify;\"><span style=\"font-weight: 400;\">Pero, adem\u00e1s, la implantaci\u00f3n del contenedor marr\u00f3n ha supuesto un considerable incremento en el reciclado selectivo en general tanto en envases como en papel. En otras palabras, todos estamos reciclando y separando los residuos m\u00e1s y mejor.<\/span><\/p>\n<p style=\"text-align: justify;\"><span style=\"font-weight: 400;\">Queda mucho por hacer y por mejorar. Seguimos viendo bolsas fuera de contenedores, cajas de cart\u00f3n fuera de contenedores, uso del servicio fuera del horario establecido. Enseres que se dejan en medio de aceras y calles, creando molestias y generando una mala imagen de nuestra poblaci\u00f3n.<\/span><\/p>\n<p style=\"text-align: justify;\"><span style=\"font-weight: 400;\">Uno de los pilares de esta campa\u00f1a de sensibilizaci\u00f3n se basa en la disposici\u00f3n de una carteler\u00eda de vinilos adhesivos sobre los contenedores RESTO, contenedores verdes, donde echamos todo lo que no es org\u00e1nico, ni papel, ni vidrio, ni envases, es decir el resto.<\/span><\/p>\n<p style=\"text-align: justify;\"><span style=\"font-weight: 400;\">Disponemos alrededor de 150 de estos contenedores, y son por tanto los m\u00e1s numerosos y diseminados a lo largo de la poblaci\u00f3n.<\/span><\/p>\n<p style=\"text-align: justify;\"><span style=\"font-weight: 400;\">En este &#8220;vinilo informativo&#8221; trasladamos mensajes para que toda la poblaci\u00f3n ayude con su cumplimiento en aras de un pueblo m\u00e1s limpio, y evitar molestias innecesarias a vecinos que tienen cerca de su vivienda los contenedores, y pensando en la recogida de la basura, facilitar esta actividad a los operarios de la empresa adjudicataria del servicio.<\/span><\/p>\n<p>&nbsp;<\/p>\n<p style=\"text-align: justify;\"><span style=\"font-weight: 400;\">Se destaca:<\/span><\/p>\n<ol>\n<li style=\"text-align: justify;\"><b><\/b><span style=\"font-weight: 400;\"> \u00a0 <\/span><b>NO DEJAR BOLSAS FUERA DE LOS CONTENEDORES.<\/b><\/li>\n<\/ol>\n<p style=\"text-align: justify;\"><span style=\"font-weight: 400;\">Por desgracia hay muchas personas que, de forma inc\u00edvica, dejan las bolsas en la calzada y no se dignan a echar las bolsas al interior del contenedor. Esto ensucia la calle, y dificulta la recogida. Tambi\u00e9n es de agradecer que las bolsas est\u00e9n cerradas, con esta peque\u00f1a acci\u00f3n minimizamos los olores molestos.<\/span><\/p>\n<ol style=\"text-align: justify;\" start=\"2\">\n<li><b><\/b><span style=\"font-weight: 400;\"> \u00a0 <\/span><b>CUMPLIR CON EL HORARIO DE RECOGIDA DE LA BASURA<\/b><\/li>\n<\/ol>\n<p style=\"text-align: justify;\"><span style=\"font-weight: 400;\">El horario para depositar la basura est\u00e1 fijado de 19h a 22:00 h, con este margen de tiempo garantizamos que los contenedores queden vac\u00edos de basura todos los d\u00edas y no molestamos a los vecinos con ruidos en horas de descanso, y sobre todo el problema de los olores se reduce considerablemente.<\/span><\/p>\n<ol style=\"text-align: justify;\" start=\"3\">\n<li><b><\/b><span style=\"font-weight: 400;\"> \u00a0 <\/span><b>NO DEJAR ENSERES EN LA CALLE<\/b><\/li>\n<\/ol>\n<p style=\"text-align: justify;\"><span style=\"font-weight: 400;\">Utilicen el servicio de recogida domiciliaria, o lleven los enseres al ECOPARQUE<\/span><\/p>\n<p>&nbsp;<\/p>\n<p style=\"text-align: justify;\"><span style=\"font-weight: 400;\">No es habitual sancionar por este tipo de faltas o negligencias, pero no est\u00e1 de m\u00e1s recordar que existe la ordenanza de Higiene urbana, donde est\u00e1 tipificado la sanci\u00f3n por este tipo de comportamientos poco c\u00edvicos.<\/span><\/p>\n<p style=\"text-align: justify;\"><span style=\"font-weight: 400;\">Para completar la informaci\u00f3n hemos a\u00f1adido al vinilo el tel\u00e9fono de recogida de enseres a domicilio, y el horario del ECOPARQUE municipal. Recordamos que es gratuito.<\/span><\/p>\n<p style=\"text-align: justify;\"><span style=\"font-weight: 400;\">Esperamos que esto ayude a sensibilizar a la poblaci\u00f3n, a concienciarnos de que si actuamos todos de forma civilizada y responsable la convivencia es mucho mejor.<\/span><\/p>\n<p style=\"text-align: justify;\"><span style=\"font-weight: 400;\">Todos queremos un buen servicio y un pueblo limpio y sostenible.<\/span><\/p>\n<p><img fetchpriority=\"high\" decoding=\"async\" class=\"size-medium wp-image-19868 aligncenter\" src=\"https:\/\/www.caudete.org\/ayuntamiento\/wp-content\/uploads\/2022\/08\/Captura-de-pantalla-2022-08-17-101411-300x216.jpg\" alt=\"\" width=\"300\" height=\"216\" srcset=\"https:\/\/www.caudete.org\/ayuntamiento\/wp-content\/uploads\/2022\/08\/Captura-de-pantalla-2022-08-17-101411-300x216.jpg 300w, https:\/\/www.caudete.org\/ayuntamiento\/wp-content\/uploads\/2022\/08\/Captura-de-pantalla-2022-08-17-101411-1024x738.jpg 1024w, https:\/\/www.caudete.org\/ayuntamiento\/wp-content\/uploads\/2022\/08\/Captura-de-pantalla-2022-08-17-101411-768x554.jpg 768w, https:\/\/www.caudete.org\/ayuntamiento\/wp-content\/uploads\/2022\/08\/Captura-de-pantalla-2022-08-17-101411.jpg 1046w\" sizes=\"(max-width: 300px) 100vw, 300px\" \/><\/p>\n","protected":false},"excerpt":{"rendered":"<p>Desde el Ayuntamiento de Caudete hemos lanzado una campa\u00f1a de sensibilizaci\u00f3n y concienciaci\u00f3n para informar y promover buenos h\u00e1bitos respecto a la recogida de la basura y cuidado del espacio p\u00fablico. Desde la Concejal\u00eda de Servicios, Joaqu\u00edn Pag\u00e1n felicita en primer lugar a la inmensa mayor\u00eda de ciudadanos que se han implicado con la recogida &hellip;<\/p>\n","protected":false},"author":3,"featured_media":19869,"comment_status":"closed","ping_status":"open","sticky":false,"template":"","format":"standard","meta":{"ngg_post_thumbnail":0,"footnotes":""},"categories":[270],"tags":[],"class_list":["post-19867","post","type-post","status-publish","format-standard","has-post-thumbnail","hentry","category-servicios"],"yoast_head":"<!-- This site is optimized with the Yoast SEO plugin v27.5 - https:\/\/yoast.com\/product\/yoast-seo-wordpress\/ -->\n<title>Campa\u00f1a de sensibilizaci\u00f3n y concienciaci\u00f3n sobre la recogida de residuos y limpieza urbana - MI Ayuntamiento de Caudete<\/title>\n<meta name=\"description\" content=\"P\u00e1gina Oficial del Ayuntamiento de Caudete (Albacete)\" \/>\n<meta name=\"robots\" content=\"index, follow, max-snippet:-1, max-image-preview:large, max-video-preview:-1\" \/>\n<link rel=\"canonical\" href=\"https:\/\/www.caudete.org\/ayuntamiento\/campana-de-sensibilizacion-y-concienciacion-sobre-la-recogida-de-residuos-y-limpieza-urbana\/\" \/>\n<meta property=\"og:locale\" content=\"es_ES\" \/>\n<meta property=\"og:type\" content=\"article\" \/>\n<meta property=\"og:title\" content=\"Campa\u00f1a de sensibilizaci\u00f3n y concienciaci\u00f3n sobre la recogida de residuos y limpieza urbana - MI Ayuntamiento de Caudete\" \/>\n<meta property=\"og:description\" content=\"P\u00e1gina Oficial del Ayuntamiento de Caudete (Albacete)\" \/>\n<meta property=\"og:url\" content=\"https:\/\/www.caudete.org\/ayuntamiento\/campana-de-sensibilizacion-y-concienciacion-sobre-la-recogida-de-residuos-y-limpieza-urbana\/\" \/>\n<meta property=\"og:site_name\" content=\"MI Ayuntamiento de Caudete\" \/>\n<meta property=\"article:publisher\" content=\"https:\/\/www.facebook.com\/ayuntamientocaudete\/\" \/>\n<meta property=\"article:published_time\" content=\"2022-08-17T08:17:17+00:00\" \/>\n<meta property=\"og:image\" content=\"https:\/\/www.caudete.org\/ayuntamiento\/wp-content\/uploads\/2022\/08\/WhatsApp-Image-2022-08-16-at-22.47.43.jpeg\" \/>\n\t<meta property=\"og:image:width\" content=\"1306\" \/>\n\t<meta property=\"og:image:height\" content=\"977\" \/>\n\t<meta property=\"og:image:type\" content=\"image\/jpeg\" \/>\n<meta name=\"author\" content=\"alcalde\" \/>\n<meta name=\"twitter:card\" content=\"summary_large_image\" \/>\n<meta name=\"twitter:label1\" content=\"Escrito por\" \/>\n\t<meta name=\"twitter:data1\" content=\"alcalde\" \/>\n\t<meta name=\"twitter:label2\" content=\"Tiempo de lectura\" \/>\n\t<meta name=\"twitter:data2\" content=\"3 minutos\" \/>\n<script type=\"application\/ld+json\" class=\"yoast-schema-graph\">{\"@context\":\"https:\\\/\\\/schema.org\",\"@graph\":[{\"@type\":\"Article\",\"@id\":\"https:\\\/\\\/www.caudete.org\\\/ayuntamiento\\\/campana-de-sensibilizacion-y-concienciacion-sobre-la-recogida-de-residuos-y-limpieza-urbana\\\/#article\",\"isPartOf\":{\"@id\":\"https:\\\/\\\/www.caudete.org\\\/ayuntamiento\\\/campana-de-sensibilizacion-y-concienciacion-sobre-la-recogida-de-residuos-y-limpieza-urbana\\\/\"},\"author\":{\"name\":\"alcalde\",\"@id\":\"https:\\\/\\\/www.caudete.org\\\/ayuntamiento\\\/#\\\/schema\\\/person\\\/cc646da9133078ee4d8dd47457947253\"},\"headline\":\"Campa\u00f1a de sensibilizaci\u00f3n y concienciaci\u00f3n sobre la recogida de residuos y limpieza urbana\",\"datePublished\":\"2022-08-17T08:17:17+00:00\",\"mainEntityOfPage\":{\"@id\":\"https:\\\/\\\/www.caudete.org\\\/ayuntamiento\\\/campana-de-sensibilizacion-y-concienciacion-sobre-la-recogida-de-residuos-y-limpieza-urbana\\\/\"},\"wordCount\":613,\"publisher\":{\"@id\":\"https:\\\/\\\/www.caudete.org\\\/ayuntamiento\\\/#organization\"},\"image\":{\"@id\":\"https:\\\/\\\/www.caudete.org\\\/ayuntamiento\\\/campana-de-sensibilizacion-y-concienciacion-sobre-la-recogida-de-residuos-y-limpieza-urbana\\\/#primaryimage\"},\"thumbnailUrl\":\"https:\\\/\\\/www.caudete.org\\\/ayuntamiento\\\/wp-content\\\/uploads\\\/2022\\\/08\\\/WhatsApp-Image-2022-08-16-at-22.47.43.jpeg\",\"articleSection\":[\"Servicios\"],\"inLanguage\":\"es\"},{\"@type\":\"WebPage\",\"@id\":\"https:\\\/\\\/www.caudete.org\\\/ayuntamiento\\\/campana-de-sensibilizacion-y-concienciacion-sobre-la-recogida-de-residuos-y-limpieza-urbana\\\/\",\"url\":\"https:\\\/\\\/www.caudete.org\\\/ayuntamiento\\\/campana-de-sensibilizacion-y-concienciacion-sobre-la-recogida-de-residuos-y-limpieza-urbana\\\/\",\"name\":\"Campa\u00f1a de sensibilizaci\u00f3n y concienciaci\u00f3n sobre la recogida de residuos y limpieza urbana - MI Ayuntamiento de Caudete\",\"isPartOf\":{\"@id\":\"https:\\\/\\\/www.caudete.org\\\/ayuntamiento\\\/#website\"},\"primaryImageOfPage\":{\"@id\":\"https:\\\/\\\/www.caudete.org\\\/ayuntamiento\\\/campana-de-sensibilizacion-y-concienciacion-sobre-la-recogida-de-residuos-y-limpieza-urbana\\\/#primaryimage\"},\"image\":{\"@id\":\"https:\\\/\\\/www.caudete.org\\\/ayuntamiento\\\/campana-de-sensibilizacion-y-concienciacion-sobre-la-recogida-de-residuos-y-limpieza-urbana\\\/#primaryimage\"},\"thumbnailUrl\":\"https:\\\/\\\/www.caudete.org\\\/ayuntamiento\\\/wp-content\\\/uploads\\\/2022\\\/08\\\/WhatsApp-Image-2022-08-16-at-22.47.43.jpeg\",\"datePublished\":\"2022-08-17T08:17:17+00:00\",\"description\":\"P\u00e1gina Oficial del Ayuntamiento de Caudete (Albacete)\",\"breadcrumb\":{\"@id\":\"https:\\\/\\\/www.caudete.org\\\/ayuntamiento\\\/campana-de-sensibilizacion-y-concienciacion-sobre-la-recogida-de-residuos-y-limpieza-urbana\\\/#breadcrumb\"},\"inLanguage\":\"es\",\"potentialAction\":[{\"@type\":\"ReadAction\",\"target\":[\"https:\\\/\\\/www.caudete.org\\\/ayuntamiento\\\/campana-de-sensibilizacion-y-concienciacion-sobre-la-recogida-de-residuos-y-limpieza-urbana\\\/\"]}]},{\"@type\":\"ImageObject\",\"inLanguage\":\"es\",\"@id\":\"https:\\\/\\\/www.caudete.org\\\/ayuntamiento\\\/campana-de-sensibilizacion-y-concienciacion-sobre-la-recogida-de-residuos-y-limpieza-urbana\\\/#primaryimage\",\"url\":\"https:\\\/\\\/www.caudete.org\\\/ayuntamiento\\\/wp-content\\\/uploads\\\/2022\\\/08\\\/WhatsApp-Image-2022-08-16-at-22.47.43.jpeg\",\"contentUrl\":\"https:\\\/\\\/www.caudete.org\\\/ayuntamiento\\\/wp-content\\\/uploads\\\/2022\\\/08\\\/WhatsApp-Image-2022-08-16-at-22.47.43.jpeg\",\"width\":1306,\"height\":977},{\"@type\":\"BreadcrumbList\",\"@id\":\"https:\\\/\\\/www.caudete.org\\\/ayuntamiento\\\/campana-de-sensibilizacion-y-concienciacion-sobre-la-recogida-de-residuos-y-limpieza-urbana\\\/#breadcrumb\",\"itemListElement\":[{\"@type\":\"ListItem\",\"position\":1,\"name\":\"Inicio\",\"item\":\"https:\\\/\\\/www.caudete.org\\\/ayuntamiento\\\/\"},{\"@type\":\"ListItem\",\"position\":2,\"name\":\"Campa\u00f1a de sensibilizaci\u00f3n y concienciaci\u00f3n sobre la recogida de residuos y limpieza urbana\"}]},{\"@type\":\"WebSite\",\"@id\":\"https:\\\/\\\/www.caudete.org\\\/ayuntamiento\\\/#website\",\"url\":\"https:\\\/\\\/www.caudete.org\\\/ayuntamiento\\\/\",\"name\":\"MI Ayuntamiento de Caudete\",\"description\":\"P\u00e1gina Oficial del MI Ayuntamiento de Caudete\",\"publisher\":{\"@id\":\"https:\\\/\\\/www.caudete.org\\\/ayuntamiento\\\/#organization\"},\"potentialAction\":[{\"@type\":\"SearchAction\",\"target\":{\"@type\":\"EntryPoint\",\"urlTemplate\":\"https:\\\/\\\/www.caudete.org\\\/ayuntamiento\\\/?s={search_term_string}\"},\"query-input\":{\"@type\":\"PropertyValueSpecification\",\"valueRequired\":true,\"valueName\":\"search_term_string\"}}],\"inLanguage\":\"es\"},{\"@type\":\"Organization\",\"@id\":\"https:\\\/\\\/www.caudete.org\\\/ayuntamiento\\\/#organization\",\"name\":\"Ayuntamiento de Caudete\",\"url\":\"https:\\\/\\\/www.caudete.org\\\/ayuntamiento\\\/\",\"logo\":{\"@type\":\"ImageObject\",\"inLanguage\":\"es\",\"@id\":\"https:\\\/\\\/www.caudete.org\\\/ayuntamiento\\\/#\\\/schema\\\/logo\\\/image\\\/\",\"url\":\"https:\\\/\\\/www.caudete.org\\\/ayuntamiento\\\/wp-content\\\/uploads\\\/2020\\\/11\\\/logo_ayuntamiento_caudete.jpg\",\"contentUrl\":\"https:\\\/\\\/www.caudete.org\\\/ayuntamiento\\\/wp-content\\\/uploads\\\/2020\\\/11\\\/logo_ayuntamiento_caudete.jpg\",\"width\":600,\"height\":150,\"caption\":\"Ayuntamiento de Caudete\"},\"image\":{\"@id\":\"https:\\\/\\\/www.caudete.org\\\/ayuntamiento\\\/#\\\/schema\\\/logo\\\/image\\\/\"},\"sameAs\":[\"https:\\\/\\\/www.facebook.com\\\/ayuntamientocaudete\\\/\",\"https:\\\/\\\/www.youtube.com\\\/channel\\\/UC6VztHaooNsGpw-tNoBEFnQ\"]},{\"@type\":\"Person\",\"@id\":\"https:\\\/\\\/www.caudete.org\\\/ayuntamiento\\\/#\\\/schema\\\/person\\\/cc646da9133078ee4d8dd47457947253\",\"name\":\"alcalde\",\"image\":{\"@type\":\"ImageObject\",\"inLanguage\":\"es\",\"@id\":\"https:\\\/\\\/secure.gravatar.com\\\/avatar\\\/84a817ba065b29ff08d666b215a215f5c79186a645ccb25b14a663d48a130f77?s=96&d=mm&r=g\",\"url\":\"https:\\\/\\\/secure.gravatar.com\\\/avatar\\\/84a817ba065b29ff08d666b215a215f5c79186a645ccb25b14a663d48a130f77?s=96&d=mm&r=g\",\"contentUrl\":\"https:\\\/\\\/secure.gravatar.com\\\/avatar\\\/84a817ba065b29ff08d666b215a215f5c79186a645ccb25b14a663d48a130f77?s=96&d=mm&r=g\",\"caption\":\"alcalde\"},\"url\":\"https:\\\/\\\/www.caudete.org\\\/ayuntamiento\\\/author\\\/alcalde\\\/\"}]}<\/script>\n<!-- \/ Yoast SEO plugin. -->","yoast_head_json":{"title":"Campa\u00f1a de sensibilizaci\u00f3n y concienciaci\u00f3n sobre la recogida de residuos y limpieza urbana - MI Ayuntamiento de Caudete","description":"P\u00e1gina Oficial del Ayuntamiento de Caudete (Albacete)","robots":{"index":"index","follow":"follow","max-snippet":"max-snippet:-1","max-image-preview":"max-image-preview:large","max-video-preview":"max-video-preview:-1"},"canonical":"https:\/\/www.caudete.org\/ayuntamiento\/campana-de-sensibilizacion-y-concienciacion-sobre-la-recogida-de-residuos-y-limpieza-urbana\/","og_locale":"es_ES","og_type":"article","og_title":"Campa\u00f1a de sensibilizaci\u00f3n y concienciaci\u00f3n sobre la recogida de residuos y limpieza urbana - MI Ayuntamiento de Caudete","og_description":"P\u00e1gina Oficial del Ayuntamiento de Caudete (Albacete)","og_url":"https:\/\/www.caudete.org\/ayuntamiento\/campana-de-sensibilizacion-y-concienciacion-sobre-la-recogida-de-residuos-y-limpieza-urbana\/","og_site_name":"MI Ayuntamiento de Caudete","article_publisher":"https:\/\/www.facebook.com\/ayuntamientocaudete\/","article_published_time":"2022-08-17T08:17:17+00:00","og_image":[{"width":1306,"height":977,"url":"https:\/\/www.caudete.org\/ayuntamiento\/wp-content\/uploads\/2022\/08\/WhatsApp-Image-2022-08-16-at-22.47.43.jpeg","type":"image\/jpeg"}],"author":"alcalde","twitter_card":"summary_large_image","twitter_misc":{"Escrito por":"alcalde","Tiempo de lectura":"3 minutos"},"schema":{"@context":"https:\/\/schema.org","@graph":[{"@type":"Article","@id":"https:\/\/www.caudete.org\/ayuntamiento\/campana-de-sensibilizacion-y-concienciacion-sobre-la-recogida-de-residuos-y-limpieza-urbana\/#article","isPartOf":{"@id":"https:\/\/www.caudete.org\/ayuntamiento\/campana-de-sensibilizacion-y-concienciacion-sobre-la-recogida-de-residuos-y-limpieza-urbana\/"},"author":{"name":"alcalde","@id":"https:\/\/www.caudete.org\/ayuntamiento\/#\/schema\/person\/cc646da9133078ee4d8dd47457947253"},"headline":"Campa\u00f1a de sensibilizaci\u00f3n y concienciaci\u00f3n sobre la recogida de residuos y limpieza urbana","datePublished":"2022-08-17T08:17:17+00:00","mainEntityOfPage":{"@id":"https:\/\/www.caudete.org\/ayuntamiento\/campana-de-sensibilizacion-y-concienciacion-sobre-la-recogida-de-residuos-y-limpieza-urbana\/"},"wordCount":613,"publisher":{"@id":"https:\/\/www.caudete.org\/ayuntamiento\/#organization"},"image":{"@id":"https:\/\/www.caudete.org\/ayuntamiento\/campana-de-sensibilizacion-y-concienciacion-sobre-la-recogida-de-residuos-y-limpieza-urbana\/#primaryimage"},"thumbnailUrl":"https:\/\/www.caudete.org\/ayuntamiento\/wp-content\/uploads\/2022\/08\/WhatsApp-Image-2022-08-16-at-22.47.43.jpeg","articleSection":["Servicios"],"inLanguage":"es"},{"@type":"WebPage","@id":"https:\/\/www.caudete.org\/ayuntamiento\/campana-de-sensibilizacion-y-concienciacion-sobre-la-recogida-de-residuos-y-limpieza-urbana\/","url":"https:\/\/www.caudete.org\/ayuntamiento\/campana-de-sensibilizacion-y-concienciacion-sobre-la-recogida-de-residuos-y-limpieza-urbana\/","name":"Campa\u00f1a de sensibilizaci\u00f3n y concienciaci\u00f3n sobre la recogida de residuos y limpieza urbana - MI Ayuntamiento de Caudete","isPartOf":{"@id":"https:\/\/www.caudete.org\/ayuntamiento\/#website"},"primaryImageOfPage":{"@id":"https:\/\/www.caudete.org\/ayuntamiento\/campana-de-sensibilizacion-y-concienciacion-sobre-la-recogida-de-residuos-y-limpieza-urbana\/#primaryimage"},"image":{"@id":"https:\/\/www.caudete.org\/ayuntamiento\/campana-de-sensibilizacion-y-concienciacion-sobre-la-recogida-de-residuos-y-limpieza-urbana\/#primaryimage"},"thumbnailUrl":"https:\/\/www.caudete.org\/ayuntamiento\/wp-content\/uploads\/2022\/08\/WhatsApp-Image-2022-08-16-at-22.47.43.jpeg","datePublished":"2022-08-17T08:17:17+00:00","description":"P\u00e1gina Oficial del Ayuntamiento de Caudete (Albacete)","breadcrumb":{"@id":"https:\/\/www.caudete.org\/ayuntamiento\/campana-de-sensibilizacion-y-concienciacion-sobre-la-recogida-de-residuos-y-limpieza-urbana\/#breadcrumb"},"inLanguage":"es","potentialAction":[{"@type":"ReadAction","target":["https:\/\/www.caudete.org\/ayuntamiento\/campana-de-sensibilizacion-y-concienciacion-sobre-la-recogida-de-residuos-y-limpieza-urbana\/"]}]},{"@type":"ImageObject","inLanguage":"es","@id":"https:\/\/www.caudete.org\/ayuntamiento\/campana-de-sensibilizacion-y-concienciacion-sobre-la-recogida-de-residuos-y-limpieza-urbana\/#primaryimage","url":"https:\/\/www.caudete.org\/ayuntamiento\/wp-content\/uploads\/2022\/08\/WhatsApp-Image-2022-08-16-at-22.47.43.jpeg","contentUrl":"https:\/\/www.caudete.org\/ayuntamiento\/wp-content\/uploads\/2022\/08\/WhatsApp-Image-2022-08-16-at-22.47.43.jpeg","width":1306,"height":977},{"@type":"BreadcrumbList","@id":"https:\/\/www.caudete.org\/ayuntamiento\/campana-de-sensibilizacion-y-concienciacion-sobre-la-recogida-de-residuos-y-limpieza-urbana\/#breadcrumb","itemListElement":[{"@type":"ListItem","position":1,"name":"Inicio","item":"https:\/\/www.caudete.org\/ayuntamiento\/"},{"@type":"ListItem","position":2,"name":"Campa\u00f1a de sensibilizaci\u00f3n y concienciaci\u00f3n sobre la recogida de residuos y limpieza urbana"}]},{"@type":"WebSite","@id":"https:\/\/www.caudete.org\/ayuntamiento\/#website","url":"https:\/\/www.caudete.org\/ayuntamiento\/","name":"MI Ayuntamiento de Caudete","description":"P\u00e1gina Oficial del MI Ayuntamiento de Caudete","publisher":{"@id":"https:\/\/www.caudete.org\/ayuntamiento\/#organization"},"potentialAction":[{"@type":"SearchAction","target":{"@type":"EntryPoint","urlTemplate":"https:\/\/www.caudete.org\/ayuntamiento\/?s={search_term_string}"},"query-input":{"@type":"PropertyValueSpecification","valueRequired":true,"valueName":"search_term_string"}}],"inLanguage":"es"},{"@type":"Organization","@id":"https:\/\/www.caudete.org\/ayuntamiento\/#organization","name":"Ayuntamiento de Caudete","url":"https:\/\/www.caudete.org\/ayuntamiento\/","logo":{"@type":"ImageObject","inLanguage":"es","@id":"https:\/\/www.caudete.org\/ayuntamiento\/#\/schema\/logo\/image\/","url":"https:\/\/www.caudete.org\/ayuntamiento\/wp-content\/uploads\/2020\/11\/logo_ayuntamiento_caudete.jpg","contentUrl":"https:\/\/www.caudete.org\/ayuntamiento\/wp-content\/uploads\/2020\/11\/logo_ayuntamiento_caudete.jpg","width":600,"height":150,"caption":"Ayuntamiento de Caudete"},"image":{"@id":"https:\/\/www.caudete.org\/ayuntamiento\/#\/schema\/logo\/image\/"},"sameAs":["https:\/\/www.facebook.com\/ayuntamientocaudete\/","https:\/\/www.youtube.com\/channel\/UC6VztHaooNsGpw-tNoBEFnQ"]},{"@type":"Person","@id":"https:\/\/www.caudete.org\/ayuntamiento\/#\/schema\/person\/cc646da9133078ee4d8dd47457947253","name":"alcalde","image":{"@type":"ImageObject","inLanguage":"es","@id":"https:\/\/secure.gravatar.com\/avatar\/84a817ba065b29ff08d666b215a215f5c79186a645ccb25b14a663d48a130f77?s=96&d=mm&r=g","url":"https:\/\/secure.gravatar.com\/avatar\/84a817ba065b29ff08d666b215a215f5c79186a645ccb25b14a663d48a130f77?s=96&d=mm&r=g","contentUrl":"https:\/\/secure.gravatar.com\/avatar\/84a817ba065b29ff08d666b215a215f5c79186a645ccb25b14a663d48a130f77?s=96&d=mm&r=g","caption":"alcalde"},"url":"https:\/\/www.caudete.org\/ayuntamiento\/author\/alcalde\/"}]}},"_links":{"self":[{"href":"https:\/\/www.caudete.org\/ayuntamiento\/wp-json\/wp\/v2\/posts\/19867","targetHints":{"allow":["GET"]}}],"collection":[{"href":"https:\/\/www.caudete.org\/ayuntamiento\/wp-json\/wp\/v2\/posts"}],"about":[{"href":"https:\/\/www.caudete.org\/ayuntamiento\/wp-json\/wp\/v2\/types\/post"}],"author":[{"embeddable":true,"href":"https:\/\/www.caudete.org\/ayuntamiento\/wp-json\/wp\/v2\/users\/3"}],"replies":[{"embeddable":true,"href":"https:\/\/www.caudete.org\/ayuntamiento\/wp-json\/wp\/v2\/comments?post=19867"}],"version-history":[{"count":1,"href":"https:\/\/www.caudete.org\/ayuntamiento\/wp-json\/wp\/v2\/posts\/19867\/revisions"}],"predecessor-version":[{"id":19870,"href":"https:\/\/www.caudete.org\/ayuntamiento\/wp-json\/wp\/v2\/posts\/19867\/revisions\/19870"}],"wp:featuredmedia":[{"embeddable":true,"href":"https:\/\/www.caudete.org\/ayuntamiento\/wp-json\/wp\/v2\/media\/19869"}],"wp:attachment":[{"href":"https:\/\/www.caudete.org\/ayuntamiento\/wp-json\/wp\/v2\/media?parent=19867"}],"wp:term":[{"taxonomy":"category","embeddable":true,"href":"https:\/\/www.caudete.org\/ayuntamiento\/wp-json\/wp\/v2\/categories?post=19867"},{"taxonomy":"post_tag","embeddable":true,"href":"https:\/\/www.caudete.org\/ayuntamiento\/wp-json\/wp\/v2\/tags?post=19867"}],"curies":[{"name":"wp","href":"https:\/\/api.w.org\/{rel}","templated":true}]}}