{"id":19886,"date":"2022-08-19T11:40:51","date_gmt":"2022-08-19T09:40:51","guid":{"rendered":"https:\/\/www.caudete.org\/ayuntamiento\/?p=19886"},"modified":"2022-08-19T11:42:47","modified_gmt":"2022-08-19T09:42:47","slug":"el-ayuntamiento-presenta-a-la-convocatoria-del-recual-2022-un-proyecto-de-albanileria-y-actuar-en-c-el-teatro-y-c-de-guzman","status":"publish","type":"post","link":"https:\/\/www.caudete.org\/ayuntamiento\/el-ayuntamiento-presenta-a-la-convocatoria-del-recual-2022-un-proyecto-de-albanileria-y-actuar-en-c-el-teatro-y-c-de-guzman\/","title":{"rendered":"El Ayuntamiento presenta a la convocatoria del RECUAL 2022 un proyecto de Alba\u00f1iler\u00eda y actuar en C\/El Teatro y C\/de Guzm\u00e1n"},"content":{"rendered":"<p style=\"text-align: justify;\">La Concejal de Empleo y Formaci\u00f3n, M\u00aa del Mar Requena ha informado de la solicitud de subvenci\u00f3n al programa RECUAL 2022 que la Junta de Gobierno Local aprobaba la pasada semana. Se trata de un Plan de Empleo, al que Caudete opt\u00f3 por \u00faltima vez en 2019 con la actuaci\u00f3n reurbanizadora en la Plaza Jos\u00e9 Ruiz Ruiz, y que tiene como objeto formar y emplear a mayores de 45 a\u00f1os a la vez que la parte pr\u00e1ctica se materializar\u00eda en la ejecuci\u00f3n de obras dentro de la localidad.<\/p>\n<p style=\"text-align: justify;\">En esta ocasi\u00f3n, el Consistorio propone a la JCCM un programa estimada en costes en 1126.157&#8217;20\u20ac (sin contar la aportaci\u00f3n municipal), enfocada a la especialidad formativa <strong>\u201cOPERACIONES AUXILIARES DE ACABADOS R\u00cdGIDOS Y<br \/>\nURBANIZACION\u201d<\/strong>, clasificado con\u00a0<strong>Certificado de Profesionalidad Nivel 1<\/strong>, programa al que el Ayuntamiento de Caudete se compromet\u00eda a aportar, al menos, la cantidad m\u00ednima de 50.000\u20ac para costes mariales de las pr\u00e1cticas.<\/p>\n<p style=\"text-align: justify;\">La parte pr\u00e1ctica, se materializar\u00eda en diferentes puntos del casco antiguo de la localidad, figurando concretamente las Calles El Teatro y de Guzm\u00e1n, con el objetivo de mejorar sus firmes, hacerlas accesibles y sustituir las canalizaciones existentes en el subsuelo.<\/p>\n<p style=\"text-align: justify;\">M\u00aa del Mar explicaba que ahora tan solo queda que una vez expirado el plazo de la convocatoria, se resuelvan las mismas esperando que Caudete cuente este a\u00f1o con dicho programa ya que durante dos a\u00f1os consecutivos las propuestas caudetanas han sido desestimadas &#8220;<em>por falta de cr\u00e9dito, seg\u00fan la JCCM<\/em>&#8220;, cuando los proyectos y propuestas de Caudete &#8220;<em>son ejemplarizantes en la provincia por su meticulosa organizaci\u00f3n, excelentes resultados e importante aportaci\u00f3n econ\u00f3mica municipal<\/em>&#8220;.<\/p>\n<p style=\"text-align: justify;\">El m\u00f3dulo con\u00a0<strong>340h totales<\/strong>, quedaba dise\u00f1ado de la forma siguiente:<\/p>\n<p style=\"text-align: justify; padding-left: 40px;\">1\u00ba. Labores auxiliares de obra. (50 horas)<br \/>\n2\u00ba. Pastas, morteros, adhesivos y hormigones. (30 horas)<br \/>\n3\u00ba. Tratamiento de soportes para revestimiento en construcci\u00f3n. (100 horas)<br \/>\n4\u00ba. Proceso y preparaci\u00f3n de equipos y medios en trabajos de alba\u00f1iler\u00eda. (40 horas)<br \/>\n5\u00ba. Preparaci\u00f3n de soportes para revestir. (60 horas)<br \/>\n6\u00ba. Tratamientos auxiliares en revestimientos con piezas r\u00edgidas. (40 horas)<br \/>\n7\u00ba. Pavimentos de hormig\u00f3n impreso y adoquinados. (120 horas)<br \/>\n8\u00ba. Proceso y preparaci\u00f3n de equipos y medios en trabajos de alba\u00f1iler\u00eda. (40 horas)<br \/>\n9\u00ba. Ejecuci\u00f3n de bordes de confinamiento y adoquinados. (50 horas)<br \/>\n10\u00ba. Ejecuci\u00f3n de pavimentos de hormig\u00f3n impreso. (30 horas)<br \/>\n11\u00ba. M\u00f3dulo de pr\u00e1cticas profesionales no laborables de Operaciones auxiliares de acabados r\u00edgidos y urbanizaci\u00f3n. (40 horas)<\/p>\n<p style=\"text-align: justify;\">La Concejal agradec\u00eda \u201c<em>el trabajo realizado por los diferentes Departamentos Municipales y sus respectivos T\u00e9cnicos para la realizaci\u00f3n de la citada propuesta<\/em>\u201c, recordando que la propuesta parte de la presentada a la convocatoria 2020 (y que conten\u00eda m\u00e1s puntos de actuaci\u00f3n) y que por criterios ajenos al Ayuntamiento fue desestimada.<\/p>\n<p style=\"text-align: justify;\">As\u00ed mismo, remarcaba que la propuesta ha sido trabajada junto a las Concejal\u00edas de Accesibilidad y Movilidad, Urbanismo y Patrimonio.<\/p>\n","protected":false},"excerpt":{"rendered":"<p>La Concejal de Empleo y Formaci\u00f3n, M\u00aa del Mar Requena ha informado de la solicitud de subvenci\u00f3n al programa RECUAL 2022 que la Junta de Gobierno Local aprobaba la pasada semana. Se trata de un Plan de Empleo, al que Caudete opt\u00f3 por \u00faltima vez en 2019 con la actuaci\u00f3n reurbanizadora en la Plaza Jos\u00e9 &hellip;<\/p>\n","protected":false},"author":3,"featured_media":19898,"comment_status":"closed","ping_status":"open","sticky":false,"template":"","format":"standard","meta":{"ngg_post_thumbnail":0,"footnotes":""},"categories":[37],"tags":[],"class_list":["post-19886","post","type-post","status-publish","format-standard","has-post-thumbnail","hentry","category-empleo-y-formacion"],"yoast_head":"<!-- This site is optimized with the Yoast SEO plugin v27.4 - https:\/\/yoast.com\/product\/yoast-seo-wordpress\/ -->\n<title>El Ayuntamiento presenta a la convocatoria del RECUAL 2022 un proyecto de Alba\u00f1iler\u00eda y actuar en C\/El Teatro y C\/de Guzm\u00e1n - MI Ayuntamiento de Caudete<\/title>\n<meta name=\"description\" content=\"P\u00e1gina Oficial del Ayuntamiento de Caudete (Albacete)\" \/>\n<meta name=\"robots\" content=\"index, follow, max-snippet:-1, max-image-preview:large, max-video-preview:-1\" \/>\n<link rel=\"canonical\" href=\"https:\/\/www.caudete.org\/ayuntamiento\/el-ayuntamiento-presenta-a-la-convocatoria-del-recual-2022-un-proyecto-de-albanileria-y-actuar-en-c-el-teatro-y-c-de-guzman\/\" \/>\n<meta property=\"og:locale\" content=\"es_ES\" \/>\n<meta property=\"og:type\" content=\"article\" \/>\n<meta property=\"og:title\" content=\"El Ayuntamiento presenta a la convocatoria del RECUAL 2022 un proyecto de Alba\u00f1iler\u00eda y actuar en C\/El Teatro y C\/de Guzm\u00e1n - MI Ayuntamiento de Caudete\" \/>\n<meta property=\"og:description\" content=\"P\u00e1gina Oficial del Ayuntamiento de Caudete (Albacete)\" \/>\n<meta property=\"og:url\" content=\"https:\/\/www.caudete.org\/ayuntamiento\/el-ayuntamiento-presenta-a-la-convocatoria-del-recual-2022-un-proyecto-de-albanileria-y-actuar-en-c-el-teatro-y-c-de-guzman\/\" \/>\n<meta property=\"og:site_name\" content=\"MI Ayuntamiento de Caudete\" \/>\n<meta property=\"article:publisher\" content=\"https:\/\/www.facebook.com\/ayuntamientocaudete\/\" \/>\n<meta property=\"article:published_time\" content=\"2022-08-19T09:40:51+00:00\" \/>\n<meta property=\"article:modified_time\" content=\"2022-08-19T09:42:47+00:00\" \/>\n<meta property=\"og:image\" content=\"https:\/\/www.caudete.org\/ayuntamiento\/wp-content\/uploads\/2022\/08\/IMG_20220818_185408-scaled.jpg\" \/>\n\t<meta property=\"og:image:width\" content=\"2560\" \/>\n\t<meta property=\"og:image:height\" content=\"1920\" \/>\n\t<meta property=\"og:image:type\" content=\"image\/jpeg\" \/>\n<meta name=\"author\" content=\"alcalde\" \/>\n<meta name=\"twitter:card\" content=\"summary_large_image\" \/>\n<meta name=\"twitter:label1\" content=\"Escrito por\" \/>\n\t<meta name=\"twitter:data1\" content=\"alcalde\" \/>\n\t<meta name=\"twitter:label2\" content=\"Tiempo de lectura\" \/>\n\t<meta name=\"twitter:data2\" content=\"3 minutos\" \/>\n<script type=\"application\/ld+json\" class=\"yoast-schema-graph\">{\"@context\":\"https:\\\/\\\/schema.org\",\"@graph\":[{\"@type\":\"Article\",\"@id\":\"https:\\\/\\\/www.caudete.org\\\/ayuntamiento\\\/el-ayuntamiento-presenta-a-la-convocatoria-del-recual-2022-un-proyecto-de-albanileria-y-actuar-en-c-el-teatro-y-c-de-guzman\\\/#article\",\"isPartOf\":{\"@id\":\"https:\\\/\\\/www.caudete.org\\\/ayuntamiento\\\/el-ayuntamiento-presenta-a-la-convocatoria-del-recual-2022-un-proyecto-de-albanileria-y-actuar-en-c-el-teatro-y-c-de-guzman\\\/\"},\"author\":{\"name\":\"alcalde\",\"@id\":\"https:\\\/\\\/www.caudete.org\\\/ayuntamiento\\\/#\\\/schema\\\/person\\\/cc646da9133078ee4d8dd47457947253\"},\"headline\":\"El Ayuntamiento presenta a la convocatoria del RECUAL 2022 un proyecto de Alba\u00f1iler\u00eda y actuar en C\\\/El Teatro y C\\\/de Guzm\u00e1n\",\"datePublished\":\"2022-08-19T09:40:51+00:00\",\"dateModified\":\"2022-08-19T09:42:47+00:00\",\"mainEntityOfPage\":{\"@id\":\"https:\\\/\\\/www.caudete.org\\\/ayuntamiento\\\/el-ayuntamiento-presenta-a-la-convocatoria-del-recual-2022-un-proyecto-de-albanileria-y-actuar-en-c-el-teatro-y-c-de-guzman\\\/\"},\"wordCount\":507,\"publisher\":{\"@id\":\"https:\\\/\\\/www.caudete.org\\\/ayuntamiento\\\/#organization\"},\"image\":{\"@id\":\"https:\\\/\\\/www.caudete.org\\\/ayuntamiento\\\/el-ayuntamiento-presenta-a-la-convocatoria-del-recual-2022-un-proyecto-de-albanileria-y-actuar-en-c-el-teatro-y-c-de-guzman\\\/#primaryimage\"},\"thumbnailUrl\":\"https:\\\/\\\/www.caudete.org\\\/ayuntamiento\\\/wp-content\\\/uploads\\\/2022\\\/08\\\/IMG_20220818_185408-scaled.jpg\",\"articleSection\":[\"Empleo y Formaci\u00f3n\"],\"inLanguage\":\"es\"},{\"@type\":\"WebPage\",\"@id\":\"https:\\\/\\\/www.caudete.org\\\/ayuntamiento\\\/el-ayuntamiento-presenta-a-la-convocatoria-del-recual-2022-un-proyecto-de-albanileria-y-actuar-en-c-el-teatro-y-c-de-guzman\\\/\",\"url\":\"https:\\\/\\\/www.caudete.org\\\/ayuntamiento\\\/el-ayuntamiento-presenta-a-la-convocatoria-del-recual-2022-un-proyecto-de-albanileria-y-actuar-en-c-el-teatro-y-c-de-guzman\\\/\",\"name\":\"El Ayuntamiento presenta a la convocatoria del RECUAL 2022 un proyecto de Alba\u00f1iler\u00eda y actuar en C\\\/El Teatro y C\\\/de Guzm\u00e1n - MI Ayuntamiento de Caudete\",\"isPartOf\":{\"@id\":\"https:\\\/\\\/www.caudete.org\\\/ayuntamiento\\\/#website\"},\"primaryImageOfPage\":{\"@id\":\"https:\\\/\\\/www.caudete.org\\\/ayuntamiento\\\/el-ayuntamiento-presenta-a-la-convocatoria-del-recual-2022-un-proyecto-de-albanileria-y-actuar-en-c-el-teatro-y-c-de-guzman\\\/#primaryimage\"},\"image\":{\"@id\":\"https:\\\/\\\/www.caudete.org\\\/ayuntamiento\\\/el-ayuntamiento-presenta-a-la-convocatoria-del-recual-2022-un-proyecto-de-albanileria-y-actuar-en-c-el-teatro-y-c-de-guzman\\\/#primaryimage\"},\"thumbnailUrl\":\"https:\\\/\\\/www.caudete.org\\\/ayuntamiento\\\/wp-content\\\/uploads\\\/2022\\\/08\\\/IMG_20220818_185408-scaled.jpg\",\"datePublished\":\"2022-08-19T09:40:51+00:00\",\"dateModified\":\"2022-08-19T09:42:47+00:00\",\"description\":\"P\u00e1gina Oficial del Ayuntamiento de Caudete (Albacete)\",\"breadcrumb\":{\"@id\":\"https:\\\/\\\/www.caudete.org\\\/ayuntamiento\\\/el-ayuntamiento-presenta-a-la-convocatoria-del-recual-2022-un-proyecto-de-albanileria-y-actuar-en-c-el-teatro-y-c-de-guzman\\\/#breadcrumb\"},\"inLanguage\":\"es\",\"potentialAction\":[{\"@type\":\"ReadAction\",\"target\":[\"https:\\\/\\\/www.caudete.org\\\/ayuntamiento\\\/el-ayuntamiento-presenta-a-la-convocatoria-del-recual-2022-un-proyecto-de-albanileria-y-actuar-en-c-el-teatro-y-c-de-guzman\\\/\"]}]},{\"@type\":\"ImageObject\",\"inLanguage\":\"es\",\"@id\":\"https:\\\/\\\/www.caudete.org\\\/ayuntamiento\\\/el-ayuntamiento-presenta-a-la-convocatoria-del-recual-2022-un-proyecto-de-albanileria-y-actuar-en-c-el-teatro-y-c-de-guzman\\\/#primaryimage\",\"url\":\"https:\\\/\\\/www.caudete.org\\\/ayuntamiento\\\/wp-content\\\/uploads\\\/2022\\\/08\\\/IMG_20220818_185408-scaled.jpg\",\"contentUrl\":\"https:\\\/\\\/www.caudete.org\\\/ayuntamiento\\\/wp-content\\\/uploads\\\/2022\\\/08\\\/IMG_20220818_185408-scaled.jpg\",\"width\":2560,\"height\":1920},{\"@type\":\"BreadcrumbList\",\"@id\":\"https:\\\/\\\/www.caudete.org\\\/ayuntamiento\\\/el-ayuntamiento-presenta-a-la-convocatoria-del-recual-2022-un-proyecto-de-albanileria-y-actuar-en-c-el-teatro-y-c-de-guzman\\\/#breadcrumb\",\"itemListElement\":[{\"@type\":\"ListItem\",\"position\":1,\"name\":\"Inicio\",\"item\":\"https:\\\/\\\/www.caudete.org\\\/ayuntamiento\\\/\"},{\"@type\":\"ListItem\",\"position\":2,\"name\":\"El Ayuntamiento presenta a la convocatoria del RECUAL 2022 un proyecto de Alba\u00f1iler\u00eda y actuar en C\\\/El Teatro y C\\\/de Guzm\u00e1n\"}]},{\"@type\":\"WebSite\",\"@id\":\"https:\\\/\\\/www.caudete.org\\\/ayuntamiento\\\/#website\",\"url\":\"https:\\\/\\\/www.caudete.org\\\/ayuntamiento\\\/\",\"name\":\"MI Ayuntamiento de Caudete\",\"description\":\"P\u00e1gina Oficial del MI Ayuntamiento de Caudete\",\"publisher\":{\"@id\":\"https:\\\/\\\/www.caudete.org\\\/ayuntamiento\\\/#organization\"},\"potentialAction\":[{\"@type\":\"SearchAction\",\"target\":{\"@type\":\"EntryPoint\",\"urlTemplate\":\"https:\\\/\\\/www.caudete.org\\\/ayuntamiento\\\/?s={search_term_string}\"},\"query-input\":{\"@type\":\"PropertyValueSpecification\",\"valueRequired\":true,\"valueName\":\"search_term_string\"}}],\"inLanguage\":\"es\"},{\"@type\":\"Organization\",\"@id\":\"https:\\\/\\\/www.caudete.org\\\/ayuntamiento\\\/#organization\",\"name\":\"Ayuntamiento de Caudete\",\"url\":\"https:\\\/\\\/www.caudete.org\\\/ayuntamiento\\\/\",\"logo\":{\"@type\":\"ImageObject\",\"inLanguage\":\"es\",\"@id\":\"https:\\\/\\\/www.caudete.org\\\/ayuntamiento\\\/#\\\/schema\\\/logo\\\/image\\\/\",\"url\":\"https:\\\/\\\/www.caudete.org\\\/ayuntamiento\\\/wp-content\\\/uploads\\\/2020\\\/11\\\/logo_ayuntamiento_caudete.jpg\",\"contentUrl\":\"https:\\\/\\\/www.caudete.org\\\/ayuntamiento\\\/wp-content\\\/uploads\\\/2020\\\/11\\\/logo_ayuntamiento_caudete.jpg\",\"width\":600,\"height\":150,\"caption\":\"Ayuntamiento de Caudete\"},\"image\":{\"@id\":\"https:\\\/\\\/www.caudete.org\\\/ayuntamiento\\\/#\\\/schema\\\/logo\\\/image\\\/\"},\"sameAs\":[\"https:\\\/\\\/www.facebook.com\\\/ayuntamientocaudete\\\/\",\"https:\\\/\\\/www.youtube.com\\\/channel\\\/UC6VztHaooNsGpw-tNoBEFnQ\"]},{\"@type\":\"Person\",\"@id\":\"https:\\\/\\\/www.caudete.org\\\/ayuntamiento\\\/#\\\/schema\\\/person\\\/cc646da9133078ee4d8dd47457947253\",\"name\":\"alcalde\",\"image\":{\"@type\":\"ImageObject\",\"inLanguage\":\"es\",\"@id\":\"https:\\\/\\\/secure.gravatar.com\\\/avatar\\\/84a817ba065b29ff08d666b215a215f5c79186a645ccb25b14a663d48a130f77?s=96&d=mm&r=g\",\"url\":\"https:\\\/\\\/secure.gravatar.com\\\/avatar\\\/84a817ba065b29ff08d666b215a215f5c79186a645ccb25b14a663d48a130f77?s=96&d=mm&r=g\",\"contentUrl\":\"https:\\\/\\\/secure.gravatar.com\\\/avatar\\\/84a817ba065b29ff08d666b215a215f5c79186a645ccb25b14a663d48a130f77?s=96&d=mm&r=g\",\"caption\":\"alcalde\"},\"url\":\"https:\\\/\\\/www.caudete.org\\\/ayuntamiento\\\/author\\\/alcalde\\\/\"}]}<\/script>\n<!-- \/ Yoast SEO plugin. -->","yoast_head_json":{"title":"El Ayuntamiento presenta a la convocatoria del RECUAL 2022 un proyecto de Alba\u00f1iler\u00eda y actuar en C\/El Teatro y C\/de Guzm\u00e1n - MI Ayuntamiento de Caudete","description":"P\u00e1gina Oficial del Ayuntamiento de Caudete (Albacete)","robots":{"index":"index","follow":"follow","max-snippet":"max-snippet:-1","max-image-preview":"max-image-preview:large","max-video-preview":"max-video-preview:-1"},"canonical":"https:\/\/www.caudete.org\/ayuntamiento\/el-ayuntamiento-presenta-a-la-convocatoria-del-recual-2022-un-proyecto-de-albanileria-y-actuar-en-c-el-teatro-y-c-de-guzman\/","og_locale":"es_ES","og_type":"article","og_title":"El Ayuntamiento presenta a la convocatoria del RECUAL 2022 un proyecto de Alba\u00f1iler\u00eda y actuar en C\/El Teatro y C\/de Guzm\u00e1n - MI Ayuntamiento de Caudete","og_description":"P\u00e1gina Oficial del Ayuntamiento de Caudete (Albacete)","og_url":"https:\/\/www.caudete.org\/ayuntamiento\/el-ayuntamiento-presenta-a-la-convocatoria-del-recual-2022-un-proyecto-de-albanileria-y-actuar-en-c-el-teatro-y-c-de-guzman\/","og_site_name":"MI Ayuntamiento de Caudete","article_publisher":"https:\/\/www.facebook.com\/ayuntamientocaudete\/","article_published_time":"2022-08-19T09:40:51+00:00","article_modified_time":"2022-08-19T09:42:47+00:00","og_image":[{"width":2560,"height":1920,"url":"https:\/\/www.caudete.org\/ayuntamiento\/wp-content\/uploads\/2022\/08\/IMG_20220818_185408-scaled.jpg","type":"image\/jpeg"}],"author":"alcalde","twitter_card":"summary_large_image","twitter_misc":{"Escrito por":"alcalde","Tiempo de lectura":"3 minutos"},"schema":{"@context":"https:\/\/schema.org","@graph":[{"@type":"Article","@id":"https:\/\/www.caudete.org\/ayuntamiento\/el-ayuntamiento-presenta-a-la-convocatoria-del-recual-2022-un-proyecto-de-albanileria-y-actuar-en-c-el-teatro-y-c-de-guzman\/#article","isPartOf":{"@id":"https:\/\/www.caudete.org\/ayuntamiento\/el-ayuntamiento-presenta-a-la-convocatoria-del-recual-2022-un-proyecto-de-albanileria-y-actuar-en-c-el-teatro-y-c-de-guzman\/"},"author":{"name":"alcalde","@id":"https:\/\/www.caudete.org\/ayuntamiento\/#\/schema\/person\/cc646da9133078ee4d8dd47457947253"},"headline":"El Ayuntamiento presenta a la convocatoria del RECUAL 2022 un proyecto de Alba\u00f1iler\u00eda y actuar en C\/El Teatro y C\/de Guzm\u00e1n","datePublished":"2022-08-19T09:40:51+00:00","dateModified":"2022-08-19T09:42:47+00:00","mainEntityOfPage":{"@id":"https:\/\/www.caudete.org\/ayuntamiento\/el-ayuntamiento-presenta-a-la-convocatoria-del-recual-2022-un-proyecto-de-albanileria-y-actuar-en-c-el-teatro-y-c-de-guzman\/"},"wordCount":507,"publisher":{"@id":"https:\/\/www.caudete.org\/ayuntamiento\/#organization"},"image":{"@id":"https:\/\/www.caudete.org\/ayuntamiento\/el-ayuntamiento-presenta-a-la-convocatoria-del-recual-2022-un-proyecto-de-albanileria-y-actuar-en-c-el-teatro-y-c-de-guzman\/#primaryimage"},"thumbnailUrl":"https:\/\/www.caudete.org\/ayuntamiento\/wp-content\/uploads\/2022\/08\/IMG_20220818_185408-scaled.jpg","articleSection":["Empleo y Formaci\u00f3n"],"inLanguage":"es"},{"@type":"WebPage","@id":"https:\/\/www.caudete.org\/ayuntamiento\/el-ayuntamiento-presenta-a-la-convocatoria-del-recual-2022-un-proyecto-de-albanileria-y-actuar-en-c-el-teatro-y-c-de-guzman\/","url":"https:\/\/www.caudete.org\/ayuntamiento\/el-ayuntamiento-presenta-a-la-convocatoria-del-recual-2022-un-proyecto-de-albanileria-y-actuar-en-c-el-teatro-y-c-de-guzman\/","name":"El Ayuntamiento presenta a la convocatoria del RECUAL 2022 un proyecto de Alba\u00f1iler\u00eda y actuar en C\/El Teatro y C\/de Guzm\u00e1n - MI Ayuntamiento de Caudete","isPartOf":{"@id":"https:\/\/www.caudete.org\/ayuntamiento\/#website"},"primaryImageOfPage":{"@id":"https:\/\/www.caudete.org\/ayuntamiento\/el-ayuntamiento-presenta-a-la-convocatoria-del-recual-2022-un-proyecto-de-albanileria-y-actuar-en-c-el-teatro-y-c-de-guzman\/#primaryimage"},"image":{"@id":"https:\/\/www.caudete.org\/ayuntamiento\/el-ayuntamiento-presenta-a-la-convocatoria-del-recual-2022-un-proyecto-de-albanileria-y-actuar-en-c-el-teatro-y-c-de-guzman\/#primaryimage"},"thumbnailUrl":"https:\/\/www.caudete.org\/ayuntamiento\/wp-content\/uploads\/2022\/08\/IMG_20220818_185408-scaled.jpg","datePublished":"2022-08-19T09:40:51+00:00","dateModified":"2022-08-19T09:42:47+00:00","description":"P\u00e1gina Oficial del Ayuntamiento de Caudete (Albacete)","breadcrumb":{"@id":"https:\/\/www.caudete.org\/ayuntamiento\/el-ayuntamiento-presenta-a-la-convocatoria-del-recual-2022-un-proyecto-de-albanileria-y-actuar-en-c-el-teatro-y-c-de-guzman\/#breadcrumb"},"inLanguage":"es","potentialAction":[{"@type":"ReadAction","target":["https:\/\/www.caudete.org\/ayuntamiento\/el-ayuntamiento-presenta-a-la-convocatoria-del-recual-2022-un-proyecto-de-albanileria-y-actuar-en-c-el-teatro-y-c-de-guzman\/"]}]},{"@type":"ImageObject","inLanguage":"es","@id":"https:\/\/www.caudete.org\/ayuntamiento\/el-ayuntamiento-presenta-a-la-convocatoria-del-recual-2022-un-proyecto-de-albanileria-y-actuar-en-c-el-teatro-y-c-de-guzman\/#primaryimage","url":"https:\/\/www.caudete.org\/ayuntamiento\/wp-content\/uploads\/2022\/08\/IMG_20220818_185408-scaled.jpg","contentUrl":"https:\/\/www.caudete.org\/ayuntamiento\/wp-content\/uploads\/2022\/08\/IMG_20220818_185408-scaled.jpg","width":2560,"height":1920},{"@type":"BreadcrumbList","@id":"https:\/\/www.caudete.org\/ayuntamiento\/el-ayuntamiento-presenta-a-la-convocatoria-del-recual-2022-un-proyecto-de-albanileria-y-actuar-en-c-el-teatro-y-c-de-guzman\/#breadcrumb","itemListElement":[{"@type":"ListItem","position":1,"name":"Inicio","item":"https:\/\/www.caudete.org\/ayuntamiento\/"},{"@type":"ListItem","position":2,"name":"El Ayuntamiento presenta a la convocatoria del RECUAL 2022 un proyecto de Alba\u00f1iler\u00eda y actuar en C\/El Teatro y C\/de Guzm\u00e1n"}]},{"@type":"WebSite","@id":"https:\/\/www.caudete.org\/ayuntamiento\/#website","url":"https:\/\/www.caudete.org\/ayuntamiento\/","name":"MI Ayuntamiento de Caudete","description":"P\u00e1gina Oficial del MI Ayuntamiento de Caudete","publisher":{"@id":"https:\/\/www.caudete.org\/ayuntamiento\/#organization"},"potentialAction":[{"@type":"SearchAction","target":{"@type":"EntryPoint","urlTemplate":"https:\/\/www.caudete.org\/ayuntamiento\/?s={search_term_string}"},"query-input":{"@type":"PropertyValueSpecification","valueRequired":true,"valueName":"search_term_string"}}],"inLanguage":"es"},{"@type":"Organization","@id":"https:\/\/www.caudete.org\/ayuntamiento\/#organization","name":"Ayuntamiento de Caudete","url":"https:\/\/www.caudete.org\/ayuntamiento\/","logo":{"@type":"ImageObject","inLanguage":"es","@id":"https:\/\/www.caudete.org\/ayuntamiento\/#\/schema\/logo\/image\/","url":"https:\/\/www.caudete.org\/ayuntamiento\/wp-content\/uploads\/2020\/11\/logo_ayuntamiento_caudete.jpg","contentUrl":"https:\/\/www.caudete.org\/ayuntamiento\/wp-content\/uploads\/2020\/11\/logo_ayuntamiento_caudete.jpg","width":600,"height":150,"caption":"Ayuntamiento de Caudete"},"image":{"@id":"https:\/\/www.caudete.org\/ayuntamiento\/#\/schema\/logo\/image\/"},"sameAs":["https:\/\/www.facebook.com\/ayuntamientocaudete\/","https:\/\/www.youtube.com\/channel\/UC6VztHaooNsGpw-tNoBEFnQ"]},{"@type":"Person","@id":"https:\/\/www.caudete.org\/ayuntamiento\/#\/schema\/person\/cc646da9133078ee4d8dd47457947253","name":"alcalde","image":{"@type":"ImageObject","inLanguage":"es","@id":"https:\/\/secure.gravatar.com\/avatar\/84a817ba065b29ff08d666b215a215f5c79186a645ccb25b14a663d48a130f77?s=96&d=mm&r=g","url":"https:\/\/secure.gravatar.com\/avatar\/84a817ba065b29ff08d666b215a215f5c79186a645ccb25b14a663d48a130f77?s=96&d=mm&r=g","contentUrl":"https:\/\/secure.gravatar.com\/avatar\/84a817ba065b29ff08d666b215a215f5c79186a645ccb25b14a663d48a130f77?s=96&d=mm&r=g","caption":"alcalde"},"url":"https:\/\/www.caudete.org\/ayuntamiento\/author\/alcalde\/"}]}},"_links":{"self":[{"href":"https:\/\/www.caudete.org\/ayuntamiento\/wp-json\/wp\/v2\/posts\/19886","targetHints":{"allow":["GET"]}}],"collection":[{"href":"https:\/\/www.caudete.org\/ayuntamiento\/wp-json\/wp\/v2\/posts"}],"about":[{"href":"https:\/\/www.caudete.org\/ayuntamiento\/wp-json\/wp\/v2\/types\/post"}],"author":[{"embeddable":true,"href":"https:\/\/www.caudete.org\/ayuntamiento\/wp-json\/wp\/v2\/users\/3"}],"replies":[{"embeddable":true,"href":"https:\/\/www.caudete.org\/ayuntamiento\/wp-json\/wp\/v2\/comments?post=19886"}],"version-history":[{"count":3,"href":"https:\/\/www.caudete.org\/ayuntamiento\/wp-json\/wp\/v2\/posts\/19886\/revisions"}],"predecessor-version":[{"id":19899,"href":"https:\/\/www.caudete.org\/ayuntamiento\/wp-json\/wp\/v2\/posts\/19886\/revisions\/19899"}],"wp:featuredmedia":[{"embeddable":true,"href":"https:\/\/www.caudete.org\/ayuntamiento\/wp-json\/wp\/v2\/media\/19898"}],"wp:attachment":[{"href":"https:\/\/www.caudete.org\/ayuntamiento\/wp-json\/wp\/v2\/media?parent=19886"}],"wp:term":[{"taxonomy":"category","embeddable":true,"href":"https:\/\/www.caudete.org\/ayuntamiento\/wp-json\/wp\/v2\/categories?post=19886"},{"taxonomy":"post_tag","embeddable":true,"href":"https:\/\/www.caudete.org\/ayuntamiento\/wp-json\/wp\/v2\/tags?post=19886"}],"curies":[{"name":"wp","href":"https:\/\/api.w.org\/{rel}","templated":true}]}}