{"id":19900,"date":"2022-08-19T18:22:22","date_gmt":"2022-08-19T16:22:22","guid":{"rendered":"https:\/\/www.caudete.org\/ayuntamiento\/?p=19900"},"modified":"2022-08-19T18:22:22","modified_gmt":"2022-08-19T16:22:22","slug":"formacion-para-mujeres-por-la-empleabilidad-y-las-competencias-digitales","status":"publish","type":"post","link":"https:\/\/www.caudete.org\/ayuntamiento\/formacion-para-mujeres-por-la-empleabilidad-y-las-competencias-digitales\/","title":{"rendered":"Formaci\u00f3n para mujeres por la Empleabilidad y las Competencias Digitales"},"content":{"rendered":"<p style=\"text-align: justify;\" align=\"justify\"><span style=\"font-family: georgia, palatino, serif;\">La Concejal\u00eda de Igualdad, a trav\u00e9s del Centro de la Mujer de Caudete, informa que mediante la colaboraci\u00f3n con la <em>Fundaci\u00f3n Mujeres<\/em> se va a realizar un ciclo formativo, dentro del Programa DANA +. <\/span><\/p>\n<p style=\"text-align: justify;\" align=\"justify\"><span style=\"font-family: georgia, palatino, serif;\">La formaci\u00f3n est\u00e1 estructurada en dos bloques de contenido. <\/span><span style=\"font-family: georgia, palatino, serif;\">En una primera etapa, se entrenar\u00e1n las competencias y habilidades para mejorar la empleabilidad y, en una segunda fase, se trabajar\u00e1 sobre las competencias digitales para el empleo.<\/span><\/p>\n<p style=\"text-align: justify;\" align=\"justify\"><span style=\"font-family: georgia, palatino, serif;\">Dicha oferta formativa est\u00e1 dirigida a mujeres que se encuentren en situaci\u00f3n de b\u00fasqueda de empleo, deseen mejorar su situaci\u00f3n laboral, quieran iniciar un proyecto de emprendimiento o se encuentren con la actividad iniciada y sean emprendedoras.<\/span><\/p>\n<p style=\"text-align: justify;\" align=\"justify\"><span style=\"font-family: georgia, palatino, serif;\">Como se puede apreciar, el abanico formativo es amplio, pues el objetivo es promover el empoderamiento y la empleabilidad de las mujeres de Caudete que encuentren dificultades a la hora de acceder al mercado laboral.<\/span><\/p>\n<p style=\"text-align: justify;\" align=\"justify\"><span style=\"font-family: georgia, palatino, serif;\">En el actual contexto socio-econ\u00f3mico es necesario adaptarse a los cambios que se producen y, nuestro mejor aliado es el aprendizaje y el entrenamiento de las competencias transversales. <\/span><\/p>\n<p style=\"text-align: justify;\" align=\"justify\"><span style=\"font-family: georgia, palatino, serif;\">Las capacidades digitales son importantes a la hora de afrontar la b\u00fasqueda de empleo: saber utilizar las herramientas en internet, seleccionar informaci\u00f3n, aprender a relacionarnos con seguridad, en definitiva aprender a utiliza el ordenador e Internet de manera pr\u00e1ctica y aplicada a la actividad de b\u00fasqueda de empleo.<\/span><\/p>\n<p style=\"text-align: justify;\" align=\"justify\"><span style=\"font-family: georgia, palatino, serif;\">La formaci\u00f3n se realizar\u00e1 durante el mes de septiembre. Las plazas son limitadas y para solicitar m\u00e1s informaci\u00f3n o inscribirte puedes acudir al Centro de la Mujer de Caudete sito en calle <span style=\"font-size: medium;\">Paracuellos de la Vega n\u00ba 3 o en el tel\u00e9fono 965825517 (de 0<\/span><span style=\"font-size: medium;\">9<\/span><span style=\"font-size: medium;\">:00 a 1<\/span><span style=\"font-size: medium;\">4<\/span><span style=\"font-size: medium;\">:00 horas).<\/span><\/span><\/p>\n<p align=\"justify\"><img fetchpriority=\"high\" decoding=\"async\" class=\"size-medium wp-image-19901 aligncenter\" src=\"https:\/\/www.caudete.org\/ayuntamiento\/wp-content\/uploads\/2022\/08\/Captura-de-pantalla-2022-08-19-182010-300x232.jpg\" alt=\"\" width=\"300\" height=\"232\" srcset=\"https:\/\/www.caudete.org\/ayuntamiento\/wp-content\/uploads\/2022\/08\/Captura-de-pantalla-2022-08-19-182010-300x232.jpg 300w, https:\/\/www.caudete.org\/ayuntamiento\/wp-content\/uploads\/2022\/08\/Captura-de-pantalla-2022-08-19-182010-768x593.jpg 768w, https:\/\/www.caudete.org\/ayuntamiento\/wp-content\/uploads\/2022\/08\/Captura-de-pantalla-2022-08-19-182010.jpg 966w\" sizes=\"(max-width: 300px) 100vw, 300px\" \/><\/p>\n<p align=\"justify\"><img decoding=\"async\" class=\"size-medium wp-image-19902 aligncenter\" src=\"https:\/\/www.caudete.org\/ayuntamiento\/wp-content\/uploads\/2022\/08\/Captura-de-pantalla-2022-08-19-182038-300x177.jpg\" alt=\"\" width=\"300\" height=\"177\" srcset=\"https:\/\/www.caudete.org\/ayuntamiento\/wp-content\/uploads\/2022\/08\/Captura-de-pantalla-2022-08-19-182038-300x177.jpg 300w, https:\/\/www.caudete.org\/ayuntamiento\/wp-content\/uploads\/2022\/08\/Captura-de-pantalla-2022-08-19-182038-768x452.jpg 768w, https:\/\/www.caudete.org\/ayuntamiento\/wp-content\/uploads\/2022\/08\/Captura-de-pantalla-2022-08-19-182038.jpg 973w\" sizes=\"(max-width: 300px) 100vw, 300px\" \/><\/p>\n","protected":false},"excerpt":{"rendered":"<p>La Concejal\u00eda de Igualdad, a trav\u00e9s del Centro de la Mujer de Caudete, informa que mediante la colaboraci\u00f3n con la Fundaci\u00f3n Mujeres se va a realizar un ciclo formativo, dentro del Programa DANA +. La formaci\u00f3n est\u00e1 estructurada en dos bloques de contenido. En una primera etapa, se entrenar\u00e1n las competencias y habilidades para mejorar &hellip;<\/p>\n","protected":false},"author":3,"featured_media":15535,"comment_status":"closed","ping_status":"open","sticky":false,"template":"","format":"standard","meta":{"ngg_post_thumbnail":0,"footnotes":""},"categories":[522],"tags":[],"class_list":["post-19900","post","type-post","status-publish","format-standard","has-post-thumbnail","hentry","category-igualdad"],"yoast_head":"<!-- This site is optimized with the Yoast SEO plugin v27.5 - https:\/\/yoast.com\/product\/yoast-seo-wordpress\/ -->\n<title>Formaci\u00f3n para mujeres por la Empleabilidad y las Competencias Digitales - MI Ayuntamiento de Caudete<\/title>\n<meta name=\"description\" content=\"P\u00e1gina Oficial del Ayuntamiento de Caudete (Albacete)\" \/>\n<meta name=\"robots\" content=\"index, follow, max-snippet:-1, max-image-preview:large, max-video-preview:-1\" \/>\n<link rel=\"canonical\" href=\"https:\/\/www.caudete.org\/ayuntamiento\/formacion-para-mujeres-por-la-empleabilidad-y-las-competencias-digitales\/\" \/>\n<meta property=\"og:locale\" content=\"es_ES\" \/>\n<meta property=\"og:type\" content=\"article\" \/>\n<meta property=\"og:title\" content=\"Formaci\u00f3n para mujeres por la Empleabilidad y las Competencias Digitales - MI Ayuntamiento de Caudete\" \/>\n<meta property=\"og:description\" content=\"P\u00e1gina Oficial del Ayuntamiento de Caudete (Albacete)\" \/>\n<meta property=\"og:url\" content=\"https:\/\/www.caudete.org\/ayuntamiento\/formacion-para-mujeres-por-la-empleabilidad-y-las-competencias-digitales\/\" \/>\n<meta property=\"og:site_name\" content=\"MI Ayuntamiento de Caudete\" \/>\n<meta property=\"article:publisher\" content=\"https:\/\/www.facebook.com\/ayuntamientocaudete\/\" \/>\n<meta property=\"article:published_time\" content=\"2022-08-19T16:22:22+00:00\" \/>\n<meta property=\"og:image\" content=\"https:\/\/www.caudete.org\/ayuntamiento\/wp-content\/uploads\/2021\/07\/centro_servicios_sociales.jpg\" \/>\n\t<meta property=\"og:image:width\" content=\"800\" \/>\n\t<meta property=\"og:image:height\" content=\"389\" \/>\n\t<meta property=\"og:image:type\" content=\"image\/jpeg\" \/>\n<meta name=\"author\" content=\"alcalde\" \/>\n<meta name=\"twitter:card\" content=\"summary_large_image\" \/>\n<meta name=\"twitter:label1\" content=\"Escrito por\" \/>\n\t<meta name=\"twitter:data1\" content=\"alcalde\" \/>\n\t<meta name=\"twitter:label2\" content=\"Tiempo de lectura\" \/>\n\t<meta name=\"twitter:data2\" content=\"2 minutos\" \/>\n<script type=\"application\/ld+json\" class=\"yoast-schema-graph\">{\"@context\":\"https:\\\/\\\/schema.org\",\"@graph\":[{\"@type\":\"Article\",\"@id\":\"https:\\\/\\\/www.caudete.org\\\/ayuntamiento\\\/formacion-para-mujeres-por-la-empleabilidad-y-las-competencias-digitales\\\/#article\",\"isPartOf\":{\"@id\":\"https:\\\/\\\/www.caudete.org\\\/ayuntamiento\\\/formacion-para-mujeres-por-la-empleabilidad-y-las-competencias-digitales\\\/\"},\"author\":{\"name\":\"alcalde\",\"@id\":\"https:\\\/\\\/www.caudete.org\\\/ayuntamiento\\\/#\\\/schema\\\/person\\\/cc646da9133078ee4d8dd47457947253\"},\"headline\":\"Formaci\u00f3n para mujeres por la Empleabilidad y las Competencias Digitales\",\"datePublished\":\"2022-08-19T16:22:22+00:00\",\"mainEntityOfPage\":{\"@id\":\"https:\\\/\\\/www.caudete.org\\\/ayuntamiento\\\/formacion-para-mujeres-por-la-empleabilidad-y-las-competencias-digitales\\\/\"},\"wordCount\":291,\"image\":{\"@id\":\"https:\\\/\\\/www.caudete.org\\\/ayuntamiento\\\/formacion-para-mujeres-por-la-empleabilidad-y-las-competencias-digitales\\\/#primaryimage\"},\"thumbnailUrl\":\"https:\\\/\\\/www.caudete.org\\\/ayuntamiento\\\/wp-content\\\/uploads\\\/2021\\\/07\\\/centro_servicios_sociales.jpg\",\"articleSection\":[\"Igualdad\"],\"inLanguage\":\"es\"},{\"@type\":\"WebPage\",\"@id\":\"https:\\\/\\\/www.caudete.org\\\/ayuntamiento\\\/formacion-para-mujeres-por-la-empleabilidad-y-las-competencias-digitales\\\/\",\"url\":\"https:\\\/\\\/www.caudete.org\\\/ayuntamiento\\\/formacion-para-mujeres-por-la-empleabilidad-y-las-competencias-digitales\\\/\",\"name\":\"Formaci\u00f3n para mujeres por la Empleabilidad y las Competencias Digitales - MI Ayuntamiento de Caudete\",\"isPartOf\":{\"@id\":\"https:\\\/\\\/www.caudete.org\\\/ayuntamiento\\\/#website\"},\"primaryImageOfPage\":{\"@id\":\"https:\\\/\\\/www.caudete.org\\\/ayuntamiento\\\/formacion-para-mujeres-por-la-empleabilidad-y-las-competencias-digitales\\\/#primaryimage\"},\"image\":{\"@id\":\"https:\\\/\\\/www.caudete.org\\\/ayuntamiento\\\/formacion-para-mujeres-por-la-empleabilidad-y-las-competencias-digitales\\\/#primaryimage\"},\"thumbnailUrl\":\"https:\\\/\\\/www.caudete.org\\\/ayuntamiento\\\/wp-content\\\/uploads\\\/2021\\\/07\\\/centro_servicios_sociales.jpg\",\"datePublished\":\"2022-08-19T16:22:22+00:00\",\"author\":{\"@id\":\"https:\\\/\\\/www.caudete.org\\\/ayuntamiento\\\/#\\\/schema\\\/person\\\/cc646da9133078ee4d8dd47457947253\"},\"description\":\"P\u00e1gina Oficial del Ayuntamiento de Caudete (Albacete)\",\"breadcrumb\":{\"@id\":\"https:\\\/\\\/www.caudete.org\\\/ayuntamiento\\\/formacion-para-mujeres-por-la-empleabilidad-y-las-competencias-digitales\\\/#breadcrumb\"},\"inLanguage\":\"es\",\"potentialAction\":[{\"@type\":\"ReadAction\",\"target\":[\"https:\\\/\\\/www.caudete.org\\\/ayuntamiento\\\/formacion-para-mujeres-por-la-empleabilidad-y-las-competencias-digitales\\\/\"]}]},{\"@type\":\"ImageObject\",\"inLanguage\":\"es\",\"@id\":\"https:\\\/\\\/www.caudete.org\\\/ayuntamiento\\\/formacion-para-mujeres-por-la-empleabilidad-y-las-competencias-digitales\\\/#primaryimage\",\"url\":\"https:\\\/\\\/www.caudete.org\\\/ayuntamiento\\\/wp-content\\\/uploads\\\/2021\\\/07\\\/centro_servicios_sociales.jpg\",\"contentUrl\":\"https:\\\/\\\/www.caudete.org\\\/ayuntamiento\\\/wp-content\\\/uploads\\\/2021\\\/07\\\/centro_servicios_sociales.jpg\",\"width\":800,\"height\":389},{\"@type\":\"BreadcrumbList\",\"@id\":\"https:\\\/\\\/www.caudete.org\\\/ayuntamiento\\\/formacion-para-mujeres-por-la-empleabilidad-y-las-competencias-digitales\\\/#breadcrumb\",\"itemListElement\":[{\"@type\":\"ListItem\",\"position\":1,\"name\":\"Inicio\",\"item\":\"https:\\\/\\\/www.caudete.org\\\/ayuntamiento\\\/\"},{\"@type\":\"ListItem\",\"position\":2,\"name\":\"Formaci\u00f3n para mujeres por la Empleabilidad y las Competencias Digitales\"}]},{\"@type\":\"WebSite\",\"@id\":\"https:\\\/\\\/www.caudete.org\\\/ayuntamiento\\\/#website\",\"url\":\"https:\\\/\\\/www.caudete.org\\\/ayuntamiento\\\/\",\"name\":\"MI Ayuntamiento de Caudete\",\"description\":\"P\u00e1gina Oficial del MI Ayuntamiento de Caudete\",\"potentialAction\":[{\"@type\":\"SearchAction\",\"target\":{\"@type\":\"EntryPoint\",\"urlTemplate\":\"https:\\\/\\\/www.caudete.org\\\/ayuntamiento\\\/?s={search_term_string}\"},\"query-input\":{\"@type\":\"PropertyValueSpecification\",\"valueRequired\":true,\"valueName\":\"search_term_string\"}}],\"inLanguage\":\"es\"},{\"@type\":\"Person\",\"@id\":\"https:\\\/\\\/www.caudete.org\\\/ayuntamiento\\\/#\\\/schema\\\/person\\\/cc646da9133078ee4d8dd47457947253\",\"name\":\"alcalde\",\"image\":{\"@type\":\"ImageObject\",\"inLanguage\":\"es\",\"@id\":\"https:\\\/\\\/secure.gravatar.com\\\/avatar\\\/84a817ba065b29ff08d666b215a215f5c79186a645ccb25b14a663d48a130f77?s=96&d=mm&r=g\",\"url\":\"https:\\\/\\\/secure.gravatar.com\\\/avatar\\\/84a817ba065b29ff08d666b215a215f5c79186a645ccb25b14a663d48a130f77?s=96&d=mm&r=g\",\"contentUrl\":\"https:\\\/\\\/secure.gravatar.com\\\/avatar\\\/84a817ba065b29ff08d666b215a215f5c79186a645ccb25b14a663d48a130f77?s=96&d=mm&r=g\",\"caption\":\"alcalde\"},\"url\":\"https:\\\/\\\/www.caudete.org\\\/ayuntamiento\\\/author\\\/alcalde\\\/\"}]}<\/script>\n<!-- \/ Yoast SEO plugin. -->","yoast_head_json":{"title":"Formaci\u00f3n para mujeres por la Empleabilidad y las Competencias Digitales - MI Ayuntamiento de Caudete","description":"P\u00e1gina Oficial del Ayuntamiento de Caudete (Albacete)","robots":{"index":"index","follow":"follow","max-snippet":"max-snippet:-1","max-image-preview":"max-image-preview:large","max-video-preview":"max-video-preview:-1"},"canonical":"https:\/\/www.caudete.org\/ayuntamiento\/formacion-para-mujeres-por-la-empleabilidad-y-las-competencias-digitales\/","og_locale":"es_ES","og_type":"article","og_title":"Formaci\u00f3n para mujeres por la Empleabilidad y las Competencias Digitales - MI Ayuntamiento de Caudete","og_description":"P\u00e1gina Oficial del Ayuntamiento de Caudete (Albacete)","og_url":"https:\/\/www.caudete.org\/ayuntamiento\/formacion-para-mujeres-por-la-empleabilidad-y-las-competencias-digitales\/","og_site_name":"MI Ayuntamiento de Caudete","article_publisher":"https:\/\/www.facebook.com\/ayuntamientocaudete\/","article_published_time":"2022-08-19T16:22:22+00:00","og_image":[{"width":800,"height":389,"url":"https:\/\/www.caudete.org\/ayuntamiento\/wp-content\/uploads\/2021\/07\/centro_servicios_sociales.jpg","type":"image\/jpeg"}],"author":"alcalde","twitter_card":"summary_large_image","twitter_misc":{"Escrito por":"alcalde","Tiempo de lectura":"2 minutos"},"schema":{"@context":"https:\/\/schema.org","@graph":[{"@type":"Article","@id":"https:\/\/www.caudete.org\/ayuntamiento\/formacion-para-mujeres-por-la-empleabilidad-y-las-competencias-digitales\/#article","isPartOf":{"@id":"https:\/\/www.caudete.org\/ayuntamiento\/formacion-para-mujeres-por-la-empleabilidad-y-las-competencias-digitales\/"},"author":{"name":"alcalde","@id":"https:\/\/www.caudete.org\/ayuntamiento\/#\/schema\/person\/cc646da9133078ee4d8dd47457947253"},"headline":"Formaci\u00f3n para mujeres por la Empleabilidad y las Competencias Digitales","datePublished":"2022-08-19T16:22:22+00:00","mainEntityOfPage":{"@id":"https:\/\/www.caudete.org\/ayuntamiento\/formacion-para-mujeres-por-la-empleabilidad-y-las-competencias-digitales\/"},"wordCount":291,"image":{"@id":"https:\/\/www.caudete.org\/ayuntamiento\/formacion-para-mujeres-por-la-empleabilidad-y-las-competencias-digitales\/#primaryimage"},"thumbnailUrl":"https:\/\/www.caudete.org\/ayuntamiento\/wp-content\/uploads\/2021\/07\/centro_servicios_sociales.jpg","articleSection":["Igualdad"],"inLanguage":"es"},{"@type":"WebPage","@id":"https:\/\/www.caudete.org\/ayuntamiento\/formacion-para-mujeres-por-la-empleabilidad-y-las-competencias-digitales\/","url":"https:\/\/www.caudete.org\/ayuntamiento\/formacion-para-mujeres-por-la-empleabilidad-y-las-competencias-digitales\/","name":"Formaci\u00f3n para mujeres por la Empleabilidad y las Competencias Digitales - MI Ayuntamiento de Caudete","isPartOf":{"@id":"https:\/\/www.caudete.org\/ayuntamiento\/#website"},"primaryImageOfPage":{"@id":"https:\/\/www.caudete.org\/ayuntamiento\/formacion-para-mujeres-por-la-empleabilidad-y-las-competencias-digitales\/#primaryimage"},"image":{"@id":"https:\/\/www.caudete.org\/ayuntamiento\/formacion-para-mujeres-por-la-empleabilidad-y-las-competencias-digitales\/#primaryimage"},"thumbnailUrl":"https:\/\/www.caudete.org\/ayuntamiento\/wp-content\/uploads\/2021\/07\/centro_servicios_sociales.jpg","datePublished":"2022-08-19T16:22:22+00:00","author":{"@id":"https:\/\/www.caudete.org\/ayuntamiento\/#\/schema\/person\/cc646da9133078ee4d8dd47457947253"},"description":"P\u00e1gina Oficial del Ayuntamiento de Caudete (Albacete)","breadcrumb":{"@id":"https:\/\/www.caudete.org\/ayuntamiento\/formacion-para-mujeres-por-la-empleabilidad-y-las-competencias-digitales\/#breadcrumb"},"inLanguage":"es","potentialAction":[{"@type":"ReadAction","target":["https:\/\/www.caudete.org\/ayuntamiento\/formacion-para-mujeres-por-la-empleabilidad-y-las-competencias-digitales\/"]}]},{"@type":"ImageObject","inLanguage":"es","@id":"https:\/\/www.caudete.org\/ayuntamiento\/formacion-para-mujeres-por-la-empleabilidad-y-las-competencias-digitales\/#primaryimage","url":"https:\/\/www.caudete.org\/ayuntamiento\/wp-content\/uploads\/2021\/07\/centro_servicios_sociales.jpg","contentUrl":"https:\/\/www.caudete.org\/ayuntamiento\/wp-content\/uploads\/2021\/07\/centro_servicios_sociales.jpg","width":800,"height":389},{"@type":"BreadcrumbList","@id":"https:\/\/www.caudete.org\/ayuntamiento\/formacion-para-mujeres-por-la-empleabilidad-y-las-competencias-digitales\/#breadcrumb","itemListElement":[{"@type":"ListItem","position":1,"name":"Inicio","item":"https:\/\/www.caudete.org\/ayuntamiento\/"},{"@type":"ListItem","position":2,"name":"Formaci\u00f3n para mujeres por la Empleabilidad y las Competencias Digitales"}]},{"@type":"WebSite","@id":"https:\/\/www.caudete.org\/ayuntamiento\/#website","url":"https:\/\/www.caudete.org\/ayuntamiento\/","name":"MI Ayuntamiento de Caudete","description":"P\u00e1gina Oficial del MI Ayuntamiento de Caudete","potentialAction":[{"@type":"SearchAction","target":{"@type":"EntryPoint","urlTemplate":"https:\/\/www.caudete.org\/ayuntamiento\/?s={search_term_string}"},"query-input":{"@type":"PropertyValueSpecification","valueRequired":true,"valueName":"search_term_string"}}],"inLanguage":"es"},{"@type":"Person","@id":"https:\/\/www.caudete.org\/ayuntamiento\/#\/schema\/person\/cc646da9133078ee4d8dd47457947253","name":"alcalde","image":{"@type":"ImageObject","inLanguage":"es","@id":"https:\/\/secure.gravatar.com\/avatar\/84a817ba065b29ff08d666b215a215f5c79186a645ccb25b14a663d48a130f77?s=96&d=mm&r=g","url":"https:\/\/secure.gravatar.com\/avatar\/84a817ba065b29ff08d666b215a215f5c79186a645ccb25b14a663d48a130f77?s=96&d=mm&r=g","contentUrl":"https:\/\/secure.gravatar.com\/avatar\/84a817ba065b29ff08d666b215a215f5c79186a645ccb25b14a663d48a130f77?s=96&d=mm&r=g","caption":"alcalde"},"url":"https:\/\/www.caudete.org\/ayuntamiento\/author\/alcalde\/"}]}},"_links":{"self":[{"href":"https:\/\/www.caudete.org\/ayuntamiento\/wp-json\/wp\/v2\/posts\/19900","targetHints":{"allow":["GET"]}}],"collection":[{"href":"https:\/\/www.caudete.org\/ayuntamiento\/wp-json\/wp\/v2\/posts"}],"about":[{"href":"https:\/\/www.caudete.org\/ayuntamiento\/wp-json\/wp\/v2\/types\/post"}],"author":[{"embeddable":true,"href":"https:\/\/www.caudete.org\/ayuntamiento\/wp-json\/wp\/v2\/users\/3"}],"replies":[{"embeddable":true,"href":"https:\/\/www.caudete.org\/ayuntamiento\/wp-json\/wp\/v2\/comments?post=19900"}],"version-history":[{"count":1,"href":"https:\/\/www.caudete.org\/ayuntamiento\/wp-json\/wp\/v2\/posts\/19900\/revisions"}],"predecessor-version":[{"id":19903,"href":"https:\/\/www.caudete.org\/ayuntamiento\/wp-json\/wp\/v2\/posts\/19900\/revisions\/19903"}],"wp:featuredmedia":[{"embeddable":true,"href":"https:\/\/www.caudete.org\/ayuntamiento\/wp-json\/wp\/v2\/media\/15535"}],"wp:attachment":[{"href":"https:\/\/www.caudete.org\/ayuntamiento\/wp-json\/wp\/v2\/media?parent=19900"}],"wp:term":[{"taxonomy":"category","embeddable":true,"href":"https:\/\/www.caudete.org\/ayuntamiento\/wp-json\/wp\/v2\/categories?post=19900"},{"taxonomy":"post_tag","embeddable":true,"href":"https:\/\/www.caudete.org\/ayuntamiento\/wp-json\/wp\/v2\/tags?post=19900"}],"curies":[{"name":"wp","href":"https:\/\/api.w.org\/{rel}","templated":true}]}}