{"id":19920,"date":"2022-08-23T20:46:46","date_gmt":"2022-08-23T18:46:46","guid":{"rendered":"https:\/\/www.caudete.org\/ayuntamiento\/?p=19920"},"modified":"2022-08-23T20:46:46","modified_gmt":"2022-08-23T18:46:46","slug":"curso-de-manejo-y-mantenimiento-de-maquinaria-agricola-2","status":"publish","type":"post","link":"https:\/\/www.caudete.org\/ayuntamiento\/curso-de-manejo-y-mantenimiento-de-maquinaria-agricola-2\/","title":{"rendered":"Curso de Manejo y Mantenimiento de Maquinaria Agr\u00edcola"},"content":{"rendered":"<p style=\"text-align: justify;\">La Concejal de Empleo y Formaci\u00f3n daba a conocer el curso de <span dir=\"ltr\" role=\"presentation\">MANEJO Y MANTENIMIENTO DE MAQUINARIA AGRICOLA que proximamente se va a impartir en la localidad por medio de Meser Center Formaci\u00f3n, dise\u00f1ado con una metodolog\u00eda que har\u00e1 asistir al alumno 3 d\u00edas a la semana durante los meses de Septiembre a Diciembre.<\/span><\/p>\n<p style=\"text-align: justify;\">Con la superaci\u00f3n del Curso, se obtendr\u00e1n los Carnets de <span dir=\"ltr\" role=\"presentation\">Tractorista, Carretillero y de <\/span><span dir=\"ltr\" role=\"presentation\">Fitosanitarios Cualificado. Adem\u00e1s, se puede optar a Beca seg\u00fan los baremos establecidos y que pueden consultarse junto a otra informaci\u00f3n de inter\u00e9s al final de la presente nota.<\/span><br role=\"presentation\" \/>\n<\/p>\n<p style=\"text-align: justify;\">\n<p style=\"text-align: justify;\"><span dir=\"ltr\" role=\"presentation\">Tel\u00e9fonos de contacto: 965 348 670 \/ <\/span><span dir=\"ltr\" role=\"presentation\">655 928 988<\/span><br role=\"presentation\" \/><strong><span style=\"text-decoration: underline;\"><span dir=\"ltr\" role=\"presentation\">Curso:<\/span> <\/span><span dir=\"ltr\" role=\"presentation\">MANEJO Y MANTENIMIENTO DE MAQUINARIA AGRICOLA<\/span><\/strong><br role=\"presentation\" \/><br role=\"presentation\" \/><span dir=\"ltr\" role=\"presentation\"><strong>Inicio<\/strong>: 01\/09\/2022<\/span><br role=\"presentation\" \/><span dir=\"ltr\" role=\"presentation\"><strong>Finalizaci\u00f3n<\/strong>: 30\/12\/2022<\/span><\/p>\n<p style=\"text-align: justify;\"><span dir=\"ltr\" role=\"presentation\"><strong>Horario<\/strong>: <\/span><span dir=\"ltr\" role=\"presentation\">De 07:00 a 15:00 h<\/span><\/p>\n<p style=\"text-align: justify;\"><span style=\"text-decoration: underline;\"><strong><span dir=\"ltr\" role=\"presentation\">Distribuci\u00f3n semanal Te\u00f3rico\/Pr\u00e1ctica:<\/span><\/strong><\/span><br role=\"presentation\" \/><span dir=\"ltr\" role=\"presentation\">\u00a0 \u00a0 \u00a0 \u00a0<em><strong>Teor\u00eda<\/strong><\/em>: Lunes y Martes<\/span><br role=\"presentation\" \/><span dir=\"ltr\" role=\"presentation\">\u00a0 \u00a0 \u00a0 \u00a0 \u00a0 \u00a0 \u00a0 \u00a0 \u00a0 \u00a0 \u00a0 \uf0b7<\/span> <span dir=\"ltr\" role=\"presentation\">A las clases de teor\u00eda asiste el grupo completo de participantes (15 alumnos)<\/span><br role=\"presentation\" \/><span dir=\"ltr\" role=\"presentation\">\u00a0 \u00a0 \u00a0 \u00a0<em><strong>Practica<\/strong><\/em>: Mi\u00e9rcoles, Jueves y Viernes<\/span><br role=\"presentation\" \/><span dir=\"ltr\" role=\"presentation\">\u00a0 \u00a0 \u00a0 \u00a0 \u00a0 \u00a0 \u00a0 \u00a0 \u00a0 \u00a0 \u00a0 \uf0b7<\/span> <span dir=\"ltr\" role=\"presentation\">Las sesiones pr\u00e1cticas se dividen en grupos de 5 participantes.<\/span><br role=\"presentation\" \/><span dir=\"ltr\" role=\"presentation\">\u00a0 \u00a0 \u00a0 \u00a0 \u00a0 \u00a0 \u00a0 \u00a0 \u00a0 \u00a0 \u00a0 \u00a0 \u00a0 \u00a0Mi\u00e9rcoles (grupo 1), Jueves (grupo 2) y Viernes (grupo 3)<\/span><\/p>\n<p style=\"text-align: justify;\"><span style=\"text-decoration: underline;\"><strong><span dir=\"ltr\" role=\"presentation\">BECAS:<\/span><\/strong><\/span><br role=\"presentation\" \/><span dir=\"ltr\" role=\"presentation\">Los participantes tienen derecho a las siguientes becas:<\/span><\/p>\n<p style=\"text-align: justify; padding-left: 40px;\"><span dir=\"ltr\" role=\"presentation\">&#8211;<\/span> <span dir=\"ltr\" role=\"presentation\">Por desplazamiento. Cuando el participante reside en una localidad distinta a la del centro formativo:<\/span><br role=\"presentation\" \/><span dir=\"ltr\" role=\"presentation\">0,19 \u20ac por kil\u00f3metro.<\/span><br role=\"presentation\" \/><span dir=\"ltr\" role=\"presentation\">&#8211;<\/span> <span dir=\"ltr\" role=\"presentation\">Conciliaci\u00f3n. Por hijos menores de 12 a\u00f1os o con familiar a su cargo, siempre que la renta sea inferior<\/span><br role=\"presentation\" \/><span dir=\"ltr\" role=\"presentation\">al 75% del IMPREM: 12\u20ac por d\u00eda.<\/span><br role=\"presentation\" \/><span dir=\"ltr\" role=\"presentation\">&#8211;<\/span> <span dir=\"ltr\" role=\"presentation\">Discapacidad: 9\u20ac por d\u00eda asistido.<\/span><br role=\"presentation\" \/><span dir=\"ltr\" role=\"presentation\">&#8211;<\/span> <span dir=\"ltr\" role=\"presentation\">Mujeres V\u00edctimas de Violencia de Genero.<\/span><br role=\"presentation\" \/><span dir=\"ltr\" role=\"presentation\">&#8211;<\/span> <span dir=\"ltr\" role=\"presentation\">Manutenci\u00f3n y alojamiento. Siempre que el curso se haga en jornada partida (ma\u00f1ana y tarde): 80\u20ac<\/span><br role=\"presentation\" \/><span dir=\"ltr\" role=\"presentation\">por d\u00eda asistido<\/span><\/p>\n","protected":false},"excerpt":{"rendered":"<p>La Concejal de Empleo y Formaci\u00f3n daba a conocer el curso de MANEJO Y MANTENIMIENTO DE MAQUINARIA AGRICOLA que proximamente se va a impartir en la localidad por medio de Meser Center Formaci\u00f3n, dise\u00f1ado con una metodolog\u00eda que har\u00e1 asistir al alumno 3 d\u00edas a la semana durante los meses de Septiembre a Diciembre. Con &hellip;<\/p>\n","protected":false},"author":3,"featured_media":19921,"comment_status":"closed","ping_status":"open","sticky":false,"template":"","format":"standard","meta":{"ngg_post_thumbnail":0,"footnotes":""},"categories":[37],"tags":[],"class_list":["post-19920","post","type-post","status-publish","format-standard","has-post-thumbnail","hentry","category-empleo-y-formacion"],"yoast_head":"<!-- This site is optimized with the Yoast SEO plugin v27.4 - https:\/\/yoast.com\/product\/yoast-seo-wordpress\/ -->\n<title>Curso de Manejo y Mantenimiento de Maquinaria Agr\u00edcola - MI Ayuntamiento de Caudete<\/title>\n<meta name=\"description\" content=\"P\u00e1gina Oficial del Ayuntamiento de Caudete (Albacete)\" \/>\n<meta name=\"robots\" content=\"index, follow, max-snippet:-1, max-image-preview:large, max-video-preview:-1\" \/>\n<link rel=\"canonical\" href=\"https:\/\/www.caudete.org\/ayuntamiento\/curso-de-manejo-y-mantenimiento-de-maquinaria-agricola-2\/\" \/>\n<meta property=\"og:locale\" content=\"es_ES\" \/>\n<meta property=\"og:type\" content=\"article\" \/>\n<meta property=\"og:title\" content=\"Curso de Manejo y Mantenimiento de Maquinaria Agr\u00edcola - MI Ayuntamiento de Caudete\" \/>\n<meta property=\"og:description\" content=\"P\u00e1gina Oficial del Ayuntamiento de Caudete (Albacete)\" \/>\n<meta property=\"og:url\" content=\"https:\/\/www.caudete.org\/ayuntamiento\/curso-de-manejo-y-mantenimiento-de-maquinaria-agricola-2\/\" \/>\n<meta property=\"og:site_name\" content=\"MI Ayuntamiento de Caudete\" \/>\n<meta property=\"article:publisher\" content=\"https:\/\/www.facebook.com\/ayuntamientocaudete\/\" \/>\n<meta property=\"article:published_time\" content=\"2022-08-23T18:46:46+00:00\" \/>\n<meta property=\"og:image\" content=\"https:\/\/www.caudete.org\/ayuntamiento\/wp-content\/uploads\/2022\/08\/Captura-de-pantalla-2022-08-23-203623.jpg\" \/>\n\t<meta property=\"og:image:width\" content=\"1400\" \/>\n\t<meta property=\"og:image:height\" content=\"800\" \/>\n\t<meta property=\"og:image:type\" content=\"image\/jpeg\" \/>\n<meta name=\"author\" content=\"alcalde\" \/>\n<meta name=\"twitter:card\" content=\"summary_large_image\" \/>\n<meta name=\"twitter:label1\" content=\"Escrito por\" \/>\n\t<meta name=\"twitter:data1\" content=\"alcalde\" \/>\n\t<meta name=\"twitter:label2\" content=\"Tiempo de lectura\" \/>\n\t<meta name=\"twitter:data2\" content=\"2 minutos\" \/>\n<script type=\"application\/ld+json\" class=\"yoast-schema-graph\">{\"@context\":\"https:\\\/\\\/schema.org\",\"@graph\":[{\"@type\":\"Article\",\"@id\":\"https:\\\/\\\/www.caudete.org\\\/ayuntamiento\\\/curso-de-manejo-y-mantenimiento-de-maquinaria-agricola-2\\\/#article\",\"isPartOf\":{\"@id\":\"https:\\\/\\\/www.caudete.org\\\/ayuntamiento\\\/curso-de-manejo-y-mantenimiento-de-maquinaria-agricola-2\\\/\"},\"author\":{\"name\":\"alcalde\",\"@id\":\"https:\\\/\\\/www.caudete.org\\\/ayuntamiento\\\/#\\\/schema\\\/person\\\/cc646da9133078ee4d8dd47457947253\"},\"headline\":\"Curso de Manejo y Mantenimiento de Maquinaria Agr\u00edcola\",\"datePublished\":\"2022-08-23T18:46:46+00:00\",\"mainEntityOfPage\":{\"@id\":\"https:\\\/\\\/www.caudete.org\\\/ayuntamiento\\\/curso-de-manejo-y-mantenimiento-de-maquinaria-agricola-2\\\/\"},\"wordCount\":273,\"publisher\":{\"@id\":\"https:\\\/\\\/www.caudete.org\\\/ayuntamiento\\\/#organization\"},\"image\":{\"@id\":\"https:\\\/\\\/www.caudete.org\\\/ayuntamiento\\\/curso-de-manejo-y-mantenimiento-de-maquinaria-agricola-2\\\/#primaryimage\"},\"thumbnailUrl\":\"https:\\\/\\\/www.caudete.org\\\/ayuntamiento\\\/wp-content\\\/uploads\\\/2022\\\/08\\\/Captura-de-pantalla-2022-08-23-203623.jpg\",\"articleSection\":[\"Empleo y Formaci\u00f3n\"],\"inLanguage\":\"es\"},{\"@type\":\"WebPage\",\"@id\":\"https:\\\/\\\/www.caudete.org\\\/ayuntamiento\\\/curso-de-manejo-y-mantenimiento-de-maquinaria-agricola-2\\\/\",\"url\":\"https:\\\/\\\/www.caudete.org\\\/ayuntamiento\\\/curso-de-manejo-y-mantenimiento-de-maquinaria-agricola-2\\\/\",\"name\":\"Curso de Manejo y Mantenimiento de Maquinaria Agr\u00edcola - MI Ayuntamiento de Caudete\",\"isPartOf\":{\"@id\":\"https:\\\/\\\/www.caudete.org\\\/ayuntamiento\\\/#website\"},\"primaryImageOfPage\":{\"@id\":\"https:\\\/\\\/www.caudete.org\\\/ayuntamiento\\\/curso-de-manejo-y-mantenimiento-de-maquinaria-agricola-2\\\/#primaryimage\"},\"image\":{\"@id\":\"https:\\\/\\\/www.caudete.org\\\/ayuntamiento\\\/curso-de-manejo-y-mantenimiento-de-maquinaria-agricola-2\\\/#primaryimage\"},\"thumbnailUrl\":\"https:\\\/\\\/www.caudete.org\\\/ayuntamiento\\\/wp-content\\\/uploads\\\/2022\\\/08\\\/Captura-de-pantalla-2022-08-23-203623.jpg\",\"datePublished\":\"2022-08-23T18:46:46+00:00\",\"description\":\"P\u00e1gina Oficial del Ayuntamiento de Caudete (Albacete)\",\"breadcrumb\":{\"@id\":\"https:\\\/\\\/www.caudete.org\\\/ayuntamiento\\\/curso-de-manejo-y-mantenimiento-de-maquinaria-agricola-2\\\/#breadcrumb\"},\"inLanguage\":\"es\",\"potentialAction\":[{\"@type\":\"ReadAction\",\"target\":[\"https:\\\/\\\/www.caudete.org\\\/ayuntamiento\\\/curso-de-manejo-y-mantenimiento-de-maquinaria-agricola-2\\\/\"]}]},{\"@type\":\"ImageObject\",\"inLanguage\":\"es\",\"@id\":\"https:\\\/\\\/www.caudete.org\\\/ayuntamiento\\\/curso-de-manejo-y-mantenimiento-de-maquinaria-agricola-2\\\/#primaryimage\",\"url\":\"https:\\\/\\\/www.caudete.org\\\/ayuntamiento\\\/wp-content\\\/uploads\\\/2022\\\/08\\\/Captura-de-pantalla-2022-08-23-203623.jpg\",\"contentUrl\":\"https:\\\/\\\/www.caudete.org\\\/ayuntamiento\\\/wp-content\\\/uploads\\\/2022\\\/08\\\/Captura-de-pantalla-2022-08-23-203623.jpg\",\"width\":1400,\"height\":800},{\"@type\":\"BreadcrumbList\",\"@id\":\"https:\\\/\\\/www.caudete.org\\\/ayuntamiento\\\/curso-de-manejo-y-mantenimiento-de-maquinaria-agricola-2\\\/#breadcrumb\",\"itemListElement\":[{\"@type\":\"ListItem\",\"position\":1,\"name\":\"Inicio\",\"item\":\"https:\\\/\\\/www.caudete.org\\\/ayuntamiento\\\/\"},{\"@type\":\"ListItem\",\"position\":2,\"name\":\"Curso de Manejo y Mantenimiento de Maquinaria Agr\u00edcola\"}]},{\"@type\":\"WebSite\",\"@id\":\"https:\\\/\\\/www.caudete.org\\\/ayuntamiento\\\/#website\",\"url\":\"https:\\\/\\\/www.caudete.org\\\/ayuntamiento\\\/\",\"name\":\"MI Ayuntamiento de Caudete\",\"description\":\"P\u00e1gina Oficial del MI Ayuntamiento de Caudete\",\"publisher\":{\"@id\":\"https:\\\/\\\/www.caudete.org\\\/ayuntamiento\\\/#organization\"},\"potentialAction\":[{\"@type\":\"SearchAction\",\"target\":{\"@type\":\"EntryPoint\",\"urlTemplate\":\"https:\\\/\\\/www.caudete.org\\\/ayuntamiento\\\/?s={search_term_string}\"},\"query-input\":{\"@type\":\"PropertyValueSpecification\",\"valueRequired\":true,\"valueName\":\"search_term_string\"}}],\"inLanguage\":\"es\"},{\"@type\":\"Organization\",\"@id\":\"https:\\\/\\\/www.caudete.org\\\/ayuntamiento\\\/#organization\",\"name\":\"Ayuntamiento de Caudete\",\"url\":\"https:\\\/\\\/www.caudete.org\\\/ayuntamiento\\\/\",\"logo\":{\"@type\":\"ImageObject\",\"inLanguage\":\"es\",\"@id\":\"https:\\\/\\\/www.caudete.org\\\/ayuntamiento\\\/#\\\/schema\\\/logo\\\/image\\\/\",\"url\":\"https:\\\/\\\/www.caudete.org\\\/ayuntamiento\\\/wp-content\\\/uploads\\\/2020\\\/11\\\/logo_ayuntamiento_caudete.jpg\",\"contentUrl\":\"https:\\\/\\\/www.caudete.org\\\/ayuntamiento\\\/wp-content\\\/uploads\\\/2020\\\/11\\\/logo_ayuntamiento_caudete.jpg\",\"width\":600,\"height\":150,\"caption\":\"Ayuntamiento de Caudete\"},\"image\":{\"@id\":\"https:\\\/\\\/www.caudete.org\\\/ayuntamiento\\\/#\\\/schema\\\/logo\\\/image\\\/\"},\"sameAs\":[\"https:\\\/\\\/www.facebook.com\\\/ayuntamientocaudete\\\/\",\"https:\\\/\\\/www.youtube.com\\\/channel\\\/UC6VztHaooNsGpw-tNoBEFnQ\"]},{\"@type\":\"Person\",\"@id\":\"https:\\\/\\\/www.caudete.org\\\/ayuntamiento\\\/#\\\/schema\\\/person\\\/cc646da9133078ee4d8dd47457947253\",\"name\":\"alcalde\",\"image\":{\"@type\":\"ImageObject\",\"inLanguage\":\"es\",\"@id\":\"https:\\\/\\\/secure.gravatar.com\\\/avatar\\\/84a817ba065b29ff08d666b215a215f5c79186a645ccb25b14a663d48a130f77?s=96&d=mm&r=g\",\"url\":\"https:\\\/\\\/secure.gravatar.com\\\/avatar\\\/84a817ba065b29ff08d666b215a215f5c79186a645ccb25b14a663d48a130f77?s=96&d=mm&r=g\",\"contentUrl\":\"https:\\\/\\\/secure.gravatar.com\\\/avatar\\\/84a817ba065b29ff08d666b215a215f5c79186a645ccb25b14a663d48a130f77?s=96&d=mm&r=g\",\"caption\":\"alcalde\"},\"url\":\"https:\\\/\\\/www.caudete.org\\\/ayuntamiento\\\/author\\\/alcalde\\\/\"}]}<\/script>\n<!-- \/ Yoast SEO plugin. -->","yoast_head_json":{"title":"Curso de Manejo y Mantenimiento de Maquinaria Agr\u00edcola - MI Ayuntamiento de Caudete","description":"P\u00e1gina Oficial del Ayuntamiento de Caudete (Albacete)","robots":{"index":"index","follow":"follow","max-snippet":"max-snippet:-1","max-image-preview":"max-image-preview:large","max-video-preview":"max-video-preview:-1"},"canonical":"https:\/\/www.caudete.org\/ayuntamiento\/curso-de-manejo-y-mantenimiento-de-maquinaria-agricola-2\/","og_locale":"es_ES","og_type":"article","og_title":"Curso de Manejo y Mantenimiento de Maquinaria Agr\u00edcola - MI Ayuntamiento de Caudete","og_description":"P\u00e1gina Oficial del Ayuntamiento de Caudete (Albacete)","og_url":"https:\/\/www.caudete.org\/ayuntamiento\/curso-de-manejo-y-mantenimiento-de-maquinaria-agricola-2\/","og_site_name":"MI Ayuntamiento de Caudete","article_publisher":"https:\/\/www.facebook.com\/ayuntamientocaudete\/","article_published_time":"2022-08-23T18:46:46+00:00","og_image":[{"width":1400,"height":800,"url":"https:\/\/www.caudete.org\/ayuntamiento\/wp-content\/uploads\/2022\/08\/Captura-de-pantalla-2022-08-23-203623.jpg","type":"image\/jpeg"}],"author":"alcalde","twitter_card":"summary_large_image","twitter_misc":{"Escrito por":"alcalde","Tiempo de lectura":"2 minutos"},"schema":{"@context":"https:\/\/schema.org","@graph":[{"@type":"Article","@id":"https:\/\/www.caudete.org\/ayuntamiento\/curso-de-manejo-y-mantenimiento-de-maquinaria-agricola-2\/#article","isPartOf":{"@id":"https:\/\/www.caudete.org\/ayuntamiento\/curso-de-manejo-y-mantenimiento-de-maquinaria-agricola-2\/"},"author":{"name":"alcalde","@id":"https:\/\/www.caudete.org\/ayuntamiento\/#\/schema\/person\/cc646da9133078ee4d8dd47457947253"},"headline":"Curso de Manejo y Mantenimiento de Maquinaria Agr\u00edcola","datePublished":"2022-08-23T18:46:46+00:00","mainEntityOfPage":{"@id":"https:\/\/www.caudete.org\/ayuntamiento\/curso-de-manejo-y-mantenimiento-de-maquinaria-agricola-2\/"},"wordCount":273,"publisher":{"@id":"https:\/\/www.caudete.org\/ayuntamiento\/#organization"},"image":{"@id":"https:\/\/www.caudete.org\/ayuntamiento\/curso-de-manejo-y-mantenimiento-de-maquinaria-agricola-2\/#primaryimage"},"thumbnailUrl":"https:\/\/www.caudete.org\/ayuntamiento\/wp-content\/uploads\/2022\/08\/Captura-de-pantalla-2022-08-23-203623.jpg","articleSection":["Empleo y Formaci\u00f3n"],"inLanguage":"es"},{"@type":"WebPage","@id":"https:\/\/www.caudete.org\/ayuntamiento\/curso-de-manejo-y-mantenimiento-de-maquinaria-agricola-2\/","url":"https:\/\/www.caudete.org\/ayuntamiento\/curso-de-manejo-y-mantenimiento-de-maquinaria-agricola-2\/","name":"Curso de Manejo y Mantenimiento de Maquinaria Agr\u00edcola - MI Ayuntamiento de Caudete","isPartOf":{"@id":"https:\/\/www.caudete.org\/ayuntamiento\/#website"},"primaryImageOfPage":{"@id":"https:\/\/www.caudete.org\/ayuntamiento\/curso-de-manejo-y-mantenimiento-de-maquinaria-agricola-2\/#primaryimage"},"image":{"@id":"https:\/\/www.caudete.org\/ayuntamiento\/curso-de-manejo-y-mantenimiento-de-maquinaria-agricola-2\/#primaryimage"},"thumbnailUrl":"https:\/\/www.caudete.org\/ayuntamiento\/wp-content\/uploads\/2022\/08\/Captura-de-pantalla-2022-08-23-203623.jpg","datePublished":"2022-08-23T18:46:46+00:00","description":"P\u00e1gina Oficial del Ayuntamiento de Caudete (Albacete)","breadcrumb":{"@id":"https:\/\/www.caudete.org\/ayuntamiento\/curso-de-manejo-y-mantenimiento-de-maquinaria-agricola-2\/#breadcrumb"},"inLanguage":"es","potentialAction":[{"@type":"ReadAction","target":["https:\/\/www.caudete.org\/ayuntamiento\/curso-de-manejo-y-mantenimiento-de-maquinaria-agricola-2\/"]}]},{"@type":"ImageObject","inLanguage":"es","@id":"https:\/\/www.caudete.org\/ayuntamiento\/curso-de-manejo-y-mantenimiento-de-maquinaria-agricola-2\/#primaryimage","url":"https:\/\/www.caudete.org\/ayuntamiento\/wp-content\/uploads\/2022\/08\/Captura-de-pantalla-2022-08-23-203623.jpg","contentUrl":"https:\/\/www.caudete.org\/ayuntamiento\/wp-content\/uploads\/2022\/08\/Captura-de-pantalla-2022-08-23-203623.jpg","width":1400,"height":800},{"@type":"BreadcrumbList","@id":"https:\/\/www.caudete.org\/ayuntamiento\/curso-de-manejo-y-mantenimiento-de-maquinaria-agricola-2\/#breadcrumb","itemListElement":[{"@type":"ListItem","position":1,"name":"Inicio","item":"https:\/\/www.caudete.org\/ayuntamiento\/"},{"@type":"ListItem","position":2,"name":"Curso de Manejo y Mantenimiento de Maquinaria Agr\u00edcola"}]},{"@type":"WebSite","@id":"https:\/\/www.caudete.org\/ayuntamiento\/#website","url":"https:\/\/www.caudete.org\/ayuntamiento\/","name":"MI Ayuntamiento de Caudete","description":"P\u00e1gina Oficial del MI Ayuntamiento de Caudete","publisher":{"@id":"https:\/\/www.caudete.org\/ayuntamiento\/#organization"},"potentialAction":[{"@type":"SearchAction","target":{"@type":"EntryPoint","urlTemplate":"https:\/\/www.caudete.org\/ayuntamiento\/?s={search_term_string}"},"query-input":{"@type":"PropertyValueSpecification","valueRequired":true,"valueName":"search_term_string"}}],"inLanguage":"es"},{"@type":"Organization","@id":"https:\/\/www.caudete.org\/ayuntamiento\/#organization","name":"Ayuntamiento de Caudete","url":"https:\/\/www.caudete.org\/ayuntamiento\/","logo":{"@type":"ImageObject","inLanguage":"es","@id":"https:\/\/www.caudete.org\/ayuntamiento\/#\/schema\/logo\/image\/","url":"https:\/\/www.caudete.org\/ayuntamiento\/wp-content\/uploads\/2020\/11\/logo_ayuntamiento_caudete.jpg","contentUrl":"https:\/\/www.caudete.org\/ayuntamiento\/wp-content\/uploads\/2020\/11\/logo_ayuntamiento_caudete.jpg","width":600,"height":150,"caption":"Ayuntamiento de Caudete"},"image":{"@id":"https:\/\/www.caudete.org\/ayuntamiento\/#\/schema\/logo\/image\/"},"sameAs":["https:\/\/www.facebook.com\/ayuntamientocaudete\/","https:\/\/www.youtube.com\/channel\/UC6VztHaooNsGpw-tNoBEFnQ"]},{"@type":"Person","@id":"https:\/\/www.caudete.org\/ayuntamiento\/#\/schema\/person\/cc646da9133078ee4d8dd47457947253","name":"alcalde","image":{"@type":"ImageObject","inLanguage":"es","@id":"https:\/\/secure.gravatar.com\/avatar\/84a817ba065b29ff08d666b215a215f5c79186a645ccb25b14a663d48a130f77?s=96&d=mm&r=g","url":"https:\/\/secure.gravatar.com\/avatar\/84a817ba065b29ff08d666b215a215f5c79186a645ccb25b14a663d48a130f77?s=96&d=mm&r=g","contentUrl":"https:\/\/secure.gravatar.com\/avatar\/84a817ba065b29ff08d666b215a215f5c79186a645ccb25b14a663d48a130f77?s=96&d=mm&r=g","caption":"alcalde"},"url":"https:\/\/www.caudete.org\/ayuntamiento\/author\/alcalde\/"}]}},"_links":{"self":[{"href":"https:\/\/www.caudete.org\/ayuntamiento\/wp-json\/wp\/v2\/posts\/19920","targetHints":{"allow":["GET"]}}],"collection":[{"href":"https:\/\/www.caudete.org\/ayuntamiento\/wp-json\/wp\/v2\/posts"}],"about":[{"href":"https:\/\/www.caudete.org\/ayuntamiento\/wp-json\/wp\/v2\/types\/post"}],"author":[{"embeddable":true,"href":"https:\/\/www.caudete.org\/ayuntamiento\/wp-json\/wp\/v2\/users\/3"}],"replies":[{"embeddable":true,"href":"https:\/\/www.caudete.org\/ayuntamiento\/wp-json\/wp\/v2\/comments?post=19920"}],"version-history":[{"count":1,"href":"https:\/\/www.caudete.org\/ayuntamiento\/wp-json\/wp\/v2\/posts\/19920\/revisions"}],"predecessor-version":[{"id":19922,"href":"https:\/\/www.caudete.org\/ayuntamiento\/wp-json\/wp\/v2\/posts\/19920\/revisions\/19922"}],"wp:featuredmedia":[{"embeddable":true,"href":"https:\/\/www.caudete.org\/ayuntamiento\/wp-json\/wp\/v2\/media\/19921"}],"wp:attachment":[{"href":"https:\/\/www.caudete.org\/ayuntamiento\/wp-json\/wp\/v2\/media?parent=19920"}],"wp:term":[{"taxonomy":"category","embeddable":true,"href":"https:\/\/www.caudete.org\/ayuntamiento\/wp-json\/wp\/v2\/categories?post=19920"},{"taxonomy":"post_tag","embeddable":true,"href":"https:\/\/www.caudete.org\/ayuntamiento\/wp-json\/wp\/v2\/tags?post=19920"}],"curies":[{"name":"wp","href":"https:\/\/api.w.org\/{rel}","templated":true}]}}