{"id":19983,"date":"2022-09-01T15:54:00","date_gmt":"2022-09-01T13:54:00","guid":{"rendered":"https:\/\/www.caudete.org\/ayuntamiento\/?p=19983"},"modified":"2022-09-01T15:55:32","modified_gmt":"2022-09-01T13:55:32","slug":"esta-manana-se-ha-realizado-la-reunion-pre-fiestas-con-las-comparsas-y-servicios-de-seguridad-y-emergencias","status":"publish","type":"post","link":"https:\/\/www.caudete.org\/ayuntamiento\/esta-manana-se-ha-realizado-la-reunion-pre-fiestas-con-las-comparsas-y-servicios-de-seguridad-y-emergencias\/","title":{"rendered":"Esta ma\u00f1ana se ha realizado la reuni\u00f3n PRE-FIESTAS con las Comparsas y Servicios de Seguridad y Emergencias"},"content":{"rendered":"<p style=\"text-align: justify;\">Como todos los a\u00f1os, en los d\u00edas previos a las Fiestas Patronales, el Ayuntamiento realiza una reuni\u00f3n Pre-Fiestas para coordinar todo cuanto va a acontecer en Caudete durante sus d\u00edas grandes.<\/p>\n<p style=\"text-align: justify;\">Presidida por el Alcalde, Mois\u00e9s L\u00f3pez, se daban cita Concejal de Fiestas, Alcalde de Fiestas, Presidentes de las 5 Comparsas, de la Asociaci\u00f3n y de la Mayordom\u00eda, as\u00ed como los mandos de la Polic\u00eda Local y Guardia Civil, mas Protecci\u00f3n Civil, Centro de Salud y los Departamentos Municipales de Prevenci\u00f3n y de Obras.<\/p>\n<p style=\"text-align: justify;\">El punto principal, recibir en mano y repasar el Plan de Seguridad para los actos de disparo de avancarga, con todas sus particularidades y necesidades, as\u00ed como todos los protocolos de actuaci\u00f3n en caso de emergencia y dispositivos puestos a disposici\u00f3n para las Fiestas.<\/p>\n<p style=\"text-align: justify;\">Igualmente, se ha trasladado informaci\u00f3n sobre el resto de actos en materia de seguridad, as\u00ed como de la prestaci\u00f3n de servicios de seguridad y vigilancia tanto para los repartos de p\u00f3lvora, como los actos de Fiesta que no contienen actos de disparo.<\/p>\n<p style=\"text-align: justify;\">De esta forma, queda todo listo para poder disfrutar con normalidad y seguridad las Fiestas Patronales.<\/p>\n","protected":false},"excerpt":{"rendered":"<p>Como todos los a\u00f1os, en los d\u00edas previos a las Fiestas Patronales, el Ayuntamiento realiza una reuni\u00f3n Pre-Fiestas para coordinar todo cuanto va a acontecer en Caudete durante sus d\u00edas grandes. Presidida por el Alcalde, Mois\u00e9s L\u00f3pez, se daban cita Concejal de Fiestas, Alcalde de Fiestas, Presidentes de las 5 Comparsas, de la Asociaci\u00f3n y &hellip;<\/p>\n","protected":false},"author":3,"featured_media":19984,"comment_status":"closed","ping_status":"open","sticky":false,"template":"","format":"standard","meta":{"ngg_post_thumbnail":0,"footnotes":""},"categories":[31],"tags":[],"class_list":["post-19983","post","type-post","status-publish","format-standard","has-post-thumbnail","hentry","category-fiestas"],"yoast_head":"<!-- This site is optimized with the Yoast SEO plugin v27.5 - https:\/\/yoast.com\/product\/yoast-seo-wordpress\/ -->\n<title>Esta ma\u00f1ana se ha realizado la reuni\u00f3n PRE-FIESTAS con las Comparsas y Servicios de Seguridad y Emergencias - MI Ayuntamiento de Caudete<\/title>\n<meta name=\"description\" content=\"P\u00e1gina Oficial del Ayuntamiento de Caudete (Albacete)\" \/>\n<meta name=\"robots\" content=\"index, follow, max-snippet:-1, max-image-preview:large, max-video-preview:-1\" \/>\n<link rel=\"canonical\" href=\"https:\/\/www.caudete.org\/ayuntamiento\/esta-manana-se-ha-realizado-la-reunion-pre-fiestas-con-las-comparsas-y-servicios-de-seguridad-y-emergencias\/\" \/>\n<meta property=\"og:locale\" content=\"es_ES\" \/>\n<meta property=\"og:type\" content=\"article\" \/>\n<meta property=\"og:title\" content=\"Esta ma\u00f1ana se ha realizado la reuni\u00f3n PRE-FIESTAS con las Comparsas y Servicios de Seguridad y Emergencias - MI Ayuntamiento de Caudete\" \/>\n<meta property=\"og:description\" content=\"P\u00e1gina Oficial del Ayuntamiento de Caudete (Albacete)\" \/>\n<meta property=\"og:url\" content=\"https:\/\/www.caudete.org\/ayuntamiento\/esta-manana-se-ha-realizado-la-reunion-pre-fiestas-con-las-comparsas-y-servicios-de-seguridad-y-emergencias\/\" \/>\n<meta property=\"og:site_name\" content=\"MI Ayuntamiento de Caudete\" \/>\n<meta property=\"article:publisher\" content=\"https:\/\/www.facebook.com\/ayuntamientocaudete\/\" \/>\n<meta property=\"article:published_time\" content=\"2022-09-01T13:54:00+00:00\" \/>\n<meta property=\"article:modified_time\" content=\"2022-09-01T13:55:32+00:00\" \/>\n<meta property=\"og:image\" content=\"https:\/\/www.caudete.org\/ayuntamiento\/wp-content\/uploads\/2022\/09\/WhatsApp-Image-2022-09-01-at-09.43.31.jpeg\" \/>\n\t<meta property=\"og:image:width\" content=\"2048\" \/>\n\t<meta property=\"og:image:height\" content=\"1152\" \/>\n\t<meta property=\"og:image:type\" content=\"image\/jpeg\" \/>\n<meta name=\"author\" content=\"alcalde\" \/>\n<meta name=\"twitter:card\" content=\"summary_large_image\" \/>\n<meta name=\"twitter:label1\" content=\"Escrito por\" \/>\n\t<meta name=\"twitter:data1\" content=\"alcalde\" \/>\n\t<meta name=\"twitter:label2\" content=\"Tiempo de lectura\" \/>\n\t<meta name=\"twitter:data2\" content=\"1 minuto\" \/>\n<script type=\"application\/ld+json\" class=\"yoast-schema-graph\">{\"@context\":\"https:\\\/\\\/schema.org\",\"@graph\":[{\"@type\":\"Article\",\"@id\":\"https:\\\/\\\/www.caudete.org\\\/ayuntamiento\\\/esta-manana-se-ha-realizado-la-reunion-pre-fiestas-con-las-comparsas-y-servicios-de-seguridad-y-emergencias\\\/#article\",\"isPartOf\":{\"@id\":\"https:\\\/\\\/www.caudete.org\\\/ayuntamiento\\\/esta-manana-se-ha-realizado-la-reunion-pre-fiestas-con-las-comparsas-y-servicios-de-seguridad-y-emergencias\\\/\"},\"author\":{\"name\":\"alcalde\",\"@id\":\"https:\\\/\\\/www.caudete.org\\\/ayuntamiento\\\/#\\\/schema\\\/person\\\/cc646da9133078ee4d8dd47457947253\"},\"headline\":\"Esta ma\u00f1ana se ha realizado la reuni\u00f3n PRE-FIESTAS con las Comparsas y Servicios de Seguridad y Emergencias\",\"datePublished\":\"2022-09-01T13:54:00+00:00\",\"dateModified\":\"2022-09-01T13:55:32+00:00\",\"mainEntityOfPage\":{\"@id\":\"https:\\\/\\\/www.caudete.org\\\/ayuntamiento\\\/esta-manana-se-ha-realizado-la-reunion-pre-fiestas-con-las-comparsas-y-servicios-de-seguridad-y-emergencias\\\/\"},\"wordCount\":220,\"image\":{\"@id\":\"https:\\\/\\\/www.caudete.org\\\/ayuntamiento\\\/esta-manana-se-ha-realizado-la-reunion-pre-fiestas-con-las-comparsas-y-servicios-de-seguridad-y-emergencias\\\/#primaryimage\"},\"thumbnailUrl\":\"https:\\\/\\\/www.caudete.org\\\/ayuntamiento\\\/wp-content\\\/uploads\\\/2022\\\/09\\\/WhatsApp-Image-2022-09-01-at-09.43.31.jpeg\",\"articleSection\":[\"Fiestas\"],\"inLanguage\":\"es\"},{\"@type\":\"WebPage\",\"@id\":\"https:\\\/\\\/www.caudete.org\\\/ayuntamiento\\\/esta-manana-se-ha-realizado-la-reunion-pre-fiestas-con-las-comparsas-y-servicios-de-seguridad-y-emergencias\\\/\",\"url\":\"https:\\\/\\\/www.caudete.org\\\/ayuntamiento\\\/esta-manana-se-ha-realizado-la-reunion-pre-fiestas-con-las-comparsas-y-servicios-de-seguridad-y-emergencias\\\/\",\"name\":\"Esta ma\u00f1ana se ha realizado la reuni\u00f3n PRE-FIESTAS con las Comparsas y Servicios de Seguridad y Emergencias - MI Ayuntamiento de Caudete\",\"isPartOf\":{\"@id\":\"https:\\\/\\\/www.caudete.org\\\/ayuntamiento\\\/#website\"},\"primaryImageOfPage\":{\"@id\":\"https:\\\/\\\/www.caudete.org\\\/ayuntamiento\\\/esta-manana-se-ha-realizado-la-reunion-pre-fiestas-con-las-comparsas-y-servicios-de-seguridad-y-emergencias\\\/#primaryimage\"},\"image\":{\"@id\":\"https:\\\/\\\/www.caudete.org\\\/ayuntamiento\\\/esta-manana-se-ha-realizado-la-reunion-pre-fiestas-con-las-comparsas-y-servicios-de-seguridad-y-emergencias\\\/#primaryimage\"},\"thumbnailUrl\":\"https:\\\/\\\/www.caudete.org\\\/ayuntamiento\\\/wp-content\\\/uploads\\\/2022\\\/09\\\/WhatsApp-Image-2022-09-01-at-09.43.31.jpeg\",\"datePublished\":\"2022-09-01T13:54:00+00:00\",\"dateModified\":\"2022-09-01T13:55:32+00:00\",\"author\":{\"@id\":\"https:\\\/\\\/www.caudete.org\\\/ayuntamiento\\\/#\\\/schema\\\/person\\\/cc646da9133078ee4d8dd47457947253\"},\"description\":\"P\u00e1gina Oficial del Ayuntamiento de Caudete (Albacete)\",\"breadcrumb\":{\"@id\":\"https:\\\/\\\/www.caudete.org\\\/ayuntamiento\\\/esta-manana-se-ha-realizado-la-reunion-pre-fiestas-con-las-comparsas-y-servicios-de-seguridad-y-emergencias\\\/#breadcrumb\"},\"inLanguage\":\"es\",\"potentialAction\":[{\"@type\":\"ReadAction\",\"target\":[\"https:\\\/\\\/www.caudete.org\\\/ayuntamiento\\\/esta-manana-se-ha-realizado-la-reunion-pre-fiestas-con-las-comparsas-y-servicios-de-seguridad-y-emergencias\\\/\"]}]},{\"@type\":\"ImageObject\",\"inLanguage\":\"es\",\"@id\":\"https:\\\/\\\/www.caudete.org\\\/ayuntamiento\\\/esta-manana-se-ha-realizado-la-reunion-pre-fiestas-con-las-comparsas-y-servicios-de-seguridad-y-emergencias\\\/#primaryimage\",\"url\":\"https:\\\/\\\/www.caudete.org\\\/ayuntamiento\\\/wp-content\\\/uploads\\\/2022\\\/09\\\/WhatsApp-Image-2022-09-01-at-09.43.31.jpeg\",\"contentUrl\":\"https:\\\/\\\/www.caudete.org\\\/ayuntamiento\\\/wp-content\\\/uploads\\\/2022\\\/09\\\/WhatsApp-Image-2022-09-01-at-09.43.31.jpeg\",\"width\":2048,\"height\":1152},{\"@type\":\"BreadcrumbList\",\"@id\":\"https:\\\/\\\/www.caudete.org\\\/ayuntamiento\\\/esta-manana-se-ha-realizado-la-reunion-pre-fiestas-con-las-comparsas-y-servicios-de-seguridad-y-emergencias\\\/#breadcrumb\",\"itemListElement\":[{\"@type\":\"ListItem\",\"position\":1,\"name\":\"Inicio\",\"item\":\"https:\\\/\\\/www.caudete.org\\\/ayuntamiento\\\/\"},{\"@type\":\"ListItem\",\"position\":2,\"name\":\"Esta ma\u00f1ana se ha realizado la reuni\u00f3n PRE-FIESTAS con las Comparsas y Servicios de Seguridad y Emergencias\"}]},{\"@type\":\"WebSite\",\"@id\":\"https:\\\/\\\/www.caudete.org\\\/ayuntamiento\\\/#website\",\"url\":\"https:\\\/\\\/www.caudete.org\\\/ayuntamiento\\\/\",\"name\":\"MI Ayuntamiento de Caudete\",\"description\":\"P\u00e1gina Oficial del MI Ayuntamiento de Caudete\",\"potentialAction\":[{\"@type\":\"SearchAction\",\"target\":{\"@type\":\"EntryPoint\",\"urlTemplate\":\"https:\\\/\\\/www.caudete.org\\\/ayuntamiento\\\/?s={search_term_string}\"},\"query-input\":{\"@type\":\"PropertyValueSpecification\",\"valueRequired\":true,\"valueName\":\"search_term_string\"}}],\"inLanguage\":\"es\"},{\"@type\":\"Person\",\"@id\":\"https:\\\/\\\/www.caudete.org\\\/ayuntamiento\\\/#\\\/schema\\\/person\\\/cc646da9133078ee4d8dd47457947253\",\"name\":\"alcalde\",\"image\":{\"@type\":\"ImageObject\",\"inLanguage\":\"es\",\"@id\":\"https:\\\/\\\/secure.gravatar.com\\\/avatar\\\/84a817ba065b29ff08d666b215a215f5c79186a645ccb25b14a663d48a130f77?s=96&d=mm&r=g\",\"url\":\"https:\\\/\\\/secure.gravatar.com\\\/avatar\\\/84a817ba065b29ff08d666b215a215f5c79186a645ccb25b14a663d48a130f77?s=96&d=mm&r=g\",\"contentUrl\":\"https:\\\/\\\/secure.gravatar.com\\\/avatar\\\/84a817ba065b29ff08d666b215a215f5c79186a645ccb25b14a663d48a130f77?s=96&d=mm&r=g\",\"caption\":\"alcalde\"},\"url\":\"https:\\\/\\\/www.caudete.org\\\/ayuntamiento\\\/author\\\/alcalde\\\/\"}]}<\/script>\n<!-- \/ Yoast SEO plugin. -->","yoast_head_json":{"title":"Esta ma\u00f1ana se ha realizado la reuni\u00f3n PRE-FIESTAS con las Comparsas y Servicios de Seguridad y Emergencias - MI Ayuntamiento de Caudete","description":"P\u00e1gina Oficial del Ayuntamiento de Caudete (Albacete)","robots":{"index":"index","follow":"follow","max-snippet":"max-snippet:-1","max-image-preview":"max-image-preview:large","max-video-preview":"max-video-preview:-1"},"canonical":"https:\/\/www.caudete.org\/ayuntamiento\/esta-manana-se-ha-realizado-la-reunion-pre-fiestas-con-las-comparsas-y-servicios-de-seguridad-y-emergencias\/","og_locale":"es_ES","og_type":"article","og_title":"Esta ma\u00f1ana se ha realizado la reuni\u00f3n PRE-FIESTAS con las Comparsas y Servicios de Seguridad y Emergencias - MI Ayuntamiento de Caudete","og_description":"P\u00e1gina Oficial del Ayuntamiento de Caudete (Albacete)","og_url":"https:\/\/www.caudete.org\/ayuntamiento\/esta-manana-se-ha-realizado-la-reunion-pre-fiestas-con-las-comparsas-y-servicios-de-seguridad-y-emergencias\/","og_site_name":"MI Ayuntamiento de Caudete","article_publisher":"https:\/\/www.facebook.com\/ayuntamientocaudete\/","article_published_time":"2022-09-01T13:54:00+00:00","article_modified_time":"2022-09-01T13:55:32+00:00","og_image":[{"width":2048,"height":1152,"url":"https:\/\/www.caudete.org\/ayuntamiento\/wp-content\/uploads\/2022\/09\/WhatsApp-Image-2022-09-01-at-09.43.31.jpeg","type":"image\/jpeg"}],"author":"alcalde","twitter_card":"summary_large_image","twitter_misc":{"Escrito por":"alcalde","Tiempo de lectura":"1 minuto"},"schema":{"@context":"https:\/\/schema.org","@graph":[{"@type":"Article","@id":"https:\/\/www.caudete.org\/ayuntamiento\/esta-manana-se-ha-realizado-la-reunion-pre-fiestas-con-las-comparsas-y-servicios-de-seguridad-y-emergencias\/#article","isPartOf":{"@id":"https:\/\/www.caudete.org\/ayuntamiento\/esta-manana-se-ha-realizado-la-reunion-pre-fiestas-con-las-comparsas-y-servicios-de-seguridad-y-emergencias\/"},"author":{"name":"alcalde","@id":"https:\/\/www.caudete.org\/ayuntamiento\/#\/schema\/person\/cc646da9133078ee4d8dd47457947253"},"headline":"Esta ma\u00f1ana se ha realizado la reuni\u00f3n PRE-FIESTAS con las Comparsas y Servicios de Seguridad y Emergencias","datePublished":"2022-09-01T13:54:00+00:00","dateModified":"2022-09-01T13:55:32+00:00","mainEntityOfPage":{"@id":"https:\/\/www.caudete.org\/ayuntamiento\/esta-manana-se-ha-realizado-la-reunion-pre-fiestas-con-las-comparsas-y-servicios-de-seguridad-y-emergencias\/"},"wordCount":220,"image":{"@id":"https:\/\/www.caudete.org\/ayuntamiento\/esta-manana-se-ha-realizado-la-reunion-pre-fiestas-con-las-comparsas-y-servicios-de-seguridad-y-emergencias\/#primaryimage"},"thumbnailUrl":"https:\/\/www.caudete.org\/ayuntamiento\/wp-content\/uploads\/2022\/09\/WhatsApp-Image-2022-09-01-at-09.43.31.jpeg","articleSection":["Fiestas"],"inLanguage":"es"},{"@type":"WebPage","@id":"https:\/\/www.caudete.org\/ayuntamiento\/esta-manana-se-ha-realizado-la-reunion-pre-fiestas-con-las-comparsas-y-servicios-de-seguridad-y-emergencias\/","url":"https:\/\/www.caudete.org\/ayuntamiento\/esta-manana-se-ha-realizado-la-reunion-pre-fiestas-con-las-comparsas-y-servicios-de-seguridad-y-emergencias\/","name":"Esta ma\u00f1ana se ha realizado la reuni\u00f3n PRE-FIESTAS con las Comparsas y Servicios de Seguridad y Emergencias - MI Ayuntamiento de Caudete","isPartOf":{"@id":"https:\/\/www.caudete.org\/ayuntamiento\/#website"},"primaryImageOfPage":{"@id":"https:\/\/www.caudete.org\/ayuntamiento\/esta-manana-se-ha-realizado-la-reunion-pre-fiestas-con-las-comparsas-y-servicios-de-seguridad-y-emergencias\/#primaryimage"},"image":{"@id":"https:\/\/www.caudete.org\/ayuntamiento\/esta-manana-se-ha-realizado-la-reunion-pre-fiestas-con-las-comparsas-y-servicios-de-seguridad-y-emergencias\/#primaryimage"},"thumbnailUrl":"https:\/\/www.caudete.org\/ayuntamiento\/wp-content\/uploads\/2022\/09\/WhatsApp-Image-2022-09-01-at-09.43.31.jpeg","datePublished":"2022-09-01T13:54:00+00:00","dateModified":"2022-09-01T13:55:32+00:00","author":{"@id":"https:\/\/www.caudete.org\/ayuntamiento\/#\/schema\/person\/cc646da9133078ee4d8dd47457947253"},"description":"P\u00e1gina Oficial del Ayuntamiento de Caudete (Albacete)","breadcrumb":{"@id":"https:\/\/www.caudete.org\/ayuntamiento\/esta-manana-se-ha-realizado-la-reunion-pre-fiestas-con-las-comparsas-y-servicios-de-seguridad-y-emergencias\/#breadcrumb"},"inLanguage":"es","potentialAction":[{"@type":"ReadAction","target":["https:\/\/www.caudete.org\/ayuntamiento\/esta-manana-se-ha-realizado-la-reunion-pre-fiestas-con-las-comparsas-y-servicios-de-seguridad-y-emergencias\/"]}]},{"@type":"ImageObject","inLanguage":"es","@id":"https:\/\/www.caudete.org\/ayuntamiento\/esta-manana-se-ha-realizado-la-reunion-pre-fiestas-con-las-comparsas-y-servicios-de-seguridad-y-emergencias\/#primaryimage","url":"https:\/\/www.caudete.org\/ayuntamiento\/wp-content\/uploads\/2022\/09\/WhatsApp-Image-2022-09-01-at-09.43.31.jpeg","contentUrl":"https:\/\/www.caudete.org\/ayuntamiento\/wp-content\/uploads\/2022\/09\/WhatsApp-Image-2022-09-01-at-09.43.31.jpeg","width":2048,"height":1152},{"@type":"BreadcrumbList","@id":"https:\/\/www.caudete.org\/ayuntamiento\/esta-manana-se-ha-realizado-la-reunion-pre-fiestas-con-las-comparsas-y-servicios-de-seguridad-y-emergencias\/#breadcrumb","itemListElement":[{"@type":"ListItem","position":1,"name":"Inicio","item":"https:\/\/www.caudete.org\/ayuntamiento\/"},{"@type":"ListItem","position":2,"name":"Esta ma\u00f1ana se ha realizado la reuni\u00f3n PRE-FIESTAS con las Comparsas y Servicios de Seguridad y Emergencias"}]},{"@type":"WebSite","@id":"https:\/\/www.caudete.org\/ayuntamiento\/#website","url":"https:\/\/www.caudete.org\/ayuntamiento\/","name":"MI Ayuntamiento de Caudete","description":"P\u00e1gina Oficial del MI Ayuntamiento de Caudete","potentialAction":[{"@type":"SearchAction","target":{"@type":"EntryPoint","urlTemplate":"https:\/\/www.caudete.org\/ayuntamiento\/?s={search_term_string}"},"query-input":{"@type":"PropertyValueSpecification","valueRequired":true,"valueName":"search_term_string"}}],"inLanguage":"es"},{"@type":"Person","@id":"https:\/\/www.caudete.org\/ayuntamiento\/#\/schema\/person\/cc646da9133078ee4d8dd47457947253","name":"alcalde","image":{"@type":"ImageObject","inLanguage":"es","@id":"https:\/\/secure.gravatar.com\/avatar\/84a817ba065b29ff08d666b215a215f5c79186a645ccb25b14a663d48a130f77?s=96&d=mm&r=g","url":"https:\/\/secure.gravatar.com\/avatar\/84a817ba065b29ff08d666b215a215f5c79186a645ccb25b14a663d48a130f77?s=96&d=mm&r=g","contentUrl":"https:\/\/secure.gravatar.com\/avatar\/84a817ba065b29ff08d666b215a215f5c79186a645ccb25b14a663d48a130f77?s=96&d=mm&r=g","caption":"alcalde"},"url":"https:\/\/www.caudete.org\/ayuntamiento\/author\/alcalde\/"}]}},"_links":{"self":[{"href":"https:\/\/www.caudete.org\/ayuntamiento\/wp-json\/wp\/v2\/posts\/19983","targetHints":{"allow":["GET"]}}],"collection":[{"href":"https:\/\/www.caudete.org\/ayuntamiento\/wp-json\/wp\/v2\/posts"}],"about":[{"href":"https:\/\/www.caudete.org\/ayuntamiento\/wp-json\/wp\/v2\/types\/post"}],"author":[{"embeddable":true,"href":"https:\/\/www.caudete.org\/ayuntamiento\/wp-json\/wp\/v2\/users\/3"}],"replies":[{"embeddable":true,"href":"https:\/\/www.caudete.org\/ayuntamiento\/wp-json\/wp\/v2\/comments?post=19983"}],"version-history":[{"count":1,"href":"https:\/\/www.caudete.org\/ayuntamiento\/wp-json\/wp\/v2\/posts\/19983\/revisions"}],"predecessor-version":[{"id":19985,"href":"https:\/\/www.caudete.org\/ayuntamiento\/wp-json\/wp\/v2\/posts\/19983\/revisions\/19985"}],"wp:featuredmedia":[{"embeddable":true,"href":"https:\/\/www.caudete.org\/ayuntamiento\/wp-json\/wp\/v2\/media\/19984"}],"wp:attachment":[{"href":"https:\/\/www.caudete.org\/ayuntamiento\/wp-json\/wp\/v2\/media?parent=19983"}],"wp:term":[{"taxonomy":"category","embeddable":true,"href":"https:\/\/www.caudete.org\/ayuntamiento\/wp-json\/wp\/v2\/categories?post=19983"},{"taxonomy":"post_tag","embeddable":true,"href":"https:\/\/www.caudete.org\/ayuntamiento\/wp-json\/wp\/v2\/tags?post=19983"}],"curies":[{"name":"wp","href":"https:\/\/api.w.org\/{rel}","templated":true}]}}