{"id":19990,"date":"2022-09-02T09:01:10","date_gmt":"2022-09-02T07:01:10","guid":{"rendered":"https:\/\/www.caudete.org\/ayuntamiento\/?p=19990"},"modified":"2022-09-01T16:49:49","modified_gmt":"2022-09-01T14:49:49","slug":"caudete-se-suma-a-los-municipios-hermanados-por-el-vidrio-y-recibe-su-llave-de-vidrio-reciclado","status":"publish","type":"post","link":"https:\/\/www.caudete.org\/ayuntamiento\/caudete-se-suma-a-los-municipios-hermanados-por-el-vidrio-y-recibe-su-llave-de-vidrio-reciclado\/","title":{"rendered":"Caudete se suma a los MUNICIPIOS HERMANADOS POR EL VIDRIO y recibe su llave de vidrio reciclado"},"content":{"rendered":"<p style=\"text-align: justify;\">Caudete se une a la red de \u2018Municipios Hermanados por el Vidrio\u2019, una alianza simb\u00f3lica para reconocer al vidrio y a aquellos municipios que han estado ligados a este material hist\u00f3ricamente y enfatizar sus cualidades sostenibles y circulares. El objetivo de la iniciativa es difundir la conmemoraci\u00f3n de 2022 como A\u00f1o Internacional del Vidrio, declarado por la ONU, y comprometer a los ayuntamientos a potenciar la recogida selectiva de los envases de vidrio, a trav\u00e9s del contenedor verde, en un contexto marcado por la necesidad de fomentar la transici\u00f3n hacia un modelo circular.<\/p>\n<p style=\"text-align: justify;\">Caudete se une a esta alianza por ser un ejemplo de econom\u00eda circular ya que cuenta con una planta de tratamiento para los residuos de envases de vidrio. Un material que es 100% reciclable infinitas veces, sin perder su calidad ni propiedades en el proceso y que tiene beneficios directos sobre el medioambiente al evitar la extracci\u00f3n de materias primas de la naturaleza o la reducci\u00f3n de emisiones de gases de efecto invernadero. En Castilla-La Mancha ya se han hermanado otras localidades como Azuqueca de Henares, El Recuenco y Quer. Para materializar este \u2018hermanamiento\u2019, el Alcalde de Caudete Mois\u00e9s L\u00f3pez ha recibido una llave fabricada de forma artesanal a partir de vidrio reciclado. Se trata de una talla \u00fanica de 24 cm realizada por los maestros vidrieros de la Real F\u00e1brica de Cristales de La Granja.<\/p>\n<p style=\"text-align: justify;\">El acto de entrega de la llave se ha celebrado en el Sal\u00f3n de Plenos del Ayuntamiento, y ha contado con la asistencia del propio Alcalde de la localidad, Mois\u00e9s L\u00f3pez; el presidente de la Asociaci\u00f3n Nacional de Recicladores de Envases de Vidrio (ANAREVI) y Director Gerente de Camacho Recycling, Fernando G\u00f3mez; el Gerente de zona de Ecovidrio, Roberto Fuentes; as\u00ed como los Concejales Joaqu\u00edn Pag\u00e1n y Mari\u00e1n Ballester.<\/p>\n<p style=\"text-align: justify;\">\u2018Municipios Hermanados por el Vidrio\u2019 es una iniciativa de Ecovidrio en colaboraci\u00f3n con el CSIC (Consejo Superior de Investigaciones Cient\u00edficas), ANAREVI (Agrupaci\u00f3n Nacional de Reciclado de Vidrio), y ANFEVI (Asociaci\u00f3n de Fabricantes de Envases de Vidrio) que ya ha logrado unir a una treintena de localidades. A lo largo de 2022 se prev\u00e9 que alcance hasta 50 municipios de 11 comunidades aut\u00f3nomas que comparten un pasado y un presente com\u00fan con el vidrio. (<a href=\"https:\/\/www.thinglink.com\/card\/1580227532110692355\" target=\"_blank\" rel=\"nofollow\">Listado completo de ciudades con vinculaci\u00f3n vidriera disponible en este enlace<\/a>).<\/p>\n<p style=\"text-align: justify;\">\n<p style=\"text-align: justify;\"><span style=\"text-decoration: underline;\"><strong>A\u00f1o Internacional del Vidrio<\/strong><\/span><\/p>\n<p style=\"text-align: justify;\">La ONU ha declarado 2022, del A\u00f1o Internacional del Vidrio. Este material ha jugado un papel fundamental en el desarrollo de la humanidad y ha sido crucial en el funcionamiento y la evoluci\u00f3n de la arquitectura, la automoci\u00f3n, los art\u00edculos para el hogar y los envases. Hoy es un elemento esencial en sectores clave como el de la energ\u00eda, la biomedicina, la agricultura, la electr\u00f3nica, la informaci\u00f3n y las comunicaciones, la \u00f3ptica o el sector aeroespacial, entre otros. Merece una menci\u00f3n especial el papel que ha jugado en la batalla contra la pandemia global de la COVID-19, actuando como envase contenedor de las vacunas a consecuencia de sus caracter\u00edsticas de resistencia a temperaturas extremas y a diferentes grados de PH y acidez.<\/p>\n<p style=\"text-align: justify;\">Respecto al envase de vidrio y en un contexto de emergencia clim\u00e1tica y necesidad de una transici\u00f3n a una econom\u00eda m\u00e1s circular, es especialmente destacable como material natural, circular y 100% reciclable de envase a envase.<\/p>\n<p style=\"text-align: justify;\">\n<p style=\"text-align: justify;\"><span style=\"text-decoration: underline;\"><strong>Datos de reciclaje de envases de vidrio en Caudete<\/strong><\/span><\/p>\n<p style=\"text-align: justify;\">Seg\u00fan los \u00faltimos datos oficiales de 2021, los ciudadanos de Caudete depositaron en los contenedores un total de 228 toneladas de residuos de envases de vidrio, lo que supone una media de 22,7kilogramos por habitante.<\/p>\n<p style=\"text-align: justify;\">Respecto a la contenerizaci\u00f3n, la localidad cuenta con un total de 77 contenedores una ratio de 131 habitantes por contenedor.<\/p>\n<p>&nbsp;<\/p>\n<p style=\"text-align: justify;\"><span style=\"text-decoration: underline;\"><strong>Sobre Ecovidrio<\/strong><\/span><\/p>\n<p style=\"text-align: justify;\">Ecovidrio es la entidad sin \u00e1nimo de lucro encargada de la gesti\u00f3n del reciclado de residuos de envases de vidrio en Espa\u00f1a. En 1997, tras la aprobaci\u00f3n de la Ley de Envases y Residuos de Envases y el arranque de sus operaciones en 1998, se convirti\u00f3 en la entidad gestora de un modelo de reciclado que garantiza un servicio completo y al que tienen acceso todos los ciudadanos. En t\u00e9rminos de financiaci\u00f3n, 8.000 compa\u00f1\u00edas envasadoras hacen posible, con su aportaci\u00f3n a trav\u00e9s del punto verde, el sistema de reciclado.<\/p>\n<p style=\"text-align: justify;\">La labor de Ecovidrio destaca por garantizar el reciclado de alta calidad a trav\u00e9s del contenedor, potenciar las infraestructuras de contenerizaci\u00f3n y recogida, invertir en planes y recursos destinados a incrementar el reciclaje de envases de vidrio en la hosteler\u00eda, movilizar a los ciudadanos a trav\u00e9s de campa\u00f1as de sensibilizaci\u00f3n y promover la prevenci\u00f3n y el ecodise\u00f1o de los envases.<\/p>\n<p style=\"text-align: justify;\">En las \u00faltimas dos d\u00e9cadas el sistema de Ecovidrio ha permitido el crecimiento exponencial de la tasa de reciclado pasando de un 31,3% en el a\u00f1o 2000 al 79,8% en 2019, seg\u00fan los \u00faltimos datos oficiales del Ministerio para la Transici\u00f3n Ecol\u00f3gico y Reto Demogr\u00e1fico (MITERD).<\/p>\n<p style=\"text-align: justify;\">El reciclaje de envases de vidrio es un elemento fundamental para contribuir al desarrollo sostenible, fomentar la transici\u00f3n hacia la econom\u00eda circular y luchar contra el cambio clim\u00e1tico. Adem\u00e1s, el reciclaje de envases de vidrio es una actividad apoya el cumplimiento de la Agenda 2030 y los Objetivos de Desarrollo Sostenible.<\/p>\n","protected":false},"excerpt":{"rendered":"<p>Caudete se une a la red de \u2018Municipios Hermanados por el Vidrio\u2019, una alianza simb\u00f3lica para reconocer al vidrio y a aquellos municipios que han estado ligados a este material hist\u00f3ricamente y enfatizar sus cualidades sostenibles y circulares. El objetivo de la iniciativa es difundir la conmemoraci\u00f3n de 2022 como A\u00f1o Internacional del Vidrio, declarado &hellip;<\/p>\n","protected":false},"author":3,"featured_media":19991,"comment_status":"closed","ping_status":"open","sticky":false,"template":"","format":"standard","meta":{"ngg_post_thumbnail":0,"footnotes":""},"categories":[29],"tags":[],"class_list":["post-19990","post","type-post","status-publish","format-standard","has-post-thumbnail","hentry","category-medio-ambiente"],"yoast_head":"<!-- This site is optimized with the Yoast SEO plugin v27.5 - https:\/\/yoast.com\/product\/yoast-seo-wordpress\/ -->\n<title>Caudete se suma a los MUNICIPIOS HERMANADOS POR EL VIDRIO y recibe su llave de vidrio reciclado - MI Ayuntamiento de Caudete<\/title>\n<meta name=\"description\" content=\"P\u00e1gina Oficial del Ayuntamiento de Caudete (Albacete)\" \/>\n<meta name=\"robots\" content=\"index, follow, max-snippet:-1, max-image-preview:large, max-video-preview:-1\" \/>\n<link rel=\"canonical\" href=\"https:\/\/www.caudete.org\/ayuntamiento\/caudete-se-suma-a-los-municipios-hermanados-por-el-vidrio-y-recibe-su-llave-de-vidrio-reciclado\/\" \/>\n<meta property=\"og:locale\" content=\"es_ES\" \/>\n<meta property=\"og:type\" content=\"article\" \/>\n<meta property=\"og:title\" content=\"Caudete se suma a los MUNICIPIOS HERMANADOS POR EL VIDRIO y recibe su llave de vidrio reciclado - MI Ayuntamiento de Caudete\" \/>\n<meta property=\"og:description\" content=\"P\u00e1gina Oficial del Ayuntamiento de Caudete (Albacete)\" \/>\n<meta property=\"og:url\" content=\"https:\/\/www.caudete.org\/ayuntamiento\/caudete-se-suma-a-los-municipios-hermanados-por-el-vidrio-y-recibe-su-llave-de-vidrio-reciclado\/\" \/>\n<meta property=\"og:site_name\" content=\"MI Ayuntamiento de Caudete\" \/>\n<meta property=\"article:publisher\" content=\"https:\/\/www.facebook.com\/ayuntamientocaudete\/\" \/>\n<meta property=\"article:published_time\" content=\"2022-09-02T07:01:10+00:00\" \/>\n<meta property=\"og:image\" content=\"https:\/\/www.caudete.org\/ayuntamiento\/wp-content\/uploads\/2022\/09\/WhatsApp-Image-2022-08-31-at-22.47.51.jpeg\" \/>\n\t<meta property=\"og:image:width\" content=\"2048\" \/>\n\t<meta property=\"og:image:height\" content=\"1536\" \/>\n\t<meta property=\"og:image:type\" content=\"image\/jpeg\" \/>\n<meta name=\"author\" content=\"alcalde\" \/>\n<meta name=\"twitter:card\" content=\"summary_large_image\" \/>\n<meta name=\"twitter:label1\" content=\"Escrito por\" \/>\n\t<meta name=\"twitter:data1\" content=\"alcalde\" \/>\n\t<meta name=\"twitter:label2\" content=\"Tiempo de lectura\" \/>\n\t<meta name=\"twitter:data2\" content=\"4 minutos\" \/>\n<script type=\"application\/ld+json\" class=\"yoast-schema-graph\">{\"@context\":\"https:\\\/\\\/schema.org\",\"@graph\":[{\"@type\":\"Article\",\"@id\":\"https:\\\/\\\/www.caudete.org\\\/ayuntamiento\\\/caudete-se-suma-a-los-municipios-hermanados-por-el-vidrio-y-recibe-su-llave-de-vidrio-reciclado\\\/#article\",\"isPartOf\":{\"@id\":\"https:\\\/\\\/www.caudete.org\\\/ayuntamiento\\\/caudete-se-suma-a-los-municipios-hermanados-por-el-vidrio-y-recibe-su-llave-de-vidrio-reciclado\\\/\"},\"author\":{\"name\":\"alcalde\",\"@id\":\"https:\\\/\\\/www.caudete.org\\\/ayuntamiento\\\/#\\\/schema\\\/person\\\/cc646da9133078ee4d8dd47457947253\"},\"headline\":\"Caudete se suma a los MUNICIPIOS HERMANADOS POR EL VIDRIO y recibe su llave de vidrio reciclado\",\"datePublished\":\"2022-09-02T07:01:10+00:00\",\"mainEntityOfPage\":{\"@id\":\"https:\\\/\\\/www.caudete.org\\\/ayuntamiento\\\/caudete-se-suma-a-los-municipios-hermanados-por-el-vidrio-y-recibe-su-llave-de-vidrio-reciclado\\\/\"},\"wordCount\":923,\"image\":{\"@id\":\"https:\\\/\\\/www.caudete.org\\\/ayuntamiento\\\/caudete-se-suma-a-los-municipios-hermanados-por-el-vidrio-y-recibe-su-llave-de-vidrio-reciclado\\\/#primaryimage\"},\"thumbnailUrl\":\"https:\\\/\\\/www.caudete.org\\\/ayuntamiento\\\/wp-content\\\/uploads\\\/2022\\\/09\\\/WhatsApp-Image-2022-08-31-at-22.47.51.jpeg\",\"articleSection\":[\"Medio Ambiente\"],\"inLanguage\":\"es\"},{\"@type\":\"WebPage\",\"@id\":\"https:\\\/\\\/www.caudete.org\\\/ayuntamiento\\\/caudete-se-suma-a-los-municipios-hermanados-por-el-vidrio-y-recibe-su-llave-de-vidrio-reciclado\\\/\",\"url\":\"https:\\\/\\\/www.caudete.org\\\/ayuntamiento\\\/caudete-se-suma-a-los-municipios-hermanados-por-el-vidrio-y-recibe-su-llave-de-vidrio-reciclado\\\/\",\"name\":\"Caudete se suma a los MUNICIPIOS HERMANADOS POR EL VIDRIO y recibe su llave de vidrio reciclado - MI Ayuntamiento de Caudete\",\"isPartOf\":{\"@id\":\"https:\\\/\\\/www.caudete.org\\\/ayuntamiento\\\/#website\"},\"primaryImageOfPage\":{\"@id\":\"https:\\\/\\\/www.caudete.org\\\/ayuntamiento\\\/caudete-se-suma-a-los-municipios-hermanados-por-el-vidrio-y-recibe-su-llave-de-vidrio-reciclado\\\/#primaryimage\"},\"image\":{\"@id\":\"https:\\\/\\\/www.caudete.org\\\/ayuntamiento\\\/caudete-se-suma-a-los-municipios-hermanados-por-el-vidrio-y-recibe-su-llave-de-vidrio-reciclado\\\/#primaryimage\"},\"thumbnailUrl\":\"https:\\\/\\\/www.caudete.org\\\/ayuntamiento\\\/wp-content\\\/uploads\\\/2022\\\/09\\\/WhatsApp-Image-2022-08-31-at-22.47.51.jpeg\",\"datePublished\":\"2022-09-02T07:01:10+00:00\",\"author\":{\"@id\":\"https:\\\/\\\/www.caudete.org\\\/ayuntamiento\\\/#\\\/schema\\\/person\\\/cc646da9133078ee4d8dd47457947253\"},\"description\":\"P\u00e1gina Oficial del Ayuntamiento de Caudete (Albacete)\",\"breadcrumb\":{\"@id\":\"https:\\\/\\\/www.caudete.org\\\/ayuntamiento\\\/caudete-se-suma-a-los-municipios-hermanados-por-el-vidrio-y-recibe-su-llave-de-vidrio-reciclado\\\/#breadcrumb\"},\"inLanguage\":\"es\",\"potentialAction\":[{\"@type\":\"ReadAction\",\"target\":[\"https:\\\/\\\/www.caudete.org\\\/ayuntamiento\\\/caudete-se-suma-a-los-municipios-hermanados-por-el-vidrio-y-recibe-su-llave-de-vidrio-reciclado\\\/\"]}]},{\"@type\":\"ImageObject\",\"inLanguage\":\"es\",\"@id\":\"https:\\\/\\\/www.caudete.org\\\/ayuntamiento\\\/caudete-se-suma-a-los-municipios-hermanados-por-el-vidrio-y-recibe-su-llave-de-vidrio-reciclado\\\/#primaryimage\",\"url\":\"https:\\\/\\\/www.caudete.org\\\/ayuntamiento\\\/wp-content\\\/uploads\\\/2022\\\/09\\\/WhatsApp-Image-2022-08-31-at-22.47.51.jpeg\",\"contentUrl\":\"https:\\\/\\\/www.caudete.org\\\/ayuntamiento\\\/wp-content\\\/uploads\\\/2022\\\/09\\\/WhatsApp-Image-2022-08-31-at-22.47.51.jpeg\",\"width\":2048,\"height\":1536},{\"@type\":\"BreadcrumbList\",\"@id\":\"https:\\\/\\\/www.caudete.org\\\/ayuntamiento\\\/caudete-se-suma-a-los-municipios-hermanados-por-el-vidrio-y-recibe-su-llave-de-vidrio-reciclado\\\/#breadcrumb\",\"itemListElement\":[{\"@type\":\"ListItem\",\"position\":1,\"name\":\"Inicio\",\"item\":\"https:\\\/\\\/www.caudete.org\\\/ayuntamiento\\\/\"},{\"@type\":\"ListItem\",\"position\":2,\"name\":\"Caudete se suma a los MUNICIPIOS HERMANADOS POR EL VIDRIO y recibe su llave de vidrio reciclado\"}]},{\"@type\":\"WebSite\",\"@id\":\"https:\\\/\\\/www.caudete.org\\\/ayuntamiento\\\/#website\",\"url\":\"https:\\\/\\\/www.caudete.org\\\/ayuntamiento\\\/\",\"name\":\"MI Ayuntamiento de Caudete\",\"description\":\"P\u00e1gina Oficial del MI Ayuntamiento de Caudete\",\"potentialAction\":[{\"@type\":\"SearchAction\",\"target\":{\"@type\":\"EntryPoint\",\"urlTemplate\":\"https:\\\/\\\/www.caudete.org\\\/ayuntamiento\\\/?s={search_term_string}\"},\"query-input\":{\"@type\":\"PropertyValueSpecification\",\"valueRequired\":true,\"valueName\":\"search_term_string\"}}],\"inLanguage\":\"es\"},{\"@type\":\"Person\",\"@id\":\"https:\\\/\\\/www.caudete.org\\\/ayuntamiento\\\/#\\\/schema\\\/person\\\/cc646da9133078ee4d8dd47457947253\",\"name\":\"alcalde\",\"image\":{\"@type\":\"ImageObject\",\"inLanguage\":\"es\",\"@id\":\"https:\\\/\\\/secure.gravatar.com\\\/avatar\\\/84a817ba065b29ff08d666b215a215f5c79186a645ccb25b14a663d48a130f77?s=96&d=mm&r=g\",\"url\":\"https:\\\/\\\/secure.gravatar.com\\\/avatar\\\/84a817ba065b29ff08d666b215a215f5c79186a645ccb25b14a663d48a130f77?s=96&d=mm&r=g\",\"contentUrl\":\"https:\\\/\\\/secure.gravatar.com\\\/avatar\\\/84a817ba065b29ff08d666b215a215f5c79186a645ccb25b14a663d48a130f77?s=96&d=mm&r=g\",\"caption\":\"alcalde\"},\"url\":\"https:\\\/\\\/www.caudete.org\\\/ayuntamiento\\\/author\\\/alcalde\\\/\"}]}<\/script>\n<!-- \/ Yoast SEO plugin. -->","yoast_head_json":{"title":"Caudete se suma a los MUNICIPIOS HERMANADOS POR EL VIDRIO y recibe su llave de vidrio reciclado - MI Ayuntamiento de Caudete","description":"P\u00e1gina Oficial del Ayuntamiento de Caudete (Albacete)","robots":{"index":"index","follow":"follow","max-snippet":"max-snippet:-1","max-image-preview":"max-image-preview:large","max-video-preview":"max-video-preview:-1"},"canonical":"https:\/\/www.caudete.org\/ayuntamiento\/caudete-se-suma-a-los-municipios-hermanados-por-el-vidrio-y-recibe-su-llave-de-vidrio-reciclado\/","og_locale":"es_ES","og_type":"article","og_title":"Caudete se suma a los MUNICIPIOS HERMANADOS POR EL VIDRIO y recibe su llave de vidrio reciclado - MI Ayuntamiento de Caudete","og_description":"P\u00e1gina Oficial del Ayuntamiento de Caudete (Albacete)","og_url":"https:\/\/www.caudete.org\/ayuntamiento\/caudete-se-suma-a-los-municipios-hermanados-por-el-vidrio-y-recibe-su-llave-de-vidrio-reciclado\/","og_site_name":"MI Ayuntamiento de Caudete","article_publisher":"https:\/\/www.facebook.com\/ayuntamientocaudete\/","article_published_time":"2022-09-02T07:01:10+00:00","og_image":[{"width":2048,"height":1536,"url":"https:\/\/www.caudete.org\/ayuntamiento\/wp-content\/uploads\/2022\/09\/WhatsApp-Image-2022-08-31-at-22.47.51.jpeg","type":"image\/jpeg"}],"author":"alcalde","twitter_card":"summary_large_image","twitter_misc":{"Escrito por":"alcalde","Tiempo de lectura":"4 minutos"},"schema":{"@context":"https:\/\/schema.org","@graph":[{"@type":"Article","@id":"https:\/\/www.caudete.org\/ayuntamiento\/caudete-se-suma-a-los-municipios-hermanados-por-el-vidrio-y-recibe-su-llave-de-vidrio-reciclado\/#article","isPartOf":{"@id":"https:\/\/www.caudete.org\/ayuntamiento\/caudete-se-suma-a-los-municipios-hermanados-por-el-vidrio-y-recibe-su-llave-de-vidrio-reciclado\/"},"author":{"name":"alcalde","@id":"https:\/\/www.caudete.org\/ayuntamiento\/#\/schema\/person\/cc646da9133078ee4d8dd47457947253"},"headline":"Caudete se suma a los MUNICIPIOS HERMANADOS POR EL VIDRIO y recibe su llave de vidrio reciclado","datePublished":"2022-09-02T07:01:10+00:00","mainEntityOfPage":{"@id":"https:\/\/www.caudete.org\/ayuntamiento\/caudete-se-suma-a-los-municipios-hermanados-por-el-vidrio-y-recibe-su-llave-de-vidrio-reciclado\/"},"wordCount":923,"image":{"@id":"https:\/\/www.caudete.org\/ayuntamiento\/caudete-se-suma-a-los-municipios-hermanados-por-el-vidrio-y-recibe-su-llave-de-vidrio-reciclado\/#primaryimage"},"thumbnailUrl":"https:\/\/www.caudete.org\/ayuntamiento\/wp-content\/uploads\/2022\/09\/WhatsApp-Image-2022-08-31-at-22.47.51.jpeg","articleSection":["Medio Ambiente"],"inLanguage":"es"},{"@type":"WebPage","@id":"https:\/\/www.caudete.org\/ayuntamiento\/caudete-se-suma-a-los-municipios-hermanados-por-el-vidrio-y-recibe-su-llave-de-vidrio-reciclado\/","url":"https:\/\/www.caudete.org\/ayuntamiento\/caudete-se-suma-a-los-municipios-hermanados-por-el-vidrio-y-recibe-su-llave-de-vidrio-reciclado\/","name":"Caudete se suma a los MUNICIPIOS HERMANADOS POR EL VIDRIO y recibe su llave de vidrio reciclado - MI Ayuntamiento de Caudete","isPartOf":{"@id":"https:\/\/www.caudete.org\/ayuntamiento\/#website"},"primaryImageOfPage":{"@id":"https:\/\/www.caudete.org\/ayuntamiento\/caudete-se-suma-a-los-municipios-hermanados-por-el-vidrio-y-recibe-su-llave-de-vidrio-reciclado\/#primaryimage"},"image":{"@id":"https:\/\/www.caudete.org\/ayuntamiento\/caudete-se-suma-a-los-municipios-hermanados-por-el-vidrio-y-recibe-su-llave-de-vidrio-reciclado\/#primaryimage"},"thumbnailUrl":"https:\/\/www.caudete.org\/ayuntamiento\/wp-content\/uploads\/2022\/09\/WhatsApp-Image-2022-08-31-at-22.47.51.jpeg","datePublished":"2022-09-02T07:01:10+00:00","author":{"@id":"https:\/\/www.caudete.org\/ayuntamiento\/#\/schema\/person\/cc646da9133078ee4d8dd47457947253"},"description":"P\u00e1gina Oficial del Ayuntamiento de Caudete (Albacete)","breadcrumb":{"@id":"https:\/\/www.caudete.org\/ayuntamiento\/caudete-se-suma-a-los-municipios-hermanados-por-el-vidrio-y-recibe-su-llave-de-vidrio-reciclado\/#breadcrumb"},"inLanguage":"es","potentialAction":[{"@type":"ReadAction","target":["https:\/\/www.caudete.org\/ayuntamiento\/caudete-se-suma-a-los-municipios-hermanados-por-el-vidrio-y-recibe-su-llave-de-vidrio-reciclado\/"]}]},{"@type":"ImageObject","inLanguage":"es","@id":"https:\/\/www.caudete.org\/ayuntamiento\/caudete-se-suma-a-los-municipios-hermanados-por-el-vidrio-y-recibe-su-llave-de-vidrio-reciclado\/#primaryimage","url":"https:\/\/www.caudete.org\/ayuntamiento\/wp-content\/uploads\/2022\/09\/WhatsApp-Image-2022-08-31-at-22.47.51.jpeg","contentUrl":"https:\/\/www.caudete.org\/ayuntamiento\/wp-content\/uploads\/2022\/09\/WhatsApp-Image-2022-08-31-at-22.47.51.jpeg","width":2048,"height":1536},{"@type":"BreadcrumbList","@id":"https:\/\/www.caudete.org\/ayuntamiento\/caudete-se-suma-a-los-municipios-hermanados-por-el-vidrio-y-recibe-su-llave-de-vidrio-reciclado\/#breadcrumb","itemListElement":[{"@type":"ListItem","position":1,"name":"Inicio","item":"https:\/\/www.caudete.org\/ayuntamiento\/"},{"@type":"ListItem","position":2,"name":"Caudete se suma a los MUNICIPIOS HERMANADOS POR EL VIDRIO y recibe su llave de vidrio reciclado"}]},{"@type":"WebSite","@id":"https:\/\/www.caudete.org\/ayuntamiento\/#website","url":"https:\/\/www.caudete.org\/ayuntamiento\/","name":"MI Ayuntamiento de Caudete","description":"P\u00e1gina Oficial del MI Ayuntamiento de Caudete","potentialAction":[{"@type":"SearchAction","target":{"@type":"EntryPoint","urlTemplate":"https:\/\/www.caudete.org\/ayuntamiento\/?s={search_term_string}"},"query-input":{"@type":"PropertyValueSpecification","valueRequired":true,"valueName":"search_term_string"}}],"inLanguage":"es"},{"@type":"Person","@id":"https:\/\/www.caudete.org\/ayuntamiento\/#\/schema\/person\/cc646da9133078ee4d8dd47457947253","name":"alcalde","image":{"@type":"ImageObject","inLanguage":"es","@id":"https:\/\/secure.gravatar.com\/avatar\/84a817ba065b29ff08d666b215a215f5c79186a645ccb25b14a663d48a130f77?s=96&d=mm&r=g","url":"https:\/\/secure.gravatar.com\/avatar\/84a817ba065b29ff08d666b215a215f5c79186a645ccb25b14a663d48a130f77?s=96&d=mm&r=g","contentUrl":"https:\/\/secure.gravatar.com\/avatar\/84a817ba065b29ff08d666b215a215f5c79186a645ccb25b14a663d48a130f77?s=96&d=mm&r=g","caption":"alcalde"},"url":"https:\/\/www.caudete.org\/ayuntamiento\/author\/alcalde\/"}]}},"_links":{"self":[{"href":"https:\/\/www.caudete.org\/ayuntamiento\/wp-json\/wp\/v2\/posts\/19990","targetHints":{"allow":["GET"]}}],"collection":[{"href":"https:\/\/www.caudete.org\/ayuntamiento\/wp-json\/wp\/v2\/posts"}],"about":[{"href":"https:\/\/www.caudete.org\/ayuntamiento\/wp-json\/wp\/v2\/types\/post"}],"author":[{"embeddable":true,"href":"https:\/\/www.caudete.org\/ayuntamiento\/wp-json\/wp\/v2\/users\/3"}],"replies":[{"embeddable":true,"href":"https:\/\/www.caudete.org\/ayuntamiento\/wp-json\/wp\/v2\/comments?post=19990"}],"version-history":[{"count":2,"href":"https:\/\/www.caudete.org\/ayuntamiento\/wp-json\/wp\/v2\/posts\/19990\/revisions"}],"predecessor-version":[{"id":20010,"href":"https:\/\/www.caudete.org\/ayuntamiento\/wp-json\/wp\/v2\/posts\/19990\/revisions\/20010"}],"wp:featuredmedia":[{"embeddable":true,"href":"https:\/\/www.caudete.org\/ayuntamiento\/wp-json\/wp\/v2\/media\/19991"}],"wp:attachment":[{"href":"https:\/\/www.caudete.org\/ayuntamiento\/wp-json\/wp\/v2\/media?parent=19990"}],"wp:term":[{"taxonomy":"category","embeddable":true,"href":"https:\/\/www.caudete.org\/ayuntamiento\/wp-json\/wp\/v2\/categories?post=19990"},{"taxonomy":"post_tag","embeddable":true,"href":"https:\/\/www.caudete.org\/ayuntamiento\/wp-json\/wp\/v2\/tags?post=19990"}],"curies":[{"name":"wp","href":"https:\/\/api.w.org\/{rel}","templated":true}]}}