{"id":20039,"date":"2022-09-21T13:59:21","date_gmt":"2022-09-21T11:59:21","guid":{"rendered":"https:\/\/www.caudete.org\/ayuntamiento\/?p=20039"},"modified":"2022-09-21T13:59:21","modified_gmt":"2022-09-21T11:59:21","slug":"a-partir-del-proximo-martes-la-calle-miguel-martinez-tendra-nueva-ordenacion-del-trafico","status":"publish","type":"post","link":"https:\/\/www.caudete.org\/ayuntamiento\/a-partir-del-proximo-martes-la-calle-miguel-martinez-tendra-nueva-ordenacion-del-trafico\/","title":{"rendered":"A partir del pr\u00f3ximo martes, la Calle MIGUEL MART\u00cdNEZ tendr\u00e1 nueva ordenaci\u00f3n del tr\u00e1fico"},"content":{"rendered":"<p style=\"text-align: justify;\">El Concejal de Movilidad, Joaqu\u00edn Pag\u00e1n, informa de la nueva ordenaci\u00f3n del tr\u00e1fico que se ha establecido para la Calle Miguel Mart\u00ednez, una vez que sobre la misma se ha detectado problemas en la fluidez de la circulaci\u00f3n, y por tanto ha sido objeto de estudio para mejorar el tr\u00e1fico rodado de la zona.<\/p>\n<p style=\"text-align: justify;\">No obstante, la nueva ordenaci\u00f3n no afecta a la totalidad de la v\u00eda, sino al tramo establecido entre la intersecci\u00f3n con C\/ General Lassala hasta donde intersecta con Callej\u00f3n del Moto; quedando como v\u00eda de \u00fanico sentido de circulaci\u00f3n en la direcci\u00f3n fijada (desde General Lassala hasta Callej\u00f3n del Moto).<\/p>\n<p style=\"text-align: justify;\">Igualmente, se ha fijado\u00a0prohibici\u00f3n de estacionamiento en la Calle Miguel Mart\u00ednez a la altura del n\u00famero 16, en la puerta de acceso al Centro de D\u00eda y Ocupacional de ASPRONA.<\/p>\n<p><span style=\"font-size: 10pt;\"><em><a href=\"https:\/\/caudete.sedipualba.es\/tablondeanuncios\/anuncio.aspx?id=41999\" target=\"_blank\" rel=\"nofollow\">BANDO MUNICIPAL MODIFICACION ORDENACION DEL TRAFICO EN CALLE MIGUEL MARTINEZ<\/a><\/em><\/span><\/p>\n","protected":false},"excerpt":{"rendered":"<p>El Concejal de Movilidad, Joaqu\u00edn Pag\u00e1n, informa de la nueva ordenaci\u00f3n del tr\u00e1fico que se ha establecido para la Calle Miguel Mart\u00ednez, una vez que sobre la misma se ha detectado problemas en la fluidez de la circulaci\u00f3n, y por tanto ha sido objeto de estudio para mejorar el tr\u00e1fico rodado de la zona. No &hellip;<\/p>\n","protected":false},"author":3,"featured_media":20042,"comment_status":"closed","ping_status":"open","sticky":false,"template":"","format":"standard","meta":{"ngg_post_thumbnail":0,"footnotes":""},"categories":[46],"tags":[],"class_list":["post-20039","post","type-post","status-publish","format-standard","has-post-thumbnail","hentry","category-movilidad-urbana"],"yoast_head":"<!-- This site is optimized with the Yoast SEO plugin v27.5 - https:\/\/yoast.com\/product\/yoast-seo-wordpress\/ -->\n<title>A partir del pr\u00f3ximo martes, la Calle MIGUEL MART\u00cdNEZ tendr\u00e1 nueva ordenaci\u00f3n del tr\u00e1fico - MI Ayuntamiento de Caudete<\/title>\n<meta name=\"description\" content=\"P\u00e1gina Oficial del Ayuntamiento de Caudete (Albacete)\" \/>\n<meta name=\"robots\" content=\"index, follow, max-snippet:-1, max-image-preview:large, max-video-preview:-1\" \/>\n<link rel=\"canonical\" href=\"https:\/\/www.caudete.org\/ayuntamiento\/a-partir-del-proximo-martes-la-calle-miguel-martinez-tendra-nueva-ordenacion-del-trafico\/\" \/>\n<meta property=\"og:locale\" content=\"es_ES\" \/>\n<meta property=\"og:type\" content=\"article\" \/>\n<meta property=\"og:title\" content=\"A partir del pr\u00f3ximo martes, la Calle MIGUEL MART\u00cdNEZ tendr\u00e1 nueva ordenaci\u00f3n del tr\u00e1fico - MI Ayuntamiento de Caudete\" \/>\n<meta property=\"og:description\" content=\"P\u00e1gina Oficial del Ayuntamiento de Caudete (Albacete)\" \/>\n<meta property=\"og:url\" content=\"https:\/\/www.caudete.org\/ayuntamiento\/a-partir-del-proximo-martes-la-calle-miguel-martinez-tendra-nueva-ordenacion-del-trafico\/\" \/>\n<meta property=\"og:site_name\" content=\"MI Ayuntamiento de Caudete\" \/>\n<meta property=\"article:publisher\" content=\"https:\/\/www.facebook.com\/ayuntamientocaudete\/\" \/>\n<meta property=\"article:published_time\" content=\"2022-09-21T11:59:21+00:00\" \/>\n<meta property=\"og:image\" content=\"https:\/\/www.caudete.org\/ayuntamiento\/wp-content\/uploads\/2022\/09\/Captura-de-pantalla-2022-09-21-135747-rotated.jpg\" \/>\n\t<meta property=\"og:image:width\" content=\"798\" \/>\n\t<meta property=\"og:image:height\" content=\"579\" \/>\n\t<meta property=\"og:image:type\" content=\"image\/jpeg\" \/>\n<meta name=\"author\" content=\"alcalde\" \/>\n<meta name=\"twitter:card\" content=\"summary_large_image\" \/>\n<meta name=\"twitter:label1\" content=\"Escrito por\" \/>\n\t<meta name=\"twitter:data1\" content=\"alcalde\" \/>\n\t<meta name=\"twitter:label2\" content=\"Tiempo de lectura\" \/>\n\t<meta name=\"twitter:data2\" content=\"1 minuto\" \/>\n<script type=\"application\/ld+json\" class=\"yoast-schema-graph\">{\"@context\":\"https:\\\/\\\/schema.org\",\"@graph\":[{\"@type\":\"Article\",\"@id\":\"https:\\\/\\\/www.caudete.org\\\/ayuntamiento\\\/a-partir-del-proximo-martes-la-calle-miguel-martinez-tendra-nueva-ordenacion-del-trafico\\\/#article\",\"isPartOf\":{\"@id\":\"https:\\\/\\\/www.caudete.org\\\/ayuntamiento\\\/a-partir-del-proximo-martes-la-calle-miguel-martinez-tendra-nueva-ordenacion-del-trafico\\\/\"},\"author\":{\"name\":\"alcalde\",\"@id\":\"https:\\\/\\\/www.caudete.org\\\/ayuntamiento\\\/#\\\/schema\\\/person\\\/cc646da9133078ee4d8dd47457947253\"},\"headline\":\"A partir del pr\u00f3ximo martes, la Calle MIGUEL MART\u00cdNEZ tendr\u00e1 nueva ordenaci\u00f3n del tr\u00e1fico\",\"datePublished\":\"2022-09-21T11:59:21+00:00\",\"mainEntityOfPage\":{\"@id\":\"https:\\\/\\\/www.caudete.org\\\/ayuntamiento\\\/a-partir-del-proximo-martes-la-calle-miguel-martinez-tendra-nueva-ordenacion-del-trafico\\\/\"},\"wordCount\":181,\"image\":{\"@id\":\"https:\\\/\\\/www.caudete.org\\\/ayuntamiento\\\/a-partir-del-proximo-martes-la-calle-miguel-martinez-tendra-nueva-ordenacion-del-trafico\\\/#primaryimage\"},\"thumbnailUrl\":\"https:\\\/\\\/www.caudete.org\\\/ayuntamiento\\\/wp-content\\\/uploads\\\/2022\\\/09\\\/Captura-de-pantalla-2022-09-21-135747-rotated.jpg\",\"articleSection\":[\"Movilidad Urbana\"],\"inLanguage\":\"es\"},{\"@type\":\"WebPage\",\"@id\":\"https:\\\/\\\/www.caudete.org\\\/ayuntamiento\\\/a-partir-del-proximo-martes-la-calle-miguel-martinez-tendra-nueva-ordenacion-del-trafico\\\/\",\"url\":\"https:\\\/\\\/www.caudete.org\\\/ayuntamiento\\\/a-partir-del-proximo-martes-la-calle-miguel-martinez-tendra-nueva-ordenacion-del-trafico\\\/\",\"name\":\"A partir del pr\u00f3ximo martes, la Calle MIGUEL MART\u00cdNEZ tendr\u00e1 nueva ordenaci\u00f3n del tr\u00e1fico - MI Ayuntamiento de Caudete\",\"isPartOf\":{\"@id\":\"https:\\\/\\\/www.caudete.org\\\/ayuntamiento\\\/#website\"},\"primaryImageOfPage\":{\"@id\":\"https:\\\/\\\/www.caudete.org\\\/ayuntamiento\\\/a-partir-del-proximo-martes-la-calle-miguel-martinez-tendra-nueva-ordenacion-del-trafico\\\/#primaryimage\"},\"image\":{\"@id\":\"https:\\\/\\\/www.caudete.org\\\/ayuntamiento\\\/a-partir-del-proximo-martes-la-calle-miguel-martinez-tendra-nueva-ordenacion-del-trafico\\\/#primaryimage\"},\"thumbnailUrl\":\"https:\\\/\\\/www.caudete.org\\\/ayuntamiento\\\/wp-content\\\/uploads\\\/2022\\\/09\\\/Captura-de-pantalla-2022-09-21-135747-rotated.jpg\",\"datePublished\":\"2022-09-21T11:59:21+00:00\",\"author\":{\"@id\":\"https:\\\/\\\/www.caudete.org\\\/ayuntamiento\\\/#\\\/schema\\\/person\\\/cc646da9133078ee4d8dd47457947253\"},\"description\":\"P\u00e1gina Oficial del Ayuntamiento de Caudete (Albacete)\",\"breadcrumb\":{\"@id\":\"https:\\\/\\\/www.caudete.org\\\/ayuntamiento\\\/a-partir-del-proximo-martes-la-calle-miguel-martinez-tendra-nueva-ordenacion-del-trafico\\\/#breadcrumb\"},\"inLanguage\":\"es\",\"potentialAction\":[{\"@type\":\"ReadAction\",\"target\":[\"https:\\\/\\\/www.caudete.org\\\/ayuntamiento\\\/a-partir-del-proximo-martes-la-calle-miguel-martinez-tendra-nueva-ordenacion-del-trafico\\\/\"]}]},{\"@type\":\"ImageObject\",\"inLanguage\":\"es\",\"@id\":\"https:\\\/\\\/www.caudete.org\\\/ayuntamiento\\\/a-partir-del-proximo-martes-la-calle-miguel-martinez-tendra-nueva-ordenacion-del-trafico\\\/#primaryimage\",\"url\":\"https:\\\/\\\/www.caudete.org\\\/ayuntamiento\\\/wp-content\\\/uploads\\\/2022\\\/09\\\/Captura-de-pantalla-2022-09-21-135747-rotated.jpg\",\"contentUrl\":\"https:\\\/\\\/www.caudete.org\\\/ayuntamiento\\\/wp-content\\\/uploads\\\/2022\\\/09\\\/Captura-de-pantalla-2022-09-21-135747-rotated.jpg\",\"width\":798,\"height\":579},{\"@type\":\"BreadcrumbList\",\"@id\":\"https:\\\/\\\/www.caudete.org\\\/ayuntamiento\\\/a-partir-del-proximo-martes-la-calle-miguel-martinez-tendra-nueva-ordenacion-del-trafico\\\/#breadcrumb\",\"itemListElement\":[{\"@type\":\"ListItem\",\"position\":1,\"name\":\"Inicio\",\"item\":\"https:\\\/\\\/www.caudete.org\\\/ayuntamiento\\\/\"},{\"@type\":\"ListItem\",\"position\":2,\"name\":\"A partir del pr\u00f3ximo martes, la Calle MIGUEL MART\u00cdNEZ tendr\u00e1 nueva ordenaci\u00f3n del tr\u00e1fico\"}]},{\"@type\":\"WebSite\",\"@id\":\"https:\\\/\\\/www.caudete.org\\\/ayuntamiento\\\/#website\",\"url\":\"https:\\\/\\\/www.caudete.org\\\/ayuntamiento\\\/\",\"name\":\"MI Ayuntamiento de Caudete\",\"description\":\"P\u00e1gina Oficial del MI Ayuntamiento de Caudete\",\"potentialAction\":[{\"@type\":\"SearchAction\",\"target\":{\"@type\":\"EntryPoint\",\"urlTemplate\":\"https:\\\/\\\/www.caudete.org\\\/ayuntamiento\\\/?s={search_term_string}\"},\"query-input\":{\"@type\":\"PropertyValueSpecification\",\"valueRequired\":true,\"valueName\":\"search_term_string\"}}],\"inLanguage\":\"es\"},{\"@type\":\"Person\",\"@id\":\"https:\\\/\\\/www.caudete.org\\\/ayuntamiento\\\/#\\\/schema\\\/person\\\/cc646da9133078ee4d8dd47457947253\",\"name\":\"alcalde\",\"image\":{\"@type\":\"ImageObject\",\"inLanguage\":\"es\",\"@id\":\"https:\\\/\\\/secure.gravatar.com\\\/avatar\\\/84a817ba065b29ff08d666b215a215f5c79186a645ccb25b14a663d48a130f77?s=96&d=mm&r=g\",\"url\":\"https:\\\/\\\/secure.gravatar.com\\\/avatar\\\/84a817ba065b29ff08d666b215a215f5c79186a645ccb25b14a663d48a130f77?s=96&d=mm&r=g\",\"contentUrl\":\"https:\\\/\\\/secure.gravatar.com\\\/avatar\\\/84a817ba065b29ff08d666b215a215f5c79186a645ccb25b14a663d48a130f77?s=96&d=mm&r=g\",\"caption\":\"alcalde\"},\"url\":\"https:\\\/\\\/www.caudete.org\\\/ayuntamiento\\\/author\\\/alcalde\\\/\"}]}<\/script>\n<!-- \/ Yoast SEO plugin. -->","yoast_head_json":{"title":"A partir del pr\u00f3ximo martes, la Calle MIGUEL MART\u00cdNEZ tendr\u00e1 nueva ordenaci\u00f3n del tr\u00e1fico - MI Ayuntamiento de Caudete","description":"P\u00e1gina Oficial del Ayuntamiento de Caudete (Albacete)","robots":{"index":"index","follow":"follow","max-snippet":"max-snippet:-1","max-image-preview":"max-image-preview:large","max-video-preview":"max-video-preview:-1"},"canonical":"https:\/\/www.caudete.org\/ayuntamiento\/a-partir-del-proximo-martes-la-calle-miguel-martinez-tendra-nueva-ordenacion-del-trafico\/","og_locale":"es_ES","og_type":"article","og_title":"A partir del pr\u00f3ximo martes, la Calle MIGUEL MART\u00cdNEZ tendr\u00e1 nueva ordenaci\u00f3n del tr\u00e1fico - MI Ayuntamiento de Caudete","og_description":"P\u00e1gina Oficial del Ayuntamiento de Caudete (Albacete)","og_url":"https:\/\/www.caudete.org\/ayuntamiento\/a-partir-del-proximo-martes-la-calle-miguel-martinez-tendra-nueva-ordenacion-del-trafico\/","og_site_name":"MI Ayuntamiento de Caudete","article_publisher":"https:\/\/www.facebook.com\/ayuntamientocaudete\/","article_published_time":"2022-09-21T11:59:21+00:00","og_image":[{"width":798,"height":579,"url":"https:\/\/www.caudete.org\/ayuntamiento\/wp-content\/uploads\/2022\/09\/Captura-de-pantalla-2022-09-21-135747-rotated.jpg","type":"image\/jpeg"}],"author":"alcalde","twitter_card":"summary_large_image","twitter_misc":{"Escrito por":"alcalde","Tiempo de lectura":"1 minuto"},"schema":{"@context":"https:\/\/schema.org","@graph":[{"@type":"Article","@id":"https:\/\/www.caudete.org\/ayuntamiento\/a-partir-del-proximo-martes-la-calle-miguel-martinez-tendra-nueva-ordenacion-del-trafico\/#article","isPartOf":{"@id":"https:\/\/www.caudete.org\/ayuntamiento\/a-partir-del-proximo-martes-la-calle-miguel-martinez-tendra-nueva-ordenacion-del-trafico\/"},"author":{"name":"alcalde","@id":"https:\/\/www.caudete.org\/ayuntamiento\/#\/schema\/person\/cc646da9133078ee4d8dd47457947253"},"headline":"A partir del pr\u00f3ximo martes, la Calle MIGUEL MART\u00cdNEZ tendr\u00e1 nueva ordenaci\u00f3n del tr\u00e1fico","datePublished":"2022-09-21T11:59:21+00:00","mainEntityOfPage":{"@id":"https:\/\/www.caudete.org\/ayuntamiento\/a-partir-del-proximo-martes-la-calle-miguel-martinez-tendra-nueva-ordenacion-del-trafico\/"},"wordCount":181,"image":{"@id":"https:\/\/www.caudete.org\/ayuntamiento\/a-partir-del-proximo-martes-la-calle-miguel-martinez-tendra-nueva-ordenacion-del-trafico\/#primaryimage"},"thumbnailUrl":"https:\/\/www.caudete.org\/ayuntamiento\/wp-content\/uploads\/2022\/09\/Captura-de-pantalla-2022-09-21-135747-rotated.jpg","articleSection":["Movilidad Urbana"],"inLanguage":"es"},{"@type":"WebPage","@id":"https:\/\/www.caudete.org\/ayuntamiento\/a-partir-del-proximo-martes-la-calle-miguel-martinez-tendra-nueva-ordenacion-del-trafico\/","url":"https:\/\/www.caudete.org\/ayuntamiento\/a-partir-del-proximo-martes-la-calle-miguel-martinez-tendra-nueva-ordenacion-del-trafico\/","name":"A partir del pr\u00f3ximo martes, la Calle MIGUEL MART\u00cdNEZ tendr\u00e1 nueva ordenaci\u00f3n del tr\u00e1fico - MI Ayuntamiento de Caudete","isPartOf":{"@id":"https:\/\/www.caudete.org\/ayuntamiento\/#website"},"primaryImageOfPage":{"@id":"https:\/\/www.caudete.org\/ayuntamiento\/a-partir-del-proximo-martes-la-calle-miguel-martinez-tendra-nueva-ordenacion-del-trafico\/#primaryimage"},"image":{"@id":"https:\/\/www.caudete.org\/ayuntamiento\/a-partir-del-proximo-martes-la-calle-miguel-martinez-tendra-nueva-ordenacion-del-trafico\/#primaryimage"},"thumbnailUrl":"https:\/\/www.caudete.org\/ayuntamiento\/wp-content\/uploads\/2022\/09\/Captura-de-pantalla-2022-09-21-135747-rotated.jpg","datePublished":"2022-09-21T11:59:21+00:00","author":{"@id":"https:\/\/www.caudete.org\/ayuntamiento\/#\/schema\/person\/cc646da9133078ee4d8dd47457947253"},"description":"P\u00e1gina Oficial del Ayuntamiento de Caudete (Albacete)","breadcrumb":{"@id":"https:\/\/www.caudete.org\/ayuntamiento\/a-partir-del-proximo-martes-la-calle-miguel-martinez-tendra-nueva-ordenacion-del-trafico\/#breadcrumb"},"inLanguage":"es","potentialAction":[{"@type":"ReadAction","target":["https:\/\/www.caudete.org\/ayuntamiento\/a-partir-del-proximo-martes-la-calle-miguel-martinez-tendra-nueva-ordenacion-del-trafico\/"]}]},{"@type":"ImageObject","inLanguage":"es","@id":"https:\/\/www.caudete.org\/ayuntamiento\/a-partir-del-proximo-martes-la-calle-miguel-martinez-tendra-nueva-ordenacion-del-trafico\/#primaryimage","url":"https:\/\/www.caudete.org\/ayuntamiento\/wp-content\/uploads\/2022\/09\/Captura-de-pantalla-2022-09-21-135747-rotated.jpg","contentUrl":"https:\/\/www.caudete.org\/ayuntamiento\/wp-content\/uploads\/2022\/09\/Captura-de-pantalla-2022-09-21-135747-rotated.jpg","width":798,"height":579},{"@type":"BreadcrumbList","@id":"https:\/\/www.caudete.org\/ayuntamiento\/a-partir-del-proximo-martes-la-calle-miguel-martinez-tendra-nueva-ordenacion-del-trafico\/#breadcrumb","itemListElement":[{"@type":"ListItem","position":1,"name":"Inicio","item":"https:\/\/www.caudete.org\/ayuntamiento\/"},{"@type":"ListItem","position":2,"name":"A partir del pr\u00f3ximo martes, la Calle MIGUEL MART\u00cdNEZ tendr\u00e1 nueva ordenaci\u00f3n del tr\u00e1fico"}]},{"@type":"WebSite","@id":"https:\/\/www.caudete.org\/ayuntamiento\/#website","url":"https:\/\/www.caudete.org\/ayuntamiento\/","name":"MI Ayuntamiento de Caudete","description":"P\u00e1gina Oficial del MI Ayuntamiento de Caudete","potentialAction":[{"@type":"SearchAction","target":{"@type":"EntryPoint","urlTemplate":"https:\/\/www.caudete.org\/ayuntamiento\/?s={search_term_string}"},"query-input":{"@type":"PropertyValueSpecification","valueRequired":true,"valueName":"search_term_string"}}],"inLanguage":"es"},{"@type":"Person","@id":"https:\/\/www.caudete.org\/ayuntamiento\/#\/schema\/person\/cc646da9133078ee4d8dd47457947253","name":"alcalde","image":{"@type":"ImageObject","inLanguage":"es","@id":"https:\/\/secure.gravatar.com\/avatar\/84a817ba065b29ff08d666b215a215f5c79186a645ccb25b14a663d48a130f77?s=96&d=mm&r=g","url":"https:\/\/secure.gravatar.com\/avatar\/84a817ba065b29ff08d666b215a215f5c79186a645ccb25b14a663d48a130f77?s=96&d=mm&r=g","contentUrl":"https:\/\/secure.gravatar.com\/avatar\/84a817ba065b29ff08d666b215a215f5c79186a645ccb25b14a663d48a130f77?s=96&d=mm&r=g","caption":"alcalde"},"url":"https:\/\/www.caudete.org\/ayuntamiento\/author\/alcalde\/"}]}},"_links":{"self":[{"href":"https:\/\/www.caudete.org\/ayuntamiento\/wp-json\/wp\/v2\/posts\/20039","targetHints":{"allow":["GET"]}}],"collection":[{"href":"https:\/\/www.caudete.org\/ayuntamiento\/wp-json\/wp\/v2\/posts"}],"about":[{"href":"https:\/\/www.caudete.org\/ayuntamiento\/wp-json\/wp\/v2\/types\/post"}],"author":[{"embeddable":true,"href":"https:\/\/www.caudete.org\/ayuntamiento\/wp-json\/wp\/v2\/users\/3"}],"replies":[{"embeddable":true,"href":"https:\/\/www.caudete.org\/ayuntamiento\/wp-json\/wp\/v2\/comments?post=20039"}],"version-history":[{"count":1,"href":"https:\/\/www.caudete.org\/ayuntamiento\/wp-json\/wp\/v2\/posts\/20039\/revisions"}],"predecessor-version":[{"id":20043,"href":"https:\/\/www.caudete.org\/ayuntamiento\/wp-json\/wp\/v2\/posts\/20039\/revisions\/20043"}],"wp:featuredmedia":[{"embeddable":true,"href":"https:\/\/www.caudete.org\/ayuntamiento\/wp-json\/wp\/v2\/media\/20042"}],"wp:attachment":[{"href":"https:\/\/www.caudete.org\/ayuntamiento\/wp-json\/wp\/v2\/media?parent=20039"}],"wp:term":[{"taxonomy":"category","embeddable":true,"href":"https:\/\/www.caudete.org\/ayuntamiento\/wp-json\/wp\/v2\/categories?post=20039"},{"taxonomy":"post_tag","embeddable":true,"href":"https:\/\/www.caudete.org\/ayuntamiento\/wp-json\/wp\/v2\/tags?post=20039"}],"curies":[{"name":"wp","href":"https:\/\/api.w.org\/{rel}","templated":true}]}}