{"id":20068,"date":"2022-09-22T09:00:16","date_gmt":"2022-09-22T07:00:16","guid":{"rendered":"https:\/\/www.caudete.org\/ayuntamiento\/?p=20068"},"modified":"2022-09-21T20:38:53","modified_gmt":"2022-09-21T18:38:53","slug":"el-castillo-de-caudete-acogera-la-iii-campana-de-voluntariado-arqueologico","status":"publish","type":"post","link":"https:\/\/www.caudete.org\/ayuntamiento\/el-castillo-de-caudete-acogera-la-iii-campana-de-voluntariado-arqueologico\/","title":{"rendered":"El CASTILLO DE CAUDETE acoger\u00e1 la III Campa\u00f1a de Voluntariado Arqueol\u00f3gico"},"content":{"rendered":"<p style=\"text-align: justify;\">El Concejal de Patrimonio Hist\u00f3rico, Diego Cuenca, ha presentado esta ma\u00f1ana la III Campa\u00f1a de Voluntariado Arqueol\u00f3gico que se desarrollar\u00e1 la ultima semana de Septiembre y primera quincena de Octubre.<\/p>\n<p style=\"text-align: justify;\">De nuevo el Castillo ser\u00e1 el campo de trabajo en el que todo caudetano podr\u00e1 ser parte activa en el proceso de investigaci\u00f3n y excavaci\u00f3n arqueol\u00f3gica que el personal especializado llevar\u00e1 a cabo.<\/p>\n<p style=\"text-align: justify;\">Esta nueva actuaci\u00f3n arqueol\u00f3gica ha sido proyectada por el Gobierno Municipal mediante la Concejal\u00eda de Patrimonio, dando continuidad a la estrategia de mandato fijada, y que cuenta con el benepl\u00e1cito de la Consejer\u00eda de Cultura de la JCCM.<\/p>\n<p style=\"text-align: justify;\">El \u00e9xito obtenido en las ediciones de 2020 y 2021, ha sido motivo, junto a la petici\u00f3n de quienes fueron protagonistas, de lanzar de nuevo una convocatoria en la que cualquier ciudadano pueda participar en las labores arqueol\u00f3gicas que el Ayuntamiento ha planteado para el presente a\u00f1o dentro de la fortaleza caudetana. No se requieren estudios, ni se establece un m\u00e1ximo de edad, y la jornada se adapta a la disponibilidad del voluntario. Tan solo se pide ilusi\u00f3n, buen hacer y respeto por el desempe\u00f1o de las funciones.<\/p>\n<p style=\"text-align: justify;\">Los interesados pueden solicitar su inscripci\u00f3n en la Oficina de Turismo (de lunes a viernes de 09.30 a 13.00 en Plaza de Ntra. Sra. del Carmen) para lo que deber\u00e1n ir provistos de su DNI, y facilitar la disponibilidad que tienen para colaborar en la Campa\u00f1a de Voluntariado Arqueol\u00f3gico.<\/p>\n<p style=\"text-align: justify;\">Los trabajos se realizar\u00e1n de lunes a viernes de 08.00 a 15.00h y un s\u00e1bado de 09.00 a 13.00h.<\/p>\n<p style=\"text-align: justify;\">Bajo la direcci\u00f3n de los Arque\u00f3logos Gabriel Segura y Daniel Azor\u00edn se llevar\u00e1n a cabo labores arqueol\u00f3gicas que tratar\u00e1n de dar continuidad al desenterramiento de uno de los pa\u00f1os de muralla original del Castillo, oculta bajo una capa de tierra, y que une dos de las cuatro torres del Castillo, as\u00ed como completar la definici\u00f3n de la torre alumbrada en las dos \u00faltimas campa\u00f1as.<\/p>\n<p style=\"text-align: justify;\">Esta actuaci\u00f3n, adem\u00e1s, ha sido presentada por el Consistorio a la convocatoria de ayudas que el IEA lanza para la investigaci\u00f3n del patrimonio arqueol\u00f3gico local, esperando resoluci\u00f3n de la misma.<\/p>\n<p style=\"text-align: justify;\">Finalizada la excavaci\u00f3n, y realizados los estudios pertinentes, el Ayuntamiento realizar\u00e1 a primeros de a\u00f1o una Conferencia con los resultados obtenidos en esta campa\u00f1a y en la del a\u00f1o anterior, momento en el cual el Voluntariado Arqueol\u00f3gico de ambas ediciones recibir\u00e1 p\u00fablicamente un Diploma acreditativo de su participaci\u00f3n altruista.<\/p>\n","protected":false},"excerpt":{"rendered":"<p>El Concejal de Patrimonio Hist\u00f3rico, Diego Cuenca, ha presentado esta ma\u00f1ana la III Campa\u00f1a de Voluntariado Arqueol\u00f3gico que se desarrollar\u00e1 la ultima semana de Septiembre y primera quincena de Octubre. De nuevo el Castillo ser\u00e1 el campo de trabajo en el que todo caudetano podr\u00e1 ser parte activa en el proceso de investigaci\u00f3n y excavaci\u00f3n &hellip;<\/p>\n","protected":false},"author":3,"featured_media":15883,"comment_status":"closed","ping_status":"open","sticky":false,"template":"","format":"standard","meta":{"ngg_post_thumbnail":0,"footnotes":""},"categories":[45],"tags":[],"class_list":["post-20068","post","type-post","status-publish","format-standard","has-post-thumbnail","hentry","category-patrimonio"],"yoast_head":"<!-- This site is optimized with the Yoast SEO plugin v27.5 - https:\/\/yoast.com\/product\/yoast-seo-wordpress\/ -->\n<title>El CASTILLO DE CAUDETE acoger\u00e1 la III Campa\u00f1a de Voluntariado Arqueol\u00f3gico - MI Ayuntamiento de Caudete<\/title>\n<meta name=\"description\" content=\"P\u00e1gina Oficial del Ayuntamiento de Caudete (Albacete)\" \/>\n<meta name=\"robots\" content=\"index, follow, max-snippet:-1, max-image-preview:large, max-video-preview:-1\" \/>\n<link rel=\"canonical\" href=\"https:\/\/www.caudete.org\/ayuntamiento\/el-castillo-de-caudete-acogera-la-iii-campana-de-voluntariado-arqueologico\/\" \/>\n<meta property=\"og:locale\" content=\"es_ES\" \/>\n<meta property=\"og:type\" content=\"article\" \/>\n<meta property=\"og:title\" content=\"El CASTILLO DE CAUDETE acoger\u00e1 la III Campa\u00f1a de Voluntariado Arqueol\u00f3gico - MI Ayuntamiento de Caudete\" \/>\n<meta property=\"og:description\" content=\"P\u00e1gina Oficial del Ayuntamiento de Caudete (Albacete)\" \/>\n<meta property=\"og:url\" content=\"https:\/\/www.caudete.org\/ayuntamiento\/el-castillo-de-caudete-acogera-la-iii-campana-de-voluntariado-arqueologico\/\" \/>\n<meta property=\"og:site_name\" content=\"MI Ayuntamiento de Caudete\" \/>\n<meta property=\"article:publisher\" content=\"https:\/\/www.facebook.com\/ayuntamientocaudete\/\" \/>\n<meta property=\"article:published_time\" content=\"2022-09-22T07:00:16+00:00\" \/>\n<meta property=\"og:image\" content=\"https:\/\/www.caudete.org\/ayuntamiento\/wp-content\/uploads\/2021\/08\/122856170_1437284976467194_8765210697750127927_n.jpg\" \/>\n\t<meta property=\"og:image:width\" content=\"960\" \/>\n\t<meta property=\"og:image:height\" content=\"641\" \/>\n\t<meta property=\"og:image:type\" content=\"image\/jpeg\" \/>\n<meta name=\"author\" content=\"alcalde\" \/>\n<meta name=\"twitter:card\" content=\"summary_large_image\" \/>\n<meta name=\"twitter:label1\" content=\"Escrito por\" \/>\n\t<meta name=\"twitter:data1\" content=\"alcalde\" \/>\n\t<meta name=\"twitter:label2\" content=\"Tiempo de lectura\" \/>\n\t<meta name=\"twitter:data2\" content=\"2 minutos\" \/>\n<script type=\"application\/ld+json\" class=\"yoast-schema-graph\">{\"@context\":\"https:\\\/\\\/schema.org\",\"@graph\":[{\"@type\":\"Article\",\"@id\":\"https:\\\/\\\/www.caudete.org\\\/ayuntamiento\\\/el-castillo-de-caudete-acogera-la-iii-campana-de-voluntariado-arqueologico\\\/#article\",\"isPartOf\":{\"@id\":\"https:\\\/\\\/www.caudete.org\\\/ayuntamiento\\\/el-castillo-de-caudete-acogera-la-iii-campana-de-voluntariado-arqueologico\\\/\"},\"author\":{\"name\":\"alcalde\",\"@id\":\"https:\\\/\\\/www.caudete.org\\\/ayuntamiento\\\/#\\\/schema\\\/person\\\/cc646da9133078ee4d8dd47457947253\"},\"headline\":\"El CASTILLO DE CAUDETE acoger\u00e1 la III Campa\u00f1a de Voluntariado Arqueol\u00f3gico\",\"datePublished\":\"2022-09-22T07:00:16+00:00\",\"mainEntityOfPage\":{\"@id\":\"https:\\\/\\\/www.caudete.org\\\/ayuntamiento\\\/el-castillo-de-caudete-acogera-la-iii-campana-de-voluntariado-arqueologico\\\/\"},\"wordCount\":452,\"image\":{\"@id\":\"https:\\\/\\\/www.caudete.org\\\/ayuntamiento\\\/el-castillo-de-caudete-acogera-la-iii-campana-de-voluntariado-arqueologico\\\/#primaryimage\"},\"thumbnailUrl\":\"https:\\\/\\\/www.caudete.org\\\/ayuntamiento\\\/wp-content\\\/uploads\\\/2021\\\/08\\\/122856170_1437284976467194_8765210697750127927_n.jpg\",\"articleSection\":[\"Patrimonio\"],\"inLanguage\":\"es\"},{\"@type\":\"WebPage\",\"@id\":\"https:\\\/\\\/www.caudete.org\\\/ayuntamiento\\\/el-castillo-de-caudete-acogera-la-iii-campana-de-voluntariado-arqueologico\\\/\",\"url\":\"https:\\\/\\\/www.caudete.org\\\/ayuntamiento\\\/el-castillo-de-caudete-acogera-la-iii-campana-de-voluntariado-arqueologico\\\/\",\"name\":\"El CASTILLO DE CAUDETE acoger\u00e1 la III Campa\u00f1a de Voluntariado Arqueol\u00f3gico - MI Ayuntamiento de Caudete\",\"isPartOf\":{\"@id\":\"https:\\\/\\\/www.caudete.org\\\/ayuntamiento\\\/#website\"},\"primaryImageOfPage\":{\"@id\":\"https:\\\/\\\/www.caudete.org\\\/ayuntamiento\\\/el-castillo-de-caudete-acogera-la-iii-campana-de-voluntariado-arqueologico\\\/#primaryimage\"},\"image\":{\"@id\":\"https:\\\/\\\/www.caudete.org\\\/ayuntamiento\\\/el-castillo-de-caudete-acogera-la-iii-campana-de-voluntariado-arqueologico\\\/#primaryimage\"},\"thumbnailUrl\":\"https:\\\/\\\/www.caudete.org\\\/ayuntamiento\\\/wp-content\\\/uploads\\\/2021\\\/08\\\/122856170_1437284976467194_8765210697750127927_n.jpg\",\"datePublished\":\"2022-09-22T07:00:16+00:00\",\"author\":{\"@id\":\"https:\\\/\\\/www.caudete.org\\\/ayuntamiento\\\/#\\\/schema\\\/person\\\/cc646da9133078ee4d8dd47457947253\"},\"description\":\"P\u00e1gina Oficial del Ayuntamiento de Caudete (Albacete)\",\"breadcrumb\":{\"@id\":\"https:\\\/\\\/www.caudete.org\\\/ayuntamiento\\\/el-castillo-de-caudete-acogera-la-iii-campana-de-voluntariado-arqueologico\\\/#breadcrumb\"},\"inLanguage\":\"es\",\"potentialAction\":[{\"@type\":\"ReadAction\",\"target\":[\"https:\\\/\\\/www.caudete.org\\\/ayuntamiento\\\/el-castillo-de-caudete-acogera-la-iii-campana-de-voluntariado-arqueologico\\\/\"]}]},{\"@type\":\"ImageObject\",\"inLanguage\":\"es\",\"@id\":\"https:\\\/\\\/www.caudete.org\\\/ayuntamiento\\\/el-castillo-de-caudete-acogera-la-iii-campana-de-voluntariado-arqueologico\\\/#primaryimage\",\"url\":\"https:\\\/\\\/www.caudete.org\\\/ayuntamiento\\\/wp-content\\\/uploads\\\/2021\\\/08\\\/122856170_1437284976467194_8765210697750127927_n.jpg\",\"contentUrl\":\"https:\\\/\\\/www.caudete.org\\\/ayuntamiento\\\/wp-content\\\/uploads\\\/2021\\\/08\\\/122856170_1437284976467194_8765210697750127927_n.jpg\",\"width\":960,\"height\":641},{\"@type\":\"BreadcrumbList\",\"@id\":\"https:\\\/\\\/www.caudete.org\\\/ayuntamiento\\\/el-castillo-de-caudete-acogera-la-iii-campana-de-voluntariado-arqueologico\\\/#breadcrumb\",\"itemListElement\":[{\"@type\":\"ListItem\",\"position\":1,\"name\":\"Inicio\",\"item\":\"https:\\\/\\\/www.caudete.org\\\/ayuntamiento\\\/\"},{\"@type\":\"ListItem\",\"position\":2,\"name\":\"El CASTILLO DE CAUDETE acoger\u00e1 la III Campa\u00f1a de Voluntariado Arqueol\u00f3gico\"}]},{\"@type\":\"WebSite\",\"@id\":\"https:\\\/\\\/www.caudete.org\\\/ayuntamiento\\\/#website\",\"url\":\"https:\\\/\\\/www.caudete.org\\\/ayuntamiento\\\/\",\"name\":\"MI Ayuntamiento de Caudete\",\"description\":\"P\u00e1gina Oficial del MI Ayuntamiento de Caudete\",\"potentialAction\":[{\"@type\":\"SearchAction\",\"target\":{\"@type\":\"EntryPoint\",\"urlTemplate\":\"https:\\\/\\\/www.caudete.org\\\/ayuntamiento\\\/?s={search_term_string}\"},\"query-input\":{\"@type\":\"PropertyValueSpecification\",\"valueRequired\":true,\"valueName\":\"search_term_string\"}}],\"inLanguage\":\"es\"},{\"@type\":\"Person\",\"@id\":\"https:\\\/\\\/www.caudete.org\\\/ayuntamiento\\\/#\\\/schema\\\/person\\\/cc646da9133078ee4d8dd47457947253\",\"name\":\"alcalde\",\"image\":{\"@type\":\"ImageObject\",\"inLanguage\":\"es\",\"@id\":\"https:\\\/\\\/secure.gravatar.com\\\/avatar\\\/84a817ba065b29ff08d666b215a215f5c79186a645ccb25b14a663d48a130f77?s=96&d=mm&r=g\",\"url\":\"https:\\\/\\\/secure.gravatar.com\\\/avatar\\\/84a817ba065b29ff08d666b215a215f5c79186a645ccb25b14a663d48a130f77?s=96&d=mm&r=g\",\"contentUrl\":\"https:\\\/\\\/secure.gravatar.com\\\/avatar\\\/84a817ba065b29ff08d666b215a215f5c79186a645ccb25b14a663d48a130f77?s=96&d=mm&r=g\",\"caption\":\"alcalde\"},\"url\":\"https:\\\/\\\/www.caudete.org\\\/ayuntamiento\\\/author\\\/alcalde\\\/\"}]}<\/script>\n<!-- \/ Yoast SEO plugin. -->","yoast_head_json":{"title":"El CASTILLO DE CAUDETE acoger\u00e1 la III Campa\u00f1a de Voluntariado Arqueol\u00f3gico - MI Ayuntamiento de Caudete","description":"P\u00e1gina Oficial del Ayuntamiento de Caudete (Albacete)","robots":{"index":"index","follow":"follow","max-snippet":"max-snippet:-1","max-image-preview":"max-image-preview:large","max-video-preview":"max-video-preview:-1"},"canonical":"https:\/\/www.caudete.org\/ayuntamiento\/el-castillo-de-caudete-acogera-la-iii-campana-de-voluntariado-arqueologico\/","og_locale":"es_ES","og_type":"article","og_title":"El CASTILLO DE CAUDETE acoger\u00e1 la III Campa\u00f1a de Voluntariado Arqueol\u00f3gico - MI Ayuntamiento de Caudete","og_description":"P\u00e1gina Oficial del Ayuntamiento de Caudete (Albacete)","og_url":"https:\/\/www.caudete.org\/ayuntamiento\/el-castillo-de-caudete-acogera-la-iii-campana-de-voluntariado-arqueologico\/","og_site_name":"MI Ayuntamiento de Caudete","article_publisher":"https:\/\/www.facebook.com\/ayuntamientocaudete\/","article_published_time":"2022-09-22T07:00:16+00:00","og_image":[{"width":960,"height":641,"url":"https:\/\/www.caudete.org\/ayuntamiento\/wp-content\/uploads\/2021\/08\/122856170_1437284976467194_8765210697750127927_n.jpg","type":"image\/jpeg"}],"author":"alcalde","twitter_card":"summary_large_image","twitter_misc":{"Escrito por":"alcalde","Tiempo de lectura":"2 minutos"},"schema":{"@context":"https:\/\/schema.org","@graph":[{"@type":"Article","@id":"https:\/\/www.caudete.org\/ayuntamiento\/el-castillo-de-caudete-acogera-la-iii-campana-de-voluntariado-arqueologico\/#article","isPartOf":{"@id":"https:\/\/www.caudete.org\/ayuntamiento\/el-castillo-de-caudete-acogera-la-iii-campana-de-voluntariado-arqueologico\/"},"author":{"name":"alcalde","@id":"https:\/\/www.caudete.org\/ayuntamiento\/#\/schema\/person\/cc646da9133078ee4d8dd47457947253"},"headline":"El CASTILLO DE CAUDETE acoger\u00e1 la III Campa\u00f1a de Voluntariado Arqueol\u00f3gico","datePublished":"2022-09-22T07:00:16+00:00","mainEntityOfPage":{"@id":"https:\/\/www.caudete.org\/ayuntamiento\/el-castillo-de-caudete-acogera-la-iii-campana-de-voluntariado-arqueologico\/"},"wordCount":452,"image":{"@id":"https:\/\/www.caudete.org\/ayuntamiento\/el-castillo-de-caudete-acogera-la-iii-campana-de-voluntariado-arqueologico\/#primaryimage"},"thumbnailUrl":"https:\/\/www.caudete.org\/ayuntamiento\/wp-content\/uploads\/2021\/08\/122856170_1437284976467194_8765210697750127927_n.jpg","articleSection":["Patrimonio"],"inLanguage":"es"},{"@type":"WebPage","@id":"https:\/\/www.caudete.org\/ayuntamiento\/el-castillo-de-caudete-acogera-la-iii-campana-de-voluntariado-arqueologico\/","url":"https:\/\/www.caudete.org\/ayuntamiento\/el-castillo-de-caudete-acogera-la-iii-campana-de-voluntariado-arqueologico\/","name":"El CASTILLO DE CAUDETE acoger\u00e1 la III Campa\u00f1a de Voluntariado Arqueol\u00f3gico - MI Ayuntamiento de Caudete","isPartOf":{"@id":"https:\/\/www.caudete.org\/ayuntamiento\/#website"},"primaryImageOfPage":{"@id":"https:\/\/www.caudete.org\/ayuntamiento\/el-castillo-de-caudete-acogera-la-iii-campana-de-voluntariado-arqueologico\/#primaryimage"},"image":{"@id":"https:\/\/www.caudete.org\/ayuntamiento\/el-castillo-de-caudete-acogera-la-iii-campana-de-voluntariado-arqueologico\/#primaryimage"},"thumbnailUrl":"https:\/\/www.caudete.org\/ayuntamiento\/wp-content\/uploads\/2021\/08\/122856170_1437284976467194_8765210697750127927_n.jpg","datePublished":"2022-09-22T07:00:16+00:00","author":{"@id":"https:\/\/www.caudete.org\/ayuntamiento\/#\/schema\/person\/cc646da9133078ee4d8dd47457947253"},"description":"P\u00e1gina Oficial del Ayuntamiento de Caudete (Albacete)","breadcrumb":{"@id":"https:\/\/www.caudete.org\/ayuntamiento\/el-castillo-de-caudete-acogera-la-iii-campana-de-voluntariado-arqueologico\/#breadcrumb"},"inLanguage":"es","potentialAction":[{"@type":"ReadAction","target":["https:\/\/www.caudete.org\/ayuntamiento\/el-castillo-de-caudete-acogera-la-iii-campana-de-voluntariado-arqueologico\/"]}]},{"@type":"ImageObject","inLanguage":"es","@id":"https:\/\/www.caudete.org\/ayuntamiento\/el-castillo-de-caudete-acogera-la-iii-campana-de-voluntariado-arqueologico\/#primaryimage","url":"https:\/\/www.caudete.org\/ayuntamiento\/wp-content\/uploads\/2021\/08\/122856170_1437284976467194_8765210697750127927_n.jpg","contentUrl":"https:\/\/www.caudete.org\/ayuntamiento\/wp-content\/uploads\/2021\/08\/122856170_1437284976467194_8765210697750127927_n.jpg","width":960,"height":641},{"@type":"BreadcrumbList","@id":"https:\/\/www.caudete.org\/ayuntamiento\/el-castillo-de-caudete-acogera-la-iii-campana-de-voluntariado-arqueologico\/#breadcrumb","itemListElement":[{"@type":"ListItem","position":1,"name":"Inicio","item":"https:\/\/www.caudete.org\/ayuntamiento\/"},{"@type":"ListItem","position":2,"name":"El CASTILLO DE CAUDETE acoger\u00e1 la III Campa\u00f1a de Voluntariado Arqueol\u00f3gico"}]},{"@type":"WebSite","@id":"https:\/\/www.caudete.org\/ayuntamiento\/#website","url":"https:\/\/www.caudete.org\/ayuntamiento\/","name":"MI Ayuntamiento de Caudete","description":"P\u00e1gina Oficial del MI Ayuntamiento de Caudete","potentialAction":[{"@type":"SearchAction","target":{"@type":"EntryPoint","urlTemplate":"https:\/\/www.caudete.org\/ayuntamiento\/?s={search_term_string}"},"query-input":{"@type":"PropertyValueSpecification","valueRequired":true,"valueName":"search_term_string"}}],"inLanguage":"es"},{"@type":"Person","@id":"https:\/\/www.caudete.org\/ayuntamiento\/#\/schema\/person\/cc646da9133078ee4d8dd47457947253","name":"alcalde","image":{"@type":"ImageObject","inLanguage":"es","@id":"https:\/\/secure.gravatar.com\/avatar\/84a817ba065b29ff08d666b215a215f5c79186a645ccb25b14a663d48a130f77?s=96&d=mm&r=g","url":"https:\/\/secure.gravatar.com\/avatar\/84a817ba065b29ff08d666b215a215f5c79186a645ccb25b14a663d48a130f77?s=96&d=mm&r=g","contentUrl":"https:\/\/secure.gravatar.com\/avatar\/84a817ba065b29ff08d666b215a215f5c79186a645ccb25b14a663d48a130f77?s=96&d=mm&r=g","caption":"alcalde"},"url":"https:\/\/www.caudete.org\/ayuntamiento\/author\/alcalde\/"}]}},"_links":{"self":[{"href":"https:\/\/www.caudete.org\/ayuntamiento\/wp-json\/wp\/v2\/posts\/20068","targetHints":{"allow":["GET"]}}],"collection":[{"href":"https:\/\/www.caudete.org\/ayuntamiento\/wp-json\/wp\/v2\/posts"}],"about":[{"href":"https:\/\/www.caudete.org\/ayuntamiento\/wp-json\/wp\/v2\/types\/post"}],"author":[{"embeddable":true,"href":"https:\/\/www.caudete.org\/ayuntamiento\/wp-json\/wp\/v2\/users\/3"}],"replies":[{"embeddable":true,"href":"https:\/\/www.caudete.org\/ayuntamiento\/wp-json\/wp\/v2\/comments?post=20068"}],"version-history":[{"count":1,"href":"https:\/\/www.caudete.org\/ayuntamiento\/wp-json\/wp\/v2\/posts\/20068\/revisions"}],"predecessor-version":[{"id":20069,"href":"https:\/\/www.caudete.org\/ayuntamiento\/wp-json\/wp\/v2\/posts\/20068\/revisions\/20069"}],"wp:featuredmedia":[{"embeddable":true,"href":"https:\/\/www.caudete.org\/ayuntamiento\/wp-json\/wp\/v2\/media\/15883"}],"wp:attachment":[{"href":"https:\/\/www.caudete.org\/ayuntamiento\/wp-json\/wp\/v2\/media?parent=20068"}],"wp:term":[{"taxonomy":"category","embeddable":true,"href":"https:\/\/www.caudete.org\/ayuntamiento\/wp-json\/wp\/v2\/categories?post=20068"},{"taxonomy":"post_tag","embeddable":true,"href":"https:\/\/www.caudete.org\/ayuntamiento\/wp-json\/wp\/v2\/tags?post=20068"}],"curies":[{"name":"wp","href":"https:\/\/api.w.org\/{rel}","templated":true}]}}