{"id":20078,"date":"2022-09-23T09:00:32","date_gmt":"2022-09-23T07:00:32","guid":{"rendered":"https:\/\/www.caudete.org\/ayuntamiento\/?p=20078"},"modified":"2022-09-22T09:56:39","modified_gmt":"2022-09-22T07:56:39","slug":"presentada-la-plantilla-y-cuerpo-tecnico-del-c-d-caudetano-para-la-presente-temporada","status":"publish","type":"post","link":"https:\/\/www.caudete.org\/ayuntamiento\/presentada-la-plantilla-y-cuerpo-tecnico-del-c-d-caudetano-para-la-presente-temporada\/","title":{"rendered":"Presentada la Plantilla y Cuerpo T\u00e9cnico del C.D.CAUDETANO para la presente temporada"},"content":{"rendered":"<p style=\"text-align: justify;\">El pasado S\u00e1bado, el\u00a0 C.D Caudetano hizo su presentaci\u00f3n para la temporada 22\/23 ante su afici\u00f3n previa al primer partido de liga que se disputo en el Antonio Amor\u00f3s, acto al que asisti\u00f3 la Concejal de Deportes Pilar Egea en representaci\u00f3n municipal.<\/p>\n<p style=\"text-align: justify;\">El equipo que militar\u00e1 en la categor\u00eda Primera Auton\u00f3mica Regional, despu\u00e9s de un descenso de Preferente, disput\u00f3 el primer partido de Liga ante el Manchego Provencio (Equipo de la provincia de Cuenca) con una victoria por 1-0 ante su p\u00fablico.<\/p>\n<p style=\"text-align: justify;\">Antes del partido se realizo la presentaci\u00f3n de la Plantilla y Cuerpo T\u00e9cnico, acompa\u00f1ados de la Directiva y de la Concejal de Deportes. Durante el acto se fue nombrando uno por uno a los componentes, contando con 22 jugadores (la mayor\u00eda de Caudete) y algunos que vienen de la localidad vecina de Villena.<\/p>\n<p style=\"text-align: justify;\">El cuerpo t\u00e9cnico se compone de las siguientes personas:<\/p>\n<ul style=\"text-align: justify;\">\n<li>Pedro Jos\u00e9 Garc\u00eda Banegas (Entrenador).<\/li>\n<li>Luis Alcal\u00e1 Luque (2\u00ba Entrenador).<\/li>\n<li>Eduardo Domene Franc\u00e9s (Preparador F\u00edsico).<\/li>\n<li>Joaqu\u00edn Amor\u00f3s (Entrenador de Porteros).<\/li>\n<li>Pepe Gracia Huesca(Delegado).<\/li>\n<\/ul>\n<p style=\"text-align: justify;\">El primer fin de semana de Octubre (S\u00e1bado, 1)\u00a0 se realizar\u00e1 la presentaci\u00f3n de la plantilla del Equipo Juvenil en el Antonio Amor\u00f3s.<\/p>\n<p><a href=\"https:\/\/www.caudete.org\/ayuntamiento\/wp-content\/uploads\/2022\/09\/WhatsApp-Image-2022-09-22-at-09.00.54.jpeg\" rel='prettyPhoto'><img fetchpriority=\"high\" decoding=\"async\" class=\"aligncenter wp-image-20080 size-medium\" src=\"https:\/\/www.caudete.org\/ayuntamiento\/wp-content\/uploads\/2022\/09\/WhatsApp-Image-2022-09-22-at-09.00.54-300x200.jpeg\" alt=\"\" width=\"300\" height=\"200\" srcset=\"https:\/\/www.caudete.org\/ayuntamiento\/wp-content\/uploads\/2022\/09\/WhatsApp-Image-2022-09-22-at-09.00.54-300x200.jpeg 300w, https:\/\/www.caudete.org\/ayuntamiento\/wp-content\/uploads\/2022\/09\/WhatsApp-Image-2022-09-22-at-09.00.54-1024x683.jpeg 1024w, https:\/\/www.caudete.org\/ayuntamiento\/wp-content\/uploads\/2022\/09\/WhatsApp-Image-2022-09-22-at-09.00.54-768x512.jpeg 768w, https:\/\/www.caudete.org\/ayuntamiento\/wp-content\/uploads\/2022\/09\/WhatsApp-Image-2022-09-22-at-09.00.54.jpeg 1500w\" sizes=\"(max-width: 300px) 100vw, 300px\" \/><\/a><\/p>\n<p style=\"text-align: justify;\">\n","protected":false},"excerpt":{"rendered":"<p>El pasado S\u00e1bado, el\u00a0 C.D Caudetano hizo su presentaci\u00f3n para la temporada 22\/23 ante su afici\u00f3n previa al primer partido de liga que se disputo en el Antonio Amor\u00f3s, acto al que asisti\u00f3 la Concejal de Deportes Pilar Egea en representaci\u00f3n municipal. El equipo que militar\u00e1 en la categor\u00eda Primera Auton\u00f3mica Regional, despu\u00e9s de un &hellip;<\/p>\n","protected":false},"author":3,"featured_media":20079,"comment_status":"closed","ping_status":"open","sticky":false,"template":"","format":"standard","meta":{"ngg_post_thumbnail":0,"footnotes":""},"categories":[23],"tags":[],"class_list":["post-20078","post","type-post","status-publish","format-standard","has-post-thumbnail","hentry","category-deportes"],"yoast_head":"<!-- This site is optimized with the Yoast SEO plugin v27.5 - https:\/\/yoast.com\/product\/yoast-seo-wordpress\/ -->\n<title>Presentada la Plantilla y Cuerpo T\u00e9cnico del C.D.CAUDETANO para la presente temporada - MI Ayuntamiento de Caudete<\/title>\n<meta name=\"description\" content=\"P\u00e1gina Oficial del Ayuntamiento de Caudete (Albacete)\" \/>\n<meta name=\"robots\" content=\"index, follow, max-snippet:-1, max-image-preview:large, max-video-preview:-1\" \/>\n<link rel=\"canonical\" href=\"https:\/\/www.caudete.org\/ayuntamiento\/presentada-la-plantilla-y-cuerpo-tecnico-del-c-d-caudetano-para-la-presente-temporada\/\" \/>\n<meta property=\"og:locale\" content=\"es_ES\" \/>\n<meta property=\"og:type\" content=\"article\" \/>\n<meta property=\"og:title\" content=\"Presentada la Plantilla y Cuerpo T\u00e9cnico del C.D.CAUDETANO para la presente temporada - MI Ayuntamiento de Caudete\" \/>\n<meta property=\"og:description\" content=\"P\u00e1gina Oficial del Ayuntamiento de Caudete (Albacete)\" \/>\n<meta property=\"og:url\" content=\"https:\/\/www.caudete.org\/ayuntamiento\/presentada-la-plantilla-y-cuerpo-tecnico-del-c-d-caudetano-para-la-presente-temporada\/\" \/>\n<meta property=\"og:site_name\" content=\"MI Ayuntamiento de Caudete\" \/>\n<meta property=\"article:publisher\" content=\"https:\/\/www.facebook.com\/ayuntamientocaudete\/\" \/>\n<meta property=\"article:published_time\" content=\"2022-09-23T07:00:32+00:00\" \/>\n<meta property=\"og:image\" content=\"https:\/\/www.caudete.org\/ayuntamiento\/wp-content\/uploads\/2022\/09\/WhatsApp-Image-2022-09-22-at-09.00.53.jpeg\" \/>\n\t<meta property=\"og:image:width\" content=\"1080\" \/>\n\t<meta property=\"og:image:height\" content=\"629\" \/>\n\t<meta property=\"og:image:type\" content=\"image\/jpeg\" \/>\n<meta name=\"author\" content=\"alcalde\" \/>\n<meta name=\"twitter:card\" content=\"summary_large_image\" \/>\n<meta name=\"twitter:label1\" content=\"Escrito por\" \/>\n\t<meta name=\"twitter:data1\" content=\"alcalde\" \/>\n\t<meta name=\"twitter:label2\" content=\"Tiempo de lectura\" \/>\n\t<meta name=\"twitter:data2\" content=\"2 minutos\" \/>\n<script type=\"application\/ld+json\" class=\"yoast-schema-graph\">{\"@context\":\"https:\\\/\\\/schema.org\",\"@graph\":[{\"@type\":\"Article\",\"@id\":\"https:\\\/\\\/www.caudete.org\\\/ayuntamiento\\\/presentada-la-plantilla-y-cuerpo-tecnico-del-c-d-caudetano-para-la-presente-temporada\\\/#article\",\"isPartOf\":{\"@id\":\"https:\\\/\\\/www.caudete.org\\\/ayuntamiento\\\/presentada-la-plantilla-y-cuerpo-tecnico-del-c-d-caudetano-para-la-presente-temporada\\\/\"},\"author\":{\"name\":\"alcalde\",\"@id\":\"https:\\\/\\\/www.caudete.org\\\/ayuntamiento\\\/#\\\/schema\\\/person\\\/cc646da9133078ee4d8dd47457947253\"},\"headline\":\"Presentada la Plantilla y Cuerpo T\u00e9cnico del C.D.CAUDETANO para la presente temporada\",\"datePublished\":\"2022-09-23T07:00:32+00:00\",\"mainEntityOfPage\":{\"@id\":\"https:\\\/\\\/www.caudete.org\\\/ayuntamiento\\\/presentada-la-plantilla-y-cuerpo-tecnico-del-c-d-caudetano-para-la-presente-temporada\\\/\"},\"wordCount\":225,\"image\":{\"@id\":\"https:\\\/\\\/www.caudete.org\\\/ayuntamiento\\\/presentada-la-plantilla-y-cuerpo-tecnico-del-c-d-caudetano-para-la-presente-temporada\\\/#primaryimage\"},\"thumbnailUrl\":\"https:\\\/\\\/www.caudete.org\\\/ayuntamiento\\\/wp-content\\\/uploads\\\/2022\\\/09\\\/WhatsApp-Image-2022-09-22-at-09.00.53.jpeg\",\"articleSection\":[\"Deportes\"],\"inLanguage\":\"es\"},{\"@type\":\"WebPage\",\"@id\":\"https:\\\/\\\/www.caudete.org\\\/ayuntamiento\\\/presentada-la-plantilla-y-cuerpo-tecnico-del-c-d-caudetano-para-la-presente-temporada\\\/\",\"url\":\"https:\\\/\\\/www.caudete.org\\\/ayuntamiento\\\/presentada-la-plantilla-y-cuerpo-tecnico-del-c-d-caudetano-para-la-presente-temporada\\\/\",\"name\":\"Presentada la Plantilla y Cuerpo T\u00e9cnico del C.D.CAUDETANO para la presente temporada - MI Ayuntamiento de Caudete\",\"isPartOf\":{\"@id\":\"https:\\\/\\\/www.caudete.org\\\/ayuntamiento\\\/#website\"},\"primaryImageOfPage\":{\"@id\":\"https:\\\/\\\/www.caudete.org\\\/ayuntamiento\\\/presentada-la-plantilla-y-cuerpo-tecnico-del-c-d-caudetano-para-la-presente-temporada\\\/#primaryimage\"},\"image\":{\"@id\":\"https:\\\/\\\/www.caudete.org\\\/ayuntamiento\\\/presentada-la-plantilla-y-cuerpo-tecnico-del-c-d-caudetano-para-la-presente-temporada\\\/#primaryimage\"},\"thumbnailUrl\":\"https:\\\/\\\/www.caudete.org\\\/ayuntamiento\\\/wp-content\\\/uploads\\\/2022\\\/09\\\/WhatsApp-Image-2022-09-22-at-09.00.53.jpeg\",\"datePublished\":\"2022-09-23T07:00:32+00:00\",\"author\":{\"@id\":\"https:\\\/\\\/www.caudete.org\\\/ayuntamiento\\\/#\\\/schema\\\/person\\\/cc646da9133078ee4d8dd47457947253\"},\"description\":\"P\u00e1gina Oficial del Ayuntamiento de Caudete (Albacete)\",\"breadcrumb\":{\"@id\":\"https:\\\/\\\/www.caudete.org\\\/ayuntamiento\\\/presentada-la-plantilla-y-cuerpo-tecnico-del-c-d-caudetano-para-la-presente-temporada\\\/#breadcrumb\"},\"inLanguage\":\"es\",\"potentialAction\":[{\"@type\":\"ReadAction\",\"target\":[\"https:\\\/\\\/www.caudete.org\\\/ayuntamiento\\\/presentada-la-plantilla-y-cuerpo-tecnico-del-c-d-caudetano-para-la-presente-temporada\\\/\"]}]},{\"@type\":\"ImageObject\",\"inLanguage\":\"es\",\"@id\":\"https:\\\/\\\/www.caudete.org\\\/ayuntamiento\\\/presentada-la-plantilla-y-cuerpo-tecnico-del-c-d-caudetano-para-la-presente-temporada\\\/#primaryimage\",\"url\":\"https:\\\/\\\/www.caudete.org\\\/ayuntamiento\\\/wp-content\\\/uploads\\\/2022\\\/09\\\/WhatsApp-Image-2022-09-22-at-09.00.53.jpeg\",\"contentUrl\":\"https:\\\/\\\/www.caudete.org\\\/ayuntamiento\\\/wp-content\\\/uploads\\\/2022\\\/09\\\/WhatsApp-Image-2022-09-22-at-09.00.53.jpeg\",\"width\":1080,\"height\":629},{\"@type\":\"BreadcrumbList\",\"@id\":\"https:\\\/\\\/www.caudete.org\\\/ayuntamiento\\\/presentada-la-plantilla-y-cuerpo-tecnico-del-c-d-caudetano-para-la-presente-temporada\\\/#breadcrumb\",\"itemListElement\":[{\"@type\":\"ListItem\",\"position\":1,\"name\":\"Inicio\",\"item\":\"https:\\\/\\\/www.caudete.org\\\/ayuntamiento\\\/\"},{\"@type\":\"ListItem\",\"position\":2,\"name\":\"Presentada la Plantilla y Cuerpo T\u00e9cnico del C.D.CAUDETANO para la presente temporada\"}]},{\"@type\":\"WebSite\",\"@id\":\"https:\\\/\\\/www.caudete.org\\\/ayuntamiento\\\/#website\",\"url\":\"https:\\\/\\\/www.caudete.org\\\/ayuntamiento\\\/\",\"name\":\"MI Ayuntamiento de Caudete\",\"description\":\"P\u00e1gina Oficial del MI Ayuntamiento de Caudete\",\"potentialAction\":[{\"@type\":\"SearchAction\",\"target\":{\"@type\":\"EntryPoint\",\"urlTemplate\":\"https:\\\/\\\/www.caudete.org\\\/ayuntamiento\\\/?s={search_term_string}\"},\"query-input\":{\"@type\":\"PropertyValueSpecification\",\"valueRequired\":true,\"valueName\":\"search_term_string\"}}],\"inLanguage\":\"es\"},{\"@type\":\"Person\",\"@id\":\"https:\\\/\\\/www.caudete.org\\\/ayuntamiento\\\/#\\\/schema\\\/person\\\/cc646da9133078ee4d8dd47457947253\",\"name\":\"alcalde\",\"image\":{\"@type\":\"ImageObject\",\"inLanguage\":\"es\",\"@id\":\"https:\\\/\\\/secure.gravatar.com\\\/avatar\\\/84a817ba065b29ff08d666b215a215f5c79186a645ccb25b14a663d48a130f77?s=96&d=mm&r=g\",\"url\":\"https:\\\/\\\/secure.gravatar.com\\\/avatar\\\/84a817ba065b29ff08d666b215a215f5c79186a645ccb25b14a663d48a130f77?s=96&d=mm&r=g\",\"contentUrl\":\"https:\\\/\\\/secure.gravatar.com\\\/avatar\\\/84a817ba065b29ff08d666b215a215f5c79186a645ccb25b14a663d48a130f77?s=96&d=mm&r=g\",\"caption\":\"alcalde\"},\"url\":\"https:\\\/\\\/www.caudete.org\\\/ayuntamiento\\\/author\\\/alcalde\\\/\"}]}<\/script>\n<!-- \/ Yoast SEO plugin. -->","yoast_head_json":{"title":"Presentada la Plantilla y Cuerpo T\u00e9cnico del C.D.CAUDETANO para la presente temporada - MI Ayuntamiento de Caudete","description":"P\u00e1gina Oficial del Ayuntamiento de Caudete (Albacete)","robots":{"index":"index","follow":"follow","max-snippet":"max-snippet:-1","max-image-preview":"max-image-preview:large","max-video-preview":"max-video-preview:-1"},"canonical":"https:\/\/www.caudete.org\/ayuntamiento\/presentada-la-plantilla-y-cuerpo-tecnico-del-c-d-caudetano-para-la-presente-temporada\/","og_locale":"es_ES","og_type":"article","og_title":"Presentada la Plantilla y Cuerpo T\u00e9cnico del C.D.CAUDETANO para la presente temporada - MI Ayuntamiento de Caudete","og_description":"P\u00e1gina Oficial del Ayuntamiento de Caudete (Albacete)","og_url":"https:\/\/www.caudete.org\/ayuntamiento\/presentada-la-plantilla-y-cuerpo-tecnico-del-c-d-caudetano-para-la-presente-temporada\/","og_site_name":"MI Ayuntamiento de Caudete","article_publisher":"https:\/\/www.facebook.com\/ayuntamientocaudete\/","article_published_time":"2022-09-23T07:00:32+00:00","og_image":[{"width":1080,"height":629,"url":"https:\/\/www.caudete.org\/ayuntamiento\/wp-content\/uploads\/2022\/09\/WhatsApp-Image-2022-09-22-at-09.00.53.jpeg","type":"image\/jpeg"}],"author":"alcalde","twitter_card":"summary_large_image","twitter_misc":{"Escrito por":"alcalde","Tiempo de lectura":"2 minutos"},"schema":{"@context":"https:\/\/schema.org","@graph":[{"@type":"Article","@id":"https:\/\/www.caudete.org\/ayuntamiento\/presentada-la-plantilla-y-cuerpo-tecnico-del-c-d-caudetano-para-la-presente-temporada\/#article","isPartOf":{"@id":"https:\/\/www.caudete.org\/ayuntamiento\/presentada-la-plantilla-y-cuerpo-tecnico-del-c-d-caudetano-para-la-presente-temporada\/"},"author":{"name":"alcalde","@id":"https:\/\/www.caudete.org\/ayuntamiento\/#\/schema\/person\/cc646da9133078ee4d8dd47457947253"},"headline":"Presentada la Plantilla y Cuerpo T\u00e9cnico del C.D.CAUDETANO para la presente temporada","datePublished":"2022-09-23T07:00:32+00:00","mainEntityOfPage":{"@id":"https:\/\/www.caudete.org\/ayuntamiento\/presentada-la-plantilla-y-cuerpo-tecnico-del-c-d-caudetano-para-la-presente-temporada\/"},"wordCount":225,"image":{"@id":"https:\/\/www.caudete.org\/ayuntamiento\/presentada-la-plantilla-y-cuerpo-tecnico-del-c-d-caudetano-para-la-presente-temporada\/#primaryimage"},"thumbnailUrl":"https:\/\/www.caudete.org\/ayuntamiento\/wp-content\/uploads\/2022\/09\/WhatsApp-Image-2022-09-22-at-09.00.53.jpeg","articleSection":["Deportes"],"inLanguage":"es"},{"@type":"WebPage","@id":"https:\/\/www.caudete.org\/ayuntamiento\/presentada-la-plantilla-y-cuerpo-tecnico-del-c-d-caudetano-para-la-presente-temporada\/","url":"https:\/\/www.caudete.org\/ayuntamiento\/presentada-la-plantilla-y-cuerpo-tecnico-del-c-d-caudetano-para-la-presente-temporada\/","name":"Presentada la Plantilla y Cuerpo T\u00e9cnico del C.D.CAUDETANO para la presente temporada - MI Ayuntamiento de Caudete","isPartOf":{"@id":"https:\/\/www.caudete.org\/ayuntamiento\/#website"},"primaryImageOfPage":{"@id":"https:\/\/www.caudete.org\/ayuntamiento\/presentada-la-plantilla-y-cuerpo-tecnico-del-c-d-caudetano-para-la-presente-temporada\/#primaryimage"},"image":{"@id":"https:\/\/www.caudete.org\/ayuntamiento\/presentada-la-plantilla-y-cuerpo-tecnico-del-c-d-caudetano-para-la-presente-temporada\/#primaryimage"},"thumbnailUrl":"https:\/\/www.caudete.org\/ayuntamiento\/wp-content\/uploads\/2022\/09\/WhatsApp-Image-2022-09-22-at-09.00.53.jpeg","datePublished":"2022-09-23T07:00:32+00:00","author":{"@id":"https:\/\/www.caudete.org\/ayuntamiento\/#\/schema\/person\/cc646da9133078ee4d8dd47457947253"},"description":"P\u00e1gina Oficial del Ayuntamiento de Caudete (Albacete)","breadcrumb":{"@id":"https:\/\/www.caudete.org\/ayuntamiento\/presentada-la-plantilla-y-cuerpo-tecnico-del-c-d-caudetano-para-la-presente-temporada\/#breadcrumb"},"inLanguage":"es","potentialAction":[{"@type":"ReadAction","target":["https:\/\/www.caudete.org\/ayuntamiento\/presentada-la-plantilla-y-cuerpo-tecnico-del-c-d-caudetano-para-la-presente-temporada\/"]}]},{"@type":"ImageObject","inLanguage":"es","@id":"https:\/\/www.caudete.org\/ayuntamiento\/presentada-la-plantilla-y-cuerpo-tecnico-del-c-d-caudetano-para-la-presente-temporada\/#primaryimage","url":"https:\/\/www.caudete.org\/ayuntamiento\/wp-content\/uploads\/2022\/09\/WhatsApp-Image-2022-09-22-at-09.00.53.jpeg","contentUrl":"https:\/\/www.caudete.org\/ayuntamiento\/wp-content\/uploads\/2022\/09\/WhatsApp-Image-2022-09-22-at-09.00.53.jpeg","width":1080,"height":629},{"@type":"BreadcrumbList","@id":"https:\/\/www.caudete.org\/ayuntamiento\/presentada-la-plantilla-y-cuerpo-tecnico-del-c-d-caudetano-para-la-presente-temporada\/#breadcrumb","itemListElement":[{"@type":"ListItem","position":1,"name":"Inicio","item":"https:\/\/www.caudete.org\/ayuntamiento\/"},{"@type":"ListItem","position":2,"name":"Presentada la Plantilla y Cuerpo T\u00e9cnico del C.D.CAUDETANO para la presente temporada"}]},{"@type":"WebSite","@id":"https:\/\/www.caudete.org\/ayuntamiento\/#website","url":"https:\/\/www.caudete.org\/ayuntamiento\/","name":"MI Ayuntamiento de Caudete","description":"P\u00e1gina Oficial del MI Ayuntamiento de Caudete","potentialAction":[{"@type":"SearchAction","target":{"@type":"EntryPoint","urlTemplate":"https:\/\/www.caudete.org\/ayuntamiento\/?s={search_term_string}"},"query-input":{"@type":"PropertyValueSpecification","valueRequired":true,"valueName":"search_term_string"}}],"inLanguage":"es"},{"@type":"Person","@id":"https:\/\/www.caudete.org\/ayuntamiento\/#\/schema\/person\/cc646da9133078ee4d8dd47457947253","name":"alcalde","image":{"@type":"ImageObject","inLanguage":"es","@id":"https:\/\/secure.gravatar.com\/avatar\/84a817ba065b29ff08d666b215a215f5c79186a645ccb25b14a663d48a130f77?s=96&d=mm&r=g","url":"https:\/\/secure.gravatar.com\/avatar\/84a817ba065b29ff08d666b215a215f5c79186a645ccb25b14a663d48a130f77?s=96&d=mm&r=g","contentUrl":"https:\/\/secure.gravatar.com\/avatar\/84a817ba065b29ff08d666b215a215f5c79186a645ccb25b14a663d48a130f77?s=96&d=mm&r=g","caption":"alcalde"},"url":"https:\/\/www.caudete.org\/ayuntamiento\/author\/alcalde\/"}]}},"_links":{"self":[{"href":"https:\/\/www.caudete.org\/ayuntamiento\/wp-json\/wp\/v2\/posts\/20078","targetHints":{"allow":["GET"]}}],"collection":[{"href":"https:\/\/www.caudete.org\/ayuntamiento\/wp-json\/wp\/v2\/posts"}],"about":[{"href":"https:\/\/www.caudete.org\/ayuntamiento\/wp-json\/wp\/v2\/types\/post"}],"author":[{"embeddable":true,"href":"https:\/\/www.caudete.org\/ayuntamiento\/wp-json\/wp\/v2\/users\/3"}],"replies":[{"embeddable":true,"href":"https:\/\/www.caudete.org\/ayuntamiento\/wp-json\/wp\/v2\/comments?post=20078"}],"version-history":[{"count":1,"href":"https:\/\/www.caudete.org\/ayuntamiento\/wp-json\/wp\/v2\/posts\/20078\/revisions"}],"predecessor-version":[{"id":20081,"href":"https:\/\/www.caudete.org\/ayuntamiento\/wp-json\/wp\/v2\/posts\/20078\/revisions\/20081"}],"wp:featuredmedia":[{"embeddable":true,"href":"https:\/\/www.caudete.org\/ayuntamiento\/wp-json\/wp\/v2\/media\/20079"}],"wp:attachment":[{"href":"https:\/\/www.caudete.org\/ayuntamiento\/wp-json\/wp\/v2\/media?parent=20078"}],"wp:term":[{"taxonomy":"category","embeddable":true,"href":"https:\/\/www.caudete.org\/ayuntamiento\/wp-json\/wp\/v2\/categories?post=20078"},{"taxonomy":"post_tag","embeddable":true,"href":"https:\/\/www.caudete.org\/ayuntamiento\/wp-json\/wp\/v2\/tags?post=20078"}],"curies":[{"name":"wp","href":"https:\/\/api.w.org\/{rel}","templated":true}]}}