{"id":20082,"date":"2022-09-27T08:04:23","date_gmt":"2022-09-27T06:04:23","guid":{"rendered":"https:\/\/www.caudete.org\/ayuntamiento\/?p=20082"},"modified":"2022-09-27T08:04:23","modified_gmt":"2022-09-27T06:04:23","slug":"caudete-acogera-el-domingo-la-ix-edicion-de-las-rutas-de-senderismo-de-la-diputacion-de-albacete","status":"publish","type":"post","link":"https:\/\/www.caudete.org\/ayuntamiento\/caudete-acogera-el-domingo-la-ix-edicion-de-las-rutas-de-senderismo-de-la-diputacion-de-albacete\/","title":{"rendered":"Caudete acoger\u00e1 el domingo la IX Edici\u00f3n de las RUTAS DE SENDERISMO de la Diputaci\u00f3n de Albacete"},"content":{"rendered":"<div class=\"m8h3af8h l7ghb35v kjdc1dyq kmwttqpk gh25dzvf n3t5jt4f\">\n<div dir=\"auto\">\n<p style=\"text-align: justify;\">El pr\u00f3ximo domingo, 2 de Octubre, tendr\u00e1 lugar en Caudete una de las etapas de la <em>IX Edici\u00f3n de las Rutas de Senderismo<\/em> que organiza la Excelent\u00edsima Diputaci\u00f3n Provincial de Albacete en colaboraci\u00f3n con diferentes Ayuntamientos de la Provincia. Una iniciativa que busca ayudar a promocionar tanto el turismo, como el deporte y la cultura que ofrecen nuestros pueblos.<\/p>\n<p style=\"text-align: justify;\">Tal y como informaba el Concejal de Turismo, Diego Cuenca, la ruta, partir\u00e1 desde el Centro de Salud a las 09.00 horas y se dirigir\u00e1 a la Sierra Oliva (conocida tambi\u00e9n por Santa B\u00e1rbara), para la que hay ya inscritos un total de 50 senderistas de Albacete y provincia.<\/p>\n<p style=\"text-align: justify;\">Acabada la ruta, los senderistas comer\u00e1n en el municipio, y para la tarde, el Departamento de Turismo se ha organizado una visita guiada por el Caudete Medieval, como complemento cultural a\u00f1adido.<\/p>\n<p style=\"text-align: justify;\">Destacaba tambi\u00e9n el Edil su agradecimiento al Centro Excursionista de Caudete, quien colabora con la actividad para su desarrollo.<\/p>\n<\/div>\n<\/div>\n","protected":false},"excerpt":{"rendered":"<p>El pr\u00f3ximo domingo, 2 de Octubre, tendr\u00e1 lugar en Caudete una de las etapas de la IX Edici\u00f3n de las Rutas de Senderismo que organiza la Excelent\u00edsima Diputaci\u00f3n Provincial de Albacete en colaboraci\u00f3n con diferentes Ayuntamientos de la Provincia. Una iniciativa que busca ayudar a promocionar tanto el turismo, como el deporte y la cultura &hellip;<\/p>\n","protected":false},"author":3,"featured_media":20083,"comment_status":"closed","ping_status":"open","sticky":false,"template":"","format":"standard","meta":{"ngg_post_thumbnail":0,"footnotes":""},"categories":[43],"tags":[],"class_list":["post-20082","post","type-post","status-publish","format-standard","has-post-thumbnail","hentry","category-turismo"],"yoast_head":"<!-- This site is optimized with the Yoast SEO plugin v27.5 - https:\/\/yoast.com\/product\/yoast-seo-wordpress\/ -->\n<title>Caudete acoger\u00e1 el domingo la IX Edici\u00f3n de las RUTAS DE SENDERISMO de la Diputaci\u00f3n de Albacete - MI Ayuntamiento de Caudete<\/title>\n<meta name=\"description\" content=\"P\u00e1gina Oficial del Ayuntamiento de Caudete (Albacete)\" \/>\n<meta name=\"robots\" content=\"index, follow, max-snippet:-1, max-image-preview:large, max-video-preview:-1\" \/>\n<link rel=\"canonical\" href=\"https:\/\/www.caudete.org\/ayuntamiento\/caudete-acogera-el-domingo-la-ix-edicion-de-las-rutas-de-senderismo-de-la-diputacion-de-albacete\/\" \/>\n<meta property=\"og:locale\" content=\"es_ES\" \/>\n<meta property=\"og:type\" content=\"article\" \/>\n<meta property=\"og:title\" content=\"Caudete acoger\u00e1 el domingo la IX Edici\u00f3n de las RUTAS DE SENDERISMO de la Diputaci\u00f3n de Albacete - MI Ayuntamiento de Caudete\" \/>\n<meta property=\"og:description\" content=\"P\u00e1gina Oficial del Ayuntamiento de Caudete (Albacete)\" \/>\n<meta property=\"og:url\" content=\"https:\/\/www.caudete.org\/ayuntamiento\/caudete-acogera-el-domingo-la-ix-edicion-de-las-rutas-de-senderismo-de-la-diputacion-de-albacete\/\" \/>\n<meta property=\"og:site_name\" content=\"MI Ayuntamiento de Caudete\" \/>\n<meta property=\"article:publisher\" content=\"https:\/\/www.facebook.com\/ayuntamientocaudete\/\" \/>\n<meta property=\"article:published_time\" content=\"2022-09-27T06:04:23+00:00\" \/>\n<meta property=\"og:image\" content=\"https:\/\/www.caudete.org\/ayuntamiento\/wp-content\/uploads\/2022\/09\/Captura-de-pantalla-2022-09-27-075516.jpg\" \/>\n\t<meta property=\"og:image:width\" content=\"1252\" \/>\n\t<meta property=\"og:image:height\" content=\"792\" \/>\n\t<meta property=\"og:image:type\" content=\"image\/jpeg\" \/>\n<meta name=\"author\" content=\"alcalde\" \/>\n<meta name=\"twitter:card\" content=\"summary_large_image\" \/>\n<meta name=\"twitter:label1\" content=\"Escrito por\" \/>\n\t<meta name=\"twitter:data1\" content=\"alcalde\" \/>\n\t<meta name=\"twitter:label2\" content=\"Tiempo de lectura\" \/>\n\t<meta name=\"twitter:data2\" content=\"1 minuto\" \/>\n<script type=\"application\/ld+json\" class=\"yoast-schema-graph\">{\"@context\":\"https:\\\/\\\/schema.org\",\"@graph\":[{\"@type\":\"Article\",\"@id\":\"https:\\\/\\\/www.caudete.org\\\/ayuntamiento\\\/caudete-acogera-el-domingo-la-ix-edicion-de-las-rutas-de-senderismo-de-la-diputacion-de-albacete\\\/#article\",\"isPartOf\":{\"@id\":\"https:\\\/\\\/www.caudete.org\\\/ayuntamiento\\\/caudete-acogera-el-domingo-la-ix-edicion-de-las-rutas-de-senderismo-de-la-diputacion-de-albacete\\\/\"},\"author\":{\"name\":\"alcalde\",\"@id\":\"https:\\\/\\\/www.caudete.org\\\/ayuntamiento\\\/#\\\/schema\\\/person\\\/cc646da9133078ee4d8dd47457947253\"},\"headline\":\"Caudete acoger\u00e1 el domingo la IX Edici\u00f3n de las RUTAS DE SENDERISMO de la Diputaci\u00f3n de Albacete\",\"datePublished\":\"2022-09-27T06:04:23+00:00\",\"mainEntityOfPage\":{\"@id\":\"https:\\\/\\\/www.caudete.org\\\/ayuntamiento\\\/caudete-acogera-el-domingo-la-ix-edicion-de-las-rutas-de-senderismo-de-la-diputacion-de-albacete\\\/\"},\"wordCount\":184,\"image\":{\"@id\":\"https:\\\/\\\/www.caudete.org\\\/ayuntamiento\\\/caudete-acogera-el-domingo-la-ix-edicion-de-las-rutas-de-senderismo-de-la-diputacion-de-albacete\\\/#primaryimage\"},\"thumbnailUrl\":\"https:\\\/\\\/www.caudete.org\\\/ayuntamiento\\\/wp-content\\\/uploads\\\/2022\\\/09\\\/Captura-de-pantalla-2022-09-27-075516.jpg\",\"articleSection\":[\"Turismo\"],\"inLanguage\":\"es\"},{\"@type\":\"WebPage\",\"@id\":\"https:\\\/\\\/www.caudete.org\\\/ayuntamiento\\\/caudete-acogera-el-domingo-la-ix-edicion-de-las-rutas-de-senderismo-de-la-diputacion-de-albacete\\\/\",\"url\":\"https:\\\/\\\/www.caudete.org\\\/ayuntamiento\\\/caudete-acogera-el-domingo-la-ix-edicion-de-las-rutas-de-senderismo-de-la-diputacion-de-albacete\\\/\",\"name\":\"Caudete acoger\u00e1 el domingo la IX Edici\u00f3n de las RUTAS DE SENDERISMO de la Diputaci\u00f3n de Albacete - MI Ayuntamiento de Caudete\",\"isPartOf\":{\"@id\":\"https:\\\/\\\/www.caudete.org\\\/ayuntamiento\\\/#website\"},\"primaryImageOfPage\":{\"@id\":\"https:\\\/\\\/www.caudete.org\\\/ayuntamiento\\\/caudete-acogera-el-domingo-la-ix-edicion-de-las-rutas-de-senderismo-de-la-diputacion-de-albacete\\\/#primaryimage\"},\"image\":{\"@id\":\"https:\\\/\\\/www.caudete.org\\\/ayuntamiento\\\/caudete-acogera-el-domingo-la-ix-edicion-de-las-rutas-de-senderismo-de-la-diputacion-de-albacete\\\/#primaryimage\"},\"thumbnailUrl\":\"https:\\\/\\\/www.caudete.org\\\/ayuntamiento\\\/wp-content\\\/uploads\\\/2022\\\/09\\\/Captura-de-pantalla-2022-09-27-075516.jpg\",\"datePublished\":\"2022-09-27T06:04:23+00:00\",\"author\":{\"@id\":\"https:\\\/\\\/www.caudete.org\\\/ayuntamiento\\\/#\\\/schema\\\/person\\\/cc646da9133078ee4d8dd47457947253\"},\"description\":\"P\u00e1gina Oficial del Ayuntamiento de Caudete (Albacete)\",\"breadcrumb\":{\"@id\":\"https:\\\/\\\/www.caudete.org\\\/ayuntamiento\\\/caudete-acogera-el-domingo-la-ix-edicion-de-las-rutas-de-senderismo-de-la-diputacion-de-albacete\\\/#breadcrumb\"},\"inLanguage\":\"es\",\"potentialAction\":[{\"@type\":\"ReadAction\",\"target\":[\"https:\\\/\\\/www.caudete.org\\\/ayuntamiento\\\/caudete-acogera-el-domingo-la-ix-edicion-de-las-rutas-de-senderismo-de-la-diputacion-de-albacete\\\/\"]}]},{\"@type\":\"ImageObject\",\"inLanguage\":\"es\",\"@id\":\"https:\\\/\\\/www.caudete.org\\\/ayuntamiento\\\/caudete-acogera-el-domingo-la-ix-edicion-de-las-rutas-de-senderismo-de-la-diputacion-de-albacete\\\/#primaryimage\",\"url\":\"https:\\\/\\\/www.caudete.org\\\/ayuntamiento\\\/wp-content\\\/uploads\\\/2022\\\/09\\\/Captura-de-pantalla-2022-09-27-075516.jpg\",\"contentUrl\":\"https:\\\/\\\/www.caudete.org\\\/ayuntamiento\\\/wp-content\\\/uploads\\\/2022\\\/09\\\/Captura-de-pantalla-2022-09-27-075516.jpg\",\"width\":1252,\"height\":792},{\"@type\":\"BreadcrumbList\",\"@id\":\"https:\\\/\\\/www.caudete.org\\\/ayuntamiento\\\/caudete-acogera-el-domingo-la-ix-edicion-de-las-rutas-de-senderismo-de-la-diputacion-de-albacete\\\/#breadcrumb\",\"itemListElement\":[{\"@type\":\"ListItem\",\"position\":1,\"name\":\"Inicio\",\"item\":\"https:\\\/\\\/www.caudete.org\\\/ayuntamiento\\\/\"},{\"@type\":\"ListItem\",\"position\":2,\"name\":\"Caudete acoger\u00e1 el domingo la IX Edici\u00f3n de las RUTAS DE SENDERISMO de la Diputaci\u00f3n de Albacete\"}]},{\"@type\":\"WebSite\",\"@id\":\"https:\\\/\\\/www.caudete.org\\\/ayuntamiento\\\/#website\",\"url\":\"https:\\\/\\\/www.caudete.org\\\/ayuntamiento\\\/\",\"name\":\"MI Ayuntamiento de Caudete\",\"description\":\"P\u00e1gina Oficial del MI Ayuntamiento de Caudete\",\"potentialAction\":[{\"@type\":\"SearchAction\",\"target\":{\"@type\":\"EntryPoint\",\"urlTemplate\":\"https:\\\/\\\/www.caudete.org\\\/ayuntamiento\\\/?s={search_term_string}\"},\"query-input\":{\"@type\":\"PropertyValueSpecification\",\"valueRequired\":true,\"valueName\":\"search_term_string\"}}],\"inLanguage\":\"es\"},{\"@type\":\"Person\",\"@id\":\"https:\\\/\\\/www.caudete.org\\\/ayuntamiento\\\/#\\\/schema\\\/person\\\/cc646da9133078ee4d8dd47457947253\",\"name\":\"alcalde\",\"image\":{\"@type\":\"ImageObject\",\"inLanguage\":\"es\",\"@id\":\"https:\\\/\\\/secure.gravatar.com\\\/avatar\\\/84a817ba065b29ff08d666b215a215f5c79186a645ccb25b14a663d48a130f77?s=96&d=mm&r=g\",\"url\":\"https:\\\/\\\/secure.gravatar.com\\\/avatar\\\/84a817ba065b29ff08d666b215a215f5c79186a645ccb25b14a663d48a130f77?s=96&d=mm&r=g\",\"contentUrl\":\"https:\\\/\\\/secure.gravatar.com\\\/avatar\\\/84a817ba065b29ff08d666b215a215f5c79186a645ccb25b14a663d48a130f77?s=96&d=mm&r=g\",\"caption\":\"alcalde\"},\"url\":\"https:\\\/\\\/www.caudete.org\\\/ayuntamiento\\\/author\\\/alcalde\\\/\"}]}<\/script>\n<!-- \/ Yoast SEO plugin. -->","yoast_head_json":{"title":"Caudete acoger\u00e1 el domingo la IX Edici\u00f3n de las RUTAS DE SENDERISMO de la Diputaci\u00f3n de Albacete - MI Ayuntamiento de Caudete","description":"P\u00e1gina Oficial del Ayuntamiento de Caudete (Albacete)","robots":{"index":"index","follow":"follow","max-snippet":"max-snippet:-1","max-image-preview":"max-image-preview:large","max-video-preview":"max-video-preview:-1"},"canonical":"https:\/\/www.caudete.org\/ayuntamiento\/caudete-acogera-el-domingo-la-ix-edicion-de-las-rutas-de-senderismo-de-la-diputacion-de-albacete\/","og_locale":"es_ES","og_type":"article","og_title":"Caudete acoger\u00e1 el domingo la IX Edici\u00f3n de las RUTAS DE SENDERISMO de la Diputaci\u00f3n de Albacete - MI Ayuntamiento de Caudete","og_description":"P\u00e1gina Oficial del Ayuntamiento de Caudete (Albacete)","og_url":"https:\/\/www.caudete.org\/ayuntamiento\/caudete-acogera-el-domingo-la-ix-edicion-de-las-rutas-de-senderismo-de-la-diputacion-de-albacete\/","og_site_name":"MI Ayuntamiento de Caudete","article_publisher":"https:\/\/www.facebook.com\/ayuntamientocaudete\/","article_published_time":"2022-09-27T06:04:23+00:00","og_image":[{"width":1252,"height":792,"url":"https:\/\/www.caudete.org\/ayuntamiento\/wp-content\/uploads\/2022\/09\/Captura-de-pantalla-2022-09-27-075516.jpg","type":"image\/jpeg"}],"author":"alcalde","twitter_card":"summary_large_image","twitter_misc":{"Escrito por":"alcalde","Tiempo de lectura":"1 minuto"},"schema":{"@context":"https:\/\/schema.org","@graph":[{"@type":"Article","@id":"https:\/\/www.caudete.org\/ayuntamiento\/caudete-acogera-el-domingo-la-ix-edicion-de-las-rutas-de-senderismo-de-la-diputacion-de-albacete\/#article","isPartOf":{"@id":"https:\/\/www.caudete.org\/ayuntamiento\/caudete-acogera-el-domingo-la-ix-edicion-de-las-rutas-de-senderismo-de-la-diputacion-de-albacete\/"},"author":{"name":"alcalde","@id":"https:\/\/www.caudete.org\/ayuntamiento\/#\/schema\/person\/cc646da9133078ee4d8dd47457947253"},"headline":"Caudete acoger\u00e1 el domingo la IX Edici\u00f3n de las RUTAS DE SENDERISMO de la Diputaci\u00f3n de Albacete","datePublished":"2022-09-27T06:04:23+00:00","mainEntityOfPage":{"@id":"https:\/\/www.caudete.org\/ayuntamiento\/caudete-acogera-el-domingo-la-ix-edicion-de-las-rutas-de-senderismo-de-la-diputacion-de-albacete\/"},"wordCount":184,"image":{"@id":"https:\/\/www.caudete.org\/ayuntamiento\/caudete-acogera-el-domingo-la-ix-edicion-de-las-rutas-de-senderismo-de-la-diputacion-de-albacete\/#primaryimage"},"thumbnailUrl":"https:\/\/www.caudete.org\/ayuntamiento\/wp-content\/uploads\/2022\/09\/Captura-de-pantalla-2022-09-27-075516.jpg","articleSection":["Turismo"],"inLanguage":"es"},{"@type":"WebPage","@id":"https:\/\/www.caudete.org\/ayuntamiento\/caudete-acogera-el-domingo-la-ix-edicion-de-las-rutas-de-senderismo-de-la-diputacion-de-albacete\/","url":"https:\/\/www.caudete.org\/ayuntamiento\/caudete-acogera-el-domingo-la-ix-edicion-de-las-rutas-de-senderismo-de-la-diputacion-de-albacete\/","name":"Caudete acoger\u00e1 el domingo la IX Edici\u00f3n de las RUTAS DE SENDERISMO de la Diputaci\u00f3n de Albacete - MI Ayuntamiento de Caudete","isPartOf":{"@id":"https:\/\/www.caudete.org\/ayuntamiento\/#website"},"primaryImageOfPage":{"@id":"https:\/\/www.caudete.org\/ayuntamiento\/caudete-acogera-el-domingo-la-ix-edicion-de-las-rutas-de-senderismo-de-la-diputacion-de-albacete\/#primaryimage"},"image":{"@id":"https:\/\/www.caudete.org\/ayuntamiento\/caudete-acogera-el-domingo-la-ix-edicion-de-las-rutas-de-senderismo-de-la-diputacion-de-albacete\/#primaryimage"},"thumbnailUrl":"https:\/\/www.caudete.org\/ayuntamiento\/wp-content\/uploads\/2022\/09\/Captura-de-pantalla-2022-09-27-075516.jpg","datePublished":"2022-09-27T06:04:23+00:00","author":{"@id":"https:\/\/www.caudete.org\/ayuntamiento\/#\/schema\/person\/cc646da9133078ee4d8dd47457947253"},"description":"P\u00e1gina Oficial del Ayuntamiento de Caudete (Albacete)","breadcrumb":{"@id":"https:\/\/www.caudete.org\/ayuntamiento\/caudete-acogera-el-domingo-la-ix-edicion-de-las-rutas-de-senderismo-de-la-diputacion-de-albacete\/#breadcrumb"},"inLanguage":"es","potentialAction":[{"@type":"ReadAction","target":["https:\/\/www.caudete.org\/ayuntamiento\/caudete-acogera-el-domingo-la-ix-edicion-de-las-rutas-de-senderismo-de-la-diputacion-de-albacete\/"]}]},{"@type":"ImageObject","inLanguage":"es","@id":"https:\/\/www.caudete.org\/ayuntamiento\/caudete-acogera-el-domingo-la-ix-edicion-de-las-rutas-de-senderismo-de-la-diputacion-de-albacete\/#primaryimage","url":"https:\/\/www.caudete.org\/ayuntamiento\/wp-content\/uploads\/2022\/09\/Captura-de-pantalla-2022-09-27-075516.jpg","contentUrl":"https:\/\/www.caudete.org\/ayuntamiento\/wp-content\/uploads\/2022\/09\/Captura-de-pantalla-2022-09-27-075516.jpg","width":1252,"height":792},{"@type":"BreadcrumbList","@id":"https:\/\/www.caudete.org\/ayuntamiento\/caudete-acogera-el-domingo-la-ix-edicion-de-las-rutas-de-senderismo-de-la-diputacion-de-albacete\/#breadcrumb","itemListElement":[{"@type":"ListItem","position":1,"name":"Inicio","item":"https:\/\/www.caudete.org\/ayuntamiento\/"},{"@type":"ListItem","position":2,"name":"Caudete acoger\u00e1 el domingo la IX Edici\u00f3n de las RUTAS DE SENDERISMO de la Diputaci\u00f3n de Albacete"}]},{"@type":"WebSite","@id":"https:\/\/www.caudete.org\/ayuntamiento\/#website","url":"https:\/\/www.caudete.org\/ayuntamiento\/","name":"MI Ayuntamiento de Caudete","description":"P\u00e1gina Oficial del MI Ayuntamiento de Caudete","potentialAction":[{"@type":"SearchAction","target":{"@type":"EntryPoint","urlTemplate":"https:\/\/www.caudete.org\/ayuntamiento\/?s={search_term_string}"},"query-input":{"@type":"PropertyValueSpecification","valueRequired":true,"valueName":"search_term_string"}}],"inLanguage":"es"},{"@type":"Person","@id":"https:\/\/www.caudete.org\/ayuntamiento\/#\/schema\/person\/cc646da9133078ee4d8dd47457947253","name":"alcalde","image":{"@type":"ImageObject","inLanguage":"es","@id":"https:\/\/secure.gravatar.com\/avatar\/84a817ba065b29ff08d666b215a215f5c79186a645ccb25b14a663d48a130f77?s=96&d=mm&r=g","url":"https:\/\/secure.gravatar.com\/avatar\/84a817ba065b29ff08d666b215a215f5c79186a645ccb25b14a663d48a130f77?s=96&d=mm&r=g","contentUrl":"https:\/\/secure.gravatar.com\/avatar\/84a817ba065b29ff08d666b215a215f5c79186a645ccb25b14a663d48a130f77?s=96&d=mm&r=g","caption":"alcalde"},"url":"https:\/\/www.caudete.org\/ayuntamiento\/author\/alcalde\/"}]}},"_links":{"self":[{"href":"https:\/\/www.caudete.org\/ayuntamiento\/wp-json\/wp\/v2\/posts\/20082","targetHints":{"allow":["GET"]}}],"collection":[{"href":"https:\/\/www.caudete.org\/ayuntamiento\/wp-json\/wp\/v2\/posts"}],"about":[{"href":"https:\/\/www.caudete.org\/ayuntamiento\/wp-json\/wp\/v2\/types\/post"}],"author":[{"embeddable":true,"href":"https:\/\/www.caudete.org\/ayuntamiento\/wp-json\/wp\/v2\/users\/3"}],"replies":[{"embeddable":true,"href":"https:\/\/www.caudete.org\/ayuntamiento\/wp-json\/wp\/v2\/comments?post=20082"}],"version-history":[{"count":1,"href":"https:\/\/www.caudete.org\/ayuntamiento\/wp-json\/wp\/v2\/posts\/20082\/revisions"}],"predecessor-version":[{"id":20084,"href":"https:\/\/www.caudete.org\/ayuntamiento\/wp-json\/wp\/v2\/posts\/20082\/revisions\/20084"}],"wp:featuredmedia":[{"embeddable":true,"href":"https:\/\/www.caudete.org\/ayuntamiento\/wp-json\/wp\/v2\/media\/20083"}],"wp:attachment":[{"href":"https:\/\/www.caudete.org\/ayuntamiento\/wp-json\/wp\/v2\/media?parent=20082"}],"wp:term":[{"taxonomy":"category","embeddable":true,"href":"https:\/\/www.caudete.org\/ayuntamiento\/wp-json\/wp\/v2\/categories?post=20082"},{"taxonomy":"post_tag","embeddable":true,"href":"https:\/\/www.caudete.org\/ayuntamiento\/wp-json\/wp\/v2\/tags?post=20082"}],"curies":[{"name":"wp","href":"https:\/\/api.w.org\/{rel}","templated":true}]}}