{"id":20105,"date":"2022-09-28T09:00:00","date_gmt":"2022-09-28T07:00:00","guid":{"rendered":"https:\/\/www.caudete.org\/ayuntamiento\/?p=20105"},"modified":"2022-09-27T21:55:43","modified_gmt":"2022-09-27T19:55:43","slug":"restauradas-todas-las-mesas-y-bancos-del-parque-juan-bautista-de-almazan","status":"publish","type":"post","link":"https:\/\/www.caudete.org\/ayuntamiento\/restauradas-todas-las-mesas-y-bancos-del-parque-juan-bautista-de-almazan\/","title":{"rendered":"Restauradas todas las Mesas y Bancos del Parque &#8220;Juan Bautista de Almaz\u00e1n&#8221;"},"content":{"rendered":"<p style=\"text-align: justify;\"><span style=\"font-weight: 400;\">Joaqu\u00edn Pag\u00e1n, Concejal de Medio Ambiente y responsable por tanto de los Parques y Jardines del municipio, informaba de la ultima actuaci\u00f3n realizada en dicha materia.<\/span><\/p>\n<p><a href=\"https:\/\/www.caudete.org\/ayuntamiento\/wp-content\/uploads\/2022\/09\/b8b02046-67ec-4a9d-803d-a64b8a5676d3.jpg\" rel='prettyPhoto'><img fetchpriority=\"high\" decoding=\"async\" class=\"alignnone wp-image-20119 size-medium\" src=\"https:\/\/www.caudete.org\/ayuntamiento\/wp-content\/uploads\/2022\/09\/b8b02046-67ec-4a9d-803d-a64b8a5676d3-226x300.jpg\" alt=\"\" width=\"226\" height=\"300\" srcset=\"https:\/\/www.caudete.org\/ayuntamiento\/wp-content\/uploads\/2022\/09\/b8b02046-67ec-4a9d-803d-a64b8a5676d3-226x300.jpg 226w, https:\/\/www.caudete.org\/ayuntamiento\/wp-content\/uploads\/2022\/09\/b8b02046-67ec-4a9d-803d-a64b8a5676d3-771x1024.jpg 771w, https:\/\/www.caudete.org\/ayuntamiento\/wp-content\/uploads\/2022\/09\/b8b02046-67ec-4a9d-803d-a64b8a5676d3-768x1020.jpg 768w, https:\/\/www.caudete.org\/ayuntamiento\/wp-content\/uploads\/2022\/09\/b8b02046-67ec-4a9d-803d-a64b8a5676d3.jpg 786w\" sizes=\"(max-width: 226px) 100vw, 226px\" \/><\/a> <a href=\"https:\/\/www.caudete.org\/ayuntamiento\/wp-content\/uploads\/2022\/09\/058b2087-04f7-4f14-b770-69963e397bd8.jpg\" rel='prettyPhoto'><img decoding=\"async\" class=\"alignnone wp-image-20114 size-medium\" src=\"https:\/\/www.caudete.org\/ayuntamiento\/wp-content\/uploads\/2022\/09\/058b2087-04f7-4f14-b770-69963e397bd8-300x226.jpg\" alt=\"\" width=\"300\" height=\"226\" srcset=\"https:\/\/www.caudete.org\/ayuntamiento\/wp-content\/uploads\/2022\/09\/058b2087-04f7-4f14-b770-69963e397bd8-300x226.jpg 300w, https:\/\/www.caudete.org\/ayuntamiento\/wp-content\/uploads\/2022\/09\/058b2087-04f7-4f14-b770-69963e397bd8-1024x770.jpg 1024w, https:\/\/www.caudete.org\/ayuntamiento\/wp-content\/uploads\/2022\/09\/058b2087-04f7-4f14-b770-69963e397bd8-768x578.jpg 768w, https:\/\/www.caudete.org\/ayuntamiento\/wp-content\/uploads\/2022\/09\/058b2087-04f7-4f14-b770-69963e397bd8.jpg 1388w\" sizes=\"(max-width: 300px) 100vw, 300px\" \/><\/a><\/p>\n<p style=\"text-align: justify;\"><span style=\"font-weight: 400;\">El Parque Juan Bautista de Almaz\u00e1n, m\u00e1s conocido como el parque de la Virgen o de la Ermita, ten\u00eda una serie de desperfectos en sus elementos urbanos, localizados sobre las mesas y los bancos de obra. Todos estos han sufrido deterioros, sobre todo por actos vand\u00e1licos, llegando en algunos casos a imposibilitar el uso de determinados elementos, como dos de las mesas, que estaban completamente rotos sus tableros. Algo similar ocurr\u00eda sobre la mayor\u00eda de los bancos de obra, los cuales ten\u00edan los reposabrazos rotos, as\u00ed como falta de ladrillos caravista en respaldos.<\/span><\/p>\n<p style=\"text-align: justify;\"><span style=\"font-weight: 400;\">Los trabajos, realizados por una empresa local, se iniciaron unas semanas antes de las Fiestas Patronales de Septiembre y han concluido ahora, quedando todos los elementos completamente restaurados y reforzados.<\/span><\/p>\n<p>&nbsp;<\/p>\n<p><a href=\"https:\/\/www.caudete.org\/ayuntamiento\/wp-content\/uploads\/2022\/09\/24dcccfb-1d49-4cff-af3f-678cbc6086b9.jpg\" rel='prettyPhoto'><img decoding=\"async\" class=\"alignnone wp-image-20118 size-medium\" src=\"https:\/\/www.caudete.org\/ayuntamiento\/wp-content\/uploads\/2022\/09\/24dcccfb-1d49-4cff-af3f-678cbc6086b9-226x300.jpg\" alt=\"\" width=\"226\" height=\"300\" srcset=\"https:\/\/www.caudete.org\/ayuntamiento\/wp-content\/uploads\/2022\/09\/24dcccfb-1d49-4cff-af3f-678cbc6086b9-226x300.jpg 226w, https:\/\/www.caudete.org\/ayuntamiento\/wp-content\/uploads\/2022\/09\/24dcccfb-1d49-4cff-af3f-678cbc6086b9-771x1024.jpg 771w, https:\/\/www.caudete.org\/ayuntamiento\/wp-content\/uploads\/2022\/09\/24dcccfb-1d49-4cff-af3f-678cbc6086b9-768x1020.jpg 768w, https:\/\/www.caudete.org\/ayuntamiento\/wp-content\/uploads\/2022\/09\/24dcccfb-1d49-4cff-af3f-678cbc6086b9.jpg 786w\" sizes=\"(max-width: 226px) 100vw, 226px\" \/><\/a> <a href=\"https:\/\/www.caudete.org\/ayuntamiento\/wp-content\/uploads\/2022\/09\/c2b4843d-8c0d-4454-aa46-7a6789ac47ff.jpg\" rel='prettyPhoto'><img loading=\"lazy\" decoding=\"async\" class=\"alignnone wp-image-20108 size-medium\" src=\"https:\/\/www.caudete.org\/ayuntamiento\/wp-content\/uploads\/2022\/09\/c2b4843d-8c0d-4454-aa46-7a6789ac47ff-226x300.jpg\" alt=\"\" width=\"226\" height=\"300\" srcset=\"https:\/\/www.caudete.org\/ayuntamiento\/wp-content\/uploads\/2022\/09\/c2b4843d-8c0d-4454-aa46-7a6789ac47ff-226x300.jpg 226w, https:\/\/www.caudete.org\/ayuntamiento\/wp-content\/uploads\/2022\/09\/c2b4843d-8c0d-4454-aa46-7a6789ac47ff-771x1024.jpg 771w, https:\/\/www.caudete.org\/ayuntamiento\/wp-content\/uploads\/2022\/09\/c2b4843d-8c0d-4454-aa46-7a6789ac47ff-768x1020.jpg 768w, https:\/\/www.caudete.org\/ayuntamiento\/wp-content\/uploads\/2022\/09\/c2b4843d-8c0d-4454-aa46-7a6789ac47ff.jpg 786w\" sizes=\"(max-width: 226px) 100vw, 226px\" \/><\/a><\/p>\n<p><a href=\"https:\/\/www.caudete.org\/ayuntamiento\/wp-content\/uploads\/2022\/09\/6a31548a-644b-46b5-b52a-9235e91430a5.jpg\" rel='prettyPhoto'><img loading=\"lazy\" decoding=\"async\" class=\"alignnone wp-image-20115 size-medium\" src=\"https:\/\/www.caudete.org\/ayuntamiento\/wp-content\/uploads\/2022\/09\/6a31548a-644b-46b5-b52a-9235e91430a5-300x226.jpg\" alt=\"\" width=\"300\" height=\"226\" srcset=\"https:\/\/www.caudete.org\/ayuntamiento\/wp-content\/uploads\/2022\/09\/6a31548a-644b-46b5-b52a-9235e91430a5-300x226.jpg 300w, https:\/\/www.caudete.org\/ayuntamiento\/wp-content\/uploads\/2022\/09\/6a31548a-644b-46b5-b52a-9235e91430a5-1024x770.jpg 1024w, https:\/\/www.caudete.org\/ayuntamiento\/wp-content\/uploads\/2022\/09\/6a31548a-644b-46b5-b52a-9235e91430a5-768x578.jpg 768w, https:\/\/www.caudete.org\/ayuntamiento\/wp-content\/uploads\/2022\/09\/6a31548a-644b-46b5-b52a-9235e91430a5.jpg 1388w\" sizes=\"(max-width: 300px) 100vw, 300px\" \/><\/a> <a href=\"https:\/\/www.caudete.org\/ayuntamiento\/wp-content\/uploads\/2022\/09\/15b4d6ed-d4fc-4f57-a408-19321b0cefd0.jpg\" rel='prettyPhoto'><img loading=\"lazy\" decoding=\"async\" class=\"alignnone wp-image-20112 size-medium\" src=\"https:\/\/www.caudete.org\/ayuntamiento\/wp-content\/uploads\/2022\/09\/15b4d6ed-d4fc-4f57-a408-19321b0cefd0-300x226.jpg\" alt=\"\" width=\"300\" height=\"226\" srcset=\"https:\/\/www.caudete.org\/ayuntamiento\/wp-content\/uploads\/2022\/09\/15b4d6ed-d4fc-4f57-a408-19321b0cefd0-300x226.jpg 300w, https:\/\/www.caudete.org\/ayuntamiento\/wp-content\/uploads\/2022\/09\/15b4d6ed-d4fc-4f57-a408-19321b0cefd0-1024x771.jpg 1024w, https:\/\/www.caudete.org\/ayuntamiento\/wp-content\/uploads\/2022\/09\/15b4d6ed-d4fc-4f57-a408-19321b0cefd0-768x578.jpg 768w, https:\/\/www.caudete.org\/ayuntamiento\/wp-content\/uploads\/2022\/09\/15b4d6ed-d4fc-4f57-a408-19321b0cefd0.jpg 1387w\" sizes=\"(max-width: 300px) 100vw, 300px\" \/><\/a><\/p>\n<p><a href=\"https:\/\/www.caudete.org\/ayuntamiento\/wp-content\/uploads\/2022\/09\/f2110cdd-ee57-4b58-9fb2-f52f31394c75.jpg\" rel='prettyPhoto'><img loading=\"lazy\" decoding=\"async\" class=\"alignnone wp-image-20120 size-medium\" src=\"https:\/\/www.caudete.org\/ayuntamiento\/wp-content\/uploads\/2022\/09\/f2110cdd-ee57-4b58-9fb2-f52f31394c75-226x300.jpg\" alt=\"\" width=\"226\" height=\"300\" srcset=\"https:\/\/www.caudete.org\/ayuntamiento\/wp-content\/uploads\/2022\/09\/f2110cdd-ee57-4b58-9fb2-f52f31394c75-226x300.jpg 226w, https:\/\/www.caudete.org\/ayuntamiento\/wp-content\/uploads\/2022\/09\/f2110cdd-ee57-4b58-9fb2-f52f31394c75-771x1024.jpg 771w, https:\/\/www.caudete.org\/ayuntamiento\/wp-content\/uploads\/2022\/09\/f2110cdd-ee57-4b58-9fb2-f52f31394c75-768x1020.jpg 768w, https:\/\/www.caudete.org\/ayuntamiento\/wp-content\/uploads\/2022\/09\/f2110cdd-ee57-4b58-9fb2-f52f31394c75.jpg 786w\" sizes=\"(max-width: 226px) 100vw, 226px\" \/><\/a>\u00a0 <a href=\"https:\/\/www.caudete.org\/ayuntamiento\/wp-content\/uploads\/2022\/09\/33988b01-e3bc-43fc-9add-b52ca230d664.jpg\" rel='prettyPhoto'><img loading=\"lazy\" decoding=\"async\" class=\"alignnone wp-image-20109 size-medium\" src=\"https:\/\/www.caudete.org\/ayuntamiento\/wp-content\/uploads\/2022\/09\/33988b01-e3bc-43fc-9add-b52ca230d664-300x226.jpg\" alt=\"\" width=\"300\" height=\"226\" srcset=\"https:\/\/www.caudete.org\/ayuntamiento\/wp-content\/uploads\/2022\/09\/33988b01-e3bc-43fc-9add-b52ca230d664-300x226.jpg 300w, https:\/\/www.caudete.org\/ayuntamiento\/wp-content\/uploads\/2022\/09\/33988b01-e3bc-43fc-9add-b52ca230d664-1024x771.jpg 1024w, https:\/\/www.caudete.org\/ayuntamiento\/wp-content\/uploads\/2022\/09\/33988b01-e3bc-43fc-9add-b52ca230d664-768x578.jpg 768w, https:\/\/www.caudete.org\/ayuntamiento\/wp-content\/uploads\/2022\/09\/33988b01-e3bc-43fc-9add-b52ca230d664.jpg 1387w\" sizes=\"(max-width: 300px) 100vw, 300px\" \/><\/a><\/p>\n<p><a href=\"https:\/\/www.caudete.org\/ayuntamiento\/wp-content\/uploads\/2022\/09\/0559d800-d1c8-49b7-a5de-b1beaaa92d95.jpg\" rel='prettyPhoto'><img loading=\"lazy\" decoding=\"async\" class=\"alignnone wp-image-20117 size-medium\" src=\"https:\/\/www.caudete.org\/ayuntamiento\/wp-content\/uploads\/2022\/09\/0559d800-d1c8-49b7-a5de-b1beaaa92d95-226x300.jpg\" alt=\"\" width=\"226\" height=\"300\" srcset=\"https:\/\/www.caudete.org\/ayuntamiento\/wp-content\/uploads\/2022\/09\/0559d800-d1c8-49b7-a5de-b1beaaa92d95-226x300.jpg 226w, https:\/\/www.caudete.org\/ayuntamiento\/wp-content\/uploads\/2022\/09\/0559d800-d1c8-49b7-a5de-b1beaaa92d95-771x1024.jpg 771w, https:\/\/www.caudete.org\/ayuntamiento\/wp-content\/uploads\/2022\/09\/0559d800-d1c8-49b7-a5de-b1beaaa92d95-768x1020.jpg 768w, https:\/\/www.caudete.org\/ayuntamiento\/wp-content\/uploads\/2022\/09\/0559d800-d1c8-49b7-a5de-b1beaaa92d95.jpg 786w\" sizes=\"(max-width: 226px) 100vw, 226px\" \/><\/a> <a href=\"https:\/\/www.caudete.org\/ayuntamiento\/wp-content\/uploads\/2022\/09\/0a8fdccb-92d3-421b-84b0-72bce75bda3d.jpg\" rel='prettyPhoto'><img loading=\"lazy\" decoding=\"async\" class=\"alignnone wp-image-20110 size-medium\" src=\"https:\/\/www.caudete.org\/ayuntamiento\/wp-content\/uploads\/2022\/09\/0a8fdccb-92d3-421b-84b0-72bce75bda3d-300x226.jpg\" alt=\"\" width=\"300\" height=\"226\" srcset=\"https:\/\/www.caudete.org\/ayuntamiento\/wp-content\/uploads\/2022\/09\/0a8fdccb-92d3-421b-84b0-72bce75bda3d-300x226.jpg 300w, https:\/\/www.caudete.org\/ayuntamiento\/wp-content\/uploads\/2022\/09\/0a8fdccb-92d3-421b-84b0-72bce75bda3d-1024x771.jpg 1024w, https:\/\/www.caudete.org\/ayuntamiento\/wp-content\/uploads\/2022\/09\/0a8fdccb-92d3-421b-84b0-72bce75bda3d-768x578.jpg 768w, https:\/\/www.caudete.org\/ayuntamiento\/wp-content\/uploads\/2022\/09\/0a8fdccb-92d3-421b-84b0-72bce75bda3d.jpg 1387w\" sizes=\"(max-width: 300px) 100vw, 300px\" \/><\/a><\/p>\n<p><a href=\"https:\/\/www.caudete.org\/ayuntamiento\/wp-content\/uploads\/2022\/09\/30b8aca1-4f5e-48e3-be44-3d22f1c712c1.jpg\" rel='prettyPhoto'><img loading=\"lazy\" decoding=\"async\" class=\"alignnone wp-image-20113 size-medium\" src=\"https:\/\/www.caudete.org\/ayuntamiento\/wp-content\/uploads\/2022\/09\/30b8aca1-4f5e-48e3-be44-3d22f1c712c1-300x226.jpg\" alt=\"\" width=\"300\" height=\"226\" srcset=\"https:\/\/www.caudete.org\/ayuntamiento\/wp-content\/uploads\/2022\/09\/30b8aca1-4f5e-48e3-be44-3d22f1c712c1-300x226.jpg 300w, https:\/\/www.caudete.org\/ayuntamiento\/wp-content\/uploads\/2022\/09\/30b8aca1-4f5e-48e3-be44-3d22f1c712c1-1024x770.jpg 1024w, https:\/\/www.caudete.org\/ayuntamiento\/wp-content\/uploads\/2022\/09\/30b8aca1-4f5e-48e3-be44-3d22f1c712c1-768x578.jpg 768w, https:\/\/www.caudete.org\/ayuntamiento\/wp-content\/uploads\/2022\/09\/30b8aca1-4f5e-48e3-be44-3d22f1c712c1.jpg 1388w\" sizes=\"(max-width: 300px) 100vw, 300px\" \/><\/a> <a href=\"https:\/\/www.caudete.org\/ayuntamiento\/wp-content\/uploads\/2022\/09\/154a4a6f-9a62-467c-a903-af9dd2d27f6c.jpg\" rel='prettyPhoto'><img loading=\"lazy\" decoding=\"async\" class=\"alignnone wp-image-20111 size-medium\" src=\"https:\/\/www.caudete.org\/ayuntamiento\/wp-content\/uploads\/2022\/09\/154a4a6f-9a62-467c-a903-af9dd2d27f6c-300x226.jpg\" alt=\"\" width=\"300\" height=\"226\" srcset=\"https:\/\/www.caudete.org\/ayuntamiento\/wp-content\/uploads\/2022\/09\/154a4a6f-9a62-467c-a903-af9dd2d27f6c-300x226.jpg 300w, https:\/\/www.caudete.org\/ayuntamiento\/wp-content\/uploads\/2022\/09\/154a4a6f-9a62-467c-a903-af9dd2d27f6c-1024x771.jpg 1024w, https:\/\/www.caudete.org\/ayuntamiento\/wp-content\/uploads\/2022\/09\/154a4a6f-9a62-467c-a903-af9dd2d27f6c-768x578.jpg 768w, https:\/\/www.caudete.org\/ayuntamiento\/wp-content\/uploads\/2022\/09\/154a4a6f-9a62-467c-a903-af9dd2d27f6c.jpg 1387w\" sizes=\"(max-width: 300px) 100vw, 300px\" \/><\/a><\/p>\n","protected":false},"excerpt":{"rendered":"<p>Joaqu\u00edn Pag\u00e1n, Concejal de Medio Ambiente y responsable por tanto de los Parques y Jardines del municipio, informaba de la ultima actuaci\u00f3n realizada en dicha materia. El Parque Juan Bautista de Almaz\u00e1n, m\u00e1s conocido como el parque de la Virgen o de la Ermita, ten\u00eda una serie de desperfectos en sus elementos urbanos, localizados sobre &hellip;<\/p>\n","protected":false},"author":3,"featured_media":20109,"comment_status":"closed","ping_status":"open","sticky":false,"template":"","format":"standard","meta":{"ngg_post_thumbnail":0,"footnotes":""},"categories":[29],"tags":[],"class_list":["post-20105","post","type-post","status-publish","format-standard","has-post-thumbnail","hentry","category-medio-ambiente"],"yoast_head":"<!-- This site is optimized with the Yoast SEO plugin v27.5 - https:\/\/yoast.com\/product\/yoast-seo-wordpress\/ -->\n<title>Restauradas todas las Mesas y Bancos del Parque &quot;Juan Bautista de Almaz\u00e1n&quot; - MI Ayuntamiento de Caudete<\/title>\n<meta name=\"description\" content=\"P\u00e1gina Oficial del Ayuntamiento de Caudete (Albacete)\" \/>\n<meta name=\"robots\" content=\"index, follow, max-snippet:-1, max-image-preview:large, max-video-preview:-1\" \/>\n<link rel=\"canonical\" href=\"https:\/\/www.caudete.org\/ayuntamiento\/restauradas-todas-las-mesas-y-bancos-del-parque-juan-bautista-de-almazan\/\" \/>\n<meta property=\"og:locale\" content=\"es_ES\" \/>\n<meta property=\"og:type\" content=\"article\" \/>\n<meta property=\"og:title\" content=\"Restauradas todas las Mesas y Bancos del Parque &quot;Juan Bautista de Almaz\u00e1n&quot; - MI Ayuntamiento de Caudete\" \/>\n<meta property=\"og:description\" content=\"P\u00e1gina Oficial del Ayuntamiento de Caudete (Albacete)\" \/>\n<meta property=\"og:url\" content=\"https:\/\/www.caudete.org\/ayuntamiento\/restauradas-todas-las-mesas-y-bancos-del-parque-juan-bautista-de-almazan\/\" \/>\n<meta property=\"og:site_name\" content=\"MI Ayuntamiento de Caudete\" \/>\n<meta property=\"article:publisher\" content=\"https:\/\/www.facebook.com\/ayuntamientocaudete\/\" \/>\n<meta property=\"article:published_time\" content=\"2022-09-28T07:00:00+00:00\" \/>\n<meta property=\"og:image\" content=\"https:\/\/www.caudete.org\/ayuntamiento\/wp-content\/uploads\/2022\/09\/33988b01-e3bc-43fc-9add-b52ca230d664.jpg\" \/>\n\t<meta property=\"og:image:width\" content=\"1387\" \/>\n\t<meta property=\"og:image:height\" content=\"1044\" \/>\n\t<meta property=\"og:image:type\" content=\"image\/jpeg\" \/>\n<meta name=\"author\" content=\"alcalde\" \/>\n<meta name=\"twitter:card\" content=\"summary_large_image\" \/>\n<meta name=\"twitter:label1\" content=\"Escrito por\" \/>\n\t<meta name=\"twitter:data1\" content=\"alcalde\" \/>\n\t<meta name=\"twitter:label2\" content=\"Tiempo de lectura\" \/>\n\t<meta name=\"twitter:data2\" content=\"4 minutos\" \/>\n<script type=\"application\/ld+json\" class=\"yoast-schema-graph\">{\"@context\":\"https:\\\/\\\/schema.org\",\"@graph\":[{\"@type\":\"Article\",\"@id\":\"https:\\\/\\\/www.caudete.org\\\/ayuntamiento\\\/restauradas-todas-las-mesas-y-bancos-del-parque-juan-bautista-de-almazan\\\/#article\",\"isPartOf\":{\"@id\":\"https:\\\/\\\/www.caudete.org\\\/ayuntamiento\\\/restauradas-todas-las-mesas-y-bancos-del-parque-juan-bautista-de-almazan\\\/\"},\"author\":{\"name\":\"alcalde\",\"@id\":\"https:\\\/\\\/www.caudete.org\\\/ayuntamiento\\\/#\\\/schema\\\/person\\\/cc646da9133078ee4d8dd47457947253\"},\"headline\":\"Restauradas todas las Mesas y Bancos del Parque &#8220;Juan Bautista de Almaz\u00e1n&#8221;\",\"datePublished\":\"2022-09-28T07:00:00+00:00\",\"mainEntityOfPage\":{\"@id\":\"https:\\\/\\\/www.caudete.org\\\/ayuntamiento\\\/restauradas-todas-las-mesas-y-bancos-del-parque-juan-bautista-de-almazan\\\/\"},\"wordCount\":173,\"image\":{\"@id\":\"https:\\\/\\\/www.caudete.org\\\/ayuntamiento\\\/restauradas-todas-las-mesas-y-bancos-del-parque-juan-bautista-de-almazan\\\/#primaryimage\"},\"thumbnailUrl\":\"https:\\\/\\\/www.caudete.org\\\/ayuntamiento\\\/wp-content\\\/uploads\\\/2022\\\/09\\\/33988b01-e3bc-43fc-9add-b52ca230d664.jpg\",\"articleSection\":[\"Medio Ambiente\"],\"inLanguage\":\"es\"},{\"@type\":\"WebPage\",\"@id\":\"https:\\\/\\\/www.caudete.org\\\/ayuntamiento\\\/restauradas-todas-las-mesas-y-bancos-del-parque-juan-bautista-de-almazan\\\/\",\"url\":\"https:\\\/\\\/www.caudete.org\\\/ayuntamiento\\\/restauradas-todas-las-mesas-y-bancos-del-parque-juan-bautista-de-almazan\\\/\",\"name\":\"Restauradas todas las Mesas y Bancos del Parque \\\"Juan Bautista de Almaz\u00e1n\\\" - MI Ayuntamiento de Caudete\",\"isPartOf\":{\"@id\":\"https:\\\/\\\/www.caudete.org\\\/ayuntamiento\\\/#website\"},\"primaryImageOfPage\":{\"@id\":\"https:\\\/\\\/www.caudete.org\\\/ayuntamiento\\\/restauradas-todas-las-mesas-y-bancos-del-parque-juan-bautista-de-almazan\\\/#primaryimage\"},\"image\":{\"@id\":\"https:\\\/\\\/www.caudete.org\\\/ayuntamiento\\\/restauradas-todas-las-mesas-y-bancos-del-parque-juan-bautista-de-almazan\\\/#primaryimage\"},\"thumbnailUrl\":\"https:\\\/\\\/www.caudete.org\\\/ayuntamiento\\\/wp-content\\\/uploads\\\/2022\\\/09\\\/33988b01-e3bc-43fc-9add-b52ca230d664.jpg\",\"datePublished\":\"2022-09-28T07:00:00+00:00\",\"author\":{\"@id\":\"https:\\\/\\\/www.caudete.org\\\/ayuntamiento\\\/#\\\/schema\\\/person\\\/cc646da9133078ee4d8dd47457947253\"},\"description\":\"P\u00e1gina Oficial del Ayuntamiento de Caudete (Albacete)\",\"breadcrumb\":{\"@id\":\"https:\\\/\\\/www.caudete.org\\\/ayuntamiento\\\/restauradas-todas-las-mesas-y-bancos-del-parque-juan-bautista-de-almazan\\\/#breadcrumb\"},\"inLanguage\":\"es\",\"potentialAction\":[{\"@type\":\"ReadAction\",\"target\":[\"https:\\\/\\\/www.caudete.org\\\/ayuntamiento\\\/restauradas-todas-las-mesas-y-bancos-del-parque-juan-bautista-de-almazan\\\/\"]}]},{\"@type\":\"ImageObject\",\"inLanguage\":\"es\",\"@id\":\"https:\\\/\\\/www.caudete.org\\\/ayuntamiento\\\/restauradas-todas-las-mesas-y-bancos-del-parque-juan-bautista-de-almazan\\\/#primaryimage\",\"url\":\"https:\\\/\\\/www.caudete.org\\\/ayuntamiento\\\/wp-content\\\/uploads\\\/2022\\\/09\\\/33988b01-e3bc-43fc-9add-b52ca230d664.jpg\",\"contentUrl\":\"https:\\\/\\\/www.caudete.org\\\/ayuntamiento\\\/wp-content\\\/uploads\\\/2022\\\/09\\\/33988b01-e3bc-43fc-9add-b52ca230d664.jpg\",\"width\":1387,\"height\":1044},{\"@type\":\"BreadcrumbList\",\"@id\":\"https:\\\/\\\/www.caudete.org\\\/ayuntamiento\\\/restauradas-todas-las-mesas-y-bancos-del-parque-juan-bautista-de-almazan\\\/#breadcrumb\",\"itemListElement\":[{\"@type\":\"ListItem\",\"position\":1,\"name\":\"Inicio\",\"item\":\"https:\\\/\\\/www.caudete.org\\\/ayuntamiento\\\/\"},{\"@type\":\"ListItem\",\"position\":2,\"name\":\"Restauradas todas las Mesas y Bancos del Parque &#8220;Juan Bautista de Almaz\u00e1n&#8221;\"}]},{\"@type\":\"WebSite\",\"@id\":\"https:\\\/\\\/www.caudete.org\\\/ayuntamiento\\\/#website\",\"url\":\"https:\\\/\\\/www.caudete.org\\\/ayuntamiento\\\/\",\"name\":\"MI Ayuntamiento de Caudete\",\"description\":\"P\u00e1gina Oficial del MI Ayuntamiento de Caudete\",\"potentialAction\":[{\"@type\":\"SearchAction\",\"target\":{\"@type\":\"EntryPoint\",\"urlTemplate\":\"https:\\\/\\\/www.caudete.org\\\/ayuntamiento\\\/?s={search_term_string}\"},\"query-input\":{\"@type\":\"PropertyValueSpecification\",\"valueRequired\":true,\"valueName\":\"search_term_string\"}}],\"inLanguage\":\"es\"},{\"@type\":\"Person\",\"@id\":\"https:\\\/\\\/www.caudete.org\\\/ayuntamiento\\\/#\\\/schema\\\/person\\\/cc646da9133078ee4d8dd47457947253\",\"name\":\"alcalde\",\"image\":{\"@type\":\"ImageObject\",\"inLanguage\":\"es\",\"@id\":\"https:\\\/\\\/secure.gravatar.com\\\/avatar\\\/84a817ba065b29ff08d666b215a215f5c79186a645ccb25b14a663d48a130f77?s=96&d=mm&r=g\",\"url\":\"https:\\\/\\\/secure.gravatar.com\\\/avatar\\\/84a817ba065b29ff08d666b215a215f5c79186a645ccb25b14a663d48a130f77?s=96&d=mm&r=g\",\"contentUrl\":\"https:\\\/\\\/secure.gravatar.com\\\/avatar\\\/84a817ba065b29ff08d666b215a215f5c79186a645ccb25b14a663d48a130f77?s=96&d=mm&r=g\",\"caption\":\"alcalde\"},\"url\":\"https:\\\/\\\/www.caudete.org\\\/ayuntamiento\\\/author\\\/alcalde\\\/\"}]}<\/script>\n<!-- \/ Yoast SEO plugin. -->","yoast_head_json":{"title":"Restauradas todas las Mesas y Bancos del Parque \"Juan Bautista de Almaz\u00e1n\" - MI Ayuntamiento de Caudete","description":"P\u00e1gina Oficial del Ayuntamiento de Caudete (Albacete)","robots":{"index":"index","follow":"follow","max-snippet":"max-snippet:-1","max-image-preview":"max-image-preview:large","max-video-preview":"max-video-preview:-1"},"canonical":"https:\/\/www.caudete.org\/ayuntamiento\/restauradas-todas-las-mesas-y-bancos-del-parque-juan-bautista-de-almazan\/","og_locale":"es_ES","og_type":"article","og_title":"Restauradas todas las Mesas y Bancos del Parque \"Juan Bautista de Almaz\u00e1n\" - MI Ayuntamiento de Caudete","og_description":"P\u00e1gina Oficial del Ayuntamiento de Caudete (Albacete)","og_url":"https:\/\/www.caudete.org\/ayuntamiento\/restauradas-todas-las-mesas-y-bancos-del-parque-juan-bautista-de-almazan\/","og_site_name":"MI Ayuntamiento de Caudete","article_publisher":"https:\/\/www.facebook.com\/ayuntamientocaudete\/","article_published_time":"2022-09-28T07:00:00+00:00","og_image":[{"width":1387,"height":1044,"url":"https:\/\/www.caudete.org\/ayuntamiento\/wp-content\/uploads\/2022\/09\/33988b01-e3bc-43fc-9add-b52ca230d664.jpg","type":"image\/jpeg"}],"author":"alcalde","twitter_card":"summary_large_image","twitter_misc":{"Escrito por":"alcalde","Tiempo de lectura":"4 minutos"},"schema":{"@context":"https:\/\/schema.org","@graph":[{"@type":"Article","@id":"https:\/\/www.caudete.org\/ayuntamiento\/restauradas-todas-las-mesas-y-bancos-del-parque-juan-bautista-de-almazan\/#article","isPartOf":{"@id":"https:\/\/www.caudete.org\/ayuntamiento\/restauradas-todas-las-mesas-y-bancos-del-parque-juan-bautista-de-almazan\/"},"author":{"name":"alcalde","@id":"https:\/\/www.caudete.org\/ayuntamiento\/#\/schema\/person\/cc646da9133078ee4d8dd47457947253"},"headline":"Restauradas todas las Mesas y Bancos del Parque &#8220;Juan Bautista de Almaz\u00e1n&#8221;","datePublished":"2022-09-28T07:00:00+00:00","mainEntityOfPage":{"@id":"https:\/\/www.caudete.org\/ayuntamiento\/restauradas-todas-las-mesas-y-bancos-del-parque-juan-bautista-de-almazan\/"},"wordCount":173,"image":{"@id":"https:\/\/www.caudete.org\/ayuntamiento\/restauradas-todas-las-mesas-y-bancos-del-parque-juan-bautista-de-almazan\/#primaryimage"},"thumbnailUrl":"https:\/\/www.caudete.org\/ayuntamiento\/wp-content\/uploads\/2022\/09\/33988b01-e3bc-43fc-9add-b52ca230d664.jpg","articleSection":["Medio Ambiente"],"inLanguage":"es"},{"@type":"WebPage","@id":"https:\/\/www.caudete.org\/ayuntamiento\/restauradas-todas-las-mesas-y-bancos-del-parque-juan-bautista-de-almazan\/","url":"https:\/\/www.caudete.org\/ayuntamiento\/restauradas-todas-las-mesas-y-bancos-del-parque-juan-bautista-de-almazan\/","name":"Restauradas todas las Mesas y Bancos del Parque \"Juan Bautista de Almaz\u00e1n\" - MI Ayuntamiento de Caudete","isPartOf":{"@id":"https:\/\/www.caudete.org\/ayuntamiento\/#website"},"primaryImageOfPage":{"@id":"https:\/\/www.caudete.org\/ayuntamiento\/restauradas-todas-las-mesas-y-bancos-del-parque-juan-bautista-de-almazan\/#primaryimage"},"image":{"@id":"https:\/\/www.caudete.org\/ayuntamiento\/restauradas-todas-las-mesas-y-bancos-del-parque-juan-bautista-de-almazan\/#primaryimage"},"thumbnailUrl":"https:\/\/www.caudete.org\/ayuntamiento\/wp-content\/uploads\/2022\/09\/33988b01-e3bc-43fc-9add-b52ca230d664.jpg","datePublished":"2022-09-28T07:00:00+00:00","author":{"@id":"https:\/\/www.caudete.org\/ayuntamiento\/#\/schema\/person\/cc646da9133078ee4d8dd47457947253"},"description":"P\u00e1gina Oficial del Ayuntamiento de Caudete (Albacete)","breadcrumb":{"@id":"https:\/\/www.caudete.org\/ayuntamiento\/restauradas-todas-las-mesas-y-bancos-del-parque-juan-bautista-de-almazan\/#breadcrumb"},"inLanguage":"es","potentialAction":[{"@type":"ReadAction","target":["https:\/\/www.caudete.org\/ayuntamiento\/restauradas-todas-las-mesas-y-bancos-del-parque-juan-bautista-de-almazan\/"]}]},{"@type":"ImageObject","inLanguage":"es","@id":"https:\/\/www.caudete.org\/ayuntamiento\/restauradas-todas-las-mesas-y-bancos-del-parque-juan-bautista-de-almazan\/#primaryimage","url":"https:\/\/www.caudete.org\/ayuntamiento\/wp-content\/uploads\/2022\/09\/33988b01-e3bc-43fc-9add-b52ca230d664.jpg","contentUrl":"https:\/\/www.caudete.org\/ayuntamiento\/wp-content\/uploads\/2022\/09\/33988b01-e3bc-43fc-9add-b52ca230d664.jpg","width":1387,"height":1044},{"@type":"BreadcrumbList","@id":"https:\/\/www.caudete.org\/ayuntamiento\/restauradas-todas-las-mesas-y-bancos-del-parque-juan-bautista-de-almazan\/#breadcrumb","itemListElement":[{"@type":"ListItem","position":1,"name":"Inicio","item":"https:\/\/www.caudete.org\/ayuntamiento\/"},{"@type":"ListItem","position":2,"name":"Restauradas todas las Mesas y Bancos del Parque &#8220;Juan Bautista de Almaz\u00e1n&#8221;"}]},{"@type":"WebSite","@id":"https:\/\/www.caudete.org\/ayuntamiento\/#website","url":"https:\/\/www.caudete.org\/ayuntamiento\/","name":"MI Ayuntamiento de Caudete","description":"P\u00e1gina Oficial del MI Ayuntamiento de Caudete","potentialAction":[{"@type":"SearchAction","target":{"@type":"EntryPoint","urlTemplate":"https:\/\/www.caudete.org\/ayuntamiento\/?s={search_term_string}"},"query-input":{"@type":"PropertyValueSpecification","valueRequired":true,"valueName":"search_term_string"}}],"inLanguage":"es"},{"@type":"Person","@id":"https:\/\/www.caudete.org\/ayuntamiento\/#\/schema\/person\/cc646da9133078ee4d8dd47457947253","name":"alcalde","image":{"@type":"ImageObject","inLanguage":"es","@id":"https:\/\/secure.gravatar.com\/avatar\/84a817ba065b29ff08d666b215a215f5c79186a645ccb25b14a663d48a130f77?s=96&d=mm&r=g","url":"https:\/\/secure.gravatar.com\/avatar\/84a817ba065b29ff08d666b215a215f5c79186a645ccb25b14a663d48a130f77?s=96&d=mm&r=g","contentUrl":"https:\/\/secure.gravatar.com\/avatar\/84a817ba065b29ff08d666b215a215f5c79186a645ccb25b14a663d48a130f77?s=96&d=mm&r=g","caption":"alcalde"},"url":"https:\/\/www.caudete.org\/ayuntamiento\/author\/alcalde\/"}]}},"_links":{"self":[{"href":"https:\/\/www.caudete.org\/ayuntamiento\/wp-json\/wp\/v2\/posts\/20105","targetHints":{"allow":["GET"]}}],"collection":[{"href":"https:\/\/www.caudete.org\/ayuntamiento\/wp-json\/wp\/v2\/posts"}],"about":[{"href":"https:\/\/www.caudete.org\/ayuntamiento\/wp-json\/wp\/v2\/types\/post"}],"author":[{"embeddable":true,"href":"https:\/\/www.caudete.org\/ayuntamiento\/wp-json\/wp\/v2\/users\/3"}],"replies":[{"embeddable":true,"href":"https:\/\/www.caudete.org\/ayuntamiento\/wp-json\/wp\/v2\/comments?post=20105"}],"version-history":[{"count":3,"href":"https:\/\/www.caudete.org\/ayuntamiento\/wp-json\/wp\/v2\/posts\/20105\/revisions"}],"predecessor-version":[{"id":20122,"href":"https:\/\/www.caudete.org\/ayuntamiento\/wp-json\/wp\/v2\/posts\/20105\/revisions\/20122"}],"wp:featuredmedia":[{"embeddable":true,"href":"https:\/\/www.caudete.org\/ayuntamiento\/wp-json\/wp\/v2\/media\/20109"}],"wp:attachment":[{"href":"https:\/\/www.caudete.org\/ayuntamiento\/wp-json\/wp\/v2\/media?parent=20105"}],"wp:term":[{"taxonomy":"category","embeddable":true,"href":"https:\/\/www.caudete.org\/ayuntamiento\/wp-json\/wp\/v2\/categories?post=20105"},{"taxonomy":"post_tag","embeddable":true,"href":"https:\/\/www.caudete.org\/ayuntamiento\/wp-json\/wp\/v2\/tags?post=20105"}],"curies":[{"name":"wp","href":"https:\/\/api.w.org\/{rel}","templated":true}]}}