{"id":20123,"date":"2022-09-28T09:01:47","date_gmt":"2022-09-28T07:01:47","guid":{"rendered":"https:\/\/www.caudete.org\/ayuntamiento\/?p=20123"},"modified":"2022-09-27T22:33:02","modified_gmt":"2022-09-27T20:33:02","slug":"el-proximo-lunes-dara-comienzo-la-campana-arqueologica-en-el-castillo-durante-3-semanas","status":"publish","type":"post","link":"https:\/\/www.caudete.org\/ayuntamiento\/el-proximo-lunes-dara-comienzo-la-campana-arqueologica-en-el-castillo-durante-3-semanas\/","title":{"rendered":"El pr\u00f3ximo lunes dar\u00e1 comienzo la Campa\u00f1a Arqueol\u00f3gica en el CASTILLO durante 3 semanas"},"content":{"rendered":"<p>Diego Cuenca, Concejal de Patrimonio Hist\u00f3rico ha adelantado que los trabajos arqueol\u00f3gicos programados para este 2022 en el Castillo de la localidad dar\u00e1n comienzo el pr\u00f3ximo lunes.<\/p>\n<p>La empresa Arquealia, S.L. ser\u00e1 la encargada de dar continuidad al proyecto iniciado en el a\u00f1o 2000 y retomado en 2020 para investigar, recuperar y poner en valor la fortaleza caudetana. Una vez m\u00e1s, y por tercer a\u00f1o consecutivo, aquellos caudetanos que lo deseen pueden sumarse a los trabajos como voluntarios, siendo parte activa de la recuperaci\u00f3n de la historia y patrimonio local.<\/p>\n<p>Con un presupuesto de adjudicaci\u00f3n de 8.385&#8217;30\u20ac los trabajos tendr\u00e1n una duraci\u00f3n en campo de 3 semanas, mientras que de gabinete se estiman inicialmente en 4, dependiendo del material y estructuras que afloren en las excavaciones, que contar\u00e1n con 1 arque\u00f3logo y 2 operarios especializados.<\/p>\n<div id=\"attachment_20125\" style=\"width: 310px\" class=\"wp-caption aligncenter\"><a href=\"https:\/\/www.caudete.org\/ayuntamiento\/wp-content\/uploads\/2022\/09\/Captura-de-pantalla-2022-09-27-221108.jpg\" rel='prettyPhoto'><img fetchpriority=\"high\" decoding=\"async\" aria-describedby=\"caption-attachment-20125\" class=\"wp-image-20125 size-medium\" src=\"https:\/\/www.caudete.org\/ayuntamiento\/wp-content\/uploads\/2022\/09\/Captura-de-pantalla-2022-09-27-221108-300x190.jpg\" alt=\"\" width=\"300\" height=\"190\" srcset=\"https:\/\/www.caudete.org\/ayuntamiento\/wp-content\/uploads\/2022\/09\/Captura-de-pantalla-2022-09-27-221108-300x190.jpg 300w, https:\/\/www.caudete.org\/ayuntamiento\/wp-content\/uploads\/2022\/09\/Captura-de-pantalla-2022-09-27-221108-1024x648.jpg 1024w, https:\/\/www.caudete.org\/ayuntamiento\/wp-content\/uploads\/2022\/09\/Captura-de-pantalla-2022-09-27-221108-768x486.jpg 768w, https:\/\/www.caudete.org\/ayuntamiento\/wp-content\/uploads\/2022\/09\/Captura-de-pantalla-2022-09-27-221108.jpg 1166w\" sizes=\"(max-width: 300px) 100vw, 300px\" \/><\/a><p id=\"caption-attachment-20125\" class=\"wp-caption-text\">Vista general de las excavaciones realizadas en 2021<\/p><\/div>\n<p>El Edil informaba que el proyecto ha sido presentado a la convocatoria que el Instituto de Estudios Albacentenses ha emitido para la investigaci\u00f3n del patrimonio arqueol\u00f3gico local, estando pendiente su resoluci\u00f3n. No obstante, se ha optado por iniciar los trabajos toda vez que la autorizaci\u00f3n para realizar la excavaci\u00f3n otorgada por la JCCM ha sido favorable.<\/p>\n<p>Diego Cuenca explicaba que la intervenci\u00f3n arqueol\u00f3gica desarrollada el a\u00f1o pasado tiene continuidad en la ahora proyectada para conseguir exhumar en su totalidad los restos de la torre S.O. y el lienzo de muralla meridional entre las torres S.O. y la S.E que aflor\u00f3 hace casi 20 a\u00f1os, sobre una superficie inicial de estudio de aproximadamente 105 m<sup>2<\/sup>. Con ello, se trata pues de completar intervenciones que permitan corroborar y terminar de conocer la realidad de los restos conservados en el subsuelo, de cara a planificar una actuaci\u00f3n global en toda la fortaleza que acelere su recuperaci\u00f3n y puesta en valor.<\/p>\n<div id=\"attachment_20126\" style=\"width: 310px\" class=\"wp-caption aligncenter\"><a href=\"https:\/\/www.caudete.org\/ayuntamiento\/wp-content\/uploads\/2022\/09\/Captura-de-pantalla-2022-09-27-221013.jpg\" rel='prettyPhoto'><img decoding=\"async\" aria-describedby=\"caption-attachment-20126\" class=\"wp-image-20126 size-medium\" src=\"https:\/\/www.caudete.org\/ayuntamiento\/wp-content\/uploads\/2022\/09\/Captura-de-pantalla-2022-09-27-221013-300x193.jpg\" alt=\"\" width=\"300\" height=\"193\" srcset=\"https:\/\/www.caudete.org\/ayuntamiento\/wp-content\/uploads\/2022\/09\/Captura-de-pantalla-2022-09-27-221013-300x193.jpg 300w, https:\/\/www.caudete.org\/ayuntamiento\/wp-content\/uploads\/2022\/09\/Captura-de-pantalla-2022-09-27-221013-1024x659.jpg 1024w, https:\/\/www.caudete.org\/ayuntamiento\/wp-content\/uploads\/2022\/09\/Captura-de-pantalla-2022-09-27-221013-768x495.jpg 768w, https:\/\/www.caudete.org\/ayuntamiento\/wp-content\/uploads\/2022\/09\/Captura-de-pantalla-2022-09-27-221013.jpg 1073w\" sizes=\"(max-width: 300px) 100vw, 300px\" \/><\/a><p id=\"caption-attachment-20126\" class=\"wp-caption-text\">Extracto del plano de zonificaci\u00f3n del \u00e1rea de intervenci\u00f3n para la campa\u00f1a de 2022<\/p><\/div>\n","protected":false},"excerpt":{"rendered":"<p>Diego Cuenca, Concejal de Patrimonio Hist\u00f3rico ha adelantado que los trabajos arqueol\u00f3gicos programados para este 2022 en el Castillo de la localidad dar\u00e1n comienzo el pr\u00f3ximo lunes. La empresa Arquealia, S.L. ser\u00e1 la encargada de dar continuidad al proyecto iniciado en el a\u00f1o 2000 y retomado en 2020 para investigar, recuperar y poner en valor &hellip;<\/p>\n","protected":false},"author":3,"featured_media":20124,"comment_status":"closed","ping_status":"open","sticky":false,"template":"","format":"standard","meta":{"ngg_post_thumbnail":0,"footnotes":""},"categories":[45],"tags":[],"class_list":["post-20123","post","type-post","status-publish","format-standard","has-post-thumbnail","hentry","category-patrimonio"],"yoast_head":"<!-- This site is optimized with the Yoast SEO plugin v27.5 - https:\/\/yoast.com\/product\/yoast-seo-wordpress\/ -->\n<title>El pr\u00f3ximo lunes dar\u00e1 comienzo la Campa\u00f1a Arqueol\u00f3gica en el CASTILLO durante 3 semanas - MI Ayuntamiento de Caudete<\/title>\n<meta name=\"description\" content=\"P\u00e1gina Oficial del Ayuntamiento de Caudete (Albacete)\" \/>\n<meta name=\"robots\" content=\"index, follow, max-snippet:-1, max-image-preview:large, max-video-preview:-1\" \/>\n<link rel=\"canonical\" href=\"https:\/\/www.caudete.org\/ayuntamiento\/el-proximo-lunes-dara-comienzo-la-campana-arqueologica-en-el-castillo-durante-3-semanas\/\" \/>\n<meta property=\"og:locale\" content=\"es_ES\" \/>\n<meta property=\"og:type\" content=\"article\" \/>\n<meta property=\"og:title\" content=\"El pr\u00f3ximo lunes dar\u00e1 comienzo la Campa\u00f1a Arqueol\u00f3gica en el CASTILLO durante 3 semanas - MI Ayuntamiento de Caudete\" \/>\n<meta property=\"og:description\" content=\"P\u00e1gina Oficial del Ayuntamiento de Caudete (Albacete)\" \/>\n<meta property=\"og:url\" content=\"https:\/\/www.caudete.org\/ayuntamiento\/el-proximo-lunes-dara-comienzo-la-campana-arqueologica-en-el-castillo-durante-3-semanas\/\" \/>\n<meta property=\"og:site_name\" content=\"MI Ayuntamiento de Caudete\" \/>\n<meta property=\"article:publisher\" content=\"https:\/\/www.facebook.com\/ayuntamientocaudete\/\" \/>\n<meta property=\"article:published_time\" content=\"2022-09-28T07:01:47+00:00\" \/>\n<meta property=\"og:image\" content=\"https:\/\/www.caudete.org\/ayuntamiento\/wp-content\/uploads\/2022\/09\/Captura-de-pantalla-2022-09-27-220715.jpg\" \/>\n\t<meta property=\"og:image:width\" content=\"1090\" \/>\n\t<meta property=\"og:image:height\" content=\"791\" \/>\n\t<meta property=\"og:image:type\" content=\"image\/jpeg\" \/>\n<meta name=\"author\" content=\"alcalde\" \/>\n<meta name=\"twitter:card\" content=\"summary_large_image\" \/>\n<meta name=\"twitter:label1\" content=\"Escrito por\" \/>\n\t<meta name=\"twitter:data1\" content=\"alcalde\" \/>\n\t<meta name=\"twitter:label2\" content=\"Tiempo de lectura\" \/>\n\t<meta name=\"twitter:data2\" content=\"2 minutos\" \/>\n<script type=\"application\/ld+json\" class=\"yoast-schema-graph\">{\"@context\":\"https:\\\/\\\/schema.org\",\"@graph\":[{\"@type\":\"Article\",\"@id\":\"https:\\\/\\\/www.caudete.org\\\/ayuntamiento\\\/el-proximo-lunes-dara-comienzo-la-campana-arqueologica-en-el-castillo-durante-3-semanas\\\/#article\",\"isPartOf\":{\"@id\":\"https:\\\/\\\/www.caudete.org\\\/ayuntamiento\\\/el-proximo-lunes-dara-comienzo-la-campana-arqueologica-en-el-castillo-durante-3-semanas\\\/\"},\"author\":{\"name\":\"alcalde\",\"@id\":\"https:\\\/\\\/www.caudete.org\\\/ayuntamiento\\\/#\\\/schema\\\/person\\\/cc646da9133078ee4d8dd47457947253\"},\"headline\":\"El pr\u00f3ximo lunes dar\u00e1 comienzo la Campa\u00f1a Arqueol\u00f3gica en el CASTILLO durante 3 semanas\",\"datePublished\":\"2022-09-28T07:01:47+00:00\",\"mainEntityOfPage\":{\"@id\":\"https:\\\/\\\/www.caudete.org\\\/ayuntamiento\\\/el-proximo-lunes-dara-comienzo-la-campana-arqueologica-en-el-castillo-durante-3-semanas\\\/\"},\"wordCount\":363,\"image\":{\"@id\":\"https:\\\/\\\/www.caudete.org\\\/ayuntamiento\\\/el-proximo-lunes-dara-comienzo-la-campana-arqueologica-en-el-castillo-durante-3-semanas\\\/#primaryimage\"},\"thumbnailUrl\":\"https:\\\/\\\/www.caudete.org\\\/ayuntamiento\\\/wp-content\\\/uploads\\\/2022\\\/09\\\/Captura-de-pantalla-2022-09-27-220715.jpg\",\"articleSection\":[\"Patrimonio\"],\"inLanguage\":\"es\"},{\"@type\":\"WebPage\",\"@id\":\"https:\\\/\\\/www.caudete.org\\\/ayuntamiento\\\/el-proximo-lunes-dara-comienzo-la-campana-arqueologica-en-el-castillo-durante-3-semanas\\\/\",\"url\":\"https:\\\/\\\/www.caudete.org\\\/ayuntamiento\\\/el-proximo-lunes-dara-comienzo-la-campana-arqueologica-en-el-castillo-durante-3-semanas\\\/\",\"name\":\"El pr\u00f3ximo lunes dar\u00e1 comienzo la Campa\u00f1a Arqueol\u00f3gica en el CASTILLO durante 3 semanas - MI Ayuntamiento de Caudete\",\"isPartOf\":{\"@id\":\"https:\\\/\\\/www.caudete.org\\\/ayuntamiento\\\/#website\"},\"primaryImageOfPage\":{\"@id\":\"https:\\\/\\\/www.caudete.org\\\/ayuntamiento\\\/el-proximo-lunes-dara-comienzo-la-campana-arqueologica-en-el-castillo-durante-3-semanas\\\/#primaryimage\"},\"image\":{\"@id\":\"https:\\\/\\\/www.caudete.org\\\/ayuntamiento\\\/el-proximo-lunes-dara-comienzo-la-campana-arqueologica-en-el-castillo-durante-3-semanas\\\/#primaryimage\"},\"thumbnailUrl\":\"https:\\\/\\\/www.caudete.org\\\/ayuntamiento\\\/wp-content\\\/uploads\\\/2022\\\/09\\\/Captura-de-pantalla-2022-09-27-220715.jpg\",\"datePublished\":\"2022-09-28T07:01:47+00:00\",\"author\":{\"@id\":\"https:\\\/\\\/www.caudete.org\\\/ayuntamiento\\\/#\\\/schema\\\/person\\\/cc646da9133078ee4d8dd47457947253\"},\"description\":\"P\u00e1gina Oficial del Ayuntamiento de Caudete (Albacete)\",\"breadcrumb\":{\"@id\":\"https:\\\/\\\/www.caudete.org\\\/ayuntamiento\\\/el-proximo-lunes-dara-comienzo-la-campana-arqueologica-en-el-castillo-durante-3-semanas\\\/#breadcrumb\"},\"inLanguage\":\"es\",\"potentialAction\":[{\"@type\":\"ReadAction\",\"target\":[\"https:\\\/\\\/www.caudete.org\\\/ayuntamiento\\\/el-proximo-lunes-dara-comienzo-la-campana-arqueologica-en-el-castillo-durante-3-semanas\\\/\"]}]},{\"@type\":\"ImageObject\",\"inLanguage\":\"es\",\"@id\":\"https:\\\/\\\/www.caudete.org\\\/ayuntamiento\\\/el-proximo-lunes-dara-comienzo-la-campana-arqueologica-en-el-castillo-durante-3-semanas\\\/#primaryimage\",\"url\":\"https:\\\/\\\/www.caudete.org\\\/ayuntamiento\\\/wp-content\\\/uploads\\\/2022\\\/09\\\/Captura-de-pantalla-2022-09-27-220715.jpg\",\"contentUrl\":\"https:\\\/\\\/www.caudete.org\\\/ayuntamiento\\\/wp-content\\\/uploads\\\/2022\\\/09\\\/Captura-de-pantalla-2022-09-27-220715.jpg\",\"width\":1090,\"height\":791},{\"@type\":\"BreadcrumbList\",\"@id\":\"https:\\\/\\\/www.caudete.org\\\/ayuntamiento\\\/el-proximo-lunes-dara-comienzo-la-campana-arqueologica-en-el-castillo-durante-3-semanas\\\/#breadcrumb\",\"itemListElement\":[{\"@type\":\"ListItem\",\"position\":1,\"name\":\"Inicio\",\"item\":\"https:\\\/\\\/www.caudete.org\\\/ayuntamiento\\\/\"},{\"@type\":\"ListItem\",\"position\":2,\"name\":\"El pr\u00f3ximo lunes dar\u00e1 comienzo la Campa\u00f1a Arqueol\u00f3gica en el CASTILLO durante 3 semanas\"}]},{\"@type\":\"WebSite\",\"@id\":\"https:\\\/\\\/www.caudete.org\\\/ayuntamiento\\\/#website\",\"url\":\"https:\\\/\\\/www.caudete.org\\\/ayuntamiento\\\/\",\"name\":\"MI Ayuntamiento de Caudete\",\"description\":\"P\u00e1gina Oficial del MI Ayuntamiento de Caudete\",\"potentialAction\":[{\"@type\":\"SearchAction\",\"target\":{\"@type\":\"EntryPoint\",\"urlTemplate\":\"https:\\\/\\\/www.caudete.org\\\/ayuntamiento\\\/?s={search_term_string}\"},\"query-input\":{\"@type\":\"PropertyValueSpecification\",\"valueRequired\":true,\"valueName\":\"search_term_string\"}}],\"inLanguage\":\"es\"},{\"@type\":\"Person\",\"@id\":\"https:\\\/\\\/www.caudete.org\\\/ayuntamiento\\\/#\\\/schema\\\/person\\\/cc646da9133078ee4d8dd47457947253\",\"name\":\"alcalde\",\"image\":{\"@type\":\"ImageObject\",\"inLanguage\":\"es\",\"@id\":\"https:\\\/\\\/secure.gravatar.com\\\/avatar\\\/84a817ba065b29ff08d666b215a215f5c79186a645ccb25b14a663d48a130f77?s=96&d=mm&r=g\",\"url\":\"https:\\\/\\\/secure.gravatar.com\\\/avatar\\\/84a817ba065b29ff08d666b215a215f5c79186a645ccb25b14a663d48a130f77?s=96&d=mm&r=g\",\"contentUrl\":\"https:\\\/\\\/secure.gravatar.com\\\/avatar\\\/84a817ba065b29ff08d666b215a215f5c79186a645ccb25b14a663d48a130f77?s=96&d=mm&r=g\",\"caption\":\"alcalde\"},\"url\":\"https:\\\/\\\/www.caudete.org\\\/ayuntamiento\\\/author\\\/alcalde\\\/\"}]}<\/script>\n<!-- \/ Yoast SEO plugin. -->","yoast_head_json":{"title":"El pr\u00f3ximo lunes dar\u00e1 comienzo la Campa\u00f1a Arqueol\u00f3gica en el CASTILLO durante 3 semanas - MI Ayuntamiento de Caudete","description":"P\u00e1gina Oficial del Ayuntamiento de Caudete (Albacete)","robots":{"index":"index","follow":"follow","max-snippet":"max-snippet:-1","max-image-preview":"max-image-preview:large","max-video-preview":"max-video-preview:-1"},"canonical":"https:\/\/www.caudete.org\/ayuntamiento\/el-proximo-lunes-dara-comienzo-la-campana-arqueologica-en-el-castillo-durante-3-semanas\/","og_locale":"es_ES","og_type":"article","og_title":"El pr\u00f3ximo lunes dar\u00e1 comienzo la Campa\u00f1a Arqueol\u00f3gica en el CASTILLO durante 3 semanas - MI Ayuntamiento de Caudete","og_description":"P\u00e1gina Oficial del Ayuntamiento de Caudete (Albacete)","og_url":"https:\/\/www.caudete.org\/ayuntamiento\/el-proximo-lunes-dara-comienzo-la-campana-arqueologica-en-el-castillo-durante-3-semanas\/","og_site_name":"MI Ayuntamiento de Caudete","article_publisher":"https:\/\/www.facebook.com\/ayuntamientocaudete\/","article_published_time":"2022-09-28T07:01:47+00:00","og_image":[{"width":1090,"height":791,"url":"https:\/\/www.caudete.org\/ayuntamiento\/wp-content\/uploads\/2022\/09\/Captura-de-pantalla-2022-09-27-220715.jpg","type":"image\/jpeg"}],"author":"alcalde","twitter_card":"summary_large_image","twitter_misc":{"Escrito por":"alcalde","Tiempo de lectura":"2 minutos"},"schema":{"@context":"https:\/\/schema.org","@graph":[{"@type":"Article","@id":"https:\/\/www.caudete.org\/ayuntamiento\/el-proximo-lunes-dara-comienzo-la-campana-arqueologica-en-el-castillo-durante-3-semanas\/#article","isPartOf":{"@id":"https:\/\/www.caudete.org\/ayuntamiento\/el-proximo-lunes-dara-comienzo-la-campana-arqueologica-en-el-castillo-durante-3-semanas\/"},"author":{"name":"alcalde","@id":"https:\/\/www.caudete.org\/ayuntamiento\/#\/schema\/person\/cc646da9133078ee4d8dd47457947253"},"headline":"El pr\u00f3ximo lunes dar\u00e1 comienzo la Campa\u00f1a Arqueol\u00f3gica en el CASTILLO durante 3 semanas","datePublished":"2022-09-28T07:01:47+00:00","mainEntityOfPage":{"@id":"https:\/\/www.caudete.org\/ayuntamiento\/el-proximo-lunes-dara-comienzo-la-campana-arqueologica-en-el-castillo-durante-3-semanas\/"},"wordCount":363,"image":{"@id":"https:\/\/www.caudete.org\/ayuntamiento\/el-proximo-lunes-dara-comienzo-la-campana-arqueologica-en-el-castillo-durante-3-semanas\/#primaryimage"},"thumbnailUrl":"https:\/\/www.caudete.org\/ayuntamiento\/wp-content\/uploads\/2022\/09\/Captura-de-pantalla-2022-09-27-220715.jpg","articleSection":["Patrimonio"],"inLanguage":"es"},{"@type":"WebPage","@id":"https:\/\/www.caudete.org\/ayuntamiento\/el-proximo-lunes-dara-comienzo-la-campana-arqueologica-en-el-castillo-durante-3-semanas\/","url":"https:\/\/www.caudete.org\/ayuntamiento\/el-proximo-lunes-dara-comienzo-la-campana-arqueologica-en-el-castillo-durante-3-semanas\/","name":"El pr\u00f3ximo lunes dar\u00e1 comienzo la Campa\u00f1a Arqueol\u00f3gica en el CASTILLO durante 3 semanas - MI Ayuntamiento de Caudete","isPartOf":{"@id":"https:\/\/www.caudete.org\/ayuntamiento\/#website"},"primaryImageOfPage":{"@id":"https:\/\/www.caudete.org\/ayuntamiento\/el-proximo-lunes-dara-comienzo-la-campana-arqueologica-en-el-castillo-durante-3-semanas\/#primaryimage"},"image":{"@id":"https:\/\/www.caudete.org\/ayuntamiento\/el-proximo-lunes-dara-comienzo-la-campana-arqueologica-en-el-castillo-durante-3-semanas\/#primaryimage"},"thumbnailUrl":"https:\/\/www.caudete.org\/ayuntamiento\/wp-content\/uploads\/2022\/09\/Captura-de-pantalla-2022-09-27-220715.jpg","datePublished":"2022-09-28T07:01:47+00:00","author":{"@id":"https:\/\/www.caudete.org\/ayuntamiento\/#\/schema\/person\/cc646da9133078ee4d8dd47457947253"},"description":"P\u00e1gina Oficial del Ayuntamiento de Caudete (Albacete)","breadcrumb":{"@id":"https:\/\/www.caudete.org\/ayuntamiento\/el-proximo-lunes-dara-comienzo-la-campana-arqueologica-en-el-castillo-durante-3-semanas\/#breadcrumb"},"inLanguage":"es","potentialAction":[{"@type":"ReadAction","target":["https:\/\/www.caudete.org\/ayuntamiento\/el-proximo-lunes-dara-comienzo-la-campana-arqueologica-en-el-castillo-durante-3-semanas\/"]}]},{"@type":"ImageObject","inLanguage":"es","@id":"https:\/\/www.caudete.org\/ayuntamiento\/el-proximo-lunes-dara-comienzo-la-campana-arqueologica-en-el-castillo-durante-3-semanas\/#primaryimage","url":"https:\/\/www.caudete.org\/ayuntamiento\/wp-content\/uploads\/2022\/09\/Captura-de-pantalla-2022-09-27-220715.jpg","contentUrl":"https:\/\/www.caudete.org\/ayuntamiento\/wp-content\/uploads\/2022\/09\/Captura-de-pantalla-2022-09-27-220715.jpg","width":1090,"height":791},{"@type":"BreadcrumbList","@id":"https:\/\/www.caudete.org\/ayuntamiento\/el-proximo-lunes-dara-comienzo-la-campana-arqueologica-en-el-castillo-durante-3-semanas\/#breadcrumb","itemListElement":[{"@type":"ListItem","position":1,"name":"Inicio","item":"https:\/\/www.caudete.org\/ayuntamiento\/"},{"@type":"ListItem","position":2,"name":"El pr\u00f3ximo lunes dar\u00e1 comienzo la Campa\u00f1a Arqueol\u00f3gica en el CASTILLO durante 3 semanas"}]},{"@type":"WebSite","@id":"https:\/\/www.caudete.org\/ayuntamiento\/#website","url":"https:\/\/www.caudete.org\/ayuntamiento\/","name":"MI Ayuntamiento de Caudete","description":"P\u00e1gina Oficial del MI Ayuntamiento de Caudete","potentialAction":[{"@type":"SearchAction","target":{"@type":"EntryPoint","urlTemplate":"https:\/\/www.caudete.org\/ayuntamiento\/?s={search_term_string}"},"query-input":{"@type":"PropertyValueSpecification","valueRequired":true,"valueName":"search_term_string"}}],"inLanguage":"es"},{"@type":"Person","@id":"https:\/\/www.caudete.org\/ayuntamiento\/#\/schema\/person\/cc646da9133078ee4d8dd47457947253","name":"alcalde","image":{"@type":"ImageObject","inLanguage":"es","@id":"https:\/\/secure.gravatar.com\/avatar\/84a817ba065b29ff08d666b215a215f5c79186a645ccb25b14a663d48a130f77?s=96&d=mm&r=g","url":"https:\/\/secure.gravatar.com\/avatar\/84a817ba065b29ff08d666b215a215f5c79186a645ccb25b14a663d48a130f77?s=96&d=mm&r=g","contentUrl":"https:\/\/secure.gravatar.com\/avatar\/84a817ba065b29ff08d666b215a215f5c79186a645ccb25b14a663d48a130f77?s=96&d=mm&r=g","caption":"alcalde"},"url":"https:\/\/www.caudete.org\/ayuntamiento\/author\/alcalde\/"}]}},"_links":{"self":[{"href":"https:\/\/www.caudete.org\/ayuntamiento\/wp-json\/wp\/v2\/posts\/20123","targetHints":{"allow":["GET"]}}],"collection":[{"href":"https:\/\/www.caudete.org\/ayuntamiento\/wp-json\/wp\/v2\/posts"}],"about":[{"href":"https:\/\/www.caudete.org\/ayuntamiento\/wp-json\/wp\/v2\/types\/post"}],"author":[{"embeddable":true,"href":"https:\/\/www.caudete.org\/ayuntamiento\/wp-json\/wp\/v2\/users\/3"}],"replies":[{"embeddable":true,"href":"https:\/\/www.caudete.org\/ayuntamiento\/wp-json\/wp\/v2\/comments?post=20123"}],"version-history":[{"count":1,"href":"https:\/\/www.caudete.org\/ayuntamiento\/wp-json\/wp\/v2\/posts\/20123\/revisions"}],"predecessor-version":[{"id":20127,"href":"https:\/\/www.caudete.org\/ayuntamiento\/wp-json\/wp\/v2\/posts\/20123\/revisions\/20127"}],"wp:featuredmedia":[{"embeddable":true,"href":"https:\/\/www.caudete.org\/ayuntamiento\/wp-json\/wp\/v2\/media\/20124"}],"wp:attachment":[{"href":"https:\/\/www.caudete.org\/ayuntamiento\/wp-json\/wp\/v2\/media?parent=20123"}],"wp:term":[{"taxonomy":"category","embeddable":true,"href":"https:\/\/www.caudete.org\/ayuntamiento\/wp-json\/wp\/v2\/categories?post=20123"},{"taxonomy":"post_tag","embeddable":true,"href":"https:\/\/www.caudete.org\/ayuntamiento\/wp-json\/wp\/v2\/tags?post=20123"}],"curies":[{"name":"wp","href":"https:\/\/api.w.org\/{rel}","templated":true}]}}