{"id":20297,"date":"2022-10-12T19:20:14","date_gmt":"2022-10-12T17:20:14","guid":{"rendered":"https:\/\/www.caudete.org\/ayuntamiento\/?p=20297"},"modified":"2022-10-12T19:20:31","modified_gmt":"2022-10-12T17:20:31","slug":"una-replica-en-goma-eva-y-carton-del-farol-de-alborada-es-entregada-al-ayuntamiento","status":"publish","type":"post","link":"https:\/\/www.caudete.org\/ayuntamiento\/una-replica-en-goma-eva-y-carton-del-farol-de-alborada-es-entregada-al-ayuntamiento\/","title":{"rendered":"Una r\u00e9plica en goma eva y cart\u00f3n del FAROL DE ALBORADA es entregada al Ayuntamiento"},"content":{"rendered":"<p style=\"text-align: justify;\">El pasado viernes el Sal\u00f3n de Plenos acog\u00eda un peque\u00f1o acto por el que Inma, madre de un alumno del CEIP Gloria Fuertes, donaba al Consistorio una r\u00e9plica del Farol municipal de <em>La Alborada<\/em>, realizado en cart\u00f3n y goma eva como materiales principales.<\/p>\n<p style=\"text-align: justify;\">Altruistamente, Inma confeccion\u00f3 todos los Faroles festeros hace m\u00e1s de tres a\u00f1os para una actividad realizada por el Colegio donde las Fiestas Patronales de Moros y Cristianos eran el eje principal. Desde entonces, aguardaba este momento de entregar al Ayuntamiento este objeto que a\u00f1o tras a\u00f1o, su original, suma popularidad entre los caudetanos.<\/p>\n<p style=\"text-align: justify;\">La Concejal de Fiestas, Mar\u00eda del Mar Requena agradec\u00eda a Inma su trabajo, y el detalle de donarlo, transmiti\u00e9ndole que estar\u00e1 a buen recaudo.<\/p>\n<p style=\"text-align: justify;\">Por su parte, y para finalizar el acto, el Alcalde Mois\u00e9s L\u00f3pez se sumaba al agradecimiento, y lo hac\u00eda extensivo al CEIP Gloria Fuertes, pues iniciativas y actividades como la realizada con los faroles, no solo favorecen la implicaci\u00f3n de las familias con el centro, sino que son un pulm\u00f3n importante para ense\u00f1ar, defender y potenciar nuestras se\u00f1as de identidad, nuestras tradiciones y fiestas.<\/p>\n<p><a href=\"https:\/\/www.caudete.org\/ayuntamiento\/wp-content\/uploads\/2022\/10\/477_5593_01.jpg\" rel='prettyPhoto'><img fetchpriority=\"high\" decoding=\"async\" class=\"aligncenter wp-image-20298 size-medium\" src=\"https:\/\/www.caudete.org\/ayuntamiento\/wp-content\/uploads\/2022\/10\/477_5593_01-300x169.jpg\" alt=\"\" width=\"300\" height=\"169\" srcset=\"https:\/\/www.caudete.org\/ayuntamiento\/wp-content\/uploads\/2022\/10\/477_5593_01-300x169.jpg 300w, https:\/\/www.caudete.org\/ayuntamiento\/wp-content\/uploads\/2022\/10\/477_5593_01-1024x576.jpg 1024w, https:\/\/www.caudete.org\/ayuntamiento\/wp-content\/uploads\/2022\/10\/477_5593_01-768x432.jpg 768w, https:\/\/www.caudete.org\/ayuntamiento\/wp-content\/uploads\/2022\/10\/477_5593_01-1536x864.jpg 1536w, https:\/\/www.caudete.org\/ayuntamiento\/wp-content\/uploads\/2022\/10\/477_5593_01.jpg 1920w\" sizes=\"(max-width: 300px) 100vw, 300px\" \/><\/a><\/p>\n","protected":false},"excerpt":{"rendered":"<p>El pasado viernes el Sal\u00f3n de Plenos acog\u00eda un peque\u00f1o acto por el que Inma, madre de un alumno del CEIP Gloria Fuertes, donaba al Consistorio una r\u00e9plica del Farol municipal de La Alborada, realizado en cart\u00f3n y goma eva como materiales principales. Altruistamente, Inma confeccion\u00f3 todos los Faroles festeros hace m\u00e1s de tres a\u00f1os &hellip;<\/p>\n","protected":false},"author":3,"featured_media":20298,"comment_status":"closed","ping_status":"open","sticky":false,"template":"","format":"standard","meta":{"ngg_post_thumbnail":0,"footnotes":""},"categories":[31],"tags":[],"class_list":["post-20297","post","type-post","status-publish","format-standard","has-post-thumbnail","hentry","category-fiestas"],"yoast_head":"<!-- This site is optimized with the Yoast SEO plugin v27.5 - https:\/\/yoast.com\/product\/yoast-seo-wordpress\/ -->\n<title>Una r\u00e9plica en goma eva y cart\u00f3n del FAROL DE ALBORADA es entregada al Ayuntamiento - MI Ayuntamiento de Caudete<\/title>\n<meta name=\"description\" content=\"P\u00e1gina Oficial del Ayuntamiento de Caudete (Albacete)\" \/>\n<meta name=\"robots\" content=\"index, follow, max-snippet:-1, max-image-preview:large, max-video-preview:-1\" \/>\n<link rel=\"canonical\" href=\"https:\/\/www.caudete.org\/ayuntamiento\/una-replica-en-goma-eva-y-carton-del-farol-de-alborada-es-entregada-al-ayuntamiento\/\" \/>\n<meta property=\"og:locale\" content=\"es_ES\" \/>\n<meta property=\"og:type\" content=\"article\" \/>\n<meta property=\"og:title\" content=\"Una r\u00e9plica en goma eva y cart\u00f3n del FAROL DE ALBORADA es entregada al Ayuntamiento - MI Ayuntamiento de Caudete\" \/>\n<meta property=\"og:description\" content=\"P\u00e1gina Oficial del Ayuntamiento de Caudete (Albacete)\" \/>\n<meta property=\"og:url\" content=\"https:\/\/www.caudete.org\/ayuntamiento\/una-replica-en-goma-eva-y-carton-del-farol-de-alborada-es-entregada-al-ayuntamiento\/\" \/>\n<meta property=\"og:site_name\" content=\"MI Ayuntamiento de Caudete\" \/>\n<meta property=\"article:publisher\" content=\"https:\/\/www.facebook.com\/ayuntamientocaudete\/\" \/>\n<meta property=\"article:published_time\" content=\"2022-10-12T17:20:14+00:00\" \/>\n<meta property=\"article:modified_time\" content=\"2022-10-12T17:20:31+00:00\" \/>\n<meta property=\"og:image\" content=\"https:\/\/www.caudete.org\/ayuntamiento\/wp-content\/uploads\/2022\/10\/477_5593_01.jpg\" \/>\n\t<meta property=\"og:image:width\" content=\"1920\" \/>\n\t<meta property=\"og:image:height\" content=\"1080\" \/>\n\t<meta property=\"og:image:type\" content=\"image\/jpeg\" \/>\n<meta name=\"author\" content=\"alcalde\" \/>\n<meta name=\"twitter:card\" content=\"summary_large_image\" \/>\n<meta name=\"twitter:label1\" content=\"Escrito por\" \/>\n\t<meta name=\"twitter:data1\" content=\"alcalde\" \/>\n\t<meta name=\"twitter:label2\" content=\"Tiempo de lectura\" \/>\n\t<meta name=\"twitter:data2\" content=\"2 minutos\" \/>\n<script type=\"application\/ld+json\" class=\"yoast-schema-graph\">{\"@context\":\"https:\\\/\\\/schema.org\",\"@graph\":[{\"@type\":\"Article\",\"@id\":\"https:\\\/\\\/www.caudete.org\\\/ayuntamiento\\\/una-replica-en-goma-eva-y-carton-del-farol-de-alborada-es-entregada-al-ayuntamiento\\\/#article\",\"isPartOf\":{\"@id\":\"https:\\\/\\\/www.caudete.org\\\/ayuntamiento\\\/una-replica-en-goma-eva-y-carton-del-farol-de-alborada-es-entregada-al-ayuntamiento\\\/\"},\"author\":{\"name\":\"alcalde\",\"@id\":\"https:\\\/\\\/www.caudete.org\\\/ayuntamiento\\\/#\\\/schema\\\/person\\\/cc646da9133078ee4d8dd47457947253\"},\"headline\":\"Una r\u00e9plica en goma eva y cart\u00f3n del FAROL DE ALBORADA es entregada al Ayuntamiento\",\"datePublished\":\"2022-10-12T17:20:14+00:00\",\"dateModified\":\"2022-10-12T17:20:31+00:00\",\"mainEntityOfPage\":{\"@id\":\"https:\\\/\\\/www.caudete.org\\\/ayuntamiento\\\/una-replica-en-goma-eva-y-carton-del-farol-de-alborada-es-entregada-al-ayuntamiento\\\/\"},\"wordCount\":220,\"image\":{\"@id\":\"https:\\\/\\\/www.caudete.org\\\/ayuntamiento\\\/una-replica-en-goma-eva-y-carton-del-farol-de-alborada-es-entregada-al-ayuntamiento\\\/#primaryimage\"},\"thumbnailUrl\":\"https:\\\/\\\/www.caudete.org\\\/ayuntamiento\\\/wp-content\\\/uploads\\\/2022\\\/10\\\/477_5593_01.jpg\",\"articleSection\":[\"Fiestas\"],\"inLanguage\":\"es\"},{\"@type\":\"WebPage\",\"@id\":\"https:\\\/\\\/www.caudete.org\\\/ayuntamiento\\\/una-replica-en-goma-eva-y-carton-del-farol-de-alborada-es-entregada-al-ayuntamiento\\\/\",\"url\":\"https:\\\/\\\/www.caudete.org\\\/ayuntamiento\\\/una-replica-en-goma-eva-y-carton-del-farol-de-alborada-es-entregada-al-ayuntamiento\\\/\",\"name\":\"Una r\u00e9plica en goma eva y cart\u00f3n del FAROL DE ALBORADA es entregada al Ayuntamiento - MI Ayuntamiento de Caudete\",\"isPartOf\":{\"@id\":\"https:\\\/\\\/www.caudete.org\\\/ayuntamiento\\\/#website\"},\"primaryImageOfPage\":{\"@id\":\"https:\\\/\\\/www.caudete.org\\\/ayuntamiento\\\/una-replica-en-goma-eva-y-carton-del-farol-de-alborada-es-entregada-al-ayuntamiento\\\/#primaryimage\"},\"image\":{\"@id\":\"https:\\\/\\\/www.caudete.org\\\/ayuntamiento\\\/una-replica-en-goma-eva-y-carton-del-farol-de-alborada-es-entregada-al-ayuntamiento\\\/#primaryimage\"},\"thumbnailUrl\":\"https:\\\/\\\/www.caudete.org\\\/ayuntamiento\\\/wp-content\\\/uploads\\\/2022\\\/10\\\/477_5593_01.jpg\",\"datePublished\":\"2022-10-12T17:20:14+00:00\",\"dateModified\":\"2022-10-12T17:20:31+00:00\",\"author\":{\"@id\":\"https:\\\/\\\/www.caudete.org\\\/ayuntamiento\\\/#\\\/schema\\\/person\\\/cc646da9133078ee4d8dd47457947253\"},\"description\":\"P\u00e1gina Oficial del Ayuntamiento de Caudete (Albacete)\",\"breadcrumb\":{\"@id\":\"https:\\\/\\\/www.caudete.org\\\/ayuntamiento\\\/una-replica-en-goma-eva-y-carton-del-farol-de-alborada-es-entregada-al-ayuntamiento\\\/#breadcrumb\"},\"inLanguage\":\"es\",\"potentialAction\":[{\"@type\":\"ReadAction\",\"target\":[\"https:\\\/\\\/www.caudete.org\\\/ayuntamiento\\\/una-replica-en-goma-eva-y-carton-del-farol-de-alborada-es-entregada-al-ayuntamiento\\\/\"]}]},{\"@type\":\"ImageObject\",\"inLanguage\":\"es\",\"@id\":\"https:\\\/\\\/www.caudete.org\\\/ayuntamiento\\\/una-replica-en-goma-eva-y-carton-del-farol-de-alborada-es-entregada-al-ayuntamiento\\\/#primaryimage\",\"url\":\"https:\\\/\\\/www.caudete.org\\\/ayuntamiento\\\/wp-content\\\/uploads\\\/2022\\\/10\\\/477_5593_01.jpg\",\"contentUrl\":\"https:\\\/\\\/www.caudete.org\\\/ayuntamiento\\\/wp-content\\\/uploads\\\/2022\\\/10\\\/477_5593_01.jpg\",\"width\":1920,\"height\":1080},{\"@type\":\"BreadcrumbList\",\"@id\":\"https:\\\/\\\/www.caudete.org\\\/ayuntamiento\\\/una-replica-en-goma-eva-y-carton-del-farol-de-alborada-es-entregada-al-ayuntamiento\\\/#breadcrumb\",\"itemListElement\":[{\"@type\":\"ListItem\",\"position\":1,\"name\":\"Inicio\",\"item\":\"https:\\\/\\\/www.caudete.org\\\/ayuntamiento\\\/\"},{\"@type\":\"ListItem\",\"position\":2,\"name\":\"Una r\u00e9plica en goma eva y cart\u00f3n del FAROL DE ALBORADA es entregada al Ayuntamiento\"}]},{\"@type\":\"WebSite\",\"@id\":\"https:\\\/\\\/www.caudete.org\\\/ayuntamiento\\\/#website\",\"url\":\"https:\\\/\\\/www.caudete.org\\\/ayuntamiento\\\/\",\"name\":\"MI Ayuntamiento de Caudete\",\"description\":\"P\u00e1gina Oficial del MI Ayuntamiento de Caudete\",\"potentialAction\":[{\"@type\":\"SearchAction\",\"target\":{\"@type\":\"EntryPoint\",\"urlTemplate\":\"https:\\\/\\\/www.caudete.org\\\/ayuntamiento\\\/?s={search_term_string}\"},\"query-input\":{\"@type\":\"PropertyValueSpecification\",\"valueRequired\":true,\"valueName\":\"search_term_string\"}}],\"inLanguage\":\"es\"},{\"@type\":\"Person\",\"@id\":\"https:\\\/\\\/www.caudete.org\\\/ayuntamiento\\\/#\\\/schema\\\/person\\\/cc646da9133078ee4d8dd47457947253\",\"name\":\"alcalde\",\"image\":{\"@type\":\"ImageObject\",\"inLanguage\":\"es\",\"@id\":\"https:\\\/\\\/secure.gravatar.com\\\/avatar\\\/84a817ba065b29ff08d666b215a215f5c79186a645ccb25b14a663d48a130f77?s=96&d=mm&r=g\",\"url\":\"https:\\\/\\\/secure.gravatar.com\\\/avatar\\\/84a817ba065b29ff08d666b215a215f5c79186a645ccb25b14a663d48a130f77?s=96&d=mm&r=g\",\"contentUrl\":\"https:\\\/\\\/secure.gravatar.com\\\/avatar\\\/84a817ba065b29ff08d666b215a215f5c79186a645ccb25b14a663d48a130f77?s=96&d=mm&r=g\",\"caption\":\"alcalde\"},\"url\":\"https:\\\/\\\/www.caudete.org\\\/ayuntamiento\\\/author\\\/alcalde\\\/\"}]}<\/script>\n<!-- \/ Yoast SEO plugin. -->","yoast_head_json":{"title":"Una r\u00e9plica en goma eva y cart\u00f3n del FAROL DE ALBORADA es entregada al Ayuntamiento - MI Ayuntamiento de Caudete","description":"P\u00e1gina Oficial del Ayuntamiento de Caudete (Albacete)","robots":{"index":"index","follow":"follow","max-snippet":"max-snippet:-1","max-image-preview":"max-image-preview:large","max-video-preview":"max-video-preview:-1"},"canonical":"https:\/\/www.caudete.org\/ayuntamiento\/una-replica-en-goma-eva-y-carton-del-farol-de-alborada-es-entregada-al-ayuntamiento\/","og_locale":"es_ES","og_type":"article","og_title":"Una r\u00e9plica en goma eva y cart\u00f3n del FAROL DE ALBORADA es entregada al Ayuntamiento - MI Ayuntamiento de Caudete","og_description":"P\u00e1gina Oficial del Ayuntamiento de Caudete (Albacete)","og_url":"https:\/\/www.caudete.org\/ayuntamiento\/una-replica-en-goma-eva-y-carton-del-farol-de-alborada-es-entregada-al-ayuntamiento\/","og_site_name":"MI Ayuntamiento de Caudete","article_publisher":"https:\/\/www.facebook.com\/ayuntamientocaudete\/","article_published_time":"2022-10-12T17:20:14+00:00","article_modified_time":"2022-10-12T17:20:31+00:00","og_image":[{"width":1920,"height":1080,"url":"https:\/\/www.caudete.org\/ayuntamiento\/wp-content\/uploads\/2022\/10\/477_5593_01.jpg","type":"image\/jpeg"}],"author":"alcalde","twitter_card":"summary_large_image","twitter_misc":{"Escrito por":"alcalde","Tiempo de lectura":"2 minutos"},"schema":{"@context":"https:\/\/schema.org","@graph":[{"@type":"Article","@id":"https:\/\/www.caudete.org\/ayuntamiento\/una-replica-en-goma-eva-y-carton-del-farol-de-alborada-es-entregada-al-ayuntamiento\/#article","isPartOf":{"@id":"https:\/\/www.caudete.org\/ayuntamiento\/una-replica-en-goma-eva-y-carton-del-farol-de-alborada-es-entregada-al-ayuntamiento\/"},"author":{"name":"alcalde","@id":"https:\/\/www.caudete.org\/ayuntamiento\/#\/schema\/person\/cc646da9133078ee4d8dd47457947253"},"headline":"Una r\u00e9plica en goma eva y cart\u00f3n del FAROL DE ALBORADA es entregada al Ayuntamiento","datePublished":"2022-10-12T17:20:14+00:00","dateModified":"2022-10-12T17:20:31+00:00","mainEntityOfPage":{"@id":"https:\/\/www.caudete.org\/ayuntamiento\/una-replica-en-goma-eva-y-carton-del-farol-de-alborada-es-entregada-al-ayuntamiento\/"},"wordCount":220,"image":{"@id":"https:\/\/www.caudete.org\/ayuntamiento\/una-replica-en-goma-eva-y-carton-del-farol-de-alborada-es-entregada-al-ayuntamiento\/#primaryimage"},"thumbnailUrl":"https:\/\/www.caudete.org\/ayuntamiento\/wp-content\/uploads\/2022\/10\/477_5593_01.jpg","articleSection":["Fiestas"],"inLanguage":"es"},{"@type":"WebPage","@id":"https:\/\/www.caudete.org\/ayuntamiento\/una-replica-en-goma-eva-y-carton-del-farol-de-alborada-es-entregada-al-ayuntamiento\/","url":"https:\/\/www.caudete.org\/ayuntamiento\/una-replica-en-goma-eva-y-carton-del-farol-de-alborada-es-entregada-al-ayuntamiento\/","name":"Una r\u00e9plica en goma eva y cart\u00f3n del FAROL DE ALBORADA es entregada al Ayuntamiento - MI Ayuntamiento de Caudete","isPartOf":{"@id":"https:\/\/www.caudete.org\/ayuntamiento\/#website"},"primaryImageOfPage":{"@id":"https:\/\/www.caudete.org\/ayuntamiento\/una-replica-en-goma-eva-y-carton-del-farol-de-alborada-es-entregada-al-ayuntamiento\/#primaryimage"},"image":{"@id":"https:\/\/www.caudete.org\/ayuntamiento\/una-replica-en-goma-eva-y-carton-del-farol-de-alborada-es-entregada-al-ayuntamiento\/#primaryimage"},"thumbnailUrl":"https:\/\/www.caudete.org\/ayuntamiento\/wp-content\/uploads\/2022\/10\/477_5593_01.jpg","datePublished":"2022-10-12T17:20:14+00:00","dateModified":"2022-10-12T17:20:31+00:00","author":{"@id":"https:\/\/www.caudete.org\/ayuntamiento\/#\/schema\/person\/cc646da9133078ee4d8dd47457947253"},"description":"P\u00e1gina Oficial del Ayuntamiento de Caudete (Albacete)","breadcrumb":{"@id":"https:\/\/www.caudete.org\/ayuntamiento\/una-replica-en-goma-eva-y-carton-del-farol-de-alborada-es-entregada-al-ayuntamiento\/#breadcrumb"},"inLanguage":"es","potentialAction":[{"@type":"ReadAction","target":["https:\/\/www.caudete.org\/ayuntamiento\/una-replica-en-goma-eva-y-carton-del-farol-de-alborada-es-entregada-al-ayuntamiento\/"]}]},{"@type":"ImageObject","inLanguage":"es","@id":"https:\/\/www.caudete.org\/ayuntamiento\/una-replica-en-goma-eva-y-carton-del-farol-de-alborada-es-entregada-al-ayuntamiento\/#primaryimage","url":"https:\/\/www.caudete.org\/ayuntamiento\/wp-content\/uploads\/2022\/10\/477_5593_01.jpg","contentUrl":"https:\/\/www.caudete.org\/ayuntamiento\/wp-content\/uploads\/2022\/10\/477_5593_01.jpg","width":1920,"height":1080},{"@type":"BreadcrumbList","@id":"https:\/\/www.caudete.org\/ayuntamiento\/una-replica-en-goma-eva-y-carton-del-farol-de-alborada-es-entregada-al-ayuntamiento\/#breadcrumb","itemListElement":[{"@type":"ListItem","position":1,"name":"Inicio","item":"https:\/\/www.caudete.org\/ayuntamiento\/"},{"@type":"ListItem","position":2,"name":"Una r\u00e9plica en goma eva y cart\u00f3n del FAROL DE ALBORADA es entregada al Ayuntamiento"}]},{"@type":"WebSite","@id":"https:\/\/www.caudete.org\/ayuntamiento\/#website","url":"https:\/\/www.caudete.org\/ayuntamiento\/","name":"MI Ayuntamiento de Caudete","description":"P\u00e1gina Oficial del MI Ayuntamiento de Caudete","potentialAction":[{"@type":"SearchAction","target":{"@type":"EntryPoint","urlTemplate":"https:\/\/www.caudete.org\/ayuntamiento\/?s={search_term_string}"},"query-input":{"@type":"PropertyValueSpecification","valueRequired":true,"valueName":"search_term_string"}}],"inLanguage":"es"},{"@type":"Person","@id":"https:\/\/www.caudete.org\/ayuntamiento\/#\/schema\/person\/cc646da9133078ee4d8dd47457947253","name":"alcalde","image":{"@type":"ImageObject","inLanguage":"es","@id":"https:\/\/secure.gravatar.com\/avatar\/84a817ba065b29ff08d666b215a215f5c79186a645ccb25b14a663d48a130f77?s=96&d=mm&r=g","url":"https:\/\/secure.gravatar.com\/avatar\/84a817ba065b29ff08d666b215a215f5c79186a645ccb25b14a663d48a130f77?s=96&d=mm&r=g","contentUrl":"https:\/\/secure.gravatar.com\/avatar\/84a817ba065b29ff08d666b215a215f5c79186a645ccb25b14a663d48a130f77?s=96&d=mm&r=g","caption":"alcalde"},"url":"https:\/\/www.caudete.org\/ayuntamiento\/author\/alcalde\/"}]}},"_links":{"self":[{"href":"https:\/\/www.caudete.org\/ayuntamiento\/wp-json\/wp\/v2\/posts\/20297","targetHints":{"allow":["GET"]}}],"collection":[{"href":"https:\/\/www.caudete.org\/ayuntamiento\/wp-json\/wp\/v2\/posts"}],"about":[{"href":"https:\/\/www.caudete.org\/ayuntamiento\/wp-json\/wp\/v2\/types\/post"}],"author":[{"embeddable":true,"href":"https:\/\/www.caudete.org\/ayuntamiento\/wp-json\/wp\/v2\/users\/3"}],"replies":[{"embeddable":true,"href":"https:\/\/www.caudete.org\/ayuntamiento\/wp-json\/wp\/v2\/comments?post=20297"}],"version-history":[{"count":2,"href":"https:\/\/www.caudete.org\/ayuntamiento\/wp-json\/wp\/v2\/posts\/20297\/revisions"}],"predecessor-version":[{"id":20300,"href":"https:\/\/www.caudete.org\/ayuntamiento\/wp-json\/wp\/v2\/posts\/20297\/revisions\/20300"}],"wp:featuredmedia":[{"embeddable":true,"href":"https:\/\/www.caudete.org\/ayuntamiento\/wp-json\/wp\/v2\/media\/20298"}],"wp:attachment":[{"href":"https:\/\/www.caudete.org\/ayuntamiento\/wp-json\/wp\/v2\/media?parent=20297"}],"wp:term":[{"taxonomy":"category","embeddable":true,"href":"https:\/\/www.caudete.org\/ayuntamiento\/wp-json\/wp\/v2\/categories?post=20297"},{"taxonomy":"post_tag","embeddable":true,"href":"https:\/\/www.caudete.org\/ayuntamiento\/wp-json\/wp\/v2\/tags?post=20297"}],"curies":[{"name":"wp","href":"https:\/\/api.w.org\/{rel}","templated":true}]}}