{"id":20301,"date":"2022-10-12T19:41:53","date_gmt":"2022-10-12T17:41:53","guid":{"rendered":"https:\/\/www.caudete.org\/ayuntamiento\/?p=20301"},"modified":"2022-10-12T19:41:53","modified_gmt":"2022-10-12T17:41:53","slug":"el-ciclista-caudetano-juan-carlos-albertos-recibe-el-reconocimiento-del-ayuntamiento","status":"publish","type":"post","link":"https:\/\/www.caudete.org\/ayuntamiento\/el-ciclista-caudetano-juan-carlos-albertos-recibe-el-reconocimiento-del-ayuntamiento\/","title":{"rendered":"El ciclista caudetano Juan Carlos Albertos, recibe el reconocimiento del Ayuntamiento"},"content":{"rendered":"<p style=\"text-align: justify;\">Familiares y amigos de Juan Carlos Albertos se congregaban el pasado viernes en el Sal\u00f3n de Plenos para acompa\u00f1ar a Juan Carlos Albertos en el recibimiento y reconocimiento que el Ayuntamiento hab\u00eda programado por los \u00faltimos \u00e9xitos cosechados por el ciclista caudetano.<\/p>\n<p><a href=\"https:\/\/www.caudete.org\/ayuntamiento\/wp-content\/uploads\/2022\/10\/477_5593_01_6.jpg\" rel='prettyPhoto'><img fetchpriority=\"high\" decoding=\"async\" class=\"aligncenter wp-image-20304 size-medium\" src=\"https:\/\/www.caudete.org\/ayuntamiento\/wp-content\/uploads\/2022\/10\/477_5593_01_6-300x169.jpg\" alt=\"\" width=\"300\" height=\"169\" srcset=\"https:\/\/www.caudete.org\/ayuntamiento\/wp-content\/uploads\/2022\/10\/477_5593_01_6-300x169.jpg 300w, https:\/\/www.caudete.org\/ayuntamiento\/wp-content\/uploads\/2022\/10\/477_5593_01_6-1024x576.jpg 1024w, https:\/\/www.caudete.org\/ayuntamiento\/wp-content\/uploads\/2022\/10\/477_5593_01_6-768x432.jpg 768w, https:\/\/www.caudete.org\/ayuntamiento\/wp-content\/uploads\/2022\/10\/477_5593_01_6-1536x864.jpg 1536w, https:\/\/www.caudete.org\/ayuntamiento\/wp-content\/uploads\/2022\/10\/477_5593_01_6.jpg 1920w\" sizes=\"(max-width: 300px) 100vw, 300px\" \/><\/a><\/p>\n<p style=\"text-align: justify;\">El Alcalde Mois\u00e9s L\u00f3pez y la Concejal de Deportes Pilar Egea encabezaban el acto al que asistieron adem\u00e1s otros Concejales de la Corporaci\u00f3n para sumarse a este entra\u00f1able pero justo acto por el que Juan Carlos recib\u00eda la Cierva de Caudete (m\u00e1ximo galard\u00f3n municipal).<\/p>\n<p style=\"text-align: justify;\">La Concejal de Deportes introdujo el acto con una alusi\u00f3n al deportista, que transcribimos a continuaci\u00f3n:<\/p>\n<p style=\"text-align: justify; padding-left: 40px;\"><em>&#8220;En nombre del Ayuntamiento de Caudete, y particularmente de la Concejal\u00eda de Deportes, es un verdadero honor para m\u00ed en el d\u00eda de hoy recibir a uno de los deportistas de la actualidad de nuestro municipio; Juan Carlos Albertos Marcos; bienvenido Juan Carlos y muchas gracias por compartir estos momentos con todos nosotros.<\/em><\/p>\n<p style=\"text-align: justify; padding-left: 40px;\"><em>Hoy estamos reunidos con el objeto de brindarle por parte del Ayuntamiento de Caudete un merecido homenaje y reconocimiento p\u00fablico a su trayectoria deportiva, una trayectoria que en estos dos \u00faltimos a\u00f1os ha alcanzado su m\u00e1xima brillantez.<\/em><\/p>\n<p style=\"text-align: justify; padding-left: 40px;\"><em>Actualmente Juan Carlos compite en la modalidad de BTT Ol\u00edmpico en la categor\u00eda de M\u00e1ster 30, si bien ya en 2016 comenz\u00f3 a dar sus primeros frutos en el BTT especialidad Marat\u00f3n al proclamarse campe\u00f3n en la crono-escalada Penya la Mina o en las pruebas locales de nuestro apreciado Triatl\u00f3n Cross Villa de Caudete donde subi\u00f3 a lo m\u00e1s alto del p\u00f3dium en la modalidad sprint durante dos a\u00f1os consecutivos. Desde entonces no ha parado de cosechar grandes resultados, compitiendo en eventos de notoriedad regional, nacional e internacional como el Campeonato del Mundo de Argentina y el Campeonato del Mundo de Francia. Pero en este a\u00f1o 2022 nuestro atleta local, Juan Carlos, ha conseguido el hito de proclamarse Campe\u00f3n Auton\u00f3mico y Campe\u00f3n de Espa\u00f1a, adem\u00e1s de muchos otros excelentes resultados.<\/em><\/p>\n<p style=\"text-align: justify; padding-left: 40px;\"><em>Por toda esta trayectoria, desde el Ayuntamiento queremos brindarte este merecido reconocimiento p\u00fablico, aprovechando la ocasi\u00f3n para felicitarte personalmente tanto a ti como a toda tu familia y amigos que seguro comparten contigo cada reto al que te enfrentas, a la vez que desearte que contin\u00faes engrosando tu ya fabuloso curr\u00edculum deportivo.&#8221;<\/em><\/p>\n<p style=\"text-align: justify;\">Tras ello, Juan Carlos se mostr\u00f3 agradecido con su pueblo por el homenaje recibido, y reconociendo estar en un momento f\u00edsico y deportivo bueno dijo tener metas pr\u00f3ximas que cumplir con \u00e9xitos. Como no pod\u00eda ser de otra forma, agradeci\u00f3 a su mujer, padres y dem\u00e1s familiares el apoyo incondicional y comprensi\u00f3n en toda su trayectoria, as\u00ed como al club del que forma parte.<\/p>\n<p style=\"text-align: justify;\">Por su parte, el Alcalde Mois\u00e9s L\u00f3pez mostr\u00f3 la satisfacci\u00f3n por contar con un caudetano con Juan Carlos que lleva el nombre de Caudete a lo m\u00e1s alto, as\u00ed como mostrar capacidad de entrega y sacrificio en el d\u00eda a d\u00eda para lograr sus objetivos, que unidos a la constancia y el esfuerzo, dan como resultado los premios a los que est\u00e1 alcanzando. Quiso igualmente tener unas palabras de reconocimiento para sus familiares, quienes seguro est\u00e1 son quienes sufren con el esos sacrificios, por lo que los m\u00e9ritos, en parte, han de ser visibilizados con ellos.<\/p>\n<p style=\"text-align: justify;\">El acto finalizaba con una foto familiar en la que por los futuros \u00e9xitos de Juan Carlos Albertos, todos los presentes brindaron.<\/p>\n<p><a href=\"https:\/\/www.caudete.org\/ayuntamiento\/wp-content\/uploads\/2022\/10\/WhatsApp-Image-2022-10-07-at-16.06.13.jpeg\" rel='prettyPhoto'><img decoding=\"async\" class=\"aligncenter wp-image-20303 size-medium\" src=\"https:\/\/www.caudete.org\/ayuntamiento\/wp-content\/uploads\/2022\/10\/WhatsApp-Image-2022-10-07-at-16.06.13-300x225.jpeg\" alt=\"\" width=\"300\" height=\"225\" srcset=\"https:\/\/www.caudete.org\/ayuntamiento\/wp-content\/uploads\/2022\/10\/WhatsApp-Image-2022-10-07-at-16.06.13-300x225.jpeg 300w, https:\/\/www.caudete.org\/ayuntamiento\/wp-content\/uploads\/2022\/10\/WhatsApp-Image-2022-10-07-at-16.06.13-1024x768.jpeg 1024w, https:\/\/www.caudete.org\/ayuntamiento\/wp-content\/uploads\/2022\/10\/WhatsApp-Image-2022-10-07-at-16.06.13-768x576.jpeg 768w, https:\/\/www.caudete.org\/ayuntamiento\/wp-content\/uploads\/2022\/10\/WhatsApp-Image-2022-10-07-at-16.06.13-1536x1152.jpeg 1536w, https:\/\/www.caudete.org\/ayuntamiento\/wp-content\/uploads\/2022\/10\/WhatsApp-Image-2022-10-07-at-16.06.13.jpeg 1600w\" sizes=\"(max-width: 300px) 100vw, 300px\" \/><\/a><\/p>\n<p><a href=\"https:\/\/www.caudete.org\/ayuntamiento\/wp-content\/uploads\/2022\/10\/477_5593_01_3.jpg\" rel='prettyPhoto'><img decoding=\"async\" class=\"aligncenter wp-image-20306 size-medium\" src=\"https:\/\/www.caudete.org\/ayuntamiento\/wp-content\/uploads\/2022\/10\/477_5593_01_3-300x169.jpg\" alt=\"\" width=\"300\" height=\"169\" srcset=\"https:\/\/www.caudete.org\/ayuntamiento\/wp-content\/uploads\/2022\/10\/477_5593_01_3-300x169.jpg 300w, https:\/\/www.caudete.org\/ayuntamiento\/wp-content\/uploads\/2022\/10\/477_5593_01_3-1024x576.jpg 1024w, https:\/\/www.caudete.org\/ayuntamiento\/wp-content\/uploads\/2022\/10\/477_5593_01_3-768x432.jpg 768w, https:\/\/www.caudete.org\/ayuntamiento\/wp-content\/uploads\/2022\/10\/477_5593_01_3-1536x864.jpg 1536w, https:\/\/www.caudete.org\/ayuntamiento\/wp-content\/uploads\/2022\/10\/477_5593_01_3.jpg 1920w\" sizes=\"(max-width: 300px) 100vw, 300px\" \/><\/a><\/p>\n<p><a href=\"https:\/\/www.caudete.org\/ayuntamiento\/wp-content\/uploads\/2022\/10\/477_5593_01_5.jpg\" rel='prettyPhoto'><img loading=\"lazy\" decoding=\"async\" class=\"aligncenter wp-image-20305 size-medium\" src=\"https:\/\/www.caudete.org\/ayuntamiento\/wp-content\/uploads\/2022\/10\/477_5593_01_5-300x169.jpg\" alt=\"\" width=\"300\" height=\"169\" srcset=\"https:\/\/www.caudete.org\/ayuntamiento\/wp-content\/uploads\/2022\/10\/477_5593_01_5-300x169.jpg 300w, https:\/\/www.caudete.org\/ayuntamiento\/wp-content\/uploads\/2022\/10\/477_5593_01_5-1024x576.jpg 1024w, https:\/\/www.caudete.org\/ayuntamiento\/wp-content\/uploads\/2022\/10\/477_5593_01_5-768x432.jpg 768w, https:\/\/www.caudete.org\/ayuntamiento\/wp-content\/uploads\/2022\/10\/477_5593_01_5-1536x864.jpg 1536w, https:\/\/www.caudete.org\/ayuntamiento\/wp-content\/uploads\/2022\/10\/477_5593_01_5.jpg 1920w\" sizes=\"(max-width: 300px) 100vw, 300px\" \/><\/a><\/p>\n","protected":false},"excerpt":{"rendered":"<p>Familiares y amigos de Juan Carlos Albertos se congregaban el pasado viernes en el Sal\u00f3n de Plenos para acompa\u00f1ar a Juan Carlos Albertos en el recibimiento y reconocimiento que el Ayuntamiento hab\u00eda programado por los \u00faltimos \u00e9xitos cosechados por el ciclista caudetano. El Alcalde Mois\u00e9s L\u00f3pez y la Concejal de Deportes Pilar Egea encabezaban el &hellip;<\/p>\n","protected":false},"author":3,"featured_media":20302,"comment_status":"closed","ping_status":"open","sticky":false,"template":"","format":"standard","meta":{"ngg_post_thumbnail":0,"footnotes":""},"categories":[23],"tags":[],"class_list":["post-20301","post","type-post","status-publish","format-standard","has-post-thumbnail","hentry","category-deportes"],"yoast_head":"<!-- This site is optimized with the Yoast SEO plugin v27.5 - https:\/\/yoast.com\/product\/yoast-seo-wordpress\/ -->\n<title>El ciclista caudetano Juan Carlos Albertos, recibe el reconocimiento del Ayuntamiento - MI Ayuntamiento de Caudete<\/title>\n<meta name=\"description\" content=\"P\u00e1gina Oficial del Ayuntamiento de Caudete (Albacete)\" \/>\n<meta name=\"robots\" content=\"index, follow, max-snippet:-1, max-image-preview:large, max-video-preview:-1\" \/>\n<link rel=\"canonical\" href=\"https:\/\/www.caudete.org\/ayuntamiento\/el-ciclista-caudetano-juan-carlos-albertos-recibe-el-reconocimiento-del-ayuntamiento\/\" \/>\n<meta property=\"og:locale\" content=\"es_ES\" \/>\n<meta property=\"og:type\" content=\"article\" \/>\n<meta property=\"og:title\" content=\"El ciclista caudetano Juan Carlos Albertos, recibe el reconocimiento del Ayuntamiento - MI Ayuntamiento de Caudete\" \/>\n<meta property=\"og:description\" content=\"P\u00e1gina Oficial del Ayuntamiento de Caudete (Albacete)\" \/>\n<meta property=\"og:url\" content=\"https:\/\/www.caudete.org\/ayuntamiento\/el-ciclista-caudetano-juan-carlos-albertos-recibe-el-reconocimiento-del-ayuntamiento\/\" \/>\n<meta property=\"og:site_name\" content=\"MI Ayuntamiento de Caudete\" \/>\n<meta property=\"article:publisher\" content=\"https:\/\/www.facebook.com\/ayuntamientocaudete\/\" \/>\n<meta property=\"article:published_time\" content=\"2022-10-12T17:41:53+00:00\" \/>\n<meta property=\"og:image\" content=\"https:\/\/www.caudete.org\/ayuntamiento\/wp-content\/uploads\/2022\/10\/477_5593_01_4.jpg\" \/>\n\t<meta property=\"og:image:width\" content=\"1920\" \/>\n\t<meta property=\"og:image:height\" content=\"1080\" \/>\n\t<meta property=\"og:image:type\" content=\"image\/jpeg\" \/>\n<meta name=\"author\" content=\"alcalde\" \/>\n<meta name=\"twitter:card\" content=\"summary_large_image\" \/>\n<meta name=\"twitter:label1\" content=\"Escrito por\" \/>\n\t<meta name=\"twitter:data1\" content=\"alcalde\" \/>\n\t<meta name=\"twitter:label2\" content=\"Tiempo de lectura\" \/>\n\t<meta name=\"twitter:data2\" content=\"4 minutos\" \/>\n<script type=\"application\/ld+json\" class=\"yoast-schema-graph\">{\"@context\":\"https:\\\/\\\/schema.org\",\"@graph\":[{\"@type\":\"Article\",\"@id\":\"https:\\\/\\\/www.caudete.org\\\/ayuntamiento\\\/el-ciclista-caudetano-juan-carlos-albertos-recibe-el-reconocimiento-del-ayuntamiento\\\/#article\",\"isPartOf\":{\"@id\":\"https:\\\/\\\/www.caudete.org\\\/ayuntamiento\\\/el-ciclista-caudetano-juan-carlos-albertos-recibe-el-reconocimiento-del-ayuntamiento\\\/\"},\"author\":{\"name\":\"alcalde\",\"@id\":\"https:\\\/\\\/www.caudete.org\\\/ayuntamiento\\\/#\\\/schema\\\/person\\\/cc646da9133078ee4d8dd47457947253\"},\"headline\":\"El ciclista caudetano Juan Carlos Albertos, recibe el reconocimiento del Ayuntamiento\",\"datePublished\":\"2022-10-12T17:41:53+00:00\",\"mainEntityOfPage\":{\"@id\":\"https:\\\/\\\/www.caudete.org\\\/ayuntamiento\\\/el-ciclista-caudetano-juan-carlos-albertos-recibe-el-reconocimiento-del-ayuntamiento\\\/\"},\"wordCount\":613,\"image\":{\"@id\":\"https:\\\/\\\/www.caudete.org\\\/ayuntamiento\\\/el-ciclista-caudetano-juan-carlos-albertos-recibe-el-reconocimiento-del-ayuntamiento\\\/#primaryimage\"},\"thumbnailUrl\":\"https:\\\/\\\/www.caudete.org\\\/ayuntamiento\\\/wp-content\\\/uploads\\\/2022\\\/10\\\/477_5593_01_4.jpg\",\"articleSection\":[\"Deportes\"],\"inLanguage\":\"es\"},{\"@type\":\"WebPage\",\"@id\":\"https:\\\/\\\/www.caudete.org\\\/ayuntamiento\\\/el-ciclista-caudetano-juan-carlos-albertos-recibe-el-reconocimiento-del-ayuntamiento\\\/\",\"url\":\"https:\\\/\\\/www.caudete.org\\\/ayuntamiento\\\/el-ciclista-caudetano-juan-carlos-albertos-recibe-el-reconocimiento-del-ayuntamiento\\\/\",\"name\":\"El ciclista caudetano Juan Carlos Albertos, recibe el reconocimiento del Ayuntamiento - MI Ayuntamiento de Caudete\",\"isPartOf\":{\"@id\":\"https:\\\/\\\/www.caudete.org\\\/ayuntamiento\\\/#website\"},\"primaryImageOfPage\":{\"@id\":\"https:\\\/\\\/www.caudete.org\\\/ayuntamiento\\\/el-ciclista-caudetano-juan-carlos-albertos-recibe-el-reconocimiento-del-ayuntamiento\\\/#primaryimage\"},\"image\":{\"@id\":\"https:\\\/\\\/www.caudete.org\\\/ayuntamiento\\\/el-ciclista-caudetano-juan-carlos-albertos-recibe-el-reconocimiento-del-ayuntamiento\\\/#primaryimage\"},\"thumbnailUrl\":\"https:\\\/\\\/www.caudete.org\\\/ayuntamiento\\\/wp-content\\\/uploads\\\/2022\\\/10\\\/477_5593_01_4.jpg\",\"datePublished\":\"2022-10-12T17:41:53+00:00\",\"author\":{\"@id\":\"https:\\\/\\\/www.caudete.org\\\/ayuntamiento\\\/#\\\/schema\\\/person\\\/cc646da9133078ee4d8dd47457947253\"},\"description\":\"P\u00e1gina Oficial del Ayuntamiento de Caudete (Albacete)\",\"breadcrumb\":{\"@id\":\"https:\\\/\\\/www.caudete.org\\\/ayuntamiento\\\/el-ciclista-caudetano-juan-carlos-albertos-recibe-el-reconocimiento-del-ayuntamiento\\\/#breadcrumb\"},\"inLanguage\":\"es\",\"potentialAction\":[{\"@type\":\"ReadAction\",\"target\":[\"https:\\\/\\\/www.caudete.org\\\/ayuntamiento\\\/el-ciclista-caudetano-juan-carlos-albertos-recibe-el-reconocimiento-del-ayuntamiento\\\/\"]}]},{\"@type\":\"ImageObject\",\"inLanguage\":\"es\",\"@id\":\"https:\\\/\\\/www.caudete.org\\\/ayuntamiento\\\/el-ciclista-caudetano-juan-carlos-albertos-recibe-el-reconocimiento-del-ayuntamiento\\\/#primaryimage\",\"url\":\"https:\\\/\\\/www.caudete.org\\\/ayuntamiento\\\/wp-content\\\/uploads\\\/2022\\\/10\\\/477_5593_01_4.jpg\",\"contentUrl\":\"https:\\\/\\\/www.caudete.org\\\/ayuntamiento\\\/wp-content\\\/uploads\\\/2022\\\/10\\\/477_5593_01_4.jpg\",\"width\":1920,\"height\":1080},{\"@type\":\"BreadcrumbList\",\"@id\":\"https:\\\/\\\/www.caudete.org\\\/ayuntamiento\\\/el-ciclista-caudetano-juan-carlos-albertos-recibe-el-reconocimiento-del-ayuntamiento\\\/#breadcrumb\",\"itemListElement\":[{\"@type\":\"ListItem\",\"position\":1,\"name\":\"Inicio\",\"item\":\"https:\\\/\\\/www.caudete.org\\\/ayuntamiento\\\/\"},{\"@type\":\"ListItem\",\"position\":2,\"name\":\"El ciclista caudetano Juan Carlos Albertos, recibe el reconocimiento del Ayuntamiento\"}]},{\"@type\":\"WebSite\",\"@id\":\"https:\\\/\\\/www.caudete.org\\\/ayuntamiento\\\/#website\",\"url\":\"https:\\\/\\\/www.caudete.org\\\/ayuntamiento\\\/\",\"name\":\"MI Ayuntamiento de Caudete\",\"description\":\"P\u00e1gina Oficial del MI Ayuntamiento de Caudete\",\"potentialAction\":[{\"@type\":\"SearchAction\",\"target\":{\"@type\":\"EntryPoint\",\"urlTemplate\":\"https:\\\/\\\/www.caudete.org\\\/ayuntamiento\\\/?s={search_term_string}\"},\"query-input\":{\"@type\":\"PropertyValueSpecification\",\"valueRequired\":true,\"valueName\":\"search_term_string\"}}],\"inLanguage\":\"es\"},{\"@type\":\"Person\",\"@id\":\"https:\\\/\\\/www.caudete.org\\\/ayuntamiento\\\/#\\\/schema\\\/person\\\/cc646da9133078ee4d8dd47457947253\",\"name\":\"alcalde\",\"image\":{\"@type\":\"ImageObject\",\"inLanguage\":\"es\",\"@id\":\"https:\\\/\\\/secure.gravatar.com\\\/avatar\\\/84a817ba065b29ff08d666b215a215f5c79186a645ccb25b14a663d48a130f77?s=96&d=mm&r=g\",\"url\":\"https:\\\/\\\/secure.gravatar.com\\\/avatar\\\/84a817ba065b29ff08d666b215a215f5c79186a645ccb25b14a663d48a130f77?s=96&d=mm&r=g\",\"contentUrl\":\"https:\\\/\\\/secure.gravatar.com\\\/avatar\\\/84a817ba065b29ff08d666b215a215f5c79186a645ccb25b14a663d48a130f77?s=96&d=mm&r=g\",\"caption\":\"alcalde\"},\"url\":\"https:\\\/\\\/www.caudete.org\\\/ayuntamiento\\\/author\\\/alcalde\\\/\"}]}<\/script>\n<!-- \/ Yoast SEO plugin. -->","yoast_head_json":{"title":"El ciclista caudetano Juan Carlos Albertos, recibe el reconocimiento del Ayuntamiento - MI Ayuntamiento de Caudete","description":"P\u00e1gina Oficial del Ayuntamiento de Caudete (Albacete)","robots":{"index":"index","follow":"follow","max-snippet":"max-snippet:-1","max-image-preview":"max-image-preview:large","max-video-preview":"max-video-preview:-1"},"canonical":"https:\/\/www.caudete.org\/ayuntamiento\/el-ciclista-caudetano-juan-carlos-albertos-recibe-el-reconocimiento-del-ayuntamiento\/","og_locale":"es_ES","og_type":"article","og_title":"El ciclista caudetano Juan Carlos Albertos, recibe el reconocimiento del Ayuntamiento - MI Ayuntamiento de Caudete","og_description":"P\u00e1gina Oficial del Ayuntamiento de Caudete (Albacete)","og_url":"https:\/\/www.caudete.org\/ayuntamiento\/el-ciclista-caudetano-juan-carlos-albertos-recibe-el-reconocimiento-del-ayuntamiento\/","og_site_name":"MI Ayuntamiento de Caudete","article_publisher":"https:\/\/www.facebook.com\/ayuntamientocaudete\/","article_published_time":"2022-10-12T17:41:53+00:00","og_image":[{"width":1920,"height":1080,"url":"https:\/\/www.caudete.org\/ayuntamiento\/wp-content\/uploads\/2022\/10\/477_5593_01_4.jpg","type":"image\/jpeg"}],"author":"alcalde","twitter_card":"summary_large_image","twitter_misc":{"Escrito por":"alcalde","Tiempo de lectura":"4 minutos"},"schema":{"@context":"https:\/\/schema.org","@graph":[{"@type":"Article","@id":"https:\/\/www.caudete.org\/ayuntamiento\/el-ciclista-caudetano-juan-carlos-albertos-recibe-el-reconocimiento-del-ayuntamiento\/#article","isPartOf":{"@id":"https:\/\/www.caudete.org\/ayuntamiento\/el-ciclista-caudetano-juan-carlos-albertos-recibe-el-reconocimiento-del-ayuntamiento\/"},"author":{"name":"alcalde","@id":"https:\/\/www.caudete.org\/ayuntamiento\/#\/schema\/person\/cc646da9133078ee4d8dd47457947253"},"headline":"El ciclista caudetano Juan Carlos Albertos, recibe el reconocimiento del Ayuntamiento","datePublished":"2022-10-12T17:41:53+00:00","mainEntityOfPage":{"@id":"https:\/\/www.caudete.org\/ayuntamiento\/el-ciclista-caudetano-juan-carlos-albertos-recibe-el-reconocimiento-del-ayuntamiento\/"},"wordCount":613,"image":{"@id":"https:\/\/www.caudete.org\/ayuntamiento\/el-ciclista-caudetano-juan-carlos-albertos-recibe-el-reconocimiento-del-ayuntamiento\/#primaryimage"},"thumbnailUrl":"https:\/\/www.caudete.org\/ayuntamiento\/wp-content\/uploads\/2022\/10\/477_5593_01_4.jpg","articleSection":["Deportes"],"inLanguage":"es"},{"@type":"WebPage","@id":"https:\/\/www.caudete.org\/ayuntamiento\/el-ciclista-caudetano-juan-carlos-albertos-recibe-el-reconocimiento-del-ayuntamiento\/","url":"https:\/\/www.caudete.org\/ayuntamiento\/el-ciclista-caudetano-juan-carlos-albertos-recibe-el-reconocimiento-del-ayuntamiento\/","name":"El ciclista caudetano Juan Carlos Albertos, recibe el reconocimiento del Ayuntamiento - MI Ayuntamiento de Caudete","isPartOf":{"@id":"https:\/\/www.caudete.org\/ayuntamiento\/#website"},"primaryImageOfPage":{"@id":"https:\/\/www.caudete.org\/ayuntamiento\/el-ciclista-caudetano-juan-carlos-albertos-recibe-el-reconocimiento-del-ayuntamiento\/#primaryimage"},"image":{"@id":"https:\/\/www.caudete.org\/ayuntamiento\/el-ciclista-caudetano-juan-carlos-albertos-recibe-el-reconocimiento-del-ayuntamiento\/#primaryimage"},"thumbnailUrl":"https:\/\/www.caudete.org\/ayuntamiento\/wp-content\/uploads\/2022\/10\/477_5593_01_4.jpg","datePublished":"2022-10-12T17:41:53+00:00","author":{"@id":"https:\/\/www.caudete.org\/ayuntamiento\/#\/schema\/person\/cc646da9133078ee4d8dd47457947253"},"description":"P\u00e1gina Oficial del Ayuntamiento de Caudete (Albacete)","breadcrumb":{"@id":"https:\/\/www.caudete.org\/ayuntamiento\/el-ciclista-caudetano-juan-carlos-albertos-recibe-el-reconocimiento-del-ayuntamiento\/#breadcrumb"},"inLanguage":"es","potentialAction":[{"@type":"ReadAction","target":["https:\/\/www.caudete.org\/ayuntamiento\/el-ciclista-caudetano-juan-carlos-albertos-recibe-el-reconocimiento-del-ayuntamiento\/"]}]},{"@type":"ImageObject","inLanguage":"es","@id":"https:\/\/www.caudete.org\/ayuntamiento\/el-ciclista-caudetano-juan-carlos-albertos-recibe-el-reconocimiento-del-ayuntamiento\/#primaryimage","url":"https:\/\/www.caudete.org\/ayuntamiento\/wp-content\/uploads\/2022\/10\/477_5593_01_4.jpg","contentUrl":"https:\/\/www.caudete.org\/ayuntamiento\/wp-content\/uploads\/2022\/10\/477_5593_01_4.jpg","width":1920,"height":1080},{"@type":"BreadcrumbList","@id":"https:\/\/www.caudete.org\/ayuntamiento\/el-ciclista-caudetano-juan-carlos-albertos-recibe-el-reconocimiento-del-ayuntamiento\/#breadcrumb","itemListElement":[{"@type":"ListItem","position":1,"name":"Inicio","item":"https:\/\/www.caudete.org\/ayuntamiento\/"},{"@type":"ListItem","position":2,"name":"El ciclista caudetano Juan Carlos Albertos, recibe el reconocimiento del Ayuntamiento"}]},{"@type":"WebSite","@id":"https:\/\/www.caudete.org\/ayuntamiento\/#website","url":"https:\/\/www.caudete.org\/ayuntamiento\/","name":"MI Ayuntamiento de Caudete","description":"P\u00e1gina Oficial del MI Ayuntamiento de Caudete","potentialAction":[{"@type":"SearchAction","target":{"@type":"EntryPoint","urlTemplate":"https:\/\/www.caudete.org\/ayuntamiento\/?s={search_term_string}"},"query-input":{"@type":"PropertyValueSpecification","valueRequired":true,"valueName":"search_term_string"}}],"inLanguage":"es"},{"@type":"Person","@id":"https:\/\/www.caudete.org\/ayuntamiento\/#\/schema\/person\/cc646da9133078ee4d8dd47457947253","name":"alcalde","image":{"@type":"ImageObject","inLanguage":"es","@id":"https:\/\/secure.gravatar.com\/avatar\/84a817ba065b29ff08d666b215a215f5c79186a645ccb25b14a663d48a130f77?s=96&d=mm&r=g","url":"https:\/\/secure.gravatar.com\/avatar\/84a817ba065b29ff08d666b215a215f5c79186a645ccb25b14a663d48a130f77?s=96&d=mm&r=g","contentUrl":"https:\/\/secure.gravatar.com\/avatar\/84a817ba065b29ff08d666b215a215f5c79186a645ccb25b14a663d48a130f77?s=96&d=mm&r=g","caption":"alcalde"},"url":"https:\/\/www.caudete.org\/ayuntamiento\/author\/alcalde\/"}]}},"_links":{"self":[{"href":"https:\/\/www.caudete.org\/ayuntamiento\/wp-json\/wp\/v2\/posts\/20301","targetHints":{"allow":["GET"]}}],"collection":[{"href":"https:\/\/www.caudete.org\/ayuntamiento\/wp-json\/wp\/v2\/posts"}],"about":[{"href":"https:\/\/www.caudete.org\/ayuntamiento\/wp-json\/wp\/v2\/types\/post"}],"author":[{"embeddable":true,"href":"https:\/\/www.caudete.org\/ayuntamiento\/wp-json\/wp\/v2\/users\/3"}],"replies":[{"embeddable":true,"href":"https:\/\/www.caudete.org\/ayuntamiento\/wp-json\/wp\/v2\/comments?post=20301"}],"version-history":[{"count":1,"href":"https:\/\/www.caudete.org\/ayuntamiento\/wp-json\/wp\/v2\/posts\/20301\/revisions"}],"predecessor-version":[{"id":20307,"href":"https:\/\/www.caudete.org\/ayuntamiento\/wp-json\/wp\/v2\/posts\/20301\/revisions\/20307"}],"wp:featuredmedia":[{"embeddable":true,"href":"https:\/\/www.caudete.org\/ayuntamiento\/wp-json\/wp\/v2\/media\/20302"}],"wp:attachment":[{"href":"https:\/\/www.caudete.org\/ayuntamiento\/wp-json\/wp\/v2\/media?parent=20301"}],"wp:term":[{"taxonomy":"category","embeddable":true,"href":"https:\/\/www.caudete.org\/ayuntamiento\/wp-json\/wp\/v2\/categories?post=20301"},{"taxonomy":"post_tag","embeddable":true,"href":"https:\/\/www.caudete.org\/ayuntamiento\/wp-json\/wp\/v2\/tags?post=20301"}],"curies":[{"name":"wp","href":"https:\/\/api.w.org\/{rel}","templated":true}]}}