{"id":20308,"date":"2022-10-13T09:02:56","date_gmt":"2022-10-13T07:02:56","guid":{"rendered":"https:\/\/www.caudete.org\/ayuntamiento\/?p=20308"},"modified":"2022-10-13T09:02:56","modified_gmt":"2022-10-13T07:02:56","slug":"javier-sandra-y-omar-se-suman-oficialmente-como-agentes-a-la-policia-local","status":"publish","type":"post","link":"https:\/\/www.caudete.org\/ayuntamiento\/javier-sandra-y-omar-se-suman-oficialmente-como-agentes-a-la-policia-local\/","title":{"rendered":"Javier, Sandra y Omar se suman oficialmente como Agentes a la POLIC\u00cdA LOCAL"},"content":{"rendered":"<p style=\"text-align: justify;\">El pasado lunes d\u00eda 10 el Alcalde presid\u00eda, acompa\u00f1ado de Concejales de Gobierno, la toma de posesi\u00f3n del acta de Funcionarios de carrera para los tres nuevos Agentes de Polic\u00eda Local de nuestro municipio.<\/p>\n<p style=\"text-align: justify;\">Javier, Sandra y Omar juraban desempe\u00f1ar el cargo y sus funciones con lealtad al Rey y cumplir y hacer cumplir la Constituci\u00f3n, tras lo cual, y ser rubricada, quedaban incorporados oficialmente al cuerpo policial. Ello se produce tras haber superado un proceso de formaci\u00f3n en Toledo y un periodo de pr\u00e1cticas que finaliz\u00f3 hace unos d\u00edas.<\/p>\n<p style=\"text-align: justify;\">La Concejal de Interior, Mar\u00eda del Mar Requena, responsable del \u00e1rea de seguridad, les agradec\u00eda el esfuerzo realizado durante su formaci\u00f3n, donde han vivido como un agente m\u00e1s el servicio p\u00fablico, y que coincidiendo con las Fiestas Patronales, han dado todo de s\u00ed para tener \u00e9stas con las mayores cotas de seguridad.<\/p>\n<p style=\"text-align: justify;\">El Alcalde finalizaba el acto felicit\u00e1ndoles en nombre de todos los caudetanos, y agradeci\u00e9ndoles haber elegido nuestra poblaci\u00f3n para iniciar su carrera profesional, por lo que aprovechaba para brindarles el municipio como lugar donde la desarrollen por muchos a\u00f1os. Destac\u00f3 que el compromiso es rec\u00edproco, y que la ciudadan\u00eda sabr\u00e1 agradecer su buena labor.<\/p>\n<p style=\"text-align: justify;\">A\u00f1adi\u00f3 que estas incorporaciones se han llevado a cabo por estar fijadas en el programa de gobierno, por ser uno de los compromisos adquiridos con los caudetanos para el presente mandato, y que adelantaba, no ser\u00e1n las \u00faltimas del periodo, pues se proyecta de forma inminente la publicaci\u00f3n de nuevas plazas que permitan ampliar la plantilla, ocupar vacantes y prever las jubilaciones pr\u00f3ximas.<\/p>\n<p><a href=\"https:\/\/www.caudete.org\/ayuntamiento\/wp-content\/uploads\/2022\/10\/WhatsApp-Image-2022-10-11-at-13.58.01-3.jpeg\" rel='prettyPhoto'><img decoding=\"async\" class=\"aligncenter wp-image-20310 size-medium\" src=\"https:\/\/www.caudete.org\/ayuntamiento\/wp-content\/uploads\/2022\/10\/WhatsApp-Image-2022-10-11-at-13.58.01-3-300x135.jpeg\" alt=\"\" width=\"300\" height=\"135\" srcset=\"https:\/\/www.caudete.org\/ayuntamiento\/wp-content\/uploads\/2022\/10\/WhatsApp-Image-2022-10-11-at-13.58.01-3-300x135.jpeg 300w, https:\/\/www.caudete.org\/ayuntamiento\/wp-content\/uploads\/2022\/10\/WhatsApp-Image-2022-10-11-at-13.58.01-3-1024x460.jpeg 1024w, https:\/\/www.caudete.org\/ayuntamiento\/wp-content\/uploads\/2022\/10\/WhatsApp-Image-2022-10-11-at-13.58.01-3-768x345.jpeg 768w, https:\/\/www.caudete.org\/ayuntamiento\/wp-content\/uploads\/2022\/10\/WhatsApp-Image-2022-10-11-at-13.58.01-3-1536x690.jpeg 1536w, https:\/\/www.caudete.org\/ayuntamiento\/wp-content\/uploads\/2022\/10\/WhatsApp-Image-2022-10-11-at-13.58.01-3.jpeg 1600w\" sizes=\"(max-width: 300px) 100vw, 300px\" \/><\/a><\/p>\n<p><a href=\"https:\/\/www.caudete.org\/ayuntamiento\/wp-content\/uploads\/2022\/10\/WhatsApp-Image-2022-10-11-at-13.58.01-1.jpeg\" rel='prettyPhoto'><img decoding=\"async\" class=\"aligncenter wp-image-20311 size-medium\" src=\"https:\/\/www.caudete.org\/ayuntamiento\/wp-content\/uploads\/2022\/10\/WhatsApp-Image-2022-10-11-at-13.58.01-1-300x135.jpeg\" alt=\"\" width=\"300\" height=\"135\" srcset=\"https:\/\/www.caudete.org\/ayuntamiento\/wp-content\/uploads\/2022\/10\/WhatsApp-Image-2022-10-11-at-13.58.01-1-300x135.jpeg 300w, https:\/\/www.caudete.org\/ayuntamiento\/wp-content\/uploads\/2022\/10\/WhatsApp-Image-2022-10-11-at-13.58.01-1-1024x460.jpeg 1024w, https:\/\/www.caudete.org\/ayuntamiento\/wp-content\/uploads\/2022\/10\/WhatsApp-Image-2022-10-11-at-13.58.01-1-768x345.jpeg 768w, https:\/\/www.caudete.org\/ayuntamiento\/wp-content\/uploads\/2022\/10\/WhatsApp-Image-2022-10-11-at-13.58.01-1-1536x690.jpeg 1536w, https:\/\/www.caudete.org\/ayuntamiento\/wp-content\/uploads\/2022\/10\/WhatsApp-Image-2022-10-11-at-13.58.01-1.jpeg 1600w\" sizes=\"(max-width: 300px) 100vw, 300px\" \/><\/a><\/p>\n<p><a href=\"https:\/\/www.caudete.org\/ayuntamiento\/wp-content\/uploads\/2022\/10\/WhatsApp-Image-2022-10-11-at-13.58.00-1.jpeg\" rel='prettyPhoto'><img decoding=\"async\" class=\"aligncenter wp-image-20312 size-medium\" src=\"https:\/\/www.caudete.org\/ayuntamiento\/wp-content\/uploads\/2022\/10\/WhatsApp-Image-2022-10-11-at-13.58.00-1-300x135.jpeg\" alt=\"\" width=\"300\" height=\"135\" srcset=\"https:\/\/www.caudete.org\/ayuntamiento\/wp-content\/uploads\/2022\/10\/WhatsApp-Image-2022-10-11-at-13.58.00-1-300x135.jpeg 300w, https:\/\/www.caudete.org\/ayuntamiento\/wp-content\/uploads\/2022\/10\/WhatsApp-Image-2022-10-11-at-13.58.00-1-1024x460.jpeg 1024w, https:\/\/www.caudete.org\/ayuntamiento\/wp-content\/uploads\/2022\/10\/WhatsApp-Image-2022-10-11-at-13.58.00-1-768x345.jpeg 768w, https:\/\/www.caudete.org\/ayuntamiento\/wp-content\/uploads\/2022\/10\/WhatsApp-Image-2022-10-11-at-13.58.00-1-1536x690.jpeg 1536w, https:\/\/www.caudete.org\/ayuntamiento\/wp-content\/uploads\/2022\/10\/WhatsApp-Image-2022-10-11-at-13.58.00-1.jpeg 1600w\" sizes=\"(max-width: 300px) 100vw, 300px\" \/><\/a><\/p>\n","protected":false},"excerpt":{"rendered":"<p>El pasado lunes d\u00eda 10 el Alcalde presid\u00eda, acompa\u00f1ado de Concejales de Gobierno, la toma de posesi\u00f3n del acta de Funcionarios de carrera para los tres nuevos Agentes de Polic\u00eda Local de nuestro municipio. Javier, Sandra y Omar juraban desempe\u00f1ar el cargo y sus funciones con lealtad al Rey y cumplir y hacer cumplir la &hellip;<\/p>\n","protected":false},"author":3,"featured_media":20309,"comment_status":"closed","ping_status":"open","sticky":false,"template":"","format":"standard","meta":{"ngg_post_thumbnail":0,"footnotes":""},"categories":[34],"tags":[],"class_list":["post-20308","post","type-post","status-publish","format-standard","has-post-thumbnail","hentry","category-interior"],"yoast_head":"<!-- This site is optimized with the Yoast SEO plugin v27.5 - https:\/\/yoast.com\/product\/yoast-seo-wordpress\/ -->\n<title>Javier, Sandra y Omar se suman oficialmente como Agentes a la POLIC\u00cdA LOCAL - MI Ayuntamiento de Caudete<\/title>\n<meta name=\"description\" content=\"P\u00e1gina Oficial del Ayuntamiento de Caudete (Albacete)\" \/>\n<meta name=\"robots\" content=\"index, follow, max-snippet:-1, max-image-preview:large, max-video-preview:-1\" \/>\n<link rel=\"canonical\" href=\"https:\/\/www.caudete.org\/ayuntamiento\/javier-sandra-y-omar-se-suman-oficialmente-como-agentes-a-la-policia-local\/\" \/>\n<meta property=\"og:locale\" content=\"es_ES\" \/>\n<meta property=\"og:type\" content=\"article\" \/>\n<meta property=\"og:title\" content=\"Javier, Sandra y Omar se suman oficialmente como Agentes a la POLIC\u00cdA LOCAL - MI Ayuntamiento de Caudete\" \/>\n<meta property=\"og:description\" content=\"P\u00e1gina Oficial del Ayuntamiento de Caudete (Albacete)\" \/>\n<meta property=\"og:url\" content=\"https:\/\/www.caudete.org\/ayuntamiento\/javier-sandra-y-omar-se-suman-oficialmente-como-agentes-a-la-policia-local\/\" \/>\n<meta property=\"og:site_name\" content=\"MI Ayuntamiento de Caudete\" \/>\n<meta property=\"article:publisher\" content=\"https:\/\/www.facebook.com\/ayuntamientocaudete\/\" \/>\n<meta property=\"article:published_time\" content=\"2022-10-13T07:02:56+00:00\" \/>\n<meta property=\"og:image\" content=\"https:\/\/www.caudete.org\/ayuntamiento\/wp-content\/uploads\/2022\/10\/WhatsApp-Image-2022-10-11-at-13.58.01.jpeg\" \/>\n\t<meta property=\"og:image:width\" content=\"1600\" \/>\n\t<meta property=\"og:image:height\" content=\"719\" \/>\n\t<meta property=\"og:image:type\" content=\"image\/jpeg\" \/>\n<meta name=\"author\" content=\"alcalde\" \/>\n<meta name=\"twitter:card\" content=\"summary_large_image\" \/>\n<meta name=\"twitter:label1\" content=\"Escrito por\" \/>\n\t<meta name=\"twitter:data1\" content=\"alcalde\" \/>\n\t<meta name=\"twitter:label2\" content=\"Tiempo de lectura\" \/>\n\t<meta name=\"twitter:data2\" content=\"2 minutos\" \/>\n<script type=\"application\/ld+json\" class=\"yoast-schema-graph\">{\"@context\":\"https:\\\/\\\/schema.org\",\"@graph\":[{\"@type\":\"Article\",\"@id\":\"https:\\\/\\\/www.caudete.org\\\/ayuntamiento\\\/javier-sandra-y-omar-se-suman-oficialmente-como-agentes-a-la-policia-local\\\/#article\",\"isPartOf\":{\"@id\":\"https:\\\/\\\/www.caudete.org\\\/ayuntamiento\\\/javier-sandra-y-omar-se-suman-oficialmente-como-agentes-a-la-policia-local\\\/\"},\"author\":{\"name\":\"alcalde\",\"@id\":\"https:\\\/\\\/www.caudete.org\\\/ayuntamiento\\\/#\\\/schema\\\/person\\\/cc646da9133078ee4d8dd47457947253\"},\"headline\":\"Javier, Sandra y Omar se suman oficialmente como Agentes a la POLIC\u00cdA LOCAL\",\"datePublished\":\"2022-10-13T07:02:56+00:00\",\"mainEntityOfPage\":{\"@id\":\"https:\\\/\\\/www.caudete.org\\\/ayuntamiento\\\/javier-sandra-y-omar-se-suman-oficialmente-como-agentes-a-la-policia-local\\\/\"},\"wordCount\":297,\"image\":{\"@id\":\"https:\\\/\\\/www.caudete.org\\\/ayuntamiento\\\/javier-sandra-y-omar-se-suman-oficialmente-como-agentes-a-la-policia-local\\\/#primaryimage\"},\"thumbnailUrl\":\"https:\\\/\\\/www.caudete.org\\\/ayuntamiento\\\/wp-content\\\/uploads\\\/2022\\\/10\\\/WhatsApp-Image-2022-10-11-at-13.58.01.jpeg\",\"articleSection\":[\"Interior\"],\"inLanguage\":\"es\"},{\"@type\":\"WebPage\",\"@id\":\"https:\\\/\\\/www.caudete.org\\\/ayuntamiento\\\/javier-sandra-y-omar-se-suman-oficialmente-como-agentes-a-la-policia-local\\\/\",\"url\":\"https:\\\/\\\/www.caudete.org\\\/ayuntamiento\\\/javier-sandra-y-omar-se-suman-oficialmente-como-agentes-a-la-policia-local\\\/\",\"name\":\"Javier, Sandra y Omar se suman oficialmente como Agentes a la POLIC\u00cdA LOCAL - MI Ayuntamiento de Caudete\",\"isPartOf\":{\"@id\":\"https:\\\/\\\/www.caudete.org\\\/ayuntamiento\\\/#website\"},\"primaryImageOfPage\":{\"@id\":\"https:\\\/\\\/www.caudete.org\\\/ayuntamiento\\\/javier-sandra-y-omar-se-suman-oficialmente-como-agentes-a-la-policia-local\\\/#primaryimage\"},\"image\":{\"@id\":\"https:\\\/\\\/www.caudete.org\\\/ayuntamiento\\\/javier-sandra-y-omar-se-suman-oficialmente-como-agentes-a-la-policia-local\\\/#primaryimage\"},\"thumbnailUrl\":\"https:\\\/\\\/www.caudete.org\\\/ayuntamiento\\\/wp-content\\\/uploads\\\/2022\\\/10\\\/WhatsApp-Image-2022-10-11-at-13.58.01.jpeg\",\"datePublished\":\"2022-10-13T07:02:56+00:00\",\"author\":{\"@id\":\"https:\\\/\\\/www.caudete.org\\\/ayuntamiento\\\/#\\\/schema\\\/person\\\/cc646da9133078ee4d8dd47457947253\"},\"description\":\"P\u00e1gina Oficial del Ayuntamiento de Caudete (Albacete)\",\"breadcrumb\":{\"@id\":\"https:\\\/\\\/www.caudete.org\\\/ayuntamiento\\\/javier-sandra-y-omar-se-suman-oficialmente-como-agentes-a-la-policia-local\\\/#breadcrumb\"},\"inLanguage\":\"es\",\"potentialAction\":[{\"@type\":\"ReadAction\",\"target\":[\"https:\\\/\\\/www.caudete.org\\\/ayuntamiento\\\/javier-sandra-y-omar-se-suman-oficialmente-como-agentes-a-la-policia-local\\\/\"]}]},{\"@type\":\"ImageObject\",\"inLanguage\":\"es\",\"@id\":\"https:\\\/\\\/www.caudete.org\\\/ayuntamiento\\\/javier-sandra-y-omar-se-suman-oficialmente-como-agentes-a-la-policia-local\\\/#primaryimage\",\"url\":\"https:\\\/\\\/www.caudete.org\\\/ayuntamiento\\\/wp-content\\\/uploads\\\/2022\\\/10\\\/WhatsApp-Image-2022-10-11-at-13.58.01.jpeg\",\"contentUrl\":\"https:\\\/\\\/www.caudete.org\\\/ayuntamiento\\\/wp-content\\\/uploads\\\/2022\\\/10\\\/WhatsApp-Image-2022-10-11-at-13.58.01.jpeg\",\"width\":1600,\"height\":719},{\"@type\":\"BreadcrumbList\",\"@id\":\"https:\\\/\\\/www.caudete.org\\\/ayuntamiento\\\/javier-sandra-y-omar-se-suman-oficialmente-como-agentes-a-la-policia-local\\\/#breadcrumb\",\"itemListElement\":[{\"@type\":\"ListItem\",\"position\":1,\"name\":\"Inicio\",\"item\":\"https:\\\/\\\/www.caudete.org\\\/ayuntamiento\\\/\"},{\"@type\":\"ListItem\",\"position\":2,\"name\":\"Javier, Sandra y Omar se suman oficialmente como Agentes a la POLIC\u00cdA LOCAL\"}]},{\"@type\":\"WebSite\",\"@id\":\"https:\\\/\\\/www.caudete.org\\\/ayuntamiento\\\/#website\",\"url\":\"https:\\\/\\\/www.caudete.org\\\/ayuntamiento\\\/\",\"name\":\"MI Ayuntamiento de Caudete\",\"description\":\"P\u00e1gina Oficial del MI Ayuntamiento de Caudete\",\"potentialAction\":[{\"@type\":\"SearchAction\",\"target\":{\"@type\":\"EntryPoint\",\"urlTemplate\":\"https:\\\/\\\/www.caudete.org\\\/ayuntamiento\\\/?s={search_term_string}\"},\"query-input\":{\"@type\":\"PropertyValueSpecification\",\"valueRequired\":true,\"valueName\":\"search_term_string\"}}],\"inLanguage\":\"es\"},{\"@type\":\"Person\",\"@id\":\"https:\\\/\\\/www.caudete.org\\\/ayuntamiento\\\/#\\\/schema\\\/person\\\/cc646da9133078ee4d8dd47457947253\",\"name\":\"alcalde\",\"image\":{\"@type\":\"ImageObject\",\"inLanguage\":\"es\",\"@id\":\"https:\\\/\\\/secure.gravatar.com\\\/avatar\\\/84a817ba065b29ff08d666b215a215f5c79186a645ccb25b14a663d48a130f77?s=96&d=mm&r=g\",\"url\":\"https:\\\/\\\/secure.gravatar.com\\\/avatar\\\/84a817ba065b29ff08d666b215a215f5c79186a645ccb25b14a663d48a130f77?s=96&d=mm&r=g\",\"contentUrl\":\"https:\\\/\\\/secure.gravatar.com\\\/avatar\\\/84a817ba065b29ff08d666b215a215f5c79186a645ccb25b14a663d48a130f77?s=96&d=mm&r=g\",\"caption\":\"alcalde\"},\"url\":\"https:\\\/\\\/www.caudete.org\\\/ayuntamiento\\\/author\\\/alcalde\\\/\"}]}<\/script>\n<!-- \/ Yoast SEO plugin. -->","yoast_head_json":{"title":"Javier, Sandra y Omar se suman oficialmente como Agentes a la POLIC\u00cdA LOCAL - MI Ayuntamiento de Caudete","description":"P\u00e1gina Oficial del Ayuntamiento de Caudete (Albacete)","robots":{"index":"index","follow":"follow","max-snippet":"max-snippet:-1","max-image-preview":"max-image-preview:large","max-video-preview":"max-video-preview:-1"},"canonical":"https:\/\/www.caudete.org\/ayuntamiento\/javier-sandra-y-omar-se-suman-oficialmente-como-agentes-a-la-policia-local\/","og_locale":"es_ES","og_type":"article","og_title":"Javier, Sandra y Omar se suman oficialmente como Agentes a la POLIC\u00cdA LOCAL - MI Ayuntamiento de Caudete","og_description":"P\u00e1gina Oficial del Ayuntamiento de Caudete (Albacete)","og_url":"https:\/\/www.caudete.org\/ayuntamiento\/javier-sandra-y-omar-se-suman-oficialmente-como-agentes-a-la-policia-local\/","og_site_name":"MI Ayuntamiento de Caudete","article_publisher":"https:\/\/www.facebook.com\/ayuntamientocaudete\/","article_published_time":"2022-10-13T07:02:56+00:00","og_image":[{"width":1600,"height":719,"url":"https:\/\/www.caudete.org\/ayuntamiento\/wp-content\/uploads\/2022\/10\/WhatsApp-Image-2022-10-11-at-13.58.01.jpeg","type":"image\/jpeg"}],"author":"alcalde","twitter_card":"summary_large_image","twitter_misc":{"Escrito por":"alcalde","Tiempo de lectura":"2 minutos"},"schema":{"@context":"https:\/\/schema.org","@graph":[{"@type":"Article","@id":"https:\/\/www.caudete.org\/ayuntamiento\/javier-sandra-y-omar-se-suman-oficialmente-como-agentes-a-la-policia-local\/#article","isPartOf":{"@id":"https:\/\/www.caudete.org\/ayuntamiento\/javier-sandra-y-omar-se-suman-oficialmente-como-agentes-a-la-policia-local\/"},"author":{"name":"alcalde","@id":"https:\/\/www.caudete.org\/ayuntamiento\/#\/schema\/person\/cc646da9133078ee4d8dd47457947253"},"headline":"Javier, Sandra y Omar se suman oficialmente como Agentes a la POLIC\u00cdA LOCAL","datePublished":"2022-10-13T07:02:56+00:00","mainEntityOfPage":{"@id":"https:\/\/www.caudete.org\/ayuntamiento\/javier-sandra-y-omar-se-suman-oficialmente-como-agentes-a-la-policia-local\/"},"wordCount":297,"image":{"@id":"https:\/\/www.caudete.org\/ayuntamiento\/javier-sandra-y-omar-se-suman-oficialmente-como-agentes-a-la-policia-local\/#primaryimage"},"thumbnailUrl":"https:\/\/www.caudete.org\/ayuntamiento\/wp-content\/uploads\/2022\/10\/WhatsApp-Image-2022-10-11-at-13.58.01.jpeg","articleSection":["Interior"],"inLanguage":"es"},{"@type":"WebPage","@id":"https:\/\/www.caudete.org\/ayuntamiento\/javier-sandra-y-omar-se-suman-oficialmente-como-agentes-a-la-policia-local\/","url":"https:\/\/www.caudete.org\/ayuntamiento\/javier-sandra-y-omar-se-suman-oficialmente-como-agentes-a-la-policia-local\/","name":"Javier, Sandra y Omar se suman oficialmente como Agentes a la POLIC\u00cdA LOCAL - MI Ayuntamiento de Caudete","isPartOf":{"@id":"https:\/\/www.caudete.org\/ayuntamiento\/#website"},"primaryImageOfPage":{"@id":"https:\/\/www.caudete.org\/ayuntamiento\/javier-sandra-y-omar-se-suman-oficialmente-como-agentes-a-la-policia-local\/#primaryimage"},"image":{"@id":"https:\/\/www.caudete.org\/ayuntamiento\/javier-sandra-y-omar-se-suman-oficialmente-como-agentes-a-la-policia-local\/#primaryimage"},"thumbnailUrl":"https:\/\/www.caudete.org\/ayuntamiento\/wp-content\/uploads\/2022\/10\/WhatsApp-Image-2022-10-11-at-13.58.01.jpeg","datePublished":"2022-10-13T07:02:56+00:00","author":{"@id":"https:\/\/www.caudete.org\/ayuntamiento\/#\/schema\/person\/cc646da9133078ee4d8dd47457947253"},"description":"P\u00e1gina Oficial del Ayuntamiento de Caudete (Albacete)","breadcrumb":{"@id":"https:\/\/www.caudete.org\/ayuntamiento\/javier-sandra-y-omar-se-suman-oficialmente-como-agentes-a-la-policia-local\/#breadcrumb"},"inLanguage":"es","potentialAction":[{"@type":"ReadAction","target":["https:\/\/www.caudete.org\/ayuntamiento\/javier-sandra-y-omar-se-suman-oficialmente-como-agentes-a-la-policia-local\/"]}]},{"@type":"ImageObject","inLanguage":"es","@id":"https:\/\/www.caudete.org\/ayuntamiento\/javier-sandra-y-omar-se-suman-oficialmente-como-agentes-a-la-policia-local\/#primaryimage","url":"https:\/\/www.caudete.org\/ayuntamiento\/wp-content\/uploads\/2022\/10\/WhatsApp-Image-2022-10-11-at-13.58.01.jpeg","contentUrl":"https:\/\/www.caudete.org\/ayuntamiento\/wp-content\/uploads\/2022\/10\/WhatsApp-Image-2022-10-11-at-13.58.01.jpeg","width":1600,"height":719},{"@type":"BreadcrumbList","@id":"https:\/\/www.caudete.org\/ayuntamiento\/javier-sandra-y-omar-se-suman-oficialmente-como-agentes-a-la-policia-local\/#breadcrumb","itemListElement":[{"@type":"ListItem","position":1,"name":"Inicio","item":"https:\/\/www.caudete.org\/ayuntamiento\/"},{"@type":"ListItem","position":2,"name":"Javier, Sandra y Omar se suman oficialmente como Agentes a la POLIC\u00cdA LOCAL"}]},{"@type":"WebSite","@id":"https:\/\/www.caudete.org\/ayuntamiento\/#website","url":"https:\/\/www.caudete.org\/ayuntamiento\/","name":"MI Ayuntamiento de Caudete","description":"P\u00e1gina Oficial del MI Ayuntamiento de Caudete","potentialAction":[{"@type":"SearchAction","target":{"@type":"EntryPoint","urlTemplate":"https:\/\/www.caudete.org\/ayuntamiento\/?s={search_term_string}"},"query-input":{"@type":"PropertyValueSpecification","valueRequired":true,"valueName":"search_term_string"}}],"inLanguage":"es"},{"@type":"Person","@id":"https:\/\/www.caudete.org\/ayuntamiento\/#\/schema\/person\/cc646da9133078ee4d8dd47457947253","name":"alcalde","image":{"@type":"ImageObject","inLanguage":"es","@id":"https:\/\/secure.gravatar.com\/avatar\/84a817ba065b29ff08d666b215a215f5c79186a645ccb25b14a663d48a130f77?s=96&d=mm&r=g","url":"https:\/\/secure.gravatar.com\/avatar\/84a817ba065b29ff08d666b215a215f5c79186a645ccb25b14a663d48a130f77?s=96&d=mm&r=g","contentUrl":"https:\/\/secure.gravatar.com\/avatar\/84a817ba065b29ff08d666b215a215f5c79186a645ccb25b14a663d48a130f77?s=96&d=mm&r=g","caption":"alcalde"},"url":"https:\/\/www.caudete.org\/ayuntamiento\/author\/alcalde\/"}]}},"_links":{"self":[{"href":"https:\/\/www.caudete.org\/ayuntamiento\/wp-json\/wp\/v2\/posts\/20308","targetHints":{"allow":["GET"]}}],"collection":[{"href":"https:\/\/www.caudete.org\/ayuntamiento\/wp-json\/wp\/v2\/posts"}],"about":[{"href":"https:\/\/www.caudete.org\/ayuntamiento\/wp-json\/wp\/v2\/types\/post"}],"author":[{"embeddable":true,"href":"https:\/\/www.caudete.org\/ayuntamiento\/wp-json\/wp\/v2\/users\/3"}],"replies":[{"embeddable":true,"href":"https:\/\/www.caudete.org\/ayuntamiento\/wp-json\/wp\/v2\/comments?post=20308"}],"version-history":[{"count":1,"href":"https:\/\/www.caudete.org\/ayuntamiento\/wp-json\/wp\/v2\/posts\/20308\/revisions"}],"predecessor-version":[{"id":20313,"href":"https:\/\/www.caudete.org\/ayuntamiento\/wp-json\/wp\/v2\/posts\/20308\/revisions\/20313"}],"wp:featuredmedia":[{"embeddable":true,"href":"https:\/\/www.caudete.org\/ayuntamiento\/wp-json\/wp\/v2\/media\/20309"}],"wp:attachment":[{"href":"https:\/\/www.caudete.org\/ayuntamiento\/wp-json\/wp\/v2\/media?parent=20308"}],"wp:term":[{"taxonomy":"category","embeddable":true,"href":"https:\/\/www.caudete.org\/ayuntamiento\/wp-json\/wp\/v2\/categories?post=20308"},{"taxonomy":"post_tag","embeddable":true,"href":"https:\/\/www.caudete.org\/ayuntamiento\/wp-json\/wp\/v2\/tags?post=20308"}],"curies":[{"name":"wp","href":"https:\/\/api.w.org\/{rel}","templated":true}]}}