{"id":20315,"date":"2022-10-13T09:39:03","date_gmt":"2022-10-13T07:39:03","guid":{"rendered":"https:\/\/www.caudete.org\/ayuntamiento\/?p=20315"},"modified":"2022-10-13T09:39:03","modified_gmt":"2022-10-13T07:39:03","slug":"la-concejal-de-aguas-ofrece-toda-la-informacion-sobre-la-restriccion-del-consumo-de-agua-del-pasado-11-de-mayo","status":"publish","type":"post","link":"https:\/\/www.caudete.org\/ayuntamiento\/la-concejal-de-aguas-ofrece-toda-la-informacion-sobre-la-restriccion-del-consumo-de-agua-del-pasado-11-de-mayo\/","title":{"rendered":"La Concejal de Aguas ofrece toda la informaci\u00f3n sobre la restricci\u00f3n del consumo de agua del pasado 11 de Mayo"},"content":{"rendered":"<p style=\"text-align: justify;\"><span style=\"color: #000000;\">La Concejal\u00eda de Ciclo Integral del Agua, con el deseo de aclarar y dar toda la informaci\u00f3n a los vecinos de la localidad sobre lo ocurrido el pasado 11 de Mayo con una anal\u00edtica de agua que oblig\u00f3 a restringir la misma para consumo humano durante 48 horas, emite la siguiente nota informativa.<\/span><\/p>\n<p style=\"text-align: justify;\"><span style=\"color: #000000;\">Sirva tambi\u00e9n la misma para poner fin a la politizaci\u00f3n de un asunto tan sensible como lo es el agua, ofreciendo toda la verdad de lo ocurrido y de esta forma tambi\u00e9n se pueda poner fin a las m\u00faltiples acusaciones y a las dudas generadas en la gesti\u00f3n de la misma por los grupos pol\u00edticos de la oposici\u00f3n.<\/span><\/p>\n<p style=\"text-align: justify;\"><span style=\"color: #000000;\">Sepan por adelantado que toda acci\u00f3n y decisi\u00f3n ha sido tomada en base al asesoramiento de los t\u00e9cnicos competentes tanto de la administraci\u00f3n local como regional (Servicio de Salud P\u00fablica), en cumplimiento de los protocolos establecidos y siempre prensando en la salud y el bienestar de todos los caudetanos.<\/span><\/p>\n<p>&nbsp;<\/p>\n<p style=\"text-align: justify;\"><span style=\"color: #000000;\">En la toma de muestras del agua potable que el Ayuntamiento realiza mensualmente mediante empresa externa, para cumplir con la normativa, se detecta en la extra\u00edda el d\u00eda 11 de Mayo de 2022 la presencia de coliformes, en cantidad de 1 colonia.<\/span><\/p>\n<p style=\"text-align: justify;\"><span style=\"color: #000000;\">Con dicho resultado, desde el \u00c1rea del Ciclo Integral del Agua del Ayuntamiento de Caudete ese mismo d\u00eda se pone de forma inmediata en contacto con el Inspector del Servicio de Salud P\u00fablica, para trasladar la incidencia y aplicar el protocolo y medidas correctoras que correspondan.<\/span><\/p>\n<p style=\"text-align: justify;\"><span style=\"color: #000000;\">V\u00eda telef\u00f3nica, se aconseja al Consistorio activar el protocolo para corregir la anomal\u00eda, y por precauci\u00f3n, la posibilidad de restringir el agua para consumo humano, cuesti\u00f3n que por responsabilidad el Ayuntamiento toma en consideraci\u00f3n y aplica.<\/span><\/p>\n<p style=\"text-align: justify;\"><span style=\"color: #000000;\">Al d\u00eda siguiente, se persona el Inspector del Servicio de Salud P\u00fablica para levantar acta de inspecci\u00f3n, la cual transcribimos de forma literal y comentamos para un mayor entendimiento, aplicando por tanto total transparencia a los hechos.<\/span><\/p>\n<p>&nbsp;<\/p>\n<p style=\"text-align: center;\"><em><span style=\"text-decoration: underline;\"><strong><span style=\"color: #000000; text-decoration: underline;\">ACTA DE INSPECCI\u00d3N <span style=\"color: #000000;\">n.\u00ba FTT. 01\/120522<\/span><\/span><\/strong><\/span><\/em><\/p>\n<p style=\"text-align: justify; padding-left: 40px;\"><em><span style=\"color: #000000;\">En Caudete a las 11,30 horas del d\u00eda 12 de mayo de 2022. Inspector: Francisco Javier Toledo Tom\u00e1s.<\/span><\/em><\/p>\n<p style=\"text-align: center;\"><em><span style=\"color: #000000;\"><u>Hechos<\/u><\/span><\/em><\/p>\n<p style=\"text-align: justify; padding-left: 40px;\"><em><span style=\"color: #000000;\">Tras notificaci\u00f3n v\u00eda telef\u00f3nica de resultado anal\u00edtico positivo a coliformes totales (1 colonia) del dep\u00f3sito nuevo en el d\u00eda 11\/05\/22, se realiza en el d\u00eda de hoy inspecci\u00f3n comprobando lo siguiente:<\/span><\/em><\/p>\n<p style=\"text-align: justify; padding-left: 80px;\"><em><span style=\"color: #000000;\"><b>&lt;&lt;<span style=\"text-decoration: underline;\">Comentario:<\/span> s<\/b><b>eg\u00fan el Real Decreto <\/b><b>140\/2003 los coliformes en la red de agua deben ser <\/b><b>0<\/b><b>, pero en el articulo 19 de este Real Decreto se permiten programas auton\u00f3micos de vigilancia del agua de consumo humano<\/b><b>, <\/b><b>y el de Castilla la Mancha dice que de 1 a 99 <\/b><b>colonias <\/b><b>de coliformes <\/b><b>el agua es <\/b><b>considerada <\/b><b>no conforme <\/b><b>estim\u00e1ndose el consumo de agua <\/b><b>no peligroso para la salud, <\/b><b>siendo<\/b><b> a partir de de 100 colonias <\/b><b>de coliformes cuando<\/b><b> pasa a ser <\/b><b>considerada N<\/b><b>o <\/b><b>A<\/b><b>pta <\/b><b>para consumo humano&gt;&gt;<\/b><b><\/b><\/span><\/em><\/p>\n<p style=\"text-align: justify;\">\n<p style=\"text-align: justify; padding-left: 40px;\"><em><span style=\"color: #000000;\">-Al tratarse de una No Conformidad, se comprueba su Programa de Autocontrol en el cual se indican las medidas correctoras a llevar a cabo en caso de incumplimiento anal\u00edtico consider\u00e1ndose correctoras.<\/span><\/em><\/p>\n<p style=\"text-align: justify; padding-left: 80px;\"><em><span style=\"color: #000000;\"><b>&lt;&lt;<span style=\"text-decoration: underline;\">Comentario:<\/span> cuando esto ocurre, se pone en conocimiento del <\/b><b>Inspector del Servicio de Salud P\u00fablica<\/b><b>, quien indica el procedimiento <\/b><b>a seguir. <\/b><b>Cabe destacar que en <\/b><b>2013 <\/b><b>ocurri\u00f3 algo similar <\/b><b>y el <\/b><b>Inspector del Servicio de Salud P\u00fablica<\/b><b> que hab\u00eda entonces nos pidi\u00f3 que volvi\u00e9ramos a tomar la muestra, y al salir bien no fue necesario hacer ninguna otra <\/b><b>actuaci\u00f3n<\/b><b>.&gt;&gt;<\/b><b><\/b><\/span><\/em><\/p>\n<p>&nbsp;<\/p>\n<p style=\"text-align: justify; padding-left: 40px;\"><em><span style=\"color: #000000;\">-Manifiestan que, en cuanto tuvieron conocimiento del incumplimiento, procedieron a realizar una hipercloraci\u00f3n en el deposito y pusieron en conocimiento de la poblaci\u00f3n la prohibici\u00f3n de beber agua de la red hasta nueva orden.<\/span><\/em><\/p>\n<p style=\"text-align: justify; padding-left: 80px;\"><em><span style=\"color: #000000;\"><b>&lt;&lt;<span style=\"text-decoration: underline;\">Comentario:<\/span> trasladada la incidencia de los coliformes al <\/b><b>Inspector del Servicio de Salud P\u00fablica<\/b><b>, \u00e9ste solicit\u00f3 <\/b><b>subir la dosis de cloro <\/b><b>para eliminar la bacteria <\/b><b>y restringir el consumo de agua<\/b><b>. <\/b><\/span><\/em><\/p>\n<p style=\"text-align: justify; padding-left: 80px;\"><em><span style=\"color: #000000;\"><b style=\"color: #000000;\">El aumento de cloro en agua para consumo humano modifica las caracter\u00edsticas organol\u00e9pticas del agua <\/b><b style=\"color: #000000;\">(color, olor, sabor,\u00a0<\/b><span style=\"color: #000000;\"><b>etc.<\/b><\/span><b style=\"color: #000000;\">)<\/b><b style=\"color: #000000;\">, <\/b><b style=\"color: #000000;\">y en cantidades excesivas puede ser perjudicial para la salud. <\/b><b style=\"color: #000000;\">Este era el motivo de la prohibici\u00f3n, el aumento de cloro en agua para eliminar la bacteria, y no la bacteria en si, ya que <\/b><b style=\"color: #000000;\">siendo<\/b><b style=\"color: #000000;\"> una cantidad insignificante <\/b><b style=\"color: #000000;\">(1 colonia)<\/b><b style=\"color: #000000;\"> <\/b><b style=\"color: #000000;\">no <\/b><b style=\"color: #000000;\">es<\/b><b style=\"color: #000000;\"> perjudicial para el ser humano<\/b><b style=\"color: #000000;\">, aunque <\/b><b style=\"color: #000000;\">con un <\/b><span style=\"color: #000000;\"><b>\u00edndice<\/b><\/span><b style=\"color: #000000;\"> muy alto de coliformes <\/b><b style=\"color: #000000;\">puede producir colitis <\/b><b style=\"color: #000000;\">en los seres humanos.&gt;&gt;<\/b><\/span><\/em><\/p>\n<p>&nbsp;<\/p>\n<p style=\"text-align: justify; padding-left: 40px;\"><em><span style=\"color: #000000;\">-Se comprueban los registros de limpieza del deposito y el ultimo certificado de limpieza fechado el 11\/05\/21.<\/span><\/em><\/p>\n<p style=\"text-align: justify; padding-left: 80px;\"><em><span style=\"color: #000000;\"><b>&lt;&lt;<span style=\"text-decoration: underline;\">Comentario:<\/span> l<\/b><b>os dep\u00f3sitos se limpian cada <\/b><b>tres <\/b><b>a\u00f1os, <\/b><b>seg\u00fan est\u00e1 estipulado en el Protocolo de Autocontrol y Gesti\u00f3n de abastecimiento de agua de Caudete.&gt;&gt;<\/b><\/span><\/em><\/p>\n<p>&nbsp;<\/p>\n<p style=\"text-align: justify; padding-left: 40px;\"><em><span style=\"color: #000000;\">-Se comprueba que no han anotado la incidencia en SINAC (pendiente).<\/span><\/em><\/p>\n<p style=\"text-align: justify; padding-left: 80px;\"><em><span style=\"color: #000000;\"><b>&lt;&lt;<span style=\"text-decoration: underline;\">Comentario:<\/span> la incidencia se registr\u00f3 en el plazo legal, tras la visita del Inspector del Servicio de Salud P\u00fablica y revisada por \u00e9l. <\/b><\/span><\/em><\/p>\n<p style=\"text-align: justify; padding-left: 80px;\"><em><span style=\"color: #000000;\"><b>E<\/b><b>l SINAC es la <\/b><b>aplicaci\u00f3n<\/b><b> que tiene Sanidad, donde se vuelcan los resultados de las anal\u00edticas que se hacen mensualmente <\/b><b>p<\/b><b>ara llevar el control del buen estado de la red de agua en general. <\/b><b>La <\/b><b>cantidad de<\/b><b> anal\u00edticas viene estipulada por el Real Decreto <\/b><b>ya mencionado <\/b><b>y es el Inspector del Servicio de Salud P\u00fablica <\/b><b>quien mediante un cuadrante anual establece l<\/b><b>os diferentes puntos donde hay que t<\/b><b>o<\/b><b>mar las muestras, dep\u00f3sitos, fuentes, edificios municipale<\/b><b>s, etc.&gt;&gt;<\/b><\/span><\/em><\/p>\n<p>&nbsp;<\/p>\n<p style=\"text-align: justify; padding-left: 40px;\"><em><span style=\"color: #000000;\">-Se miden los valores de cloro libre residual en la red(0,10mg\/l) y en el deposito(0,27mg\/l), al estar dentro de los rangos aceptables se informa que pueden levantar la prohibici\u00f3n de beber agua a la poblaci\u00f3n.<\/span><\/em><\/p>\n<p style=\"text-align: justify; padding-left: 80px;\"><em><span style=\"color: #000000;\"><b>&lt;&lt;<span style=\"text-decoration: underline;\">Comentario:<\/span> este proceso de comprobaci\u00f3n de cloro en la red es el que se realiza de forma diaria por los operarios municipales.<\/b><\/span><\/em><\/p>\n<p style=\"text-align: justify; padding-left: 80px;\"><em><span style=\"color: #000000;\"><b>El levantamiento de la prohibici\u00f3n adem\u00e1s ha de contemplar la inexistencia de coliformes, motivo por el que se hiperclor\u00f3, ya que de lo contrario habr\u00eda que repetir el proceso.&gt;&gt;<\/b><\/span><\/em><\/p>\n<p>&nbsp;<\/p>\n<p style=\"text-align: justify; padding-left: 40px;\"><em><span style=\"color: #000000;\">-Se comprueba que en el d\u00eda de hoy se ha realizado una nueva toma de muestra de agua del deposito, se informa que en el momento tengan conocimiento del resultado, tendr\u00e1n que contactar con los Servicios Oficiales de Salud P\u00fablica para informar del mismo.<\/span><\/em><\/p>\n<p style=\"text-align: justify; padding-left: 80px;\"><em><span style=\"color: #000000;\"><b>&lt;&lt;<span style=\"text-decoration: underline;\">Comentario:<\/span> recibido el resultado de la nueva muestra realizada, se comprueba que el numero de coliformes es cero, lo cual se comunic\u00f3 al Inspector del Servicio de Salud P\u00fablica y se procedi\u00f3 a levantar la prohibici\u00f3n de consumo de agua a la ciudadan\u00eda.&gt;&gt;<\/b><\/span><\/em><\/p>\n<p>&nbsp;<\/p>\n<p style=\"text-align: justify; padding-left: 40px;\"><em><span style=\"color: #000000;\">-Por \u00faltimo, se les insta a que investiguen cual ha podido ser el problema para que se haya dado ese resultado anal\u00edtico y as\u00ed evitar que pueda volver a ocurrir, manifiestan que van a subir la dosificaci\u00f3n de di\u00f3xido de cloro adem\u00e1s de evaluar las posibles causas.<\/span><\/em><\/p>\n<p style=\"text-align: justify; padding-left: 80px;\"><em><span style=\"color: #000000;\"><b>&lt;&lt;<span style=\"text-decoration: underline;\">Comentario:<\/span> d<\/b><b>esde mayo de 2018 tenemos instalado un Equipo de Control y Telemedida en el Dep\u00f3sito Nuevo y en el sistema de bombeo de cada uno de los pozos con automatizaci\u00f3n y telemando de red GSM y red GPRS. E<\/b><b>ste equipo permite:<\/b><\/span><\/em><\/p>\n<p style=\"text-align: justify; padding-left: 80px;\"><em><span style=\"color: #000000;\"><b>1-<\/b><b>C<\/b><b>ontrolar el funcionamiento normal de los pozos, ausencia de tensi\u00f3n en la red, bajo nivel fre\u00e1tico del acu\u00edfero, alarma por intrusismo, control de los par\u00e1metros el\u00e9ctricos y de caudal de agua extra\u00edda, as\u00ed como la posibilidad de parada y puesta en marcha a distancia.<\/b><\/span><\/em><\/p>\n<p style=\"text-align: justify; padding-left: 80px;\"><em><span style=\"color: #000000;\"><b>2-<\/b><b>C<\/b><b>ontrolar el sistema de desinfecci\u00f3n del agua, tenemos datos a tiempo real de caudales de entrada de agua, niveles del agua del dep\u00f3sito, producci\u00f3n de di\u00f3xido de cloro y su dosificaci\u00f3n, inyecci\u00f3n de CO2, valores de PH y alarma de falta de tensi\u00f3n e intrusismo.<\/b><\/span><\/em><\/p>\n<p style=\"text-align: justify; padding-left: 80px;\"><em><span style=\"color: #000000;\"><b>3-Estado del dep\u00f3sito de 5000m3 <\/b><b>para saber en todo momento los niveles de agua, con alarma de bajo o alto nivel e intrusismo.<\/b><\/span><\/em><\/p>\n<p style=\"text-align: justify; padding-left: 80px;\"><em><span style=\"color: #000000;\"><b>En cuanto al origen del resultado anal\u00edtico, pudo ocurrir por una mala ejecuci\u00f3n de la toma de la muestra por parte del operario de la empresa autorizada, ya que este proceso lleva un riguroso protocolo de limpieza, desinfecci\u00f3n, etc. y un m\u00ednimo fallo en el mismo puede contaminar la muestra.&gt;&gt;<\/b><\/span><\/em><\/p>\n","protected":false},"excerpt":{"rendered":"<p>La Concejal\u00eda de Ciclo Integral del Agua, con el deseo de aclarar y dar toda la informaci\u00f3n a los vecinos de la localidad sobre lo ocurrido el pasado 11 de Mayo con una anal\u00edtica de agua que oblig\u00f3 a restringir la misma para consumo humano durante 48 horas, emite la siguiente nota informativa. Sirva tambi\u00e9n &hellip;<\/p>\n","protected":false},"author":3,"featured_media":20316,"comment_status":"closed","ping_status":"open","sticky":false,"template":"","format":"standard","meta":{"ngg_post_thumbnail":0,"footnotes":""},"categories":[49],"tags":[],"class_list":["post-20315","post","type-post","status-publish","format-standard","has-post-thumbnail","hentry","category-ciclo-integral-del-agua"],"yoast_head":"<!-- This site is optimized with the Yoast SEO plugin v27.5 - https:\/\/yoast.com\/product\/yoast-seo-wordpress\/ -->\n<title>La Concejal de Aguas ofrece toda la informaci\u00f3n sobre la restricci\u00f3n del consumo de agua del pasado 11 de Mayo - MI Ayuntamiento de Caudete<\/title>\n<meta name=\"description\" content=\"P\u00e1gina Oficial del Ayuntamiento de Caudete (Albacete)\" \/>\n<meta name=\"robots\" content=\"index, follow, max-snippet:-1, max-image-preview:large, max-video-preview:-1\" \/>\n<link rel=\"canonical\" href=\"https:\/\/www.caudete.org\/ayuntamiento\/la-concejal-de-aguas-ofrece-toda-la-informacion-sobre-la-restriccion-del-consumo-de-agua-del-pasado-11-de-mayo\/\" \/>\n<meta property=\"og:locale\" content=\"es_ES\" \/>\n<meta property=\"og:type\" content=\"article\" \/>\n<meta property=\"og:title\" content=\"La Concejal de Aguas ofrece toda la informaci\u00f3n sobre la restricci\u00f3n del consumo de agua del pasado 11 de Mayo - MI Ayuntamiento de Caudete\" \/>\n<meta property=\"og:description\" content=\"P\u00e1gina Oficial del Ayuntamiento de Caudete (Albacete)\" \/>\n<meta property=\"og:url\" content=\"https:\/\/www.caudete.org\/ayuntamiento\/la-concejal-de-aguas-ofrece-toda-la-informacion-sobre-la-restriccion-del-consumo-de-agua-del-pasado-11-de-mayo\/\" \/>\n<meta property=\"og:site_name\" content=\"MI Ayuntamiento de Caudete\" \/>\n<meta property=\"article:publisher\" content=\"https:\/\/www.facebook.com\/ayuntamientocaudete\/\" \/>\n<meta property=\"article:published_time\" content=\"2022-10-13T07:39:03+00:00\" \/>\n<meta property=\"og:image\" content=\"https:\/\/www.caudete.org\/ayuntamiento\/wp-content\/uploads\/2022\/10\/IMG_0268.jpg\" \/>\n\t<meta property=\"og:image:width\" content=\"1600\" \/>\n\t<meta property=\"og:image:height\" content=\"1067\" \/>\n\t<meta property=\"og:image:type\" content=\"image\/jpeg\" \/>\n<meta name=\"author\" content=\"alcalde\" \/>\n<meta name=\"twitter:card\" content=\"summary_large_image\" \/>\n<meta name=\"twitter:label1\" content=\"Escrito por\" \/>\n\t<meta name=\"twitter:data1\" content=\"alcalde\" \/>\n\t<meta name=\"twitter:label2\" content=\"Tiempo de lectura\" \/>\n\t<meta name=\"twitter:data2\" content=\"6 minutos\" \/>\n<script type=\"application\/ld+json\" class=\"yoast-schema-graph\">{\"@context\":\"https:\\\/\\\/schema.org\",\"@graph\":[{\"@type\":\"Article\",\"@id\":\"https:\\\/\\\/www.caudete.org\\\/ayuntamiento\\\/la-concejal-de-aguas-ofrece-toda-la-informacion-sobre-la-restriccion-del-consumo-de-agua-del-pasado-11-de-mayo\\\/#article\",\"isPartOf\":{\"@id\":\"https:\\\/\\\/www.caudete.org\\\/ayuntamiento\\\/la-concejal-de-aguas-ofrece-toda-la-informacion-sobre-la-restriccion-del-consumo-de-agua-del-pasado-11-de-mayo\\\/\"},\"author\":{\"name\":\"alcalde\",\"@id\":\"https:\\\/\\\/www.caudete.org\\\/ayuntamiento\\\/#\\\/schema\\\/person\\\/cc646da9133078ee4d8dd47457947253\"},\"headline\":\"La Concejal de Aguas ofrece toda la informaci\u00f3n sobre la restricci\u00f3n del consumo de agua del pasado 11 de Mayo\",\"datePublished\":\"2022-10-13T07:39:03+00:00\",\"mainEntityOfPage\":{\"@id\":\"https:\\\/\\\/www.caudete.org\\\/ayuntamiento\\\/la-concejal-de-aguas-ofrece-toda-la-informacion-sobre-la-restriccion-del-consumo-de-agua-del-pasado-11-de-mayo\\\/\"},\"wordCount\":1436,\"image\":{\"@id\":\"https:\\\/\\\/www.caudete.org\\\/ayuntamiento\\\/la-concejal-de-aguas-ofrece-toda-la-informacion-sobre-la-restriccion-del-consumo-de-agua-del-pasado-11-de-mayo\\\/#primaryimage\"},\"thumbnailUrl\":\"https:\\\/\\\/www.caudete.org\\\/ayuntamiento\\\/wp-content\\\/uploads\\\/2022\\\/10\\\/IMG_0268.jpg\",\"articleSection\":[\"Ciclo Integral del Agua\"],\"inLanguage\":\"es\"},{\"@type\":\"WebPage\",\"@id\":\"https:\\\/\\\/www.caudete.org\\\/ayuntamiento\\\/la-concejal-de-aguas-ofrece-toda-la-informacion-sobre-la-restriccion-del-consumo-de-agua-del-pasado-11-de-mayo\\\/\",\"url\":\"https:\\\/\\\/www.caudete.org\\\/ayuntamiento\\\/la-concejal-de-aguas-ofrece-toda-la-informacion-sobre-la-restriccion-del-consumo-de-agua-del-pasado-11-de-mayo\\\/\",\"name\":\"La Concejal de Aguas ofrece toda la informaci\u00f3n sobre la restricci\u00f3n del consumo de agua del pasado 11 de Mayo - MI Ayuntamiento de Caudete\",\"isPartOf\":{\"@id\":\"https:\\\/\\\/www.caudete.org\\\/ayuntamiento\\\/#website\"},\"primaryImageOfPage\":{\"@id\":\"https:\\\/\\\/www.caudete.org\\\/ayuntamiento\\\/la-concejal-de-aguas-ofrece-toda-la-informacion-sobre-la-restriccion-del-consumo-de-agua-del-pasado-11-de-mayo\\\/#primaryimage\"},\"image\":{\"@id\":\"https:\\\/\\\/www.caudete.org\\\/ayuntamiento\\\/la-concejal-de-aguas-ofrece-toda-la-informacion-sobre-la-restriccion-del-consumo-de-agua-del-pasado-11-de-mayo\\\/#primaryimage\"},\"thumbnailUrl\":\"https:\\\/\\\/www.caudete.org\\\/ayuntamiento\\\/wp-content\\\/uploads\\\/2022\\\/10\\\/IMG_0268.jpg\",\"datePublished\":\"2022-10-13T07:39:03+00:00\",\"author\":{\"@id\":\"https:\\\/\\\/www.caudete.org\\\/ayuntamiento\\\/#\\\/schema\\\/person\\\/cc646da9133078ee4d8dd47457947253\"},\"description\":\"P\u00e1gina Oficial del Ayuntamiento de Caudete (Albacete)\",\"breadcrumb\":{\"@id\":\"https:\\\/\\\/www.caudete.org\\\/ayuntamiento\\\/la-concejal-de-aguas-ofrece-toda-la-informacion-sobre-la-restriccion-del-consumo-de-agua-del-pasado-11-de-mayo\\\/#breadcrumb\"},\"inLanguage\":\"es\",\"potentialAction\":[{\"@type\":\"ReadAction\",\"target\":[\"https:\\\/\\\/www.caudete.org\\\/ayuntamiento\\\/la-concejal-de-aguas-ofrece-toda-la-informacion-sobre-la-restriccion-del-consumo-de-agua-del-pasado-11-de-mayo\\\/\"]}]},{\"@type\":\"ImageObject\",\"inLanguage\":\"es\",\"@id\":\"https:\\\/\\\/www.caudete.org\\\/ayuntamiento\\\/la-concejal-de-aguas-ofrece-toda-la-informacion-sobre-la-restriccion-del-consumo-de-agua-del-pasado-11-de-mayo\\\/#primaryimage\",\"url\":\"https:\\\/\\\/www.caudete.org\\\/ayuntamiento\\\/wp-content\\\/uploads\\\/2022\\\/10\\\/IMG_0268.jpg\",\"contentUrl\":\"https:\\\/\\\/www.caudete.org\\\/ayuntamiento\\\/wp-content\\\/uploads\\\/2022\\\/10\\\/IMG_0268.jpg\",\"width\":1600,\"height\":1067},{\"@type\":\"BreadcrumbList\",\"@id\":\"https:\\\/\\\/www.caudete.org\\\/ayuntamiento\\\/la-concejal-de-aguas-ofrece-toda-la-informacion-sobre-la-restriccion-del-consumo-de-agua-del-pasado-11-de-mayo\\\/#breadcrumb\",\"itemListElement\":[{\"@type\":\"ListItem\",\"position\":1,\"name\":\"Inicio\",\"item\":\"https:\\\/\\\/www.caudete.org\\\/ayuntamiento\\\/\"},{\"@type\":\"ListItem\",\"position\":2,\"name\":\"La Concejal de Aguas ofrece toda la informaci\u00f3n sobre la restricci\u00f3n del consumo de agua del pasado 11 de Mayo\"}]},{\"@type\":\"WebSite\",\"@id\":\"https:\\\/\\\/www.caudete.org\\\/ayuntamiento\\\/#website\",\"url\":\"https:\\\/\\\/www.caudete.org\\\/ayuntamiento\\\/\",\"name\":\"MI Ayuntamiento de Caudete\",\"description\":\"P\u00e1gina Oficial del MI Ayuntamiento de Caudete\",\"potentialAction\":[{\"@type\":\"SearchAction\",\"target\":{\"@type\":\"EntryPoint\",\"urlTemplate\":\"https:\\\/\\\/www.caudete.org\\\/ayuntamiento\\\/?s={search_term_string}\"},\"query-input\":{\"@type\":\"PropertyValueSpecification\",\"valueRequired\":true,\"valueName\":\"search_term_string\"}}],\"inLanguage\":\"es\"},{\"@type\":\"Person\",\"@id\":\"https:\\\/\\\/www.caudete.org\\\/ayuntamiento\\\/#\\\/schema\\\/person\\\/cc646da9133078ee4d8dd47457947253\",\"name\":\"alcalde\",\"image\":{\"@type\":\"ImageObject\",\"inLanguage\":\"es\",\"@id\":\"https:\\\/\\\/secure.gravatar.com\\\/avatar\\\/84a817ba065b29ff08d666b215a215f5c79186a645ccb25b14a663d48a130f77?s=96&d=mm&r=g\",\"url\":\"https:\\\/\\\/secure.gravatar.com\\\/avatar\\\/84a817ba065b29ff08d666b215a215f5c79186a645ccb25b14a663d48a130f77?s=96&d=mm&r=g\",\"contentUrl\":\"https:\\\/\\\/secure.gravatar.com\\\/avatar\\\/84a817ba065b29ff08d666b215a215f5c79186a645ccb25b14a663d48a130f77?s=96&d=mm&r=g\",\"caption\":\"alcalde\"},\"url\":\"https:\\\/\\\/www.caudete.org\\\/ayuntamiento\\\/author\\\/alcalde\\\/\"}]}<\/script>\n<!-- \/ Yoast SEO plugin. -->","yoast_head_json":{"title":"La Concejal de Aguas ofrece toda la informaci\u00f3n sobre la restricci\u00f3n del consumo de agua del pasado 11 de Mayo - MI Ayuntamiento de Caudete","description":"P\u00e1gina Oficial del Ayuntamiento de Caudete (Albacete)","robots":{"index":"index","follow":"follow","max-snippet":"max-snippet:-1","max-image-preview":"max-image-preview:large","max-video-preview":"max-video-preview:-1"},"canonical":"https:\/\/www.caudete.org\/ayuntamiento\/la-concejal-de-aguas-ofrece-toda-la-informacion-sobre-la-restriccion-del-consumo-de-agua-del-pasado-11-de-mayo\/","og_locale":"es_ES","og_type":"article","og_title":"La Concejal de Aguas ofrece toda la informaci\u00f3n sobre la restricci\u00f3n del consumo de agua del pasado 11 de Mayo - MI Ayuntamiento de Caudete","og_description":"P\u00e1gina Oficial del Ayuntamiento de Caudete (Albacete)","og_url":"https:\/\/www.caudete.org\/ayuntamiento\/la-concejal-de-aguas-ofrece-toda-la-informacion-sobre-la-restriccion-del-consumo-de-agua-del-pasado-11-de-mayo\/","og_site_name":"MI Ayuntamiento de Caudete","article_publisher":"https:\/\/www.facebook.com\/ayuntamientocaudete\/","article_published_time":"2022-10-13T07:39:03+00:00","og_image":[{"width":1600,"height":1067,"url":"https:\/\/www.caudete.org\/ayuntamiento\/wp-content\/uploads\/2022\/10\/IMG_0268.jpg","type":"image\/jpeg"}],"author":"alcalde","twitter_card":"summary_large_image","twitter_misc":{"Escrito por":"alcalde","Tiempo de lectura":"6 minutos"},"schema":{"@context":"https:\/\/schema.org","@graph":[{"@type":"Article","@id":"https:\/\/www.caudete.org\/ayuntamiento\/la-concejal-de-aguas-ofrece-toda-la-informacion-sobre-la-restriccion-del-consumo-de-agua-del-pasado-11-de-mayo\/#article","isPartOf":{"@id":"https:\/\/www.caudete.org\/ayuntamiento\/la-concejal-de-aguas-ofrece-toda-la-informacion-sobre-la-restriccion-del-consumo-de-agua-del-pasado-11-de-mayo\/"},"author":{"name":"alcalde","@id":"https:\/\/www.caudete.org\/ayuntamiento\/#\/schema\/person\/cc646da9133078ee4d8dd47457947253"},"headline":"La Concejal de Aguas ofrece toda la informaci\u00f3n sobre la restricci\u00f3n del consumo de agua del pasado 11 de Mayo","datePublished":"2022-10-13T07:39:03+00:00","mainEntityOfPage":{"@id":"https:\/\/www.caudete.org\/ayuntamiento\/la-concejal-de-aguas-ofrece-toda-la-informacion-sobre-la-restriccion-del-consumo-de-agua-del-pasado-11-de-mayo\/"},"wordCount":1436,"image":{"@id":"https:\/\/www.caudete.org\/ayuntamiento\/la-concejal-de-aguas-ofrece-toda-la-informacion-sobre-la-restriccion-del-consumo-de-agua-del-pasado-11-de-mayo\/#primaryimage"},"thumbnailUrl":"https:\/\/www.caudete.org\/ayuntamiento\/wp-content\/uploads\/2022\/10\/IMG_0268.jpg","articleSection":["Ciclo Integral del Agua"],"inLanguage":"es"},{"@type":"WebPage","@id":"https:\/\/www.caudete.org\/ayuntamiento\/la-concejal-de-aguas-ofrece-toda-la-informacion-sobre-la-restriccion-del-consumo-de-agua-del-pasado-11-de-mayo\/","url":"https:\/\/www.caudete.org\/ayuntamiento\/la-concejal-de-aguas-ofrece-toda-la-informacion-sobre-la-restriccion-del-consumo-de-agua-del-pasado-11-de-mayo\/","name":"La Concejal de Aguas ofrece toda la informaci\u00f3n sobre la restricci\u00f3n del consumo de agua del pasado 11 de Mayo - MI Ayuntamiento de Caudete","isPartOf":{"@id":"https:\/\/www.caudete.org\/ayuntamiento\/#website"},"primaryImageOfPage":{"@id":"https:\/\/www.caudete.org\/ayuntamiento\/la-concejal-de-aguas-ofrece-toda-la-informacion-sobre-la-restriccion-del-consumo-de-agua-del-pasado-11-de-mayo\/#primaryimage"},"image":{"@id":"https:\/\/www.caudete.org\/ayuntamiento\/la-concejal-de-aguas-ofrece-toda-la-informacion-sobre-la-restriccion-del-consumo-de-agua-del-pasado-11-de-mayo\/#primaryimage"},"thumbnailUrl":"https:\/\/www.caudete.org\/ayuntamiento\/wp-content\/uploads\/2022\/10\/IMG_0268.jpg","datePublished":"2022-10-13T07:39:03+00:00","author":{"@id":"https:\/\/www.caudete.org\/ayuntamiento\/#\/schema\/person\/cc646da9133078ee4d8dd47457947253"},"description":"P\u00e1gina Oficial del Ayuntamiento de Caudete (Albacete)","breadcrumb":{"@id":"https:\/\/www.caudete.org\/ayuntamiento\/la-concejal-de-aguas-ofrece-toda-la-informacion-sobre-la-restriccion-del-consumo-de-agua-del-pasado-11-de-mayo\/#breadcrumb"},"inLanguage":"es","potentialAction":[{"@type":"ReadAction","target":["https:\/\/www.caudete.org\/ayuntamiento\/la-concejal-de-aguas-ofrece-toda-la-informacion-sobre-la-restriccion-del-consumo-de-agua-del-pasado-11-de-mayo\/"]}]},{"@type":"ImageObject","inLanguage":"es","@id":"https:\/\/www.caudete.org\/ayuntamiento\/la-concejal-de-aguas-ofrece-toda-la-informacion-sobre-la-restriccion-del-consumo-de-agua-del-pasado-11-de-mayo\/#primaryimage","url":"https:\/\/www.caudete.org\/ayuntamiento\/wp-content\/uploads\/2022\/10\/IMG_0268.jpg","contentUrl":"https:\/\/www.caudete.org\/ayuntamiento\/wp-content\/uploads\/2022\/10\/IMG_0268.jpg","width":1600,"height":1067},{"@type":"BreadcrumbList","@id":"https:\/\/www.caudete.org\/ayuntamiento\/la-concejal-de-aguas-ofrece-toda-la-informacion-sobre-la-restriccion-del-consumo-de-agua-del-pasado-11-de-mayo\/#breadcrumb","itemListElement":[{"@type":"ListItem","position":1,"name":"Inicio","item":"https:\/\/www.caudete.org\/ayuntamiento\/"},{"@type":"ListItem","position":2,"name":"La Concejal de Aguas ofrece toda la informaci\u00f3n sobre la restricci\u00f3n del consumo de agua del pasado 11 de Mayo"}]},{"@type":"WebSite","@id":"https:\/\/www.caudete.org\/ayuntamiento\/#website","url":"https:\/\/www.caudete.org\/ayuntamiento\/","name":"MI Ayuntamiento de Caudete","description":"P\u00e1gina Oficial del MI Ayuntamiento de Caudete","potentialAction":[{"@type":"SearchAction","target":{"@type":"EntryPoint","urlTemplate":"https:\/\/www.caudete.org\/ayuntamiento\/?s={search_term_string}"},"query-input":{"@type":"PropertyValueSpecification","valueRequired":true,"valueName":"search_term_string"}}],"inLanguage":"es"},{"@type":"Person","@id":"https:\/\/www.caudete.org\/ayuntamiento\/#\/schema\/person\/cc646da9133078ee4d8dd47457947253","name":"alcalde","image":{"@type":"ImageObject","inLanguage":"es","@id":"https:\/\/secure.gravatar.com\/avatar\/84a817ba065b29ff08d666b215a215f5c79186a645ccb25b14a663d48a130f77?s=96&d=mm&r=g","url":"https:\/\/secure.gravatar.com\/avatar\/84a817ba065b29ff08d666b215a215f5c79186a645ccb25b14a663d48a130f77?s=96&d=mm&r=g","contentUrl":"https:\/\/secure.gravatar.com\/avatar\/84a817ba065b29ff08d666b215a215f5c79186a645ccb25b14a663d48a130f77?s=96&d=mm&r=g","caption":"alcalde"},"url":"https:\/\/www.caudete.org\/ayuntamiento\/author\/alcalde\/"}]}},"_links":{"self":[{"href":"https:\/\/www.caudete.org\/ayuntamiento\/wp-json\/wp\/v2\/posts\/20315","targetHints":{"allow":["GET"]}}],"collection":[{"href":"https:\/\/www.caudete.org\/ayuntamiento\/wp-json\/wp\/v2\/posts"}],"about":[{"href":"https:\/\/www.caudete.org\/ayuntamiento\/wp-json\/wp\/v2\/types\/post"}],"author":[{"embeddable":true,"href":"https:\/\/www.caudete.org\/ayuntamiento\/wp-json\/wp\/v2\/users\/3"}],"replies":[{"embeddable":true,"href":"https:\/\/www.caudete.org\/ayuntamiento\/wp-json\/wp\/v2\/comments?post=20315"}],"version-history":[{"count":1,"href":"https:\/\/www.caudete.org\/ayuntamiento\/wp-json\/wp\/v2\/posts\/20315\/revisions"}],"predecessor-version":[{"id":20317,"href":"https:\/\/www.caudete.org\/ayuntamiento\/wp-json\/wp\/v2\/posts\/20315\/revisions\/20317"}],"wp:featuredmedia":[{"embeddable":true,"href":"https:\/\/www.caudete.org\/ayuntamiento\/wp-json\/wp\/v2\/media\/20316"}],"wp:attachment":[{"href":"https:\/\/www.caudete.org\/ayuntamiento\/wp-json\/wp\/v2\/media?parent=20315"}],"wp:term":[{"taxonomy":"category","embeddable":true,"href":"https:\/\/www.caudete.org\/ayuntamiento\/wp-json\/wp\/v2\/categories?post=20315"},{"taxonomy":"post_tag","embeddable":true,"href":"https:\/\/www.caudete.org\/ayuntamiento\/wp-json\/wp\/v2\/tags?post=20315"}],"curies":[{"name":"wp","href":"https:\/\/api.w.org\/{rel}","templated":true}]}}