{"id":20339,"date":"2022-10-17T17:26:26","date_gmt":"2022-10-17T15:26:26","guid":{"rendered":"https:\/\/www.caudete.org\/ayuntamiento\/?p=20339"},"modified":"2022-10-17T17:26:26","modified_gmt":"2022-10-17T15:26:26","slug":"el-gobierno-municipal-preve-5-plazas-mas-de-policia-local-antes-de-finalizar-2022","status":"publish","type":"post","link":"https:\/\/www.caudete.org\/ayuntamiento\/el-gobierno-municipal-preve-5-plazas-mas-de-policia-local-antes-de-finalizar-2022\/","title":{"rendered":"El Gobierno Municipal prev\u00e9 5 plazas m\u00e1s de POLIC\u00cdA LOCAL antes de finalizar 2022"},"content":{"rendered":"<p style=\"text-align: justify;\">La pasada semana el Gobierno Municipal aprobaba en Junta de Gobierno Local la modificaci\u00f3n de la Oferta de Empleo P\u00fablico del presente a\u00f1o 2022 para incluir a la plaza existente 4 plazas m\u00e1s de Polic\u00eda Local, lo que supondr\u00e1 ofertar un total de 5 plazas de Agente de Polic\u00eda Local para la plantilla caudetana. Adem\u00e1s, daba el visto bueno a la Convocatoria y Bases que regir\u00e1n el proceso selectivo.<\/p>\n<p style=\"text-align: justify;\">Ello se hac\u00eda tras haber celebrado previamente Mesa General de Negociaci\u00f3n en la que por unanimidad se alcanzaba el acuerdo propuesto por la Concejal de Interior Mar\u00eda del Mar Requena, y que viene a ampliar la plantilla policial de Caudete.<\/p>\n<p style=\"text-align: justify;\">En concreto, las 5 plazas se justifican en:<\/p>\n<ul style=\"text-align: justify;\">\n<li>2 de ellas, a cubrir las vacantes que se producir\u00e1n en el primer semestre de 2023 ante la previsi\u00f3n de 2 jubilaciones.<\/li>\n<li>2 de ellas, a cubrir dos vacantes existentes (una por ascenso de un Agente a Oficial, y otra por finalizaci\u00f3n de comisi\u00f3n de servicio).<\/li>\n<li>1 de nueva creaci\u00f3n.<\/li>\n<\/ul>\n<p style=\"text-align: justify;\">De esta forma, se da continuidad al programa de gobierno de mejorar los recursos en materia de seguridad, en este caso ampliando la plantilla de la Polic\u00eda Local y cubriendo vacantes existentes, as\u00ed como adelantarse a jubilaciones previstas.<\/p>\n<p style=\"text-align: justify;\">Seg\u00fan manifiesta la Edil, el proceso selectivo se prev\u00e9 de comienzo de forma inminente, en cuanto queden publicadas la Convocatoria y Bases en el Bolet\u00edn Oficial de la Provincia de Albacete, teniendo en cuenta que antes de finalizar el a\u00f1o ha de quedar finalizado el mismo para que los aspirantes seleccionados puedan cursar la formaci\u00f3n reglamentaria durante el primer semestre de 2023 en la Escuela de Protecci\u00f3n Ciudadana de Toledo.<\/p>\n","protected":false},"excerpt":{"rendered":"<p>La pasada semana el Gobierno Municipal aprobaba en Junta de Gobierno Local la modificaci\u00f3n de la Oferta de Empleo P\u00fablico del presente a\u00f1o 2022 para incluir a la plaza existente 4 plazas m\u00e1s de Polic\u00eda Local, lo que supondr\u00e1 ofertar un total de 5 plazas de Agente de Polic\u00eda Local para la plantilla caudetana. Adem\u00e1s, &hellip;<\/p>\n","protected":false},"author":3,"featured_media":13833,"comment_status":"closed","ping_status":"open","sticky":false,"template":"","format":"standard","meta":{"ngg_post_thumbnail":0,"footnotes":""},"categories":[34],"tags":[],"class_list":["post-20339","post","type-post","status-publish","format-standard","has-post-thumbnail","hentry","category-interior"],"yoast_head":"<!-- This site is optimized with the Yoast SEO plugin v27.5 - https:\/\/yoast.com\/product\/yoast-seo-wordpress\/ -->\n<title>El Gobierno Municipal prev\u00e9 5 plazas m\u00e1s de POLIC\u00cdA LOCAL antes de finalizar 2022 - MI Ayuntamiento de Caudete<\/title>\n<meta name=\"description\" content=\"P\u00e1gina Oficial del Ayuntamiento de Caudete (Albacete)\" \/>\n<meta name=\"robots\" content=\"index, follow, max-snippet:-1, max-image-preview:large, max-video-preview:-1\" \/>\n<link rel=\"canonical\" href=\"https:\/\/www.caudete.org\/ayuntamiento\/el-gobierno-municipal-preve-5-plazas-mas-de-policia-local-antes-de-finalizar-2022\/\" \/>\n<meta property=\"og:locale\" content=\"es_ES\" \/>\n<meta property=\"og:type\" content=\"article\" \/>\n<meta property=\"og:title\" content=\"El Gobierno Municipal prev\u00e9 5 plazas m\u00e1s de POLIC\u00cdA LOCAL antes de finalizar 2022 - MI Ayuntamiento de Caudete\" \/>\n<meta property=\"og:description\" content=\"P\u00e1gina Oficial del Ayuntamiento de Caudete (Albacete)\" \/>\n<meta property=\"og:url\" content=\"https:\/\/www.caudete.org\/ayuntamiento\/el-gobierno-municipal-preve-5-plazas-mas-de-policia-local-antes-de-finalizar-2022\/\" \/>\n<meta property=\"og:site_name\" content=\"MI Ayuntamiento de Caudete\" \/>\n<meta property=\"article:publisher\" content=\"https:\/\/www.facebook.com\/ayuntamientocaudete\/\" \/>\n<meta property=\"article:published_time\" content=\"2022-10-17T15:26:26+00:00\" \/>\n<meta property=\"og:image\" content=\"https:\/\/www.caudete.org\/ayuntamiento\/wp-content\/uploads\/2021\/04\/Policia-Local-web.jpg\" \/>\n\t<meta property=\"og:image:width\" content=\"864\" \/>\n\t<meta property=\"og:image:height\" content=\"378\" \/>\n\t<meta property=\"og:image:type\" content=\"image\/jpeg\" \/>\n<meta name=\"author\" content=\"alcalde\" \/>\n<meta name=\"twitter:card\" content=\"summary_large_image\" \/>\n<meta name=\"twitter:label1\" content=\"Escrito por\" \/>\n\t<meta name=\"twitter:data1\" content=\"alcalde\" \/>\n\t<meta name=\"twitter:label2\" content=\"Tiempo de lectura\" \/>\n\t<meta name=\"twitter:data2\" content=\"2 minutos\" \/>\n<script type=\"application\/ld+json\" class=\"yoast-schema-graph\">{\"@context\":\"https:\\\/\\\/schema.org\",\"@graph\":[{\"@type\":\"Article\",\"@id\":\"https:\\\/\\\/www.caudete.org\\\/ayuntamiento\\\/el-gobierno-municipal-preve-5-plazas-mas-de-policia-local-antes-de-finalizar-2022\\\/#article\",\"isPartOf\":{\"@id\":\"https:\\\/\\\/www.caudete.org\\\/ayuntamiento\\\/el-gobierno-municipal-preve-5-plazas-mas-de-policia-local-antes-de-finalizar-2022\\\/\"},\"author\":{\"name\":\"alcalde\",\"@id\":\"https:\\\/\\\/www.caudete.org\\\/ayuntamiento\\\/#\\\/schema\\\/person\\\/cc646da9133078ee4d8dd47457947253\"},\"headline\":\"El Gobierno Municipal prev\u00e9 5 plazas m\u00e1s de POLIC\u00cdA LOCAL antes de finalizar 2022\",\"datePublished\":\"2022-10-17T15:26:26+00:00\",\"mainEntityOfPage\":{\"@id\":\"https:\\\/\\\/www.caudete.org\\\/ayuntamiento\\\/el-gobierno-municipal-preve-5-plazas-mas-de-policia-local-antes-de-finalizar-2022\\\/\"},\"wordCount\":301,\"image\":{\"@id\":\"https:\\\/\\\/www.caudete.org\\\/ayuntamiento\\\/el-gobierno-municipal-preve-5-plazas-mas-de-policia-local-antes-de-finalizar-2022\\\/#primaryimage\"},\"thumbnailUrl\":\"https:\\\/\\\/www.caudete.org\\\/ayuntamiento\\\/wp-content\\\/uploads\\\/2021\\\/04\\\/Policia-Local-web.jpg\",\"articleSection\":[\"Interior\"],\"inLanguage\":\"es\"},{\"@type\":\"WebPage\",\"@id\":\"https:\\\/\\\/www.caudete.org\\\/ayuntamiento\\\/el-gobierno-municipal-preve-5-plazas-mas-de-policia-local-antes-de-finalizar-2022\\\/\",\"url\":\"https:\\\/\\\/www.caudete.org\\\/ayuntamiento\\\/el-gobierno-municipal-preve-5-plazas-mas-de-policia-local-antes-de-finalizar-2022\\\/\",\"name\":\"El Gobierno Municipal prev\u00e9 5 plazas m\u00e1s de POLIC\u00cdA LOCAL antes de finalizar 2022 - MI Ayuntamiento de Caudete\",\"isPartOf\":{\"@id\":\"https:\\\/\\\/www.caudete.org\\\/ayuntamiento\\\/#website\"},\"primaryImageOfPage\":{\"@id\":\"https:\\\/\\\/www.caudete.org\\\/ayuntamiento\\\/el-gobierno-municipal-preve-5-plazas-mas-de-policia-local-antes-de-finalizar-2022\\\/#primaryimage\"},\"image\":{\"@id\":\"https:\\\/\\\/www.caudete.org\\\/ayuntamiento\\\/el-gobierno-municipal-preve-5-plazas-mas-de-policia-local-antes-de-finalizar-2022\\\/#primaryimage\"},\"thumbnailUrl\":\"https:\\\/\\\/www.caudete.org\\\/ayuntamiento\\\/wp-content\\\/uploads\\\/2021\\\/04\\\/Policia-Local-web.jpg\",\"datePublished\":\"2022-10-17T15:26:26+00:00\",\"author\":{\"@id\":\"https:\\\/\\\/www.caudete.org\\\/ayuntamiento\\\/#\\\/schema\\\/person\\\/cc646da9133078ee4d8dd47457947253\"},\"description\":\"P\u00e1gina Oficial del Ayuntamiento de Caudete (Albacete)\",\"breadcrumb\":{\"@id\":\"https:\\\/\\\/www.caudete.org\\\/ayuntamiento\\\/el-gobierno-municipal-preve-5-plazas-mas-de-policia-local-antes-de-finalizar-2022\\\/#breadcrumb\"},\"inLanguage\":\"es\",\"potentialAction\":[{\"@type\":\"ReadAction\",\"target\":[\"https:\\\/\\\/www.caudete.org\\\/ayuntamiento\\\/el-gobierno-municipal-preve-5-plazas-mas-de-policia-local-antes-de-finalizar-2022\\\/\"]}]},{\"@type\":\"ImageObject\",\"inLanguage\":\"es\",\"@id\":\"https:\\\/\\\/www.caudete.org\\\/ayuntamiento\\\/el-gobierno-municipal-preve-5-plazas-mas-de-policia-local-antes-de-finalizar-2022\\\/#primaryimage\",\"url\":\"https:\\\/\\\/www.caudete.org\\\/ayuntamiento\\\/wp-content\\\/uploads\\\/2021\\\/04\\\/Policia-Local-web.jpg\",\"contentUrl\":\"https:\\\/\\\/www.caudete.org\\\/ayuntamiento\\\/wp-content\\\/uploads\\\/2021\\\/04\\\/Policia-Local-web.jpg\",\"width\":864,\"height\":378},{\"@type\":\"BreadcrumbList\",\"@id\":\"https:\\\/\\\/www.caudete.org\\\/ayuntamiento\\\/el-gobierno-municipal-preve-5-plazas-mas-de-policia-local-antes-de-finalizar-2022\\\/#breadcrumb\",\"itemListElement\":[{\"@type\":\"ListItem\",\"position\":1,\"name\":\"Inicio\",\"item\":\"https:\\\/\\\/www.caudete.org\\\/ayuntamiento\\\/\"},{\"@type\":\"ListItem\",\"position\":2,\"name\":\"El Gobierno Municipal prev\u00e9 5 plazas m\u00e1s de POLIC\u00cdA LOCAL antes de finalizar 2022\"}]},{\"@type\":\"WebSite\",\"@id\":\"https:\\\/\\\/www.caudete.org\\\/ayuntamiento\\\/#website\",\"url\":\"https:\\\/\\\/www.caudete.org\\\/ayuntamiento\\\/\",\"name\":\"MI Ayuntamiento de Caudete\",\"description\":\"P\u00e1gina Oficial del MI Ayuntamiento de Caudete\",\"potentialAction\":[{\"@type\":\"SearchAction\",\"target\":{\"@type\":\"EntryPoint\",\"urlTemplate\":\"https:\\\/\\\/www.caudete.org\\\/ayuntamiento\\\/?s={search_term_string}\"},\"query-input\":{\"@type\":\"PropertyValueSpecification\",\"valueRequired\":true,\"valueName\":\"search_term_string\"}}],\"inLanguage\":\"es\"},{\"@type\":\"Person\",\"@id\":\"https:\\\/\\\/www.caudete.org\\\/ayuntamiento\\\/#\\\/schema\\\/person\\\/cc646da9133078ee4d8dd47457947253\",\"name\":\"alcalde\",\"image\":{\"@type\":\"ImageObject\",\"inLanguage\":\"es\",\"@id\":\"https:\\\/\\\/secure.gravatar.com\\\/avatar\\\/84a817ba065b29ff08d666b215a215f5c79186a645ccb25b14a663d48a130f77?s=96&d=mm&r=g\",\"url\":\"https:\\\/\\\/secure.gravatar.com\\\/avatar\\\/84a817ba065b29ff08d666b215a215f5c79186a645ccb25b14a663d48a130f77?s=96&d=mm&r=g\",\"contentUrl\":\"https:\\\/\\\/secure.gravatar.com\\\/avatar\\\/84a817ba065b29ff08d666b215a215f5c79186a645ccb25b14a663d48a130f77?s=96&d=mm&r=g\",\"caption\":\"alcalde\"},\"url\":\"https:\\\/\\\/www.caudete.org\\\/ayuntamiento\\\/author\\\/alcalde\\\/\"}]}<\/script>\n<!-- \/ Yoast SEO plugin. -->","yoast_head_json":{"title":"El Gobierno Municipal prev\u00e9 5 plazas m\u00e1s de POLIC\u00cdA LOCAL antes de finalizar 2022 - MI Ayuntamiento de Caudete","description":"P\u00e1gina Oficial del Ayuntamiento de Caudete (Albacete)","robots":{"index":"index","follow":"follow","max-snippet":"max-snippet:-1","max-image-preview":"max-image-preview:large","max-video-preview":"max-video-preview:-1"},"canonical":"https:\/\/www.caudete.org\/ayuntamiento\/el-gobierno-municipal-preve-5-plazas-mas-de-policia-local-antes-de-finalizar-2022\/","og_locale":"es_ES","og_type":"article","og_title":"El Gobierno Municipal prev\u00e9 5 plazas m\u00e1s de POLIC\u00cdA LOCAL antes de finalizar 2022 - MI Ayuntamiento de Caudete","og_description":"P\u00e1gina Oficial del Ayuntamiento de Caudete (Albacete)","og_url":"https:\/\/www.caudete.org\/ayuntamiento\/el-gobierno-municipal-preve-5-plazas-mas-de-policia-local-antes-de-finalizar-2022\/","og_site_name":"MI Ayuntamiento de Caudete","article_publisher":"https:\/\/www.facebook.com\/ayuntamientocaudete\/","article_published_time":"2022-10-17T15:26:26+00:00","og_image":[{"width":864,"height":378,"url":"https:\/\/www.caudete.org\/ayuntamiento\/wp-content\/uploads\/2021\/04\/Policia-Local-web.jpg","type":"image\/jpeg"}],"author":"alcalde","twitter_card":"summary_large_image","twitter_misc":{"Escrito por":"alcalde","Tiempo de lectura":"2 minutos"},"schema":{"@context":"https:\/\/schema.org","@graph":[{"@type":"Article","@id":"https:\/\/www.caudete.org\/ayuntamiento\/el-gobierno-municipal-preve-5-plazas-mas-de-policia-local-antes-de-finalizar-2022\/#article","isPartOf":{"@id":"https:\/\/www.caudete.org\/ayuntamiento\/el-gobierno-municipal-preve-5-plazas-mas-de-policia-local-antes-de-finalizar-2022\/"},"author":{"name":"alcalde","@id":"https:\/\/www.caudete.org\/ayuntamiento\/#\/schema\/person\/cc646da9133078ee4d8dd47457947253"},"headline":"El Gobierno Municipal prev\u00e9 5 plazas m\u00e1s de POLIC\u00cdA LOCAL antes de finalizar 2022","datePublished":"2022-10-17T15:26:26+00:00","mainEntityOfPage":{"@id":"https:\/\/www.caudete.org\/ayuntamiento\/el-gobierno-municipal-preve-5-plazas-mas-de-policia-local-antes-de-finalizar-2022\/"},"wordCount":301,"image":{"@id":"https:\/\/www.caudete.org\/ayuntamiento\/el-gobierno-municipal-preve-5-plazas-mas-de-policia-local-antes-de-finalizar-2022\/#primaryimage"},"thumbnailUrl":"https:\/\/www.caudete.org\/ayuntamiento\/wp-content\/uploads\/2021\/04\/Policia-Local-web.jpg","articleSection":["Interior"],"inLanguage":"es"},{"@type":"WebPage","@id":"https:\/\/www.caudete.org\/ayuntamiento\/el-gobierno-municipal-preve-5-plazas-mas-de-policia-local-antes-de-finalizar-2022\/","url":"https:\/\/www.caudete.org\/ayuntamiento\/el-gobierno-municipal-preve-5-plazas-mas-de-policia-local-antes-de-finalizar-2022\/","name":"El Gobierno Municipal prev\u00e9 5 plazas m\u00e1s de POLIC\u00cdA LOCAL antes de finalizar 2022 - MI Ayuntamiento de Caudete","isPartOf":{"@id":"https:\/\/www.caudete.org\/ayuntamiento\/#website"},"primaryImageOfPage":{"@id":"https:\/\/www.caudete.org\/ayuntamiento\/el-gobierno-municipal-preve-5-plazas-mas-de-policia-local-antes-de-finalizar-2022\/#primaryimage"},"image":{"@id":"https:\/\/www.caudete.org\/ayuntamiento\/el-gobierno-municipal-preve-5-plazas-mas-de-policia-local-antes-de-finalizar-2022\/#primaryimage"},"thumbnailUrl":"https:\/\/www.caudete.org\/ayuntamiento\/wp-content\/uploads\/2021\/04\/Policia-Local-web.jpg","datePublished":"2022-10-17T15:26:26+00:00","author":{"@id":"https:\/\/www.caudete.org\/ayuntamiento\/#\/schema\/person\/cc646da9133078ee4d8dd47457947253"},"description":"P\u00e1gina Oficial del Ayuntamiento de Caudete (Albacete)","breadcrumb":{"@id":"https:\/\/www.caudete.org\/ayuntamiento\/el-gobierno-municipal-preve-5-plazas-mas-de-policia-local-antes-de-finalizar-2022\/#breadcrumb"},"inLanguage":"es","potentialAction":[{"@type":"ReadAction","target":["https:\/\/www.caudete.org\/ayuntamiento\/el-gobierno-municipal-preve-5-plazas-mas-de-policia-local-antes-de-finalizar-2022\/"]}]},{"@type":"ImageObject","inLanguage":"es","@id":"https:\/\/www.caudete.org\/ayuntamiento\/el-gobierno-municipal-preve-5-plazas-mas-de-policia-local-antes-de-finalizar-2022\/#primaryimage","url":"https:\/\/www.caudete.org\/ayuntamiento\/wp-content\/uploads\/2021\/04\/Policia-Local-web.jpg","contentUrl":"https:\/\/www.caudete.org\/ayuntamiento\/wp-content\/uploads\/2021\/04\/Policia-Local-web.jpg","width":864,"height":378},{"@type":"BreadcrumbList","@id":"https:\/\/www.caudete.org\/ayuntamiento\/el-gobierno-municipal-preve-5-plazas-mas-de-policia-local-antes-de-finalizar-2022\/#breadcrumb","itemListElement":[{"@type":"ListItem","position":1,"name":"Inicio","item":"https:\/\/www.caudete.org\/ayuntamiento\/"},{"@type":"ListItem","position":2,"name":"El Gobierno Municipal prev\u00e9 5 plazas m\u00e1s de POLIC\u00cdA LOCAL antes de finalizar 2022"}]},{"@type":"WebSite","@id":"https:\/\/www.caudete.org\/ayuntamiento\/#website","url":"https:\/\/www.caudete.org\/ayuntamiento\/","name":"MI Ayuntamiento de Caudete","description":"P\u00e1gina Oficial del MI Ayuntamiento de Caudete","potentialAction":[{"@type":"SearchAction","target":{"@type":"EntryPoint","urlTemplate":"https:\/\/www.caudete.org\/ayuntamiento\/?s={search_term_string}"},"query-input":{"@type":"PropertyValueSpecification","valueRequired":true,"valueName":"search_term_string"}}],"inLanguage":"es"},{"@type":"Person","@id":"https:\/\/www.caudete.org\/ayuntamiento\/#\/schema\/person\/cc646da9133078ee4d8dd47457947253","name":"alcalde","image":{"@type":"ImageObject","inLanguage":"es","@id":"https:\/\/secure.gravatar.com\/avatar\/84a817ba065b29ff08d666b215a215f5c79186a645ccb25b14a663d48a130f77?s=96&d=mm&r=g","url":"https:\/\/secure.gravatar.com\/avatar\/84a817ba065b29ff08d666b215a215f5c79186a645ccb25b14a663d48a130f77?s=96&d=mm&r=g","contentUrl":"https:\/\/secure.gravatar.com\/avatar\/84a817ba065b29ff08d666b215a215f5c79186a645ccb25b14a663d48a130f77?s=96&d=mm&r=g","caption":"alcalde"},"url":"https:\/\/www.caudete.org\/ayuntamiento\/author\/alcalde\/"}]}},"_links":{"self":[{"href":"https:\/\/www.caudete.org\/ayuntamiento\/wp-json\/wp\/v2\/posts\/20339","targetHints":{"allow":["GET"]}}],"collection":[{"href":"https:\/\/www.caudete.org\/ayuntamiento\/wp-json\/wp\/v2\/posts"}],"about":[{"href":"https:\/\/www.caudete.org\/ayuntamiento\/wp-json\/wp\/v2\/types\/post"}],"author":[{"embeddable":true,"href":"https:\/\/www.caudete.org\/ayuntamiento\/wp-json\/wp\/v2\/users\/3"}],"replies":[{"embeddable":true,"href":"https:\/\/www.caudete.org\/ayuntamiento\/wp-json\/wp\/v2\/comments?post=20339"}],"version-history":[{"count":1,"href":"https:\/\/www.caudete.org\/ayuntamiento\/wp-json\/wp\/v2\/posts\/20339\/revisions"}],"predecessor-version":[{"id":20340,"href":"https:\/\/www.caudete.org\/ayuntamiento\/wp-json\/wp\/v2\/posts\/20339\/revisions\/20340"}],"wp:featuredmedia":[{"embeddable":true,"href":"https:\/\/www.caudete.org\/ayuntamiento\/wp-json\/wp\/v2\/media\/13833"}],"wp:attachment":[{"href":"https:\/\/www.caudete.org\/ayuntamiento\/wp-json\/wp\/v2\/media?parent=20339"}],"wp:term":[{"taxonomy":"category","embeddable":true,"href":"https:\/\/www.caudete.org\/ayuntamiento\/wp-json\/wp\/v2\/categories?post=20339"},{"taxonomy":"post_tag","embeddable":true,"href":"https:\/\/www.caudete.org\/ayuntamiento\/wp-json\/wp\/v2\/tags?post=20339"}],"curies":[{"name":"wp","href":"https:\/\/api.w.org\/{rel}","templated":true}]}}