{"id":20347,"date":"2022-10-18T10:48:25","date_gmt":"2022-10-18T08:48:25","guid":{"rendered":"https:\/\/www.caudete.org\/ayuntamiento\/?p=20347"},"modified":"2022-10-18T10:48:25","modified_gmt":"2022-10-18T08:48:25","slug":"se-clarifica-el-suelo-apto-urbanisticamente-para-la-tenencia-de-caballos","status":"publish","type":"post","link":"https:\/\/www.caudete.org\/ayuntamiento\/se-clarifica-el-suelo-apto-urbanisticamente-para-la-tenencia-de-caballos\/","title":{"rendered":"Se clarifica el suelo apto urban\u00edsticamente para la tenencia de Caballos"},"content":{"rendered":"<p style=\"text-align: justify;\">Hace unos d\u00edas, se emit\u00eda Bando Municipal por el que se clarifican las zonas del t\u00e9rmino municipal que son factibles a la autorizaci\u00f3n de tenencia de caballos, m\u00e1s en concreto para la zona calificada como R-7.<\/p>\n<p style=\"text-align: justify;\">Ello se produce tras haber articulado el mecanismo que ha permitido tramitar estas solicitudes para los caballistas, una situaci\u00f3n bloqueada desde hace m\u00e1s de 20 a\u00f1os y que \u00fanicamente era posible legalizar su tenencia tramitando licencia de actividad.<\/p>\n<p style=\"text-align: justify;\">Dando respuesta al sector afectado, el Consistorio caudetano habilit\u00f3 un procedimiento que facilitase el tr\u00e1mite ante la solicitud del c\u00f3digo REGA en la Oficina Comarcal Agraria, donde se considera preceptiva la autorizaci\u00f3n municipal.<\/p>\n<p style=\"text-align: justify;\"><strong>No son compatibles urban\u00edsticamente<\/strong> las instalaciones ganaderas de capacidad reducida de equino en el casco urbano, esto es en las zonas calificadas como:<\/p>\n<p style=\"text-align: justify;\">\u2022 Suelo Urbano Residencial Casco Antiguo (S.U.R.-1).<\/p>\n<p style=\"text-align: justify;\">\u2022 Suelo Urbano Residencial Colmatado (S.U.R.-2).<\/p>\n<p style=\"text-align: justify;\">\u2022 Suelo Urbano Residencial Ensanche Intensivo (S.U.R.-3).<\/p>\n<p style=\"text-align: justify;\">\u2022 Suelo Urbano Residencial Semiextensivo (S.U.R.- 4).<\/p>\n<p style=\"text-align: justify;\">\u2022 Suelo Urbano Residencial Semiextensivo-especial (S.U.R.-4e).<\/p>\n<p style=\"text-align: justify;\">\u2022 Suelo Urbano Residencial Extensivo (S.U.R.-5).<\/p>\n<p style=\"text-align: justify;\">\u2022 Sistema Local de Comunicaciones. (S.L.C.).<\/p>\n<p style=\"text-align: justify;\">\u2022 Equipamiento Comunitario (E.C.).<\/p>\n<p style=\"text-align: justify;\">\u2022 Sistema Local de Espacios Libres (S.L.E.L.).<\/p>\n<p style=\"text-align: justify;\">\u2022 Suelo Urbano Industrial Compatible (S.U.I.C.).<\/p>\n<p style=\"text-align: justify;\">\u2022 Suelo Urbano Industrial Aislado (S.U.I.1).<\/p>\n<p style=\"text-align: justify;\">\u2022 Servicios T\u00e9cnicos (S.T.).<\/p>\n<p style=\"text-align: justify;\">\u2022 Equipamiento Comunitario Protegido (E.C.P.).<\/p>\n<p style=\"text-align: justify;\">\u2022 Suelo Urbano Industrial &#8220;Los Villares&#8221; (S.U.I.-2).<\/p>\n<p style=\"text-align: justify;\">\u2022 Parque Tecnol\u00f3gico Empresarial de Caudete (P.T.E.C.).<\/p>\n<p style=\"text-align: justify;\">\n<p style=\"text-align: justify;\"><strong>S\u00ed son compatibles urban\u00edsticamente<\/strong> para las instalaciones ganaderas de capacidad reducida de equino, seg\u00fan las condiciones marcadas por la legislaci\u00f3n correspondiente, el resto de las zonas no indicadas anteriormente, esto es en las zonas calificadas como:<\/p>\n<p style=\"text-align: justify;\">\n<p style=\"text-align: justify;\">\u2022 Suelo Urbano de Uso Agr\u00edcola Diseminado y Edificaci\u00f3n Alineada a Borde de Camino (S.U.R.-7).<\/p>\n<p style=\"text-align: justify;\">\u2022 Suelo No Urbanizable Agr\u00edcola en Producci\u00f3n (S.N.U.A.P.).<\/p>\n<p style=\"text-align: justify;\">\u2022 Suelo No Urbanizable Protecci\u00f3n Ecol\u00f3gico-Paisaj\u00edstica (S.N.U.P.-1).<\/p>\n<p style=\"text-align: justify;\">\u2022 Suelo No Urbanizable Protecci\u00f3n de Infraestructuras (S.N.U.P.-2).<\/p>\n<p style=\"text-align: justify;\">\u2022 Suelo No Urbanizable de Protecci\u00f3n de Edificios de Inter\u00e9s (S.N.U.P.-3).<\/p>\n<p style=\"text-align: justify;\"><a href=\"https:\/\/www.caudete.org\/ayuntamiento\/wp-content\/uploads\/2022\/10\/IMG_20221018_101855.jpg\" rel='prettyPhoto'><img fetchpriority=\"high\" decoding=\"async\" class=\"aligncenter wp-image-20348 size-medium\" src=\"https:\/\/www.caudete.org\/ayuntamiento\/wp-content\/uploads\/2022\/10\/IMG_20221018_101855-300x225.jpg\" alt=\"\" width=\"300\" height=\"225\" srcset=\"https:\/\/www.caudete.org\/ayuntamiento\/wp-content\/uploads\/2022\/10\/IMG_20221018_101855-300x225.jpg 300w, https:\/\/www.caudete.org\/ayuntamiento\/wp-content\/uploads\/2022\/10\/IMG_20221018_101855.jpg 720w\" sizes=\"(max-width: 300px) 100vw, 300px\" \/><\/a><\/p>\n<p style=\"text-align: justify;\">Para complementar lo antes expuesto, se ha facilitado un plano de delimitaci\u00f3n del casco urbano, consultable junto al resto de documentaci\u00f3n en el Tabl\u00f3n de Anuncios Municipal.<\/p>\n<p style=\"text-align: justify;\">De esta forma, se procede tambi\u00e9n a modificar el modelo de comunicaci\u00f3n previa en lo referente a \u201ccondiciones de ubicaci\u00f3n\u201d, en los siguientes t\u00e9rminos:<\/p>\n<p style=\"text-align: justify;\"><strong>\u00d7\u00d7\u00d7donde dice<\/strong> \u201cLa explotaci\u00f3n no se encuentra ubicada en suelo calificado como urbano\u201d<\/p>\n<p style=\"text-align: justify;\"><strong>\u00d7\u00d7\u00d7debe decir<\/strong> \u201cLa explotaci\u00f3n no se encuentra ubicada en suelo calificado como urbano de acuerdo con la delimitaci\u00f3n trazada en la planificaci\u00f3n adjunta\u201d.<\/p>\n","protected":false},"excerpt":{"rendered":"<p>Hace unos d\u00edas, se emit\u00eda Bando Municipal por el que se clarifican las zonas del t\u00e9rmino municipal que son factibles a la autorizaci\u00f3n de tenencia de caballos, m\u00e1s en concreto para la zona calificada como R-7. Ello se produce tras haber articulado el mecanismo que ha permitido tramitar estas solicitudes para los caballistas, una situaci\u00f3n &hellip;<\/p>\n","protected":false},"author":3,"featured_media":20348,"comment_status":"closed","ping_status":"open","sticky":false,"template":"","format":"standard","meta":{"ngg_post_thumbnail":0,"footnotes":""},"categories":[29],"tags":[],"class_list":["post-20347","post","type-post","status-publish","format-standard","has-post-thumbnail","hentry","category-medio-ambiente"],"yoast_head":"<!-- This site is optimized with the Yoast SEO plugin v27.5 - https:\/\/yoast.com\/product\/yoast-seo-wordpress\/ -->\n<title>Se clarifica el suelo apto urban\u00edsticamente para la tenencia de Caballos - MI Ayuntamiento de Caudete<\/title>\n<meta name=\"description\" content=\"P\u00e1gina Oficial del Ayuntamiento de Caudete (Albacete)\" \/>\n<meta name=\"robots\" content=\"index, follow, max-snippet:-1, max-image-preview:large, max-video-preview:-1\" \/>\n<link rel=\"canonical\" href=\"https:\/\/www.caudete.org\/ayuntamiento\/se-clarifica-el-suelo-apto-urbanisticamente-para-la-tenencia-de-caballos\/\" \/>\n<meta property=\"og:locale\" content=\"es_ES\" \/>\n<meta property=\"og:type\" content=\"article\" \/>\n<meta property=\"og:title\" content=\"Se clarifica el suelo apto urban\u00edsticamente para la tenencia de Caballos - MI Ayuntamiento de Caudete\" \/>\n<meta property=\"og:description\" content=\"P\u00e1gina Oficial del Ayuntamiento de Caudete (Albacete)\" \/>\n<meta property=\"og:url\" content=\"https:\/\/www.caudete.org\/ayuntamiento\/se-clarifica-el-suelo-apto-urbanisticamente-para-la-tenencia-de-caballos\/\" \/>\n<meta property=\"og:site_name\" content=\"MI Ayuntamiento de Caudete\" \/>\n<meta property=\"article:publisher\" content=\"https:\/\/www.facebook.com\/ayuntamientocaudete\/\" \/>\n<meta property=\"article:published_time\" content=\"2022-10-18T08:48:25+00:00\" \/>\n<meta property=\"og:image\" content=\"https:\/\/www.caudete.org\/ayuntamiento\/wp-content\/uploads\/2022\/10\/IMG_20221018_101855.jpg\" \/>\n\t<meta property=\"og:image:width\" content=\"720\" \/>\n\t<meta property=\"og:image:height\" content=\"541\" \/>\n\t<meta property=\"og:image:type\" content=\"image\/jpeg\" \/>\n<meta name=\"author\" content=\"alcalde\" \/>\n<meta name=\"twitter:card\" content=\"summary_large_image\" \/>\n<meta name=\"twitter:label1\" content=\"Escrito por\" \/>\n\t<meta name=\"twitter:data1\" content=\"alcalde\" \/>\n\t<meta name=\"twitter:label2\" content=\"Tiempo de lectura\" \/>\n\t<meta name=\"twitter:data2\" content=\"3 minutos\" \/>\n<script type=\"application\/ld+json\" class=\"yoast-schema-graph\">{\"@context\":\"https:\\\/\\\/schema.org\",\"@graph\":[{\"@type\":\"Article\",\"@id\":\"https:\\\/\\\/www.caudete.org\\\/ayuntamiento\\\/se-clarifica-el-suelo-apto-urbanisticamente-para-la-tenencia-de-caballos\\\/#article\",\"isPartOf\":{\"@id\":\"https:\\\/\\\/www.caudete.org\\\/ayuntamiento\\\/se-clarifica-el-suelo-apto-urbanisticamente-para-la-tenencia-de-caballos\\\/\"},\"author\":{\"name\":\"alcalde\",\"@id\":\"https:\\\/\\\/www.caudete.org\\\/ayuntamiento\\\/#\\\/schema\\\/person\\\/cc646da9133078ee4d8dd47457947253\"},\"headline\":\"Se clarifica el suelo apto urban\u00edsticamente para la tenencia de Caballos\",\"datePublished\":\"2022-10-18T08:48:25+00:00\",\"mainEntityOfPage\":{\"@id\":\"https:\\\/\\\/www.caudete.org\\\/ayuntamiento\\\/se-clarifica-el-suelo-apto-urbanisticamente-para-la-tenencia-de-caballos\\\/\"},\"wordCount\":479,\"image\":{\"@id\":\"https:\\\/\\\/www.caudete.org\\\/ayuntamiento\\\/se-clarifica-el-suelo-apto-urbanisticamente-para-la-tenencia-de-caballos\\\/#primaryimage\"},\"thumbnailUrl\":\"https:\\\/\\\/www.caudete.org\\\/ayuntamiento\\\/wp-content\\\/uploads\\\/2022\\\/10\\\/IMG_20221018_101855.jpg\",\"articleSection\":[\"Medio Ambiente\"],\"inLanguage\":\"es\"},{\"@type\":\"WebPage\",\"@id\":\"https:\\\/\\\/www.caudete.org\\\/ayuntamiento\\\/se-clarifica-el-suelo-apto-urbanisticamente-para-la-tenencia-de-caballos\\\/\",\"url\":\"https:\\\/\\\/www.caudete.org\\\/ayuntamiento\\\/se-clarifica-el-suelo-apto-urbanisticamente-para-la-tenencia-de-caballos\\\/\",\"name\":\"Se clarifica el suelo apto urban\u00edsticamente para la tenencia de Caballos - MI Ayuntamiento de Caudete\",\"isPartOf\":{\"@id\":\"https:\\\/\\\/www.caudete.org\\\/ayuntamiento\\\/#website\"},\"primaryImageOfPage\":{\"@id\":\"https:\\\/\\\/www.caudete.org\\\/ayuntamiento\\\/se-clarifica-el-suelo-apto-urbanisticamente-para-la-tenencia-de-caballos\\\/#primaryimage\"},\"image\":{\"@id\":\"https:\\\/\\\/www.caudete.org\\\/ayuntamiento\\\/se-clarifica-el-suelo-apto-urbanisticamente-para-la-tenencia-de-caballos\\\/#primaryimage\"},\"thumbnailUrl\":\"https:\\\/\\\/www.caudete.org\\\/ayuntamiento\\\/wp-content\\\/uploads\\\/2022\\\/10\\\/IMG_20221018_101855.jpg\",\"datePublished\":\"2022-10-18T08:48:25+00:00\",\"author\":{\"@id\":\"https:\\\/\\\/www.caudete.org\\\/ayuntamiento\\\/#\\\/schema\\\/person\\\/cc646da9133078ee4d8dd47457947253\"},\"description\":\"P\u00e1gina Oficial del Ayuntamiento de Caudete (Albacete)\",\"breadcrumb\":{\"@id\":\"https:\\\/\\\/www.caudete.org\\\/ayuntamiento\\\/se-clarifica-el-suelo-apto-urbanisticamente-para-la-tenencia-de-caballos\\\/#breadcrumb\"},\"inLanguage\":\"es\",\"potentialAction\":[{\"@type\":\"ReadAction\",\"target\":[\"https:\\\/\\\/www.caudete.org\\\/ayuntamiento\\\/se-clarifica-el-suelo-apto-urbanisticamente-para-la-tenencia-de-caballos\\\/\"]}]},{\"@type\":\"ImageObject\",\"inLanguage\":\"es\",\"@id\":\"https:\\\/\\\/www.caudete.org\\\/ayuntamiento\\\/se-clarifica-el-suelo-apto-urbanisticamente-para-la-tenencia-de-caballos\\\/#primaryimage\",\"url\":\"https:\\\/\\\/www.caudete.org\\\/ayuntamiento\\\/wp-content\\\/uploads\\\/2022\\\/10\\\/IMG_20221018_101855.jpg\",\"contentUrl\":\"https:\\\/\\\/www.caudete.org\\\/ayuntamiento\\\/wp-content\\\/uploads\\\/2022\\\/10\\\/IMG_20221018_101855.jpg\",\"width\":720,\"height\":541},{\"@type\":\"BreadcrumbList\",\"@id\":\"https:\\\/\\\/www.caudete.org\\\/ayuntamiento\\\/se-clarifica-el-suelo-apto-urbanisticamente-para-la-tenencia-de-caballos\\\/#breadcrumb\",\"itemListElement\":[{\"@type\":\"ListItem\",\"position\":1,\"name\":\"Inicio\",\"item\":\"https:\\\/\\\/www.caudete.org\\\/ayuntamiento\\\/\"},{\"@type\":\"ListItem\",\"position\":2,\"name\":\"Se clarifica el suelo apto urban\u00edsticamente para la tenencia de Caballos\"}]},{\"@type\":\"WebSite\",\"@id\":\"https:\\\/\\\/www.caudete.org\\\/ayuntamiento\\\/#website\",\"url\":\"https:\\\/\\\/www.caudete.org\\\/ayuntamiento\\\/\",\"name\":\"MI Ayuntamiento de Caudete\",\"description\":\"P\u00e1gina Oficial del MI Ayuntamiento de Caudete\",\"potentialAction\":[{\"@type\":\"SearchAction\",\"target\":{\"@type\":\"EntryPoint\",\"urlTemplate\":\"https:\\\/\\\/www.caudete.org\\\/ayuntamiento\\\/?s={search_term_string}\"},\"query-input\":{\"@type\":\"PropertyValueSpecification\",\"valueRequired\":true,\"valueName\":\"search_term_string\"}}],\"inLanguage\":\"es\"},{\"@type\":\"Person\",\"@id\":\"https:\\\/\\\/www.caudete.org\\\/ayuntamiento\\\/#\\\/schema\\\/person\\\/cc646da9133078ee4d8dd47457947253\",\"name\":\"alcalde\",\"image\":{\"@type\":\"ImageObject\",\"inLanguage\":\"es\",\"@id\":\"https:\\\/\\\/secure.gravatar.com\\\/avatar\\\/84a817ba065b29ff08d666b215a215f5c79186a645ccb25b14a663d48a130f77?s=96&d=mm&r=g\",\"url\":\"https:\\\/\\\/secure.gravatar.com\\\/avatar\\\/84a817ba065b29ff08d666b215a215f5c79186a645ccb25b14a663d48a130f77?s=96&d=mm&r=g\",\"contentUrl\":\"https:\\\/\\\/secure.gravatar.com\\\/avatar\\\/84a817ba065b29ff08d666b215a215f5c79186a645ccb25b14a663d48a130f77?s=96&d=mm&r=g\",\"caption\":\"alcalde\"},\"url\":\"https:\\\/\\\/www.caudete.org\\\/ayuntamiento\\\/author\\\/alcalde\\\/\"}]}<\/script>\n<!-- \/ Yoast SEO plugin. -->","yoast_head_json":{"title":"Se clarifica el suelo apto urban\u00edsticamente para la tenencia de Caballos - MI Ayuntamiento de Caudete","description":"P\u00e1gina Oficial del Ayuntamiento de Caudete (Albacete)","robots":{"index":"index","follow":"follow","max-snippet":"max-snippet:-1","max-image-preview":"max-image-preview:large","max-video-preview":"max-video-preview:-1"},"canonical":"https:\/\/www.caudete.org\/ayuntamiento\/se-clarifica-el-suelo-apto-urbanisticamente-para-la-tenencia-de-caballos\/","og_locale":"es_ES","og_type":"article","og_title":"Se clarifica el suelo apto urban\u00edsticamente para la tenencia de Caballos - MI Ayuntamiento de Caudete","og_description":"P\u00e1gina Oficial del Ayuntamiento de Caudete (Albacete)","og_url":"https:\/\/www.caudete.org\/ayuntamiento\/se-clarifica-el-suelo-apto-urbanisticamente-para-la-tenencia-de-caballos\/","og_site_name":"MI Ayuntamiento de Caudete","article_publisher":"https:\/\/www.facebook.com\/ayuntamientocaudete\/","article_published_time":"2022-10-18T08:48:25+00:00","og_image":[{"width":720,"height":541,"url":"https:\/\/www.caudete.org\/ayuntamiento\/wp-content\/uploads\/2022\/10\/IMG_20221018_101855.jpg","type":"image\/jpeg"}],"author":"alcalde","twitter_card":"summary_large_image","twitter_misc":{"Escrito por":"alcalde","Tiempo de lectura":"3 minutos"},"schema":{"@context":"https:\/\/schema.org","@graph":[{"@type":"Article","@id":"https:\/\/www.caudete.org\/ayuntamiento\/se-clarifica-el-suelo-apto-urbanisticamente-para-la-tenencia-de-caballos\/#article","isPartOf":{"@id":"https:\/\/www.caudete.org\/ayuntamiento\/se-clarifica-el-suelo-apto-urbanisticamente-para-la-tenencia-de-caballos\/"},"author":{"name":"alcalde","@id":"https:\/\/www.caudete.org\/ayuntamiento\/#\/schema\/person\/cc646da9133078ee4d8dd47457947253"},"headline":"Se clarifica el suelo apto urban\u00edsticamente para la tenencia de Caballos","datePublished":"2022-10-18T08:48:25+00:00","mainEntityOfPage":{"@id":"https:\/\/www.caudete.org\/ayuntamiento\/se-clarifica-el-suelo-apto-urbanisticamente-para-la-tenencia-de-caballos\/"},"wordCount":479,"image":{"@id":"https:\/\/www.caudete.org\/ayuntamiento\/se-clarifica-el-suelo-apto-urbanisticamente-para-la-tenencia-de-caballos\/#primaryimage"},"thumbnailUrl":"https:\/\/www.caudete.org\/ayuntamiento\/wp-content\/uploads\/2022\/10\/IMG_20221018_101855.jpg","articleSection":["Medio Ambiente"],"inLanguage":"es"},{"@type":"WebPage","@id":"https:\/\/www.caudete.org\/ayuntamiento\/se-clarifica-el-suelo-apto-urbanisticamente-para-la-tenencia-de-caballos\/","url":"https:\/\/www.caudete.org\/ayuntamiento\/se-clarifica-el-suelo-apto-urbanisticamente-para-la-tenencia-de-caballos\/","name":"Se clarifica el suelo apto urban\u00edsticamente para la tenencia de Caballos - MI Ayuntamiento de Caudete","isPartOf":{"@id":"https:\/\/www.caudete.org\/ayuntamiento\/#website"},"primaryImageOfPage":{"@id":"https:\/\/www.caudete.org\/ayuntamiento\/se-clarifica-el-suelo-apto-urbanisticamente-para-la-tenencia-de-caballos\/#primaryimage"},"image":{"@id":"https:\/\/www.caudete.org\/ayuntamiento\/se-clarifica-el-suelo-apto-urbanisticamente-para-la-tenencia-de-caballos\/#primaryimage"},"thumbnailUrl":"https:\/\/www.caudete.org\/ayuntamiento\/wp-content\/uploads\/2022\/10\/IMG_20221018_101855.jpg","datePublished":"2022-10-18T08:48:25+00:00","author":{"@id":"https:\/\/www.caudete.org\/ayuntamiento\/#\/schema\/person\/cc646da9133078ee4d8dd47457947253"},"description":"P\u00e1gina Oficial del Ayuntamiento de Caudete (Albacete)","breadcrumb":{"@id":"https:\/\/www.caudete.org\/ayuntamiento\/se-clarifica-el-suelo-apto-urbanisticamente-para-la-tenencia-de-caballos\/#breadcrumb"},"inLanguage":"es","potentialAction":[{"@type":"ReadAction","target":["https:\/\/www.caudete.org\/ayuntamiento\/se-clarifica-el-suelo-apto-urbanisticamente-para-la-tenencia-de-caballos\/"]}]},{"@type":"ImageObject","inLanguage":"es","@id":"https:\/\/www.caudete.org\/ayuntamiento\/se-clarifica-el-suelo-apto-urbanisticamente-para-la-tenencia-de-caballos\/#primaryimage","url":"https:\/\/www.caudete.org\/ayuntamiento\/wp-content\/uploads\/2022\/10\/IMG_20221018_101855.jpg","contentUrl":"https:\/\/www.caudete.org\/ayuntamiento\/wp-content\/uploads\/2022\/10\/IMG_20221018_101855.jpg","width":720,"height":541},{"@type":"BreadcrumbList","@id":"https:\/\/www.caudete.org\/ayuntamiento\/se-clarifica-el-suelo-apto-urbanisticamente-para-la-tenencia-de-caballos\/#breadcrumb","itemListElement":[{"@type":"ListItem","position":1,"name":"Inicio","item":"https:\/\/www.caudete.org\/ayuntamiento\/"},{"@type":"ListItem","position":2,"name":"Se clarifica el suelo apto urban\u00edsticamente para la tenencia de Caballos"}]},{"@type":"WebSite","@id":"https:\/\/www.caudete.org\/ayuntamiento\/#website","url":"https:\/\/www.caudete.org\/ayuntamiento\/","name":"MI Ayuntamiento de Caudete","description":"P\u00e1gina Oficial del MI Ayuntamiento de Caudete","potentialAction":[{"@type":"SearchAction","target":{"@type":"EntryPoint","urlTemplate":"https:\/\/www.caudete.org\/ayuntamiento\/?s={search_term_string}"},"query-input":{"@type":"PropertyValueSpecification","valueRequired":true,"valueName":"search_term_string"}}],"inLanguage":"es"},{"@type":"Person","@id":"https:\/\/www.caudete.org\/ayuntamiento\/#\/schema\/person\/cc646da9133078ee4d8dd47457947253","name":"alcalde","image":{"@type":"ImageObject","inLanguage":"es","@id":"https:\/\/secure.gravatar.com\/avatar\/84a817ba065b29ff08d666b215a215f5c79186a645ccb25b14a663d48a130f77?s=96&d=mm&r=g","url":"https:\/\/secure.gravatar.com\/avatar\/84a817ba065b29ff08d666b215a215f5c79186a645ccb25b14a663d48a130f77?s=96&d=mm&r=g","contentUrl":"https:\/\/secure.gravatar.com\/avatar\/84a817ba065b29ff08d666b215a215f5c79186a645ccb25b14a663d48a130f77?s=96&d=mm&r=g","caption":"alcalde"},"url":"https:\/\/www.caudete.org\/ayuntamiento\/author\/alcalde\/"}]}},"_links":{"self":[{"href":"https:\/\/www.caudete.org\/ayuntamiento\/wp-json\/wp\/v2\/posts\/20347","targetHints":{"allow":["GET"]}}],"collection":[{"href":"https:\/\/www.caudete.org\/ayuntamiento\/wp-json\/wp\/v2\/posts"}],"about":[{"href":"https:\/\/www.caudete.org\/ayuntamiento\/wp-json\/wp\/v2\/types\/post"}],"author":[{"embeddable":true,"href":"https:\/\/www.caudete.org\/ayuntamiento\/wp-json\/wp\/v2\/users\/3"}],"replies":[{"embeddable":true,"href":"https:\/\/www.caudete.org\/ayuntamiento\/wp-json\/wp\/v2\/comments?post=20347"}],"version-history":[{"count":1,"href":"https:\/\/www.caudete.org\/ayuntamiento\/wp-json\/wp\/v2\/posts\/20347\/revisions"}],"predecessor-version":[{"id":20349,"href":"https:\/\/www.caudete.org\/ayuntamiento\/wp-json\/wp\/v2\/posts\/20347\/revisions\/20349"}],"wp:featuredmedia":[{"embeddable":true,"href":"https:\/\/www.caudete.org\/ayuntamiento\/wp-json\/wp\/v2\/media\/20348"}],"wp:attachment":[{"href":"https:\/\/www.caudete.org\/ayuntamiento\/wp-json\/wp\/v2\/media?parent=20347"}],"wp:term":[{"taxonomy":"category","embeddable":true,"href":"https:\/\/www.caudete.org\/ayuntamiento\/wp-json\/wp\/v2\/categories?post=20347"},{"taxonomy":"post_tag","embeddable":true,"href":"https:\/\/www.caudete.org\/ayuntamiento\/wp-json\/wp\/v2\/tags?post=20347"}],"curies":[{"name":"wp","href":"https:\/\/api.w.org\/{rel}","templated":true}]}}