{"id":20380,"date":"2022-10-25T09:00:39","date_gmt":"2022-10-25T07:00:39","guid":{"rendered":"https:\/\/www.caudete.org\/ayuntamiento\/?p=20380"},"modified":"2022-10-23T21:24:31","modified_gmt":"2022-10-23T19:24:31","slug":"un-nuevo-vehiculo-para-la-policia-local-para-dotar-de-mas-recursos-y-ampliar-su-parque-movil","status":"publish","type":"post","link":"https:\/\/www.caudete.org\/ayuntamiento\/un-nuevo-vehiculo-para-la-policia-local-para-dotar-de-mas-recursos-y-ampliar-su-parque-movil\/","title":{"rendered":"Un nuevo veh\u00edculo para la POLIC\u00cdA LOCAL para dotar de m\u00e1s recursos y ampliar su parque m\u00f3vil"},"content":{"rendered":"<p style=\"text-align: justify;\">El \u00e1rea de Contrataci\u00f3n del Ayuntamiento lanzaba el pasado mi\u00e9rcoles el expediente de licitaci\u00f3n para la adquisici\u00f3n de un veh\u00edculo nuevo destinado al cuerpo policial de Caudete.<\/p>\n<p style=\"text-align: justify;\">La Concejal de Interior, y responsable del \u00e1rea de seguridad, Mar\u00eda del Mar Requena, manifestaba que el Gobierno Municipal da otro paso m\u00e1s para mejorar el servicio de la Polic\u00eda Local, y con ello, la seguridad en el municipio, al adquirir un nuevo veh\u00edculo que permitir\u00e1 dotar de este imprescindible recurso a los efectivos cuando concurren mas de una pareja por turno. A\u00f1ad\u00eda que con esta inversi\u00f3n, programada en el Presupuesto para el presente 2022, se materializa el compromiso de mejorar todos los recursos al alcance de la Polic\u00eda, en este caso materiales.<\/p>\n<p style=\"text-align: justify;\">Un total de 20.000\u20ac son los destinados para esta inversi\u00f3n, cuyos pliegos t\u00e9cnicos y administrativos se encuentran publicados hasta el pr\u00f3ximo d\u00eda 3 de Noviembre en la Plataforma electr\u00f3nica de Contrataci\u00f3n del Estado, estando prevista la Mesa de Contrataci\u00f3n (\u00f3rgano encargado de la adjudicaci\u00f3n de las licitaciones) para el pr\u00f3ximo 4 de Noviembre.<\/p>\n","protected":false},"excerpt":{"rendered":"<p>El \u00e1rea de Contrataci\u00f3n del Ayuntamiento lanzaba el pasado mi\u00e9rcoles el expediente de licitaci\u00f3n para la adquisici\u00f3n de un veh\u00edculo nuevo destinado al cuerpo policial de Caudete. La Concejal de Interior, y responsable del \u00e1rea de seguridad, Mar\u00eda del Mar Requena, manifestaba que el Gobierno Municipal da otro paso m\u00e1s para mejorar el servicio de &hellip;<\/p>\n","protected":false},"author":3,"featured_media":20381,"comment_status":"closed","ping_status":"open","sticky":false,"template":"","format":"standard","meta":{"ngg_post_thumbnail":0,"footnotes":""},"categories":[34],"tags":[],"class_list":["post-20380","post","type-post","status-publish","format-standard","has-post-thumbnail","hentry","category-interior"],"yoast_head":"<!-- This site is optimized with the Yoast SEO plugin v27.5 - https:\/\/yoast.com\/product\/yoast-seo-wordpress\/ -->\n<title>Un nuevo veh\u00edculo para la POLIC\u00cdA LOCAL para dotar de m\u00e1s recursos y ampliar su parque m\u00f3vil - MI Ayuntamiento de Caudete<\/title>\n<meta name=\"description\" content=\"P\u00e1gina Oficial del Ayuntamiento de Caudete (Albacete)\" \/>\n<meta name=\"robots\" content=\"index, follow, max-snippet:-1, max-image-preview:large, max-video-preview:-1\" \/>\n<link rel=\"canonical\" href=\"https:\/\/www.caudete.org\/ayuntamiento\/un-nuevo-vehiculo-para-la-policia-local-para-dotar-de-mas-recursos-y-ampliar-su-parque-movil\/\" \/>\n<meta property=\"og:locale\" content=\"es_ES\" \/>\n<meta property=\"og:type\" content=\"article\" \/>\n<meta property=\"og:title\" content=\"Un nuevo veh\u00edculo para la POLIC\u00cdA LOCAL para dotar de m\u00e1s recursos y ampliar su parque m\u00f3vil - MI Ayuntamiento de Caudete\" \/>\n<meta property=\"og:description\" content=\"P\u00e1gina Oficial del Ayuntamiento de Caudete (Albacete)\" \/>\n<meta property=\"og:url\" content=\"https:\/\/www.caudete.org\/ayuntamiento\/un-nuevo-vehiculo-para-la-policia-local-para-dotar-de-mas-recursos-y-ampliar-su-parque-movil\/\" \/>\n<meta property=\"og:site_name\" content=\"MI Ayuntamiento de Caudete\" \/>\n<meta property=\"article:publisher\" content=\"https:\/\/www.facebook.com\/ayuntamientocaudete\/\" \/>\n<meta property=\"article:published_time\" content=\"2022-10-25T07:00:39+00:00\" \/>\n<meta property=\"og:image\" content=\"https:\/\/www.caudete.org\/ayuntamiento\/wp-content\/uploads\/2022\/10\/foto-vehiculo-patrulla-caudete-2-810x420-1.jpg\" \/>\n\t<meta property=\"og:image:width\" content=\"810\" \/>\n\t<meta property=\"og:image:height\" content=\"420\" \/>\n\t<meta property=\"og:image:type\" content=\"image\/jpeg\" \/>\n<meta name=\"author\" content=\"alcalde\" \/>\n<meta name=\"twitter:card\" content=\"summary_large_image\" \/>\n<meta name=\"twitter:label1\" content=\"Escrito por\" \/>\n\t<meta name=\"twitter:data1\" content=\"alcalde\" \/>\n\t<meta name=\"twitter:label2\" content=\"Tiempo de lectura\" \/>\n\t<meta name=\"twitter:data2\" content=\"1 minuto\" \/>\n<script type=\"application\/ld+json\" class=\"yoast-schema-graph\">{\"@context\":\"https:\\\/\\\/schema.org\",\"@graph\":[{\"@type\":\"Article\",\"@id\":\"https:\\\/\\\/www.caudete.org\\\/ayuntamiento\\\/un-nuevo-vehiculo-para-la-policia-local-para-dotar-de-mas-recursos-y-ampliar-su-parque-movil\\\/#article\",\"isPartOf\":{\"@id\":\"https:\\\/\\\/www.caudete.org\\\/ayuntamiento\\\/un-nuevo-vehiculo-para-la-policia-local-para-dotar-de-mas-recursos-y-ampliar-su-parque-movil\\\/\"},\"author\":{\"name\":\"alcalde\",\"@id\":\"https:\\\/\\\/www.caudete.org\\\/ayuntamiento\\\/#\\\/schema\\\/person\\\/cc646da9133078ee4d8dd47457947253\"},\"headline\":\"Un nuevo veh\u00edculo para la POLIC\u00cdA LOCAL para dotar de m\u00e1s recursos y ampliar su parque m\u00f3vil\",\"datePublished\":\"2022-10-25T07:00:39+00:00\",\"mainEntityOfPage\":{\"@id\":\"https:\\\/\\\/www.caudete.org\\\/ayuntamiento\\\/un-nuevo-vehiculo-para-la-policia-local-para-dotar-de-mas-recursos-y-ampliar-su-parque-movil\\\/\"},\"wordCount\":212,\"publisher\":{\"@id\":\"https:\\\/\\\/www.caudete.org\\\/ayuntamiento\\\/#organization\"},\"image\":{\"@id\":\"https:\\\/\\\/www.caudete.org\\\/ayuntamiento\\\/un-nuevo-vehiculo-para-la-policia-local-para-dotar-de-mas-recursos-y-ampliar-su-parque-movil\\\/#primaryimage\"},\"thumbnailUrl\":\"https:\\\/\\\/www.caudete.org\\\/ayuntamiento\\\/wp-content\\\/uploads\\\/2022\\\/10\\\/foto-vehiculo-patrulla-caudete-2-810x420-1.jpg\",\"articleSection\":[\"Interior\"],\"inLanguage\":\"es\"},{\"@type\":\"WebPage\",\"@id\":\"https:\\\/\\\/www.caudete.org\\\/ayuntamiento\\\/un-nuevo-vehiculo-para-la-policia-local-para-dotar-de-mas-recursos-y-ampliar-su-parque-movil\\\/\",\"url\":\"https:\\\/\\\/www.caudete.org\\\/ayuntamiento\\\/un-nuevo-vehiculo-para-la-policia-local-para-dotar-de-mas-recursos-y-ampliar-su-parque-movil\\\/\",\"name\":\"Un nuevo veh\u00edculo para la POLIC\u00cdA LOCAL para dotar de m\u00e1s recursos y ampliar su parque m\u00f3vil - MI Ayuntamiento de Caudete\",\"isPartOf\":{\"@id\":\"https:\\\/\\\/www.caudete.org\\\/ayuntamiento\\\/#website\"},\"primaryImageOfPage\":{\"@id\":\"https:\\\/\\\/www.caudete.org\\\/ayuntamiento\\\/un-nuevo-vehiculo-para-la-policia-local-para-dotar-de-mas-recursos-y-ampliar-su-parque-movil\\\/#primaryimage\"},\"image\":{\"@id\":\"https:\\\/\\\/www.caudete.org\\\/ayuntamiento\\\/un-nuevo-vehiculo-para-la-policia-local-para-dotar-de-mas-recursos-y-ampliar-su-parque-movil\\\/#primaryimage\"},\"thumbnailUrl\":\"https:\\\/\\\/www.caudete.org\\\/ayuntamiento\\\/wp-content\\\/uploads\\\/2022\\\/10\\\/foto-vehiculo-patrulla-caudete-2-810x420-1.jpg\",\"datePublished\":\"2022-10-25T07:00:39+00:00\",\"description\":\"P\u00e1gina Oficial del Ayuntamiento de Caudete (Albacete)\",\"breadcrumb\":{\"@id\":\"https:\\\/\\\/www.caudete.org\\\/ayuntamiento\\\/un-nuevo-vehiculo-para-la-policia-local-para-dotar-de-mas-recursos-y-ampliar-su-parque-movil\\\/#breadcrumb\"},\"inLanguage\":\"es\",\"potentialAction\":[{\"@type\":\"ReadAction\",\"target\":[\"https:\\\/\\\/www.caudete.org\\\/ayuntamiento\\\/un-nuevo-vehiculo-para-la-policia-local-para-dotar-de-mas-recursos-y-ampliar-su-parque-movil\\\/\"]}]},{\"@type\":\"ImageObject\",\"inLanguage\":\"es\",\"@id\":\"https:\\\/\\\/www.caudete.org\\\/ayuntamiento\\\/un-nuevo-vehiculo-para-la-policia-local-para-dotar-de-mas-recursos-y-ampliar-su-parque-movil\\\/#primaryimage\",\"url\":\"https:\\\/\\\/www.caudete.org\\\/ayuntamiento\\\/wp-content\\\/uploads\\\/2022\\\/10\\\/foto-vehiculo-patrulla-caudete-2-810x420-1.jpg\",\"contentUrl\":\"https:\\\/\\\/www.caudete.org\\\/ayuntamiento\\\/wp-content\\\/uploads\\\/2022\\\/10\\\/foto-vehiculo-patrulla-caudete-2-810x420-1.jpg\",\"width\":810,\"height\":420},{\"@type\":\"BreadcrumbList\",\"@id\":\"https:\\\/\\\/www.caudete.org\\\/ayuntamiento\\\/un-nuevo-vehiculo-para-la-policia-local-para-dotar-de-mas-recursos-y-ampliar-su-parque-movil\\\/#breadcrumb\",\"itemListElement\":[{\"@type\":\"ListItem\",\"position\":1,\"name\":\"Inicio\",\"item\":\"https:\\\/\\\/www.caudete.org\\\/ayuntamiento\\\/\"},{\"@type\":\"ListItem\",\"position\":2,\"name\":\"Un nuevo veh\u00edculo para la POLIC\u00cdA LOCAL para dotar de m\u00e1s recursos y ampliar su parque m\u00f3vil\"}]},{\"@type\":\"WebSite\",\"@id\":\"https:\\\/\\\/www.caudete.org\\\/ayuntamiento\\\/#website\",\"url\":\"https:\\\/\\\/www.caudete.org\\\/ayuntamiento\\\/\",\"name\":\"MI Ayuntamiento de Caudete\",\"description\":\"P\u00e1gina Oficial del MI Ayuntamiento de Caudete\",\"publisher\":{\"@id\":\"https:\\\/\\\/www.caudete.org\\\/ayuntamiento\\\/#organization\"},\"potentialAction\":[{\"@type\":\"SearchAction\",\"target\":{\"@type\":\"EntryPoint\",\"urlTemplate\":\"https:\\\/\\\/www.caudete.org\\\/ayuntamiento\\\/?s={search_term_string}\"},\"query-input\":{\"@type\":\"PropertyValueSpecification\",\"valueRequired\":true,\"valueName\":\"search_term_string\"}}],\"inLanguage\":\"es\"},{\"@type\":\"Organization\",\"@id\":\"https:\\\/\\\/www.caudete.org\\\/ayuntamiento\\\/#organization\",\"name\":\"Ayuntamiento de Caudete\",\"url\":\"https:\\\/\\\/www.caudete.org\\\/ayuntamiento\\\/\",\"logo\":{\"@type\":\"ImageObject\",\"inLanguage\":\"es\",\"@id\":\"https:\\\/\\\/www.caudete.org\\\/ayuntamiento\\\/#\\\/schema\\\/logo\\\/image\\\/\",\"url\":\"https:\\\/\\\/www.caudete.org\\\/ayuntamiento\\\/wp-content\\\/uploads\\\/2020\\\/11\\\/logo_ayuntamiento_caudete.jpg\",\"contentUrl\":\"https:\\\/\\\/www.caudete.org\\\/ayuntamiento\\\/wp-content\\\/uploads\\\/2020\\\/11\\\/logo_ayuntamiento_caudete.jpg\",\"width\":600,\"height\":150,\"caption\":\"Ayuntamiento de Caudete\"},\"image\":{\"@id\":\"https:\\\/\\\/www.caudete.org\\\/ayuntamiento\\\/#\\\/schema\\\/logo\\\/image\\\/\"},\"sameAs\":[\"https:\\\/\\\/www.facebook.com\\\/ayuntamientocaudete\\\/\",\"https:\\\/\\\/www.youtube.com\\\/channel\\\/UC6VztHaooNsGpw-tNoBEFnQ\"]},{\"@type\":\"Person\",\"@id\":\"https:\\\/\\\/www.caudete.org\\\/ayuntamiento\\\/#\\\/schema\\\/person\\\/cc646da9133078ee4d8dd47457947253\",\"name\":\"alcalde\",\"image\":{\"@type\":\"ImageObject\",\"inLanguage\":\"es\",\"@id\":\"https:\\\/\\\/secure.gravatar.com\\\/avatar\\\/84a817ba065b29ff08d666b215a215f5c79186a645ccb25b14a663d48a130f77?s=96&d=mm&r=g\",\"url\":\"https:\\\/\\\/secure.gravatar.com\\\/avatar\\\/84a817ba065b29ff08d666b215a215f5c79186a645ccb25b14a663d48a130f77?s=96&d=mm&r=g\",\"contentUrl\":\"https:\\\/\\\/secure.gravatar.com\\\/avatar\\\/84a817ba065b29ff08d666b215a215f5c79186a645ccb25b14a663d48a130f77?s=96&d=mm&r=g\",\"caption\":\"alcalde\"},\"url\":\"https:\\\/\\\/www.caudete.org\\\/ayuntamiento\\\/author\\\/alcalde\\\/\"}]}<\/script>\n<!-- \/ Yoast SEO plugin. -->","yoast_head_json":{"title":"Un nuevo veh\u00edculo para la POLIC\u00cdA LOCAL para dotar de m\u00e1s recursos y ampliar su parque m\u00f3vil - MI Ayuntamiento de Caudete","description":"P\u00e1gina Oficial del Ayuntamiento de Caudete (Albacete)","robots":{"index":"index","follow":"follow","max-snippet":"max-snippet:-1","max-image-preview":"max-image-preview:large","max-video-preview":"max-video-preview:-1"},"canonical":"https:\/\/www.caudete.org\/ayuntamiento\/un-nuevo-vehiculo-para-la-policia-local-para-dotar-de-mas-recursos-y-ampliar-su-parque-movil\/","og_locale":"es_ES","og_type":"article","og_title":"Un nuevo veh\u00edculo para la POLIC\u00cdA LOCAL para dotar de m\u00e1s recursos y ampliar su parque m\u00f3vil - MI Ayuntamiento de Caudete","og_description":"P\u00e1gina Oficial del Ayuntamiento de Caudete (Albacete)","og_url":"https:\/\/www.caudete.org\/ayuntamiento\/un-nuevo-vehiculo-para-la-policia-local-para-dotar-de-mas-recursos-y-ampliar-su-parque-movil\/","og_site_name":"MI Ayuntamiento de Caudete","article_publisher":"https:\/\/www.facebook.com\/ayuntamientocaudete\/","article_published_time":"2022-10-25T07:00:39+00:00","og_image":[{"width":810,"height":420,"url":"https:\/\/www.caudete.org\/ayuntamiento\/wp-content\/uploads\/2022\/10\/foto-vehiculo-patrulla-caudete-2-810x420-1.jpg","type":"image\/jpeg"}],"author":"alcalde","twitter_card":"summary_large_image","twitter_misc":{"Escrito por":"alcalde","Tiempo de lectura":"1 minuto"},"schema":{"@context":"https:\/\/schema.org","@graph":[{"@type":"Article","@id":"https:\/\/www.caudete.org\/ayuntamiento\/un-nuevo-vehiculo-para-la-policia-local-para-dotar-de-mas-recursos-y-ampliar-su-parque-movil\/#article","isPartOf":{"@id":"https:\/\/www.caudete.org\/ayuntamiento\/un-nuevo-vehiculo-para-la-policia-local-para-dotar-de-mas-recursos-y-ampliar-su-parque-movil\/"},"author":{"name":"alcalde","@id":"https:\/\/www.caudete.org\/ayuntamiento\/#\/schema\/person\/cc646da9133078ee4d8dd47457947253"},"headline":"Un nuevo veh\u00edculo para la POLIC\u00cdA LOCAL para dotar de m\u00e1s recursos y ampliar su parque m\u00f3vil","datePublished":"2022-10-25T07:00:39+00:00","mainEntityOfPage":{"@id":"https:\/\/www.caudete.org\/ayuntamiento\/un-nuevo-vehiculo-para-la-policia-local-para-dotar-de-mas-recursos-y-ampliar-su-parque-movil\/"},"wordCount":212,"publisher":{"@id":"https:\/\/www.caudete.org\/ayuntamiento\/#organization"},"image":{"@id":"https:\/\/www.caudete.org\/ayuntamiento\/un-nuevo-vehiculo-para-la-policia-local-para-dotar-de-mas-recursos-y-ampliar-su-parque-movil\/#primaryimage"},"thumbnailUrl":"https:\/\/www.caudete.org\/ayuntamiento\/wp-content\/uploads\/2022\/10\/foto-vehiculo-patrulla-caudete-2-810x420-1.jpg","articleSection":["Interior"],"inLanguage":"es"},{"@type":"WebPage","@id":"https:\/\/www.caudete.org\/ayuntamiento\/un-nuevo-vehiculo-para-la-policia-local-para-dotar-de-mas-recursos-y-ampliar-su-parque-movil\/","url":"https:\/\/www.caudete.org\/ayuntamiento\/un-nuevo-vehiculo-para-la-policia-local-para-dotar-de-mas-recursos-y-ampliar-su-parque-movil\/","name":"Un nuevo veh\u00edculo para la POLIC\u00cdA LOCAL para dotar de m\u00e1s recursos y ampliar su parque m\u00f3vil - MI Ayuntamiento de Caudete","isPartOf":{"@id":"https:\/\/www.caudete.org\/ayuntamiento\/#website"},"primaryImageOfPage":{"@id":"https:\/\/www.caudete.org\/ayuntamiento\/un-nuevo-vehiculo-para-la-policia-local-para-dotar-de-mas-recursos-y-ampliar-su-parque-movil\/#primaryimage"},"image":{"@id":"https:\/\/www.caudete.org\/ayuntamiento\/un-nuevo-vehiculo-para-la-policia-local-para-dotar-de-mas-recursos-y-ampliar-su-parque-movil\/#primaryimage"},"thumbnailUrl":"https:\/\/www.caudete.org\/ayuntamiento\/wp-content\/uploads\/2022\/10\/foto-vehiculo-patrulla-caudete-2-810x420-1.jpg","datePublished":"2022-10-25T07:00:39+00:00","description":"P\u00e1gina Oficial del Ayuntamiento de Caudete (Albacete)","breadcrumb":{"@id":"https:\/\/www.caudete.org\/ayuntamiento\/un-nuevo-vehiculo-para-la-policia-local-para-dotar-de-mas-recursos-y-ampliar-su-parque-movil\/#breadcrumb"},"inLanguage":"es","potentialAction":[{"@type":"ReadAction","target":["https:\/\/www.caudete.org\/ayuntamiento\/un-nuevo-vehiculo-para-la-policia-local-para-dotar-de-mas-recursos-y-ampliar-su-parque-movil\/"]}]},{"@type":"ImageObject","inLanguage":"es","@id":"https:\/\/www.caudete.org\/ayuntamiento\/un-nuevo-vehiculo-para-la-policia-local-para-dotar-de-mas-recursos-y-ampliar-su-parque-movil\/#primaryimage","url":"https:\/\/www.caudete.org\/ayuntamiento\/wp-content\/uploads\/2022\/10\/foto-vehiculo-patrulla-caudete-2-810x420-1.jpg","contentUrl":"https:\/\/www.caudete.org\/ayuntamiento\/wp-content\/uploads\/2022\/10\/foto-vehiculo-patrulla-caudete-2-810x420-1.jpg","width":810,"height":420},{"@type":"BreadcrumbList","@id":"https:\/\/www.caudete.org\/ayuntamiento\/un-nuevo-vehiculo-para-la-policia-local-para-dotar-de-mas-recursos-y-ampliar-su-parque-movil\/#breadcrumb","itemListElement":[{"@type":"ListItem","position":1,"name":"Inicio","item":"https:\/\/www.caudete.org\/ayuntamiento\/"},{"@type":"ListItem","position":2,"name":"Un nuevo veh\u00edculo para la POLIC\u00cdA LOCAL para dotar de m\u00e1s recursos y ampliar su parque m\u00f3vil"}]},{"@type":"WebSite","@id":"https:\/\/www.caudete.org\/ayuntamiento\/#website","url":"https:\/\/www.caudete.org\/ayuntamiento\/","name":"MI Ayuntamiento de Caudete","description":"P\u00e1gina Oficial del MI Ayuntamiento de Caudete","publisher":{"@id":"https:\/\/www.caudete.org\/ayuntamiento\/#organization"},"potentialAction":[{"@type":"SearchAction","target":{"@type":"EntryPoint","urlTemplate":"https:\/\/www.caudete.org\/ayuntamiento\/?s={search_term_string}"},"query-input":{"@type":"PropertyValueSpecification","valueRequired":true,"valueName":"search_term_string"}}],"inLanguage":"es"},{"@type":"Organization","@id":"https:\/\/www.caudete.org\/ayuntamiento\/#organization","name":"Ayuntamiento de Caudete","url":"https:\/\/www.caudete.org\/ayuntamiento\/","logo":{"@type":"ImageObject","inLanguage":"es","@id":"https:\/\/www.caudete.org\/ayuntamiento\/#\/schema\/logo\/image\/","url":"https:\/\/www.caudete.org\/ayuntamiento\/wp-content\/uploads\/2020\/11\/logo_ayuntamiento_caudete.jpg","contentUrl":"https:\/\/www.caudete.org\/ayuntamiento\/wp-content\/uploads\/2020\/11\/logo_ayuntamiento_caudete.jpg","width":600,"height":150,"caption":"Ayuntamiento de Caudete"},"image":{"@id":"https:\/\/www.caudete.org\/ayuntamiento\/#\/schema\/logo\/image\/"},"sameAs":["https:\/\/www.facebook.com\/ayuntamientocaudete\/","https:\/\/www.youtube.com\/channel\/UC6VztHaooNsGpw-tNoBEFnQ"]},{"@type":"Person","@id":"https:\/\/www.caudete.org\/ayuntamiento\/#\/schema\/person\/cc646da9133078ee4d8dd47457947253","name":"alcalde","image":{"@type":"ImageObject","inLanguage":"es","@id":"https:\/\/secure.gravatar.com\/avatar\/84a817ba065b29ff08d666b215a215f5c79186a645ccb25b14a663d48a130f77?s=96&d=mm&r=g","url":"https:\/\/secure.gravatar.com\/avatar\/84a817ba065b29ff08d666b215a215f5c79186a645ccb25b14a663d48a130f77?s=96&d=mm&r=g","contentUrl":"https:\/\/secure.gravatar.com\/avatar\/84a817ba065b29ff08d666b215a215f5c79186a645ccb25b14a663d48a130f77?s=96&d=mm&r=g","caption":"alcalde"},"url":"https:\/\/www.caudete.org\/ayuntamiento\/author\/alcalde\/"}]}},"_links":{"self":[{"href":"https:\/\/www.caudete.org\/ayuntamiento\/wp-json\/wp\/v2\/posts\/20380","targetHints":{"allow":["GET"]}}],"collection":[{"href":"https:\/\/www.caudete.org\/ayuntamiento\/wp-json\/wp\/v2\/posts"}],"about":[{"href":"https:\/\/www.caudete.org\/ayuntamiento\/wp-json\/wp\/v2\/types\/post"}],"author":[{"embeddable":true,"href":"https:\/\/www.caudete.org\/ayuntamiento\/wp-json\/wp\/v2\/users\/3"}],"replies":[{"embeddable":true,"href":"https:\/\/www.caudete.org\/ayuntamiento\/wp-json\/wp\/v2\/comments?post=20380"}],"version-history":[{"count":1,"href":"https:\/\/www.caudete.org\/ayuntamiento\/wp-json\/wp\/v2\/posts\/20380\/revisions"}],"predecessor-version":[{"id":20382,"href":"https:\/\/www.caudete.org\/ayuntamiento\/wp-json\/wp\/v2\/posts\/20380\/revisions\/20382"}],"wp:featuredmedia":[{"embeddable":true,"href":"https:\/\/www.caudete.org\/ayuntamiento\/wp-json\/wp\/v2\/media\/20381"}],"wp:attachment":[{"href":"https:\/\/www.caudete.org\/ayuntamiento\/wp-json\/wp\/v2\/media?parent=20380"}],"wp:term":[{"taxonomy":"category","embeddable":true,"href":"https:\/\/www.caudete.org\/ayuntamiento\/wp-json\/wp\/v2\/categories?post=20380"},{"taxonomy":"post_tag","embeddable":true,"href":"https:\/\/www.caudete.org\/ayuntamiento\/wp-json\/wp\/v2\/tags?post=20380"}],"curies":[{"name":"wp","href":"https:\/\/api.w.org\/{rel}","templated":true}]}}