{"id":20383,"date":"2022-10-24T09:01:35","date_gmt":"2022-10-24T07:01:35","guid":{"rendered":"https:\/\/www.caudete.org\/ayuntamiento\/?p=20383"},"modified":"2022-10-23T21:32:59","modified_gmt":"2022-10-23T19:32:59","slug":"la-ley-de-residuos-modifica-el-procedimiento-para-la-quema-de-restos-de-poda-precisando-de-autorizacion","status":"publish","type":"post","link":"https:\/\/www.caudete.org\/ayuntamiento\/la-ley-de-residuos-modifica-el-procedimiento-para-la-quema-de-restos-de-poda-precisando-de-autorizacion\/","title":{"rendered":"La LEY DE RESIDUOS modifica el procedimiento para la QUEMA DE RESTOS DE PODA, precisando de AUTORIZACION"},"content":{"rendered":"<p style=\"text-align: justify;\"><span style=\"font-weight: 400;\">El Concejal de Medio Rural, Joaqu\u00edn Pag\u00e1n informa a los caudetanos sobre la situaci\u00f3n actual de la quema de restos de poda, que habitualmente comenzaba el 1 de Octubre y finalizaba el 31 de Mayo.<\/span><\/p>\n<p>La Ley <span style=\"font-weight: 400;\">7\/2022, de 8 de abril de Residuos y Suelos Contaminados por la Econom\u00eda Circular, prohibi\u00f3 tajantemente la pr\u00e1ctica de esta acci\u00f3n, con su entrada en vigor el 10 de Abril, salvo en casos excepcionales en los que se justifiquen motivos fitosanitarios.<\/span><\/p>\n<p style=\"text-align: justify;\"><span style=\"font-weight: 400;\">No ha sido hasta el pasado 14 de octubre de 2022, cuando se public\u00f3 en el Diario Oficial De Castilla La Mancha, la Resoluci\u00f3n de 13\/10\/2022 de la Direcci\u00f3n General de Agricultura y Ganader\u00eda, para el otorgamiento de la autorizaci\u00f3n excepcional e individualizada de la quema de residuos agr\u00edcolas por motivos fitosanitarios establecida en la Ley 7\/2022, de 8 de abril de Residuos y Suelos Contaminados por la Econom\u00eda Circular.<\/span><\/p>\n<p style=\"text-align: justify;\"><span style=\"font-weight: 400;\">Conforme dicha Resoluci\u00f3n, <\/span><b>se podr\u00e1 solicitar<\/b><span style=\"font-weight: 400;\">, autorizaci\u00f3n <strong>excepcional<\/strong> e individualizada <\/span><span style=\"font-weight: 400;\">de la <\/span><b>quema de residuos agr\u00edcolas por motivos fitosanitarios<\/b><span style=\"font-weight: 400;\">, conforme modelo que incluye en su anexo I y al cual puede acceder desde el siguiente enlace<\/span><a href=\"https:\/\/www.jccm.es\/tramitesygestiones\/solicitud-de-autorizacion-excepcional-para-la-quema-de-residuos-agricolas-por\" target=\"_blank\" rel=\"nofollow\"> <span style=\"font-weight: 400;\">https:\/\/www.jccm.es\/tramitesygestiones\/solicitud-de-autorizacion-excepcional-para-la-quema-de-residuos-agricolas-por<\/span><\/a><\/p>\n<p>&nbsp;<\/p>\n<p style=\"text-align: justify;\"><span style=\"font-weight: 400;\">Enlace al formulario :<\/span><\/p>\n<p style=\"text-align: justify;\"><a href=\"https:\/\/www.jccm.es\/sites\/www.jccm.es\/files\/modelos\/SLYI_36492.DOCX\" class=\"mtli_attachment mtli_docx\" target=\"_blank\" rel=\"nofollow\">https:\/\/www.jccm.es\/sites\/www.jccm.es\/files\/modelos\/SLYI_36492.DOCX<\/a><\/p>\n<p style=\"text-align: justify;\">\n<p style=\"text-align: justify;\"><span style=\"font-weight: 400;\">Dicha solicitud, podr\u00e1 <strong>presentarse de forma telem\u00e1tica<\/strong> con firma electr\u00f3nica <strong>o en el Registro<\/strong> de los Servicios\u00a0 Centrales de las Delegaciones Provinciales, entre los que se encuentra el Servicio de Atenci\u00f3n Ciudadana del Ayuntamiento.<\/span><\/p>\n<p style=\"text-align: justify;\"><span style=\"font-weight: 400;\">Una vez presentada, ser\u00e1 <strong>resuelta por la Delegaci\u00f3n en un plazo de 10 d\u00edas h\u00e1biles<\/strong>, de no recibir contestaci\u00f3n en dicho periodo de tiempo, se entender\u00e1 AUTORIZADA y podr\u00e1 realizar la quema\u00a0 teniendo en cuenta\u00a0 los condicionantes establecidos\u00a0 tanto por la Orden 16 de mayo de 2006 de\u00a0 la Consejer\u00eda de Medio Ambiente y Desarrollo Rural, por la que se regulan las campa\u00f1as de prevenci\u00f3n de incendios forestales como la Orden de 198\/2022, de 14 de octubre, de la Consejer\u00eda de Desarrollo\u00a0 que la modifica, y conforme a las cuales las condiciones para la quema de restos vegetales son las siguientes:<\/span><\/p>\n<p style=\"text-align: justify;\"><span style=\"font-weight: 400;\">As\u00ed las cosas, el Edil aprovecha la ocasi\u00f3n para recordad que:<\/span><\/p>\n<ul>\n<li style=\"text-align: justify;\"><span style=\"font-weight: 400;\">\u00a0 Est\u00e1 prohibida la quema en \u00e9poca de peligro alto.<\/span><\/li>\n<li style=\"text-align: justify;\"><span style=\"font-weight: 400;\"> \u00a0 <\/span><span style=\"font-weight: 400;\">No quemar en condiciones de viento en las que se superen los 15 km\/h. Si tras comenzar la quema las condiciones meteorol\u00f3gicas empeoran, proceder al apagado de la misma.<\/span><\/li>\n<li style=\"text-align: justify;\"><span style=\"font-weight: 400;\"> \u00a0 <\/span><span style=\"font-weight: 400;\">No quemar, o interrumpir la ac<\/span><span style=\"font-weight: 400;\">tividad de quema, cuando el humo pueda afectar a carreteras, edificios o n\u00facleos de poblaci\u00f3n.<\/span><\/li>\n<li style=\"text-align: justify;\"><span style=\"font-weight: 400;\"> \u00a0 Los montones de restos a quemar no deben superar los dos metros de altura y tres metros de di\u00e1metro.<\/span><\/li>\n<li style=\"text-align: justify;\"><span style=\"font-weight: 400;\"> \u00a0 En quemas agr\u00edcolas, situar los montones a quemar lo m\u00e1s alejados posible del monte.<\/span><\/li>\n<li style=\"text-align: justify;\"><span style=\"font-weight: 400;\"> \u00a0 Asegurar la discontinuidad de los residuos vegetales a quemar con otros combustibles forestales o que puedan llegar a afectar a estos. A su alrededor se debe mantener una zona limpia de vegetaci\u00f3n con un radio de cinco metros para la altura m\u00e1xima de pila permitida, pudiendo reducirse dicha faja si la altura de la pila es menor a la m\u00e1xima establecida, siempre en la misma proporci\u00f3n.<\/span><\/li>\n<li style=\"text-align: justify;\"><span style=\"font-weight: 400;\"> \u00a0 En quema bajo arbolado se ha de tener en cuenta la altura de las copas, evitando situar las pilas de manera que se pueda soflamar el dosel arb\u00f3reo.<\/span><\/li>\n<li style=\"text-align: justify;\"><span style=\"font-weight: 400;\"> \u00a0 Disponer del personal y de los medios materiales suficientes para poder controlar la quema y sofocar los posibles conatos de incendio.<\/span><\/li>\n<li style=\"text-align: justify;\"><span style=\"font-weight: 400;\"> \u00a0 No iniciar la quema antes de las dos horas previas a la salida del sol y dejarla perfectamente apagada antes de las 16:00 horas.<\/span><\/li>\n<li style=\"text-align: justify;\"><span style=\"font-weight: 400;\"> \u00a0 Prever el tiempo necesario, antes de finalizar la jornada, para proceder a la total extinci\u00f3n de las pilas quemadas. Si es posible, se deben mojar los restos hasta el punto en que no queden brasas ni restos humeantes. En todo caso, se deben esparcir los restos y cubrir con tierra, teniendo en cuenta que al enterrar restos candentes de di\u00e1metros gruesos se pueden formar carboneras que pueden mantener brasas durante varios d\u00edas.<\/span><\/li>\n<li style=\"text-align: justify;\"><span style=\"font-weight: 400;\"> \u00a0 Vigilar y controlar permanentemente la quema, permaneciendo en el lugar hasta que no haya llama, humo o rescoldos incandescentes.<\/span><\/li>\n<li style=\"text-align: justify;\"><span style=\"font-weight: 400;\"> \u00a0 Interrumpir toda actividad de quema o uso del fuego cuando as\u00ed lo indique verbalmente un Agente de la autoridad, en el caso de que estime que no se est\u00e1n cumpliendo las debidas medidas de control y seguridad o que las condiciones de las mismas suponen un peligro para el Medio Natural.<\/span><\/li>\n<li style=\"text-align: justify;\"><span style=\"font-weight: 400;\"> \u00a0 Se debe disponer de tel\u00e9fono m\u00f3vil. Si ocurre cualquier imprevisto, llamar inmediatamente al 1-1-2 para advertir del inicio del conato y, en su caso, colaborar, dentro de sus posibilidades, en la extinci\u00f3n del mismo.<\/span><\/li>\n<\/ul>\n","protected":false},"excerpt":{"rendered":"<p>El Concejal de Medio Rural, Joaqu\u00edn Pag\u00e1n informa a los caudetanos sobre la situaci\u00f3n actual de la quema de restos de poda, que habitualmente comenzaba el 1 de Octubre y finalizaba el 31 de Mayo. La Ley 7\/2022, de 8 de abril de Residuos y Suelos Contaminados por la Econom\u00eda Circular, prohibi\u00f3 tajantemente la pr\u00e1ctica &hellip;<\/p>\n","protected":false},"author":3,"featured_media":20384,"comment_status":"closed","ping_status":"open","sticky":false,"template":"","format":"standard","meta":{"ngg_post_thumbnail":0,"footnotes":""},"categories":[50],"tags":[],"class_list":["post-20383","post","type-post","status-publish","format-standard","has-post-thumbnail","hentry","category-medio-rural"],"yoast_head":"<!-- This site is optimized with the Yoast SEO plugin v27.5 - https:\/\/yoast.com\/product\/yoast-seo-wordpress\/ -->\n<title>La LEY DE RESIDUOS modifica el procedimiento para la QUEMA DE RESTOS DE PODA, precisando de AUTORIZACION - MI Ayuntamiento de Caudete<\/title>\n<meta name=\"description\" content=\"P\u00e1gina Oficial del Ayuntamiento de Caudete (Albacete)\" \/>\n<meta name=\"robots\" content=\"index, follow, max-snippet:-1, max-image-preview:large, max-video-preview:-1\" \/>\n<link rel=\"canonical\" href=\"https:\/\/www.caudete.org\/ayuntamiento\/la-ley-de-residuos-modifica-el-procedimiento-para-la-quema-de-restos-de-poda-precisando-de-autorizacion\/\" \/>\n<meta property=\"og:locale\" content=\"es_ES\" \/>\n<meta property=\"og:type\" content=\"article\" \/>\n<meta property=\"og:title\" content=\"La LEY DE RESIDUOS modifica el procedimiento para la QUEMA DE RESTOS DE PODA, precisando de AUTORIZACION - MI Ayuntamiento de Caudete\" \/>\n<meta property=\"og:description\" content=\"P\u00e1gina Oficial del Ayuntamiento de Caudete (Albacete)\" \/>\n<meta property=\"og:url\" content=\"https:\/\/www.caudete.org\/ayuntamiento\/la-ley-de-residuos-modifica-el-procedimiento-para-la-quema-de-restos-de-poda-precisando-de-autorizacion\/\" \/>\n<meta property=\"og:site_name\" content=\"MI Ayuntamiento de Caudete\" \/>\n<meta property=\"article:publisher\" content=\"https:\/\/www.facebook.com\/ayuntamientocaudete\/\" \/>\n<meta property=\"article:published_time\" content=\"2022-10-24T07:01:35+00:00\" \/>\n<meta property=\"og:image\" content=\"https:\/\/www.caudete.org\/ayuntamiento\/wp-content\/uploads\/2022\/10\/quema-de-rastrojos-y-residuos-es-un-error-de-los-agricultore-12671.jpg\" \/>\n\t<meta property=\"og:image:width\" content=\"800\" \/>\n\t<meta property=\"og:image:height\" content=\"525\" \/>\n\t<meta property=\"og:image:type\" content=\"image\/jpeg\" \/>\n<meta name=\"author\" content=\"alcalde\" \/>\n<meta name=\"twitter:card\" content=\"summary_large_image\" \/>\n<meta name=\"twitter:label1\" content=\"Escrito por\" \/>\n\t<meta name=\"twitter:data1\" content=\"alcalde\" \/>\n\t<meta name=\"twitter:label2\" content=\"Tiempo de lectura\" \/>\n\t<meta name=\"twitter:data2\" content=\"4 minutos\" \/>\n<script type=\"application\/ld+json\" class=\"yoast-schema-graph\">{\"@context\":\"https:\\\/\\\/schema.org\",\"@graph\":[{\"@type\":\"Article\",\"@id\":\"https:\\\/\\\/www.caudete.org\\\/ayuntamiento\\\/la-ley-de-residuos-modifica-el-procedimiento-para-la-quema-de-restos-de-poda-precisando-de-autorizacion\\\/#article\",\"isPartOf\":{\"@id\":\"https:\\\/\\\/www.caudete.org\\\/ayuntamiento\\\/la-ley-de-residuos-modifica-el-procedimiento-para-la-quema-de-restos-de-poda-precisando-de-autorizacion\\\/\"},\"author\":{\"name\":\"alcalde\",\"@id\":\"https:\\\/\\\/www.caudete.org\\\/ayuntamiento\\\/#\\\/schema\\\/person\\\/cc646da9133078ee4d8dd47457947253\"},\"headline\":\"La LEY DE RESIDUOS modifica el procedimiento para la QUEMA DE RESTOS DE PODA, precisando de AUTORIZACION\",\"datePublished\":\"2022-10-24T07:01:35+00:00\",\"mainEntityOfPage\":{\"@id\":\"https:\\\/\\\/www.caudete.org\\\/ayuntamiento\\\/la-ley-de-residuos-modifica-el-procedimiento-para-la-quema-de-restos-de-poda-precisando-de-autorizacion\\\/\"},\"wordCount\":806,\"image\":{\"@id\":\"https:\\\/\\\/www.caudete.org\\\/ayuntamiento\\\/la-ley-de-residuos-modifica-el-procedimiento-para-la-quema-de-restos-de-poda-precisando-de-autorizacion\\\/#primaryimage\"},\"thumbnailUrl\":\"https:\\\/\\\/www.caudete.org\\\/ayuntamiento\\\/wp-content\\\/uploads\\\/2022\\\/10\\\/quema-de-rastrojos-y-residuos-es-un-error-de-los-agricultore-12671.jpg\",\"articleSection\":[\"Medio Rural\"],\"inLanguage\":\"es\"},{\"@type\":\"WebPage\",\"@id\":\"https:\\\/\\\/www.caudete.org\\\/ayuntamiento\\\/la-ley-de-residuos-modifica-el-procedimiento-para-la-quema-de-restos-de-poda-precisando-de-autorizacion\\\/\",\"url\":\"https:\\\/\\\/www.caudete.org\\\/ayuntamiento\\\/la-ley-de-residuos-modifica-el-procedimiento-para-la-quema-de-restos-de-poda-precisando-de-autorizacion\\\/\",\"name\":\"La LEY DE RESIDUOS modifica el procedimiento para la QUEMA DE RESTOS DE PODA, precisando de AUTORIZACION - MI Ayuntamiento de Caudete\",\"isPartOf\":{\"@id\":\"https:\\\/\\\/www.caudete.org\\\/ayuntamiento\\\/#website\"},\"primaryImageOfPage\":{\"@id\":\"https:\\\/\\\/www.caudete.org\\\/ayuntamiento\\\/la-ley-de-residuos-modifica-el-procedimiento-para-la-quema-de-restos-de-poda-precisando-de-autorizacion\\\/#primaryimage\"},\"image\":{\"@id\":\"https:\\\/\\\/www.caudete.org\\\/ayuntamiento\\\/la-ley-de-residuos-modifica-el-procedimiento-para-la-quema-de-restos-de-poda-precisando-de-autorizacion\\\/#primaryimage\"},\"thumbnailUrl\":\"https:\\\/\\\/www.caudete.org\\\/ayuntamiento\\\/wp-content\\\/uploads\\\/2022\\\/10\\\/quema-de-rastrojos-y-residuos-es-un-error-de-los-agricultore-12671.jpg\",\"datePublished\":\"2022-10-24T07:01:35+00:00\",\"author\":{\"@id\":\"https:\\\/\\\/www.caudete.org\\\/ayuntamiento\\\/#\\\/schema\\\/person\\\/cc646da9133078ee4d8dd47457947253\"},\"description\":\"P\u00e1gina Oficial del Ayuntamiento de Caudete (Albacete)\",\"breadcrumb\":{\"@id\":\"https:\\\/\\\/www.caudete.org\\\/ayuntamiento\\\/la-ley-de-residuos-modifica-el-procedimiento-para-la-quema-de-restos-de-poda-precisando-de-autorizacion\\\/#breadcrumb\"},\"inLanguage\":\"es\",\"potentialAction\":[{\"@type\":\"ReadAction\",\"target\":[\"https:\\\/\\\/www.caudete.org\\\/ayuntamiento\\\/la-ley-de-residuos-modifica-el-procedimiento-para-la-quema-de-restos-de-poda-precisando-de-autorizacion\\\/\"]}]},{\"@type\":\"ImageObject\",\"inLanguage\":\"es\",\"@id\":\"https:\\\/\\\/www.caudete.org\\\/ayuntamiento\\\/la-ley-de-residuos-modifica-el-procedimiento-para-la-quema-de-restos-de-poda-precisando-de-autorizacion\\\/#primaryimage\",\"url\":\"https:\\\/\\\/www.caudete.org\\\/ayuntamiento\\\/wp-content\\\/uploads\\\/2022\\\/10\\\/quema-de-rastrojos-y-residuos-es-un-error-de-los-agricultore-12671.jpg\",\"contentUrl\":\"https:\\\/\\\/www.caudete.org\\\/ayuntamiento\\\/wp-content\\\/uploads\\\/2022\\\/10\\\/quema-de-rastrojos-y-residuos-es-un-error-de-los-agricultore-12671.jpg\",\"width\":800,\"height\":525},{\"@type\":\"BreadcrumbList\",\"@id\":\"https:\\\/\\\/www.caudete.org\\\/ayuntamiento\\\/la-ley-de-residuos-modifica-el-procedimiento-para-la-quema-de-restos-de-poda-precisando-de-autorizacion\\\/#breadcrumb\",\"itemListElement\":[{\"@type\":\"ListItem\",\"position\":1,\"name\":\"Inicio\",\"item\":\"https:\\\/\\\/www.caudete.org\\\/ayuntamiento\\\/\"},{\"@type\":\"ListItem\",\"position\":2,\"name\":\"La LEY DE RESIDUOS modifica el procedimiento para la QUEMA DE RESTOS DE PODA, precisando de AUTORIZACION\"}]},{\"@type\":\"WebSite\",\"@id\":\"https:\\\/\\\/www.caudete.org\\\/ayuntamiento\\\/#website\",\"url\":\"https:\\\/\\\/www.caudete.org\\\/ayuntamiento\\\/\",\"name\":\"MI Ayuntamiento de Caudete\",\"description\":\"P\u00e1gina Oficial del MI Ayuntamiento de Caudete\",\"potentialAction\":[{\"@type\":\"SearchAction\",\"target\":{\"@type\":\"EntryPoint\",\"urlTemplate\":\"https:\\\/\\\/www.caudete.org\\\/ayuntamiento\\\/?s={search_term_string}\"},\"query-input\":{\"@type\":\"PropertyValueSpecification\",\"valueRequired\":true,\"valueName\":\"search_term_string\"}}],\"inLanguage\":\"es\"},{\"@type\":\"Person\",\"@id\":\"https:\\\/\\\/www.caudete.org\\\/ayuntamiento\\\/#\\\/schema\\\/person\\\/cc646da9133078ee4d8dd47457947253\",\"name\":\"alcalde\",\"image\":{\"@type\":\"ImageObject\",\"inLanguage\":\"es\",\"@id\":\"https:\\\/\\\/secure.gravatar.com\\\/avatar\\\/84a817ba065b29ff08d666b215a215f5c79186a645ccb25b14a663d48a130f77?s=96&d=mm&r=g\",\"url\":\"https:\\\/\\\/secure.gravatar.com\\\/avatar\\\/84a817ba065b29ff08d666b215a215f5c79186a645ccb25b14a663d48a130f77?s=96&d=mm&r=g\",\"contentUrl\":\"https:\\\/\\\/secure.gravatar.com\\\/avatar\\\/84a817ba065b29ff08d666b215a215f5c79186a645ccb25b14a663d48a130f77?s=96&d=mm&r=g\",\"caption\":\"alcalde\"},\"url\":\"https:\\\/\\\/www.caudete.org\\\/ayuntamiento\\\/author\\\/alcalde\\\/\"}]}<\/script>\n<!-- \/ Yoast SEO plugin. -->","yoast_head_json":{"title":"La LEY DE RESIDUOS modifica el procedimiento para la QUEMA DE RESTOS DE PODA, precisando de AUTORIZACION - MI Ayuntamiento de Caudete","description":"P\u00e1gina Oficial del Ayuntamiento de Caudete (Albacete)","robots":{"index":"index","follow":"follow","max-snippet":"max-snippet:-1","max-image-preview":"max-image-preview:large","max-video-preview":"max-video-preview:-1"},"canonical":"https:\/\/www.caudete.org\/ayuntamiento\/la-ley-de-residuos-modifica-el-procedimiento-para-la-quema-de-restos-de-poda-precisando-de-autorizacion\/","og_locale":"es_ES","og_type":"article","og_title":"La LEY DE RESIDUOS modifica el procedimiento para la QUEMA DE RESTOS DE PODA, precisando de AUTORIZACION - MI Ayuntamiento de Caudete","og_description":"P\u00e1gina Oficial del Ayuntamiento de Caudete (Albacete)","og_url":"https:\/\/www.caudete.org\/ayuntamiento\/la-ley-de-residuos-modifica-el-procedimiento-para-la-quema-de-restos-de-poda-precisando-de-autorizacion\/","og_site_name":"MI Ayuntamiento de Caudete","article_publisher":"https:\/\/www.facebook.com\/ayuntamientocaudete\/","article_published_time":"2022-10-24T07:01:35+00:00","og_image":[{"width":800,"height":525,"url":"https:\/\/www.caudete.org\/ayuntamiento\/wp-content\/uploads\/2022\/10\/quema-de-rastrojos-y-residuos-es-un-error-de-los-agricultore-12671.jpg","type":"image\/jpeg"}],"author":"alcalde","twitter_card":"summary_large_image","twitter_misc":{"Escrito por":"alcalde","Tiempo de lectura":"4 minutos"},"schema":{"@context":"https:\/\/schema.org","@graph":[{"@type":"Article","@id":"https:\/\/www.caudete.org\/ayuntamiento\/la-ley-de-residuos-modifica-el-procedimiento-para-la-quema-de-restos-de-poda-precisando-de-autorizacion\/#article","isPartOf":{"@id":"https:\/\/www.caudete.org\/ayuntamiento\/la-ley-de-residuos-modifica-el-procedimiento-para-la-quema-de-restos-de-poda-precisando-de-autorizacion\/"},"author":{"name":"alcalde","@id":"https:\/\/www.caudete.org\/ayuntamiento\/#\/schema\/person\/cc646da9133078ee4d8dd47457947253"},"headline":"La LEY DE RESIDUOS modifica el procedimiento para la QUEMA DE RESTOS DE PODA, precisando de AUTORIZACION","datePublished":"2022-10-24T07:01:35+00:00","mainEntityOfPage":{"@id":"https:\/\/www.caudete.org\/ayuntamiento\/la-ley-de-residuos-modifica-el-procedimiento-para-la-quema-de-restos-de-poda-precisando-de-autorizacion\/"},"wordCount":806,"image":{"@id":"https:\/\/www.caudete.org\/ayuntamiento\/la-ley-de-residuos-modifica-el-procedimiento-para-la-quema-de-restos-de-poda-precisando-de-autorizacion\/#primaryimage"},"thumbnailUrl":"https:\/\/www.caudete.org\/ayuntamiento\/wp-content\/uploads\/2022\/10\/quema-de-rastrojos-y-residuos-es-un-error-de-los-agricultore-12671.jpg","articleSection":["Medio Rural"],"inLanguage":"es"},{"@type":"WebPage","@id":"https:\/\/www.caudete.org\/ayuntamiento\/la-ley-de-residuos-modifica-el-procedimiento-para-la-quema-de-restos-de-poda-precisando-de-autorizacion\/","url":"https:\/\/www.caudete.org\/ayuntamiento\/la-ley-de-residuos-modifica-el-procedimiento-para-la-quema-de-restos-de-poda-precisando-de-autorizacion\/","name":"La LEY DE RESIDUOS modifica el procedimiento para la QUEMA DE RESTOS DE PODA, precisando de AUTORIZACION - MI Ayuntamiento de Caudete","isPartOf":{"@id":"https:\/\/www.caudete.org\/ayuntamiento\/#website"},"primaryImageOfPage":{"@id":"https:\/\/www.caudete.org\/ayuntamiento\/la-ley-de-residuos-modifica-el-procedimiento-para-la-quema-de-restos-de-poda-precisando-de-autorizacion\/#primaryimage"},"image":{"@id":"https:\/\/www.caudete.org\/ayuntamiento\/la-ley-de-residuos-modifica-el-procedimiento-para-la-quema-de-restos-de-poda-precisando-de-autorizacion\/#primaryimage"},"thumbnailUrl":"https:\/\/www.caudete.org\/ayuntamiento\/wp-content\/uploads\/2022\/10\/quema-de-rastrojos-y-residuos-es-un-error-de-los-agricultore-12671.jpg","datePublished":"2022-10-24T07:01:35+00:00","author":{"@id":"https:\/\/www.caudete.org\/ayuntamiento\/#\/schema\/person\/cc646da9133078ee4d8dd47457947253"},"description":"P\u00e1gina Oficial del Ayuntamiento de Caudete (Albacete)","breadcrumb":{"@id":"https:\/\/www.caudete.org\/ayuntamiento\/la-ley-de-residuos-modifica-el-procedimiento-para-la-quema-de-restos-de-poda-precisando-de-autorizacion\/#breadcrumb"},"inLanguage":"es","potentialAction":[{"@type":"ReadAction","target":["https:\/\/www.caudete.org\/ayuntamiento\/la-ley-de-residuos-modifica-el-procedimiento-para-la-quema-de-restos-de-poda-precisando-de-autorizacion\/"]}]},{"@type":"ImageObject","inLanguage":"es","@id":"https:\/\/www.caudete.org\/ayuntamiento\/la-ley-de-residuos-modifica-el-procedimiento-para-la-quema-de-restos-de-poda-precisando-de-autorizacion\/#primaryimage","url":"https:\/\/www.caudete.org\/ayuntamiento\/wp-content\/uploads\/2022\/10\/quema-de-rastrojos-y-residuos-es-un-error-de-los-agricultore-12671.jpg","contentUrl":"https:\/\/www.caudete.org\/ayuntamiento\/wp-content\/uploads\/2022\/10\/quema-de-rastrojos-y-residuos-es-un-error-de-los-agricultore-12671.jpg","width":800,"height":525},{"@type":"BreadcrumbList","@id":"https:\/\/www.caudete.org\/ayuntamiento\/la-ley-de-residuos-modifica-el-procedimiento-para-la-quema-de-restos-de-poda-precisando-de-autorizacion\/#breadcrumb","itemListElement":[{"@type":"ListItem","position":1,"name":"Inicio","item":"https:\/\/www.caudete.org\/ayuntamiento\/"},{"@type":"ListItem","position":2,"name":"La LEY DE RESIDUOS modifica el procedimiento para la QUEMA DE RESTOS DE PODA, precisando de AUTORIZACION"}]},{"@type":"WebSite","@id":"https:\/\/www.caudete.org\/ayuntamiento\/#website","url":"https:\/\/www.caudete.org\/ayuntamiento\/","name":"MI Ayuntamiento de Caudete","description":"P\u00e1gina Oficial del MI Ayuntamiento de Caudete","potentialAction":[{"@type":"SearchAction","target":{"@type":"EntryPoint","urlTemplate":"https:\/\/www.caudete.org\/ayuntamiento\/?s={search_term_string}"},"query-input":{"@type":"PropertyValueSpecification","valueRequired":true,"valueName":"search_term_string"}}],"inLanguage":"es"},{"@type":"Person","@id":"https:\/\/www.caudete.org\/ayuntamiento\/#\/schema\/person\/cc646da9133078ee4d8dd47457947253","name":"alcalde","image":{"@type":"ImageObject","inLanguage":"es","@id":"https:\/\/secure.gravatar.com\/avatar\/84a817ba065b29ff08d666b215a215f5c79186a645ccb25b14a663d48a130f77?s=96&d=mm&r=g","url":"https:\/\/secure.gravatar.com\/avatar\/84a817ba065b29ff08d666b215a215f5c79186a645ccb25b14a663d48a130f77?s=96&d=mm&r=g","contentUrl":"https:\/\/secure.gravatar.com\/avatar\/84a817ba065b29ff08d666b215a215f5c79186a645ccb25b14a663d48a130f77?s=96&d=mm&r=g","caption":"alcalde"},"url":"https:\/\/www.caudete.org\/ayuntamiento\/author\/alcalde\/"}]}},"_links":{"self":[{"href":"https:\/\/www.caudete.org\/ayuntamiento\/wp-json\/wp\/v2\/posts\/20383","targetHints":{"allow":["GET"]}}],"collection":[{"href":"https:\/\/www.caudete.org\/ayuntamiento\/wp-json\/wp\/v2\/posts"}],"about":[{"href":"https:\/\/www.caudete.org\/ayuntamiento\/wp-json\/wp\/v2\/types\/post"}],"author":[{"embeddable":true,"href":"https:\/\/www.caudete.org\/ayuntamiento\/wp-json\/wp\/v2\/users\/3"}],"replies":[{"embeddable":true,"href":"https:\/\/www.caudete.org\/ayuntamiento\/wp-json\/wp\/v2\/comments?post=20383"}],"version-history":[{"count":1,"href":"https:\/\/www.caudete.org\/ayuntamiento\/wp-json\/wp\/v2\/posts\/20383\/revisions"}],"predecessor-version":[{"id":20385,"href":"https:\/\/www.caudete.org\/ayuntamiento\/wp-json\/wp\/v2\/posts\/20383\/revisions\/20385"}],"wp:featuredmedia":[{"embeddable":true,"href":"https:\/\/www.caudete.org\/ayuntamiento\/wp-json\/wp\/v2\/media\/20384"}],"wp:attachment":[{"href":"https:\/\/www.caudete.org\/ayuntamiento\/wp-json\/wp\/v2\/media?parent=20383"}],"wp:term":[{"taxonomy":"category","embeddable":true,"href":"https:\/\/www.caudete.org\/ayuntamiento\/wp-json\/wp\/v2\/categories?post=20383"},{"taxonomy":"post_tag","embeddable":true,"href":"https:\/\/www.caudete.org\/ayuntamiento\/wp-json\/wp\/v2\/tags?post=20383"}],"curies":[{"name":"wp","href":"https:\/\/api.w.org\/{rel}","templated":true}]}}