{"id":20416,"date":"2022-10-26T16:18:33","date_gmt":"2022-10-26T14:18:33","guid":{"rendered":"https:\/\/www.caudete.org\/ayuntamiento\/?p=20416"},"modified":"2022-10-26T16:18:59","modified_gmt":"2022-10-26T14:18:59","slug":"el-14-de-noviembre-se-podra-expedir-o-renovar-dni-en-el-ayuntamiento-abriendose-la-cita-previa-presencial","status":"publish","type":"post","link":"https:\/\/www.caudete.org\/ayuntamiento\/el-14-de-noviembre-se-podra-expedir-o-renovar-dni-en-el-ayuntamiento-abriendose-la-cita-previa-presencial\/","title":{"rendered":"El 14 de Noviembre se podr\u00e1 expedir o renovar DNI en el Ayuntamiento, abri\u00e9ndose la cita previa presencial"},"content":{"rendered":"<p style=\"text-align: justify;\">La Concejal de Interior, Mar\u00eda del Mar Requena ha anunciado que ser\u00e1 el pr\u00f3ximo 14 de Noviembre cuando los caudetanos tendr\u00e1n oportunidad de renovar y expedir el DNI en el propio Ayuntamiento.<\/p>\n<p style=\"text-align: justify;\">Tras un par\u00f3n sufrido por la pandemia, las gestiones realizadas por el Consistorio han conseguido que de nuevo se reestablezca este servicio tan imprescindible para muchos caudetanos que por diversas cuestiones no le es posible trasladarse a las dependencias autorizadas para este tr\u00e1mite tan b\u00e1sico y esencial.<\/p>\n<p style=\"text-align: justify;\">Para ser atendidos ser\u00e1 necesaria CITA PREVIA que se podr\u00e1 obtener en el SAC (planta baja del Ayuntamiento) de lunes a viernes de 09:00 a 13:30 horas, aportando Nombre y Apellidos, Tel\u00e9fono y n\u00ba DNI (este ultimo en caso de renovaci\u00f3n). No se dar\u00e1 cita telef\u00f3nicamente debido a la proximidad de la fecha, por lo que \u00fanicamente ser\u00e1 presencial.<\/p>\n<p style=\"text-align: justify;\">Hay que tener en cuenta que el DNI no se entrega en el momento, sino que se recoger\u00e1 el d\u00eda 18 de Noviembre de 09:15 a 11:30h en el propio Ayuntamiento.<\/p>\n<p style=\"text-align: justify;\"><u>DOCUMENTACION NECESARIA:<\/u><\/p>\n<p style=\"text-align: justify;\"><u>Renovaci\u00f3n:<\/u><\/p>\n<ul style=\"text-align: justify;\">\n<li>1 fotograf\u00eda tama\u00f1o carn\u00e9 (en caso de extrav\u00edo o sustracci\u00f3n, 1 fotograf\u00eda y denuncia si no lo han hecho con anterioridad).<\/li>\n<li>N.I. anterior.<\/li>\n<li>En caso de cambio domicilio aportar Volante de Empadronamiento, si han pasado mas de 2 meses del cambio.<\/li>\n<li>En caso de modificaci\u00f3n por cambio o error en otros datos (nombre, edad, etc.) aportar partida literal de nacimiento.<\/li>\n<li>Tasa 12,00 \u20ac.<\/li>\n<li>Familias Numerosas (aportar tarjeta original del t\u00edtulo en vigor).<\/li>\n<li>Cambio de domicilio o modificaci\u00f3n datos personales si DNI est\u00e1 en vigor.<\/li>\n<\/ul>\n<p style=\"text-align: justify;\"><u>Primera expedici\u00f3n:<\/u><\/p>\n<ul style=\"text-align: justify;\">\n<li>Partida literal de nacimiento que indique que es a efectos de expedici\u00f3n del D.N.I.<\/li>\n<li>1 fotograf\u00eda tama\u00f1o carn\u00e9.<\/li>\n<li>Tasa: 12,00 \u20ac a abonar en efectivo en el momento de la expedici\u00f3n.<\/li>\n<li>Certificado o volante de empadronamiento expedido por el Ayuntamiento.<\/li>\n<li>Debe comparecer el padre o la madre, o representante legal con su D.N.I. en vigor.<\/li>\n<\/ul>\n<p style=\"text-align: justify;\"><u>ENTREGA DE CARNES Y PIN DNI ELECTR\u00d3NICO:<\/u><\/p>\n<p style=\"text-align: justify;\">La fabricaci\u00f3n de los documentos se realiza de manera diferida, por lo que el d\u00eda se\u00f1alado se proceder\u00e1 a la toma de datos para su fabricaci\u00f3n, realizando la entrega en d\u00edas posteriores. (si no lo recoge en el d\u00eda previsto tendr\u00e1 que retirarlo en la Comisar\u00eda de Albacete).<\/p>\n<ul style=\"text-align: justify;\">\n<li>En cada uno de los d\u00edas de toma de datos se informar\u00e1 por los funcionarios del D.N.I. m\u00f3vil, a las personas atendidas del d\u00eda en que se realizar\u00e1 la posterior entrega de CARN\u00c9S. Es obligatorio que vaya la persona interesada, en el caso de los menores de 14 a\u00f1os deben ser acompa\u00f1ados por uno de sus padres o tutor, con el fin de recoger la huella de nuevo antes de la entrega.<\/li>\n<\/ul>\n<p style=\"text-align: justify;\">En los casos de presentaci\u00f3n de un D.N.I excesivamente antiguo, modificaci\u00f3n de datos de afiliaci\u00f3n por error en los mismos u otros an\u00e1logos, se ha de proceder a una identificaci\u00f3n previa a la expedici\u00f3n, por lo que no se podr\u00e1n ultimar los datos necesarios para la expedici\u00f3n hasta la aprobaci\u00f3n, en su caso, de la misma. En dicho caso se informar\u00e1 al ciudadano\/a, una vez est\u00e9 resuelta la identificaci\u00f3n, para proseguir la expedici\u00f3n del D.N.I.<\/p>\n","protected":false},"excerpt":{"rendered":"<p>La Concejal de Interior, Mar\u00eda del Mar Requena ha anunciado que ser\u00e1 el pr\u00f3ximo 14 de Noviembre cuando los caudetanos tendr\u00e1n oportunidad de renovar y expedir el DNI en el propio Ayuntamiento. Tras un par\u00f3n sufrido por la pandemia, las gestiones realizadas por el Consistorio han conseguido que de nuevo se reestablezca este servicio tan &hellip;<\/p>\n","protected":false},"author":3,"featured_media":20417,"comment_status":"closed","ping_status":"open","sticky":false,"template":"","format":"standard","meta":{"ngg_post_thumbnail":0,"footnotes":""},"categories":[34],"tags":[],"class_list":["post-20416","post","type-post","status-publish","format-standard","has-post-thumbnail","hentry","category-interior"],"yoast_head":"<!-- This site is optimized with the Yoast SEO plugin v27.5 - https:\/\/yoast.com\/product\/yoast-seo-wordpress\/ -->\n<title>El 14 de Noviembre se podr\u00e1 expedir o renovar DNI en el Ayuntamiento, abri\u00e9ndose la cita previa presencial - MI Ayuntamiento de Caudete<\/title>\n<meta name=\"description\" content=\"P\u00e1gina Oficial del Ayuntamiento de Caudete (Albacete)\" \/>\n<meta name=\"robots\" content=\"index, follow, max-snippet:-1, max-image-preview:large, max-video-preview:-1\" \/>\n<link rel=\"canonical\" href=\"https:\/\/www.caudete.org\/ayuntamiento\/el-14-de-noviembre-se-podra-expedir-o-renovar-dni-en-el-ayuntamiento-abriendose-la-cita-previa-presencial\/\" \/>\n<meta property=\"og:locale\" content=\"es_ES\" \/>\n<meta property=\"og:type\" content=\"article\" \/>\n<meta property=\"og:title\" content=\"El 14 de Noviembre se podr\u00e1 expedir o renovar DNI en el Ayuntamiento, abri\u00e9ndose la cita previa presencial - MI Ayuntamiento de Caudete\" \/>\n<meta property=\"og:description\" content=\"P\u00e1gina Oficial del Ayuntamiento de Caudete (Albacete)\" \/>\n<meta property=\"og:url\" content=\"https:\/\/www.caudete.org\/ayuntamiento\/el-14-de-noviembre-se-podra-expedir-o-renovar-dni-en-el-ayuntamiento-abriendose-la-cita-previa-presencial\/\" \/>\n<meta property=\"og:site_name\" content=\"MI Ayuntamiento de Caudete\" \/>\n<meta property=\"article:publisher\" content=\"https:\/\/www.facebook.com\/ayuntamientocaudete\/\" \/>\n<meta property=\"article:published_time\" content=\"2022-10-26T14:18:33+00:00\" \/>\n<meta property=\"article:modified_time\" content=\"2022-10-26T14:18:59+00:00\" \/>\n<meta property=\"og:image\" content=\"https:\/\/www.caudete.org\/ayuntamiento\/wp-content\/uploads\/2022\/10\/dni.jpg\" \/>\n\t<meta property=\"og:image:width\" content=\"500\" \/>\n\t<meta property=\"og:image:height\" content=\"300\" \/>\n\t<meta property=\"og:image:type\" content=\"image\/jpeg\" \/>\n<meta name=\"author\" content=\"alcalde\" \/>\n<meta name=\"twitter:card\" content=\"summary_large_image\" \/>\n<meta name=\"twitter:label1\" content=\"Escrito por\" \/>\n\t<meta name=\"twitter:data1\" content=\"alcalde\" \/>\n\t<meta name=\"twitter:label2\" content=\"Tiempo de lectura\" \/>\n\t<meta name=\"twitter:data2\" content=\"3 minutos\" \/>\n<script type=\"application\/ld+json\" class=\"yoast-schema-graph\">{\"@context\":\"https:\\\/\\\/schema.org\",\"@graph\":[{\"@type\":\"Article\",\"@id\":\"https:\\\/\\\/www.caudete.org\\\/ayuntamiento\\\/el-14-de-noviembre-se-podra-expedir-o-renovar-dni-en-el-ayuntamiento-abriendose-la-cita-previa-presencial\\\/#article\",\"isPartOf\":{\"@id\":\"https:\\\/\\\/www.caudete.org\\\/ayuntamiento\\\/el-14-de-noviembre-se-podra-expedir-o-renovar-dni-en-el-ayuntamiento-abriendose-la-cita-previa-presencial\\\/\"},\"author\":{\"name\":\"alcalde\",\"@id\":\"https:\\\/\\\/www.caudete.org\\\/ayuntamiento\\\/#\\\/schema\\\/person\\\/cc646da9133078ee4d8dd47457947253\"},\"headline\":\"El 14 de Noviembre se podr\u00e1 expedir o renovar DNI en el Ayuntamiento, abri\u00e9ndose la cita previa presencial\",\"datePublished\":\"2022-10-26T14:18:33+00:00\",\"dateModified\":\"2022-10-26T14:18:59+00:00\",\"mainEntityOfPage\":{\"@id\":\"https:\\\/\\\/www.caudete.org\\\/ayuntamiento\\\/el-14-de-noviembre-se-podra-expedir-o-renovar-dni-en-el-ayuntamiento-abriendose-la-cita-previa-presencial\\\/\"},\"wordCount\":580,\"publisher\":{\"@id\":\"https:\\\/\\\/www.caudete.org\\\/ayuntamiento\\\/#organization\"},\"image\":{\"@id\":\"https:\\\/\\\/www.caudete.org\\\/ayuntamiento\\\/el-14-de-noviembre-se-podra-expedir-o-renovar-dni-en-el-ayuntamiento-abriendose-la-cita-previa-presencial\\\/#primaryimage\"},\"thumbnailUrl\":\"https:\\\/\\\/www.caudete.org\\\/ayuntamiento\\\/wp-content\\\/uploads\\\/2022\\\/10\\\/dni.jpg\",\"articleSection\":[\"Interior\"],\"inLanguage\":\"es\"},{\"@type\":\"WebPage\",\"@id\":\"https:\\\/\\\/www.caudete.org\\\/ayuntamiento\\\/el-14-de-noviembre-se-podra-expedir-o-renovar-dni-en-el-ayuntamiento-abriendose-la-cita-previa-presencial\\\/\",\"url\":\"https:\\\/\\\/www.caudete.org\\\/ayuntamiento\\\/el-14-de-noviembre-se-podra-expedir-o-renovar-dni-en-el-ayuntamiento-abriendose-la-cita-previa-presencial\\\/\",\"name\":\"El 14 de Noviembre se podr\u00e1 expedir o renovar DNI en el Ayuntamiento, abri\u00e9ndose la cita previa presencial - MI Ayuntamiento de Caudete\",\"isPartOf\":{\"@id\":\"https:\\\/\\\/www.caudete.org\\\/ayuntamiento\\\/#website\"},\"primaryImageOfPage\":{\"@id\":\"https:\\\/\\\/www.caudete.org\\\/ayuntamiento\\\/el-14-de-noviembre-se-podra-expedir-o-renovar-dni-en-el-ayuntamiento-abriendose-la-cita-previa-presencial\\\/#primaryimage\"},\"image\":{\"@id\":\"https:\\\/\\\/www.caudete.org\\\/ayuntamiento\\\/el-14-de-noviembre-se-podra-expedir-o-renovar-dni-en-el-ayuntamiento-abriendose-la-cita-previa-presencial\\\/#primaryimage\"},\"thumbnailUrl\":\"https:\\\/\\\/www.caudete.org\\\/ayuntamiento\\\/wp-content\\\/uploads\\\/2022\\\/10\\\/dni.jpg\",\"datePublished\":\"2022-10-26T14:18:33+00:00\",\"dateModified\":\"2022-10-26T14:18:59+00:00\",\"description\":\"P\u00e1gina Oficial del Ayuntamiento de Caudete (Albacete)\",\"breadcrumb\":{\"@id\":\"https:\\\/\\\/www.caudete.org\\\/ayuntamiento\\\/el-14-de-noviembre-se-podra-expedir-o-renovar-dni-en-el-ayuntamiento-abriendose-la-cita-previa-presencial\\\/#breadcrumb\"},\"inLanguage\":\"es\",\"potentialAction\":[{\"@type\":\"ReadAction\",\"target\":[\"https:\\\/\\\/www.caudete.org\\\/ayuntamiento\\\/el-14-de-noviembre-se-podra-expedir-o-renovar-dni-en-el-ayuntamiento-abriendose-la-cita-previa-presencial\\\/\"]}]},{\"@type\":\"ImageObject\",\"inLanguage\":\"es\",\"@id\":\"https:\\\/\\\/www.caudete.org\\\/ayuntamiento\\\/el-14-de-noviembre-se-podra-expedir-o-renovar-dni-en-el-ayuntamiento-abriendose-la-cita-previa-presencial\\\/#primaryimage\",\"url\":\"https:\\\/\\\/www.caudete.org\\\/ayuntamiento\\\/wp-content\\\/uploads\\\/2022\\\/10\\\/dni.jpg\",\"contentUrl\":\"https:\\\/\\\/www.caudete.org\\\/ayuntamiento\\\/wp-content\\\/uploads\\\/2022\\\/10\\\/dni.jpg\",\"width\":500,\"height\":300},{\"@type\":\"BreadcrumbList\",\"@id\":\"https:\\\/\\\/www.caudete.org\\\/ayuntamiento\\\/el-14-de-noviembre-se-podra-expedir-o-renovar-dni-en-el-ayuntamiento-abriendose-la-cita-previa-presencial\\\/#breadcrumb\",\"itemListElement\":[{\"@type\":\"ListItem\",\"position\":1,\"name\":\"Inicio\",\"item\":\"https:\\\/\\\/www.caudete.org\\\/ayuntamiento\\\/\"},{\"@type\":\"ListItem\",\"position\":2,\"name\":\"El 14 de Noviembre se podr\u00e1 expedir o renovar DNI en el Ayuntamiento, abri\u00e9ndose la cita previa presencial\"}]},{\"@type\":\"WebSite\",\"@id\":\"https:\\\/\\\/www.caudete.org\\\/ayuntamiento\\\/#website\",\"url\":\"https:\\\/\\\/www.caudete.org\\\/ayuntamiento\\\/\",\"name\":\"MI Ayuntamiento de Caudete\",\"description\":\"P\u00e1gina Oficial del MI Ayuntamiento de Caudete\",\"publisher\":{\"@id\":\"https:\\\/\\\/www.caudete.org\\\/ayuntamiento\\\/#organization\"},\"potentialAction\":[{\"@type\":\"SearchAction\",\"target\":{\"@type\":\"EntryPoint\",\"urlTemplate\":\"https:\\\/\\\/www.caudete.org\\\/ayuntamiento\\\/?s={search_term_string}\"},\"query-input\":{\"@type\":\"PropertyValueSpecification\",\"valueRequired\":true,\"valueName\":\"search_term_string\"}}],\"inLanguage\":\"es\"},{\"@type\":\"Organization\",\"@id\":\"https:\\\/\\\/www.caudete.org\\\/ayuntamiento\\\/#organization\",\"name\":\"Ayuntamiento de Caudete\",\"url\":\"https:\\\/\\\/www.caudete.org\\\/ayuntamiento\\\/\",\"logo\":{\"@type\":\"ImageObject\",\"inLanguage\":\"es\",\"@id\":\"https:\\\/\\\/www.caudete.org\\\/ayuntamiento\\\/#\\\/schema\\\/logo\\\/image\\\/\",\"url\":\"https:\\\/\\\/www.caudete.org\\\/ayuntamiento\\\/wp-content\\\/uploads\\\/2020\\\/11\\\/logo_ayuntamiento_caudete.jpg\",\"contentUrl\":\"https:\\\/\\\/www.caudete.org\\\/ayuntamiento\\\/wp-content\\\/uploads\\\/2020\\\/11\\\/logo_ayuntamiento_caudete.jpg\",\"width\":600,\"height\":150,\"caption\":\"Ayuntamiento de Caudete\"},\"image\":{\"@id\":\"https:\\\/\\\/www.caudete.org\\\/ayuntamiento\\\/#\\\/schema\\\/logo\\\/image\\\/\"},\"sameAs\":[\"https:\\\/\\\/www.facebook.com\\\/ayuntamientocaudete\\\/\",\"https:\\\/\\\/www.youtube.com\\\/channel\\\/UC6VztHaooNsGpw-tNoBEFnQ\"]},{\"@type\":\"Person\",\"@id\":\"https:\\\/\\\/www.caudete.org\\\/ayuntamiento\\\/#\\\/schema\\\/person\\\/cc646da9133078ee4d8dd47457947253\",\"name\":\"alcalde\",\"image\":{\"@type\":\"ImageObject\",\"inLanguage\":\"es\",\"@id\":\"https:\\\/\\\/secure.gravatar.com\\\/avatar\\\/84a817ba065b29ff08d666b215a215f5c79186a645ccb25b14a663d48a130f77?s=96&d=mm&r=g\",\"url\":\"https:\\\/\\\/secure.gravatar.com\\\/avatar\\\/84a817ba065b29ff08d666b215a215f5c79186a645ccb25b14a663d48a130f77?s=96&d=mm&r=g\",\"contentUrl\":\"https:\\\/\\\/secure.gravatar.com\\\/avatar\\\/84a817ba065b29ff08d666b215a215f5c79186a645ccb25b14a663d48a130f77?s=96&d=mm&r=g\",\"caption\":\"alcalde\"},\"url\":\"https:\\\/\\\/www.caudete.org\\\/ayuntamiento\\\/author\\\/alcalde\\\/\"}]}<\/script>\n<!-- \/ Yoast SEO plugin. -->","yoast_head_json":{"title":"El 14 de Noviembre se podr\u00e1 expedir o renovar DNI en el Ayuntamiento, abri\u00e9ndose la cita previa presencial - MI Ayuntamiento de Caudete","description":"P\u00e1gina Oficial del Ayuntamiento de Caudete (Albacete)","robots":{"index":"index","follow":"follow","max-snippet":"max-snippet:-1","max-image-preview":"max-image-preview:large","max-video-preview":"max-video-preview:-1"},"canonical":"https:\/\/www.caudete.org\/ayuntamiento\/el-14-de-noviembre-se-podra-expedir-o-renovar-dni-en-el-ayuntamiento-abriendose-la-cita-previa-presencial\/","og_locale":"es_ES","og_type":"article","og_title":"El 14 de Noviembre se podr\u00e1 expedir o renovar DNI en el Ayuntamiento, abri\u00e9ndose la cita previa presencial - MI Ayuntamiento de Caudete","og_description":"P\u00e1gina Oficial del Ayuntamiento de Caudete (Albacete)","og_url":"https:\/\/www.caudete.org\/ayuntamiento\/el-14-de-noviembre-se-podra-expedir-o-renovar-dni-en-el-ayuntamiento-abriendose-la-cita-previa-presencial\/","og_site_name":"MI Ayuntamiento de Caudete","article_publisher":"https:\/\/www.facebook.com\/ayuntamientocaudete\/","article_published_time":"2022-10-26T14:18:33+00:00","article_modified_time":"2022-10-26T14:18:59+00:00","og_image":[{"width":500,"height":300,"url":"https:\/\/www.caudete.org\/ayuntamiento\/wp-content\/uploads\/2022\/10\/dni.jpg","type":"image\/jpeg"}],"author":"alcalde","twitter_card":"summary_large_image","twitter_misc":{"Escrito por":"alcalde","Tiempo de lectura":"3 minutos"},"schema":{"@context":"https:\/\/schema.org","@graph":[{"@type":"Article","@id":"https:\/\/www.caudete.org\/ayuntamiento\/el-14-de-noviembre-se-podra-expedir-o-renovar-dni-en-el-ayuntamiento-abriendose-la-cita-previa-presencial\/#article","isPartOf":{"@id":"https:\/\/www.caudete.org\/ayuntamiento\/el-14-de-noviembre-se-podra-expedir-o-renovar-dni-en-el-ayuntamiento-abriendose-la-cita-previa-presencial\/"},"author":{"name":"alcalde","@id":"https:\/\/www.caudete.org\/ayuntamiento\/#\/schema\/person\/cc646da9133078ee4d8dd47457947253"},"headline":"El 14 de Noviembre se podr\u00e1 expedir o renovar DNI en el Ayuntamiento, abri\u00e9ndose la cita previa presencial","datePublished":"2022-10-26T14:18:33+00:00","dateModified":"2022-10-26T14:18:59+00:00","mainEntityOfPage":{"@id":"https:\/\/www.caudete.org\/ayuntamiento\/el-14-de-noviembre-se-podra-expedir-o-renovar-dni-en-el-ayuntamiento-abriendose-la-cita-previa-presencial\/"},"wordCount":580,"publisher":{"@id":"https:\/\/www.caudete.org\/ayuntamiento\/#organization"},"image":{"@id":"https:\/\/www.caudete.org\/ayuntamiento\/el-14-de-noviembre-se-podra-expedir-o-renovar-dni-en-el-ayuntamiento-abriendose-la-cita-previa-presencial\/#primaryimage"},"thumbnailUrl":"https:\/\/www.caudete.org\/ayuntamiento\/wp-content\/uploads\/2022\/10\/dni.jpg","articleSection":["Interior"],"inLanguage":"es"},{"@type":"WebPage","@id":"https:\/\/www.caudete.org\/ayuntamiento\/el-14-de-noviembre-se-podra-expedir-o-renovar-dni-en-el-ayuntamiento-abriendose-la-cita-previa-presencial\/","url":"https:\/\/www.caudete.org\/ayuntamiento\/el-14-de-noviembre-se-podra-expedir-o-renovar-dni-en-el-ayuntamiento-abriendose-la-cita-previa-presencial\/","name":"El 14 de Noviembre se podr\u00e1 expedir o renovar DNI en el Ayuntamiento, abri\u00e9ndose la cita previa presencial - MI Ayuntamiento de Caudete","isPartOf":{"@id":"https:\/\/www.caudete.org\/ayuntamiento\/#website"},"primaryImageOfPage":{"@id":"https:\/\/www.caudete.org\/ayuntamiento\/el-14-de-noviembre-se-podra-expedir-o-renovar-dni-en-el-ayuntamiento-abriendose-la-cita-previa-presencial\/#primaryimage"},"image":{"@id":"https:\/\/www.caudete.org\/ayuntamiento\/el-14-de-noviembre-se-podra-expedir-o-renovar-dni-en-el-ayuntamiento-abriendose-la-cita-previa-presencial\/#primaryimage"},"thumbnailUrl":"https:\/\/www.caudete.org\/ayuntamiento\/wp-content\/uploads\/2022\/10\/dni.jpg","datePublished":"2022-10-26T14:18:33+00:00","dateModified":"2022-10-26T14:18:59+00:00","description":"P\u00e1gina Oficial del Ayuntamiento de Caudete (Albacete)","breadcrumb":{"@id":"https:\/\/www.caudete.org\/ayuntamiento\/el-14-de-noviembre-se-podra-expedir-o-renovar-dni-en-el-ayuntamiento-abriendose-la-cita-previa-presencial\/#breadcrumb"},"inLanguage":"es","potentialAction":[{"@type":"ReadAction","target":["https:\/\/www.caudete.org\/ayuntamiento\/el-14-de-noviembre-se-podra-expedir-o-renovar-dni-en-el-ayuntamiento-abriendose-la-cita-previa-presencial\/"]}]},{"@type":"ImageObject","inLanguage":"es","@id":"https:\/\/www.caudete.org\/ayuntamiento\/el-14-de-noviembre-se-podra-expedir-o-renovar-dni-en-el-ayuntamiento-abriendose-la-cita-previa-presencial\/#primaryimage","url":"https:\/\/www.caudete.org\/ayuntamiento\/wp-content\/uploads\/2022\/10\/dni.jpg","contentUrl":"https:\/\/www.caudete.org\/ayuntamiento\/wp-content\/uploads\/2022\/10\/dni.jpg","width":500,"height":300},{"@type":"BreadcrumbList","@id":"https:\/\/www.caudete.org\/ayuntamiento\/el-14-de-noviembre-se-podra-expedir-o-renovar-dni-en-el-ayuntamiento-abriendose-la-cita-previa-presencial\/#breadcrumb","itemListElement":[{"@type":"ListItem","position":1,"name":"Inicio","item":"https:\/\/www.caudete.org\/ayuntamiento\/"},{"@type":"ListItem","position":2,"name":"El 14 de Noviembre se podr\u00e1 expedir o renovar DNI en el Ayuntamiento, abri\u00e9ndose la cita previa presencial"}]},{"@type":"WebSite","@id":"https:\/\/www.caudete.org\/ayuntamiento\/#website","url":"https:\/\/www.caudete.org\/ayuntamiento\/","name":"MI Ayuntamiento de Caudete","description":"P\u00e1gina Oficial del MI Ayuntamiento de Caudete","publisher":{"@id":"https:\/\/www.caudete.org\/ayuntamiento\/#organization"},"potentialAction":[{"@type":"SearchAction","target":{"@type":"EntryPoint","urlTemplate":"https:\/\/www.caudete.org\/ayuntamiento\/?s={search_term_string}"},"query-input":{"@type":"PropertyValueSpecification","valueRequired":true,"valueName":"search_term_string"}}],"inLanguage":"es"},{"@type":"Organization","@id":"https:\/\/www.caudete.org\/ayuntamiento\/#organization","name":"Ayuntamiento de Caudete","url":"https:\/\/www.caudete.org\/ayuntamiento\/","logo":{"@type":"ImageObject","inLanguage":"es","@id":"https:\/\/www.caudete.org\/ayuntamiento\/#\/schema\/logo\/image\/","url":"https:\/\/www.caudete.org\/ayuntamiento\/wp-content\/uploads\/2020\/11\/logo_ayuntamiento_caudete.jpg","contentUrl":"https:\/\/www.caudete.org\/ayuntamiento\/wp-content\/uploads\/2020\/11\/logo_ayuntamiento_caudete.jpg","width":600,"height":150,"caption":"Ayuntamiento de Caudete"},"image":{"@id":"https:\/\/www.caudete.org\/ayuntamiento\/#\/schema\/logo\/image\/"},"sameAs":["https:\/\/www.facebook.com\/ayuntamientocaudete\/","https:\/\/www.youtube.com\/channel\/UC6VztHaooNsGpw-tNoBEFnQ"]},{"@type":"Person","@id":"https:\/\/www.caudete.org\/ayuntamiento\/#\/schema\/person\/cc646da9133078ee4d8dd47457947253","name":"alcalde","image":{"@type":"ImageObject","inLanguage":"es","@id":"https:\/\/secure.gravatar.com\/avatar\/84a817ba065b29ff08d666b215a215f5c79186a645ccb25b14a663d48a130f77?s=96&d=mm&r=g","url":"https:\/\/secure.gravatar.com\/avatar\/84a817ba065b29ff08d666b215a215f5c79186a645ccb25b14a663d48a130f77?s=96&d=mm&r=g","contentUrl":"https:\/\/secure.gravatar.com\/avatar\/84a817ba065b29ff08d666b215a215f5c79186a645ccb25b14a663d48a130f77?s=96&d=mm&r=g","caption":"alcalde"},"url":"https:\/\/www.caudete.org\/ayuntamiento\/author\/alcalde\/"}]}},"_links":{"self":[{"href":"https:\/\/www.caudete.org\/ayuntamiento\/wp-json\/wp\/v2\/posts\/20416","targetHints":{"allow":["GET"]}}],"collection":[{"href":"https:\/\/www.caudete.org\/ayuntamiento\/wp-json\/wp\/v2\/posts"}],"about":[{"href":"https:\/\/www.caudete.org\/ayuntamiento\/wp-json\/wp\/v2\/types\/post"}],"author":[{"embeddable":true,"href":"https:\/\/www.caudete.org\/ayuntamiento\/wp-json\/wp\/v2\/users\/3"}],"replies":[{"embeddable":true,"href":"https:\/\/www.caudete.org\/ayuntamiento\/wp-json\/wp\/v2\/comments?post=20416"}],"version-history":[{"count":2,"href":"https:\/\/www.caudete.org\/ayuntamiento\/wp-json\/wp\/v2\/posts\/20416\/revisions"}],"predecessor-version":[{"id":20419,"href":"https:\/\/www.caudete.org\/ayuntamiento\/wp-json\/wp\/v2\/posts\/20416\/revisions\/20419"}],"wp:featuredmedia":[{"embeddable":true,"href":"https:\/\/www.caudete.org\/ayuntamiento\/wp-json\/wp\/v2\/media\/20417"}],"wp:attachment":[{"href":"https:\/\/www.caudete.org\/ayuntamiento\/wp-json\/wp\/v2\/media?parent=20416"}],"wp:term":[{"taxonomy":"category","embeddable":true,"href":"https:\/\/www.caudete.org\/ayuntamiento\/wp-json\/wp\/v2\/categories?post=20416"},{"taxonomy":"post_tag","embeddable":true,"href":"https:\/\/www.caudete.org\/ayuntamiento\/wp-json\/wp\/v2\/tags?post=20416"}],"curies":[{"name":"wp","href":"https:\/\/api.w.org\/{rel}","templated":true}]}}