{"id":20420,"date":"2022-10-26T20:09:52","date_gmt":"2022-10-26T18:09:52","guid":{"rendered":"https:\/\/www.caudete.org\/ayuntamiento\/?p=20420"},"modified":"2022-10-26T20:16:50","modified_gmt":"2022-10-26T18:16:50","slug":"el-servicio-de-autobus-gratuito-al-cementerio-se-extiende-los-dias-31-1-y-2","status":"publish","type":"post","link":"https:\/\/www.caudete.org\/ayuntamiento\/el-servicio-de-autobus-gratuito-al-cementerio-se-extiende-los-dias-31-1-y-2\/","title":{"rendered":"El servicio de autob\u00fas gratuito al CEMENTERIO se extiende los d\u00edas 31, 1 y 2"},"content":{"rendered":"<p><a href=\"https:\/\/www.caudete.org\/ayuntamiento\/wp-content\/uploads\/2021\/09\/WhatsApp-Image-2021-09-27-at-17.00.16.jpeg\" rel='prettyPhoto'><img fetchpriority=\"high\" decoding=\"async\" class=\"aligncenter wp-image-16318 size-medium\" src=\"https:\/\/www.caudete.org\/ayuntamiento\/wp-content\/uploads\/2021\/09\/WhatsApp-Image-2021-09-27-at-17.00.16-300x169.jpeg\" alt=\"\" width=\"300\" height=\"169\" srcset=\"https:\/\/www.caudete.org\/ayuntamiento\/wp-content\/uploads\/2021\/09\/WhatsApp-Image-2021-09-27-at-17.00.16-300x169.jpeg 300w, https:\/\/www.caudete.org\/ayuntamiento\/wp-content\/uploads\/2021\/09\/WhatsApp-Image-2021-09-27-at-17.00.16-1024x576.jpeg 1024w, https:\/\/www.caudete.org\/ayuntamiento\/wp-content\/uploads\/2021\/09\/WhatsApp-Image-2021-09-27-at-17.00.16-768x432.jpeg 768w, https:\/\/www.caudete.org\/ayuntamiento\/wp-content\/uploads\/2021\/09\/WhatsApp-Image-2021-09-27-at-17.00.16-1536x864.jpeg 1536w, https:\/\/www.caudete.org\/ayuntamiento\/wp-content\/uploads\/2021\/09\/WhatsApp-Image-2021-09-27-at-17.00.16.jpeg 1600w\" sizes=\"(max-width: 300px) 100vw, 300px\" \/><\/a><\/p>\n<p style=\"text-align: justify;\">Con motivo de las festividades de\u00a0<strong>Todos los Santos y Fieles Difuntos<\/strong> de los pr\u00f3ximos 1 y 2 de Noviembre, el Ayuntamiento vuelve a poner el <strong>servicio gratuito de autob\u00fas<\/strong> que a disposici\u00f3n de personas mayores, personas con movilidad reducida o que carecen de medio de transporte para visitar el Cementerio en estas fechas tan se\u00f1aladas<\/p>\n<p style=\"text-align: justify;\">As\u00ed lo recordaba est\u00e1 ma\u00f1ana el Alcalde, Mois\u00e9s L\u00f3pez, exponiendo que el <strong>lugar de salida<\/strong>\u00a0del autob\u00fas seguir\u00e1 siendo\u00a0<strong>\u201cla Torre\u201d<\/strong>, es decir, en la parte baja del Paseo Luis Golf.<\/p>\n<p style=\"text-align: justify;\">Este a\u00f1o, <strong>el servicio se prestar\u00e1 durante tres d\u00edas<\/strong>, comenzando con <strong>la v\u00edspera de Todos los Santos<\/strong> (31 de Octubre) y siguiendo por el propio <strong>d\u00eda 1 de Noviembre<\/strong>, as\u00ed como para la festividad de los <strong>Fieles Difuntos<\/strong> (2 de Noviembre), permitiendo a quien lo desee poder asistir a la Misa de Difuntos que tradicionalmente se realiza en el Cementerio, para lo cual el Consistorio prever\u00e1 de sillas suficientes.<\/p>\n<p style=\"text-align: justify;\">Los horarios del servicio de autob\u00fas quedan como siguen:<\/p>\n<p style=\"padding-left: 80px; text-align: justify;\"><span style=\"text-decoration: underline;\"><strong>Lunes 31 de Octubre<\/strong><\/span><\/p>\n<ul style=\"text-align: justify;\">\n<li style=\"list-style-type: none;\">\n<ul>\n<li style=\"list-style-type: none;\">\n<ul>\n<li>Salida a las 10:15, y regreso a las 11:30 horas.<\/li>\n<li>Salida a las 11:45, y regreso a las 12:15 horas.<\/li>\n<\/ul>\n<\/li>\n<\/ul>\n<\/li>\n<\/ul>\n<p style=\"padding-left: 80px; text-align: justify;\"><span style=\"text-decoration: underline;\"><strong>Martes 1 de Noviembre, d\u00eda de Todos los Santos<\/strong><\/span><\/p>\n<ul style=\"text-align: justify;\">\n<li style=\"list-style-type: none;\">\n<ul>\n<li style=\"list-style-type: none;\">\n<ul>\n<li>Salida a las 9:15, y regreso a las 9:45 horas.<\/li>\n<li>Salida a las 10:15, y regreso a las 10:45 horas.<\/li>\n<li>Salida a las 11:15, y regreso a las 11:45 horas.<\/li>\n<li>Salida a las 12:15, y regreso a las 12:45 horas.<\/li>\n<li>Salida a las 13:15, y regreso a las 13:45 horas.<\/li>\n<\/ul>\n<\/li>\n<\/ul>\n<\/li>\n<\/ul>\n<p style=\"padding-left: 160px; text-align: justify;\"><span style=\"font-size: 8pt;\"><em>(EL SERVICIO TENDR\u00c1 UN RECESO AL MEDIOD\u00cdA)<\/em><\/span><\/p>\n<ul style=\"text-align: justify;\">\n<li style=\"list-style-type: none;\">\n<ul>\n<li style=\"list-style-type: none;\">\n<ul>\n<li>Salida a las 15:15, y regreso a las 15:45 horas.<\/li>\n<li>Salida a las 16:15, y regreso a las 16:45 horas.<\/li>\n<li>Salida a las 17:15, y regreso a las 17:45 horas.<\/li>\n<\/ul>\n<\/li>\n<\/ul>\n<\/li>\n<\/ul>\n<p style=\"padding-left: 80px; text-align: justify;\"><span style=\"text-decoration: underline;\"><strong>Mi\u00e9rcoles 2 de Noviembre, d\u00eda de los Fieles Difuntos<\/strong><\/span><\/p>\n<ul style=\"text-align: justify;\">\n<li style=\"list-style-type: none;\">\n<ul>\n<li style=\"list-style-type: none;\">\n<ul>\n<li>Salida a las 10:15, y regreso a las 11:30 horas.<\/li>\n<\/ul>\n<\/li>\n<\/ul>\n<\/li>\n<\/ul>\n<p style=\"padding-left: 120px; text-align: justify;\"><span style=\"font-size: 10pt;\"><strong><em>La Misa de Difuntos se realizara en el Cementerio a las 10:30 horas.<\/em><\/strong><\/span><\/p>\n<p><a href=\"https:\/\/www.caudete.org\/ayuntamiento\/wp-content\/uploads\/2021\/01\/cementerio_trasera_caudete.jpg\" rel='prettyPhoto'><img decoding=\"async\" class=\"aligncenter wp-image-11818 size-medium\" src=\"https:\/\/www.caudete.org\/ayuntamiento\/wp-content\/uploads\/2021\/01\/cementerio_trasera_caudete-300x200.jpg\" alt=\"\" width=\"300\" height=\"200\" srcset=\"https:\/\/www.caudete.org\/ayuntamiento\/wp-content\/uploads\/2021\/01\/cementerio_trasera_caudete-300x200.jpg 300w, https:\/\/www.caudete.org\/ayuntamiento\/wp-content\/uploads\/2021\/01\/cementerio_trasera_caudete-768x512.jpg 768w, https:\/\/www.caudete.org\/ayuntamiento\/wp-content\/uploads\/2021\/01\/cementerio_trasera_caudete.jpg 800w\" sizes=\"(max-width: 300px) 100vw, 300px\" \/><\/a><\/p>\n","protected":false},"excerpt":{"rendered":"<p>Con motivo de las festividades de\u00a0Todos los Santos y Fieles Difuntos de los pr\u00f3ximos 1 y 2 de Noviembre, el Ayuntamiento vuelve a poner el servicio gratuito de autob\u00fas que a disposici\u00f3n de personas mayores, personas con movilidad reducida o que carecen de medio de transporte para visitar el Cementerio en estas fechas tan se\u00f1aladas &hellip;<\/p>\n","protected":false},"author":3,"featured_media":16697,"comment_status":"closed","ping_status":"open","sticky":false,"template":"","format":"standard","meta":{"ngg_post_thumbnail":0,"footnotes":""},"categories":[30],"tags":[],"class_list":["post-20420","post","type-post","status-publish","format-standard","has-post-thumbnail","hentry","category-cementerio"],"yoast_head":"<!-- This site is optimized with the Yoast SEO plugin v27.5 - https:\/\/yoast.com\/product\/yoast-seo-wordpress\/ -->\n<title>El servicio de autob\u00fas gratuito al CEMENTERIO se extiende los d\u00edas 31, 1 y 2 - MI Ayuntamiento de Caudete<\/title>\n<meta name=\"description\" content=\"P\u00e1gina Oficial del Ayuntamiento de Caudete (Albacete)\" \/>\n<meta name=\"robots\" content=\"index, follow, max-snippet:-1, max-image-preview:large, max-video-preview:-1\" \/>\n<link rel=\"canonical\" href=\"https:\/\/www.caudete.org\/ayuntamiento\/el-servicio-de-autobus-gratuito-al-cementerio-se-extiende-los-dias-31-1-y-2\/\" \/>\n<meta property=\"og:locale\" content=\"es_ES\" \/>\n<meta property=\"og:type\" content=\"article\" \/>\n<meta property=\"og:title\" content=\"El servicio de autob\u00fas gratuito al CEMENTERIO se extiende los d\u00edas 31, 1 y 2 - MI Ayuntamiento de Caudete\" \/>\n<meta property=\"og:description\" content=\"P\u00e1gina Oficial del Ayuntamiento de Caudete (Albacete)\" \/>\n<meta property=\"og:url\" content=\"https:\/\/www.caudete.org\/ayuntamiento\/el-servicio-de-autobus-gratuito-al-cementerio-se-extiende-los-dias-31-1-y-2\/\" \/>\n<meta property=\"og:site_name\" content=\"MI Ayuntamiento de Caudete\" \/>\n<meta property=\"article:publisher\" content=\"https:\/\/www.facebook.com\/ayuntamientocaudete\/\" \/>\n<meta property=\"article:published_time\" content=\"2022-10-26T18:09:52+00:00\" \/>\n<meta property=\"article:modified_time\" content=\"2022-10-26T18:16:50+00:00\" \/>\n<meta property=\"og:image\" content=\"https:\/\/www.caudete.org\/ayuntamiento\/wp-content\/uploads\/2021\/10\/cementerio_municipal_caudete_digital.jpg\" \/>\n\t<meta property=\"og:image:width\" content=\"600\" \/>\n\t<meta property=\"og:image:height\" content=\"358\" \/>\n\t<meta property=\"og:image:type\" content=\"image\/jpeg\" \/>\n<meta name=\"author\" content=\"alcalde\" \/>\n<meta name=\"twitter:card\" content=\"summary_large_image\" \/>\n<meta name=\"twitter:label1\" content=\"Escrito por\" \/>\n\t<meta name=\"twitter:data1\" content=\"alcalde\" \/>\n\t<meta name=\"twitter:label2\" content=\"Tiempo de lectura\" \/>\n\t<meta name=\"twitter:data2\" content=\"2 minutos\" \/>\n<script type=\"application\/ld+json\" class=\"yoast-schema-graph\">{\"@context\":\"https:\\\/\\\/schema.org\",\"@graph\":[{\"@type\":\"Article\",\"@id\":\"https:\\\/\\\/www.caudete.org\\\/ayuntamiento\\\/el-servicio-de-autobus-gratuito-al-cementerio-se-extiende-los-dias-31-1-y-2\\\/#article\",\"isPartOf\":{\"@id\":\"https:\\\/\\\/www.caudete.org\\\/ayuntamiento\\\/el-servicio-de-autobus-gratuito-al-cementerio-se-extiende-los-dias-31-1-y-2\\\/\"},\"author\":{\"name\":\"alcalde\",\"@id\":\"https:\\\/\\\/www.caudete.org\\\/ayuntamiento\\\/#\\\/schema\\\/person\\\/cc646da9133078ee4d8dd47457947253\"},\"headline\":\"El servicio de autob\u00fas gratuito al CEMENTERIO se extiende los d\u00edas 31, 1 y 2\",\"datePublished\":\"2022-10-26T18:09:52+00:00\",\"dateModified\":\"2022-10-26T18:16:50+00:00\",\"mainEntityOfPage\":{\"@id\":\"https:\\\/\\\/www.caudete.org\\\/ayuntamiento\\\/el-servicio-de-autobus-gratuito-al-cementerio-se-extiende-los-dias-31-1-y-2\\\/\"},\"wordCount\":317,\"publisher\":{\"@id\":\"https:\\\/\\\/www.caudete.org\\\/ayuntamiento\\\/#organization\"},\"image\":{\"@id\":\"https:\\\/\\\/www.caudete.org\\\/ayuntamiento\\\/el-servicio-de-autobus-gratuito-al-cementerio-se-extiende-los-dias-31-1-y-2\\\/#primaryimage\"},\"thumbnailUrl\":\"https:\\\/\\\/www.caudete.org\\\/ayuntamiento\\\/wp-content\\\/uploads\\\/2021\\\/10\\\/cementerio_municipal_caudete_digital.jpg\",\"articleSection\":[\"Cementerio\"],\"inLanguage\":\"es\"},{\"@type\":\"WebPage\",\"@id\":\"https:\\\/\\\/www.caudete.org\\\/ayuntamiento\\\/el-servicio-de-autobus-gratuito-al-cementerio-se-extiende-los-dias-31-1-y-2\\\/\",\"url\":\"https:\\\/\\\/www.caudete.org\\\/ayuntamiento\\\/el-servicio-de-autobus-gratuito-al-cementerio-se-extiende-los-dias-31-1-y-2\\\/\",\"name\":\"El servicio de autob\u00fas gratuito al CEMENTERIO se extiende los d\u00edas 31, 1 y 2 - MI Ayuntamiento de Caudete\",\"isPartOf\":{\"@id\":\"https:\\\/\\\/www.caudete.org\\\/ayuntamiento\\\/#website\"},\"primaryImageOfPage\":{\"@id\":\"https:\\\/\\\/www.caudete.org\\\/ayuntamiento\\\/el-servicio-de-autobus-gratuito-al-cementerio-se-extiende-los-dias-31-1-y-2\\\/#primaryimage\"},\"image\":{\"@id\":\"https:\\\/\\\/www.caudete.org\\\/ayuntamiento\\\/el-servicio-de-autobus-gratuito-al-cementerio-se-extiende-los-dias-31-1-y-2\\\/#primaryimage\"},\"thumbnailUrl\":\"https:\\\/\\\/www.caudete.org\\\/ayuntamiento\\\/wp-content\\\/uploads\\\/2021\\\/10\\\/cementerio_municipal_caudete_digital.jpg\",\"datePublished\":\"2022-10-26T18:09:52+00:00\",\"dateModified\":\"2022-10-26T18:16:50+00:00\",\"description\":\"P\u00e1gina Oficial del Ayuntamiento de Caudete (Albacete)\",\"breadcrumb\":{\"@id\":\"https:\\\/\\\/www.caudete.org\\\/ayuntamiento\\\/el-servicio-de-autobus-gratuito-al-cementerio-se-extiende-los-dias-31-1-y-2\\\/#breadcrumb\"},\"inLanguage\":\"es\",\"potentialAction\":[{\"@type\":\"ReadAction\",\"target\":[\"https:\\\/\\\/www.caudete.org\\\/ayuntamiento\\\/el-servicio-de-autobus-gratuito-al-cementerio-se-extiende-los-dias-31-1-y-2\\\/\"]}]},{\"@type\":\"ImageObject\",\"inLanguage\":\"es\",\"@id\":\"https:\\\/\\\/www.caudete.org\\\/ayuntamiento\\\/el-servicio-de-autobus-gratuito-al-cementerio-se-extiende-los-dias-31-1-y-2\\\/#primaryimage\",\"url\":\"https:\\\/\\\/www.caudete.org\\\/ayuntamiento\\\/wp-content\\\/uploads\\\/2021\\\/10\\\/cementerio_municipal_caudete_digital.jpg\",\"contentUrl\":\"https:\\\/\\\/www.caudete.org\\\/ayuntamiento\\\/wp-content\\\/uploads\\\/2021\\\/10\\\/cementerio_municipal_caudete_digital.jpg\",\"width\":600,\"height\":358},{\"@type\":\"BreadcrumbList\",\"@id\":\"https:\\\/\\\/www.caudete.org\\\/ayuntamiento\\\/el-servicio-de-autobus-gratuito-al-cementerio-se-extiende-los-dias-31-1-y-2\\\/#breadcrumb\",\"itemListElement\":[{\"@type\":\"ListItem\",\"position\":1,\"name\":\"Inicio\",\"item\":\"https:\\\/\\\/www.caudete.org\\\/ayuntamiento\\\/\"},{\"@type\":\"ListItem\",\"position\":2,\"name\":\"El servicio de autob\u00fas gratuito al CEMENTERIO se extiende los d\u00edas 31, 1 y 2\"}]},{\"@type\":\"WebSite\",\"@id\":\"https:\\\/\\\/www.caudete.org\\\/ayuntamiento\\\/#website\",\"url\":\"https:\\\/\\\/www.caudete.org\\\/ayuntamiento\\\/\",\"name\":\"MI Ayuntamiento de Caudete\",\"description\":\"P\u00e1gina Oficial del MI Ayuntamiento de Caudete\",\"publisher\":{\"@id\":\"https:\\\/\\\/www.caudete.org\\\/ayuntamiento\\\/#organization\"},\"potentialAction\":[{\"@type\":\"SearchAction\",\"target\":{\"@type\":\"EntryPoint\",\"urlTemplate\":\"https:\\\/\\\/www.caudete.org\\\/ayuntamiento\\\/?s={search_term_string}\"},\"query-input\":{\"@type\":\"PropertyValueSpecification\",\"valueRequired\":true,\"valueName\":\"search_term_string\"}}],\"inLanguage\":\"es\"},{\"@type\":\"Organization\",\"@id\":\"https:\\\/\\\/www.caudete.org\\\/ayuntamiento\\\/#organization\",\"name\":\"Ayuntamiento de Caudete\",\"url\":\"https:\\\/\\\/www.caudete.org\\\/ayuntamiento\\\/\",\"logo\":{\"@type\":\"ImageObject\",\"inLanguage\":\"es\",\"@id\":\"https:\\\/\\\/www.caudete.org\\\/ayuntamiento\\\/#\\\/schema\\\/logo\\\/image\\\/\",\"url\":\"https:\\\/\\\/www.caudete.org\\\/ayuntamiento\\\/wp-content\\\/uploads\\\/2020\\\/11\\\/logo_ayuntamiento_caudete.jpg\",\"contentUrl\":\"https:\\\/\\\/www.caudete.org\\\/ayuntamiento\\\/wp-content\\\/uploads\\\/2020\\\/11\\\/logo_ayuntamiento_caudete.jpg\",\"width\":600,\"height\":150,\"caption\":\"Ayuntamiento de Caudete\"},\"image\":{\"@id\":\"https:\\\/\\\/www.caudete.org\\\/ayuntamiento\\\/#\\\/schema\\\/logo\\\/image\\\/\"},\"sameAs\":[\"https:\\\/\\\/www.facebook.com\\\/ayuntamientocaudete\\\/\",\"https:\\\/\\\/www.youtube.com\\\/channel\\\/UC6VztHaooNsGpw-tNoBEFnQ\"]},{\"@type\":\"Person\",\"@id\":\"https:\\\/\\\/www.caudete.org\\\/ayuntamiento\\\/#\\\/schema\\\/person\\\/cc646da9133078ee4d8dd47457947253\",\"name\":\"alcalde\",\"image\":{\"@type\":\"ImageObject\",\"inLanguage\":\"es\",\"@id\":\"https:\\\/\\\/secure.gravatar.com\\\/avatar\\\/84a817ba065b29ff08d666b215a215f5c79186a645ccb25b14a663d48a130f77?s=96&d=mm&r=g\",\"url\":\"https:\\\/\\\/secure.gravatar.com\\\/avatar\\\/84a817ba065b29ff08d666b215a215f5c79186a645ccb25b14a663d48a130f77?s=96&d=mm&r=g\",\"contentUrl\":\"https:\\\/\\\/secure.gravatar.com\\\/avatar\\\/84a817ba065b29ff08d666b215a215f5c79186a645ccb25b14a663d48a130f77?s=96&d=mm&r=g\",\"caption\":\"alcalde\"},\"url\":\"https:\\\/\\\/www.caudete.org\\\/ayuntamiento\\\/author\\\/alcalde\\\/\"}]}<\/script>\n<!-- \/ Yoast SEO plugin. -->","yoast_head_json":{"title":"El servicio de autob\u00fas gratuito al CEMENTERIO se extiende los d\u00edas 31, 1 y 2 - MI Ayuntamiento de Caudete","description":"P\u00e1gina Oficial del Ayuntamiento de Caudete (Albacete)","robots":{"index":"index","follow":"follow","max-snippet":"max-snippet:-1","max-image-preview":"max-image-preview:large","max-video-preview":"max-video-preview:-1"},"canonical":"https:\/\/www.caudete.org\/ayuntamiento\/el-servicio-de-autobus-gratuito-al-cementerio-se-extiende-los-dias-31-1-y-2\/","og_locale":"es_ES","og_type":"article","og_title":"El servicio de autob\u00fas gratuito al CEMENTERIO se extiende los d\u00edas 31, 1 y 2 - MI Ayuntamiento de Caudete","og_description":"P\u00e1gina Oficial del Ayuntamiento de Caudete (Albacete)","og_url":"https:\/\/www.caudete.org\/ayuntamiento\/el-servicio-de-autobus-gratuito-al-cementerio-se-extiende-los-dias-31-1-y-2\/","og_site_name":"MI Ayuntamiento de Caudete","article_publisher":"https:\/\/www.facebook.com\/ayuntamientocaudete\/","article_published_time":"2022-10-26T18:09:52+00:00","article_modified_time":"2022-10-26T18:16:50+00:00","og_image":[{"width":600,"height":358,"url":"https:\/\/www.caudete.org\/ayuntamiento\/wp-content\/uploads\/2021\/10\/cementerio_municipal_caudete_digital.jpg","type":"image\/jpeg"}],"author":"alcalde","twitter_card":"summary_large_image","twitter_misc":{"Escrito por":"alcalde","Tiempo de lectura":"2 minutos"},"schema":{"@context":"https:\/\/schema.org","@graph":[{"@type":"Article","@id":"https:\/\/www.caudete.org\/ayuntamiento\/el-servicio-de-autobus-gratuito-al-cementerio-se-extiende-los-dias-31-1-y-2\/#article","isPartOf":{"@id":"https:\/\/www.caudete.org\/ayuntamiento\/el-servicio-de-autobus-gratuito-al-cementerio-se-extiende-los-dias-31-1-y-2\/"},"author":{"name":"alcalde","@id":"https:\/\/www.caudete.org\/ayuntamiento\/#\/schema\/person\/cc646da9133078ee4d8dd47457947253"},"headline":"El servicio de autob\u00fas gratuito al CEMENTERIO se extiende los d\u00edas 31, 1 y 2","datePublished":"2022-10-26T18:09:52+00:00","dateModified":"2022-10-26T18:16:50+00:00","mainEntityOfPage":{"@id":"https:\/\/www.caudete.org\/ayuntamiento\/el-servicio-de-autobus-gratuito-al-cementerio-se-extiende-los-dias-31-1-y-2\/"},"wordCount":317,"publisher":{"@id":"https:\/\/www.caudete.org\/ayuntamiento\/#organization"},"image":{"@id":"https:\/\/www.caudete.org\/ayuntamiento\/el-servicio-de-autobus-gratuito-al-cementerio-se-extiende-los-dias-31-1-y-2\/#primaryimage"},"thumbnailUrl":"https:\/\/www.caudete.org\/ayuntamiento\/wp-content\/uploads\/2021\/10\/cementerio_municipal_caudete_digital.jpg","articleSection":["Cementerio"],"inLanguage":"es"},{"@type":"WebPage","@id":"https:\/\/www.caudete.org\/ayuntamiento\/el-servicio-de-autobus-gratuito-al-cementerio-se-extiende-los-dias-31-1-y-2\/","url":"https:\/\/www.caudete.org\/ayuntamiento\/el-servicio-de-autobus-gratuito-al-cementerio-se-extiende-los-dias-31-1-y-2\/","name":"El servicio de autob\u00fas gratuito al CEMENTERIO se extiende los d\u00edas 31, 1 y 2 - MI Ayuntamiento de Caudete","isPartOf":{"@id":"https:\/\/www.caudete.org\/ayuntamiento\/#website"},"primaryImageOfPage":{"@id":"https:\/\/www.caudete.org\/ayuntamiento\/el-servicio-de-autobus-gratuito-al-cementerio-se-extiende-los-dias-31-1-y-2\/#primaryimage"},"image":{"@id":"https:\/\/www.caudete.org\/ayuntamiento\/el-servicio-de-autobus-gratuito-al-cementerio-se-extiende-los-dias-31-1-y-2\/#primaryimage"},"thumbnailUrl":"https:\/\/www.caudete.org\/ayuntamiento\/wp-content\/uploads\/2021\/10\/cementerio_municipal_caudete_digital.jpg","datePublished":"2022-10-26T18:09:52+00:00","dateModified":"2022-10-26T18:16:50+00:00","description":"P\u00e1gina Oficial del Ayuntamiento de Caudete (Albacete)","breadcrumb":{"@id":"https:\/\/www.caudete.org\/ayuntamiento\/el-servicio-de-autobus-gratuito-al-cementerio-se-extiende-los-dias-31-1-y-2\/#breadcrumb"},"inLanguage":"es","potentialAction":[{"@type":"ReadAction","target":["https:\/\/www.caudete.org\/ayuntamiento\/el-servicio-de-autobus-gratuito-al-cementerio-se-extiende-los-dias-31-1-y-2\/"]}]},{"@type":"ImageObject","inLanguage":"es","@id":"https:\/\/www.caudete.org\/ayuntamiento\/el-servicio-de-autobus-gratuito-al-cementerio-se-extiende-los-dias-31-1-y-2\/#primaryimage","url":"https:\/\/www.caudete.org\/ayuntamiento\/wp-content\/uploads\/2021\/10\/cementerio_municipal_caudete_digital.jpg","contentUrl":"https:\/\/www.caudete.org\/ayuntamiento\/wp-content\/uploads\/2021\/10\/cementerio_municipal_caudete_digital.jpg","width":600,"height":358},{"@type":"BreadcrumbList","@id":"https:\/\/www.caudete.org\/ayuntamiento\/el-servicio-de-autobus-gratuito-al-cementerio-se-extiende-los-dias-31-1-y-2\/#breadcrumb","itemListElement":[{"@type":"ListItem","position":1,"name":"Inicio","item":"https:\/\/www.caudete.org\/ayuntamiento\/"},{"@type":"ListItem","position":2,"name":"El servicio de autob\u00fas gratuito al CEMENTERIO se extiende los d\u00edas 31, 1 y 2"}]},{"@type":"WebSite","@id":"https:\/\/www.caudete.org\/ayuntamiento\/#website","url":"https:\/\/www.caudete.org\/ayuntamiento\/","name":"MI Ayuntamiento de Caudete","description":"P\u00e1gina Oficial del MI Ayuntamiento de Caudete","publisher":{"@id":"https:\/\/www.caudete.org\/ayuntamiento\/#organization"},"potentialAction":[{"@type":"SearchAction","target":{"@type":"EntryPoint","urlTemplate":"https:\/\/www.caudete.org\/ayuntamiento\/?s={search_term_string}"},"query-input":{"@type":"PropertyValueSpecification","valueRequired":true,"valueName":"search_term_string"}}],"inLanguage":"es"},{"@type":"Organization","@id":"https:\/\/www.caudete.org\/ayuntamiento\/#organization","name":"Ayuntamiento de Caudete","url":"https:\/\/www.caudete.org\/ayuntamiento\/","logo":{"@type":"ImageObject","inLanguage":"es","@id":"https:\/\/www.caudete.org\/ayuntamiento\/#\/schema\/logo\/image\/","url":"https:\/\/www.caudete.org\/ayuntamiento\/wp-content\/uploads\/2020\/11\/logo_ayuntamiento_caudete.jpg","contentUrl":"https:\/\/www.caudete.org\/ayuntamiento\/wp-content\/uploads\/2020\/11\/logo_ayuntamiento_caudete.jpg","width":600,"height":150,"caption":"Ayuntamiento de Caudete"},"image":{"@id":"https:\/\/www.caudete.org\/ayuntamiento\/#\/schema\/logo\/image\/"},"sameAs":["https:\/\/www.facebook.com\/ayuntamientocaudete\/","https:\/\/www.youtube.com\/channel\/UC6VztHaooNsGpw-tNoBEFnQ"]},{"@type":"Person","@id":"https:\/\/www.caudete.org\/ayuntamiento\/#\/schema\/person\/cc646da9133078ee4d8dd47457947253","name":"alcalde","image":{"@type":"ImageObject","inLanguage":"es","@id":"https:\/\/secure.gravatar.com\/avatar\/84a817ba065b29ff08d666b215a215f5c79186a645ccb25b14a663d48a130f77?s=96&d=mm&r=g","url":"https:\/\/secure.gravatar.com\/avatar\/84a817ba065b29ff08d666b215a215f5c79186a645ccb25b14a663d48a130f77?s=96&d=mm&r=g","contentUrl":"https:\/\/secure.gravatar.com\/avatar\/84a817ba065b29ff08d666b215a215f5c79186a645ccb25b14a663d48a130f77?s=96&d=mm&r=g","caption":"alcalde"},"url":"https:\/\/www.caudete.org\/ayuntamiento\/author\/alcalde\/"}]}},"_links":{"self":[{"href":"https:\/\/www.caudete.org\/ayuntamiento\/wp-json\/wp\/v2\/posts\/20420","targetHints":{"allow":["GET"]}}],"collection":[{"href":"https:\/\/www.caudete.org\/ayuntamiento\/wp-json\/wp\/v2\/posts"}],"about":[{"href":"https:\/\/www.caudete.org\/ayuntamiento\/wp-json\/wp\/v2\/types\/post"}],"author":[{"embeddable":true,"href":"https:\/\/www.caudete.org\/ayuntamiento\/wp-json\/wp\/v2\/users\/3"}],"replies":[{"embeddable":true,"href":"https:\/\/www.caudete.org\/ayuntamiento\/wp-json\/wp\/v2\/comments?post=20420"}],"version-history":[{"count":4,"href":"https:\/\/www.caudete.org\/ayuntamiento\/wp-json\/wp\/v2\/posts\/20420\/revisions"}],"predecessor-version":[{"id":20424,"href":"https:\/\/www.caudete.org\/ayuntamiento\/wp-json\/wp\/v2\/posts\/20420\/revisions\/20424"}],"wp:featuredmedia":[{"embeddable":true,"href":"https:\/\/www.caudete.org\/ayuntamiento\/wp-json\/wp\/v2\/media\/16697"}],"wp:attachment":[{"href":"https:\/\/www.caudete.org\/ayuntamiento\/wp-json\/wp\/v2\/media?parent=20420"}],"wp:term":[{"taxonomy":"category","embeddable":true,"href":"https:\/\/www.caudete.org\/ayuntamiento\/wp-json\/wp\/v2\/categories?post=20420"},{"taxonomy":"post_tag","embeddable":true,"href":"https:\/\/www.caudete.org\/ayuntamiento\/wp-json\/wp\/v2\/tags?post=20420"}],"curies":[{"name":"wp","href":"https:\/\/api.w.org\/{rel}","templated":true}]}}