{"id":20425,"date":"2022-10-27T13:13:58","date_gmt":"2022-10-27T11:13:58","guid":{"rendered":"https:\/\/www.caudete.org\/ayuntamiento\/?p=20425"},"modified":"2022-10-28T14:46:02","modified_gmt":"2022-10-28T12:46:02","slug":"jornada-de-intercambio-juvenil-erasmus","status":"publish","type":"post","link":"https:\/\/www.caudete.org\/ayuntamiento\/jornada-de-intercambio-juvenil-erasmus\/","title":{"rendered":"CaudetEnEUROPA: Finaliza la jornada de Intercambio Juvenil con Marseillan, Malmedi y Castleblayney"},"content":{"rendered":"<p style=\"text-align: justify;\"><span style=\"font-family: georgia, palatino, serif; font-size: 12pt;\"><span style=\"color: #111111;\">La Concejala de Juventud del M.I. de Ayuntamiento de Caudete <\/span><span style=\"color: #111111;\">recib\u00eda,<\/span><span style=\"color: #111111;\"> el <\/span><span style=\"color: #111111;\">domingo 16 de octubre, a <\/span><span style=\"color: #111111;\">14<\/span><span style=\"color: #111111;\"> j\u00f3venes de las localidades de <\/span><span style=\"color: #111111;\">Marseillan (Francia), Malmedy (B\u00e9lgica), Castleblayney (Irlanda) <\/span><span style=\"color: #111111;\">y a 5 j\u00f3venes caudetanos. <\/span><span style=\"color: #111111;\">Este grupo estuvo acompa\u00f1ado por monitores con experiencia en actividades internacionales y conocimiento de idiomas.<\/span><\/span><\/p>\n<p style=\"text-align: justify;\"><span style=\"font-family: georgia, palatino, serif; font-size: 12pt;\"><span style=\"color: #111111;\">La tem\u00e1tica que se trabaj\u00f3 durante los 9 d\u00edas que dur\u00f3 el intercambio fue los Objetivos de desarrollo sostenible (ODS), con especial atenci\u00f3n al objetivo <\/span><span style=\"color: #111111;\">13 de Acci\u00f3n por el clima.<\/span><\/span><\/p>\n<p style=\"text-align: justify;\"><span style=\"color: #000000; font-family: georgia, palatino, serif; font-size: 12pt;\">Los j\u00f3venes participantes tuvieron la oportunidad de conocer f\u00e1bricas de la localidad que trabajan en el reciclaje y reutilizaci\u00f3n de materias primas, o en la investigaci\u00f3n y nuevos desarrollos para conseguir sociedades m\u00e1s sostenibles desde el punto de vista medioambiental, como Camacho Recycling, empresa pionera en el reciclado de vidrio tanto hueco como plano; Req Alumnium S.L, que se dedica a la fabricaci\u00f3n de lingotes de aluminio proveniente de chatarras utilizando procesos tecnol\u00f3gicos; o Global Biotech S.L, empresa biotecnol\u00f3gica que produce bioactivos naturales a partir de microalgas de origen marino.<\/span><\/p>\n<p style=\"text-align: justify;\"><span style=\"color: #000000; font-family: georgia, palatino, serif; font-size: 12pt;\">El Centro Joven fue el lugar de reuni\u00f3n para el grupo, donde se realizaron talleres, debates y un World Caf\u00e9, din\u00e1micas todas ellas para reflexionar sobre c\u00f3mo la sociedad puede contribuir a minimizar los impactos negativos en el medio ambiente.<\/span><\/p>\n<p style=\"text-align: justify;\"><span style=\"font-family: georgia, palatino, serif; font-size: 12pt;\"><span style=\"color: #000000;\">Se program<\/span><span style=\"color: #000000;\">\u00f3<\/span><span style=\"color: #000000;\"> una visita guiada por Caudete con el especialista en historia local Joaqu<\/span><span style=\"color: #000000;\">\u00ed<\/span><span style=\"color: #000000;\">n Moll\u00e1 y una visita guiada por los murales de arte urbano del barrio de San Francisco, <\/span><span style=\"color: #000000;\">de la mano de<\/span> <span style=\"color: #000000;\">la t\u00e9cnico de Juventud, <\/span><span style=\"color: #000000;\">para,<\/span><span style=\"color: #000000;\"> a su vez, conocer <\/span><span style=\"color: #000000;\">a <\/span><span style=\"color: #000000;\">Dyox, <\/span><span style=\"color: #000000;\">artista <\/span><span style=\"color: #000000;\">local <\/span><span style=\"color: #000000;\">multidisciplinar <\/span><span style=\"color: #000000;\">que trabaja<\/span><span style=\"color: #000000;\"> en campos como la ilustraci\u00f3n, el arte digital, el dise\u00f1o, o el tatuaje, <\/span><span style=\"color: #000000;\">y<\/span> <span style=\"color: #000000;\">que pint\u00f3 <\/span><span style=\"color: #000000;\">de manera voluntaria <\/span><span style=\"color: #000000;\">el muro de la calle Bret\u00f3n de los <\/span><span style=\"color: #000000;\">H<\/span><span style=\"color: #000000;\">erreros.<\/span><\/span><\/p>\n<p style=\"text-align: justify;\"><span style=\"font-family: georgia, palatino, serif; font-size: 12pt;\"><span style=\"color: #111111;\">Los j\u00f3venes participantes en el proyecto tuvieron asimismo ocasi\u00f3n de conocer,<\/span> <span style=\"color: #111111;\">con<\/span> <span style=\"color: #111111;\">el <\/span><span style=\"color: #111111;\">t\u00e9cnico <\/span><span style=\"color: #111111;\">municipal <\/span><span style=\"color: #111111;\">de Deportes la piscina climatizada, proyecto <\/span><span style=\"color: #000000;\">innovador <\/span><span style=\"color: #000000;\">que aplica tecnolog\u00edas de sostenibilidad en su mantenimiento, as\u00ed como<\/span><span style=\"color: #111111;\"> la ciudad deportiva Atleta Antonio Amor\u00f3s.<\/span><\/span><\/p>\n<p style=\"text-align: justify;\"><span style=\"font-family: georgia, palatino, serif; font-size: 12pt;\"><span style=\"color: #111111;\">El grupo tuvo <\/span><span style=\"color: #111111;\">tambi\u00e9n la oportunidad de conocer Valencia, <\/span><span style=\"color: #111111;\">con una visita a cargo de<\/span><span style=\"color: #111111;\"> Gabriel Mart\u00ednez Calvo, gu<\/span><span style=\"color: #111111;\">\u00ed<\/span><span style=\"color: #111111;\">a profesional y vecino de la localidad de Caudete afincado en Valencia.<\/span><\/span><\/p>\n<p style=\"text-align: justify;\"><span style=\"font-family: georgia, palatino, serif; font-size: 12pt;\"><span style=\"color: #111111;\">Las actividades planificadas incluyeron adem\u00e1s <\/span><span style=\"color: #111111;\">una ruta <\/span><span style=\"color: #111111;\">de senderismo<\/span><span style=\"color: #111111;\"> al <\/span><span style=\"color: #111111;\">P<\/span><span style=\"color: #111111;\">araje de la <\/span><span style=\"color: #111111;\">T<\/span><span style=\"color: #111111;\">oconera y una fiesta en el Pub Neus amenizada por el Dj Dave, <\/span><span style=\"color: #111111;\">que cuenta con<\/span><span style=\"color: #000000;\"> una larga carrera en el mundo de la m\u00fasica electr\u00f3nica, <\/span><span style=\"color: #000000;\">habiendo actuado<\/span><span style=\"color: #000000;\"> en diferentes festivales y clubs, tales como Sonar, City Hall, Razzmatazz, Moss Underclub, Spook, Metro Dance Club, Revival (ALC) <\/span><span style=\"color: #000000;\">o <\/span><span style=\"color: #000000;\">Insomnia<\/span><span style=\"color: #111111;\">.<\/span><\/span><\/p>\n<p style=\"text-align: justify;\"><span style=\"font-family: georgia, palatino, serif; font-size: 12pt;\"><span style=\"color: #111111;\">En todos los intercambios <\/span><span style=\"color: #111111;\">de este proyecto que inclu\u00eda un total de cuatro,<\/span><span style=\"color: #111111;\"> se <\/span><span style=\"color: #111111;\">han realizado <\/span><span style=\"color: #111111;\">cenas interculturales donde los j\u00f3venes cocinan platos t\u00edpicos de su pa\u00eds. <\/span><span style=\"color: #111111;\">La organizada en Caudete<\/span><span style=\"color: #111111;\"> fue amenizada por dos j\u00f3venes <\/span><span style=\"color: #111111;\">del municipio<\/span><span style=\"color: #111111;\"> Gracia<\/span> Gonz\u00e1lez-Campos y Paula Coronado,<span style=\"color: #111111;\"> que hicieron una demostraci\u00f3n de los tradicionales <\/span><span style=\"color: #111111;\">B<\/span><span style=\"color: #111111;\">ailes del <\/span><span style=\"color: #111111;\">N<\/span><span style=\"color: #111111;\">i\u00f1o, y por Gracia Clemente que nos bail\u00f3 flamenco.<\/span><\/span><\/p>\n<p style=\"text-align: justify;\"><span style=\"color: #111111; font-family: georgia, palatino, serif; font-size: 12pt;\">Los intercambios juveniles ofrecen a los j\u00f3venes la posibilidad de participar, durante un corto periodo de tiempo, en actividades de convivencia en grupo en diferentes pa\u00edses, para compartir experiencias, fortalecer el sentimiento de ciudadan\u00eda europea y abrirse a nuevas perspectivas. <\/span><\/p>\n<p style=\"text-align: justify;\"><span style=\"color: #111111; font-family: georgia, palatino, serif; font-size: 12pt;\">Sus principales objetivos son eliminar barreras a la movilidad juvenil, acercar a los j\u00f3venes a otras culturas desde su propia experiencia; dar la posibilidad de participar en actividades culturales, art\u00edsticas, medioambientales, o deportivas, posibilitando el conocimiento de la realidad juvenil de otros pa\u00edses y favoreciendo el respeto a la diferencia y a las distintas costumbres. <\/span><\/p>\n<p style=\"text-align: justify;\"><span style=\"color: #111111; font-family: georgia, palatino, serif; font-size: 12pt;\">Desde las Concejal\u00edas de Juventud y de Empleo y Formaci\u00f3n, agradecemos la colaboraci\u00f3n de todas las personas que han hecho posible estas actividades, y principalmente a los j\u00f3venes caudetanos que han estado interesados desde el principio en el intercambio juvenil, implic\u00e1ndose en todo momento en la programaci\u00f3n del proyecto en Caudete.<\/span><\/p>\n<p style=\"text-align: justify;\"><span style=\"font-family: georgia, palatino, serif; font-size: 12pt;\"><a href=\"https:\/\/www.caudete.org\/ayuntamiento\/wp-content\/uploads\/2022\/10\/IMG-20221021-WA0028.jpg\" rel='prettyPhoto'><img fetchpriority=\"high\" decoding=\"async\" class=\"aligncenter size-full wp-image-20426\" src=\"https:\/\/www.caudete.org\/ayuntamiento\/wp-content\/uploads\/2022\/10\/IMG-20221021-WA0028.jpg\" alt=\"\" width=\"1236\" height=\"720\" srcset=\"https:\/\/www.caudete.org\/ayuntamiento\/wp-content\/uploads\/2022\/10\/IMG-20221021-WA0028.jpg 1236w, https:\/\/www.caudete.org\/ayuntamiento\/wp-content\/uploads\/2022\/10\/IMG-20221021-WA0028-300x175.jpg 300w, https:\/\/www.caudete.org\/ayuntamiento\/wp-content\/uploads\/2022\/10\/IMG-20221021-WA0028-1024x597.jpg 1024w, https:\/\/www.caudete.org\/ayuntamiento\/wp-content\/uploads\/2022\/10\/IMG-20221021-WA0028-768x447.jpg 768w\" sizes=\"(max-width: 1236px) 100vw, 1236px\" \/><\/a><a href=\"https:\/\/www.caudete.org\/ayuntamiento\/wp-content\/uploads\/2022\/10\/IMG_20221017_110625.jpg\" rel='prettyPhoto'><img decoding=\"async\" class=\"aligncenter size-full wp-image-20427\" src=\"https:\/\/www.caudete.org\/ayuntamiento\/wp-content\/uploads\/2022\/10\/IMG_20221017_110625.jpg\" alt=\"\" width=\"1000\" height=\"750\" srcset=\"https:\/\/www.caudete.org\/ayuntamiento\/wp-content\/uploads\/2022\/10\/IMG_20221017_110625.jpg 1000w, https:\/\/www.caudete.org\/ayuntamiento\/wp-content\/uploads\/2022\/10\/IMG_20221017_110625-300x225.jpg 300w, https:\/\/www.caudete.org\/ayuntamiento\/wp-content\/uploads\/2022\/10\/IMG_20221017_110625-768x576.jpg 768w\" sizes=\"(max-width: 1000px) 100vw, 1000px\" \/><\/a> <a href=\"https:\/\/www.caudete.org\/ayuntamiento\/wp-content\/uploads\/2022\/10\/IMG_20221017_173540.jpg\" rel='prettyPhoto'><img decoding=\"async\" class=\"aligncenter size-full wp-image-20428\" src=\"https:\/\/www.caudete.org\/ayuntamiento\/wp-content\/uploads\/2022\/10\/IMG_20221017_173540.jpg\" alt=\"\" width=\"1000\" height=\"750\" srcset=\"https:\/\/www.caudete.org\/ayuntamiento\/wp-content\/uploads\/2022\/10\/IMG_20221017_173540.jpg 1000w, https:\/\/www.caudete.org\/ayuntamiento\/wp-content\/uploads\/2022\/10\/IMG_20221017_173540-300x225.jpg 300w, https:\/\/www.caudete.org\/ayuntamiento\/wp-content\/uploads\/2022\/10\/IMG_20221017_173540-768x576.jpg 768w\" sizes=\"(max-width: 1000px) 100vw, 1000px\" \/><\/a> <a href=\"https:\/\/www.caudete.org\/ayuntamiento\/wp-content\/uploads\/2022\/10\/IMG_20221018_120757.jpg\" rel='prettyPhoto'><img loading=\"lazy\" decoding=\"async\" class=\"aligncenter size-full wp-image-20429\" src=\"https:\/\/www.caudete.org\/ayuntamiento\/wp-content\/uploads\/2022\/10\/IMG_20221018_120757.jpg\" alt=\"\" width=\"750\" height=\"1000\" srcset=\"https:\/\/www.caudete.org\/ayuntamiento\/wp-content\/uploads\/2022\/10\/IMG_20221018_120757.jpg 750w, https:\/\/www.caudete.org\/ayuntamiento\/wp-content\/uploads\/2022\/10\/IMG_20221018_120757-225x300.jpg 225w\" sizes=\"(max-width: 750px) 100vw, 750px\" \/><\/a> <a href=\"https:\/\/www.caudete.org\/ayuntamiento\/wp-content\/uploads\/2022\/10\/IMG_20221019_103852.jpg\" rel='prettyPhoto'><img loading=\"lazy\" decoding=\"async\" class=\"aligncenter size-full wp-image-20430\" src=\"https:\/\/www.caudete.org\/ayuntamiento\/wp-content\/uploads\/2022\/10\/IMG_20221019_103852.jpg\" alt=\"\" width=\"1000\" height=\"750\" srcset=\"https:\/\/www.caudete.org\/ayuntamiento\/wp-content\/uploads\/2022\/10\/IMG_20221019_103852.jpg 1000w, https:\/\/www.caudete.org\/ayuntamiento\/wp-content\/uploads\/2022\/10\/IMG_20221019_103852-300x225.jpg 300w, https:\/\/www.caudete.org\/ayuntamiento\/wp-content\/uploads\/2022\/10\/IMG_20221019_103852-768x576.jpg 768w\" sizes=\"(max-width: 1000px) 100vw, 1000px\" \/><\/a> <a href=\"https:\/\/www.caudete.org\/ayuntamiento\/wp-content\/uploads\/2022\/10\/IMG_20221019_104125.jpg\" rel='prettyPhoto'><img loading=\"lazy\" decoding=\"async\" class=\"aligncenter size-full wp-image-20431\" src=\"https:\/\/www.caudete.org\/ayuntamiento\/wp-content\/uploads\/2022\/10\/IMG_20221019_104125.jpg\" alt=\"\" width=\"1000\" height=\"750\" srcset=\"https:\/\/www.caudete.org\/ayuntamiento\/wp-content\/uploads\/2022\/10\/IMG_20221019_104125.jpg 1000w, https:\/\/www.caudete.org\/ayuntamiento\/wp-content\/uploads\/2022\/10\/IMG_20221019_104125-300x225.jpg 300w, https:\/\/www.caudete.org\/ayuntamiento\/wp-content\/uploads\/2022\/10\/IMG_20221019_104125-768x576.jpg 768w\" sizes=\"(max-width: 1000px) 100vw, 1000px\" \/><\/a> <a href=\"https:\/\/www.caudete.org\/ayuntamiento\/wp-content\/uploads\/2022\/10\/IMG_20221019_173644.jpg\" rel='prettyPhoto'><img loading=\"lazy\" decoding=\"async\" class=\"aligncenter size-full wp-image-20432\" src=\"https:\/\/www.caudete.org\/ayuntamiento\/wp-content\/uploads\/2022\/10\/IMG_20221019_173644.jpg\" alt=\"\" width=\"1000\" height=\"614\" srcset=\"https:\/\/www.caudete.org\/ayuntamiento\/wp-content\/uploads\/2022\/10\/IMG_20221019_173644.jpg 1000w, https:\/\/www.caudete.org\/ayuntamiento\/wp-content\/uploads\/2022\/10\/IMG_20221019_173644-300x184.jpg 300w, https:\/\/www.caudete.org\/ayuntamiento\/wp-content\/uploads\/2022\/10\/IMG_20221019_173644-768x472.jpg 768w\" sizes=\"(max-width: 1000px) 100vw, 1000px\" \/><\/a> <a href=\"https:\/\/www.caudete.org\/ayuntamiento\/wp-content\/uploads\/2022\/10\/IMG_20221019_185743.jpg\" rel='prettyPhoto'><img loading=\"lazy\" decoding=\"async\" class=\"aligncenter size-full wp-image-20433\" src=\"https:\/\/www.caudete.org\/ayuntamiento\/wp-content\/uploads\/2022\/10\/IMG_20221019_185743.jpg\" alt=\"\" width=\"1000\" height=\"750\" srcset=\"https:\/\/www.caudete.org\/ayuntamiento\/wp-content\/uploads\/2022\/10\/IMG_20221019_185743.jpg 1000w, https:\/\/www.caudete.org\/ayuntamiento\/wp-content\/uploads\/2022\/10\/IMG_20221019_185743-300x225.jpg 300w, https:\/\/www.caudete.org\/ayuntamiento\/wp-content\/uploads\/2022\/10\/IMG_20221019_185743-768x576.jpg 768w\" sizes=\"(max-width: 1000px) 100vw, 1000px\" \/><\/a> <a href=\"https:\/\/www.caudete.org\/ayuntamiento\/wp-content\/uploads\/2022\/10\/IMG_20221021_120255.jpg\" rel='prettyPhoto'><img loading=\"lazy\" decoding=\"async\" class=\"aligncenter size-full wp-image-20435\" src=\"https:\/\/www.caudete.org\/ayuntamiento\/wp-content\/uploads\/2022\/10\/IMG_20221021_120255.jpg\" alt=\"\" width=\"1000\" height=\"750\" srcset=\"https:\/\/www.caudete.org\/ayuntamiento\/wp-content\/uploads\/2022\/10\/IMG_20221021_120255.jpg 1000w, https:\/\/www.caudete.org\/ayuntamiento\/wp-content\/uploads\/2022\/10\/IMG_20221021_120255-300x225.jpg 300w, https:\/\/www.caudete.org\/ayuntamiento\/wp-content\/uploads\/2022\/10\/IMG_20221021_120255-768x576.jpg 768w\" sizes=\"(max-width: 1000px) 100vw, 1000px\" \/><\/a> <a href=\"https:\/\/www.caudete.org\/ayuntamiento\/wp-content\/uploads\/2022\/10\/IMG_20221021_215552.jpg\" rel='prettyPhoto'><img loading=\"lazy\" decoding=\"async\" class=\"aligncenter size-full wp-image-20436\" src=\"https:\/\/www.caudete.org\/ayuntamiento\/wp-content\/uploads\/2022\/10\/IMG_20221021_215552.jpg\" alt=\"\" width=\"1000\" height=\"750\" srcset=\"https:\/\/www.caudete.org\/ayuntamiento\/wp-content\/uploads\/2022\/10\/IMG_20221021_215552.jpg 1000w, https:\/\/www.caudete.org\/ayuntamiento\/wp-content\/uploads\/2022\/10\/IMG_20221021_215552-300x225.jpg 300w, https:\/\/www.caudete.org\/ayuntamiento\/wp-content\/uploads\/2022\/10\/IMG_20221021_215552-768x576.jpg 768w\" sizes=\"(max-width: 1000px) 100vw, 1000px\" \/><\/a> <a href=\"https:\/\/www.caudete.org\/ayuntamiento\/wp-content\/uploads\/2022\/10\/IMG_20221021_221416.jpg\" rel='prettyPhoto'><img loading=\"lazy\" decoding=\"async\" class=\"aligncenter size-full wp-image-20437\" src=\"https:\/\/www.caudete.org\/ayuntamiento\/wp-content\/uploads\/2022\/10\/IMG_20221021_221416.jpg\" alt=\"\" width=\"750\" height=\"1000\" srcset=\"https:\/\/www.caudete.org\/ayuntamiento\/wp-content\/uploads\/2022\/10\/IMG_20221021_221416.jpg 750w, https:\/\/www.caudete.org\/ayuntamiento\/wp-content\/uploads\/2022\/10\/IMG_20221021_221416-225x300.jpg 225w\" sizes=\"(max-width: 750px) 100vw, 750px\" \/><\/a> <a href=\"https:\/\/www.caudete.org\/ayuntamiento\/wp-content\/uploads\/2022\/10\/IMG_20221022_130753.jpg\" rel='prettyPhoto'><img loading=\"lazy\" decoding=\"async\" class=\"aligncenter size-full wp-image-20438\" src=\"https:\/\/www.caudete.org\/ayuntamiento\/wp-content\/uploads\/2022\/10\/IMG_20221022_130753.jpg\" alt=\"\" width=\"1000\" height=\"750\" srcset=\"https:\/\/www.caudete.org\/ayuntamiento\/wp-content\/uploads\/2022\/10\/IMG_20221022_130753.jpg 1000w, https:\/\/www.caudete.org\/ayuntamiento\/wp-content\/uploads\/2022\/10\/IMG_20221022_130753-300x225.jpg 300w, https:\/\/www.caudete.org\/ayuntamiento\/wp-content\/uploads\/2022\/10\/IMG_20221022_130753-768x576.jpg 768w\" sizes=\"(max-width: 1000px) 100vw, 1000px\" \/><\/a> <a href=\"https:\/\/www.caudete.org\/ayuntamiento\/wp-content\/uploads\/2022\/10\/WhatsApp-Image-2022-10-17-at-13.27.53-2.jpg\" rel='prettyPhoto'><img loading=\"lazy\" decoding=\"async\" class=\"size-full wp-image-20440\" src=\"https:\/\/www.caudete.org\/ayuntamiento\/wp-content\/uploads\/2022\/10\/WhatsApp-Image-2022-10-17-at-13.27.53-2.jpg\" alt=\"\" width=\"1000\" height=\"750\" srcset=\"https:\/\/www.caudete.org\/ayuntamiento\/wp-content\/uploads\/2022\/10\/WhatsApp-Image-2022-10-17-at-13.27.53-2.jpg 1000w, https:\/\/www.caudete.org\/ayuntamiento\/wp-content\/uploads\/2022\/10\/WhatsApp-Image-2022-10-17-at-13.27.53-2-300x225.jpg 300w, https:\/\/www.caudete.org\/ayuntamiento\/wp-content\/uploads\/2022\/10\/WhatsApp-Image-2022-10-17-at-13.27.53-2-768x576.jpg 768w\" sizes=\"(max-width: 1000px) 100vw, 1000px\" \/><\/a><\/span><\/p>\n","protected":false},"excerpt":{"rendered":"<p>La Concejala de Juventud del M.I. de Ayuntamiento de Caudete recib\u00eda, el domingo 16 de octubre, a 14 j\u00f3venes de las localidades de Marseillan (Francia), Malmedy (B\u00e9lgica), Castleblayney (Irlanda) y a 5 j\u00f3venes caudetanos. Este grupo estuvo acompa\u00f1ado por monitores con experiencia en actividades internacionales y conocimiento de idiomas. La tem\u00e1tica que se trabaj\u00f3 durante &hellip;<\/p>\n","protected":false},"author":1,"featured_media":20426,"comment_status":"closed","ping_status":"open","sticky":false,"template":"","format":"standard","meta":{"ngg_post_thumbnail":0,"footnotes":""},"categories":[121],"tags":[],"class_list":["post-20425","post","type-post","status-publish","format-standard","has-post-thumbnail","hentry","category-juventud-2"],"yoast_head":"<!-- This site is optimized with the Yoast SEO plugin v27.5 - https:\/\/yoast.com\/product\/yoast-seo-wordpress\/ -->\n<title>CaudetEnEUROPA: Finaliza la jornada de Intercambio Juvenil con Marseillan, Malmedi y Castleblayney - MI Ayuntamiento de Caudete<\/title>\n<meta name=\"description\" content=\"P\u00e1gina Oficial del Ayuntamiento de Caudete (Albacete)\" \/>\n<meta name=\"robots\" content=\"index, follow, max-snippet:-1, max-image-preview:large, max-video-preview:-1\" \/>\n<link rel=\"canonical\" href=\"https:\/\/www.caudete.org\/ayuntamiento\/jornada-de-intercambio-juvenil-erasmus\/\" \/>\n<meta property=\"og:locale\" content=\"es_ES\" \/>\n<meta property=\"og:type\" content=\"article\" \/>\n<meta property=\"og:title\" content=\"CaudetEnEUROPA: Finaliza la jornada de Intercambio Juvenil con Marseillan, Malmedi y Castleblayney - MI Ayuntamiento de Caudete\" \/>\n<meta property=\"og:description\" content=\"P\u00e1gina Oficial del Ayuntamiento de Caudete (Albacete)\" \/>\n<meta property=\"og:url\" content=\"https:\/\/www.caudete.org\/ayuntamiento\/jornada-de-intercambio-juvenil-erasmus\/\" \/>\n<meta property=\"og:site_name\" content=\"MI Ayuntamiento de Caudete\" \/>\n<meta property=\"article:publisher\" content=\"https:\/\/www.facebook.com\/ayuntamientocaudete\/\" \/>\n<meta property=\"article:published_time\" content=\"2022-10-27T11:13:58+00:00\" \/>\n<meta property=\"article:modified_time\" content=\"2022-10-28T12:46:02+00:00\" \/>\n<meta property=\"og:image\" content=\"https:\/\/www.caudete.org\/ayuntamiento\/wp-content\/uploads\/2022\/10\/IMG-20221021-WA0028.jpg\" \/>\n\t<meta property=\"og:image:width\" content=\"1236\" \/>\n\t<meta property=\"og:image:height\" content=\"720\" \/>\n\t<meta property=\"og:image:type\" content=\"image\/jpeg\" \/>\n<meta name=\"author\" content=\"ayun\" \/>\n<meta name=\"twitter:card\" content=\"summary_large_image\" \/>\n<meta name=\"twitter:label1\" content=\"Escrito por\" \/>\n\t<meta name=\"twitter:data1\" content=\"ayun\" \/>\n\t<meta name=\"twitter:label2\" content=\"Tiempo de lectura\" \/>\n\t<meta name=\"twitter:data2\" content=\"6 minutos\" \/>\n<script type=\"application\/ld+json\" class=\"yoast-schema-graph\">{\"@context\":\"https:\\\/\\\/schema.org\",\"@graph\":[{\"@type\":\"Article\",\"@id\":\"https:\\\/\\\/www.caudete.org\\\/ayuntamiento\\\/jornada-de-intercambio-juvenil-erasmus\\\/#article\",\"isPartOf\":{\"@id\":\"https:\\\/\\\/www.caudete.org\\\/ayuntamiento\\\/jornada-de-intercambio-juvenil-erasmus\\\/\"},\"author\":{\"name\":\"ayun\",\"@id\":\"https:\\\/\\\/www.caudete.org\\\/ayuntamiento\\\/#\\\/schema\\\/person\\\/79f7e19fdd176fc2bc7a289013dc2056\"},\"headline\":\"CaudetEnEUROPA: Finaliza la jornada de Intercambio Juvenil con Marseillan, Malmedi y Castleblayney\",\"datePublished\":\"2022-10-27T11:13:58+00:00\",\"dateModified\":\"2022-10-28T12:46:02+00:00\",\"mainEntityOfPage\":{\"@id\":\"https:\\\/\\\/www.caudete.org\\\/ayuntamiento\\\/jornada-de-intercambio-juvenil-erasmus\\\/\"},\"wordCount\":696,\"publisher\":{\"@id\":\"https:\\\/\\\/www.caudete.org\\\/ayuntamiento\\\/#organization\"},\"image\":{\"@id\":\"https:\\\/\\\/www.caudete.org\\\/ayuntamiento\\\/jornada-de-intercambio-juvenil-erasmus\\\/#primaryimage\"},\"thumbnailUrl\":\"https:\\\/\\\/www.caudete.org\\\/ayuntamiento\\\/wp-content\\\/uploads\\\/2022\\\/10\\\/IMG-20221021-WA0028.jpg\",\"articleSection\":[\"Juventud\"],\"inLanguage\":\"es\"},{\"@type\":\"WebPage\",\"@id\":\"https:\\\/\\\/www.caudete.org\\\/ayuntamiento\\\/jornada-de-intercambio-juvenil-erasmus\\\/\",\"url\":\"https:\\\/\\\/www.caudete.org\\\/ayuntamiento\\\/jornada-de-intercambio-juvenil-erasmus\\\/\",\"name\":\"CaudetEnEUROPA: Finaliza la jornada de Intercambio Juvenil con Marseillan, Malmedi y Castleblayney - MI Ayuntamiento de Caudete\",\"isPartOf\":{\"@id\":\"https:\\\/\\\/www.caudete.org\\\/ayuntamiento\\\/#website\"},\"primaryImageOfPage\":{\"@id\":\"https:\\\/\\\/www.caudete.org\\\/ayuntamiento\\\/jornada-de-intercambio-juvenil-erasmus\\\/#primaryimage\"},\"image\":{\"@id\":\"https:\\\/\\\/www.caudete.org\\\/ayuntamiento\\\/jornada-de-intercambio-juvenil-erasmus\\\/#primaryimage\"},\"thumbnailUrl\":\"https:\\\/\\\/www.caudete.org\\\/ayuntamiento\\\/wp-content\\\/uploads\\\/2022\\\/10\\\/IMG-20221021-WA0028.jpg\",\"datePublished\":\"2022-10-27T11:13:58+00:00\",\"dateModified\":\"2022-10-28T12:46:02+00:00\",\"description\":\"P\u00e1gina Oficial del Ayuntamiento de Caudete (Albacete)\",\"breadcrumb\":{\"@id\":\"https:\\\/\\\/www.caudete.org\\\/ayuntamiento\\\/jornada-de-intercambio-juvenil-erasmus\\\/#breadcrumb\"},\"inLanguage\":\"es\",\"potentialAction\":[{\"@type\":\"ReadAction\",\"target\":[\"https:\\\/\\\/www.caudete.org\\\/ayuntamiento\\\/jornada-de-intercambio-juvenil-erasmus\\\/\"]}]},{\"@type\":\"ImageObject\",\"inLanguage\":\"es\",\"@id\":\"https:\\\/\\\/www.caudete.org\\\/ayuntamiento\\\/jornada-de-intercambio-juvenil-erasmus\\\/#primaryimage\",\"url\":\"https:\\\/\\\/www.caudete.org\\\/ayuntamiento\\\/wp-content\\\/uploads\\\/2022\\\/10\\\/IMG-20221021-WA0028.jpg\",\"contentUrl\":\"https:\\\/\\\/www.caudete.org\\\/ayuntamiento\\\/wp-content\\\/uploads\\\/2022\\\/10\\\/IMG-20221021-WA0028.jpg\",\"width\":1236,\"height\":720},{\"@type\":\"BreadcrumbList\",\"@id\":\"https:\\\/\\\/www.caudete.org\\\/ayuntamiento\\\/jornada-de-intercambio-juvenil-erasmus\\\/#breadcrumb\",\"itemListElement\":[{\"@type\":\"ListItem\",\"position\":1,\"name\":\"Inicio\",\"item\":\"https:\\\/\\\/www.caudete.org\\\/ayuntamiento\\\/\"},{\"@type\":\"ListItem\",\"position\":2,\"name\":\"CaudetEnEUROPA: Finaliza la jornada de Intercambio Juvenil con Marseillan, Malmedi y Castleblayney\"}]},{\"@type\":\"WebSite\",\"@id\":\"https:\\\/\\\/www.caudete.org\\\/ayuntamiento\\\/#website\",\"url\":\"https:\\\/\\\/www.caudete.org\\\/ayuntamiento\\\/\",\"name\":\"MI Ayuntamiento de Caudete\",\"description\":\"P\u00e1gina Oficial del MI Ayuntamiento de Caudete\",\"publisher\":{\"@id\":\"https:\\\/\\\/www.caudete.org\\\/ayuntamiento\\\/#organization\"},\"potentialAction\":[{\"@type\":\"SearchAction\",\"target\":{\"@type\":\"EntryPoint\",\"urlTemplate\":\"https:\\\/\\\/www.caudete.org\\\/ayuntamiento\\\/?s={search_term_string}\"},\"query-input\":{\"@type\":\"PropertyValueSpecification\",\"valueRequired\":true,\"valueName\":\"search_term_string\"}}],\"inLanguage\":\"es\"},{\"@type\":\"Organization\",\"@id\":\"https:\\\/\\\/www.caudete.org\\\/ayuntamiento\\\/#organization\",\"name\":\"Ayuntamiento de Caudete\",\"url\":\"https:\\\/\\\/www.caudete.org\\\/ayuntamiento\\\/\",\"logo\":{\"@type\":\"ImageObject\",\"inLanguage\":\"es\",\"@id\":\"https:\\\/\\\/www.caudete.org\\\/ayuntamiento\\\/#\\\/schema\\\/logo\\\/image\\\/\",\"url\":\"https:\\\/\\\/www.caudete.org\\\/ayuntamiento\\\/wp-content\\\/uploads\\\/2020\\\/11\\\/logo_ayuntamiento_caudete.jpg\",\"contentUrl\":\"https:\\\/\\\/www.caudete.org\\\/ayuntamiento\\\/wp-content\\\/uploads\\\/2020\\\/11\\\/logo_ayuntamiento_caudete.jpg\",\"width\":600,\"height\":150,\"caption\":\"Ayuntamiento de Caudete\"},\"image\":{\"@id\":\"https:\\\/\\\/www.caudete.org\\\/ayuntamiento\\\/#\\\/schema\\\/logo\\\/image\\\/\"},\"sameAs\":[\"https:\\\/\\\/www.facebook.com\\\/ayuntamientocaudete\\\/\",\"https:\\\/\\\/www.youtube.com\\\/channel\\\/UC6VztHaooNsGpw-tNoBEFnQ\"]},{\"@type\":\"Person\",\"@id\":\"https:\\\/\\\/www.caudete.org\\\/ayuntamiento\\\/#\\\/schema\\\/person\\\/79f7e19fdd176fc2bc7a289013dc2056\",\"name\":\"ayun\",\"image\":{\"@type\":\"ImageObject\",\"inLanguage\":\"es\",\"@id\":\"https:\\\/\\\/secure.gravatar.com\\\/avatar\\\/4ce797ee07c943e7e592f8cd648e503e6cd571387558ed07135799c2bd2847df?s=96&d=mm&r=g\",\"url\":\"https:\\\/\\\/secure.gravatar.com\\\/avatar\\\/4ce797ee07c943e7e592f8cd648e503e6cd571387558ed07135799c2bd2847df?s=96&d=mm&r=g\",\"contentUrl\":\"https:\\\/\\\/secure.gravatar.com\\\/avatar\\\/4ce797ee07c943e7e592f8cd648e503e6cd571387558ed07135799c2bd2847df?s=96&d=mm&r=g\",\"caption\":\"ayun\"},\"sameAs\":[\"http:\\\/\\\/www.caudete.org\\\/ayuntamiento\"],\"url\":\"https:\\\/\\\/www.caudete.org\\\/ayuntamiento\\\/author\\\/ayun\\\/\"}]}<\/script>\n<!-- \/ Yoast SEO plugin. -->","yoast_head_json":{"title":"CaudetEnEUROPA: Finaliza la jornada de Intercambio Juvenil con Marseillan, Malmedi y Castleblayney - MI Ayuntamiento de Caudete","description":"P\u00e1gina Oficial del Ayuntamiento de Caudete (Albacete)","robots":{"index":"index","follow":"follow","max-snippet":"max-snippet:-1","max-image-preview":"max-image-preview:large","max-video-preview":"max-video-preview:-1"},"canonical":"https:\/\/www.caudete.org\/ayuntamiento\/jornada-de-intercambio-juvenil-erasmus\/","og_locale":"es_ES","og_type":"article","og_title":"CaudetEnEUROPA: Finaliza la jornada de Intercambio Juvenil con Marseillan, Malmedi y Castleblayney - MI Ayuntamiento de Caudete","og_description":"P\u00e1gina Oficial del Ayuntamiento de Caudete (Albacete)","og_url":"https:\/\/www.caudete.org\/ayuntamiento\/jornada-de-intercambio-juvenil-erasmus\/","og_site_name":"MI Ayuntamiento de Caudete","article_publisher":"https:\/\/www.facebook.com\/ayuntamientocaudete\/","article_published_time":"2022-10-27T11:13:58+00:00","article_modified_time":"2022-10-28T12:46:02+00:00","og_image":[{"width":1236,"height":720,"url":"https:\/\/www.caudete.org\/ayuntamiento\/wp-content\/uploads\/2022\/10\/IMG-20221021-WA0028.jpg","type":"image\/jpeg"}],"author":"ayun","twitter_card":"summary_large_image","twitter_misc":{"Escrito por":"ayun","Tiempo de lectura":"6 minutos"},"schema":{"@context":"https:\/\/schema.org","@graph":[{"@type":"Article","@id":"https:\/\/www.caudete.org\/ayuntamiento\/jornada-de-intercambio-juvenil-erasmus\/#article","isPartOf":{"@id":"https:\/\/www.caudete.org\/ayuntamiento\/jornada-de-intercambio-juvenil-erasmus\/"},"author":{"name":"ayun","@id":"https:\/\/www.caudete.org\/ayuntamiento\/#\/schema\/person\/79f7e19fdd176fc2bc7a289013dc2056"},"headline":"CaudetEnEUROPA: Finaliza la jornada de Intercambio Juvenil con Marseillan, Malmedi y Castleblayney","datePublished":"2022-10-27T11:13:58+00:00","dateModified":"2022-10-28T12:46:02+00:00","mainEntityOfPage":{"@id":"https:\/\/www.caudete.org\/ayuntamiento\/jornada-de-intercambio-juvenil-erasmus\/"},"wordCount":696,"publisher":{"@id":"https:\/\/www.caudete.org\/ayuntamiento\/#organization"},"image":{"@id":"https:\/\/www.caudete.org\/ayuntamiento\/jornada-de-intercambio-juvenil-erasmus\/#primaryimage"},"thumbnailUrl":"https:\/\/www.caudete.org\/ayuntamiento\/wp-content\/uploads\/2022\/10\/IMG-20221021-WA0028.jpg","articleSection":["Juventud"],"inLanguage":"es"},{"@type":"WebPage","@id":"https:\/\/www.caudete.org\/ayuntamiento\/jornada-de-intercambio-juvenil-erasmus\/","url":"https:\/\/www.caudete.org\/ayuntamiento\/jornada-de-intercambio-juvenil-erasmus\/","name":"CaudetEnEUROPA: Finaliza la jornada de Intercambio Juvenil con Marseillan, Malmedi y Castleblayney - MI Ayuntamiento de Caudete","isPartOf":{"@id":"https:\/\/www.caudete.org\/ayuntamiento\/#website"},"primaryImageOfPage":{"@id":"https:\/\/www.caudete.org\/ayuntamiento\/jornada-de-intercambio-juvenil-erasmus\/#primaryimage"},"image":{"@id":"https:\/\/www.caudete.org\/ayuntamiento\/jornada-de-intercambio-juvenil-erasmus\/#primaryimage"},"thumbnailUrl":"https:\/\/www.caudete.org\/ayuntamiento\/wp-content\/uploads\/2022\/10\/IMG-20221021-WA0028.jpg","datePublished":"2022-10-27T11:13:58+00:00","dateModified":"2022-10-28T12:46:02+00:00","description":"P\u00e1gina Oficial del Ayuntamiento de Caudete (Albacete)","breadcrumb":{"@id":"https:\/\/www.caudete.org\/ayuntamiento\/jornada-de-intercambio-juvenil-erasmus\/#breadcrumb"},"inLanguage":"es","potentialAction":[{"@type":"ReadAction","target":["https:\/\/www.caudete.org\/ayuntamiento\/jornada-de-intercambio-juvenil-erasmus\/"]}]},{"@type":"ImageObject","inLanguage":"es","@id":"https:\/\/www.caudete.org\/ayuntamiento\/jornada-de-intercambio-juvenil-erasmus\/#primaryimage","url":"https:\/\/www.caudete.org\/ayuntamiento\/wp-content\/uploads\/2022\/10\/IMG-20221021-WA0028.jpg","contentUrl":"https:\/\/www.caudete.org\/ayuntamiento\/wp-content\/uploads\/2022\/10\/IMG-20221021-WA0028.jpg","width":1236,"height":720},{"@type":"BreadcrumbList","@id":"https:\/\/www.caudete.org\/ayuntamiento\/jornada-de-intercambio-juvenil-erasmus\/#breadcrumb","itemListElement":[{"@type":"ListItem","position":1,"name":"Inicio","item":"https:\/\/www.caudete.org\/ayuntamiento\/"},{"@type":"ListItem","position":2,"name":"CaudetEnEUROPA: Finaliza la jornada de Intercambio Juvenil con Marseillan, Malmedi y Castleblayney"}]},{"@type":"WebSite","@id":"https:\/\/www.caudete.org\/ayuntamiento\/#website","url":"https:\/\/www.caudete.org\/ayuntamiento\/","name":"MI Ayuntamiento de Caudete","description":"P\u00e1gina Oficial del MI Ayuntamiento de Caudete","publisher":{"@id":"https:\/\/www.caudete.org\/ayuntamiento\/#organization"},"potentialAction":[{"@type":"SearchAction","target":{"@type":"EntryPoint","urlTemplate":"https:\/\/www.caudete.org\/ayuntamiento\/?s={search_term_string}"},"query-input":{"@type":"PropertyValueSpecification","valueRequired":true,"valueName":"search_term_string"}}],"inLanguage":"es"},{"@type":"Organization","@id":"https:\/\/www.caudete.org\/ayuntamiento\/#organization","name":"Ayuntamiento de Caudete","url":"https:\/\/www.caudete.org\/ayuntamiento\/","logo":{"@type":"ImageObject","inLanguage":"es","@id":"https:\/\/www.caudete.org\/ayuntamiento\/#\/schema\/logo\/image\/","url":"https:\/\/www.caudete.org\/ayuntamiento\/wp-content\/uploads\/2020\/11\/logo_ayuntamiento_caudete.jpg","contentUrl":"https:\/\/www.caudete.org\/ayuntamiento\/wp-content\/uploads\/2020\/11\/logo_ayuntamiento_caudete.jpg","width":600,"height":150,"caption":"Ayuntamiento de Caudete"},"image":{"@id":"https:\/\/www.caudete.org\/ayuntamiento\/#\/schema\/logo\/image\/"},"sameAs":["https:\/\/www.facebook.com\/ayuntamientocaudete\/","https:\/\/www.youtube.com\/channel\/UC6VztHaooNsGpw-tNoBEFnQ"]},{"@type":"Person","@id":"https:\/\/www.caudete.org\/ayuntamiento\/#\/schema\/person\/79f7e19fdd176fc2bc7a289013dc2056","name":"ayun","image":{"@type":"ImageObject","inLanguage":"es","@id":"https:\/\/secure.gravatar.com\/avatar\/4ce797ee07c943e7e592f8cd648e503e6cd571387558ed07135799c2bd2847df?s=96&d=mm&r=g","url":"https:\/\/secure.gravatar.com\/avatar\/4ce797ee07c943e7e592f8cd648e503e6cd571387558ed07135799c2bd2847df?s=96&d=mm&r=g","contentUrl":"https:\/\/secure.gravatar.com\/avatar\/4ce797ee07c943e7e592f8cd648e503e6cd571387558ed07135799c2bd2847df?s=96&d=mm&r=g","caption":"ayun"},"sameAs":["http:\/\/www.caudete.org\/ayuntamiento"],"url":"https:\/\/www.caudete.org\/ayuntamiento\/author\/ayun\/"}]}},"_links":{"self":[{"href":"https:\/\/www.caudete.org\/ayuntamiento\/wp-json\/wp\/v2\/posts\/20425","targetHints":{"allow":["GET"]}}],"collection":[{"href":"https:\/\/www.caudete.org\/ayuntamiento\/wp-json\/wp\/v2\/posts"}],"about":[{"href":"https:\/\/www.caudete.org\/ayuntamiento\/wp-json\/wp\/v2\/types\/post"}],"author":[{"embeddable":true,"href":"https:\/\/www.caudete.org\/ayuntamiento\/wp-json\/wp\/v2\/users\/1"}],"replies":[{"embeddable":true,"href":"https:\/\/www.caudete.org\/ayuntamiento\/wp-json\/wp\/v2\/comments?post=20425"}],"version-history":[{"count":6,"href":"https:\/\/www.caudete.org\/ayuntamiento\/wp-json\/wp\/v2\/posts\/20425\/revisions"}],"predecessor-version":[{"id":20470,"href":"https:\/\/www.caudete.org\/ayuntamiento\/wp-json\/wp\/v2\/posts\/20425\/revisions\/20470"}],"wp:featuredmedia":[{"embeddable":true,"href":"https:\/\/www.caudete.org\/ayuntamiento\/wp-json\/wp\/v2\/media\/20426"}],"wp:attachment":[{"href":"https:\/\/www.caudete.org\/ayuntamiento\/wp-json\/wp\/v2\/media?parent=20425"}],"wp:term":[{"taxonomy":"category","embeddable":true,"href":"https:\/\/www.caudete.org\/ayuntamiento\/wp-json\/wp\/v2\/categories?post=20425"},{"taxonomy":"post_tag","embeddable":true,"href":"https:\/\/www.caudete.org\/ayuntamiento\/wp-json\/wp\/v2\/tags?post=20425"}],"curies":[{"name":"wp","href":"https:\/\/api.w.org\/{rel}","templated":true}]}}