{"id":20453,"date":"2022-10-27T17:22:28","date_gmt":"2022-10-27T15:22:28","guid":{"rendered":"https:\/\/www.caudete.org\/ayuntamiento\/?p=20453"},"modified":"2022-10-27T17:22:28","modified_gmt":"2022-10-27T15:22:28","slug":"exito-de-participacion-en-la-marcha-7000-pasos","status":"publish","type":"post","link":"https:\/\/www.caudete.org\/ayuntamiento\/exito-de-participacion-en-la-marcha-7000-pasos\/","title":{"rendered":"Exito de participaci\u00f3n en la MARCHA 7000 PASOS"},"content":{"rendered":"<p style=\"text-align: justify;\">El pasado 22 de Octubre se realiz\u00f3 en el municipio, organizada por la Concejal\u00eda de Sanidad y promovida por la GAI de Almansa una marcha de 5 kms equivalentes a 7000 pasos para incidir en un estilo saludable, y con el objetivo de fomentar el ejercicio f\u00edsico.<\/p>\n<p style=\"text-align: justify;\">El trayecto se inici\u00f3 desde la Ciudad Deportiva &#8220;Antonio Amor\u00f3s&#8221;, para continuar por varias zonas hist\u00f3ricas del municipio, contando con la presencia de un miembro de la Asociaci\u00f3n Cultural Amigos de la Historia Caudetana, quien se encarg\u00f3 de ir aportando pinceladas sobre cada rinc\u00f3n por el que la marcha discurr\u00eda.<\/p>\n<p style=\"text-align: justify;\">Adem\u00e1s, se cont\u00f3 con la inestimable colaboraci\u00f3n de la Agrupaci\u00f3n Local de Voluntarios de Protecci\u00f3n Civil, as\u00ed como de Cruz Roja y Guardia Civil, y miembros de Fundaci\u00f3n Diagrama, adem\u00e1s de una gran cantidad de caudetanos que disfrutaron de una ma\u00f1ana saludable.<\/p>\n<p><a href=\"https:\/\/www.caudete.org\/ayuntamiento\/wp-content\/uploads\/2022\/10\/WhatsApp-Image-2022-10-27-at-15.43.42-3.jpeg\" rel='prettyPhoto'><img fetchpriority=\"high\" decoding=\"async\" class=\"aligncenter wp-image-20458 size-medium\" src=\"https:\/\/www.caudete.org\/ayuntamiento\/wp-content\/uploads\/2022\/10\/WhatsApp-Image-2022-10-27-at-15.43.42-3-300x225.jpeg\" alt=\"\" width=\"300\" height=\"225\" srcset=\"https:\/\/www.caudete.org\/ayuntamiento\/wp-content\/uploads\/2022\/10\/WhatsApp-Image-2022-10-27-at-15.43.42-3-300x225.jpeg 300w, https:\/\/www.caudete.org\/ayuntamiento\/wp-content\/uploads\/2022\/10\/WhatsApp-Image-2022-10-27-at-15.43.42-3-768x576.jpeg 768w, https:\/\/www.caudete.org\/ayuntamiento\/wp-content\/uploads\/2022\/10\/WhatsApp-Image-2022-10-27-at-15.43.42-3.jpeg 1024w\" sizes=\"(max-width: 300px) 100vw, 300px\" \/><\/a><\/p>\n<p><a href=\"https:\/\/www.caudete.org\/ayuntamiento\/wp-content\/uploads\/2022\/10\/WhatsApp-Image-2022-10-27-at-15.43.42-2.jpeg\" rel='prettyPhoto'><img decoding=\"async\" class=\"aligncenter wp-image-20459 size-medium\" src=\"https:\/\/www.caudete.org\/ayuntamiento\/wp-content\/uploads\/2022\/10\/WhatsApp-Image-2022-10-27-at-15.43.42-2-300x238.jpeg\" alt=\"\" width=\"300\" height=\"238\" srcset=\"https:\/\/www.caudete.org\/ayuntamiento\/wp-content\/uploads\/2022\/10\/WhatsApp-Image-2022-10-27-at-15.43.42-2-300x238.jpeg 300w, https:\/\/www.caudete.org\/ayuntamiento\/wp-content\/uploads\/2022\/10\/WhatsApp-Image-2022-10-27-at-15.43.42-2-768x609.jpeg 768w, https:\/\/www.caudete.org\/ayuntamiento\/wp-content\/uploads\/2022\/10\/WhatsApp-Image-2022-10-27-at-15.43.42-2.jpeg 1024w\" sizes=\"(max-width: 300px) 100vw, 300px\" \/><\/a><\/p>\n<p><img decoding=\"async\" class=\"aligncenter wp-image-20457 size-medium\" src=\"https:\/\/www.caudete.org\/ayuntamiento\/wp-content\/uploads\/2022\/10\/WhatsApp-Image-2022-10-27-at-15.43.42-4-300x225.jpeg\" alt=\"\" width=\"300\" height=\"225\" srcset=\"https:\/\/www.caudete.org\/ayuntamiento\/wp-content\/uploads\/2022\/10\/WhatsApp-Image-2022-10-27-at-15.43.42-4-300x225.jpeg 300w, https:\/\/www.caudete.org\/ayuntamiento\/wp-content\/uploads\/2022\/10\/WhatsApp-Image-2022-10-27-at-15.43.42-4-768x576.jpeg 768w, https:\/\/www.caudete.org\/ayuntamiento\/wp-content\/uploads\/2022\/10\/WhatsApp-Image-2022-10-27-at-15.43.42-4.jpeg 1024w\" sizes=\"(max-width: 300px) 100vw, 300px\" \/><\/p>\n<p><a href=\"https:\/\/www.caudete.org\/ayuntamiento\/wp-content\/uploads\/2022\/10\/WhatsApp-Image-2022-10-27-at-15.43.42-5.jpeg\" rel='prettyPhoto'><img loading=\"lazy\" decoding=\"async\" class=\"aligncenter wp-image-20460 size-medium\" src=\"https:\/\/www.caudete.org\/ayuntamiento\/wp-content\/uploads\/2022\/10\/WhatsApp-Image-2022-10-27-at-15.43.42-1-300x225.jpeg\" alt=\"\" width=\"300\" height=\"225\" srcset=\"https:\/\/www.caudete.org\/ayuntamiento\/wp-content\/uploads\/2022\/10\/WhatsApp-Image-2022-10-27-at-15.43.42-1-300x225.jpeg 300w, https:\/\/www.caudete.org\/ayuntamiento\/wp-content\/uploads\/2022\/10\/WhatsApp-Image-2022-10-27-at-15.43.42-1-768x576.jpeg 768w, https:\/\/www.caudete.org\/ayuntamiento\/wp-content\/uploads\/2022\/10\/WhatsApp-Image-2022-10-27-at-15.43.42-1.jpeg 1024w\" sizes=\"(max-width: 300px) 100vw, 300px\" \/><\/a><\/p>\n<p><a href=\"https:\/\/www.caudete.org\/ayuntamiento\/wp-content\/uploads\/2022\/10\/WhatsApp-Image-2022-10-27-at-15.43.42-5.jpeg\" rel='prettyPhoto'><img loading=\"lazy\" decoding=\"async\" class=\"aligncenter wp-image-20456 size-medium\" src=\"https:\/\/www.caudete.org\/ayuntamiento\/wp-content\/uploads\/2022\/10\/WhatsApp-Image-2022-10-27-at-15.43.42-5-300x225.jpeg\" alt=\"\" width=\"300\" height=\"225\" srcset=\"https:\/\/www.caudete.org\/ayuntamiento\/wp-content\/uploads\/2022\/10\/WhatsApp-Image-2022-10-27-at-15.43.42-5-300x225.jpeg 300w, https:\/\/www.caudete.org\/ayuntamiento\/wp-content\/uploads\/2022\/10\/WhatsApp-Image-2022-10-27-at-15.43.42-5-768x576.jpeg 768w, https:\/\/www.caudete.org\/ayuntamiento\/wp-content\/uploads\/2022\/10\/WhatsApp-Image-2022-10-27-at-15.43.42-5.jpeg 1024w\" sizes=\"(max-width: 300px) 100vw, 300px\" \/><\/a> <a href=\"https:\/\/www.caudete.org\/ayuntamiento\/wp-content\/uploads\/2022\/10\/WhatsApp-Image-2022-10-27-at-15.43.42-6.jpeg\" rel='prettyPhoto'><img loading=\"lazy\" decoding=\"async\" class=\"aligncenter wp-image-20455 size-medium\" src=\"https:\/\/www.caudete.org\/ayuntamiento\/wp-content\/uploads\/2022\/10\/WhatsApp-Image-2022-10-27-at-15.43.42-6-225x300.jpeg\" alt=\"\" width=\"225\" height=\"300\" srcset=\"https:\/\/www.caudete.org\/ayuntamiento\/wp-content\/uploads\/2022\/10\/WhatsApp-Image-2022-10-27-at-15.43.42-6-225x300.jpeg 225w, https:\/\/www.caudete.org\/ayuntamiento\/wp-content\/uploads\/2022\/10\/WhatsApp-Image-2022-10-27-at-15.43.42-6.jpeg 768w\" sizes=\"(max-width: 225px) 100vw, 225px\" \/><\/a><\/p>\n","protected":false},"excerpt":{"rendered":"<p>El pasado 22 de Octubre se realiz\u00f3 en el municipio, organizada por la Concejal\u00eda de Sanidad y promovida por la GAI de Almansa una marcha de 5 kms equivalentes a 7000 pasos para incidir en un estilo saludable, y con el objetivo de fomentar el ejercicio f\u00edsico. El trayecto se inici\u00f3 desde la Ciudad Deportiva &hellip;<\/p>\n","protected":false},"author":3,"featured_media":20454,"comment_status":"closed","ping_status":"open","sticky":false,"template":"","format":"standard","meta":{"ngg_post_thumbnail":0,"footnotes":""},"categories":[16],"tags":[],"class_list":["post-20453","post","type-post","status-publish","format-standard","has-post-thumbnail","hentry","category-sanidad"],"yoast_head":"<!-- This site is optimized with the Yoast SEO plugin v27.5 - https:\/\/yoast.com\/product\/yoast-seo-wordpress\/ -->\n<title>Exito de participaci\u00f3n en la MARCHA 7000 PASOS - MI Ayuntamiento de Caudete<\/title>\n<meta name=\"description\" content=\"P\u00e1gina Oficial del Ayuntamiento de Caudete (Albacete)\" \/>\n<meta name=\"robots\" content=\"index, follow, max-snippet:-1, max-image-preview:large, max-video-preview:-1\" \/>\n<link rel=\"canonical\" href=\"https:\/\/www.caudete.org\/ayuntamiento\/exito-de-participacion-en-la-marcha-7000-pasos\/\" \/>\n<meta property=\"og:locale\" content=\"es_ES\" \/>\n<meta property=\"og:type\" content=\"article\" \/>\n<meta property=\"og:title\" content=\"Exito de participaci\u00f3n en la MARCHA 7000 PASOS - MI Ayuntamiento de Caudete\" \/>\n<meta property=\"og:description\" content=\"P\u00e1gina Oficial del Ayuntamiento de Caudete (Albacete)\" \/>\n<meta property=\"og:url\" content=\"https:\/\/www.caudete.org\/ayuntamiento\/exito-de-participacion-en-la-marcha-7000-pasos\/\" \/>\n<meta property=\"og:site_name\" content=\"MI Ayuntamiento de Caudete\" \/>\n<meta property=\"article:publisher\" content=\"https:\/\/www.facebook.com\/ayuntamientocaudete\/\" \/>\n<meta property=\"article:published_time\" content=\"2022-10-27T15:22:28+00:00\" \/>\n<meta property=\"og:image\" content=\"https:\/\/www.caudete.org\/ayuntamiento\/wp-content\/uploads\/2022\/10\/WhatsApp-Image-2022-10-27-at-15.43.42-7.jpeg\" \/>\n\t<meta property=\"og:image:width\" content=\"1024\" \/>\n\t<meta property=\"og:image:height\" content=\"768\" \/>\n\t<meta property=\"og:image:type\" content=\"image\/jpeg\" \/>\n<meta name=\"author\" content=\"alcalde\" \/>\n<meta name=\"twitter:card\" content=\"summary_large_image\" \/>\n<meta name=\"twitter:label1\" content=\"Escrito por\" \/>\n\t<meta name=\"twitter:data1\" content=\"alcalde\" \/>\n\t<meta name=\"twitter:label2\" content=\"Tiempo de lectura\" \/>\n\t<meta name=\"twitter:data2\" content=\"2 minutos\" \/>\n<script type=\"application\/ld+json\" class=\"yoast-schema-graph\">{\"@context\":\"https:\\\/\\\/schema.org\",\"@graph\":[{\"@type\":\"Article\",\"@id\":\"https:\\\/\\\/www.caudete.org\\\/ayuntamiento\\\/exito-de-participacion-en-la-marcha-7000-pasos\\\/#article\",\"isPartOf\":{\"@id\":\"https:\\\/\\\/www.caudete.org\\\/ayuntamiento\\\/exito-de-participacion-en-la-marcha-7000-pasos\\\/\"},\"author\":{\"name\":\"alcalde\",\"@id\":\"https:\\\/\\\/www.caudete.org\\\/ayuntamiento\\\/#\\\/schema\\\/person\\\/cc646da9133078ee4d8dd47457947253\"},\"headline\":\"Exito de participaci\u00f3n en la MARCHA 7000 PASOS\",\"datePublished\":\"2022-10-27T15:22:28+00:00\",\"mainEntityOfPage\":{\"@id\":\"https:\\\/\\\/www.caudete.org\\\/ayuntamiento\\\/exito-de-participacion-en-la-marcha-7000-pasos\\\/\"},\"wordCount\":158,\"image\":{\"@id\":\"https:\\\/\\\/www.caudete.org\\\/ayuntamiento\\\/exito-de-participacion-en-la-marcha-7000-pasos\\\/#primaryimage\"},\"thumbnailUrl\":\"https:\\\/\\\/www.caudete.org\\\/ayuntamiento\\\/wp-content\\\/uploads\\\/2022\\\/10\\\/WhatsApp-Image-2022-10-27-at-15.43.42-7.jpeg\",\"articleSection\":[\"Sanidad\"],\"inLanguage\":\"es\"},{\"@type\":\"WebPage\",\"@id\":\"https:\\\/\\\/www.caudete.org\\\/ayuntamiento\\\/exito-de-participacion-en-la-marcha-7000-pasos\\\/\",\"url\":\"https:\\\/\\\/www.caudete.org\\\/ayuntamiento\\\/exito-de-participacion-en-la-marcha-7000-pasos\\\/\",\"name\":\"Exito de participaci\u00f3n en la MARCHA 7000 PASOS - MI Ayuntamiento de Caudete\",\"isPartOf\":{\"@id\":\"https:\\\/\\\/www.caudete.org\\\/ayuntamiento\\\/#website\"},\"primaryImageOfPage\":{\"@id\":\"https:\\\/\\\/www.caudete.org\\\/ayuntamiento\\\/exito-de-participacion-en-la-marcha-7000-pasos\\\/#primaryimage\"},\"image\":{\"@id\":\"https:\\\/\\\/www.caudete.org\\\/ayuntamiento\\\/exito-de-participacion-en-la-marcha-7000-pasos\\\/#primaryimage\"},\"thumbnailUrl\":\"https:\\\/\\\/www.caudete.org\\\/ayuntamiento\\\/wp-content\\\/uploads\\\/2022\\\/10\\\/WhatsApp-Image-2022-10-27-at-15.43.42-7.jpeg\",\"datePublished\":\"2022-10-27T15:22:28+00:00\",\"author\":{\"@id\":\"https:\\\/\\\/www.caudete.org\\\/ayuntamiento\\\/#\\\/schema\\\/person\\\/cc646da9133078ee4d8dd47457947253\"},\"description\":\"P\u00e1gina Oficial del Ayuntamiento de Caudete (Albacete)\",\"breadcrumb\":{\"@id\":\"https:\\\/\\\/www.caudete.org\\\/ayuntamiento\\\/exito-de-participacion-en-la-marcha-7000-pasos\\\/#breadcrumb\"},\"inLanguage\":\"es\",\"potentialAction\":[{\"@type\":\"ReadAction\",\"target\":[\"https:\\\/\\\/www.caudete.org\\\/ayuntamiento\\\/exito-de-participacion-en-la-marcha-7000-pasos\\\/\"]}]},{\"@type\":\"ImageObject\",\"inLanguage\":\"es\",\"@id\":\"https:\\\/\\\/www.caudete.org\\\/ayuntamiento\\\/exito-de-participacion-en-la-marcha-7000-pasos\\\/#primaryimage\",\"url\":\"https:\\\/\\\/www.caudete.org\\\/ayuntamiento\\\/wp-content\\\/uploads\\\/2022\\\/10\\\/WhatsApp-Image-2022-10-27-at-15.43.42-7.jpeg\",\"contentUrl\":\"https:\\\/\\\/www.caudete.org\\\/ayuntamiento\\\/wp-content\\\/uploads\\\/2022\\\/10\\\/WhatsApp-Image-2022-10-27-at-15.43.42-7.jpeg\",\"width\":1024,\"height\":768},{\"@type\":\"BreadcrumbList\",\"@id\":\"https:\\\/\\\/www.caudete.org\\\/ayuntamiento\\\/exito-de-participacion-en-la-marcha-7000-pasos\\\/#breadcrumb\",\"itemListElement\":[{\"@type\":\"ListItem\",\"position\":1,\"name\":\"Inicio\",\"item\":\"https:\\\/\\\/www.caudete.org\\\/ayuntamiento\\\/\"},{\"@type\":\"ListItem\",\"position\":2,\"name\":\"Exito de participaci\u00f3n en la MARCHA 7000 PASOS\"}]},{\"@type\":\"WebSite\",\"@id\":\"https:\\\/\\\/www.caudete.org\\\/ayuntamiento\\\/#website\",\"url\":\"https:\\\/\\\/www.caudete.org\\\/ayuntamiento\\\/\",\"name\":\"MI Ayuntamiento de Caudete\",\"description\":\"P\u00e1gina Oficial del MI Ayuntamiento de Caudete\",\"potentialAction\":[{\"@type\":\"SearchAction\",\"target\":{\"@type\":\"EntryPoint\",\"urlTemplate\":\"https:\\\/\\\/www.caudete.org\\\/ayuntamiento\\\/?s={search_term_string}\"},\"query-input\":{\"@type\":\"PropertyValueSpecification\",\"valueRequired\":true,\"valueName\":\"search_term_string\"}}],\"inLanguage\":\"es\"},{\"@type\":\"Person\",\"@id\":\"https:\\\/\\\/www.caudete.org\\\/ayuntamiento\\\/#\\\/schema\\\/person\\\/cc646da9133078ee4d8dd47457947253\",\"name\":\"alcalde\",\"image\":{\"@type\":\"ImageObject\",\"inLanguage\":\"es\",\"@id\":\"https:\\\/\\\/secure.gravatar.com\\\/avatar\\\/84a817ba065b29ff08d666b215a215f5c79186a645ccb25b14a663d48a130f77?s=96&d=mm&r=g\",\"url\":\"https:\\\/\\\/secure.gravatar.com\\\/avatar\\\/84a817ba065b29ff08d666b215a215f5c79186a645ccb25b14a663d48a130f77?s=96&d=mm&r=g\",\"contentUrl\":\"https:\\\/\\\/secure.gravatar.com\\\/avatar\\\/84a817ba065b29ff08d666b215a215f5c79186a645ccb25b14a663d48a130f77?s=96&d=mm&r=g\",\"caption\":\"alcalde\"},\"url\":\"https:\\\/\\\/www.caudete.org\\\/ayuntamiento\\\/author\\\/alcalde\\\/\"}]}<\/script>\n<!-- \/ Yoast SEO plugin. -->","yoast_head_json":{"title":"Exito de participaci\u00f3n en la MARCHA 7000 PASOS - MI Ayuntamiento de Caudete","description":"P\u00e1gina Oficial del Ayuntamiento de Caudete (Albacete)","robots":{"index":"index","follow":"follow","max-snippet":"max-snippet:-1","max-image-preview":"max-image-preview:large","max-video-preview":"max-video-preview:-1"},"canonical":"https:\/\/www.caudete.org\/ayuntamiento\/exito-de-participacion-en-la-marcha-7000-pasos\/","og_locale":"es_ES","og_type":"article","og_title":"Exito de participaci\u00f3n en la MARCHA 7000 PASOS - MI Ayuntamiento de Caudete","og_description":"P\u00e1gina Oficial del Ayuntamiento de Caudete (Albacete)","og_url":"https:\/\/www.caudete.org\/ayuntamiento\/exito-de-participacion-en-la-marcha-7000-pasos\/","og_site_name":"MI Ayuntamiento de Caudete","article_publisher":"https:\/\/www.facebook.com\/ayuntamientocaudete\/","article_published_time":"2022-10-27T15:22:28+00:00","og_image":[{"width":1024,"height":768,"url":"https:\/\/www.caudete.org\/ayuntamiento\/wp-content\/uploads\/2022\/10\/WhatsApp-Image-2022-10-27-at-15.43.42-7.jpeg","type":"image\/jpeg"}],"author":"alcalde","twitter_card":"summary_large_image","twitter_misc":{"Escrito por":"alcalde","Tiempo de lectura":"2 minutos"},"schema":{"@context":"https:\/\/schema.org","@graph":[{"@type":"Article","@id":"https:\/\/www.caudete.org\/ayuntamiento\/exito-de-participacion-en-la-marcha-7000-pasos\/#article","isPartOf":{"@id":"https:\/\/www.caudete.org\/ayuntamiento\/exito-de-participacion-en-la-marcha-7000-pasos\/"},"author":{"name":"alcalde","@id":"https:\/\/www.caudete.org\/ayuntamiento\/#\/schema\/person\/cc646da9133078ee4d8dd47457947253"},"headline":"Exito de participaci\u00f3n en la MARCHA 7000 PASOS","datePublished":"2022-10-27T15:22:28+00:00","mainEntityOfPage":{"@id":"https:\/\/www.caudete.org\/ayuntamiento\/exito-de-participacion-en-la-marcha-7000-pasos\/"},"wordCount":158,"image":{"@id":"https:\/\/www.caudete.org\/ayuntamiento\/exito-de-participacion-en-la-marcha-7000-pasos\/#primaryimage"},"thumbnailUrl":"https:\/\/www.caudete.org\/ayuntamiento\/wp-content\/uploads\/2022\/10\/WhatsApp-Image-2022-10-27-at-15.43.42-7.jpeg","articleSection":["Sanidad"],"inLanguage":"es"},{"@type":"WebPage","@id":"https:\/\/www.caudete.org\/ayuntamiento\/exito-de-participacion-en-la-marcha-7000-pasos\/","url":"https:\/\/www.caudete.org\/ayuntamiento\/exito-de-participacion-en-la-marcha-7000-pasos\/","name":"Exito de participaci\u00f3n en la MARCHA 7000 PASOS - MI Ayuntamiento de Caudete","isPartOf":{"@id":"https:\/\/www.caudete.org\/ayuntamiento\/#website"},"primaryImageOfPage":{"@id":"https:\/\/www.caudete.org\/ayuntamiento\/exito-de-participacion-en-la-marcha-7000-pasos\/#primaryimage"},"image":{"@id":"https:\/\/www.caudete.org\/ayuntamiento\/exito-de-participacion-en-la-marcha-7000-pasos\/#primaryimage"},"thumbnailUrl":"https:\/\/www.caudete.org\/ayuntamiento\/wp-content\/uploads\/2022\/10\/WhatsApp-Image-2022-10-27-at-15.43.42-7.jpeg","datePublished":"2022-10-27T15:22:28+00:00","author":{"@id":"https:\/\/www.caudete.org\/ayuntamiento\/#\/schema\/person\/cc646da9133078ee4d8dd47457947253"},"description":"P\u00e1gina Oficial del Ayuntamiento de Caudete (Albacete)","breadcrumb":{"@id":"https:\/\/www.caudete.org\/ayuntamiento\/exito-de-participacion-en-la-marcha-7000-pasos\/#breadcrumb"},"inLanguage":"es","potentialAction":[{"@type":"ReadAction","target":["https:\/\/www.caudete.org\/ayuntamiento\/exito-de-participacion-en-la-marcha-7000-pasos\/"]}]},{"@type":"ImageObject","inLanguage":"es","@id":"https:\/\/www.caudete.org\/ayuntamiento\/exito-de-participacion-en-la-marcha-7000-pasos\/#primaryimage","url":"https:\/\/www.caudete.org\/ayuntamiento\/wp-content\/uploads\/2022\/10\/WhatsApp-Image-2022-10-27-at-15.43.42-7.jpeg","contentUrl":"https:\/\/www.caudete.org\/ayuntamiento\/wp-content\/uploads\/2022\/10\/WhatsApp-Image-2022-10-27-at-15.43.42-7.jpeg","width":1024,"height":768},{"@type":"BreadcrumbList","@id":"https:\/\/www.caudete.org\/ayuntamiento\/exito-de-participacion-en-la-marcha-7000-pasos\/#breadcrumb","itemListElement":[{"@type":"ListItem","position":1,"name":"Inicio","item":"https:\/\/www.caudete.org\/ayuntamiento\/"},{"@type":"ListItem","position":2,"name":"Exito de participaci\u00f3n en la MARCHA 7000 PASOS"}]},{"@type":"WebSite","@id":"https:\/\/www.caudete.org\/ayuntamiento\/#website","url":"https:\/\/www.caudete.org\/ayuntamiento\/","name":"MI Ayuntamiento de Caudete","description":"P\u00e1gina Oficial del MI Ayuntamiento de Caudete","potentialAction":[{"@type":"SearchAction","target":{"@type":"EntryPoint","urlTemplate":"https:\/\/www.caudete.org\/ayuntamiento\/?s={search_term_string}"},"query-input":{"@type":"PropertyValueSpecification","valueRequired":true,"valueName":"search_term_string"}}],"inLanguage":"es"},{"@type":"Person","@id":"https:\/\/www.caudete.org\/ayuntamiento\/#\/schema\/person\/cc646da9133078ee4d8dd47457947253","name":"alcalde","image":{"@type":"ImageObject","inLanguage":"es","@id":"https:\/\/secure.gravatar.com\/avatar\/84a817ba065b29ff08d666b215a215f5c79186a645ccb25b14a663d48a130f77?s=96&d=mm&r=g","url":"https:\/\/secure.gravatar.com\/avatar\/84a817ba065b29ff08d666b215a215f5c79186a645ccb25b14a663d48a130f77?s=96&d=mm&r=g","contentUrl":"https:\/\/secure.gravatar.com\/avatar\/84a817ba065b29ff08d666b215a215f5c79186a645ccb25b14a663d48a130f77?s=96&d=mm&r=g","caption":"alcalde"},"url":"https:\/\/www.caudete.org\/ayuntamiento\/author\/alcalde\/"}]}},"_links":{"self":[{"href":"https:\/\/www.caudete.org\/ayuntamiento\/wp-json\/wp\/v2\/posts\/20453","targetHints":{"allow":["GET"]}}],"collection":[{"href":"https:\/\/www.caudete.org\/ayuntamiento\/wp-json\/wp\/v2\/posts"}],"about":[{"href":"https:\/\/www.caudete.org\/ayuntamiento\/wp-json\/wp\/v2\/types\/post"}],"author":[{"embeddable":true,"href":"https:\/\/www.caudete.org\/ayuntamiento\/wp-json\/wp\/v2\/users\/3"}],"replies":[{"embeddable":true,"href":"https:\/\/www.caudete.org\/ayuntamiento\/wp-json\/wp\/v2\/comments?post=20453"}],"version-history":[{"count":1,"href":"https:\/\/www.caudete.org\/ayuntamiento\/wp-json\/wp\/v2\/posts\/20453\/revisions"}],"predecessor-version":[{"id":20463,"href":"https:\/\/www.caudete.org\/ayuntamiento\/wp-json\/wp\/v2\/posts\/20453\/revisions\/20463"}],"wp:featuredmedia":[{"embeddable":true,"href":"https:\/\/www.caudete.org\/ayuntamiento\/wp-json\/wp\/v2\/media\/20454"}],"wp:attachment":[{"href":"https:\/\/www.caudete.org\/ayuntamiento\/wp-json\/wp\/v2\/media?parent=20453"}],"wp:term":[{"taxonomy":"category","embeddable":true,"href":"https:\/\/www.caudete.org\/ayuntamiento\/wp-json\/wp\/v2\/categories?post=20453"},{"taxonomy":"post_tag","embeddable":true,"href":"https:\/\/www.caudete.org\/ayuntamiento\/wp-json\/wp\/v2\/tags?post=20453"}],"curies":[{"name":"wp","href":"https:\/\/api.w.org\/{rel}","templated":true}]}}