{"id":20481,"date":"2022-10-30T13:40:15","date_gmt":"2022-10-30T12:40:15","guid":{"rendered":"https:\/\/www.caudete.org\/ayuntamiento\/?p=20481"},"modified":"2022-10-30T13:48:58","modified_gmt":"2022-10-30T12:48:58","slug":"el-cementerio-acogera-el-concierto-recuerdo-a-los-difuntos-el-proximo-1-noviembre-a-las-1100-horas","status":"publish","type":"post","link":"https:\/\/www.caudete.org\/ayuntamiento\/el-cementerio-acogera-el-concierto-recuerdo-a-los-difuntos-el-proximo-1-noviembre-a-las-1100-horas\/","title":{"rendered":"El Cementerio acoger\u00e1 el Concierto &#8220;Recuerdo a los Difuntos&#8221;, el pr\u00f3ximo 1 Noviembre a las 11:00 horas"},"content":{"rendered":"<p style=\"text-align: justify;\">El pr\u00f3ximo martes d\u00eda 1 de Noviembre el Cementerio Municipal acoger\u00e1 un a\u00f1o m\u00e1s, un acto en recuerdo a los Difuntos, tal y como se viene realizando desde el a\u00f1o 2019.<\/p>\n<p style=\"text-align: justify;\">Ser\u00e1 a las 11.00h a las puertas de la Capilla donde un Quinteto de Cuerda de la Sociedad Uni\u00f3n Musical Santa Cecilia interprete una selecci\u00f3n de piezas, con la colaboraci\u00f3n de Marino Escudero, quien pondr\u00e1 su voz en un acto donde se har\u00e1 especial homenaje a los caudetanos fallecidos durante el \u00faltimo a\u00f1o, siendo nombrados uno a uno, y por quienes el P\u00e1rroco ofrecer\u00e1 un responso al finalizar el acto.<\/p>\n<p style=\"text-align: justify;\">Sin duda alguna, un sencillo y emotivo acto en el que el pueblo de Caudete quiere recordar y mantener viva la memoria de sus vecinos ausentes.<\/p>\n<p style=\"text-align: justify;\">Para el acto no es necesaria invitaci\u00f3n, y el Ayuntamiento dispondr\u00e1 de asientos para los asistentes.<\/p>\n","protected":false},"excerpt":{"rendered":"<p>El pr\u00f3ximo martes d\u00eda 1 de Noviembre el Cementerio Municipal acoger\u00e1 un a\u00f1o m\u00e1s, un acto en recuerdo a los Difuntos, tal y como se viene realizando desde el a\u00f1o 2019. Ser\u00e1 a las 11.00h a las puertas de la Capilla donde un Quinteto de Cuerda de la Sociedad Uni\u00f3n Musical Santa Cecilia interprete una &hellip;<\/p>\n","protected":false},"author":3,"featured_media":20483,"comment_status":"closed","ping_status":"open","sticky":false,"template":"","format":"standard","meta":{"ngg_post_thumbnail":0,"footnotes":""},"categories":[30],"tags":[],"class_list":["post-20481","post","type-post","status-publish","format-standard","has-post-thumbnail","hentry","category-cementerio"],"yoast_head":"<!-- This site is optimized with the Yoast SEO plugin v27.5 - https:\/\/yoast.com\/product\/yoast-seo-wordpress\/ -->\n<title>El Cementerio acoger\u00e1 el Concierto &quot;Recuerdo a los Difuntos&quot;, el pr\u00f3ximo 1 Noviembre a las 11:00 horas - MI Ayuntamiento de Caudete<\/title>\n<meta name=\"description\" content=\"P\u00e1gina Oficial del Ayuntamiento de Caudete (Albacete)\" \/>\n<meta name=\"robots\" content=\"index, follow, max-snippet:-1, max-image-preview:large, max-video-preview:-1\" \/>\n<link rel=\"canonical\" href=\"https:\/\/www.caudete.org\/ayuntamiento\/el-cementerio-acogera-el-concierto-recuerdo-a-los-difuntos-el-proximo-1-noviembre-a-las-1100-horas\/\" \/>\n<meta property=\"og:locale\" content=\"es_ES\" \/>\n<meta property=\"og:type\" content=\"article\" \/>\n<meta property=\"og:title\" content=\"El Cementerio acoger\u00e1 el Concierto &quot;Recuerdo a los Difuntos&quot;, el pr\u00f3ximo 1 Noviembre a las 11:00 horas - MI Ayuntamiento de Caudete\" \/>\n<meta property=\"og:description\" content=\"P\u00e1gina Oficial del Ayuntamiento de Caudete (Albacete)\" \/>\n<meta property=\"og:url\" content=\"https:\/\/www.caudete.org\/ayuntamiento\/el-cementerio-acogera-el-concierto-recuerdo-a-los-difuntos-el-proximo-1-noviembre-a-las-1100-horas\/\" \/>\n<meta property=\"og:site_name\" content=\"MI Ayuntamiento de Caudete\" \/>\n<meta property=\"article:publisher\" content=\"https:\/\/www.facebook.com\/ayuntamientocaudete\/\" \/>\n<meta property=\"article:published_time\" content=\"2022-10-30T12:40:15+00:00\" \/>\n<meta property=\"article:modified_time\" content=\"2022-10-30T12:48:58+00:00\" \/>\n<meta property=\"og:image\" content=\"https:\/\/www.caudete.org\/ayuntamiento\/wp-content\/uploads\/2022\/10\/cementerio-municipal-2022-caudete-digital.jpg\" \/>\n\t<meta property=\"og:image:width\" content=\"1200\" \/>\n\t<meta property=\"og:image:height\" content=\"680\" \/>\n\t<meta property=\"og:image:type\" content=\"image\/jpeg\" \/>\n<meta name=\"author\" content=\"alcalde\" \/>\n<meta name=\"twitter:card\" content=\"summary_large_image\" \/>\n<meta name=\"twitter:label1\" content=\"Escrito por\" \/>\n\t<meta name=\"twitter:data1\" content=\"alcalde\" \/>\n\t<meta name=\"twitter:label2\" content=\"Tiempo de lectura\" \/>\n\t<meta name=\"twitter:data2\" content=\"1 minuto\" \/>\n<script type=\"application\/ld+json\" class=\"yoast-schema-graph\">{\"@context\":\"https:\\\/\\\/schema.org\",\"@graph\":[{\"@type\":\"Article\",\"@id\":\"https:\\\/\\\/www.caudete.org\\\/ayuntamiento\\\/el-cementerio-acogera-el-concierto-recuerdo-a-los-difuntos-el-proximo-1-noviembre-a-las-1100-horas\\\/#article\",\"isPartOf\":{\"@id\":\"https:\\\/\\\/www.caudete.org\\\/ayuntamiento\\\/el-cementerio-acogera-el-concierto-recuerdo-a-los-difuntos-el-proximo-1-noviembre-a-las-1100-horas\\\/\"},\"author\":{\"name\":\"alcalde\",\"@id\":\"https:\\\/\\\/www.caudete.org\\\/ayuntamiento\\\/#\\\/schema\\\/person\\\/cc646da9133078ee4d8dd47457947253\"},\"headline\":\"El Cementerio acoger\u00e1 el Concierto &#8220;Recuerdo a los Difuntos&#8221;, el pr\u00f3ximo 1 Noviembre a las 11:00 horas\",\"datePublished\":\"2022-10-30T12:40:15+00:00\",\"dateModified\":\"2022-10-30T12:48:58+00:00\",\"mainEntityOfPage\":{\"@id\":\"https:\\\/\\\/www.caudete.org\\\/ayuntamiento\\\/el-cementerio-acogera-el-concierto-recuerdo-a-los-difuntos-el-proximo-1-noviembre-a-las-1100-horas\\\/\"},\"wordCount\":168,\"publisher\":{\"@id\":\"https:\\\/\\\/www.caudete.org\\\/ayuntamiento\\\/#organization\"},\"image\":{\"@id\":\"https:\\\/\\\/www.caudete.org\\\/ayuntamiento\\\/el-cementerio-acogera-el-concierto-recuerdo-a-los-difuntos-el-proximo-1-noviembre-a-las-1100-horas\\\/#primaryimage\"},\"thumbnailUrl\":\"https:\\\/\\\/www.caudete.org\\\/ayuntamiento\\\/wp-content\\\/uploads\\\/2022\\\/10\\\/cementerio-municipal-2022-caudete-digital.jpg\",\"articleSection\":[\"Cementerio\"],\"inLanguage\":\"es\"},{\"@type\":\"WebPage\",\"@id\":\"https:\\\/\\\/www.caudete.org\\\/ayuntamiento\\\/el-cementerio-acogera-el-concierto-recuerdo-a-los-difuntos-el-proximo-1-noviembre-a-las-1100-horas\\\/\",\"url\":\"https:\\\/\\\/www.caudete.org\\\/ayuntamiento\\\/el-cementerio-acogera-el-concierto-recuerdo-a-los-difuntos-el-proximo-1-noviembre-a-las-1100-horas\\\/\",\"name\":\"El Cementerio acoger\u00e1 el Concierto \\\"Recuerdo a los Difuntos\\\", el pr\u00f3ximo 1 Noviembre a las 11:00 horas - MI Ayuntamiento de Caudete\",\"isPartOf\":{\"@id\":\"https:\\\/\\\/www.caudete.org\\\/ayuntamiento\\\/#website\"},\"primaryImageOfPage\":{\"@id\":\"https:\\\/\\\/www.caudete.org\\\/ayuntamiento\\\/el-cementerio-acogera-el-concierto-recuerdo-a-los-difuntos-el-proximo-1-noviembre-a-las-1100-horas\\\/#primaryimage\"},\"image\":{\"@id\":\"https:\\\/\\\/www.caudete.org\\\/ayuntamiento\\\/el-cementerio-acogera-el-concierto-recuerdo-a-los-difuntos-el-proximo-1-noviembre-a-las-1100-horas\\\/#primaryimage\"},\"thumbnailUrl\":\"https:\\\/\\\/www.caudete.org\\\/ayuntamiento\\\/wp-content\\\/uploads\\\/2022\\\/10\\\/cementerio-municipal-2022-caudete-digital.jpg\",\"datePublished\":\"2022-10-30T12:40:15+00:00\",\"dateModified\":\"2022-10-30T12:48:58+00:00\",\"description\":\"P\u00e1gina Oficial del Ayuntamiento de Caudete (Albacete)\",\"breadcrumb\":{\"@id\":\"https:\\\/\\\/www.caudete.org\\\/ayuntamiento\\\/el-cementerio-acogera-el-concierto-recuerdo-a-los-difuntos-el-proximo-1-noviembre-a-las-1100-horas\\\/#breadcrumb\"},\"inLanguage\":\"es\",\"potentialAction\":[{\"@type\":\"ReadAction\",\"target\":[\"https:\\\/\\\/www.caudete.org\\\/ayuntamiento\\\/el-cementerio-acogera-el-concierto-recuerdo-a-los-difuntos-el-proximo-1-noviembre-a-las-1100-horas\\\/\"]}]},{\"@type\":\"ImageObject\",\"inLanguage\":\"es\",\"@id\":\"https:\\\/\\\/www.caudete.org\\\/ayuntamiento\\\/el-cementerio-acogera-el-concierto-recuerdo-a-los-difuntos-el-proximo-1-noviembre-a-las-1100-horas\\\/#primaryimage\",\"url\":\"https:\\\/\\\/www.caudete.org\\\/ayuntamiento\\\/wp-content\\\/uploads\\\/2022\\\/10\\\/cementerio-municipal-2022-caudete-digital.jpg\",\"contentUrl\":\"https:\\\/\\\/www.caudete.org\\\/ayuntamiento\\\/wp-content\\\/uploads\\\/2022\\\/10\\\/cementerio-municipal-2022-caudete-digital.jpg\",\"width\":1200,\"height\":680},{\"@type\":\"BreadcrumbList\",\"@id\":\"https:\\\/\\\/www.caudete.org\\\/ayuntamiento\\\/el-cementerio-acogera-el-concierto-recuerdo-a-los-difuntos-el-proximo-1-noviembre-a-las-1100-horas\\\/#breadcrumb\",\"itemListElement\":[{\"@type\":\"ListItem\",\"position\":1,\"name\":\"Inicio\",\"item\":\"https:\\\/\\\/www.caudete.org\\\/ayuntamiento\\\/\"},{\"@type\":\"ListItem\",\"position\":2,\"name\":\"El Cementerio acoger\u00e1 el Concierto &#8220;Recuerdo a los Difuntos&#8221;, el pr\u00f3ximo 1 Noviembre a las 11:00 horas\"}]},{\"@type\":\"WebSite\",\"@id\":\"https:\\\/\\\/www.caudete.org\\\/ayuntamiento\\\/#website\",\"url\":\"https:\\\/\\\/www.caudete.org\\\/ayuntamiento\\\/\",\"name\":\"MI Ayuntamiento de Caudete\",\"description\":\"P\u00e1gina Oficial del MI Ayuntamiento de Caudete\",\"publisher\":{\"@id\":\"https:\\\/\\\/www.caudete.org\\\/ayuntamiento\\\/#organization\"},\"potentialAction\":[{\"@type\":\"SearchAction\",\"target\":{\"@type\":\"EntryPoint\",\"urlTemplate\":\"https:\\\/\\\/www.caudete.org\\\/ayuntamiento\\\/?s={search_term_string}\"},\"query-input\":{\"@type\":\"PropertyValueSpecification\",\"valueRequired\":true,\"valueName\":\"search_term_string\"}}],\"inLanguage\":\"es\"},{\"@type\":\"Organization\",\"@id\":\"https:\\\/\\\/www.caudete.org\\\/ayuntamiento\\\/#organization\",\"name\":\"Ayuntamiento de Caudete\",\"url\":\"https:\\\/\\\/www.caudete.org\\\/ayuntamiento\\\/\",\"logo\":{\"@type\":\"ImageObject\",\"inLanguage\":\"es\",\"@id\":\"https:\\\/\\\/www.caudete.org\\\/ayuntamiento\\\/#\\\/schema\\\/logo\\\/image\\\/\",\"url\":\"https:\\\/\\\/www.caudete.org\\\/ayuntamiento\\\/wp-content\\\/uploads\\\/2020\\\/11\\\/logo_ayuntamiento_caudete.jpg\",\"contentUrl\":\"https:\\\/\\\/www.caudete.org\\\/ayuntamiento\\\/wp-content\\\/uploads\\\/2020\\\/11\\\/logo_ayuntamiento_caudete.jpg\",\"width\":600,\"height\":150,\"caption\":\"Ayuntamiento de Caudete\"},\"image\":{\"@id\":\"https:\\\/\\\/www.caudete.org\\\/ayuntamiento\\\/#\\\/schema\\\/logo\\\/image\\\/\"},\"sameAs\":[\"https:\\\/\\\/www.facebook.com\\\/ayuntamientocaudete\\\/\",\"https:\\\/\\\/www.youtube.com\\\/channel\\\/UC6VztHaooNsGpw-tNoBEFnQ\"]},{\"@type\":\"Person\",\"@id\":\"https:\\\/\\\/www.caudete.org\\\/ayuntamiento\\\/#\\\/schema\\\/person\\\/cc646da9133078ee4d8dd47457947253\",\"name\":\"alcalde\",\"image\":{\"@type\":\"ImageObject\",\"inLanguage\":\"es\",\"@id\":\"https:\\\/\\\/secure.gravatar.com\\\/avatar\\\/84a817ba065b29ff08d666b215a215f5c79186a645ccb25b14a663d48a130f77?s=96&d=mm&r=g\",\"url\":\"https:\\\/\\\/secure.gravatar.com\\\/avatar\\\/84a817ba065b29ff08d666b215a215f5c79186a645ccb25b14a663d48a130f77?s=96&d=mm&r=g\",\"contentUrl\":\"https:\\\/\\\/secure.gravatar.com\\\/avatar\\\/84a817ba065b29ff08d666b215a215f5c79186a645ccb25b14a663d48a130f77?s=96&d=mm&r=g\",\"caption\":\"alcalde\"},\"url\":\"https:\\\/\\\/www.caudete.org\\\/ayuntamiento\\\/author\\\/alcalde\\\/\"}]}<\/script>\n<!-- \/ Yoast SEO plugin. -->","yoast_head_json":{"title":"El Cementerio acoger\u00e1 el Concierto \"Recuerdo a los Difuntos\", el pr\u00f3ximo 1 Noviembre a las 11:00 horas - MI Ayuntamiento de Caudete","description":"P\u00e1gina Oficial del Ayuntamiento de Caudete (Albacete)","robots":{"index":"index","follow":"follow","max-snippet":"max-snippet:-1","max-image-preview":"max-image-preview:large","max-video-preview":"max-video-preview:-1"},"canonical":"https:\/\/www.caudete.org\/ayuntamiento\/el-cementerio-acogera-el-concierto-recuerdo-a-los-difuntos-el-proximo-1-noviembre-a-las-1100-horas\/","og_locale":"es_ES","og_type":"article","og_title":"El Cementerio acoger\u00e1 el Concierto \"Recuerdo a los Difuntos\", el pr\u00f3ximo 1 Noviembre a las 11:00 horas - MI Ayuntamiento de Caudete","og_description":"P\u00e1gina Oficial del Ayuntamiento de Caudete (Albacete)","og_url":"https:\/\/www.caudete.org\/ayuntamiento\/el-cementerio-acogera-el-concierto-recuerdo-a-los-difuntos-el-proximo-1-noviembre-a-las-1100-horas\/","og_site_name":"MI Ayuntamiento de Caudete","article_publisher":"https:\/\/www.facebook.com\/ayuntamientocaudete\/","article_published_time":"2022-10-30T12:40:15+00:00","article_modified_time":"2022-10-30T12:48:58+00:00","og_image":[{"width":1200,"height":680,"url":"https:\/\/www.caudete.org\/ayuntamiento\/wp-content\/uploads\/2022\/10\/cementerio-municipal-2022-caudete-digital.jpg","type":"image\/jpeg"}],"author":"alcalde","twitter_card":"summary_large_image","twitter_misc":{"Escrito por":"alcalde","Tiempo de lectura":"1 minuto"},"schema":{"@context":"https:\/\/schema.org","@graph":[{"@type":"Article","@id":"https:\/\/www.caudete.org\/ayuntamiento\/el-cementerio-acogera-el-concierto-recuerdo-a-los-difuntos-el-proximo-1-noviembre-a-las-1100-horas\/#article","isPartOf":{"@id":"https:\/\/www.caudete.org\/ayuntamiento\/el-cementerio-acogera-el-concierto-recuerdo-a-los-difuntos-el-proximo-1-noviembre-a-las-1100-horas\/"},"author":{"name":"alcalde","@id":"https:\/\/www.caudete.org\/ayuntamiento\/#\/schema\/person\/cc646da9133078ee4d8dd47457947253"},"headline":"El Cementerio acoger\u00e1 el Concierto &#8220;Recuerdo a los Difuntos&#8221;, el pr\u00f3ximo 1 Noviembre a las 11:00 horas","datePublished":"2022-10-30T12:40:15+00:00","dateModified":"2022-10-30T12:48:58+00:00","mainEntityOfPage":{"@id":"https:\/\/www.caudete.org\/ayuntamiento\/el-cementerio-acogera-el-concierto-recuerdo-a-los-difuntos-el-proximo-1-noviembre-a-las-1100-horas\/"},"wordCount":168,"publisher":{"@id":"https:\/\/www.caudete.org\/ayuntamiento\/#organization"},"image":{"@id":"https:\/\/www.caudete.org\/ayuntamiento\/el-cementerio-acogera-el-concierto-recuerdo-a-los-difuntos-el-proximo-1-noviembre-a-las-1100-horas\/#primaryimage"},"thumbnailUrl":"https:\/\/www.caudete.org\/ayuntamiento\/wp-content\/uploads\/2022\/10\/cementerio-municipal-2022-caudete-digital.jpg","articleSection":["Cementerio"],"inLanguage":"es"},{"@type":"WebPage","@id":"https:\/\/www.caudete.org\/ayuntamiento\/el-cementerio-acogera-el-concierto-recuerdo-a-los-difuntos-el-proximo-1-noviembre-a-las-1100-horas\/","url":"https:\/\/www.caudete.org\/ayuntamiento\/el-cementerio-acogera-el-concierto-recuerdo-a-los-difuntos-el-proximo-1-noviembre-a-las-1100-horas\/","name":"El Cementerio acoger\u00e1 el Concierto \"Recuerdo a los Difuntos\", el pr\u00f3ximo 1 Noviembre a las 11:00 horas - MI Ayuntamiento de Caudete","isPartOf":{"@id":"https:\/\/www.caudete.org\/ayuntamiento\/#website"},"primaryImageOfPage":{"@id":"https:\/\/www.caudete.org\/ayuntamiento\/el-cementerio-acogera-el-concierto-recuerdo-a-los-difuntos-el-proximo-1-noviembre-a-las-1100-horas\/#primaryimage"},"image":{"@id":"https:\/\/www.caudete.org\/ayuntamiento\/el-cementerio-acogera-el-concierto-recuerdo-a-los-difuntos-el-proximo-1-noviembre-a-las-1100-horas\/#primaryimage"},"thumbnailUrl":"https:\/\/www.caudete.org\/ayuntamiento\/wp-content\/uploads\/2022\/10\/cementerio-municipal-2022-caudete-digital.jpg","datePublished":"2022-10-30T12:40:15+00:00","dateModified":"2022-10-30T12:48:58+00:00","description":"P\u00e1gina Oficial del Ayuntamiento de Caudete (Albacete)","breadcrumb":{"@id":"https:\/\/www.caudete.org\/ayuntamiento\/el-cementerio-acogera-el-concierto-recuerdo-a-los-difuntos-el-proximo-1-noviembre-a-las-1100-horas\/#breadcrumb"},"inLanguage":"es","potentialAction":[{"@type":"ReadAction","target":["https:\/\/www.caudete.org\/ayuntamiento\/el-cementerio-acogera-el-concierto-recuerdo-a-los-difuntos-el-proximo-1-noviembre-a-las-1100-horas\/"]}]},{"@type":"ImageObject","inLanguage":"es","@id":"https:\/\/www.caudete.org\/ayuntamiento\/el-cementerio-acogera-el-concierto-recuerdo-a-los-difuntos-el-proximo-1-noviembre-a-las-1100-horas\/#primaryimage","url":"https:\/\/www.caudete.org\/ayuntamiento\/wp-content\/uploads\/2022\/10\/cementerio-municipal-2022-caudete-digital.jpg","contentUrl":"https:\/\/www.caudete.org\/ayuntamiento\/wp-content\/uploads\/2022\/10\/cementerio-municipal-2022-caudete-digital.jpg","width":1200,"height":680},{"@type":"BreadcrumbList","@id":"https:\/\/www.caudete.org\/ayuntamiento\/el-cementerio-acogera-el-concierto-recuerdo-a-los-difuntos-el-proximo-1-noviembre-a-las-1100-horas\/#breadcrumb","itemListElement":[{"@type":"ListItem","position":1,"name":"Inicio","item":"https:\/\/www.caudete.org\/ayuntamiento\/"},{"@type":"ListItem","position":2,"name":"El Cementerio acoger\u00e1 el Concierto &#8220;Recuerdo a los Difuntos&#8221;, el pr\u00f3ximo 1 Noviembre a las 11:00 horas"}]},{"@type":"WebSite","@id":"https:\/\/www.caudete.org\/ayuntamiento\/#website","url":"https:\/\/www.caudete.org\/ayuntamiento\/","name":"MI Ayuntamiento de Caudete","description":"P\u00e1gina Oficial del MI Ayuntamiento de Caudete","publisher":{"@id":"https:\/\/www.caudete.org\/ayuntamiento\/#organization"},"potentialAction":[{"@type":"SearchAction","target":{"@type":"EntryPoint","urlTemplate":"https:\/\/www.caudete.org\/ayuntamiento\/?s={search_term_string}"},"query-input":{"@type":"PropertyValueSpecification","valueRequired":true,"valueName":"search_term_string"}}],"inLanguage":"es"},{"@type":"Organization","@id":"https:\/\/www.caudete.org\/ayuntamiento\/#organization","name":"Ayuntamiento de Caudete","url":"https:\/\/www.caudete.org\/ayuntamiento\/","logo":{"@type":"ImageObject","inLanguage":"es","@id":"https:\/\/www.caudete.org\/ayuntamiento\/#\/schema\/logo\/image\/","url":"https:\/\/www.caudete.org\/ayuntamiento\/wp-content\/uploads\/2020\/11\/logo_ayuntamiento_caudete.jpg","contentUrl":"https:\/\/www.caudete.org\/ayuntamiento\/wp-content\/uploads\/2020\/11\/logo_ayuntamiento_caudete.jpg","width":600,"height":150,"caption":"Ayuntamiento de Caudete"},"image":{"@id":"https:\/\/www.caudete.org\/ayuntamiento\/#\/schema\/logo\/image\/"},"sameAs":["https:\/\/www.facebook.com\/ayuntamientocaudete\/","https:\/\/www.youtube.com\/channel\/UC6VztHaooNsGpw-tNoBEFnQ"]},{"@type":"Person","@id":"https:\/\/www.caudete.org\/ayuntamiento\/#\/schema\/person\/cc646da9133078ee4d8dd47457947253","name":"alcalde","image":{"@type":"ImageObject","inLanguage":"es","@id":"https:\/\/secure.gravatar.com\/avatar\/84a817ba065b29ff08d666b215a215f5c79186a645ccb25b14a663d48a130f77?s=96&d=mm&r=g","url":"https:\/\/secure.gravatar.com\/avatar\/84a817ba065b29ff08d666b215a215f5c79186a645ccb25b14a663d48a130f77?s=96&d=mm&r=g","contentUrl":"https:\/\/secure.gravatar.com\/avatar\/84a817ba065b29ff08d666b215a215f5c79186a645ccb25b14a663d48a130f77?s=96&d=mm&r=g","caption":"alcalde"},"url":"https:\/\/www.caudete.org\/ayuntamiento\/author\/alcalde\/"}]}},"_links":{"self":[{"href":"https:\/\/www.caudete.org\/ayuntamiento\/wp-json\/wp\/v2\/posts\/20481","targetHints":{"allow":["GET"]}}],"collection":[{"href":"https:\/\/www.caudete.org\/ayuntamiento\/wp-json\/wp\/v2\/posts"}],"about":[{"href":"https:\/\/www.caudete.org\/ayuntamiento\/wp-json\/wp\/v2\/types\/post"}],"author":[{"embeddable":true,"href":"https:\/\/www.caudete.org\/ayuntamiento\/wp-json\/wp\/v2\/users\/3"}],"replies":[{"embeddable":true,"href":"https:\/\/www.caudete.org\/ayuntamiento\/wp-json\/wp\/v2\/comments?post=20481"}],"version-history":[{"count":1,"href":"https:\/\/www.caudete.org\/ayuntamiento\/wp-json\/wp\/v2\/posts\/20481\/revisions"}],"predecessor-version":[{"id":20482,"href":"https:\/\/www.caudete.org\/ayuntamiento\/wp-json\/wp\/v2\/posts\/20481\/revisions\/20482"}],"wp:featuredmedia":[{"embeddable":true,"href":"https:\/\/www.caudete.org\/ayuntamiento\/wp-json\/wp\/v2\/media\/20483"}],"wp:attachment":[{"href":"https:\/\/www.caudete.org\/ayuntamiento\/wp-json\/wp\/v2\/media?parent=20481"}],"wp:term":[{"taxonomy":"category","embeddable":true,"href":"https:\/\/www.caudete.org\/ayuntamiento\/wp-json\/wp\/v2\/categories?post=20481"},{"taxonomy":"post_tag","embeddable":true,"href":"https:\/\/www.caudete.org\/ayuntamiento\/wp-json\/wp\/v2\/tags?post=20481"}],"curies":[{"name":"wp","href":"https:\/\/api.w.org\/{rel}","templated":true}]}}