{"id":20495,"date":"2022-11-02T20:54:11","date_gmt":"2022-11-02T19:54:11","guid":{"rendered":"https:\/\/www.caudete.org\/ayuntamiento\/?p=20495"},"modified":"2022-11-02T21:00:28","modified_gmt":"2022-11-02T20:00:28","slug":"comienza-la-urbanizacion-de-mercadona-lo-que-ocasionara-cortes-de-trafico-y-desvios-a-partir-de-manana","status":"publish","type":"post","link":"https:\/\/www.caudete.org\/ayuntamiento\/comienza-la-urbanizacion-de-mercadona-lo-que-ocasionara-cortes-de-trafico-y-desvios-a-partir-de-manana\/","title":{"rendered":"Comienza la urbanizaci\u00f3n de Mercadona, lo que ocasionar\u00e1 cortes de tr\u00e1fico y desv\u00edos a partir de ma\u00f1ana"},"content":{"rendered":"<p style=\"text-align: justify;\">A partir de ma\u00f1ana 3 de Noviembre, la empresa constructora encargada de la urbanizaci\u00f3n de la nueva ubicaci\u00f3n de Marcadona, tiene concedido corte de calle y ocupaci\u00f3n de v\u00eda p\u00fablica para el desarrollo de los trabajos en una de las calles circundantes.<\/p>\n<p style=\"text-align: justify;\">Concretamente se dar\u00e1 comienzo por la reci\u00e9n nombrada Calle Manuel Mart\u00ednez El Rojo, de forma que el tr\u00e1fico estar\u00e1 cortado y desviado durante al menos un mes, en el tramo intersecto entre Avenida de Villena y Calle Francisco Siv\u00f3. Es de remarcar que esta v\u00eda actualmente concentra un elevado tr\u00e1nsito de veh\u00edculos, pues conecta el Pol\u00edgono Industrial con el casco urbano hacia Calle La Zafra, por lo que a partir de ahora y mientras duren las obras los veh\u00edculos tendr\u00e1n que optar a circular por las calles paralelas (Calle El Molino o Calle Sanitarios).<\/p>\n<p style=\"text-align: justify;\">Le seguir\u00e1n, en pr\u00f3ximas semanas, las calles de nueva creaci\u00f3n Maestro Jos\u00e9 Serrano Amurrio y Miguel Gonz\u00e1lez Palaz\u00f3n, siendo el \u00faltimo de los tramos a ejecutar el de Avenida de Villena, esperando quede concluida la urbanizaci\u00f3n pasadas las fiestas navide\u00f1as.<\/p>\n","protected":false},"excerpt":{"rendered":"<p>A partir de ma\u00f1ana 3 de Noviembre, la empresa constructora encargada de la urbanizaci\u00f3n de la nueva ubicaci\u00f3n de Marcadona, tiene concedido corte de calle y ocupaci\u00f3n de v\u00eda p\u00fablica para el desarrollo de los trabajos en una de las calles circundantes. Concretamente se dar\u00e1 comienzo por la reci\u00e9n nombrada Calle Manuel Mart\u00ednez El Rojo, &hellip;<\/p>\n","protected":false},"author":3,"featured_media":20498,"comment_status":"closed","ping_status":"open","sticky":false,"template":"","format":"standard","meta":{"ngg_post_thumbnail":0,"footnotes":""},"categories":[46],"tags":[],"class_list":["post-20495","post","type-post","status-publish","format-standard","has-post-thumbnail","hentry","category-movilidad-urbana"],"yoast_head":"<!-- This site is optimized with the Yoast SEO plugin v27.5 - https:\/\/yoast.com\/product\/yoast-seo-wordpress\/ -->\n<title>Comienza la urbanizaci\u00f3n de Mercadona, lo que ocasionar\u00e1 cortes de tr\u00e1fico y desv\u00edos a partir de ma\u00f1ana - MI Ayuntamiento de Caudete<\/title>\n<meta name=\"description\" content=\"P\u00e1gina Oficial del Ayuntamiento de Caudete (Albacete)\" \/>\n<meta name=\"robots\" content=\"index, follow, max-snippet:-1, max-image-preview:large, max-video-preview:-1\" \/>\n<link rel=\"canonical\" href=\"https:\/\/www.caudete.org\/ayuntamiento\/comienza-la-urbanizacion-de-mercadona-lo-que-ocasionara-cortes-de-trafico-y-desvios-a-partir-de-manana\/\" \/>\n<meta property=\"og:locale\" content=\"es_ES\" \/>\n<meta property=\"og:type\" content=\"article\" \/>\n<meta property=\"og:title\" content=\"Comienza la urbanizaci\u00f3n de Mercadona, lo que ocasionar\u00e1 cortes de tr\u00e1fico y desv\u00edos a partir de ma\u00f1ana - MI Ayuntamiento de Caudete\" \/>\n<meta property=\"og:description\" content=\"P\u00e1gina Oficial del Ayuntamiento de Caudete (Albacete)\" \/>\n<meta property=\"og:url\" content=\"https:\/\/www.caudete.org\/ayuntamiento\/comienza-la-urbanizacion-de-mercadona-lo-que-ocasionara-cortes-de-trafico-y-desvios-a-partir-de-manana\/\" \/>\n<meta property=\"og:site_name\" content=\"MI Ayuntamiento de Caudete\" \/>\n<meta property=\"article:publisher\" content=\"https:\/\/www.facebook.com\/ayuntamientocaudete\/\" \/>\n<meta property=\"article:published_time\" content=\"2022-11-02T19:54:11+00:00\" \/>\n<meta property=\"article:modified_time\" content=\"2022-11-02T20:00:28+00:00\" \/>\n<meta property=\"og:image\" content=\"https:\/\/www.caudete.org\/ayuntamiento\/wp-content\/uploads\/2022\/11\/Captura-de-pantalla-2022-11-02-205932.jpg\" \/>\n\t<meta property=\"og:image:width\" content=\"1268\" \/>\n\t<meta property=\"og:image:height\" content=\"939\" \/>\n\t<meta property=\"og:image:type\" content=\"image\/jpeg\" \/>\n<meta name=\"author\" content=\"alcalde\" \/>\n<meta name=\"twitter:card\" content=\"summary_large_image\" \/>\n<meta name=\"twitter:label1\" content=\"Escrito por\" \/>\n\t<meta name=\"twitter:data1\" content=\"alcalde\" \/>\n\t<meta name=\"twitter:label2\" content=\"Tiempo de lectura\" \/>\n\t<meta name=\"twitter:data2\" content=\"1 minuto\" \/>\n<script type=\"application\/ld+json\" class=\"yoast-schema-graph\">{\"@context\":\"https:\\\/\\\/schema.org\",\"@graph\":[{\"@type\":\"Article\",\"@id\":\"https:\\\/\\\/www.caudete.org\\\/ayuntamiento\\\/comienza-la-urbanizacion-de-mercadona-lo-que-ocasionara-cortes-de-trafico-y-desvios-a-partir-de-manana\\\/#article\",\"isPartOf\":{\"@id\":\"https:\\\/\\\/www.caudete.org\\\/ayuntamiento\\\/comienza-la-urbanizacion-de-mercadona-lo-que-ocasionara-cortes-de-trafico-y-desvios-a-partir-de-manana\\\/\"},\"author\":{\"name\":\"alcalde\",\"@id\":\"https:\\\/\\\/www.caudete.org\\\/ayuntamiento\\\/#\\\/schema\\\/person\\\/cc646da9133078ee4d8dd47457947253\"},\"headline\":\"Comienza la urbanizaci\u00f3n de Mercadona, lo que ocasionar\u00e1 cortes de tr\u00e1fico y desv\u00edos a partir de ma\u00f1ana\",\"datePublished\":\"2022-11-02T19:54:11+00:00\",\"dateModified\":\"2022-11-02T20:00:28+00:00\",\"mainEntityOfPage\":{\"@id\":\"https:\\\/\\\/www.caudete.org\\\/ayuntamiento\\\/comienza-la-urbanizacion-de-mercadona-lo-que-ocasionara-cortes-de-trafico-y-desvios-a-partir-de-manana\\\/\"},\"wordCount\":218,\"image\":{\"@id\":\"https:\\\/\\\/www.caudete.org\\\/ayuntamiento\\\/comienza-la-urbanizacion-de-mercadona-lo-que-ocasionara-cortes-de-trafico-y-desvios-a-partir-de-manana\\\/#primaryimage\"},\"thumbnailUrl\":\"https:\\\/\\\/www.caudete.org\\\/ayuntamiento\\\/wp-content\\\/uploads\\\/2022\\\/11\\\/Captura-de-pantalla-2022-11-02-205932.jpg\",\"articleSection\":[\"Movilidad Urbana\"],\"inLanguage\":\"es\"},{\"@type\":\"WebPage\",\"@id\":\"https:\\\/\\\/www.caudete.org\\\/ayuntamiento\\\/comienza-la-urbanizacion-de-mercadona-lo-que-ocasionara-cortes-de-trafico-y-desvios-a-partir-de-manana\\\/\",\"url\":\"https:\\\/\\\/www.caudete.org\\\/ayuntamiento\\\/comienza-la-urbanizacion-de-mercadona-lo-que-ocasionara-cortes-de-trafico-y-desvios-a-partir-de-manana\\\/\",\"name\":\"Comienza la urbanizaci\u00f3n de Mercadona, lo que ocasionar\u00e1 cortes de tr\u00e1fico y desv\u00edos a partir de ma\u00f1ana - MI Ayuntamiento de Caudete\",\"isPartOf\":{\"@id\":\"https:\\\/\\\/www.caudete.org\\\/ayuntamiento\\\/#website\"},\"primaryImageOfPage\":{\"@id\":\"https:\\\/\\\/www.caudete.org\\\/ayuntamiento\\\/comienza-la-urbanizacion-de-mercadona-lo-que-ocasionara-cortes-de-trafico-y-desvios-a-partir-de-manana\\\/#primaryimage\"},\"image\":{\"@id\":\"https:\\\/\\\/www.caudete.org\\\/ayuntamiento\\\/comienza-la-urbanizacion-de-mercadona-lo-que-ocasionara-cortes-de-trafico-y-desvios-a-partir-de-manana\\\/#primaryimage\"},\"thumbnailUrl\":\"https:\\\/\\\/www.caudete.org\\\/ayuntamiento\\\/wp-content\\\/uploads\\\/2022\\\/11\\\/Captura-de-pantalla-2022-11-02-205932.jpg\",\"datePublished\":\"2022-11-02T19:54:11+00:00\",\"dateModified\":\"2022-11-02T20:00:28+00:00\",\"author\":{\"@id\":\"https:\\\/\\\/www.caudete.org\\\/ayuntamiento\\\/#\\\/schema\\\/person\\\/cc646da9133078ee4d8dd47457947253\"},\"description\":\"P\u00e1gina Oficial del Ayuntamiento de Caudete (Albacete)\",\"breadcrumb\":{\"@id\":\"https:\\\/\\\/www.caudete.org\\\/ayuntamiento\\\/comienza-la-urbanizacion-de-mercadona-lo-que-ocasionara-cortes-de-trafico-y-desvios-a-partir-de-manana\\\/#breadcrumb\"},\"inLanguage\":\"es\",\"potentialAction\":[{\"@type\":\"ReadAction\",\"target\":[\"https:\\\/\\\/www.caudete.org\\\/ayuntamiento\\\/comienza-la-urbanizacion-de-mercadona-lo-que-ocasionara-cortes-de-trafico-y-desvios-a-partir-de-manana\\\/\"]}]},{\"@type\":\"ImageObject\",\"inLanguage\":\"es\",\"@id\":\"https:\\\/\\\/www.caudete.org\\\/ayuntamiento\\\/comienza-la-urbanizacion-de-mercadona-lo-que-ocasionara-cortes-de-trafico-y-desvios-a-partir-de-manana\\\/#primaryimage\",\"url\":\"https:\\\/\\\/www.caudete.org\\\/ayuntamiento\\\/wp-content\\\/uploads\\\/2022\\\/11\\\/Captura-de-pantalla-2022-11-02-205932.jpg\",\"contentUrl\":\"https:\\\/\\\/www.caudete.org\\\/ayuntamiento\\\/wp-content\\\/uploads\\\/2022\\\/11\\\/Captura-de-pantalla-2022-11-02-205932.jpg\",\"width\":1268,\"height\":939},{\"@type\":\"BreadcrumbList\",\"@id\":\"https:\\\/\\\/www.caudete.org\\\/ayuntamiento\\\/comienza-la-urbanizacion-de-mercadona-lo-que-ocasionara-cortes-de-trafico-y-desvios-a-partir-de-manana\\\/#breadcrumb\",\"itemListElement\":[{\"@type\":\"ListItem\",\"position\":1,\"name\":\"Inicio\",\"item\":\"https:\\\/\\\/www.caudete.org\\\/ayuntamiento\\\/\"},{\"@type\":\"ListItem\",\"position\":2,\"name\":\"Comienza la urbanizaci\u00f3n de Mercadona, lo que ocasionar\u00e1 cortes de tr\u00e1fico y desv\u00edos a partir de ma\u00f1ana\"}]},{\"@type\":\"WebSite\",\"@id\":\"https:\\\/\\\/www.caudete.org\\\/ayuntamiento\\\/#website\",\"url\":\"https:\\\/\\\/www.caudete.org\\\/ayuntamiento\\\/\",\"name\":\"MI Ayuntamiento de Caudete\",\"description\":\"P\u00e1gina Oficial del MI Ayuntamiento de Caudete\",\"potentialAction\":[{\"@type\":\"SearchAction\",\"target\":{\"@type\":\"EntryPoint\",\"urlTemplate\":\"https:\\\/\\\/www.caudete.org\\\/ayuntamiento\\\/?s={search_term_string}\"},\"query-input\":{\"@type\":\"PropertyValueSpecification\",\"valueRequired\":true,\"valueName\":\"search_term_string\"}}],\"inLanguage\":\"es\"},{\"@type\":\"Person\",\"@id\":\"https:\\\/\\\/www.caudete.org\\\/ayuntamiento\\\/#\\\/schema\\\/person\\\/cc646da9133078ee4d8dd47457947253\",\"name\":\"alcalde\",\"image\":{\"@type\":\"ImageObject\",\"inLanguage\":\"es\",\"@id\":\"https:\\\/\\\/secure.gravatar.com\\\/avatar\\\/84a817ba065b29ff08d666b215a215f5c79186a645ccb25b14a663d48a130f77?s=96&d=mm&r=g\",\"url\":\"https:\\\/\\\/secure.gravatar.com\\\/avatar\\\/84a817ba065b29ff08d666b215a215f5c79186a645ccb25b14a663d48a130f77?s=96&d=mm&r=g\",\"contentUrl\":\"https:\\\/\\\/secure.gravatar.com\\\/avatar\\\/84a817ba065b29ff08d666b215a215f5c79186a645ccb25b14a663d48a130f77?s=96&d=mm&r=g\",\"caption\":\"alcalde\"},\"url\":\"https:\\\/\\\/www.caudete.org\\\/ayuntamiento\\\/author\\\/alcalde\\\/\"}]}<\/script>\n<!-- \/ Yoast SEO plugin. -->","yoast_head_json":{"title":"Comienza la urbanizaci\u00f3n de Mercadona, lo que ocasionar\u00e1 cortes de tr\u00e1fico y desv\u00edos a partir de ma\u00f1ana - MI Ayuntamiento de Caudete","description":"P\u00e1gina Oficial del Ayuntamiento de Caudete (Albacete)","robots":{"index":"index","follow":"follow","max-snippet":"max-snippet:-1","max-image-preview":"max-image-preview:large","max-video-preview":"max-video-preview:-1"},"canonical":"https:\/\/www.caudete.org\/ayuntamiento\/comienza-la-urbanizacion-de-mercadona-lo-que-ocasionara-cortes-de-trafico-y-desvios-a-partir-de-manana\/","og_locale":"es_ES","og_type":"article","og_title":"Comienza la urbanizaci\u00f3n de Mercadona, lo que ocasionar\u00e1 cortes de tr\u00e1fico y desv\u00edos a partir de ma\u00f1ana - MI Ayuntamiento de Caudete","og_description":"P\u00e1gina Oficial del Ayuntamiento de Caudete (Albacete)","og_url":"https:\/\/www.caudete.org\/ayuntamiento\/comienza-la-urbanizacion-de-mercadona-lo-que-ocasionara-cortes-de-trafico-y-desvios-a-partir-de-manana\/","og_site_name":"MI Ayuntamiento de Caudete","article_publisher":"https:\/\/www.facebook.com\/ayuntamientocaudete\/","article_published_time":"2022-11-02T19:54:11+00:00","article_modified_time":"2022-11-02T20:00:28+00:00","og_image":[{"width":1268,"height":939,"url":"https:\/\/www.caudete.org\/ayuntamiento\/wp-content\/uploads\/2022\/11\/Captura-de-pantalla-2022-11-02-205932.jpg","type":"image\/jpeg"}],"author":"alcalde","twitter_card":"summary_large_image","twitter_misc":{"Escrito por":"alcalde","Tiempo de lectura":"1 minuto"},"schema":{"@context":"https:\/\/schema.org","@graph":[{"@type":"Article","@id":"https:\/\/www.caudete.org\/ayuntamiento\/comienza-la-urbanizacion-de-mercadona-lo-que-ocasionara-cortes-de-trafico-y-desvios-a-partir-de-manana\/#article","isPartOf":{"@id":"https:\/\/www.caudete.org\/ayuntamiento\/comienza-la-urbanizacion-de-mercadona-lo-que-ocasionara-cortes-de-trafico-y-desvios-a-partir-de-manana\/"},"author":{"name":"alcalde","@id":"https:\/\/www.caudete.org\/ayuntamiento\/#\/schema\/person\/cc646da9133078ee4d8dd47457947253"},"headline":"Comienza la urbanizaci\u00f3n de Mercadona, lo que ocasionar\u00e1 cortes de tr\u00e1fico y desv\u00edos a partir de ma\u00f1ana","datePublished":"2022-11-02T19:54:11+00:00","dateModified":"2022-11-02T20:00:28+00:00","mainEntityOfPage":{"@id":"https:\/\/www.caudete.org\/ayuntamiento\/comienza-la-urbanizacion-de-mercadona-lo-que-ocasionara-cortes-de-trafico-y-desvios-a-partir-de-manana\/"},"wordCount":218,"image":{"@id":"https:\/\/www.caudete.org\/ayuntamiento\/comienza-la-urbanizacion-de-mercadona-lo-que-ocasionara-cortes-de-trafico-y-desvios-a-partir-de-manana\/#primaryimage"},"thumbnailUrl":"https:\/\/www.caudete.org\/ayuntamiento\/wp-content\/uploads\/2022\/11\/Captura-de-pantalla-2022-11-02-205932.jpg","articleSection":["Movilidad Urbana"],"inLanguage":"es"},{"@type":"WebPage","@id":"https:\/\/www.caudete.org\/ayuntamiento\/comienza-la-urbanizacion-de-mercadona-lo-que-ocasionara-cortes-de-trafico-y-desvios-a-partir-de-manana\/","url":"https:\/\/www.caudete.org\/ayuntamiento\/comienza-la-urbanizacion-de-mercadona-lo-que-ocasionara-cortes-de-trafico-y-desvios-a-partir-de-manana\/","name":"Comienza la urbanizaci\u00f3n de Mercadona, lo que ocasionar\u00e1 cortes de tr\u00e1fico y desv\u00edos a partir de ma\u00f1ana - MI Ayuntamiento de Caudete","isPartOf":{"@id":"https:\/\/www.caudete.org\/ayuntamiento\/#website"},"primaryImageOfPage":{"@id":"https:\/\/www.caudete.org\/ayuntamiento\/comienza-la-urbanizacion-de-mercadona-lo-que-ocasionara-cortes-de-trafico-y-desvios-a-partir-de-manana\/#primaryimage"},"image":{"@id":"https:\/\/www.caudete.org\/ayuntamiento\/comienza-la-urbanizacion-de-mercadona-lo-que-ocasionara-cortes-de-trafico-y-desvios-a-partir-de-manana\/#primaryimage"},"thumbnailUrl":"https:\/\/www.caudete.org\/ayuntamiento\/wp-content\/uploads\/2022\/11\/Captura-de-pantalla-2022-11-02-205932.jpg","datePublished":"2022-11-02T19:54:11+00:00","dateModified":"2022-11-02T20:00:28+00:00","author":{"@id":"https:\/\/www.caudete.org\/ayuntamiento\/#\/schema\/person\/cc646da9133078ee4d8dd47457947253"},"description":"P\u00e1gina Oficial del Ayuntamiento de Caudete (Albacete)","breadcrumb":{"@id":"https:\/\/www.caudete.org\/ayuntamiento\/comienza-la-urbanizacion-de-mercadona-lo-que-ocasionara-cortes-de-trafico-y-desvios-a-partir-de-manana\/#breadcrumb"},"inLanguage":"es","potentialAction":[{"@type":"ReadAction","target":["https:\/\/www.caudete.org\/ayuntamiento\/comienza-la-urbanizacion-de-mercadona-lo-que-ocasionara-cortes-de-trafico-y-desvios-a-partir-de-manana\/"]}]},{"@type":"ImageObject","inLanguage":"es","@id":"https:\/\/www.caudete.org\/ayuntamiento\/comienza-la-urbanizacion-de-mercadona-lo-que-ocasionara-cortes-de-trafico-y-desvios-a-partir-de-manana\/#primaryimage","url":"https:\/\/www.caudete.org\/ayuntamiento\/wp-content\/uploads\/2022\/11\/Captura-de-pantalla-2022-11-02-205932.jpg","contentUrl":"https:\/\/www.caudete.org\/ayuntamiento\/wp-content\/uploads\/2022\/11\/Captura-de-pantalla-2022-11-02-205932.jpg","width":1268,"height":939},{"@type":"BreadcrumbList","@id":"https:\/\/www.caudete.org\/ayuntamiento\/comienza-la-urbanizacion-de-mercadona-lo-que-ocasionara-cortes-de-trafico-y-desvios-a-partir-de-manana\/#breadcrumb","itemListElement":[{"@type":"ListItem","position":1,"name":"Inicio","item":"https:\/\/www.caudete.org\/ayuntamiento\/"},{"@type":"ListItem","position":2,"name":"Comienza la urbanizaci\u00f3n de Mercadona, lo que ocasionar\u00e1 cortes de tr\u00e1fico y desv\u00edos a partir de ma\u00f1ana"}]},{"@type":"WebSite","@id":"https:\/\/www.caudete.org\/ayuntamiento\/#website","url":"https:\/\/www.caudete.org\/ayuntamiento\/","name":"MI Ayuntamiento de Caudete","description":"P\u00e1gina Oficial del MI Ayuntamiento de Caudete","potentialAction":[{"@type":"SearchAction","target":{"@type":"EntryPoint","urlTemplate":"https:\/\/www.caudete.org\/ayuntamiento\/?s={search_term_string}"},"query-input":{"@type":"PropertyValueSpecification","valueRequired":true,"valueName":"search_term_string"}}],"inLanguage":"es"},{"@type":"Person","@id":"https:\/\/www.caudete.org\/ayuntamiento\/#\/schema\/person\/cc646da9133078ee4d8dd47457947253","name":"alcalde","image":{"@type":"ImageObject","inLanguage":"es","@id":"https:\/\/secure.gravatar.com\/avatar\/84a817ba065b29ff08d666b215a215f5c79186a645ccb25b14a663d48a130f77?s=96&d=mm&r=g","url":"https:\/\/secure.gravatar.com\/avatar\/84a817ba065b29ff08d666b215a215f5c79186a645ccb25b14a663d48a130f77?s=96&d=mm&r=g","contentUrl":"https:\/\/secure.gravatar.com\/avatar\/84a817ba065b29ff08d666b215a215f5c79186a645ccb25b14a663d48a130f77?s=96&d=mm&r=g","caption":"alcalde"},"url":"https:\/\/www.caudete.org\/ayuntamiento\/author\/alcalde\/"}]}},"_links":{"self":[{"href":"https:\/\/www.caudete.org\/ayuntamiento\/wp-json\/wp\/v2\/posts\/20495","targetHints":{"allow":["GET"]}}],"collection":[{"href":"https:\/\/www.caudete.org\/ayuntamiento\/wp-json\/wp\/v2\/posts"}],"about":[{"href":"https:\/\/www.caudete.org\/ayuntamiento\/wp-json\/wp\/v2\/types\/post"}],"author":[{"embeddable":true,"href":"https:\/\/www.caudete.org\/ayuntamiento\/wp-json\/wp\/v2\/users\/3"}],"replies":[{"embeddable":true,"href":"https:\/\/www.caudete.org\/ayuntamiento\/wp-json\/wp\/v2\/comments?post=20495"}],"version-history":[{"count":1,"href":"https:\/\/www.caudete.org\/ayuntamiento\/wp-json\/wp\/v2\/posts\/20495\/revisions"}],"predecessor-version":[{"id":20497,"href":"https:\/\/www.caudete.org\/ayuntamiento\/wp-json\/wp\/v2\/posts\/20495\/revisions\/20497"}],"wp:featuredmedia":[{"embeddable":true,"href":"https:\/\/www.caudete.org\/ayuntamiento\/wp-json\/wp\/v2\/media\/20498"}],"wp:attachment":[{"href":"https:\/\/www.caudete.org\/ayuntamiento\/wp-json\/wp\/v2\/media?parent=20495"}],"wp:term":[{"taxonomy":"category","embeddable":true,"href":"https:\/\/www.caudete.org\/ayuntamiento\/wp-json\/wp\/v2\/categories?post=20495"},{"taxonomy":"post_tag","embeddable":true,"href":"https:\/\/www.caudete.org\/ayuntamiento\/wp-json\/wp\/v2\/tags?post=20495"}],"curies":[{"name":"wp","href":"https:\/\/api.w.org\/{rel}","templated":true}]}}