{"id":20513,"date":"2022-11-05T10:11:31","date_gmt":"2022-11-05T09:11:31","guid":{"rendered":"https:\/\/www.caudete.org\/ayuntamiento\/?p=20513"},"modified":"2022-11-05T10:11:31","modified_gmt":"2022-11-05T09:11:31","slug":"por-falta-credito-presupuestario-la-jccm-deniega-por-3o-ano-a-caudete-el-programa-de-empleo-recual","status":"publish","type":"post","link":"https:\/\/www.caudete.org\/ayuntamiento\/por-falta-credito-presupuestario-la-jccm-deniega-por-3o-ano-a-caudete-el-programa-de-empleo-recual\/","title":{"rendered":"Por &#8220;falta cr\u00e9dito presupuestario&#8221; la JCCM deniega por 3\u00ba a\u00f1o a Caudete el programa de empleo RECUAL"},"content":{"rendered":"<p style=\"text-align: justify;\">La Concejal de Empleo y Formaci\u00f3n, M\u00aa del Mar Requena ha informado de la Resoluci\u00f3n provisional que la JCCM ha publicado hace unos d\u00edas sobre la concesi\u00f3n de subvenciones para la realizaci\u00f3n de programas para la recualificaci\u00f3n y el reciclaje profesional, del ejercicio 2022, por el que se atienden 35 solicitudes, y se rechazan 23.<\/p>\n<p style=\"text-align: justify;\">En dicho documento, la solicitud de Caudete queda denegada alegando &#8220;falta cr\u00e9dito presupuestario&#8221;, lo que supone no poder desarrollar en nuestro municipio un proyecto destinado a 10 alumnos, preferiblemente mayores de 45 a\u00f1os, desempleados, que hubiesen tenido la oportunidad de obtener un certificado profesional que acredite su profesi\u00f3n, siendo remunerado su trabajo desarrollado en concepto de pr\u00e1cticas.<\/p>\n<p style=\"text-align: justify;\">Se da la circunstancia, a\u00f1ad\u00eda la Concejal, que Caudete ha quedado fuera de estas ayudas en las 3 \u00faltimas convocatorias, donde siempre se adolece del mismo criterio, la &#8220;falta cr\u00e9dito presupuestario&#8221;. Un argumento que no se sostiene cuando el convocante tiene la oportunidad de articular presupuestariamente el programa para cubrir la demanda existente, y unos criterios de puntuaci\u00f3n y selecci\u00f3n nada transparentes.<\/p>\n<p style=\"text-align: justify;\">La Edil continuaba, en hilo al argumento anterior, rese\u00f1ando que hay poblaciones en la provincia que han sido adjudicatarios de 2 proyectos en esta misma convocatoria, poblaciones beneficiarias durante varias convocatorias consecutivas, o cuando la puntuaci\u00f3n se da en t\u00e9rminos globales y no se desgranan uno a uno los apartados.<\/p>\n<p style=\"text-align: justify;\">Se da adem\u00e1s la circunstancia de que el proyecto presentado por Caudete es uno de los poco que se dise\u00f1\u00f3 para poder ser ofertado al mayor n\u00famero de alumnos (10, mientras que la inmensa mayor\u00eda proponen 8), as\u00ed como la aportaci\u00f3n municipal al proyecto, es de las mayores, reconociendo el Consistorio una aportaci\u00f3n m\u00ednima de 50.000\u20ac ampliables para cubrir costes materiales y auxiliares de las pr\u00e1cticas a llevar a cabo.<\/p>\n<p style=\"text-align: justify;\">El programa formativo se estimaba en costes en 1126.157\u201920\u20ac (sin contar la aportaci\u00f3n municipal), enfocada a la especialidad formativa <strong>\u201cOPERACIONES AUXILIARES DE ACABADOS R\u00cdGIDOS Y<br \/>\nURBANIZACION\u201d<\/strong>, clasificado con\u00a0<strong>Certificado de Profesionalidad Nivel 1, con 340 horas.<\/strong><\/p>\n<p style=\"text-align: justify;\"><strong>La parte pr\u00e1ctica, se materializar\u00eda en<\/strong> diferentes puntos del casco antiguo de la localidad, figurando concretamente las <strong>Calles El Teatro y de Guzm\u00e1n<\/strong>, con el objetivo de mejorar sus firmes, hacerlas accesibles y sustituir las canalizaciones existentes en el subsuelo.<\/p>\n<p style=\"text-align: justify;\">M\u00aa del Mar explicaba que ahora tan solo queda que una vez expirado el plazo de la convocatoria, se resuelvan las mismas esperando que Caudete cuente este a\u00f1o con dicho programa ya que durante dos a\u00f1os consecutivos las propuestas caudetanas han sido desestimadas \u201c<em>por falta de cr\u00e9dito, seg\u00fan la JCCM<\/em>\u201c, cuando los proyectos y propuestas de Caudete \u201c<em>son ejemplarizantes en la provincia por su meticulosa organizaci\u00f3n, excelentes resultados e importante aportaci\u00f3n econ\u00f3mica municipal<\/em>\u201c.<\/p>\n<p style=\"text-align: justify;\">Lamentos aparte, la Concejal agradec\u00eda \u201c<em>el trabajo realizado por los diferentes Departamentos Municipales y sus respectivos T\u00e9cnicos para la realizaci\u00f3n de la citada propuesta<\/em>\u201c, quienes se han volcado a contra reloj (las convocatoria dio 15 d\u00edas de plazo en pleno mes de Agosto) para dise\u00f1ar, armar y presentar el proyecto de Caudete, a la misma vez que adelantaba que el proyecto ahora denegado ser\u00e1 atendido con otros medios.<\/p>\n","protected":false},"excerpt":{"rendered":"<p>La Concejal de Empleo y Formaci\u00f3n, M\u00aa del Mar Requena ha informado de la Resoluci\u00f3n provisional que la JCCM ha publicado hace unos d\u00edas sobre la concesi\u00f3n de subvenciones para la realizaci\u00f3n de programas para la recualificaci\u00f3n y el reciclaje profesional, del ejercicio 2022, por el que se atienden 35 solicitudes, y se rechazan 23. &hellip;<\/p>\n","protected":false},"author":3,"featured_media":19898,"comment_status":"closed","ping_status":"open","sticky":false,"template":"","format":"standard","meta":{"ngg_post_thumbnail":0,"footnotes":""},"categories":[37],"tags":[],"class_list":["post-20513","post","type-post","status-publish","format-standard","has-post-thumbnail","hentry","category-empleo-y-formacion"],"yoast_head":"<!-- This site is optimized with the Yoast SEO plugin v27.4 - https:\/\/yoast.com\/product\/yoast-seo-wordpress\/ -->\n<title>Por &quot;falta cr\u00e9dito presupuestario&quot; la JCCM deniega por 3\u00ba a\u00f1o a Caudete el programa de empleo RECUAL - MI Ayuntamiento de Caudete<\/title>\n<meta name=\"description\" content=\"P\u00e1gina Oficial del Ayuntamiento de Caudete (Albacete)\" \/>\n<meta name=\"robots\" content=\"index, follow, max-snippet:-1, max-image-preview:large, max-video-preview:-1\" \/>\n<link rel=\"canonical\" href=\"https:\/\/www.caudete.org\/ayuntamiento\/por-falta-credito-presupuestario-la-jccm-deniega-por-3o-ano-a-caudete-el-programa-de-empleo-recual\/\" \/>\n<meta property=\"og:locale\" content=\"es_ES\" \/>\n<meta property=\"og:type\" content=\"article\" \/>\n<meta property=\"og:title\" content=\"Por &quot;falta cr\u00e9dito presupuestario&quot; la JCCM deniega por 3\u00ba a\u00f1o a Caudete el programa de empleo RECUAL - MI Ayuntamiento de Caudete\" \/>\n<meta property=\"og:description\" content=\"P\u00e1gina Oficial del Ayuntamiento de Caudete (Albacete)\" \/>\n<meta property=\"og:url\" content=\"https:\/\/www.caudete.org\/ayuntamiento\/por-falta-credito-presupuestario-la-jccm-deniega-por-3o-ano-a-caudete-el-programa-de-empleo-recual\/\" \/>\n<meta property=\"og:site_name\" content=\"MI Ayuntamiento de Caudete\" \/>\n<meta property=\"article:publisher\" content=\"https:\/\/www.facebook.com\/ayuntamientocaudete\/\" \/>\n<meta property=\"article:published_time\" content=\"2022-11-05T09:11:31+00:00\" \/>\n<meta property=\"og:image\" content=\"https:\/\/www.caudete.org\/ayuntamiento\/wp-content\/uploads\/2022\/08\/IMG_20220818_185408-scaled.jpg\" \/>\n\t<meta property=\"og:image:width\" content=\"2560\" \/>\n\t<meta property=\"og:image:height\" content=\"1920\" \/>\n\t<meta property=\"og:image:type\" content=\"image\/jpeg\" \/>\n<meta name=\"author\" content=\"alcalde\" \/>\n<meta name=\"twitter:card\" content=\"summary_large_image\" \/>\n<meta name=\"twitter:label1\" content=\"Escrito por\" \/>\n\t<meta name=\"twitter:data1\" content=\"alcalde\" \/>\n\t<meta name=\"twitter:label2\" content=\"Tiempo de lectura\" \/>\n\t<meta name=\"twitter:data2\" content=\"3 minutos\" \/>\n<script type=\"application\/ld+json\" class=\"yoast-schema-graph\">{\"@context\":\"https:\\\/\\\/schema.org\",\"@graph\":[{\"@type\":\"Article\",\"@id\":\"https:\\\/\\\/www.caudete.org\\\/ayuntamiento\\\/por-falta-credito-presupuestario-la-jccm-deniega-por-3o-ano-a-caudete-el-programa-de-empleo-recual\\\/#article\",\"isPartOf\":{\"@id\":\"https:\\\/\\\/www.caudete.org\\\/ayuntamiento\\\/por-falta-credito-presupuestario-la-jccm-deniega-por-3o-ano-a-caudete-el-programa-de-empleo-recual\\\/\"},\"author\":{\"name\":\"alcalde\",\"@id\":\"https:\\\/\\\/www.caudete.org\\\/ayuntamiento\\\/#\\\/schema\\\/person\\\/cc646da9133078ee4d8dd47457947253\"},\"headline\":\"Por &#8220;falta cr\u00e9dito presupuestario&#8221; la JCCM deniega por 3\u00ba a\u00f1o a Caudete el programa de empleo RECUAL\",\"datePublished\":\"2022-11-05T09:11:31+00:00\",\"mainEntityOfPage\":{\"@id\":\"https:\\\/\\\/www.caudete.org\\\/ayuntamiento\\\/por-falta-credito-presupuestario-la-jccm-deniega-por-3o-ano-a-caudete-el-programa-de-empleo-recual\\\/\"},\"wordCount\":557,\"publisher\":{\"@id\":\"https:\\\/\\\/www.caudete.org\\\/ayuntamiento\\\/#organization\"},\"image\":{\"@id\":\"https:\\\/\\\/www.caudete.org\\\/ayuntamiento\\\/por-falta-credito-presupuestario-la-jccm-deniega-por-3o-ano-a-caudete-el-programa-de-empleo-recual\\\/#primaryimage\"},\"thumbnailUrl\":\"https:\\\/\\\/www.caudete.org\\\/ayuntamiento\\\/wp-content\\\/uploads\\\/2022\\\/08\\\/IMG_20220818_185408-scaled.jpg\",\"articleSection\":[\"Empleo y Formaci\u00f3n\"],\"inLanguage\":\"es\"},{\"@type\":\"WebPage\",\"@id\":\"https:\\\/\\\/www.caudete.org\\\/ayuntamiento\\\/por-falta-credito-presupuestario-la-jccm-deniega-por-3o-ano-a-caudete-el-programa-de-empleo-recual\\\/\",\"url\":\"https:\\\/\\\/www.caudete.org\\\/ayuntamiento\\\/por-falta-credito-presupuestario-la-jccm-deniega-por-3o-ano-a-caudete-el-programa-de-empleo-recual\\\/\",\"name\":\"Por \\\"falta cr\u00e9dito presupuestario\\\" la JCCM deniega por 3\u00ba a\u00f1o a Caudete el programa de empleo RECUAL - MI Ayuntamiento de Caudete\",\"isPartOf\":{\"@id\":\"https:\\\/\\\/www.caudete.org\\\/ayuntamiento\\\/#website\"},\"primaryImageOfPage\":{\"@id\":\"https:\\\/\\\/www.caudete.org\\\/ayuntamiento\\\/por-falta-credito-presupuestario-la-jccm-deniega-por-3o-ano-a-caudete-el-programa-de-empleo-recual\\\/#primaryimage\"},\"image\":{\"@id\":\"https:\\\/\\\/www.caudete.org\\\/ayuntamiento\\\/por-falta-credito-presupuestario-la-jccm-deniega-por-3o-ano-a-caudete-el-programa-de-empleo-recual\\\/#primaryimage\"},\"thumbnailUrl\":\"https:\\\/\\\/www.caudete.org\\\/ayuntamiento\\\/wp-content\\\/uploads\\\/2022\\\/08\\\/IMG_20220818_185408-scaled.jpg\",\"datePublished\":\"2022-11-05T09:11:31+00:00\",\"description\":\"P\u00e1gina Oficial del Ayuntamiento de Caudete (Albacete)\",\"breadcrumb\":{\"@id\":\"https:\\\/\\\/www.caudete.org\\\/ayuntamiento\\\/por-falta-credito-presupuestario-la-jccm-deniega-por-3o-ano-a-caudete-el-programa-de-empleo-recual\\\/#breadcrumb\"},\"inLanguage\":\"es\",\"potentialAction\":[{\"@type\":\"ReadAction\",\"target\":[\"https:\\\/\\\/www.caudete.org\\\/ayuntamiento\\\/por-falta-credito-presupuestario-la-jccm-deniega-por-3o-ano-a-caudete-el-programa-de-empleo-recual\\\/\"]}]},{\"@type\":\"ImageObject\",\"inLanguage\":\"es\",\"@id\":\"https:\\\/\\\/www.caudete.org\\\/ayuntamiento\\\/por-falta-credito-presupuestario-la-jccm-deniega-por-3o-ano-a-caudete-el-programa-de-empleo-recual\\\/#primaryimage\",\"url\":\"https:\\\/\\\/www.caudete.org\\\/ayuntamiento\\\/wp-content\\\/uploads\\\/2022\\\/08\\\/IMG_20220818_185408-scaled.jpg\",\"contentUrl\":\"https:\\\/\\\/www.caudete.org\\\/ayuntamiento\\\/wp-content\\\/uploads\\\/2022\\\/08\\\/IMG_20220818_185408-scaled.jpg\",\"width\":2560,\"height\":1920},{\"@type\":\"BreadcrumbList\",\"@id\":\"https:\\\/\\\/www.caudete.org\\\/ayuntamiento\\\/por-falta-credito-presupuestario-la-jccm-deniega-por-3o-ano-a-caudete-el-programa-de-empleo-recual\\\/#breadcrumb\",\"itemListElement\":[{\"@type\":\"ListItem\",\"position\":1,\"name\":\"Inicio\",\"item\":\"https:\\\/\\\/www.caudete.org\\\/ayuntamiento\\\/\"},{\"@type\":\"ListItem\",\"position\":2,\"name\":\"Por &#8220;falta cr\u00e9dito presupuestario&#8221; la JCCM deniega por 3\u00ba a\u00f1o a Caudete el programa de empleo RECUAL\"}]},{\"@type\":\"WebSite\",\"@id\":\"https:\\\/\\\/www.caudete.org\\\/ayuntamiento\\\/#website\",\"url\":\"https:\\\/\\\/www.caudete.org\\\/ayuntamiento\\\/\",\"name\":\"MI Ayuntamiento de Caudete\",\"description\":\"P\u00e1gina Oficial del MI Ayuntamiento de Caudete\",\"publisher\":{\"@id\":\"https:\\\/\\\/www.caudete.org\\\/ayuntamiento\\\/#organization\"},\"potentialAction\":[{\"@type\":\"SearchAction\",\"target\":{\"@type\":\"EntryPoint\",\"urlTemplate\":\"https:\\\/\\\/www.caudete.org\\\/ayuntamiento\\\/?s={search_term_string}\"},\"query-input\":{\"@type\":\"PropertyValueSpecification\",\"valueRequired\":true,\"valueName\":\"search_term_string\"}}],\"inLanguage\":\"es\"},{\"@type\":\"Organization\",\"@id\":\"https:\\\/\\\/www.caudete.org\\\/ayuntamiento\\\/#organization\",\"name\":\"Ayuntamiento de Caudete\",\"url\":\"https:\\\/\\\/www.caudete.org\\\/ayuntamiento\\\/\",\"logo\":{\"@type\":\"ImageObject\",\"inLanguage\":\"es\",\"@id\":\"https:\\\/\\\/www.caudete.org\\\/ayuntamiento\\\/#\\\/schema\\\/logo\\\/image\\\/\",\"url\":\"https:\\\/\\\/www.caudete.org\\\/ayuntamiento\\\/wp-content\\\/uploads\\\/2020\\\/11\\\/logo_ayuntamiento_caudete.jpg\",\"contentUrl\":\"https:\\\/\\\/www.caudete.org\\\/ayuntamiento\\\/wp-content\\\/uploads\\\/2020\\\/11\\\/logo_ayuntamiento_caudete.jpg\",\"width\":600,\"height\":150,\"caption\":\"Ayuntamiento de Caudete\"},\"image\":{\"@id\":\"https:\\\/\\\/www.caudete.org\\\/ayuntamiento\\\/#\\\/schema\\\/logo\\\/image\\\/\"},\"sameAs\":[\"https:\\\/\\\/www.facebook.com\\\/ayuntamientocaudete\\\/\",\"https:\\\/\\\/www.youtube.com\\\/channel\\\/UC6VztHaooNsGpw-tNoBEFnQ\"]},{\"@type\":\"Person\",\"@id\":\"https:\\\/\\\/www.caudete.org\\\/ayuntamiento\\\/#\\\/schema\\\/person\\\/cc646da9133078ee4d8dd47457947253\",\"name\":\"alcalde\",\"image\":{\"@type\":\"ImageObject\",\"inLanguage\":\"es\",\"@id\":\"https:\\\/\\\/secure.gravatar.com\\\/avatar\\\/84a817ba065b29ff08d666b215a215f5c79186a645ccb25b14a663d48a130f77?s=96&d=mm&r=g\",\"url\":\"https:\\\/\\\/secure.gravatar.com\\\/avatar\\\/84a817ba065b29ff08d666b215a215f5c79186a645ccb25b14a663d48a130f77?s=96&d=mm&r=g\",\"contentUrl\":\"https:\\\/\\\/secure.gravatar.com\\\/avatar\\\/84a817ba065b29ff08d666b215a215f5c79186a645ccb25b14a663d48a130f77?s=96&d=mm&r=g\",\"caption\":\"alcalde\"},\"url\":\"https:\\\/\\\/www.caudete.org\\\/ayuntamiento\\\/author\\\/alcalde\\\/\"}]}<\/script>\n<!-- \/ Yoast SEO plugin. -->","yoast_head_json":{"title":"Por \"falta cr\u00e9dito presupuestario\" la JCCM deniega por 3\u00ba a\u00f1o a Caudete el programa de empleo RECUAL - MI Ayuntamiento de Caudete","description":"P\u00e1gina Oficial del Ayuntamiento de Caudete (Albacete)","robots":{"index":"index","follow":"follow","max-snippet":"max-snippet:-1","max-image-preview":"max-image-preview:large","max-video-preview":"max-video-preview:-1"},"canonical":"https:\/\/www.caudete.org\/ayuntamiento\/por-falta-credito-presupuestario-la-jccm-deniega-por-3o-ano-a-caudete-el-programa-de-empleo-recual\/","og_locale":"es_ES","og_type":"article","og_title":"Por \"falta cr\u00e9dito presupuestario\" la JCCM deniega por 3\u00ba a\u00f1o a Caudete el programa de empleo RECUAL - MI Ayuntamiento de Caudete","og_description":"P\u00e1gina Oficial del Ayuntamiento de Caudete (Albacete)","og_url":"https:\/\/www.caudete.org\/ayuntamiento\/por-falta-credito-presupuestario-la-jccm-deniega-por-3o-ano-a-caudete-el-programa-de-empleo-recual\/","og_site_name":"MI Ayuntamiento de Caudete","article_publisher":"https:\/\/www.facebook.com\/ayuntamientocaudete\/","article_published_time":"2022-11-05T09:11:31+00:00","og_image":[{"width":2560,"height":1920,"url":"https:\/\/www.caudete.org\/ayuntamiento\/wp-content\/uploads\/2022\/08\/IMG_20220818_185408-scaled.jpg","type":"image\/jpeg"}],"author":"alcalde","twitter_card":"summary_large_image","twitter_misc":{"Escrito por":"alcalde","Tiempo de lectura":"3 minutos"},"schema":{"@context":"https:\/\/schema.org","@graph":[{"@type":"Article","@id":"https:\/\/www.caudete.org\/ayuntamiento\/por-falta-credito-presupuestario-la-jccm-deniega-por-3o-ano-a-caudete-el-programa-de-empleo-recual\/#article","isPartOf":{"@id":"https:\/\/www.caudete.org\/ayuntamiento\/por-falta-credito-presupuestario-la-jccm-deniega-por-3o-ano-a-caudete-el-programa-de-empleo-recual\/"},"author":{"name":"alcalde","@id":"https:\/\/www.caudete.org\/ayuntamiento\/#\/schema\/person\/cc646da9133078ee4d8dd47457947253"},"headline":"Por &#8220;falta cr\u00e9dito presupuestario&#8221; la JCCM deniega por 3\u00ba a\u00f1o a Caudete el programa de empleo RECUAL","datePublished":"2022-11-05T09:11:31+00:00","mainEntityOfPage":{"@id":"https:\/\/www.caudete.org\/ayuntamiento\/por-falta-credito-presupuestario-la-jccm-deniega-por-3o-ano-a-caudete-el-programa-de-empleo-recual\/"},"wordCount":557,"publisher":{"@id":"https:\/\/www.caudete.org\/ayuntamiento\/#organization"},"image":{"@id":"https:\/\/www.caudete.org\/ayuntamiento\/por-falta-credito-presupuestario-la-jccm-deniega-por-3o-ano-a-caudete-el-programa-de-empleo-recual\/#primaryimage"},"thumbnailUrl":"https:\/\/www.caudete.org\/ayuntamiento\/wp-content\/uploads\/2022\/08\/IMG_20220818_185408-scaled.jpg","articleSection":["Empleo y Formaci\u00f3n"],"inLanguage":"es"},{"@type":"WebPage","@id":"https:\/\/www.caudete.org\/ayuntamiento\/por-falta-credito-presupuestario-la-jccm-deniega-por-3o-ano-a-caudete-el-programa-de-empleo-recual\/","url":"https:\/\/www.caudete.org\/ayuntamiento\/por-falta-credito-presupuestario-la-jccm-deniega-por-3o-ano-a-caudete-el-programa-de-empleo-recual\/","name":"Por \"falta cr\u00e9dito presupuestario\" la JCCM deniega por 3\u00ba a\u00f1o a Caudete el programa de empleo RECUAL - MI Ayuntamiento de Caudete","isPartOf":{"@id":"https:\/\/www.caudete.org\/ayuntamiento\/#website"},"primaryImageOfPage":{"@id":"https:\/\/www.caudete.org\/ayuntamiento\/por-falta-credito-presupuestario-la-jccm-deniega-por-3o-ano-a-caudete-el-programa-de-empleo-recual\/#primaryimage"},"image":{"@id":"https:\/\/www.caudete.org\/ayuntamiento\/por-falta-credito-presupuestario-la-jccm-deniega-por-3o-ano-a-caudete-el-programa-de-empleo-recual\/#primaryimage"},"thumbnailUrl":"https:\/\/www.caudete.org\/ayuntamiento\/wp-content\/uploads\/2022\/08\/IMG_20220818_185408-scaled.jpg","datePublished":"2022-11-05T09:11:31+00:00","description":"P\u00e1gina Oficial del Ayuntamiento de Caudete (Albacete)","breadcrumb":{"@id":"https:\/\/www.caudete.org\/ayuntamiento\/por-falta-credito-presupuestario-la-jccm-deniega-por-3o-ano-a-caudete-el-programa-de-empleo-recual\/#breadcrumb"},"inLanguage":"es","potentialAction":[{"@type":"ReadAction","target":["https:\/\/www.caudete.org\/ayuntamiento\/por-falta-credito-presupuestario-la-jccm-deniega-por-3o-ano-a-caudete-el-programa-de-empleo-recual\/"]}]},{"@type":"ImageObject","inLanguage":"es","@id":"https:\/\/www.caudete.org\/ayuntamiento\/por-falta-credito-presupuestario-la-jccm-deniega-por-3o-ano-a-caudete-el-programa-de-empleo-recual\/#primaryimage","url":"https:\/\/www.caudete.org\/ayuntamiento\/wp-content\/uploads\/2022\/08\/IMG_20220818_185408-scaled.jpg","contentUrl":"https:\/\/www.caudete.org\/ayuntamiento\/wp-content\/uploads\/2022\/08\/IMG_20220818_185408-scaled.jpg","width":2560,"height":1920},{"@type":"BreadcrumbList","@id":"https:\/\/www.caudete.org\/ayuntamiento\/por-falta-credito-presupuestario-la-jccm-deniega-por-3o-ano-a-caudete-el-programa-de-empleo-recual\/#breadcrumb","itemListElement":[{"@type":"ListItem","position":1,"name":"Inicio","item":"https:\/\/www.caudete.org\/ayuntamiento\/"},{"@type":"ListItem","position":2,"name":"Por &#8220;falta cr\u00e9dito presupuestario&#8221; la JCCM deniega por 3\u00ba a\u00f1o a Caudete el programa de empleo RECUAL"}]},{"@type":"WebSite","@id":"https:\/\/www.caudete.org\/ayuntamiento\/#website","url":"https:\/\/www.caudete.org\/ayuntamiento\/","name":"MI Ayuntamiento de Caudete","description":"P\u00e1gina Oficial del MI Ayuntamiento de Caudete","publisher":{"@id":"https:\/\/www.caudete.org\/ayuntamiento\/#organization"},"potentialAction":[{"@type":"SearchAction","target":{"@type":"EntryPoint","urlTemplate":"https:\/\/www.caudete.org\/ayuntamiento\/?s={search_term_string}"},"query-input":{"@type":"PropertyValueSpecification","valueRequired":true,"valueName":"search_term_string"}}],"inLanguage":"es"},{"@type":"Organization","@id":"https:\/\/www.caudete.org\/ayuntamiento\/#organization","name":"Ayuntamiento de Caudete","url":"https:\/\/www.caudete.org\/ayuntamiento\/","logo":{"@type":"ImageObject","inLanguage":"es","@id":"https:\/\/www.caudete.org\/ayuntamiento\/#\/schema\/logo\/image\/","url":"https:\/\/www.caudete.org\/ayuntamiento\/wp-content\/uploads\/2020\/11\/logo_ayuntamiento_caudete.jpg","contentUrl":"https:\/\/www.caudete.org\/ayuntamiento\/wp-content\/uploads\/2020\/11\/logo_ayuntamiento_caudete.jpg","width":600,"height":150,"caption":"Ayuntamiento de Caudete"},"image":{"@id":"https:\/\/www.caudete.org\/ayuntamiento\/#\/schema\/logo\/image\/"},"sameAs":["https:\/\/www.facebook.com\/ayuntamientocaudete\/","https:\/\/www.youtube.com\/channel\/UC6VztHaooNsGpw-tNoBEFnQ"]},{"@type":"Person","@id":"https:\/\/www.caudete.org\/ayuntamiento\/#\/schema\/person\/cc646da9133078ee4d8dd47457947253","name":"alcalde","image":{"@type":"ImageObject","inLanguage":"es","@id":"https:\/\/secure.gravatar.com\/avatar\/84a817ba065b29ff08d666b215a215f5c79186a645ccb25b14a663d48a130f77?s=96&d=mm&r=g","url":"https:\/\/secure.gravatar.com\/avatar\/84a817ba065b29ff08d666b215a215f5c79186a645ccb25b14a663d48a130f77?s=96&d=mm&r=g","contentUrl":"https:\/\/secure.gravatar.com\/avatar\/84a817ba065b29ff08d666b215a215f5c79186a645ccb25b14a663d48a130f77?s=96&d=mm&r=g","caption":"alcalde"},"url":"https:\/\/www.caudete.org\/ayuntamiento\/author\/alcalde\/"}]}},"_links":{"self":[{"href":"https:\/\/www.caudete.org\/ayuntamiento\/wp-json\/wp\/v2\/posts\/20513","targetHints":{"allow":["GET"]}}],"collection":[{"href":"https:\/\/www.caudete.org\/ayuntamiento\/wp-json\/wp\/v2\/posts"}],"about":[{"href":"https:\/\/www.caudete.org\/ayuntamiento\/wp-json\/wp\/v2\/types\/post"}],"author":[{"embeddable":true,"href":"https:\/\/www.caudete.org\/ayuntamiento\/wp-json\/wp\/v2\/users\/3"}],"replies":[{"embeddable":true,"href":"https:\/\/www.caudete.org\/ayuntamiento\/wp-json\/wp\/v2\/comments?post=20513"}],"version-history":[{"count":1,"href":"https:\/\/www.caudete.org\/ayuntamiento\/wp-json\/wp\/v2\/posts\/20513\/revisions"}],"predecessor-version":[{"id":20514,"href":"https:\/\/www.caudete.org\/ayuntamiento\/wp-json\/wp\/v2\/posts\/20513\/revisions\/20514"}],"wp:featuredmedia":[{"embeddable":true,"href":"https:\/\/www.caudete.org\/ayuntamiento\/wp-json\/wp\/v2\/media\/19898"}],"wp:attachment":[{"href":"https:\/\/www.caudete.org\/ayuntamiento\/wp-json\/wp\/v2\/media?parent=20513"}],"wp:term":[{"taxonomy":"category","embeddable":true,"href":"https:\/\/www.caudete.org\/ayuntamiento\/wp-json\/wp\/v2\/categories?post=20513"},{"taxonomy":"post_tag","embeddable":true,"href":"https:\/\/www.caudete.org\/ayuntamiento\/wp-json\/wp\/v2\/tags?post=20513"}],"curies":[{"name":"wp","href":"https:\/\/api.w.org\/{rel}","templated":true}]}}