{"id":20518,"date":"2022-11-09T10:11:53","date_gmt":"2022-11-09T09:11:53","guid":{"rendered":"https:\/\/www.caudete.org\/ayuntamiento\/?p=20518"},"modified":"2022-11-09T10:12:06","modified_gmt":"2022-11-09T09:12:06","slug":"mejoramos-el-mundo-taller-gratuito-para-ninos-el-proximo-dia-15","status":"publish","type":"post","link":"https:\/\/www.caudete.org\/ayuntamiento\/mejoramos-el-mundo-taller-gratuito-para-ninos-el-proximo-dia-15\/","title":{"rendered":"JUNTOS MEJORAMOS EL MUNDO, taller gratuito para ni\u00f1os el pr\u00f3ximo d\u00eda 15"},"content":{"rendered":"<p style=\"text-align: justify;\">\n<p style=\"text-align: justify;\">Desde la Concejal\u00eda de Comercio y a trav\u00e9s de su Oficina de Consumo, dentro de las actividades programadas con motivo de la subvenci\u00f3n recibida por parte de la Direcci\u00f3n General de Agenda 2030 y Consumo, el Concejal Diego Cuenca ha informado de la realizaci\u00f3n de un <em><strong>T<\/strong><strong>aller de Consumo Responsable, Reciclaje y Medio Ambiente<\/strong><\/em> dirigido a ni\u00f1os de 8 a 12 a\u00f1os, con inscripci\u00f3n gratuita, el pr\u00f3ximo d\u00eda 15 de noviembre a las 18:30 horas.<\/p>\n<p style=\"text-align: justify;\">Este taller tiene como finalidad educar y concienciar sobre los problemas medio ambientales y de consumo que hoy en d\u00eda estamos viviendo, y la mejor manera es desde los m\u00e1s peque\u00f1os de la casa que son el futuro de la sociedad.<\/p>\n<p style=\"text-align: justify;\">Se har\u00e1n juegos, dibujos y actividades divertidas donde adem\u00e1s de pasarlo bien podr\u00e1n aprender desde otro punto de vista los cambios necesarios para mejorar nuestros h\u00e1bitos de vida.<\/p>\n<p style=\"text-align: justify;\"><strong>A todos los participantes se les obsequiar\u00e1 con un L\u00e1piz Semilla<\/strong>.<\/p>\n<p style=\"text-align: justify;\">Estos l\u00e1pices son 100 % respetuosos con el medio ambiente y no contienen plomo. No son t\u00f3xicos, son biodegradables y se han fabricado con materiales obtenidos de forma sostenible mediante el uso de t\u00e9cnicas de producci\u00f3n sostenibles.<\/p>\n<p style=\"text-align: justify;\">Todos los l\u00e1pices est\u00e1n fabricados en madera talada de manera sostenible. Eso quiere decir que cada vez que se corta un \u00e1rbol, se planta otro. Son respetuosos con el medio ambiente, biodegradables y de alta calidad, con c\u00e1psulas de semillas de hierbas, flores o verduras.<\/p>\n<p><a href=\"https:\/\/www.caudete.org\/ayuntamiento\/wp-content\/uploads\/2022\/11\/WhatsApp-Image-2022-11-08-at-15.23.05.jpeg\" rel='prettyPhoto'><img fetchpriority=\"high\" decoding=\"async\" class=\"aligncenter wp-image-20519 size-medium\" src=\"https:\/\/www.caudete.org\/ayuntamiento\/wp-content\/uploads\/2022\/11\/WhatsApp-Image-2022-11-08-at-15.23.05-212x300.jpeg\" alt=\"\" width=\"212\" height=\"300\" srcset=\"https:\/\/www.caudete.org\/ayuntamiento\/wp-content\/uploads\/2022\/11\/WhatsApp-Image-2022-11-08-at-15.23.05-212x300.jpeg 212w, https:\/\/www.caudete.org\/ayuntamiento\/wp-content\/uploads\/2022\/11\/WhatsApp-Image-2022-11-08-at-15.23.05-724x1024.jpeg 724w, https:\/\/www.caudete.org\/ayuntamiento\/wp-content\/uploads\/2022\/11\/WhatsApp-Image-2022-11-08-at-15.23.05-768x1086.jpeg 768w, https:\/\/www.caudete.org\/ayuntamiento\/wp-content\/uploads\/2022\/11\/WhatsApp-Image-2022-11-08-at-15.23.05-1086x1536.jpeg 1086w, https:\/\/www.caudete.org\/ayuntamiento\/wp-content\/uploads\/2022\/11\/WhatsApp-Image-2022-11-08-at-15.23.05.jpeg 1131w\" sizes=\"(max-width: 212px) 100vw, 212px\" \/><\/a><\/p>\n","protected":false},"excerpt":{"rendered":"<p>Desde la Concejal\u00eda de Comercio y a trav\u00e9s de su Oficina de Consumo, dentro de las actividades programadas con motivo de la subvenci\u00f3n recibida por parte de la Direcci\u00f3n General de Agenda 2030 y Consumo, el Concejal Diego Cuenca ha informado de la realizaci\u00f3n de un Taller de Consumo Responsable, Reciclaje y Medio Ambiente dirigido &hellip;<\/p>\n","protected":false},"author":3,"featured_media":20520,"comment_status":"closed","ping_status":"open","sticky":false,"template":"","format":"standard","meta":{"ngg_post_thumbnail":0,"footnotes":""},"categories":[42],"tags":[],"class_list":["post-20518","post","type-post","status-publish","format-standard","has-post-thumbnail","hentry","category-comercio"],"yoast_head":"<!-- This site is optimized with the Yoast SEO plugin v27.5 - https:\/\/yoast.com\/product\/yoast-seo-wordpress\/ -->\n<title>JUNTOS MEJORAMOS EL MUNDO, taller gratuito para ni\u00f1os el pr\u00f3ximo d\u00eda 15 - MI Ayuntamiento de Caudete<\/title>\n<meta name=\"description\" content=\"P\u00e1gina Oficial del Ayuntamiento de Caudete (Albacete)\" \/>\n<meta name=\"robots\" content=\"index, follow, max-snippet:-1, max-image-preview:large, max-video-preview:-1\" \/>\n<link rel=\"canonical\" href=\"https:\/\/www.caudete.org\/ayuntamiento\/mejoramos-el-mundo-taller-gratuito-para-ninos-el-proximo-dia-15\/\" \/>\n<meta property=\"og:locale\" content=\"es_ES\" \/>\n<meta property=\"og:type\" content=\"article\" \/>\n<meta property=\"og:title\" content=\"JUNTOS MEJORAMOS EL MUNDO, taller gratuito para ni\u00f1os el pr\u00f3ximo d\u00eda 15 - MI Ayuntamiento de Caudete\" \/>\n<meta property=\"og:description\" content=\"P\u00e1gina Oficial del Ayuntamiento de Caudete (Albacete)\" \/>\n<meta property=\"og:url\" content=\"https:\/\/www.caudete.org\/ayuntamiento\/mejoramos-el-mundo-taller-gratuito-para-ninos-el-proximo-dia-15\/\" \/>\n<meta property=\"og:site_name\" content=\"MI Ayuntamiento de Caudete\" \/>\n<meta property=\"article:publisher\" content=\"https:\/\/www.facebook.com\/ayuntamientocaudete\/\" \/>\n<meta property=\"article:published_time\" content=\"2022-11-09T09:11:53+00:00\" \/>\n<meta property=\"article:modified_time\" content=\"2022-11-09T09:12:06+00:00\" \/>\n<meta property=\"og:image\" content=\"https:\/\/www.caudete.org\/ayuntamiento\/wp-content\/uploads\/2022\/11\/Captura-de-pantalla-2022-11-09-100757.jpg\" \/>\n\t<meta property=\"og:image:width\" content=\"1019\" \/>\n\t<meta property=\"og:image:height\" content=\"731\" \/>\n\t<meta property=\"og:image:type\" content=\"image\/jpeg\" \/>\n<meta name=\"author\" content=\"alcalde\" \/>\n<meta name=\"twitter:card\" content=\"summary_large_image\" \/>\n<meta name=\"twitter:label1\" content=\"Escrito por\" \/>\n\t<meta name=\"twitter:data1\" content=\"alcalde\" \/>\n\t<meta name=\"twitter:label2\" content=\"Tiempo de lectura\" \/>\n\t<meta name=\"twitter:data2\" content=\"2 minutos\" \/>\n<script type=\"application\/ld+json\" class=\"yoast-schema-graph\">{\"@context\":\"https:\\\/\\\/schema.org\",\"@graph\":[{\"@type\":\"Article\",\"@id\":\"https:\\\/\\\/www.caudete.org\\\/ayuntamiento\\\/mejoramos-el-mundo-taller-gratuito-para-ninos-el-proximo-dia-15\\\/#article\",\"isPartOf\":{\"@id\":\"https:\\\/\\\/www.caudete.org\\\/ayuntamiento\\\/mejoramos-el-mundo-taller-gratuito-para-ninos-el-proximo-dia-15\\\/\"},\"author\":{\"name\":\"alcalde\",\"@id\":\"https:\\\/\\\/www.caudete.org\\\/ayuntamiento\\\/#\\\/schema\\\/person\\\/cc646da9133078ee4d8dd47457947253\"},\"headline\":\"JUNTOS MEJORAMOS EL MUNDO, taller gratuito para ni\u00f1os el pr\u00f3ximo d\u00eda 15\",\"datePublished\":\"2022-11-09T09:11:53+00:00\",\"dateModified\":\"2022-11-09T09:12:06+00:00\",\"mainEntityOfPage\":{\"@id\":\"https:\\\/\\\/www.caudete.org\\\/ayuntamiento\\\/mejoramos-el-mundo-taller-gratuito-para-ninos-el-proximo-dia-15\\\/\"},\"wordCount\":270,\"image\":{\"@id\":\"https:\\\/\\\/www.caudete.org\\\/ayuntamiento\\\/mejoramos-el-mundo-taller-gratuito-para-ninos-el-proximo-dia-15\\\/#primaryimage\"},\"thumbnailUrl\":\"https:\\\/\\\/www.caudete.org\\\/ayuntamiento\\\/wp-content\\\/uploads\\\/2022\\\/11\\\/Captura-de-pantalla-2022-11-09-100757.jpg\",\"articleSection\":[\"Comercio\"],\"inLanguage\":\"es\"},{\"@type\":\"WebPage\",\"@id\":\"https:\\\/\\\/www.caudete.org\\\/ayuntamiento\\\/mejoramos-el-mundo-taller-gratuito-para-ninos-el-proximo-dia-15\\\/\",\"url\":\"https:\\\/\\\/www.caudete.org\\\/ayuntamiento\\\/mejoramos-el-mundo-taller-gratuito-para-ninos-el-proximo-dia-15\\\/\",\"name\":\"JUNTOS MEJORAMOS EL MUNDO, taller gratuito para ni\u00f1os el pr\u00f3ximo d\u00eda 15 - MI Ayuntamiento de Caudete\",\"isPartOf\":{\"@id\":\"https:\\\/\\\/www.caudete.org\\\/ayuntamiento\\\/#website\"},\"primaryImageOfPage\":{\"@id\":\"https:\\\/\\\/www.caudete.org\\\/ayuntamiento\\\/mejoramos-el-mundo-taller-gratuito-para-ninos-el-proximo-dia-15\\\/#primaryimage\"},\"image\":{\"@id\":\"https:\\\/\\\/www.caudete.org\\\/ayuntamiento\\\/mejoramos-el-mundo-taller-gratuito-para-ninos-el-proximo-dia-15\\\/#primaryimage\"},\"thumbnailUrl\":\"https:\\\/\\\/www.caudete.org\\\/ayuntamiento\\\/wp-content\\\/uploads\\\/2022\\\/11\\\/Captura-de-pantalla-2022-11-09-100757.jpg\",\"datePublished\":\"2022-11-09T09:11:53+00:00\",\"dateModified\":\"2022-11-09T09:12:06+00:00\",\"author\":{\"@id\":\"https:\\\/\\\/www.caudete.org\\\/ayuntamiento\\\/#\\\/schema\\\/person\\\/cc646da9133078ee4d8dd47457947253\"},\"description\":\"P\u00e1gina Oficial del Ayuntamiento de Caudete (Albacete)\",\"breadcrumb\":{\"@id\":\"https:\\\/\\\/www.caudete.org\\\/ayuntamiento\\\/mejoramos-el-mundo-taller-gratuito-para-ninos-el-proximo-dia-15\\\/#breadcrumb\"},\"inLanguage\":\"es\",\"potentialAction\":[{\"@type\":\"ReadAction\",\"target\":[\"https:\\\/\\\/www.caudete.org\\\/ayuntamiento\\\/mejoramos-el-mundo-taller-gratuito-para-ninos-el-proximo-dia-15\\\/\"]}]},{\"@type\":\"ImageObject\",\"inLanguage\":\"es\",\"@id\":\"https:\\\/\\\/www.caudete.org\\\/ayuntamiento\\\/mejoramos-el-mundo-taller-gratuito-para-ninos-el-proximo-dia-15\\\/#primaryimage\",\"url\":\"https:\\\/\\\/www.caudete.org\\\/ayuntamiento\\\/wp-content\\\/uploads\\\/2022\\\/11\\\/Captura-de-pantalla-2022-11-09-100757.jpg\",\"contentUrl\":\"https:\\\/\\\/www.caudete.org\\\/ayuntamiento\\\/wp-content\\\/uploads\\\/2022\\\/11\\\/Captura-de-pantalla-2022-11-09-100757.jpg\",\"width\":1019,\"height\":731},{\"@type\":\"BreadcrumbList\",\"@id\":\"https:\\\/\\\/www.caudete.org\\\/ayuntamiento\\\/mejoramos-el-mundo-taller-gratuito-para-ninos-el-proximo-dia-15\\\/#breadcrumb\",\"itemListElement\":[{\"@type\":\"ListItem\",\"position\":1,\"name\":\"Inicio\",\"item\":\"https:\\\/\\\/www.caudete.org\\\/ayuntamiento\\\/\"},{\"@type\":\"ListItem\",\"position\":2,\"name\":\"JUNTOS MEJORAMOS EL MUNDO, taller gratuito para ni\u00f1os el pr\u00f3ximo d\u00eda 15\"}]},{\"@type\":\"WebSite\",\"@id\":\"https:\\\/\\\/www.caudete.org\\\/ayuntamiento\\\/#website\",\"url\":\"https:\\\/\\\/www.caudete.org\\\/ayuntamiento\\\/\",\"name\":\"MI Ayuntamiento de Caudete\",\"description\":\"P\u00e1gina Oficial del MI Ayuntamiento de Caudete\",\"potentialAction\":[{\"@type\":\"SearchAction\",\"target\":{\"@type\":\"EntryPoint\",\"urlTemplate\":\"https:\\\/\\\/www.caudete.org\\\/ayuntamiento\\\/?s={search_term_string}\"},\"query-input\":{\"@type\":\"PropertyValueSpecification\",\"valueRequired\":true,\"valueName\":\"search_term_string\"}}],\"inLanguage\":\"es\"},{\"@type\":\"Person\",\"@id\":\"https:\\\/\\\/www.caudete.org\\\/ayuntamiento\\\/#\\\/schema\\\/person\\\/cc646da9133078ee4d8dd47457947253\",\"name\":\"alcalde\",\"image\":{\"@type\":\"ImageObject\",\"inLanguage\":\"es\",\"@id\":\"https:\\\/\\\/secure.gravatar.com\\\/avatar\\\/84a817ba065b29ff08d666b215a215f5c79186a645ccb25b14a663d48a130f77?s=96&d=mm&r=g\",\"url\":\"https:\\\/\\\/secure.gravatar.com\\\/avatar\\\/84a817ba065b29ff08d666b215a215f5c79186a645ccb25b14a663d48a130f77?s=96&d=mm&r=g\",\"contentUrl\":\"https:\\\/\\\/secure.gravatar.com\\\/avatar\\\/84a817ba065b29ff08d666b215a215f5c79186a645ccb25b14a663d48a130f77?s=96&d=mm&r=g\",\"caption\":\"alcalde\"},\"url\":\"https:\\\/\\\/www.caudete.org\\\/ayuntamiento\\\/author\\\/alcalde\\\/\"}]}<\/script>\n<!-- \/ Yoast SEO plugin. -->","yoast_head_json":{"title":"JUNTOS MEJORAMOS EL MUNDO, taller gratuito para ni\u00f1os el pr\u00f3ximo d\u00eda 15 - MI Ayuntamiento de Caudete","description":"P\u00e1gina Oficial del Ayuntamiento de Caudete (Albacete)","robots":{"index":"index","follow":"follow","max-snippet":"max-snippet:-1","max-image-preview":"max-image-preview:large","max-video-preview":"max-video-preview:-1"},"canonical":"https:\/\/www.caudete.org\/ayuntamiento\/mejoramos-el-mundo-taller-gratuito-para-ninos-el-proximo-dia-15\/","og_locale":"es_ES","og_type":"article","og_title":"JUNTOS MEJORAMOS EL MUNDO, taller gratuito para ni\u00f1os el pr\u00f3ximo d\u00eda 15 - MI Ayuntamiento de Caudete","og_description":"P\u00e1gina Oficial del Ayuntamiento de Caudete (Albacete)","og_url":"https:\/\/www.caudete.org\/ayuntamiento\/mejoramos-el-mundo-taller-gratuito-para-ninos-el-proximo-dia-15\/","og_site_name":"MI Ayuntamiento de Caudete","article_publisher":"https:\/\/www.facebook.com\/ayuntamientocaudete\/","article_published_time":"2022-11-09T09:11:53+00:00","article_modified_time":"2022-11-09T09:12:06+00:00","og_image":[{"width":1019,"height":731,"url":"https:\/\/www.caudete.org\/ayuntamiento\/wp-content\/uploads\/2022\/11\/Captura-de-pantalla-2022-11-09-100757.jpg","type":"image\/jpeg"}],"author":"alcalde","twitter_card":"summary_large_image","twitter_misc":{"Escrito por":"alcalde","Tiempo de lectura":"2 minutos"},"schema":{"@context":"https:\/\/schema.org","@graph":[{"@type":"Article","@id":"https:\/\/www.caudete.org\/ayuntamiento\/mejoramos-el-mundo-taller-gratuito-para-ninos-el-proximo-dia-15\/#article","isPartOf":{"@id":"https:\/\/www.caudete.org\/ayuntamiento\/mejoramos-el-mundo-taller-gratuito-para-ninos-el-proximo-dia-15\/"},"author":{"name":"alcalde","@id":"https:\/\/www.caudete.org\/ayuntamiento\/#\/schema\/person\/cc646da9133078ee4d8dd47457947253"},"headline":"JUNTOS MEJORAMOS EL MUNDO, taller gratuito para ni\u00f1os el pr\u00f3ximo d\u00eda 15","datePublished":"2022-11-09T09:11:53+00:00","dateModified":"2022-11-09T09:12:06+00:00","mainEntityOfPage":{"@id":"https:\/\/www.caudete.org\/ayuntamiento\/mejoramos-el-mundo-taller-gratuito-para-ninos-el-proximo-dia-15\/"},"wordCount":270,"image":{"@id":"https:\/\/www.caudete.org\/ayuntamiento\/mejoramos-el-mundo-taller-gratuito-para-ninos-el-proximo-dia-15\/#primaryimage"},"thumbnailUrl":"https:\/\/www.caudete.org\/ayuntamiento\/wp-content\/uploads\/2022\/11\/Captura-de-pantalla-2022-11-09-100757.jpg","articleSection":["Comercio"],"inLanguage":"es"},{"@type":"WebPage","@id":"https:\/\/www.caudete.org\/ayuntamiento\/mejoramos-el-mundo-taller-gratuito-para-ninos-el-proximo-dia-15\/","url":"https:\/\/www.caudete.org\/ayuntamiento\/mejoramos-el-mundo-taller-gratuito-para-ninos-el-proximo-dia-15\/","name":"JUNTOS MEJORAMOS EL MUNDO, taller gratuito para ni\u00f1os el pr\u00f3ximo d\u00eda 15 - MI Ayuntamiento de Caudete","isPartOf":{"@id":"https:\/\/www.caudete.org\/ayuntamiento\/#website"},"primaryImageOfPage":{"@id":"https:\/\/www.caudete.org\/ayuntamiento\/mejoramos-el-mundo-taller-gratuito-para-ninos-el-proximo-dia-15\/#primaryimage"},"image":{"@id":"https:\/\/www.caudete.org\/ayuntamiento\/mejoramos-el-mundo-taller-gratuito-para-ninos-el-proximo-dia-15\/#primaryimage"},"thumbnailUrl":"https:\/\/www.caudete.org\/ayuntamiento\/wp-content\/uploads\/2022\/11\/Captura-de-pantalla-2022-11-09-100757.jpg","datePublished":"2022-11-09T09:11:53+00:00","dateModified":"2022-11-09T09:12:06+00:00","author":{"@id":"https:\/\/www.caudete.org\/ayuntamiento\/#\/schema\/person\/cc646da9133078ee4d8dd47457947253"},"description":"P\u00e1gina Oficial del Ayuntamiento de Caudete (Albacete)","breadcrumb":{"@id":"https:\/\/www.caudete.org\/ayuntamiento\/mejoramos-el-mundo-taller-gratuito-para-ninos-el-proximo-dia-15\/#breadcrumb"},"inLanguage":"es","potentialAction":[{"@type":"ReadAction","target":["https:\/\/www.caudete.org\/ayuntamiento\/mejoramos-el-mundo-taller-gratuito-para-ninos-el-proximo-dia-15\/"]}]},{"@type":"ImageObject","inLanguage":"es","@id":"https:\/\/www.caudete.org\/ayuntamiento\/mejoramos-el-mundo-taller-gratuito-para-ninos-el-proximo-dia-15\/#primaryimage","url":"https:\/\/www.caudete.org\/ayuntamiento\/wp-content\/uploads\/2022\/11\/Captura-de-pantalla-2022-11-09-100757.jpg","contentUrl":"https:\/\/www.caudete.org\/ayuntamiento\/wp-content\/uploads\/2022\/11\/Captura-de-pantalla-2022-11-09-100757.jpg","width":1019,"height":731},{"@type":"BreadcrumbList","@id":"https:\/\/www.caudete.org\/ayuntamiento\/mejoramos-el-mundo-taller-gratuito-para-ninos-el-proximo-dia-15\/#breadcrumb","itemListElement":[{"@type":"ListItem","position":1,"name":"Inicio","item":"https:\/\/www.caudete.org\/ayuntamiento\/"},{"@type":"ListItem","position":2,"name":"JUNTOS MEJORAMOS EL MUNDO, taller gratuito para ni\u00f1os el pr\u00f3ximo d\u00eda 15"}]},{"@type":"WebSite","@id":"https:\/\/www.caudete.org\/ayuntamiento\/#website","url":"https:\/\/www.caudete.org\/ayuntamiento\/","name":"MI Ayuntamiento de Caudete","description":"P\u00e1gina Oficial del MI Ayuntamiento de Caudete","potentialAction":[{"@type":"SearchAction","target":{"@type":"EntryPoint","urlTemplate":"https:\/\/www.caudete.org\/ayuntamiento\/?s={search_term_string}"},"query-input":{"@type":"PropertyValueSpecification","valueRequired":true,"valueName":"search_term_string"}}],"inLanguage":"es"},{"@type":"Person","@id":"https:\/\/www.caudete.org\/ayuntamiento\/#\/schema\/person\/cc646da9133078ee4d8dd47457947253","name":"alcalde","image":{"@type":"ImageObject","inLanguage":"es","@id":"https:\/\/secure.gravatar.com\/avatar\/84a817ba065b29ff08d666b215a215f5c79186a645ccb25b14a663d48a130f77?s=96&d=mm&r=g","url":"https:\/\/secure.gravatar.com\/avatar\/84a817ba065b29ff08d666b215a215f5c79186a645ccb25b14a663d48a130f77?s=96&d=mm&r=g","contentUrl":"https:\/\/secure.gravatar.com\/avatar\/84a817ba065b29ff08d666b215a215f5c79186a645ccb25b14a663d48a130f77?s=96&d=mm&r=g","caption":"alcalde"},"url":"https:\/\/www.caudete.org\/ayuntamiento\/author\/alcalde\/"}]}},"_links":{"self":[{"href":"https:\/\/www.caudete.org\/ayuntamiento\/wp-json\/wp\/v2\/posts\/20518","targetHints":{"allow":["GET"]}}],"collection":[{"href":"https:\/\/www.caudete.org\/ayuntamiento\/wp-json\/wp\/v2\/posts"}],"about":[{"href":"https:\/\/www.caudete.org\/ayuntamiento\/wp-json\/wp\/v2\/types\/post"}],"author":[{"embeddable":true,"href":"https:\/\/www.caudete.org\/ayuntamiento\/wp-json\/wp\/v2\/users\/3"}],"replies":[{"embeddable":true,"href":"https:\/\/www.caudete.org\/ayuntamiento\/wp-json\/wp\/v2\/comments?post=20518"}],"version-history":[{"count":3,"href":"https:\/\/www.caudete.org\/ayuntamiento\/wp-json\/wp\/v2\/posts\/20518\/revisions"}],"predecessor-version":[{"id":20523,"href":"https:\/\/www.caudete.org\/ayuntamiento\/wp-json\/wp\/v2\/posts\/20518\/revisions\/20523"}],"wp:featuredmedia":[{"embeddable":true,"href":"https:\/\/www.caudete.org\/ayuntamiento\/wp-json\/wp\/v2\/media\/20520"}],"wp:attachment":[{"href":"https:\/\/www.caudete.org\/ayuntamiento\/wp-json\/wp\/v2\/media?parent=20518"}],"wp:term":[{"taxonomy":"category","embeddable":true,"href":"https:\/\/www.caudete.org\/ayuntamiento\/wp-json\/wp\/v2\/categories?post=20518"},{"taxonomy":"post_tag","embeddable":true,"href":"https:\/\/www.caudete.org\/ayuntamiento\/wp-json\/wp\/v2\/tags?post=20518"}],"curies":[{"name":"wp","href":"https:\/\/api.w.org\/{rel}","templated":true}]}}