{"id":20532,"date":"2022-11-11T09:00:48","date_gmt":"2022-11-11T08:00:48","guid":{"rendered":"https:\/\/www.caudete.org\/ayuntamiento\/?p=20532"},"modified":"2022-11-11T00:18:55","modified_gmt":"2022-11-10T23:18:55","slug":"gobierno-municipal-tecnicos-grupo-de-accion-local-y-ex-concejales-de-juventud-visitan-las-obras-del-nuevo-espacio-joven","status":"publish","type":"post","link":"https:\/\/www.caudete.org\/ayuntamiento\/gobierno-municipal-tecnicos-grupo-de-accion-local-y-ex-concejales-de-juventud-visitan-las-obras-del-nuevo-espacio-joven\/","title":{"rendered":"Gobierno Municipal, T\u00e9cnicos, Grupo de Acci\u00f3n Local y ex-Concejales de Juventud visitan las obras del nuevo Espacio JOVEN"},"content":{"rendered":"<p><a href=\"https:\/\/www.caudete.org\/ayuntamiento\/wp-content\/uploads\/2022\/11\/centro-joven-desarrollo-3-caudete-digital.jpg\" rel='prettyPhoto'><img fetchpriority=\"high\" decoding=\"async\" class=\"aligncenter wp-image-20534 size-medium\" src=\"https:\/\/www.caudete.org\/ayuntamiento\/wp-content\/uploads\/2022\/11\/centro-joven-desarrollo-3-caudete-digital-300x179.jpg\" alt=\"\" width=\"300\" height=\"179\" srcset=\"https:\/\/www.caudete.org\/ayuntamiento\/wp-content\/uploads\/2022\/11\/centro-joven-desarrollo-3-caudete-digital-300x179.jpg 300w, https:\/\/www.caudete.org\/ayuntamiento\/wp-content\/uploads\/2022\/11\/centro-joven-desarrollo-3-caudete-digital-768x458.jpg 768w, https:\/\/www.caudete.org\/ayuntamiento\/wp-content\/uploads\/2022\/11\/centro-joven-desarrollo-3-caudete-digital.jpg 1024w\" sizes=\"(max-width: 300px) 100vw, 300px\" \/><\/a><\/p>\n<p style=\"text-align: justify;\">Las obras del nuevo espacio joven han sido visitadas esta tarde por el Gobierno Municipal, T\u00e9cnicos del Ayuntamiento, Presidente y Gerente del Grupo de Acci\u00f3n Local Monteiberico Corredor de Almansa, y quienes fueron Concejales de Juventud desde 2015.<\/p>\n<p style=\"text-align: justify;\">Durante la visita se ha aprovechado para presentar lo que ser\u00e1n las nuevas instalaciones tanto del Centro Joven, as\u00ed como del Departamento de Desarrollo Local.<\/p>\n<p><a href=\"https:\/\/www.caudete.org\/ayuntamiento\/wp-content\/uploads\/2022\/11\/centro-joven-desarrollo-2-caudete-digital.jpg\" rel='prettyPhoto'><img decoding=\"async\" class=\"aligncenter wp-image-20535 size-medium\" src=\"https:\/\/www.caudete.org\/ayuntamiento\/wp-content\/uploads\/2022\/11\/centro-joven-desarrollo-2-caudete-digital-300x200.jpg\" alt=\"\" width=\"300\" height=\"200\" srcset=\"https:\/\/www.caudete.org\/ayuntamiento\/wp-content\/uploads\/2022\/11\/centro-joven-desarrollo-2-caudete-digital-300x200.jpg 300w, https:\/\/www.caudete.org\/ayuntamiento\/wp-content\/uploads\/2022\/11\/centro-joven-desarrollo-2-caudete-digital-768x512.jpg 768w, https:\/\/www.caudete.org\/ayuntamiento\/wp-content\/uploads\/2022\/11\/centro-joven-desarrollo-2-caudete-digital.jpg 1024w\" sizes=\"(max-width: 300px) 100vw, 300px\" \/><\/a><\/p>\n<p style=\"text-align: justify;\">Las instalaciones, dotadas de amplias cristaleras y luz natural, disponen de oficina, sala polivalente, zona de juegos, taller de actividades, patio, ba\u00f1o, etc.<\/p>\n<p style=\"text-align: justify;\">El coste econ\u00f3mico total ha sido de poco m\u00e1s de 300.000 euros, de los cuales 72.000 euros han sido subvencionados por los fondos europeos LEADER que gestiona el Grupo de Acci\u00f3n Local.<\/p>\n<p><a href=\"https:\/\/www.caudete.org\/ayuntamiento\/wp-content\/uploads\/2022\/11\/centro-joven-desarrollo-7-caudete-digital.jpg\" rel='prettyPhoto'><img decoding=\"async\" class=\"aligncenter wp-image-20536 size-medium\" src=\"https:\/\/www.caudete.org\/ayuntamiento\/wp-content\/uploads\/2022\/11\/centro-joven-desarrollo-7-caudete-digital-300x178.jpg\" alt=\"\" width=\"300\" height=\"178\" srcset=\"https:\/\/www.caudete.org\/ayuntamiento\/wp-content\/uploads\/2022\/11\/centro-joven-desarrollo-7-caudete-digital-300x178.jpg 300w, https:\/\/www.caudete.org\/ayuntamiento\/wp-content\/uploads\/2022\/11\/centro-joven-desarrollo-7-caudete-digital-768x457.jpg 768w, https:\/\/www.caudete.org\/ayuntamiento\/wp-content\/uploads\/2022\/11\/centro-joven-desarrollo-7-caudete-digital.jpg 1024w\" sizes=\"(max-width: 300px) 100vw, 300px\" \/><\/a><\/p>\n<p style=\"text-align: justify;\">Se prev\u00e9n, seg\u00fan el Alcalde, que las obras est\u00e9n finalizadas antes de terminar el a\u00f1o.<\/p>\n<p style=\"text-align: justify;\">El alcalde ha destacado que el lugar elegido para estas nuevas instalaciones es id\u00f3neo: c\u00e9ntrico, cerca del Paseo Luis Golf, con aparcamientos, cerca de cafeter\u00edas, restaurantes,\u2026 Pero ha subrayado que a\u00fan es m\u00e1s importante el hecho de que sea un \u00abespacio recuperado, un lugar donde muchos caudetanos han vivido acontecimientos diversos: comuniones, bodas, actos festeros, pujas\u2026 En este espacio, en el \u00faltimo siglo, los caudetanos han vivido parte de su vida social y cultural, y ahora lo recuperamos para seguir disfrut\u00e1ndolo\u00bb, ha dicho el primer edil.<\/p>\n<p><a href=\"https:\/\/www.caudete.org\/ayuntamiento\/wp-content\/uploads\/2022\/11\/centro-joven-desarrollo-5-caudete-digital.jpg\" rel='prettyPhoto'><img loading=\"lazy\" decoding=\"async\" class=\"aligncenter wp-image-20537 size-medium\" src=\"https:\/\/www.caudete.org\/ayuntamiento\/wp-content\/uploads\/2022\/11\/centro-joven-desarrollo-5-caudete-digital-300x183.jpg\" alt=\"\" width=\"300\" height=\"183\" srcset=\"https:\/\/www.caudete.org\/ayuntamiento\/wp-content\/uploads\/2022\/11\/centro-joven-desarrollo-5-caudete-digital-300x183.jpg 300w, https:\/\/www.caudete.org\/ayuntamiento\/wp-content\/uploads\/2022\/11\/centro-joven-desarrollo-5-caudete-digital-768x470.jpg 768w, https:\/\/www.caudete.org\/ayuntamiento\/wp-content\/uploads\/2022\/11\/centro-joven-desarrollo-5-caudete-digital.jpg 1024w\" sizes=\"(max-width: 300px) 100vw, 300px\" \/><\/a><\/p>\n<p style=\"text-align: justify;\">La presentaci\u00f3n ha concluido con una visita por todo el recinto, durante la cual se han explicado los usos previstos de los diferentes espacios de los que constan las instalaciones.<\/p>\n<p><a href=\"https:\/\/www.caudete.org\/ayuntamiento\/wp-content\/uploads\/2022\/11\/centro-joven-desarrollo-6-caudete-digital.jpg\" rel='prettyPhoto'><img loading=\"lazy\" decoding=\"async\" class=\"aligncenter wp-image-20538 size-medium\" src=\"https:\/\/www.caudete.org\/ayuntamiento\/wp-content\/uploads\/2022\/11\/centro-joven-desarrollo-6-caudete-digital-300x171.jpg\" alt=\"\" width=\"300\" height=\"171\" srcset=\"https:\/\/www.caudete.org\/ayuntamiento\/wp-content\/uploads\/2022\/11\/centro-joven-desarrollo-6-caudete-digital-300x171.jpg 300w, https:\/\/www.caudete.org\/ayuntamiento\/wp-content\/uploads\/2022\/11\/centro-joven-desarrollo-6-caudete-digital-768x438.jpg 768w, https:\/\/www.caudete.org\/ayuntamiento\/wp-content\/uploads\/2022\/11\/centro-joven-desarrollo-6-caudete-digital.jpg 1024w\" sizes=\"(max-width: 300px) 100vw, 300px\" \/><\/a><\/p>\n","protected":false},"excerpt":{"rendered":"<p>Las obras del nuevo espacio joven han sido visitadas esta tarde por el Gobierno Municipal, T\u00e9cnicos del Ayuntamiento, Presidente y Gerente del Grupo de Acci\u00f3n Local Monteiberico Corredor de Almansa, y quienes fueron Concejales de Juventud desde 2015. Durante la visita se ha aprovechado para presentar lo que ser\u00e1n las nuevas instalaciones tanto del Centro &hellip;<\/p>\n","protected":false},"author":3,"featured_media":20533,"comment_status":"closed","ping_status":"open","sticky":false,"template":"","format":"standard","meta":{"ngg_post_thumbnail":0,"footnotes":""},"categories":[121],"tags":[],"class_list":["post-20532","post","type-post","status-publish","format-standard","has-post-thumbnail","hentry","category-juventud-2"],"yoast_head":"<!-- This site is optimized with the Yoast SEO plugin v27.5 - https:\/\/yoast.com\/product\/yoast-seo-wordpress\/ -->\n<title>Gobierno Municipal, T\u00e9cnicos, Grupo de Acci\u00f3n Local y ex-Concejales de Juventud visitan las obras del nuevo Espacio JOVEN - MI Ayuntamiento de Caudete<\/title>\n<meta name=\"description\" content=\"P\u00e1gina Oficial del Ayuntamiento de Caudete (Albacete)\" \/>\n<meta name=\"robots\" content=\"index, follow, max-snippet:-1, max-image-preview:large, max-video-preview:-1\" \/>\n<link rel=\"canonical\" href=\"https:\/\/www.caudete.org\/ayuntamiento\/gobierno-municipal-tecnicos-grupo-de-accion-local-y-ex-concejales-de-juventud-visitan-las-obras-del-nuevo-espacio-joven\/\" \/>\n<meta property=\"og:locale\" content=\"es_ES\" \/>\n<meta property=\"og:type\" content=\"article\" \/>\n<meta property=\"og:title\" content=\"Gobierno Municipal, T\u00e9cnicos, Grupo de Acci\u00f3n Local y ex-Concejales de Juventud visitan las obras del nuevo Espacio JOVEN - MI Ayuntamiento de Caudete\" \/>\n<meta property=\"og:description\" content=\"P\u00e1gina Oficial del Ayuntamiento de Caudete (Albacete)\" \/>\n<meta property=\"og:url\" content=\"https:\/\/www.caudete.org\/ayuntamiento\/gobierno-municipal-tecnicos-grupo-de-accion-local-y-ex-concejales-de-juventud-visitan-las-obras-del-nuevo-espacio-joven\/\" \/>\n<meta property=\"og:site_name\" content=\"MI Ayuntamiento de Caudete\" \/>\n<meta property=\"article:publisher\" content=\"https:\/\/www.facebook.com\/ayuntamientocaudete\/\" \/>\n<meta property=\"article:published_time\" content=\"2022-11-11T08:00:48+00:00\" \/>\n<meta property=\"og:image\" content=\"https:\/\/www.caudete.org\/ayuntamiento\/wp-content\/uploads\/2022\/11\/centro-joven-desarrollo-1-caudete-digital.jpg\" \/>\n\t<meta property=\"og:image:width\" content=\"1200\" \/>\n\t<meta property=\"og:image:height\" content=\"659\" \/>\n\t<meta property=\"og:image:type\" content=\"image\/jpeg\" \/>\n<meta name=\"author\" content=\"alcalde\" \/>\n<meta name=\"twitter:card\" content=\"summary_large_image\" \/>\n<meta name=\"twitter:label1\" content=\"Escrito por\" \/>\n\t<meta name=\"twitter:data1\" content=\"alcalde\" \/>\n\t<meta name=\"twitter:label2\" content=\"Tiempo de lectura\" \/>\n\t<meta name=\"twitter:data2\" content=\"3 minutos\" \/>\n<script type=\"application\/ld+json\" class=\"yoast-schema-graph\">{\"@context\":\"https:\\\/\\\/schema.org\",\"@graph\":[{\"@type\":\"Article\",\"@id\":\"https:\\\/\\\/www.caudete.org\\\/ayuntamiento\\\/gobierno-municipal-tecnicos-grupo-de-accion-local-y-ex-concejales-de-juventud-visitan-las-obras-del-nuevo-espacio-joven\\\/#article\",\"isPartOf\":{\"@id\":\"https:\\\/\\\/www.caudete.org\\\/ayuntamiento\\\/gobierno-municipal-tecnicos-grupo-de-accion-local-y-ex-concejales-de-juventud-visitan-las-obras-del-nuevo-espacio-joven\\\/\"},\"author\":{\"name\":\"alcalde\",\"@id\":\"https:\\\/\\\/www.caudete.org\\\/ayuntamiento\\\/#\\\/schema\\\/person\\\/cc646da9133078ee4d8dd47457947253\"},\"headline\":\"Gobierno Municipal, T\u00e9cnicos, Grupo de Acci\u00f3n Local y ex-Concejales de Juventud visitan las obras del nuevo Espacio JOVEN\",\"datePublished\":\"2022-11-11T08:00:48+00:00\",\"mainEntityOfPage\":{\"@id\":\"https:\\\/\\\/www.caudete.org\\\/ayuntamiento\\\/gobierno-municipal-tecnicos-grupo-de-accion-local-y-ex-concejales-de-juventud-visitan-las-obras-del-nuevo-espacio-joven\\\/\"},\"wordCount\":284,\"publisher\":{\"@id\":\"https:\\\/\\\/www.caudete.org\\\/ayuntamiento\\\/#organization\"},\"image\":{\"@id\":\"https:\\\/\\\/www.caudete.org\\\/ayuntamiento\\\/gobierno-municipal-tecnicos-grupo-de-accion-local-y-ex-concejales-de-juventud-visitan-las-obras-del-nuevo-espacio-joven\\\/#primaryimage\"},\"thumbnailUrl\":\"https:\\\/\\\/www.caudete.org\\\/ayuntamiento\\\/wp-content\\\/uploads\\\/2022\\\/11\\\/centro-joven-desarrollo-1-caudete-digital.jpg\",\"articleSection\":[\"Juventud\"],\"inLanguage\":\"es\"},{\"@type\":\"WebPage\",\"@id\":\"https:\\\/\\\/www.caudete.org\\\/ayuntamiento\\\/gobierno-municipal-tecnicos-grupo-de-accion-local-y-ex-concejales-de-juventud-visitan-las-obras-del-nuevo-espacio-joven\\\/\",\"url\":\"https:\\\/\\\/www.caudete.org\\\/ayuntamiento\\\/gobierno-municipal-tecnicos-grupo-de-accion-local-y-ex-concejales-de-juventud-visitan-las-obras-del-nuevo-espacio-joven\\\/\",\"name\":\"Gobierno Municipal, T\u00e9cnicos, Grupo de Acci\u00f3n Local y ex-Concejales de Juventud visitan las obras del nuevo Espacio JOVEN - MI Ayuntamiento de Caudete\",\"isPartOf\":{\"@id\":\"https:\\\/\\\/www.caudete.org\\\/ayuntamiento\\\/#website\"},\"primaryImageOfPage\":{\"@id\":\"https:\\\/\\\/www.caudete.org\\\/ayuntamiento\\\/gobierno-municipal-tecnicos-grupo-de-accion-local-y-ex-concejales-de-juventud-visitan-las-obras-del-nuevo-espacio-joven\\\/#primaryimage\"},\"image\":{\"@id\":\"https:\\\/\\\/www.caudete.org\\\/ayuntamiento\\\/gobierno-municipal-tecnicos-grupo-de-accion-local-y-ex-concejales-de-juventud-visitan-las-obras-del-nuevo-espacio-joven\\\/#primaryimage\"},\"thumbnailUrl\":\"https:\\\/\\\/www.caudete.org\\\/ayuntamiento\\\/wp-content\\\/uploads\\\/2022\\\/11\\\/centro-joven-desarrollo-1-caudete-digital.jpg\",\"datePublished\":\"2022-11-11T08:00:48+00:00\",\"description\":\"P\u00e1gina Oficial del Ayuntamiento de Caudete (Albacete)\",\"breadcrumb\":{\"@id\":\"https:\\\/\\\/www.caudete.org\\\/ayuntamiento\\\/gobierno-municipal-tecnicos-grupo-de-accion-local-y-ex-concejales-de-juventud-visitan-las-obras-del-nuevo-espacio-joven\\\/#breadcrumb\"},\"inLanguage\":\"es\",\"potentialAction\":[{\"@type\":\"ReadAction\",\"target\":[\"https:\\\/\\\/www.caudete.org\\\/ayuntamiento\\\/gobierno-municipal-tecnicos-grupo-de-accion-local-y-ex-concejales-de-juventud-visitan-las-obras-del-nuevo-espacio-joven\\\/\"]}]},{\"@type\":\"ImageObject\",\"inLanguage\":\"es\",\"@id\":\"https:\\\/\\\/www.caudete.org\\\/ayuntamiento\\\/gobierno-municipal-tecnicos-grupo-de-accion-local-y-ex-concejales-de-juventud-visitan-las-obras-del-nuevo-espacio-joven\\\/#primaryimage\",\"url\":\"https:\\\/\\\/www.caudete.org\\\/ayuntamiento\\\/wp-content\\\/uploads\\\/2022\\\/11\\\/centro-joven-desarrollo-1-caudete-digital.jpg\",\"contentUrl\":\"https:\\\/\\\/www.caudete.org\\\/ayuntamiento\\\/wp-content\\\/uploads\\\/2022\\\/11\\\/centro-joven-desarrollo-1-caudete-digital.jpg\",\"width\":1200,\"height\":659},{\"@type\":\"BreadcrumbList\",\"@id\":\"https:\\\/\\\/www.caudete.org\\\/ayuntamiento\\\/gobierno-municipal-tecnicos-grupo-de-accion-local-y-ex-concejales-de-juventud-visitan-las-obras-del-nuevo-espacio-joven\\\/#breadcrumb\",\"itemListElement\":[{\"@type\":\"ListItem\",\"position\":1,\"name\":\"Inicio\",\"item\":\"https:\\\/\\\/www.caudete.org\\\/ayuntamiento\\\/\"},{\"@type\":\"ListItem\",\"position\":2,\"name\":\"Gobierno Municipal, T\u00e9cnicos, Grupo de Acci\u00f3n Local y ex-Concejales de Juventud visitan las obras del nuevo Espacio JOVEN\"}]},{\"@type\":\"WebSite\",\"@id\":\"https:\\\/\\\/www.caudete.org\\\/ayuntamiento\\\/#website\",\"url\":\"https:\\\/\\\/www.caudete.org\\\/ayuntamiento\\\/\",\"name\":\"MI Ayuntamiento de Caudete\",\"description\":\"P\u00e1gina Oficial del MI Ayuntamiento de Caudete\",\"publisher\":{\"@id\":\"https:\\\/\\\/www.caudete.org\\\/ayuntamiento\\\/#organization\"},\"potentialAction\":[{\"@type\":\"SearchAction\",\"target\":{\"@type\":\"EntryPoint\",\"urlTemplate\":\"https:\\\/\\\/www.caudete.org\\\/ayuntamiento\\\/?s={search_term_string}\"},\"query-input\":{\"@type\":\"PropertyValueSpecification\",\"valueRequired\":true,\"valueName\":\"search_term_string\"}}],\"inLanguage\":\"es\"},{\"@type\":\"Organization\",\"@id\":\"https:\\\/\\\/www.caudete.org\\\/ayuntamiento\\\/#organization\",\"name\":\"Ayuntamiento de Caudete\",\"url\":\"https:\\\/\\\/www.caudete.org\\\/ayuntamiento\\\/\",\"logo\":{\"@type\":\"ImageObject\",\"inLanguage\":\"es\",\"@id\":\"https:\\\/\\\/www.caudete.org\\\/ayuntamiento\\\/#\\\/schema\\\/logo\\\/image\\\/\",\"url\":\"https:\\\/\\\/www.caudete.org\\\/ayuntamiento\\\/wp-content\\\/uploads\\\/2020\\\/11\\\/logo_ayuntamiento_caudete.jpg\",\"contentUrl\":\"https:\\\/\\\/www.caudete.org\\\/ayuntamiento\\\/wp-content\\\/uploads\\\/2020\\\/11\\\/logo_ayuntamiento_caudete.jpg\",\"width\":600,\"height\":150,\"caption\":\"Ayuntamiento de Caudete\"},\"image\":{\"@id\":\"https:\\\/\\\/www.caudete.org\\\/ayuntamiento\\\/#\\\/schema\\\/logo\\\/image\\\/\"},\"sameAs\":[\"https:\\\/\\\/www.facebook.com\\\/ayuntamientocaudete\\\/\",\"https:\\\/\\\/www.youtube.com\\\/channel\\\/UC6VztHaooNsGpw-tNoBEFnQ\"]},{\"@type\":\"Person\",\"@id\":\"https:\\\/\\\/www.caudete.org\\\/ayuntamiento\\\/#\\\/schema\\\/person\\\/cc646da9133078ee4d8dd47457947253\",\"name\":\"alcalde\",\"image\":{\"@type\":\"ImageObject\",\"inLanguage\":\"es\",\"@id\":\"https:\\\/\\\/secure.gravatar.com\\\/avatar\\\/84a817ba065b29ff08d666b215a215f5c79186a645ccb25b14a663d48a130f77?s=96&d=mm&r=g\",\"url\":\"https:\\\/\\\/secure.gravatar.com\\\/avatar\\\/84a817ba065b29ff08d666b215a215f5c79186a645ccb25b14a663d48a130f77?s=96&d=mm&r=g\",\"contentUrl\":\"https:\\\/\\\/secure.gravatar.com\\\/avatar\\\/84a817ba065b29ff08d666b215a215f5c79186a645ccb25b14a663d48a130f77?s=96&d=mm&r=g\",\"caption\":\"alcalde\"},\"url\":\"https:\\\/\\\/www.caudete.org\\\/ayuntamiento\\\/author\\\/alcalde\\\/\"}]}<\/script>\n<!-- \/ Yoast SEO plugin. -->","yoast_head_json":{"title":"Gobierno Municipal, T\u00e9cnicos, Grupo de Acci\u00f3n Local y ex-Concejales de Juventud visitan las obras del nuevo Espacio JOVEN - MI Ayuntamiento de Caudete","description":"P\u00e1gina Oficial del Ayuntamiento de Caudete (Albacete)","robots":{"index":"index","follow":"follow","max-snippet":"max-snippet:-1","max-image-preview":"max-image-preview:large","max-video-preview":"max-video-preview:-1"},"canonical":"https:\/\/www.caudete.org\/ayuntamiento\/gobierno-municipal-tecnicos-grupo-de-accion-local-y-ex-concejales-de-juventud-visitan-las-obras-del-nuevo-espacio-joven\/","og_locale":"es_ES","og_type":"article","og_title":"Gobierno Municipal, T\u00e9cnicos, Grupo de Acci\u00f3n Local y ex-Concejales de Juventud visitan las obras del nuevo Espacio JOVEN - MI Ayuntamiento de Caudete","og_description":"P\u00e1gina Oficial del Ayuntamiento de Caudete (Albacete)","og_url":"https:\/\/www.caudete.org\/ayuntamiento\/gobierno-municipal-tecnicos-grupo-de-accion-local-y-ex-concejales-de-juventud-visitan-las-obras-del-nuevo-espacio-joven\/","og_site_name":"MI Ayuntamiento de Caudete","article_publisher":"https:\/\/www.facebook.com\/ayuntamientocaudete\/","article_published_time":"2022-11-11T08:00:48+00:00","og_image":[{"width":1200,"height":659,"url":"https:\/\/www.caudete.org\/ayuntamiento\/wp-content\/uploads\/2022\/11\/centro-joven-desarrollo-1-caudete-digital.jpg","type":"image\/jpeg"}],"author":"alcalde","twitter_card":"summary_large_image","twitter_misc":{"Escrito por":"alcalde","Tiempo de lectura":"3 minutos"},"schema":{"@context":"https:\/\/schema.org","@graph":[{"@type":"Article","@id":"https:\/\/www.caudete.org\/ayuntamiento\/gobierno-municipal-tecnicos-grupo-de-accion-local-y-ex-concejales-de-juventud-visitan-las-obras-del-nuevo-espacio-joven\/#article","isPartOf":{"@id":"https:\/\/www.caudete.org\/ayuntamiento\/gobierno-municipal-tecnicos-grupo-de-accion-local-y-ex-concejales-de-juventud-visitan-las-obras-del-nuevo-espacio-joven\/"},"author":{"name":"alcalde","@id":"https:\/\/www.caudete.org\/ayuntamiento\/#\/schema\/person\/cc646da9133078ee4d8dd47457947253"},"headline":"Gobierno Municipal, T\u00e9cnicos, Grupo de Acci\u00f3n Local y ex-Concejales de Juventud visitan las obras del nuevo Espacio JOVEN","datePublished":"2022-11-11T08:00:48+00:00","mainEntityOfPage":{"@id":"https:\/\/www.caudete.org\/ayuntamiento\/gobierno-municipal-tecnicos-grupo-de-accion-local-y-ex-concejales-de-juventud-visitan-las-obras-del-nuevo-espacio-joven\/"},"wordCount":284,"publisher":{"@id":"https:\/\/www.caudete.org\/ayuntamiento\/#organization"},"image":{"@id":"https:\/\/www.caudete.org\/ayuntamiento\/gobierno-municipal-tecnicos-grupo-de-accion-local-y-ex-concejales-de-juventud-visitan-las-obras-del-nuevo-espacio-joven\/#primaryimage"},"thumbnailUrl":"https:\/\/www.caudete.org\/ayuntamiento\/wp-content\/uploads\/2022\/11\/centro-joven-desarrollo-1-caudete-digital.jpg","articleSection":["Juventud"],"inLanguage":"es"},{"@type":"WebPage","@id":"https:\/\/www.caudete.org\/ayuntamiento\/gobierno-municipal-tecnicos-grupo-de-accion-local-y-ex-concejales-de-juventud-visitan-las-obras-del-nuevo-espacio-joven\/","url":"https:\/\/www.caudete.org\/ayuntamiento\/gobierno-municipal-tecnicos-grupo-de-accion-local-y-ex-concejales-de-juventud-visitan-las-obras-del-nuevo-espacio-joven\/","name":"Gobierno Municipal, T\u00e9cnicos, Grupo de Acci\u00f3n Local y ex-Concejales de Juventud visitan las obras del nuevo Espacio JOVEN - MI Ayuntamiento de Caudete","isPartOf":{"@id":"https:\/\/www.caudete.org\/ayuntamiento\/#website"},"primaryImageOfPage":{"@id":"https:\/\/www.caudete.org\/ayuntamiento\/gobierno-municipal-tecnicos-grupo-de-accion-local-y-ex-concejales-de-juventud-visitan-las-obras-del-nuevo-espacio-joven\/#primaryimage"},"image":{"@id":"https:\/\/www.caudete.org\/ayuntamiento\/gobierno-municipal-tecnicos-grupo-de-accion-local-y-ex-concejales-de-juventud-visitan-las-obras-del-nuevo-espacio-joven\/#primaryimage"},"thumbnailUrl":"https:\/\/www.caudete.org\/ayuntamiento\/wp-content\/uploads\/2022\/11\/centro-joven-desarrollo-1-caudete-digital.jpg","datePublished":"2022-11-11T08:00:48+00:00","description":"P\u00e1gina Oficial del Ayuntamiento de Caudete (Albacete)","breadcrumb":{"@id":"https:\/\/www.caudete.org\/ayuntamiento\/gobierno-municipal-tecnicos-grupo-de-accion-local-y-ex-concejales-de-juventud-visitan-las-obras-del-nuevo-espacio-joven\/#breadcrumb"},"inLanguage":"es","potentialAction":[{"@type":"ReadAction","target":["https:\/\/www.caudete.org\/ayuntamiento\/gobierno-municipal-tecnicos-grupo-de-accion-local-y-ex-concejales-de-juventud-visitan-las-obras-del-nuevo-espacio-joven\/"]}]},{"@type":"ImageObject","inLanguage":"es","@id":"https:\/\/www.caudete.org\/ayuntamiento\/gobierno-municipal-tecnicos-grupo-de-accion-local-y-ex-concejales-de-juventud-visitan-las-obras-del-nuevo-espacio-joven\/#primaryimage","url":"https:\/\/www.caudete.org\/ayuntamiento\/wp-content\/uploads\/2022\/11\/centro-joven-desarrollo-1-caudete-digital.jpg","contentUrl":"https:\/\/www.caudete.org\/ayuntamiento\/wp-content\/uploads\/2022\/11\/centro-joven-desarrollo-1-caudete-digital.jpg","width":1200,"height":659},{"@type":"BreadcrumbList","@id":"https:\/\/www.caudete.org\/ayuntamiento\/gobierno-municipal-tecnicos-grupo-de-accion-local-y-ex-concejales-de-juventud-visitan-las-obras-del-nuevo-espacio-joven\/#breadcrumb","itemListElement":[{"@type":"ListItem","position":1,"name":"Inicio","item":"https:\/\/www.caudete.org\/ayuntamiento\/"},{"@type":"ListItem","position":2,"name":"Gobierno Municipal, T\u00e9cnicos, Grupo de Acci\u00f3n Local y ex-Concejales de Juventud visitan las obras del nuevo Espacio JOVEN"}]},{"@type":"WebSite","@id":"https:\/\/www.caudete.org\/ayuntamiento\/#website","url":"https:\/\/www.caudete.org\/ayuntamiento\/","name":"MI Ayuntamiento de Caudete","description":"P\u00e1gina Oficial del MI Ayuntamiento de Caudete","publisher":{"@id":"https:\/\/www.caudete.org\/ayuntamiento\/#organization"},"potentialAction":[{"@type":"SearchAction","target":{"@type":"EntryPoint","urlTemplate":"https:\/\/www.caudete.org\/ayuntamiento\/?s={search_term_string}"},"query-input":{"@type":"PropertyValueSpecification","valueRequired":true,"valueName":"search_term_string"}}],"inLanguage":"es"},{"@type":"Organization","@id":"https:\/\/www.caudete.org\/ayuntamiento\/#organization","name":"Ayuntamiento de Caudete","url":"https:\/\/www.caudete.org\/ayuntamiento\/","logo":{"@type":"ImageObject","inLanguage":"es","@id":"https:\/\/www.caudete.org\/ayuntamiento\/#\/schema\/logo\/image\/","url":"https:\/\/www.caudete.org\/ayuntamiento\/wp-content\/uploads\/2020\/11\/logo_ayuntamiento_caudete.jpg","contentUrl":"https:\/\/www.caudete.org\/ayuntamiento\/wp-content\/uploads\/2020\/11\/logo_ayuntamiento_caudete.jpg","width":600,"height":150,"caption":"Ayuntamiento de Caudete"},"image":{"@id":"https:\/\/www.caudete.org\/ayuntamiento\/#\/schema\/logo\/image\/"},"sameAs":["https:\/\/www.facebook.com\/ayuntamientocaudete\/","https:\/\/www.youtube.com\/channel\/UC6VztHaooNsGpw-tNoBEFnQ"]},{"@type":"Person","@id":"https:\/\/www.caudete.org\/ayuntamiento\/#\/schema\/person\/cc646da9133078ee4d8dd47457947253","name":"alcalde","image":{"@type":"ImageObject","inLanguage":"es","@id":"https:\/\/secure.gravatar.com\/avatar\/84a817ba065b29ff08d666b215a215f5c79186a645ccb25b14a663d48a130f77?s=96&d=mm&r=g","url":"https:\/\/secure.gravatar.com\/avatar\/84a817ba065b29ff08d666b215a215f5c79186a645ccb25b14a663d48a130f77?s=96&d=mm&r=g","contentUrl":"https:\/\/secure.gravatar.com\/avatar\/84a817ba065b29ff08d666b215a215f5c79186a645ccb25b14a663d48a130f77?s=96&d=mm&r=g","caption":"alcalde"},"url":"https:\/\/www.caudete.org\/ayuntamiento\/author\/alcalde\/"}]}},"_links":{"self":[{"href":"https:\/\/www.caudete.org\/ayuntamiento\/wp-json\/wp\/v2\/posts\/20532","targetHints":{"allow":["GET"]}}],"collection":[{"href":"https:\/\/www.caudete.org\/ayuntamiento\/wp-json\/wp\/v2\/posts"}],"about":[{"href":"https:\/\/www.caudete.org\/ayuntamiento\/wp-json\/wp\/v2\/types\/post"}],"author":[{"embeddable":true,"href":"https:\/\/www.caudete.org\/ayuntamiento\/wp-json\/wp\/v2\/users\/3"}],"replies":[{"embeddable":true,"href":"https:\/\/www.caudete.org\/ayuntamiento\/wp-json\/wp\/v2\/comments?post=20532"}],"version-history":[{"count":1,"href":"https:\/\/www.caudete.org\/ayuntamiento\/wp-json\/wp\/v2\/posts\/20532\/revisions"}],"predecessor-version":[{"id":20539,"href":"https:\/\/www.caudete.org\/ayuntamiento\/wp-json\/wp\/v2\/posts\/20532\/revisions\/20539"}],"wp:featuredmedia":[{"embeddable":true,"href":"https:\/\/www.caudete.org\/ayuntamiento\/wp-json\/wp\/v2\/media\/20533"}],"wp:attachment":[{"href":"https:\/\/www.caudete.org\/ayuntamiento\/wp-json\/wp\/v2\/media?parent=20532"}],"wp:term":[{"taxonomy":"category","embeddable":true,"href":"https:\/\/www.caudete.org\/ayuntamiento\/wp-json\/wp\/v2\/categories?post=20532"},{"taxonomy":"post_tag","embeddable":true,"href":"https:\/\/www.caudete.org\/ayuntamiento\/wp-json\/wp\/v2\/tags?post=20532"}],"curies":[{"name":"wp","href":"https:\/\/api.w.org\/{rel}","templated":true}]}}