{"id":20541,"date":"2022-11-11T10:32:11","date_gmt":"2022-11-11T09:32:11","guid":{"rendered":"https:\/\/www.caudete.org\/ayuntamiento\/?p=20541"},"modified":"2022-11-11T10:32:11","modified_gmt":"2022-11-11T09:32:11","slug":"ayuntamiento-y-obispado-acuerdan-por-75-anos-la-cesion-del-castillo-y-callejon-que-comunica-con-la-plaza-de-la-iglesia","status":"publish","type":"post","link":"https:\/\/www.caudete.org\/ayuntamiento\/ayuntamiento-y-obispado-acuerdan-por-75-anos-la-cesion-del-castillo-y-callejon-que-comunica-con-la-plaza-de-la-iglesia\/","title":{"rendered":"Ayuntamiento y Obispado acuerdan por 75 a\u00f1os la cesi\u00f3n del CASTILLO y CALLEJ\u00d3N que comunica con la Plaza de la Iglesia"},"content":{"rendered":"<p style=\"text-align: justify;\">En la ma\u00f1ana de ayer, 10 de Noviembre, se daban cita en la sede del Obispado de Albacete, su titular Excmo. y Rvdmo. Sr. \u00c1ngel Fern\u00e1ndez Collado y el Alcalde de Caudete, Mois\u00e9s L\u00f3pez, para llevar a cabo la firma del convenio por el que ambas instituciones acuerdan la cesi\u00f3n del Castillo y Callej\u00f3n anexo por 75 a\u00f1os. A la cita acudieron tambi\u00e9n el Secretario Municipal, Pablo Gramage, y el Concejal de Patrimonio Hist\u00f3rico, Diego Cuenca Olivares.<\/p>\n<p style=\"text-align: justify;\">Todo ello se produce tras conversaciones mantenidas entre ambas instituciones, con el objeto de dar continuidad al uso de ambos espacios por parte de los caudetanos, as\u00ed como poder proyectar nuevas fases de recuperaci\u00f3n del patrimonio local en el Castillo, para lo cual era necesario proceder a la renovaci\u00f3n del acuerdo de cesi\u00f3n.<\/p>\n<p style=\"text-align: justify;\">En este caso, el Ayuntamiento propon\u00eda al Obispo extender el periodo a los 75 a\u00f1os de duraci\u00f3n, cuesti\u00f3n que fue ratificada por el Consejo Diocesano de Asuntos Econ\u00f3micos el pasado 13 de Octubre.<\/p>\n<p style=\"text-align: justify;\">Como trasladaba el Alcalde, el paso dado es muy importante, ya que este convenio, junto al Plan Director del Castillo, al fin nos permitir\u00e1 a Caudete poder optar a las convocatorias del 1&#8217;5% cultural que anualmente lanza el Gobierno de Espa\u00f1a para el patrimonio hist\u00f3rico espa\u00f1ol.<\/p>\n<p style=\"text-align: justify;\"><a href=\"https:\/\/www.caudete.org\/ayuntamiento\/wp-content\/uploads\/2022\/11\/WhatsApp-Image-2022-11-10-at-23.42.37-1.jpeg\" rel='prettyPhoto'><img fetchpriority=\"high\" decoding=\"async\" class=\"aligncenter wp-image-20542 size-medium\" src=\"https:\/\/www.caudete.org\/ayuntamiento\/wp-content\/uploads\/2022\/11\/WhatsApp-Image-2022-11-10-at-23.42.37-1-300x225.jpeg\" alt=\"\" width=\"300\" height=\"225\" srcset=\"https:\/\/www.caudete.org\/ayuntamiento\/wp-content\/uploads\/2022\/11\/WhatsApp-Image-2022-11-10-at-23.42.37-1-300x225.jpeg 300w, https:\/\/www.caudete.org\/ayuntamiento\/wp-content\/uploads\/2022\/11\/WhatsApp-Image-2022-11-10-at-23.42.37-1-768x576.jpeg 768w, https:\/\/www.caudete.org\/ayuntamiento\/wp-content\/uploads\/2022\/11\/WhatsApp-Image-2022-11-10-at-23.42.37-1.jpeg 1024w\" sizes=\"(max-width: 300px) 100vw, 300px\" \/><\/a><\/p>\n<p style=\"text-align: justify;\">\n","protected":false},"excerpt":{"rendered":"<p>En la ma\u00f1ana de ayer, 10 de Noviembre, se daban cita en la sede del Obispado de Albacete, su titular Excmo. y Rvdmo. Sr. \u00c1ngel Fern\u00e1ndez Collado y el Alcalde de Caudete, Mois\u00e9s L\u00f3pez, para llevar a cabo la firma del convenio por el que ambas instituciones acuerdan la cesi\u00f3n del Castillo y Callej\u00f3n anexo &hellip;<\/p>\n","protected":false},"author":3,"featured_media":20543,"comment_status":"closed","ping_status":"open","sticky":false,"template":"","format":"standard","meta":{"ngg_post_thumbnail":0,"footnotes":""},"categories":[45],"tags":[],"class_list":["post-20541","post","type-post","status-publish","format-standard","has-post-thumbnail","hentry","category-patrimonio"],"yoast_head":"<!-- This site is optimized with the Yoast SEO plugin v27.5 - https:\/\/yoast.com\/product\/yoast-seo-wordpress\/ -->\n<title>Ayuntamiento y Obispado acuerdan por 75 a\u00f1os la cesi\u00f3n del CASTILLO y CALLEJ\u00d3N que comunica con la Plaza de la Iglesia - MI Ayuntamiento de Caudete<\/title>\n<meta name=\"description\" content=\"P\u00e1gina Oficial del Ayuntamiento de Caudete (Albacete)\" \/>\n<meta name=\"robots\" content=\"index, follow, max-snippet:-1, max-image-preview:large, max-video-preview:-1\" \/>\n<link rel=\"canonical\" href=\"https:\/\/www.caudete.org\/ayuntamiento\/ayuntamiento-y-obispado-acuerdan-por-75-anos-la-cesion-del-castillo-y-callejon-que-comunica-con-la-plaza-de-la-iglesia\/\" \/>\n<meta property=\"og:locale\" content=\"es_ES\" \/>\n<meta property=\"og:type\" content=\"article\" \/>\n<meta property=\"og:title\" content=\"Ayuntamiento y Obispado acuerdan por 75 a\u00f1os la cesi\u00f3n del CASTILLO y CALLEJ\u00d3N que comunica con la Plaza de la Iglesia - MI Ayuntamiento de Caudete\" \/>\n<meta property=\"og:description\" content=\"P\u00e1gina Oficial del Ayuntamiento de Caudete (Albacete)\" \/>\n<meta property=\"og:url\" content=\"https:\/\/www.caudete.org\/ayuntamiento\/ayuntamiento-y-obispado-acuerdan-por-75-anos-la-cesion-del-castillo-y-callejon-que-comunica-con-la-plaza-de-la-iglesia\/\" \/>\n<meta property=\"og:site_name\" content=\"MI Ayuntamiento de Caudete\" \/>\n<meta property=\"article:publisher\" content=\"https:\/\/www.facebook.com\/ayuntamientocaudete\/\" \/>\n<meta property=\"article:published_time\" content=\"2022-11-11T09:32:11+00:00\" \/>\n<meta property=\"og:image\" content=\"https:\/\/www.caudete.org\/ayuntamiento\/wp-content\/uploads\/2022\/11\/WhatsApp-Image-2022-11-10-at-23.42.37.jpeg\" \/>\n\t<meta property=\"og:image:width\" content=\"1024\" \/>\n\t<meta property=\"og:image:height\" content=\"768\" \/>\n\t<meta property=\"og:image:type\" content=\"image\/jpeg\" \/>\n<meta name=\"author\" content=\"alcalde\" \/>\n<meta name=\"twitter:card\" content=\"summary_large_image\" \/>\n<meta name=\"twitter:label1\" content=\"Escrito por\" \/>\n\t<meta name=\"twitter:data1\" content=\"alcalde\" \/>\n\t<meta name=\"twitter:label2\" content=\"Tiempo de lectura\" \/>\n\t<meta name=\"twitter:data2\" content=\"2 minutos\" \/>\n<script type=\"application\/ld+json\" class=\"yoast-schema-graph\">{\"@context\":\"https:\\\/\\\/schema.org\",\"@graph\":[{\"@type\":\"Article\",\"@id\":\"https:\\\/\\\/www.caudete.org\\\/ayuntamiento\\\/ayuntamiento-y-obispado-acuerdan-por-75-anos-la-cesion-del-castillo-y-callejon-que-comunica-con-la-plaza-de-la-iglesia\\\/#article\",\"isPartOf\":{\"@id\":\"https:\\\/\\\/www.caudete.org\\\/ayuntamiento\\\/ayuntamiento-y-obispado-acuerdan-por-75-anos-la-cesion-del-castillo-y-callejon-que-comunica-con-la-plaza-de-la-iglesia\\\/\"},\"author\":{\"name\":\"alcalde\",\"@id\":\"https:\\\/\\\/www.caudete.org\\\/ayuntamiento\\\/#\\\/schema\\\/person\\\/cc646da9133078ee4d8dd47457947253\"},\"headline\":\"Ayuntamiento y Obispado acuerdan por 75 a\u00f1os la cesi\u00f3n del CASTILLO y CALLEJ\u00d3N que comunica con la Plaza de la Iglesia\",\"datePublished\":\"2022-11-11T09:32:11+00:00\",\"mainEntityOfPage\":{\"@id\":\"https:\\\/\\\/www.caudete.org\\\/ayuntamiento\\\/ayuntamiento-y-obispado-acuerdan-por-75-anos-la-cesion-del-castillo-y-callejon-que-comunica-con-la-plaza-de-la-iglesia\\\/\"},\"wordCount\":247,\"image\":{\"@id\":\"https:\\\/\\\/www.caudete.org\\\/ayuntamiento\\\/ayuntamiento-y-obispado-acuerdan-por-75-anos-la-cesion-del-castillo-y-callejon-que-comunica-con-la-plaza-de-la-iglesia\\\/#primaryimage\"},\"thumbnailUrl\":\"https:\\\/\\\/www.caudete.org\\\/ayuntamiento\\\/wp-content\\\/uploads\\\/2022\\\/11\\\/WhatsApp-Image-2022-11-10-at-23.42.37.jpeg\",\"articleSection\":[\"Patrimonio\"],\"inLanguage\":\"es\"},{\"@type\":\"WebPage\",\"@id\":\"https:\\\/\\\/www.caudete.org\\\/ayuntamiento\\\/ayuntamiento-y-obispado-acuerdan-por-75-anos-la-cesion-del-castillo-y-callejon-que-comunica-con-la-plaza-de-la-iglesia\\\/\",\"url\":\"https:\\\/\\\/www.caudete.org\\\/ayuntamiento\\\/ayuntamiento-y-obispado-acuerdan-por-75-anos-la-cesion-del-castillo-y-callejon-que-comunica-con-la-plaza-de-la-iglesia\\\/\",\"name\":\"Ayuntamiento y Obispado acuerdan por 75 a\u00f1os la cesi\u00f3n del CASTILLO y CALLEJ\u00d3N que comunica con la Plaza de la Iglesia - MI Ayuntamiento de Caudete\",\"isPartOf\":{\"@id\":\"https:\\\/\\\/www.caudete.org\\\/ayuntamiento\\\/#website\"},\"primaryImageOfPage\":{\"@id\":\"https:\\\/\\\/www.caudete.org\\\/ayuntamiento\\\/ayuntamiento-y-obispado-acuerdan-por-75-anos-la-cesion-del-castillo-y-callejon-que-comunica-con-la-plaza-de-la-iglesia\\\/#primaryimage\"},\"image\":{\"@id\":\"https:\\\/\\\/www.caudete.org\\\/ayuntamiento\\\/ayuntamiento-y-obispado-acuerdan-por-75-anos-la-cesion-del-castillo-y-callejon-que-comunica-con-la-plaza-de-la-iglesia\\\/#primaryimage\"},\"thumbnailUrl\":\"https:\\\/\\\/www.caudete.org\\\/ayuntamiento\\\/wp-content\\\/uploads\\\/2022\\\/11\\\/WhatsApp-Image-2022-11-10-at-23.42.37.jpeg\",\"datePublished\":\"2022-11-11T09:32:11+00:00\",\"author\":{\"@id\":\"https:\\\/\\\/www.caudete.org\\\/ayuntamiento\\\/#\\\/schema\\\/person\\\/cc646da9133078ee4d8dd47457947253\"},\"description\":\"P\u00e1gina Oficial del Ayuntamiento de Caudete (Albacete)\",\"breadcrumb\":{\"@id\":\"https:\\\/\\\/www.caudete.org\\\/ayuntamiento\\\/ayuntamiento-y-obispado-acuerdan-por-75-anos-la-cesion-del-castillo-y-callejon-que-comunica-con-la-plaza-de-la-iglesia\\\/#breadcrumb\"},\"inLanguage\":\"es\",\"potentialAction\":[{\"@type\":\"ReadAction\",\"target\":[\"https:\\\/\\\/www.caudete.org\\\/ayuntamiento\\\/ayuntamiento-y-obispado-acuerdan-por-75-anos-la-cesion-del-castillo-y-callejon-que-comunica-con-la-plaza-de-la-iglesia\\\/\"]}]},{\"@type\":\"ImageObject\",\"inLanguage\":\"es\",\"@id\":\"https:\\\/\\\/www.caudete.org\\\/ayuntamiento\\\/ayuntamiento-y-obispado-acuerdan-por-75-anos-la-cesion-del-castillo-y-callejon-que-comunica-con-la-plaza-de-la-iglesia\\\/#primaryimage\",\"url\":\"https:\\\/\\\/www.caudete.org\\\/ayuntamiento\\\/wp-content\\\/uploads\\\/2022\\\/11\\\/WhatsApp-Image-2022-11-10-at-23.42.37.jpeg\",\"contentUrl\":\"https:\\\/\\\/www.caudete.org\\\/ayuntamiento\\\/wp-content\\\/uploads\\\/2022\\\/11\\\/WhatsApp-Image-2022-11-10-at-23.42.37.jpeg\",\"width\":1024,\"height\":768},{\"@type\":\"BreadcrumbList\",\"@id\":\"https:\\\/\\\/www.caudete.org\\\/ayuntamiento\\\/ayuntamiento-y-obispado-acuerdan-por-75-anos-la-cesion-del-castillo-y-callejon-que-comunica-con-la-plaza-de-la-iglesia\\\/#breadcrumb\",\"itemListElement\":[{\"@type\":\"ListItem\",\"position\":1,\"name\":\"Inicio\",\"item\":\"https:\\\/\\\/www.caudete.org\\\/ayuntamiento\\\/\"},{\"@type\":\"ListItem\",\"position\":2,\"name\":\"Ayuntamiento y Obispado acuerdan por 75 a\u00f1os la cesi\u00f3n del CASTILLO y CALLEJ\u00d3N que comunica con la Plaza de la Iglesia\"}]},{\"@type\":\"WebSite\",\"@id\":\"https:\\\/\\\/www.caudete.org\\\/ayuntamiento\\\/#website\",\"url\":\"https:\\\/\\\/www.caudete.org\\\/ayuntamiento\\\/\",\"name\":\"MI Ayuntamiento de Caudete\",\"description\":\"P\u00e1gina Oficial del MI Ayuntamiento de Caudete\",\"potentialAction\":[{\"@type\":\"SearchAction\",\"target\":{\"@type\":\"EntryPoint\",\"urlTemplate\":\"https:\\\/\\\/www.caudete.org\\\/ayuntamiento\\\/?s={search_term_string}\"},\"query-input\":{\"@type\":\"PropertyValueSpecification\",\"valueRequired\":true,\"valueName\":\"search_term_string\"}}],\"inLanguage\":\"es\"},{\"@type\":\"Person\",\"@id\":\"https:\\\/\\\/www.caudete.org\\\/ayuntamiento\\\/#\\\/schema\\\/person\\\/cc646da9133078ee4d8dd47457947253\",\"name\":\"alcalde\",\"image\":{\"@type\":\"ImageObject\",\"inLanguage\":\"es\",\"@id\":\"https:\\\/\\\/secure.gravatar.com\\\/avatar\\\/84a817ba065b29ff08d666b215a215f5c79186a645ccb25b14a663d48a130f77?s=96&d=mm&r=g\",\"url\":\"https:\\\/\\\/secure.gravatar.com\\\/avatar\\\/84a817ba065b29ff08d666b215a215f5c79186a645ccb25b14a663d48a130f77?s=96&d=mm&r=g\",\"contentUrl\":\"https:\\\/\\\/secure.gravatar.com\\\/avatar\\\/84a817ba065b29ff08d666b215a215f5c79186a645ccb25b14a663d48a130f77?s=96&d=mm&r=g\",\"caption\":\"alcalde\"},\"url\":\"https:\\\/\\\/www.caudete.org\\\/ayuntamiento\\\/author\\\/alcalde\\\/\"}]}<\/script>\n<!-- \/ Yoast SEO plugin. -->","yoast_head_json":{"title":"Ayuntamiento y Obispado acuerdan por 75 a\u00f1os la cesi\u00f3n del CASTILLO y CALLEJ\u00d3N que comunica con la Plaza de la Iglesia - MI Ayuntamiento de Caudete","description":"P\u00e1gina Oficial del Ayuntamiento de Caudete (Albacete)","robots":{"index":"index","follow":"follow","max-snippet":"max-snippet:-1","max-image-preview":"max-image-preview:large","max-video-preview":"max-video-preview:-1"},"canonical":"https:\/\/www.caudete.org\/ayuntamiento\/ayuntamiento-y-obispado-acuerdan-por-75-anos-la-cesion-del-castillo-y-callejon-que-comunica-con-la-plaza-de-la-iglesia\/","og_locale":"es_ES","og_type":"article","og_title":"Ayuntamiento y Obispado acuerdan por 75 a\u00f1os la cesi\u00f3n del CASTILLO y CALLEJ\u00d3N que comunica con la Plaza de la Iglesia - MI Ayuntamiento de Caudete","og_description":"P\u00e1gina Oficial del Ayuntamiento de Caudete (Albacete)","og_url":"https:\/\/www.caudete.org\/ayuntamiento\/ayuntamiento-y-obispado-acuerdan-por-75-anos-la-cesion-del-castillo-y-callejon-que-comunica-con-la-plaza-de-la-iglesia\/","og_site_name":"MI Ayuntamiento de Caudete","article_publisher":"https:\/\/www.facebook.com\/ayuntamientocaudete\/","article_published_time":"2022-11-11T09:32:11+00:00","og_image":[{"width":1024,"height":768,"url":"https:\/\/www.caudete.org\/ayuntamiento\/wp-content\/uploads\/2022\/11\/WhatsApp-Image-2022-11-10-at-23.42.37.jpeg","type":"image\/jpeg"}],"author":"alcalde","twitter_card":"summary_large_image","twitter_misc":{"Escrito por":"alcalde","Tiempo de lectura":"2 minutos"},"schema":{"@context":"https:\/\/schema.org","@graph":[{"@type":"Article","@id":"https:\/\/www.caudete.org\/ayuntamiento\/ayuntamiento-y-obispado-acuerdan-por-75-anos-la-cesion-del-castillo-y-callejon-que-comunica-con-la-plaza-de-la-iglesia\/#article","isPartOf":{"@id":"https:\/\/www.caudete.org\/ayuntamiento\/ayuntamiento-y-obispado-acuerdan-por-75-anos-la-cesion-del-castillo-y-callejon-que-comunica-con-la-plaza-de-la-iglesia\/"},"author":{"name":"alcalde","@id":"https:\/\/www.caudete.org\/ayuntamiento\/#\/schema\/person\/cc646da9133078ee4d8dd47457947253"},"headline":"Ayuntamiento y Obispado acuerdan por 75 a\u00f1os la cesi\u00f3n del CASTILLO y CALLEJ\u00d3N que comunica con la Plaza de la Iglesia","datePublished":"2022-11-11T09:32:11+00:00","mainEntityOfPage":{"@id":"https:\/\/www.caudete.org\/ayuntamiento\/ayuntamiento-y-obispado-acuerdan-por-75-anos-la-cesion-del-castillo-y-callejon-que-comunica-con-la-plaza-de-la-iglesia\/"},"wordCount":247,"image":{"@id":"https:\/\/www.caudete.org\/ayuntamiento\/ayuntamiento-y-obispado-acuerdan-por-75-anos-la-cesion-del-castillo-y-callejon-que-comunica-con-la-plaza-de-la-iglesia\/#primaryimage"},"thumbnailUrl":"https:\/\/www.caudete.org\/ayuntamiento\/wp-content\/uploads\/2022\/11\/WhatsApp-Image-2022-11-10-at-23.42.37.jpeg","articleSection":["Patrimonio"],"inLanguage":"es"},{"@type":"WebPage","@id":"https:\/\/www.caudete.org\/ayuntamiento\/ayuntamiento-y-obispado-acuerdan-por-75-anos-la-cesion-del-castillo-y-callejon-que-comunica-con-la-plaza-de-la-iglesia\/","url":"https:\/\/www.caudete.org\/ayuntamiento\/ayuntamiento-y-obispado-acuerdan-por-75-anos-la-cesion-del-castillo-y-callejon-que-comunica-con-la-plaza-de-la-iglesia\/","name":"Ayuntamiento y Obispado acuerdan por 75 a\u00f1os la cesi\u00f3n del CASTILLO y CALLEJ\u00d3N que comunica con la Plaza de la Iglesia - MI Ayuntamiento de Caudete","isPartOf":{"@id":"https:\/\/www.caudete.org\/ayuntamiento\/#website"},"primaryImageOfPage":{"@id":"https:\/\/www.caudete.org\/ayuntamiento\/ayuntamiento-y-obispado-acuerdan-por-75-anos-la-cesion-del-castillo-y-callejon-que-comunica-con-la-plaza-de-la-iglesia\/#primaryimage"},"image":{"@id":"https:\/\/www.caudete.org\/ayuntamiento\/ayuntamiento-y-obispado-acuerdan-por-75-anos-la-cesion-del-castillo-y-callejon-que-comunica-con-la-plaza-de-la-iglesia\/#primaryimage"},"thumbnailUrl":"https:\/\/www.caudete.org\/ayuntamiento\/wp-content\/uploads\/2022\/11\/WhatsApp-Image-2022-11-10-at-23.42.37.jpeg","datePublished":"2022-11-11T09:32:11+00:00","author":{"@id":"https:\/\/www.caudete.org\/ayuntamiento\/#\/schema\/person\/cc646da9133078ee4d8dd47457947253"},"description":"P\u00e1gina Oficial del Ayuntamiento de Caudete (Albacete)","breadcrumb":{"@id":"https:\/\/www.caudete.org\/ayuntamiento\/ayuntamiento-y-obispado-acuerdan-por-75-anos-la-cesion-del-castillo-y-callejon-que-comunica-con-la-plaza-de-la-iglesia\/#breadcrumb"},"inLanguage":"es","potentialAction":[{"@type":"ReadAction","target":["https:\/\/www.caudete.org\/ayuntamiento\/ayuntamiento-y-obispado-acuerdan-por-75-anos-la-cesion-del-castillo-y-callejon-que-comunica-con-la-plaza-de-la-iglesia\/"]}]},{"@type":"ImageObject","inLanguage":"es","@id":"https:\/\/www.caudete.org\/ayuntamiento\/ayuntamiento-y-obispado-acuerdan-por-75-anos-la-cesion-del-castillo-y-callejon-que-comunica-con-la-plaza-de-la-iglesia\/#primaryimage","url":"https:\/\/www.caudete.org\/ayuntamiento\/wp-content\/uploads\/2022\/11\/WhatsApp-Image-2022-11-10-at-23.42.37.jpeg","contentUrl":"https:\/\/www.caudete.org\/ayuntamiento\/wp-content\/uploads\/2022\/11\/WhatsApp-Image-2022-11-10-at-23.42.37.jpeg","width":1024,"height":768},{"@type":"BreadcrumbList","@id":"https:\/\/www.caudete.org\/ayuntamiento\/ayuntamiento-y-obispado-acuerdan-por-75-anos-la-cesion-del-castillo-y-callejon-que-comunica-con-la-plaza-de-la-iglesia\/#breadcrumb","itemListElement":[{"@type":"ListItem","position":1,"name":"Inicio","item":"https:\/\/www.caudete.org\/ayuntamiento\/"},{"@type":"ListItem","position":2,"name":"Ayuntamiento y Obispado acuerdan por 75 a\u00f1os la cesi\u00f3n del CASTILLO y CALLEJ\u00d3N que comunica con la Plaza de la Iglesia"}]},{"@type":"WebSite","@id":"https:\/\/www.caudete.org\/ayuntamiento\/#website","url":"https:\/\/www.caudete.org\/ayuntamiento\/","name":"MI Ayuntamiento de Caudete","description":"P\u00e1gina Oficial del MI Ayuntamiento de Caudete","potentialAction":[{"@type":"SearchAction","target":{"@type":"EntryPoint","urlTemplate":"https:\/\/www.caudete.org\/ayuntamiento\/?s={search_term_string}"},"query-input":{"@type":"PropertyValueSpecification","valueRequired":true,"valueName":"search_term_string"}}],"inLanguage":"es"},{"@type":"Person","@id":"https:\/\/www.caudete.org\/ayuntamiento\/#\/schema\/person\/cc646da9133078ee4d8dd47457947253","name":"alcalde","image":{"@type":"ImageObject","inLanguage":"es","@id":"https:\/\/secure.gravatar.com\/avatar\/84a817ba065b29ff08d666b215a215f5c79186a645ccb25b14a663d48a130f77?s=96&d=mm&r=g","url":"https:\/\/secure.gravatar.com\/avatar\/84a817ba065b29ff08d666b215a215f5c79186a645ccb25b14a663d48a130f77?s=96&d=mm&r=g","contentUrl":"https:\/\/secure.gravatar.com\/avatar\/84a817ba065b29ff08d666b215a215f5c79186a645ccb25b14a663d48a130f77?s=96&d=mm&r=g","caption":"alcalde"},"url":"https:\/\/www.caudete.org\/ayuntamiento\/author\/alcalde\/"}]}},"_links":{"self":[{"href":"https:\/\/www.caudete.org\/ayuntamiento\/wp-json\/wp\/v2\/posts\/20541","targetHints":{"allow":["GET"]}}],"collection":[{"href":"https:\/\/www.caudete.org\/ayuntamiento\/wp-json\/wp\/v2\/posts"}],"about":[{"href":"https:\/\/www.caudete.org\/ayuntamiento\/wp-json\/wp\/v2\/types\/post"}],"author":[{"embeddable":true,"href":"https:\/\/www.caudete.org\/ayuntamiento\/wp-json\/wp\/v2\/users\/3"}],"replies":[{"embeddable":true,"href":"https:\/\/www.caudete.org\/ayuntamiento\/wp-json\/wp\/v2\/comments?post=20541"}],"version-history":[{"count":1,"href":"https:\/\/www.caudete.org\/ayuntamiento\/wp-json\/wp\/v2\/posts\/20541\/revisions"}],"predecessor-version":[{"id":20544,"href":"https:\/\/www.caudete.org\/ayuntamiento\/wp-json\/wp\/v2\/posts\/20541\/revisions\/20544"}],"wp:featuredmedia":[{"embeddable":true,"href":"https:\/\/www.caudete.org\/ayuntamiento\/wp-json\/wp\/v2\/media\/20543"}],"wp:attachment":[{"href":"https:\/\/www.caudete.org\/ayuntamiento\/wp-json\/wp\/v2\/media?parent=20541"}],"wp:term":[{"taxonomy":"category","embeddable":true,"href":"https:\/\/www.caudete.org\/ayuntamiento\/wp-json\/wp\/v2\/categories?post=20541"},{"taxonomy":"post_tag","embeddable":true,"href":"https:\/\/www.caudete.org\/ayuntamiento\/wp-json\/wp\/v2\/tags?post=20541"}],"curies":[{"name":"wp","href":"https:\/\/api.w.org\/{rel}","templated":true}]}}