{"id":20554,"date":"2022-11-14T09:01:11","date_gmt":"2022-11-14T08:01:11","guid":{"rendered":"https:\/\/www.caudete.org\/ayuntamiento\/?p=20554"},"modified":"2022-11-13T22:33:30","modified_gmt":"2022-11-13T21:33:30","slug":"el-alcalde-recurre-la-resolucion-provisional-del-taller-de-empleo-recual-la-que-tacha-de-total-opacidad","status":"publish","type":"post","link":"https:\/\/www.caudete.org\/ayuntamiento\/el-alcalde-recurre-la-resolucion-provisional-del-taller-de-empleo-recual-la-que-tacha-de-total-opacidad\/","title":{"rendered":"El Alcalde recurre la Resoluci\u00f3n Provisional del Taller de Empleo RECUAL, la que tacha de &#8220;total opacidad&#8221;"},"content":{"rendered":"<p style=\"text-align: justify;\">Conocida la Resoluci\u00f3n provisional de concesi\u00f3n de subvenciones para la realizaci\u00f3n de programas para la Recualificaci\u00f3n y el Reciclaje Profesional para el ejercicio 2022, de fecha 02\/11\/2022, el cuerpo T\u00e9cnico del Ayuntamiento, apoyados por el Alcalde han elaborado y presentado alegaciones a dicha Resoluci\u00f3n por no considerarlas justas ni equitativas, tach\u00e1ndola incluso el propio Alcalde Mois\u00e9s L\u00f3pez de &#8220;total opacidad&#8221;.<\/p>\n<p style=\"text-align: justify;\">La resoluci\u00f3n otorga para la provincia de Albacete un total de 35 solicitudes y se deniegan hasta 23 solicitudes, bajo la justificaci\u00f3n de &#8220;<em>falta cr\u00e9dito presupuestario<\/em>&#8220;. Adem\u00e1s, &#8220;<em>resulta curioso el motivo, cuando es sabido que la JCCM ha obtenido exceso de recaudaci\u00f3n por la inflacci\u00f3n que vivimos&#8221;<\/em>, matizaba el Alcalde. No obstante, curiosa es tambi\u00e9n la casilla de la puntuaci\u00f3n, que fija el total de puntos obtenidos para cada solicitante, pero no detalla la suma para cada una de ellas, por lo que es imposible saber en qu\u00e9 apartados se ha puntuado a la baja.<\/p>\n<p style=\"text-align: justify;\">Caudete figura dentro de las 23 denegadas, y por tercer a\u00f1o consecutivo. Mientras, otras poblaciones de la provincia llevan hasta 3 convocatorias seguidas siendo beneficiarias, o lo m\u00e1s irritante, que dos poblaciones (Hell\u00edn y Albacete) se le hayan concedido hasta 2 proyectos, quedando 23 pueblos de la provincia fuera, algo que tilda el primer Edil como &#8220;<em>poco \u00e9tico, y nada equitativo con la que est\u00e1 cayendo<\/em>&#8220;.<\/p>\n<p style=\"text-align: justify;\">El documento enviado oficialmente por el Consistorio, estudia y analiza cada uno de los apartados que la convocatoria establec\u00eda como baremables, con un juicio a su parte de la puntuaci\u00f3n en la que podr\u00eda moverse la solicitud caudetana. No obstante, se ha hecho necesario recurrir a la LPAC para la defensa de los intereses de la localidad dentro de la convocatoria, de forma que se solicita a la JCCM que aporte la documentaci\u00f3n completa por la que ha sido baremada en cada uno de los apartados la solicitud caudetana, as\u00ed como las del resto presentadas, para su comparaci\u00f3n. Y como no, al amparo de dicha normativa, se solicita la suspensi\u00f3n del procedimiento de alegaciones en tanto en cuanto no sea aportada la documentaci\u00f3n solicitada para poder realizar con garant\u00edas la alegaci\u00f3n pertinente.<\/p>\n<p style=\"text-align: justify;\">Si la \u00faltima solicitud\u00a0 beneficiaria ha quedado puntuada en 51, la de Caudete suma 47 (y en esta puntuaci\u00f3n hay 3 poblaciones m\u00e1s). Sin embargo, del estudio que los T\u00e9cnicos Municipales han realizado, se extrae que Caudete, al menos, y en aplicaci\u00f3n de las bases que rigen la convocatoria, deber\u00eda haber superado los 50 puntos son solvencia suficiente.<\/p>\n<p style=\"text-align: justify;\">Con las alegaciones presentadas, detallaba el Alcalde que &#8220;no se trata de que quiten subvenci\u00f3n a unos, para d\u00e1rsela a otros&#8221; sino que lo que trata es de &#8220;<em>defender los derechos de Caudete, y revisar con total garant\u00eda el proceso llevado a cabo<\/em>&#8221; todo ello porque de la lectura de la Resoluci\u00f3n provisional se deduce &#8220;<em>total opacidad<\/em>&#8220;. De esta forma, &#8220;<em>si tras el an\u00e1lisis de la documentaci\u00f3n solicitada, Caudete no ha sido puntuado conforme a las Bases, se defender\u00e1 la solicitud hasta el final<\/em>&#8220;<\/p>\n<p style=\"text-align: justify;\">A\u00f1ad\u00eda el Alcalde que &#8220;<em>desde la JCCM tiene muy f\u00e1cil poder atender a las solicitudes&#8221;<\/em> que han quedado fuera por falta de cr\u00e9dito presupuestario, puesto que &#8220;<em>del exceso de recaudaci\u00f3n obtenido en el presente 2022 puede destinarse una parte a atender estos planes de empleo<\/em>&#8220;.<\/p>\n","protected":false},"excerpt":{"rendered":"<p>Conocida la Resoluci\u00f3n provisional de concesi\u00f3n de subvenciones para la realizaci\u00f3n de programas para la Recualificaci\u00f3n y el Reciclaje Profesional para el ejercicio 2022, de fecha 02\/11\/2022, el cuerpo T\u00e9cnico del Ayuntamiento, apoyados por el Alcalde han elaborado y presentado alegaciones a dicha Resoluci\u00f3n por no considerarlas justas ni equitativas, tach\u00e1ndola incluso el propio Alcalde &hellip;<\/p>\n","protected":false},"author":3,"featured_media":20556,"comment_status":"closed","ping_status":"open","sticky":false,"template":"","format":"standard","meta":{"ngg_post_thumbnail":0,"footnotes":""},"categories":[37],"tags":[],"class_list":["post-20554","post","type-post","status-publish","format-standard","has-post-thumbnail","hentry","category-empleo-y-formacion"],"yoast_head":"<!-- This site is optimized with the Yoast SEO plugin v27.4 - https:\/\/yoast.com\/product\/yoast-seo-wordpress\/ -->\n<title>El Alcalde recurre la Resoluci\u00f3n Provisional del Taller de Empleo RECUAL, la que tacha de &quot;total opacidad&quot; - MI Ayuntamiento de Caudete<\/title>\n<meta name=\"description\" content=\"P\u00e1gina Oficial del Ayuntamiento de Caudete (Albacete)\" \/>\n<meta name=\"robots\" content=\"index, follow, max-snippet:-1, max-image-preview:large, max-video-preview:-1\" \/>\n<link rel=\"canonical\" href=\"https:\/\/www.caudete.org\/ayuntamiento\/el-alcalde-recurre-la-resolucion-provisional-del-taller-de-empleo-recual-la-que-tacha-de-total-opacidad\/\" \/>\n<meta property=\"og:locale\" content=\"es_ES\" \/>\n<meta property=\"og:type\" content=\"article\" \/>\n<meta property=\"og:title\" content=\"El Alcalde recurre la Resoluci\u00f3n Provisional del Taller de Empleo RECUAL, la que tacha de &quot;total opacidad&quot; - MI Ayuntamiento de Caudete\" \/>\n<meta property=\"og:description\" content=\"P\u00e1gina Oficial del Ayuntamiento de Caudete (Albacete)\" \/>\n<meta property=\"og:url\" content=\"https:\/\/www.caudete.org\/ayuntamiento\/el-alcalde-recurre-la-resolucion-provisional-del-taller-de-empleo-recual-la-que-tacha-de-total-opacidad\/\" \/>\n<meta property=\"og:site_name\" content=\"MI Ayuntamiento de Caudete\" \/>\n<meta property=\"article:publisher\" content=\"https:\/\/www.facebook.com\/ayuntamientocaudete\/\" \/>\n<meta property=\"article:published_time\" content=\"2022-11-14T08:01:11+00:00\" \/>\n<meta property=\"og:image\" content=\"https:\/\/www.caudete.org\/ayuntamiento\/wp-content\/uploads\/2022\/11\/Captura-de-pantalla-2022-11-13-220243.jpg\" \/>\n\t<meta property=\"og:image:width\" content=\"813\" \/>\n\t<meta property=\"og:image:height\" content=\"687\" \/>\n\t<meta property=\"og:image:type\" content=\"image\/jpeg\" \/>\n<meta name=\"author\" content=\"alcalde\" \/>\n<meta name=\"twitter:card\" content=\"summary_large_image\" \/>\n<meta name=\"twitter:label1\" content=\"Escrito por\" \/>\n\t<meta name=\"twitter:data1\" content=\"alcalde\" \/>\n\t<meta name=\"twitter:label2\" content=\"Tiempo de lectura\" \/>\n\t<meta name=\"twitter:data2\" content=\"3 minutos\" \/>\n<script type=\"application\/ld+json\" class=\"yoast-schema-graph\">{\"@context\":\"https:\\\/\\\/schema.org\",\"@graph\":[{\"@type\":\"Article\",\"@id\":\"https:\\\/\\\/www.caudete.org\\\/ayuntamiento\\\/el-alcalde-recurre-la-resolucion-provisional-del-taller-de-empleo-recual-la-que-tacha-de-total-opacidad\\\/#article\",\"isPartOf\":{\"@id\":\"https:\\\/\\\/www.caudete.org\\\/ayuntamiento\\\/el-alcalde-recurre-la-resolucion-provisional-del-taller-de-empleo-recual-la-que-tacha-de-total-opacidad\\\/\"},\"author\":{\"name\":\"alcalde\",\"@id\":\"https:\\\/\\\/www.caudete.org\\\/ayuntamiento\\\/#\\\/schema\\\/person\\\/cc646da9133078ee4d8dd47457947253\"},\"headline\":\"El Alcalde recurre la Resoluci\u00f3n Provisional del Taller de Empleo RECUAL, la que tacha de &#8220;total opacidad&#8221;\",\"datePublished\":\"2022-11-14T08:01:11+00:00\",\"mainEntityOfPage\":{\"@id\":\"https:\\\/\\\/www.caudete.org\\\/ayuntamiento\\\/el-alcalde-recurre-la-resolucion-provisional-del-taller-de-empleo-recual-la-que-tacha-de-total-opacidad\\\/\"},\"wordCount\":590,\"publisher\":{\"@id\":\"https:\\\/\\\/www.caudete.org\\\/ayuntamiento\\\/#organization\"},\"image\":{\"@id\":\"https:\\\/\\\/www.caudete.org\\\/ayuntamiento\\\/el-alcalde-recurre-la-resolucion-provisional-del-taller-de-empleo-recual-la-que-tacha-de-total-opacidad\\\/#primaryimage\"},\"thumbnailUrl\":\"https:\\\/\\\/www.caudete.org\\\/ayuntamiento\\\/wp-content\\\/uploads\\\/2022\\\/11\\\/Captura-de-pantalla-2022-11-13-220243.jpg\",\"articleSection\":[\"Empleo y Formaci\u00f3n\"],\"inLanguage\":\"es\"},{\"@type\":\"WebPage\",\"@id\":\"https:\\\/\\\/www.caudete.org\\\/ayuntamiento\\\/el-alcalde-recurre-la-resolucion-provisional-del-taller-de-empleo-recual-la-que-tacha-de-total-opacidad\\\/\",\"url\":\"https:\\\/\\\/www.caudete.org\\\/ayuntamiento\\\/el-alcalde-recurre-la-resolucion-provisional-del-taller-de-empleo-recual-la-que-tacha-de-total-opacidad\\\/\",\"name\":\"El Alcalde recurre la Resoluci\u00f3n Provisional del Taller de Empleo RECUAL, la que tacha de \\\"total opacidad\\\" - MI Ayuntamiento de Caudete\",\"isPartOf\":{\"@id\":\"https:\\\/\\\/www.caudete.org\\\/ayuntamiento\\\/#website\"},\"primaryImageOfPage\":{\"@id\":\"https:\\\/\\\/www.caudete.org\\\/ayuntamiento\\\/el-alcalde-recurre-la-resolucion-provisional-del-taller-de-empleo-recual-la-que-tacha-de-total-opacidad\\\/#primaryimage\"},\"image\":{\"@id\":\"https:\\\/\\\/www.caudete.org\\\/ayuntamiento\\\/el-alcalde-recurre-la-resolucion-provisional-del-taller-de-empleo-recual-la-que-tacha-de-total-opacidad\\\/#primaryimage\"},\"thumbnailUrl\":\"https:\\\/\\\/www.caudete.org\\\/ayuntamiento\\\/wp-content\\\/uploads\\\/2022\\\/11\\\/Captura-de-pantalla-2022-11-13-220243.jpg\",\"datePublished\":\"2022-11-14T08:01:11+00:00\",\"description\":\"P\u00e1gina Oficial del Ayuntamiento de Caudete (Albacete)\",\"breadcrumb\":{\"@id\":\"https:\\\/\\\/www.caudete.org\\\/ayuntamiento\\\/el-alcalde-recurre-la-resolucion-provisional-del-taller-de-empleo-recual-la-que-tacha-de-total-opacidad\\\/#breadcrumb\"},\"inLanguage\":\"es\",\"potentialAction\":[{\"@type\":\"ReadAction\",\"target\":[\"https:\\\/\\\/www.caudete.org\\\/ayuntamiento\\\/el-alcalde-recurre-la-resolucion-provisional-del-taller-de-empleo-recual-la-que-tacha-de-total-opacidad\\\/\"]}]},{\"@type\":\"ImageObject\",\"inLanguage\":\"es\",\"@id\":\"https:\\\/\\\/www.caudete.org\\\/ayuntamiento\\\/el-alcalde-recurre-la-resolucion-provisional-del-taller-de-empleo-recual-la-que-tacha-de-total-opacidad\\\/#primaryimage\",\"url\":\"https:\\\/\\\/www.caudete.org\\\/ayuntamiento\\\/wp-content\\\/uploads\\\/2022\\\/11\\\/Captura-de-pantalla-2022-11-13-220243.jpg\",\"contentUrl\":\"https:\\\/\\\/www.caudete.org\\\/ayuntamiento\\\/wp-content\\\/uploads\\\/2022\\\/11\\\/Captura-de-pantalla-2022-11-13-220243.jpg\",\"width\":813,\"height\":687},{\"@type\":\"BreadcrumbList\",\"@id\":\"https:\\\/\\\/www.caudete.org\\\/ayuntamiento\\\/el-alcalde-recurre-la-resolucion-provisional-del-taller-de-empleo-recual-la-que-tacha-de-total-opacidad\\\/#breadcrumb\",\"itemListElement\":[{\"@type\":\"ListItem\",\"position\":1,\"name\":\"Inicio\",\"item\":\"https:\\\/\\\/www.caudete.org\\\/ayuntamiento\\\/\"},{\"@type\":\"ListItem\",\"position\":2,\"name\":\"El Alcalde recurre la Resoluci\u00f3n Provisional del Taller de Empleo RECUAL, la que tacha de &#8220;total opacidad&#8221;\"}]},{\"@type\":\"WebSite\",\"@id\":\"https:\\\/\\\/www.caudete.org\\\/ayuntamiento\\\/#website\",\"url\":\"https:\\\/\\\/www.caudete.org\\\/ayuntamiento\\\/\",\"name\":\"MI Ayuntamiento de Caudete\",\"description\":\"P\u00e1gina Oficial del MI Ayuntamiento de Caudete\",\"publisher\":{\"@id\":\"https:\\\/\\\/www.caudete.org\\\/ayuntamiento\\\/#organization\"},\"potentialAction\":[{\"@type\":\"SearchAction\",\"target\":{\"@type\":\"EntryPoint\",\"urlTemplate\":\"https:\\\/\\\/www.caudete.org\\\/ayuntamiento\\\/?s={search_term_string}\"},\"query-input\":{\"@type\":\"PropertyValueSpecification\",\"valueRequired\":true,\"valueName\":\"search_term_string\"}}],\"inLanguage\":\"es\"},{\"@type\":\"Organization\",\"@id\":\"https:\\\/\\\/www.caudete.org\\\/ayuntamiento\\\/#organization\",\"name\":\"Ayuntamiento de Caudete\",\"url\":\"https:\\\/\\\/www.caudete.org\\\/ayuntamiento\\\/\",\"logo\":{\"@type\":\"ImageObject\",\"inLanguage\":\"es\",\"@id\":\"https:\\\/\\\/www.caudete.org\\\/ayuntamiento\\\/#\\\/schema\\\/logo\\\/image\\\/\",\"url\":\"https:\\\/\\\/www.caudete.org\\\/ayuntamiento\\\/wp-content\\\/uploads\\\/2020\\\/11\\\/logo_ayuntamiento_caudete.jpg\",\"contentUrl\":\"https:\\\/\\\/www.caudete.org\\\/ayuntamiento\\\/wp-content\\\/uploads\\\/2020\\\/11\\\/logo_ayuntamiento_caudete.jpg\",\"width\":600,\"height\":150,\"caption\":\"Ayuntamiento de Caudete\"},\"image\":{\"@id\":\"https:\\\/\\\/www.caudete.org\\\/ayuntamiento\\\/#\\\/schema\\\/logo\\\/image\\\/\"},\"sameAs\":[\"https:\\\/\\\/www.facebook.com\\\/ayuntamientocaudete\\\/\",\"https:\\\/\\\/www.youtube.com\\\/channel\\\/UC6VztHaooNsGpw-tNoBEFnQ\"]},{\"@type\":\"Person\",\"@id\":\"https:\\\/\\\/www.caudete.org\\\/ayuntamiento\\\/#\\\/schema\\\/person\\\/cc646da9133078ee4d8dd47457947253\",\"name\":\"alcalde\",\"image\":{\"@type\":\"ImageObject\",\"inLanguage\":\"es\",\"@id\":\"https:\\\/\\\/secure.gravatar.com\\\/avatar\\\/84a817ba065b29ff08d666b215a215f5c79186a645ccb25b14a663d48a130f77?s=96&d=mm&r=g\",\"url\":\"https:\\\/\\\/secure.gravatar.com\\\/avatar\\\/84a817ba065b29ff08d666b215a215f5c79186a645ccb25b14a663d48a130f77?s=96&d=mm&r=g\",\"contentUrl\":\"https:\\\/\\\/secure.gravatar.com\\\/avatar\\\/84a817ba065b29ff08d666b215a215f5c79186a645ccb25b14a663d48a130f77?s=96&d=mm&r=g\",\"caption\":\"alcalde\"},\"url\":\"https:\\\/\\\/www.caudete.org\\\/ayuntamiento\\\/author\\\/alcalde\\\/\"}]}<\/script>\n<!-- \/ Yoast SEO plugin. -->","yoast_head_json":{"title":"El Alcalde recurre la Resoluci\u00f3n Provisional del Taller de Empleo RECUAL, la que tacha de \"total opacidad\" - MI Ayuntamiento de Caudete","description":"P\u00e1gina Oficial del Ayuntamiento de Caudete (Albacete)","robots":{"index":"index","follow":"follow","max-snippet":"max-snippet:-1","max-image-preview":"max-image-preview:large","max-video-preview":"max-video-preview:-1"},"canonical":"https:\/\/www.caudete.org\/ayuntamiento\/el-alcalde-recurre-la-resolucion-provisional-del-taller-de-empleo-recual-la-que-tacha-de-total-opacidad\/","og_locale":"es_ES","og_type":"article","og_title":"El Alcalde recurre la Resoluci\u00f3n Provisional del Taller de Empleo RECUAL, la que tacha de \"total opacidad\" - MI Ayuntamiento de Caudete","og_description":"P\u00e1gina Oficial del Ayuntamiento de Caudete (Albacete)","og_url":"https:\/\/www.caudete.org\/ayuntamiento\/el-alcalde-recurre-la-resolucion-provisional-del-taller-de-empleo-recual-la-que-tacha-de-total-opacidad\/","og_site_name":"MI Ayuntamiento de Caudete","article_publisher":"https:\/\/www.facebook.com\/ayuntamientocaudete\/","article_published_time":"2022-11-14T08:01:11+00:00","og_image":[{"width":813,"height":687,"url":"https:\/\/www.caudete.org\/ayuntamiento\/wp-content\/uploads\/2022\/11\/Captura-de-pantalla-2022-11-13-220243.jpg","type":"image\/jpeg"}],"author":"alcalde","twitter_card":"summary_large_image","twitter_misc":{"Escrito por":"alcalde","Tiempo de lectura":"3 minutos"},"schema":{"@context":"https:\/\/schema.org","@graph":[{"@type":"Article","@id":"https:\/\/www.caudete.org\/ayuntamiento\/el-alcalde-recurre-la-resolucion-provisional-del-taller-de-empleo-recual-la-que-tacha-de-total-opacidad\/#article","isPartOf":{"@id":"https:\/\/www.caudete.org\/ayuntamiento\/el-alcalde-recurre-la-resolucion-provisional-del-taller-de-empleo-recual-la-que-tacha-de-total-opacidad\/"},"author":{"name":"alcalde","@id":"https:\/\/www.caudete.org\/ayuntamiento\/#\/schema\/person\/cc646da9133078ee4d8dd47457947253"},"headline":"El Alcalde recurre la Resoluci\u00f3n Provisional del Taller de Empleo RECUAL, la que tacha de &#8220;total opacidad&#8221;","datePublished":"2022-11-14T08:01:11+00:00","mainEntityOfPage":{"@id":"https:\/\/www.caudete.org\/ayuntamiento\/el-alcalde-recurre-la-resolucion-provisional-del-taller-de-empleo-recual-la-que-tacha-de-total-opacidad\/"},"wordCount":590,"publisher":{"@id":"https:\/\/www.caudete.org\/ayuntamiento\/#organization"},"image":{"@id":"https:\/\/www.caudete.org\/ayuntamiento\/el-alcalde-recurre-la-resolucion-provisional-del-taller-de-empleo-recual-la-que-tacha-de-total-opacidad\/#primaryimage"},"thumbnailUrl":"https:\/\/www.caudete.org\/ayuntamiento\/wp-content\/uploads\/2022\/11\/Captura-de-pantalla-2022-11-13-220243.jpg","articleSection":["Empleo y Formaci\u00f3n"],"inLanguage":"es"},{"@type":"WebPage","@id":"https:\/\/www.caudete.org\/ayuntamiento\/el-alcalde-recurre-la-resolucion-provisional-del-taller-de-empleo-recual-la-que-tacha-de-total-opacidad\/","url":"https:\/\/www.caudete.org\/ayuntamiento\/el-alcalde-recurre-la-resolucion-provisional-del-taller-de-empleo-recual-la-que-tacha-de-total-opacidad\/","name":"El Alcalde recurre la Resoluci\u00f3n Provisional del Taller de Empleo RECUAL, la que tacha de \"total opacidad\" - MI Ayuntamiento de Caudete","isPartOf":{"@id":"https:\/\/www.caudete.org\/ayuntamiento\/#website"},"primaryImageOfPage":{"@id":"https:\/\/www.caudete.org\/ayuntamiento\/el-alcalde-recurre-la-resolucion-provisional-del-taller-de-empleo-recual-la-que-tacha-de-total-opacidad\/#primaryimage"},"image":{"@id":"https:\/\/www.caudete.org\/ayuntamiento\/el-alcalde-recurre-la-resolucion-provisional-del-taller-de-empleo-recual-la-que-tacha-de-total-opacidad\/#primaryimage"},"thumbnailUrl":"https:\/\/www.caudete.org\/ayuntamiento\/wp-content\/uploads\/2022\/11\/Captura-de-pantalla-2022-11-13-220243.jpg","datePublished":"2022-11-14T08:01:11+00:00","description":"P\u00e1gina Oficial del Ayuntamiento de Caudete (Albacete)","breadcrumb":{"@id":"https:\/\/www.caudete.org\/ayuntamiento\/el-alcalde-recurre-la-resolucion-provisional-del-taller-de-empleo-recual-la-que-tacha-de-total-opacidad\/#breadcrumb"},"inLanguage":"es","potentialAction":[{"@type":"ReadAction","target":["https:\/\/www.caudete.org\/ayuntamiento\/el-alcalde-recurre-la-resolucion-provisional-del-taller-de-empleo-recual-la-que-tacha-de-total-opacidad\/"]}]},{"@type":"ImageObject","inLanguage":"es","@id":"https:\/\/www.caudete.org\/ayuntamiento\/el-alcalde-recurre-la-resolucion-provisional-del-taller-de-empleo-recual-la-que-tacha-de-total-opacidad\/#primaryimage","url":"https:\/\/www.caudete.org\/ayuntamiento\/wp-content\/uploads\/2022\/11\/Captura-de-pantalla-2022-11-13-220243.jpg","contentUrl":"https:\/\/www.caudete.org\/ayuntamiento\/wp-content\/uploads\/2022\/11\/Captura-de-pantalla-2022-11-13-220243.jpg","width":813,"height":687},{"@type":"BreadcrumbList","@id":"https:\/\/www.caudete.org\/ayuntamiento\/el-alcalde-recurre-la-resolucion-provisional-del-taller-de-empleo-recual-la-que-tacha-de-total-opacidad\/#breadcrumb","itemListElement":[{"@type":"ListItem","position":1,"name":"Inicio","item":"https:\/\/www.caudete.org\/ayuntamiento\/"},{"@type":"ListItem","position":2,"name":"El Alcalde recurre la Resoluci\u00f3n Provisional del Taller de Empleo RECUAL, la que tacha de &#8220;total opacidad&#8221;"}]},{"@type":"WebSite","@id":"https:\/\/www.caudete.org\/ayuntamiento\/#website","url":"https:\/\/www.caudete.org\/ayuntamiento\/","name":"MI Ayuntamiento de Caudete","description":"P\u00e1gina Oficial del MI Ayuntamiento de Caudete","publisher":{"@id":"https:\/\/www.caudete.org\/ayuntamiento\/#organization"},"potentialAction":[{"@type":"SearchAction","target":{"@type":"EntryPoint","urlTemplate":"https:\/\/www.caudete.org\/ayuntamiento\/?s={search_term_string}"},"query-input":{"@type":"PropertyValueSpecification","valueRequired":true,"valueName":"search_term_string"}}],"inLanguage":"es"},{"@type":"Organization","@id":"https:\/\/www.caudete.org\/ayuntamiento\/#organization","name":"Ayuntamiento de Caudete","url":"https:\/\/www.caudete.org\/ayuntamiento\/","logo":{"@type":"ImageObject","inLanguage":"es","@id":"https:\/\/www.caudete.org\/ayuntamiento\/#\/schema\/logo\/image\/","url":"https:\/\/www.caudete.org\/ayuntamiento\/wp-content\/uploads\/2020\/11\/logo_ayuntamiento_caudete.jpg","contentUrl":"https:\/\/www.caudete.org\/ayuntamiento\/wp-content\/uploads\/2020\/11\/logo_ayuntamiento_caudete.jpg","width":600,"height":150,"caption":"Ayuntamiento de Caudete"},"image":{"@id":"https:\/\/www.caudete.org\/ayuntamiento\/#\/schema\/logo\/image\/"},"sameAs":["https:\/\/www.facebook.com\/ayuntamientocaudete\/","https:\/\/www.youtube.com\/channel\/UC6VztHaooNsGpw-tNoBEFnQ"]},{"@type":"Person","@id":"https:\/\/www.caudete.org\/ayuntamiento\/#\/schema\/person\/cc646da9133078ee4d8dd47457947253","name":"alcalde","image":{"@type":"ImageObject","inLanguage":"es","@id":"https:\/\/secure.gravatar.com\/avatar\/84a817ba065b29ff08d666b215a215f5c79186a645ccb25b14a663d48a130f77?s=96&d=mm&r=g","url":"https:\/\/secure.gravatar.com\/avatar\/84a817ba065b29ff08d666b215a215f5c79186a645ccb25b14a663d48a130f77?s=96&d=mm&r=g","contentUrl":"https:\/\/secure.gravatar.com\/avatar\/84a817ba065b29ff08d666b215a215f5c79186a645ccb25b14a663d48a130f77?s=96&d=mm&r=g","caption":"alcalde"},"url":"https:\/\/www.caudete.org\/ayuntamiento\/author\/alcalde\/"}]}},"_links":{"self":[{"href":"https:\/\/www.caudete.org\/ayuntamiento\/wp-json\/wp\/v2\/posts\/20554","targetHints":{"allow":["GET"]}}],"collection":[{"href":"https:\/\/www.caudete.org\/ayuntamiento\/wp-json\/wp\/v2\/posts"}],"about":[{"href":"https:\/\/www.caudete.org\/ayuntamiento\/wp-json\/wp\/v2\/types\/post"}],"author":[{"embeddable":true,"href":"https:\/\/www.caudete.org\/ayuntamiento\/wp-json\/wp\/v2\/users\/3"}],"replies":[{"embeddable":true,"href":"https:\/\/www.caudete.org\/ayuntamiento\/wp-json\/wp\/v2\/comments?post=20554"}],"version-history":[{"count":2,"href":"https:\/\/www.caudete.org\/ayuntamiento\/wp-json\/wp\/v2\/posts\/20554\/revisions"}],"predecessor-version":[{"id":20557,"href":"https:\/\/www.caudete.org\/ayuntamiento\/wp-json\/wp\/v2\/posts\/20554\/revisions\/20557"}],"wp:featuredmedia":[{"embeddable":true,"href":"https:\/\/www.caudete.org\/ayuntamiento\/wp-json\/wp\/v2\/media\/20556"}],"wp:attachment":[{"href":"https:\/\/www.caudete.org\/ayuntamiento\/wp-json\/wp\/v2\/media?parent=20554"}],"wp:term":[{"taxonomy":"category","embeddable":true,"href":"https:\/\/www.caudete.org\/ayuntamiento\/wp-json\/wp\/v2\/categories?post=20554"},{"taxonomy":"post_tag","embeddable":true,"href":"https:\/\/www.caudete.org\/ayuntamiento\/wp-json\/wp\/v2\/tags?post=20554"}],"curies":[{"name":"wp","href":"https:\/\/api.w.org\/{rel}","templated":true}]}}