{"id":20564,"date":"2022-11-15T09:04:06","date_gmt":"2022-11-15T08:04:06","guid":{"rendered":"https:\/\/www.caudete.org\/ayuntamiento\/?p=20564"},"modified":"2022-11-13T23:27:19","modified_gmt":"2022-11-13T22:27:19","slug":"adjudicada-la-actuacion-de-accesibilidad-en-9-puntos-del-casco-urbano-por-48-279e","status":"publish","type":"post","link":"https:\/\/www.caudete.org\/ayuntamiento\/adjudicada-la-actuacion-de-accesibilidad-en-9-puntos-del-casco-urbano-por-48-279e\/","title":{"rendered":"Adjudicada la actuaci\u00f3n de accesibilidad en 9 puntos del casco urbano por 48.279\u20ac"},"content":{"rendered":"<p style=\"text-align: justify;\">El Gobierno Municipal mediante la Concejal\u00eda de Accesibilidad ha dise\u00f1ado una actuaci\u00f3n dentro del progama <em><strong>CaudeteAccesible<\/strong><\/em> en diferentes puntos del casco urbano con el objetivo de mejorar la accesibilidad eliminando barreras arquitect\u00f3nicas que suponen impedimento para el peat\u00f3n, adem\u00e1s de un foco de riesgos e inseguridad.<\/p>\n<p style=\"text-align: justify;\">La memoria de actuaciones, aprobada por la Junta de Gobierno Local en fecha 21 de Octubre, se cuantificaba en un total de 48.338&#8217;55\u20ac (I.V.A. incluido). Tras el proceso de licitaci\u00f3n llevado a cabo, del total de empresas invitadas al proceso, tan solo dos presentaron oferta, adjudic\u00e1ndose las obras a la m\u00e1s ventajosa por <strong>48.279&#8217;00\u20ac<\/strong>, resultando ser <strong>HB Projects, S.L<\/strong>.<\/p>\n<p style=\"text-align: justify;\">Con el programa dise\u00f1ado se prev\u00e9 <strong>actuar en 9 puntos<\/strong> diferenciados del casco urbano, y supondr\u00e1n una <strong>mejora existente de la accesibilidad<\/strong>. Con ello, se solucionan problemas detectados, puntos negros y solicitudes realizadas por caudetanos, a la misma vez que se va completando en materia de accesibilidad la trama urbana:<\/p>\n<p style=\"padding-left: 80px;\">-N\u00ba 1: Calle El Molino &#8211; Calle La Huerta.<br \/>\n-N\u00ba 2: Calle El Molino (Residencia de Ancianos).<br \/>\n-N\u00ba 3: Calle Poeta Evaristo Ba\u00f1\u00f3n &#8211; Calle Atleta Antonio Amor\u00f3s.<br \/>\n-N\u00ba 4: Calle Echegaray &#8211; Calle Alcalde Luis Pascual.<br \/>\n-N\u00ba 5: Calle Miguel Hern\u00e1ndez (frente a la farmacia).<br \/>\n-N\u00ba 6: Calle Miguel Hern\u00e1ndez (frente a Vertical Shop)<br \/>\n-N\u00ba 7: Calle Atleta Antonio Amor\u00f3s.<br \/>\n-N\u00ba 8: Calle Garc\u00eda Lorca (frente bazar Dafa)<br \/>\n-N\u00ba 9: Atleta Antonio Amor\u00f3s intersecci\u00f3n con Calle Las Eras<\/p>\n<p><a href=\"https:\/\/www.caudete.org\/ayuntamiento\/wp-content\/uploads\/2022\/11\/Captura-de-pantalla-2022-11-13-231348.jpg\" rel='prettyPhoto'><img fetchpriority=\"high\" decoding=\"async\" class=\"aligncenter wp-image-20565 \" src=\"https:\/\/www.caudete.org\/ayuntamiento\/wp-content\/uploads\/2022\/11\/Captura-de-pantalla-2022-11-13-231348-300x198.jpg\" alt=\"\" width=\"520\" height=\"343\" srcset=\"https:\/\/www.caudete.org\/ayuntamiento\/wp-content\/uploads\/2022\/11\/Captura-de-pantalla-2022-11-13-231348-300x198.jpg 300w, https:\/\/www.caudete.org\/ayuntamiento\/wp-content\/uploads\/2022\/11\/Captura-de-pantalla-2022-11-13-231348-768x507.jpg 768w, https:\/\/www.caudete.org\/ayuntamiento\/wp-content\/uploads\/2022\/11\/Captura-de-pantalla-2022-11-13-231348.jpg 978w\" sizes=\"(max-width: 520px) 100vw, 520px\" \/><\/a><\/p>\n","protected":false},"excerpt":{"rendered":"<p>El Gobierno Municipal mediante la Concejal\u00eda de Accesibilidad ha dise\u00f1ado una actuaci\u00f3n dentro del progama CaudeteAccesible en diferentes puntos del casco urbano con el objetivo de mejorar la accesibilidad eliminando barreras arquitect\u00f3nicas que suponen impedimento para el peat\u00f3n, adem\u00e1s de un foco de riesgos e inseguridad. La memoria de actuaciones, aprobada por la Junta de &hellip;<\/p>\n","protected":false},"author":3,"featured_media":20565,"comment_status":"closed","ping_status":"open","sticky":false,"template":"","format":"standard","meta":{"ngg_post_thumbnail":0,"footnotes":""},"categories":[47],"tags":[],"class_list":["post-20564","post","type-post","status-publish","format-standard","has-post-thumbnail","hentry","category-accesibilidad"],"yoast_head":"<!-- This site is optimized with the Yoast SEO plugin v27.4 - https:\/\/yoast.com\/product\/yoast-seo-wordpress\/ -->\n<title>Adjudicada la actuaci\u00f3n de accesibilidad en 9 puntos del casco urbano por 48.279\u20ac - MI Ayuntamiento de Caudete<\/title>\n<meta name=\"description\" content=\"P\u00e1gina Oficial del Ayuntamiento de Caudete (Albacete)\" \/>\n<meta name=\"robots\" content=\"index, follow, max-snippet:-1, max-image-preview:large, max-video-preview:-1\" \/>\n<link rel=\"canonical\" href=\"https:\/\/www.caudete.org\/ayuntamiento\/adjudicada-la-actuacion-de-accesibilidad-en-9-puntos-del-casco-urbano-por-48-279e\/\" \/>\n<meta property=\"og:locale\" content=\"es_ES\" \/>\n<meta property=\"og:type\" content=\"article\" \/>\n<meta property=\"og:title\" content=\"Adjudicada la actuaci\u00f3n de accesibilidad en 9 puntos del casco urbano por 48.279\u20ac - MI Ayuntamiento de Caudete\" \/>\n<meta property=\"og:description\" content=\"P\u00e1gina Oficial del Ayuntamiento de Caudete (Albacete)\" \/>\n<meta property=\"og:url\" content=\"https:\/\/www.caudete.org\/ayuntamiento\/adjudicada-la-actuacion-de-accesibilidad-en-9-puntos-del-casco-urbano-por-48-279e\/\" \/>\n<meta property=\"og:site_name\" content=\"MI Ayuntamiento de Caudete\" \/>\n<meta property=\"article:publisher\" content=\"https:\/\/www.facebook.com\/ayuntamientocaudete\/\" \/>\n<meta property=\"article:published_time\" content=\"2022-11-15T08:04:06+00:00\" \/>\n<meta property=\"og:image\" content=\"https:\/\/www.caudete.org\/ayuntamiento\/wp-content\/uploads\/2022\/11\/Captura-de-pantalla-2022-11-13-231348.jpg\" \/>\n\t<meta property=\"og:image:width\" content=\"978\" \/>\n\t<meta property=\"og:image:height\" content=\"645\" \/>\n\t<meta property=\"og:image:type\" content=\"image\/jpeg\" \/>\n<meta name=\"author\" content=\"alcalde\" \/>\n<meta name=\"twitter:card\" content=\"summary_large_image\" \/>\n<meta name=\"twitter:label1\" content=\"Escrito por\" \/>\n\t<meta name=\"twitter:data1\" content=\"alcalde\" \/>\n\t<meta name=\"twitter:label2\" content=\"Tiempo de lectura\" \/>\n\t<meta name=\"twitter:data2\" content=\"2 minutos\" \/>\n<script type=\"application\/ld+json\" class=\"yoast-schema-graph\">{\"@context\":\"https:\\\/\\\/schema.org\",\"@graph\":[{\"@type\":\"Article\",\"@id\":\"https:\\\/\\\/www.caudete.org\\\/ayuntamiento\\\/adjudicada-la-actuacion-de-accesibilidad-en-9-puntos-del-casco-urbano-por-48-279e\\\/#article\",\"isPartOf\":{\"@id\":\"https:\\\/\\\/www.caudete.org\\\/ayuntamiento\\\/adjudicada-la-actuacion-de-accesibilidad-en-9-puntos-del-casco-urbano-por-48-279e\\\/\"},\"author\":{\"name\":\"alcalde\",\"@id\":\"https:\\\/\\\/www.caudete.org\\\/ayuntamiento\\\/#\\\/schema\\\/person\\\/cc646da9133078ee4d8dd47457947253\"},\"headline\":\"Adjudicada la actuaci\u00f3n de accesibilidad en 9 puntos del casco urbano por 48.279\u20ac\",\"datePublished\":\"2022-11-15T08:04:06+00:00\",\"mainEntityOfPage\":{\"@id\":\"https:\\\/\\\/www.caudete.org\\\/ayuntamiento\\\/adjudicada-la-actuacion-de-accesibilidad-en-9-puntos-del-casco-urbano-por-48-279e\\\/\"},\"wordCount\":255,\"publisher\":{\"@id\":\"https:\\\/\\\/www.caudete.org\\\/ayuntamiento\\\/#organization\"},\"image\":{\"@id\":\"https:\\\/\\\/www.caudete.org\\\/ayuntamiento\\\/adjudicada-la-actuacion-de-accesibilidad-en-9-puntos-del-casco-urbano-por-48-279e\\\/#primaryimage\"},\"thumbnailUrl\":\"https:\\\/\\\/www.caudete.org\\\/ayuntamiento\\\/wp-content\\\/uploads\\\/2022\\\/11\\\/Captura-de-pantalla-2022-11-13-231348.jpg\",\"articleSection\":[\"Accesibilidad\"],\"inLanguage\":\"es\"},{\"@type\":\"WebPage\",\"@id\":\"https:\\\/\\\/www.caudete.org\\\/ayuntamiento\\\/adjudicada-la-actuacion-de-accesibilidad-en-9-puntos-del-casco-urbano-por-48-279e\\\/\",\"url\":\"https:\\\/\\\/www.caudete.org\\\/ayuntamiento\\\/adjudicada-la-actuacion-de-accesibilidad-en-9-puntos-del-casco-urbano-por-48-279e\\\/\",\"name\":\"Adjudicada la actuaci\u00f3n de accesibilidad en 9 puntos del casco urbano por 48.279\u20ac - MI Ayuntamiento de Caudete\",\"isPartOf\":{\"@id\":\"https:\\\/\\\/www.caudete.org\\\/ayuntamiento\\\/#website\"},\"primaryImageOfPage\":{\"@id\":\"https:\\\/\\\/www.caudete.org\\\/ayuntamiento\\\/adjudicada-la-actuacion-de-accesibilidad-en-9-puntos-del-casco-urbano-por-48-279e\\\/#primaryimage\"},\"image\":{\"@id\":\"https:\\\/\\\/www.caudete.org\\\/ayuntamiento\\\/adjudicada-la-actuacion-de-accesibilidad-en-9-puntos-del-casco-urbano-por-48-279e\\\/#primaryimage\"},\"thumbnailUrl\":\"https:\\\/\\\/www.caudete.org\\\/ayuntamiento\\\/wp-content\\\/uploads\\\/2022\\\/11\\\/Captura-de-pantalla-2022-11-13-231348.jpg\",\"datePublished\":\"2022-11-15T08:04:06+00:00\",\"description\":\"P\u00e1gina Oficial del Ayuntamiento de Caudete (Albacete)\",\"breadcrumb\":{\"@id\":\"https:\\\/\\\/www.caudete.org\\\/ayuntamiento\\\/adjudicada-la-actuacion-de-accesibilidad-en-9-puntos-del-casco-urbano-por-48-279e\\\/#breadcrumb\"},\"inLanguage\":\"es\",\"potentialAction\":[{\"@type\":\"ReadAction\",\"target\":[\"https:\\\/\\\/www.caudete.org\\\/ayuntamiento\\\/adjudicada-la-actuacion-de-accesibilidad-en-9-puntos-del-casco-urbano-por-48-279e\\\/\"]}]},{\"@type\":\"ImageObject\",\"inLanguage\":\"es\",\"@id\":\"https:\\\/\\\/www.caudete.org\\\/ayuntamiento\\\/adjudicada-la-actuacion-de-accesibilidad-en-9-puntos-del-casco-urbano-por-48-279e\\\/#primaryimage\",\"url\":\"https:\\\/\\\/www.caudete.org\\\/ayuntamiento\\\/wp-content\\\/uploads\\\/2022\\\/11\\\/Captura-de-pantalla-2022-11-13-231348.jpg\",\"contentUrl\":\"https:\\\/\\\/www.caudete.org\\\/ayuntamiento\\\/wp-content\\\/uploads\\\/2022\\\/11\\\/Captura-de-pantalla-2022-11-13-231348.jpg\",\"width\":978,\"height\":645},{\"@type\":\"BreadcrumbList\",\"@id\":\"https:\\\/\\\/www.caudete.org\\\/ayuntamiento\\\/adjudicada-la-actuacion-de-accesibilidad-en-9-puntos-del-casco-urbano-por-48-279e\\\/#breadcrumb\",\"itemListElement\":[{\"@type\":\"ListItem\",\"position\":1,\"name\":\"Inicio\",\"item\":\"https:\\\/\\\/www.caudete.org\\\/ayuntamiento\\\/\"},{\"@type\":\"ListItem\",\"position\":2,\"name\":\"Adjudicada la actuaci\u00f3n de accesibilidad en 9 puntos del casco urbano por 48.279\u20ac\"}]},{\"@type\":\"WebSite\",\"@id\":\"https:\\\/\\\/www.caudete.org\\\/ayuntamiento\\\/#website\",\"url\":\"https:\\\/\\\/www.caudete.org\\\/ayuntamiento\\\/\",\"name\":\"MI Ayuntamiento de Caudete\",\"description\":\"P\u00e1gina Oficial del MI Ayuntamiento de Caudete\",\"publisher\":{\"@id\":\"https:\\\/\\\/www.caudete.org\\\/ayuntamiento\\\/#organization\"},\"potentialAction\":[{\"@type\":\"SearchAction\",\"target\":{\"@type\":\"EntryPoint\",\"urlTemplate\":\"https:\\\/\\\/www.caudete.org\\\/ayuntamiento\\\/?s={search_term_string}\"},\"query-input\":{\"@type\":\"PropertyValueSpecification\",\"valueRequired\":true,\"valueName\":\"search_term_string\"}}],\"inLanguage\":\"es\"},{\"@type\":\"Organization\",\"@id\":\"https:\\\/\\\/www.caudete.org\\\/ayuntamiento\\\/#organization\",\"name\":\"Ayuntamiento de Caudete\",\"url\":\"https:\\\/\\\/www.caudete.org\\\/ayuntamiento\\\/\",\"logo\":{\"@type\":\"ImageObject\",\"inLanguage\":\"es\",\"@id\":\"https:\\\/\\\/www.caudete.org\\\/ayuntamiento\\\/#\\\/schema\\\/logo\\\/image\\\/\",\"url\":\"https:\\\/\\\/www.caudete.org\\\/ayuntamiento\\\/wp-content\\\/uploads\\\/2020\\\/11\\\/logo_ayuntamiento_caudete.jpg\",\"contentUrl\":\"https:\\\/\\\/www.caudete.org\\\/ayuntamiento\\\/wp-content\\\/uploads\\\/2020\\\/11\\\/logo_ayuntamiento_caudete.jpg\",\"width\":600,\"height\":150,\"caption\":\"Ayuntamiento de Caudete\"},\"image\":{\"@id\":\"https:\\\/\\\/www.caudete.org\\\/ayuntamiento\\\/#\\\/schema\\\/logo\\\/image\\\/\"},\"sameAs\":[\"https:\\\/\\\/www.facebook.com\\\/ayuntamientocaudete\\\/\",\"https:\\\/\\\/www.youtube.com\\\/channel\\\/UC6VztHaooNsGpw-tNoBEFnQ\"]},{\"@type\":\"Person\",\"@id\":\"https:\\\/\\\/www.caudete.org\\\/ayuntamiento\\\/#\\\/schema\\\/person\\\/cc646da9133078ee4d8dd47457947253\",\"name\":\"alcalde\",\"image\":{\"@type\":\"ImageObject\",\"inLanguage\":\"es\",\"@id\":\"https:\\\/\\\/secure.gravatar.com\\\/avatar\\\/84a817ba065b29ff08d666b215a215f5c79186a645ccb25b14a663d48a130f77?s=96&d=mm&r=g\",\"url\":\"https:\\\/\\\/secure.gravatar.com\\\/avatar\\\/84a817ba065b29ff08d666b215a215f5c79186a645ccb25b14a663d48a130f77?s=96&d=mm&r=g\",\"contentUrl\":\"https:\\\/\\\/secure.gravatar.com\\\/avatar\\\/84a817ba065b29ff08d666b215a215f5c79186a645ccb25b14a663d48a130f77?s=96&d=mm&r=g\",\"caption\":\"alcalde\"},\"url\":\"https:\\\/\\\/www.caudete.org\\\/ayuntamiento\\\/author\\\/alcalde\\\/\"}]}<\/script>\n<!-- \/ Yoast SEO plugin. -->","yoast_head_json":{"title":"Adjudicada la actuaci\u00f3n de accesibilidad en 9 puntos del casco urbano por 48.279\u20ac - MI Ayuntamiento de Caudete","description":"P\u00e1gina Oficial del Ayuntamiento de Caudete (Albacete)","robots":{"index":"index","follow":"follow","max-snippet":"max-snippet:-1","max-image-preview":"max-image-preview:large","max-video-preview":"max-video-preview:-1"},"canonical":"https:\/\/www.caudete.org\/ayuntamiento\/adjudicada-la-actuacion-de-accesibilidad-en-9-puntos-del-casco-urbano-por-48-279e\/","og_locale":"es_ES","og_type":"article","og_title":"Adjudicada la actuaci\u00f3n de accesibilidad en 9 puntos del casco urbano por 48.279\u20ac - MI Ayuntamiento de Caudete","og_description":"P\u00e1gina Oficial del Ayuntamiento de Caudete (Albacete)","og_url":"https:\/\/www.caudete.org\/ayuntamiento\/adjudicada-la-actuacion-de-accesibilidad-en-9-puntos-del-casco-urbano-por-48-279e\/","og_site_name":"MI Ayuntamiento de Caudete","article_publisher":"https:\/\/www.facebook.com\/ayuntamientocaudete\/","article_published_time":"2022-11-15T08:04:06+00:00","og_image":[{"width":978,"height":645,"url":"https:\/\/www.caudete.org\/ayuntamiento\/wp-content\/uploads\/2022\/11\/Captura-de-pantalla-2022-11-13-231348.jpg","type":"image\/jpeg"}],"author":"alcalde","twitter_card":"summary_large_image","twitter_misc":{"Escrito por":"alcalde","Tiempo de lectura":"2 minutos"},"schema":{"@context":"https:\/\/schema.org","@graph":[{"@type":"Article","@id":"https:\/\/www.caudete.org\/ayuntamiento\/adjudicada-la-actuacion-de-accesibilidad-en-9-puntos-del-casco-urbano-por-48-279e\/#article","isPartOf":{"@id":"https:\/\/www.caudete.org\/ayuntamiento\/adjudicada-la-actuacion-de-accesibilidad-en-9-puntos-del-casco-urbano-por-48-279e\/"},"author":{"name":"alcalde","@id":"https:\/\/www.caudete.org\/ayuntamiento\/#\/schema\/person\/cc646da9133078ee4d8dd47457947253"},"headline":"Adjudicada la actuaci\u00f3n de accesibilidad en 9 puntos del casco urbano por 48.279\u20ac","datePublished":"2022-11-15T08:04:06+00:00","mainEntityOfPage":{"@id":"https:\/\/www.caudete.org\/ayuntamiento\/adjudicada-la-actuacion-de-accesibilidad-en-9-puntos-del-casco-urbano-por-48-279e\/"},"wordCount":255,"publisher":{"@id":"https:\/\/www.caudete.org\/ayuntamiento\/#organization"},"image":{"@id":"https:\/\/www.caudete.org\/ayuntamiento\/adjudicada-la-actuacion-de-accesibilidad-en-9-puntos-del-casco-urbano-por-48-279e\/#primaryimage"},"thumbnailUrl":"https:\/\/www.caudete.org\/ayuntamiento\/wp-content\/uploads\/2022\/11\/Captura-de-pantalla-2022-11-13-231348.jpg","articleSection":["Accesibilidad"],"inLanguage":"es"},{"@type":"WebPage","@id":"https:\/\/www.caudete.org\/ayuntamiento\/adjudicada-la-actuacion-de-accesibilidad-en-9-puntos-del-casco-urbano-por-48-279e\/","url":"https:\/\/www.caudete.org\/ayuntamiento\/adjudicada-la-actuacion-de-accesibilidad-en-9-puntos-del-casco-urbano-por-48-279e\/","name":"Adjudicada la actuaci\u00f3n de accesibilidad en 9 puntos del casco urbano por 48.279\u20ac - MI Ayuntamiento de Caudete","isPartOf":{"@id":"https:\/\/www.caudete.org\/ayuntamiento\/#website"},"primaryImageOfPage":{"@id":"https:\/\/www.caudete.org\/ayuntamiento\/adjudicada-la-actuacion-de-accesibilidad-en-9-puntos-del-casco-urbano-por-48-279e\/#primaryimage"},"image":{"@id":"https:\/\/www.caudete.org\/ayuntamiento\/adjudicada-la-actuacion-de-accesibilidad-en-9-puntos-del-casco-urbano-por-48-279e\/#primaryimage"},"thumbnailUrl":"https:\/\/www.caudete.org\/ayuntamiento\/wp-content\/uploads\/2022\/11\/Captura-de-pantalla-2022-11-13-231348.jpg","datePublished":"2022-11-15T08:04:06+00:00","description":"P\u00e1gina Oficial del Ayuntamiento de Caudete (Albacete)","breadcrumb":{"@id":"https:\/\/www.caudete.org\/ayuntamiento\/adjudicada-la-actuacion-de-accesibilidad-en-9-puntos-del-casco-urbano-por-48-279e\/#breadcrumb"},"inLanguage":"es","potentialAction":[{"@type":"ReadAction","target":["https:\/\/www.caudete.org\/ayuntamiento\/adjudicada-la-actuacion-de-accesibilidad-en-9-puntos-del-casco-urbano-por-48-279e\/"]}]},{"@type":"ImageObject","inLanguage":"es","@id":"https:\/\/www.caudete.org\/ayuntamiento\/adjudicada-la-actuacion-de-accesibilidad-en-9-puntos-del-casco-urbano-por-48-279e\/#primaryimage","url":"https:\/\/www.caudete.org\/ayuntamiento\/wp-content\/uploads\/2022\/11\/Captura-de-pantalla-2022-11-13-231348.jpg","contentUrl":"https:\/\/www.caudete.org\/ayuntamiento\/wp-content\/uploads\/2022\/11\/Captura-de-pantalla-2022-11-13-231348.jpg","width":978,"height":645},{"@type":"BreadcrumbList","@id":"https:\/\/www.caudete.org\/ayuntamiento\/adjudicada-la-actuacion-de-accesibilidad-en-9-puntos-del-casco-urbano-por-48-279e\/#breadcrumb","itemListElement":[{"@type":"ListItem","position":1,"name":"Inicio","item":"https:\/\/www.caudete.org\/ayuntamiento\/"},{"@type":"ListItem","position":2,"name":"Adjudicada la actuaci\u00f3n de accesibilidad en 9 puntos del casco urbano por 48.279\u20ac"}]},{"@type":"WebSite","@id":"https:\/\/www.caudete.org\/ayuntamiento\/#website","url":"https:\/\/www.caudete.org\/ayuntamiento\/","name":"MI Ayuntamiento de Caudete","description":"P\u00e1gina Oficial del MI Ayuntamiento de Caudete","publisher":{"@id":"https:\/\/www.caudete.org\/ayuntamiento\/#organization"},"potentialAction":[{"@type":"SearchAction","target":{"@type":"EntryPoint","urlTemplate":"https:\/\/www.caudete.org\/ayuntamiento\/?s={search_term_string}"},"query-input":{"@type":"PropertyValueSpecification","valueRequired":true,"valueName":"search_term_string"}}],"inLanguage":"es"},{"@type":"Organization","@id":"https:\/\/www.caudete.org\/ayuntamiento\/#organization","name":"Ayuntamiento de Caudete","url":"https:\/\/www.caudete.org\/ayuntamiento\/","logo":{"@type":"ImageObject","inLanguage":"es","@id":"https:\/\/www.caudete.org\/ayuntamiento\/#\/schema\/logo\/image\/","url":"https:\/\/www.caudete.org\/ayuntamiento\/wp-content\/uploads\/2020\/11\/logo_ayuntamiento_caudete.jpg","contentUrl":"https:\/\/www.caudete.org\/ayuntamiento\/wp-content\/uploads\/2020\/11\/logo_ayuntamiento_caudete.jpg","width":600,"height":150,"caption":"Ayuntamiento de Caudete"},"image":{"@id":"https:\/\/www.caudete.org\/ayuntamiento\/#\/schema\/logo\/image\/"},"sameAs":["https:\/\/www.facebook.com\/ayuntamientocaudete\/","https:\/\/www.youtube.com\/channel\/UC6VztHaooNsGpw-tNoBEFnQ"]},{"@type":"Person","@id":"https:\/\/www.caudete.org\/ayuntamiento\/#\/schema\/person\/cc646da9133078ee4d8dd47457947253","name":"alcalde","image":{"@type":"ImageObject","inLanguage":"es","@id":"https:\/\/secure.gravatar.com\/avatar\/84a817ba065b29ff08d666b215a215f5c79186a645ccb25b14a663d48a130f77?s=96&d=mm&r=g","url":"https:\/\/secure.gravatar.com\/avatar\/84a817ba065b29ff08d666b215a215f5c79186a645ccb25b14a663d48a130f77?s=96&d=mm&r=g","contentUrl":"https:\/\/secure.gravatar.com\/avatar\/84a817ba065b29ff08d666b215a215f5c79186a645ccb25b14a663d48a130f77?s=96&d=mm&r=g","caption":"alcalde"},"url":"https:\/\/www.caudete.org\/ayuntamiento\/author\/alcalde\/"}]}},"_links":{"self":[{"href":"https:\/\/www.caudete.org\/ayuntamiento\/wp-json\/wp\/v2\/posts\/20564","targetHints":{"allow":["GET"]}}],"collection":[{"href":"https:\/\/www.caudete.org\/ayuntamiento\/wp-json\/wp\/v2\/posts"}],"about":[{"href":"https:\/\/www.caudete.org\/ayuntamiento\/wp-json\/wp\/v2\/types\/post"}],"author":[{"embeddable":true,"href":"https:\/\/www.caudete.org\/ayuntamiento\/wp-json\/wp\/v2\/users\/3"}],"replies":[{"embeddable":true,"href":"https:\/\/www.caudete.org\/ayuntamiento\/wp-json\/wp\/v2\/comments?post=20564"}],"version-history":[{"count":1,"href":"https:\/\/www.caudete.org\/ayuntamiento\/wp-json\/wp\/v2\/posts\/20564\/revisions"}],"predecessor-version":[{"id":20566,"href":"https:\/\/www.caudete.org\/ayuntamiento\/wp-json\/wp\/v2\/posts\/20564\/revisions\/20566"}],"wp:featuredmedia":[{"embeddable":true,"href":"https:\/\/www.caudete.org\/ayuntamiento\/wp-json\/wp\/v2\/media\/20565"}],"wp:attachment":[{"href":"https:\/\/www.caudete.org\/ayuntamiento\/wp-json\/wp\/v2\/media?parent=20564"}],"wp:term":[{"taxonomy":"category","embeddable":true,"href":"https:\/\/www.caudete.org\/ayuntamiento\/wp-json\/wp\/v2\/categories?post=20564"},{"taxonomy":"post_tag","embeddable":true,"href":"https:\/\/www.caudete.org\/ayuntamiento\/wp-json\/wp\/v2\/tags?post=20564"}],"curies":[{"name":"wp","href":"https:\/\/api.w.org\/{rel}","templated":true}]}}