{"id":20594,"date":"2022-11-17T08:56:28","date_gmt":"2022-11-17T07:56:28","guid":{"rendered":"https:\/\/www.caudete.org\/ayuntamiento\/?p=20594"},"modified":"2022-11-17T09:30:29","modified_gmt":"2022-11-17T08:30:29","slug":"la-jccm-deniega-provisionalmente-una-subvencion-de-100-000-para-mejorar-sustancialmente-el-centro-de-mayores","status":"publish","type":"post","link":"https:\/\/www.caudete.org\/ayuntamiento\/la-jccm-deniega-provisionalmente-una-subvencion-de-100-000-para-mejorar-sustancialmente-el-centro-de-mayores\/","title":{"rendered":"La JCCM deniega provisionalmente una subvenci\u00f3n de 100.000\u20ac para mejorar sustancialmente el Centro de Mayores"},"content":{"rendered":"<p style=\"text-align: justify;\">El Ayuntamiento de Caudete recib\u00eda hace unos d\u00edas la resoluci\u00f3n de la Consejer\u00eda de Bienestar Social por la que se deniega la solicitud de subvenci\u00f3n formulada por Caudete al amparo de la convocatoria de las subvenciones para financiaci\u00f3n de proyectos de inversi\u00f3n en viviendas y centros de mayores de titularidad municipal, <span id=\"page2R_mcid11\" class=\"markedContent\"><span dir=\"ltr\" role=\"presentation\"> convocadas por la Orden 96\/2022, de 19 de mayo.<\/span><\/span><\/p>\n<p style=\"text-align: justify;\">Con un importe proyectado de 100.000\u20ac las obras podr\u00edan ser costeadas \u00edntegramente mediante la subvenci\u00f3n, o tener que contar con cofinanciaci\u00f3n municipal, cuesti\u00f3n para la cual el Consistorio estaba dispuesto.<\/p>\n<p style=\"text-align: justify;\">Las obras, permitir\u00edan actuar sobre la segunda planta en la sustituci\u00f3n del pavimento y carpinter\u00edas de todos los espacios, as\u00ed como en la generaci\u00f3n de espacios nuevos aprovechando el dise\u00f1o estructural del edificio. Las acciones se completar\u00edan mejorando la climatizaci\u00f3n de todo el centro, y dotando de accesibilidad a la entrada situada en el Parque Dolores de Teresa.<\/p>\n<p style=\"text-align: justify;\">Sin embargo, la resoluci\u00f3n provisional deja fuera la solicitud de Caudete por no alcanzar la puntuaci\u00f3n m\u00ednima, sin expresar en dicha resoluci\u00f3n el baremo aplicado a la misma, y que s\u00ed que se especifica en las bases reguladoras.<\/p>\n<p style=\"text-align: justify;\">Ante estos hechos, que imposibilitan poder presentar alegaciones con garant\u00edas, el Alcalde ha recurrido a la aplicaci\u00f3n de la LPAC para el derecho del Consistorio a conocer la baremaci\u00f3n concreta del proyecto de Caudete para poder presentar las alegaciones debidas, a la vez que solicitaba la suspensi\u00f3n del plazo de alegaciones hasta ser facilitada la documentaci\u00f3n solicitada.<\/p>\n<p>&nbsp;<\/p>\n<p>&nbsp;<\/p>\n","protected":false},"excerpt":{"rendered":"<p>El Ayuntamiento de Caudete recib\u00eda hace unos d\u00edas la resoluci\u00f3n de la Consejer\u00eda de Bienestar Social por la que se deniega la solicitud de subvenci\u00f3n formulada por Caudete al amparo de la convocatoria de las subvenciones para financiaci\u00f3n de proyectos de inversi\u00f3n en viviendas y centros de mayores de titularidad municipal, convocadas por la Orden &hellip;<\/p>\n","protected":false},"author":3,"featured_media":15575,"comment_status":"closed","ping_status":"open","sticky":false,"template":"","format":"standard","meta":{"ngg_post_thumbnail":0,"footnotes":""},"categories":[39],"tags":[],"class_list":["post-20594","post","type-post","status-publish","format-standard","has-post-thumbnail","hentry","category-mayores"],"yoast_head":"<!-- This site is optimized with the Yoast SEO plugin v27.5 - https:\/\/yoast.com\/product\/yoast-seo-wordpress\/ -->\n<title>La JCCM deniega provisionalmente una subvenci\u00f3n de 100.000\u20ac para mejorar sustancialmente el Centro de Mayores - MI Ayuntamiento de Caudete<\/title>\n<meta name=\"description\" content=\"P\u00e1gina Oficial del Ayuntamiento de Caudete (Albacete)\" \/>\n<meta name=\"robots\" content=\"index, follow, max-snippet:-1, max-image-preview:large, max-video-preview:-1\" \/>\n<link rel=\"canonical\" href=\"https:\/\/www.caudete.org\/ayuntamiento\/la-jccm-deniega-provisionalmente-una-subvencion-de-100-000-para-mejorar-sustancialmente-el-centro-de-mayores\/\" \/>\n<meta property=\"og:locale\" content=\"es_ES\" \/>\n<meta property=\"og:type\" content=\"article\" \/>\n<meta property=\"og:title\" content=\"La JCCM deniega provisionalmente una subvenci\u00f3n de 100.000\u20ac para mejorar sustancialmente el Centro de Mayores - MI Ayuntamiento de Caudete\" \/>\n<meta property=\"og:description\" content=\"P\u00e1gina Oficial del Ayuntamiento de Caudete (Albacete)\" \/>\n<meta property=\"og:url\" content=\"https:\/\/www.caudete.org\/ayuntamiento\/la-jccm-deniega-provisionalmente-una-subvencion-de-100-000-para-mejorar-sustancialmente-el-centro-de-mayores\/\" \/>\n<meta property=\"og:site_name\" content=\"MI Ayuntamiento de Caudete\" \/>\n<meta property=\"article:publisher\" content=\"https:\/\/www.facebook.com\/ayuntamientocaudete\/\" \/>\n<meta property=\"article:published_time\" content=\"2022-11-17T07:56:28+00:00\" \/>\n<meta property=\"article:modified_time\" content=\"2022-11-17T08:30:29+00:00\" \/>\n<meta property=\"og:image\" content=\"https:\/\/www.caudete.org\/ayuntamiento\/wp-content\/uploads\/2021\/07\/centro_mayores_5.jpg\" \/>\n\t<meta property=\"og:image:width\" content=\"800\" \/>\n\t<meta property=\"og:image:height\" content=\"442\" \/>\n\t<meta property=\"og:image:type\" content=\"image\/jpeg\" \/>\n<meta name=\"author\" content=\"alcalde\" \/>\n<meta name=\"twitter:card\" content=\"summary_large_image\" \/>\n<meta name=\"twitter:label1\" content=\"Escrito por\" \/>\n\t<meta name=\"twitter:data1\" content=\"alcalde\" \/>\n\t<meta name=\"twitter:label2\" content=\"Tiempo de lectura\" \/>\n\t<meta name=\"twitter:data2\" content=\"2 minutos\" \/>\n<script type=\"application\/ld+json\" class=\"yoast-schema-graph\">{\"@context\":\"https:\\\/\\\/schema.org\",\"@graph\":[{\"@type\":\"Article\",\"@id\":\"https:\\\/\\\/www.caudete.org\\\/ayuntamiento\\\/la-jccm-deniega-provisionalmente-una-subvencion-de-100-000-para-mejorar-sustancialmente-el-centro-de-mayores\\\/#article\",\"isPartOf\":{\"@id\":\"https:\\\/\\\/www.caudete.org\\\/ayuntamiento\\\/la-jccm-deniega-provisionalmente-una-subvencion-de-100-000-para-mejorar-sustancialmente-el-centro-de-mayores\\\/\"},\"author\":{\"name\":\"alcalde\",\"@id\":\"https:\\\/\\\/www.caudete.org\\\/ayuntamiento\\\/#\\\/schema\\\/person\\\/cc646da9133078ee4d8dd47457947253\"},\"headline\":\"La JCCM deniega provisionalmente una subvenci\u00f3n de 100.000\u20ac para mejorar sustancialmente el Centro de Mayores\",\"datePublished\":\"2022-11-17T07:56:28+00:00\",\"dateModified\":\"2022-11-17T08:30:29+00:00\",\"mainEntityOfPage\":{\"@id\":\"https:\\\/\\\/www.caudete.org\\\/ayuntamiento\\\/la-jccm-deniega-provisionalmente-una-subvencion-de-100-000-para-mejorar-sustancialmente-el-centro-de-mayores\\\/\"},\"wordCount\":284,\"publisher\":{\"@id\":\"https:\\\/\\\/www.caudete.org\\\/ayuntamiento\\\/#organization\"},\"image\":{\"@id\":\"https:\\\/\\\/www.caudete.org\\\/ayuntamiento\\\/la-jccm-deniega-provisionalmente-una-subvencion-de-100-000-para-mejorar-sustancialmente-el-centro-de-mayores\\\/#primaryimage\"},\"thumbnailUrl\":\"https:\\\/\\\/www.caudete.org\\\/ayuntamiento\\\/wp-content\\\/uploads\\\/2021\\\/07\\\/centro_mayores_5.jpg\",\"articleSection\":[\"Mayores\"],\"inLanguage\":\"es\"},{\"@type\":\"WebPage\",\"@id\":\"https:\\\/\\\/www.caudete.org\\\/ayuntamiento\\\/la-jccm-deniega-provisionalmente-una-subvencion-de-100-000-para-mejorar-sustancialmente-el-centro-de-mayores\\\/\",\"url\":\"https:\\\/\\\/www.caudete.org\\\/ayuntamiento\\\/la-jccm-deniega-provisionalmente-una-subvencion-de-100-000-para-mejorar-sustancialmente-el-centro-de-mayores\\\/\",\"name\":\"La JCCM deniega provisionalmente una subvenci\u00f3n de 100.000\u20ac para mejorar sustancialmente el Centro de Mayores - MI Ayuntamiento de Caudete\",\"isPartOf\":{\"@id\":\"https:\\\/\\\/www.caudete.org\\\/ayuntamiento\\\/#website\"},\"primaryImageOfPage\":{\"@id\":\"https:\\\/\\\/www.caudete.org\\\/ayuntamiento\\\/la-jccm-deniega-provisionalmente-una-subvencion-de-100-000-para-mejorar-sustancialmente-el-centro-de-mayores\\\/#primaryimage\"},\"image\":{\"@id\":\"https:\\\/\\\/www.caudete.org\\\/ayuntamiento\\\/la-jccm-deniega-provisionalmente-una-subvencion-de-100-000-para-mejorar-sustancialmente-el-centro-de-mayores\\\/#primaryimage\"},\"thumbnailUrl\":\"https:\\\/\\\/www.caudete.org\\\/ayuntamiento\\\/wp-content\\\/uploads\\\/2021\\\/07\\\/centro_mayores_5.jpg\",\"datePublished\":\"2022-11-17T07:56:28+00:00\",\"dateModified\":\"2022-11-17T08:30:29+00:00\",\"description\":\"P\u00e1gina Oficial del Ayuntamiento de Caudete (Albacete)\",\"breadcrumb\":{\"@id\":\"https:\\\/\\\/www.caudete.org\\\/ayuntamiento\\\/la-jccm-deniega-provisionalmente-una-subvencion-de-100-000-para-mejorar-sustancialmente-el-centro-de-mayores\\\/#breadcrumb\"},\"inLanguage\":\"es\",\"potentialAction\":[{\"@type\":\"ReadAction\",\"target\":[\"https:\\\/\\\/www.caudete.org\\\/ayuntamiento\\\/la-jccm-deniega-provisionalmente-una-subvencion-de-100-000-para-mejorar-sustancialmente-el-centro-de-mayores\\\/\"]}]},{\"@type\":\"ImageObject\",\"inLanguage\":\"es\",\"@id\":\"https:\\\/\\\/www.caudete.org\\\/ayuntamiento\\\/la-jccm-deniega-provisionalmente-una-subvencion-de-100-000-para-mejorar-sustancialmente-el-centro-de-mayores\\\/#primaryimage\",\"url\":\"https:\\\/\\\/www.caudete.org\\\/ayuntamiento\\\/wp-content\\\/uploads\\\/2021\\\/07\\\/centro_mayores_5.jpg\",\"contentUrl\":\"https:\\\/\\\/www.caudete.org\\\/ayuntamiento\\\/wp-content\\\/uploads\\\/2021\\\/07\\\/centro_mayores_5.jpg\",\"width\":800,\"height\":442},{\"@type\":\"BreadcrumbList\",\"@id\":\"https:\\\/\\\/www.caudete.org\\\/ayuntamiento\\\/la-jccm-deniega-provisionalmente-una-subvencion-de-100-000-para-mejorar-sustancialmente-el-centro-de-mayores\\\/#breadcrumb\",\"itemListElement\":[{\"@type\":\"ListItem\",\"position\":1,\"name\":\"Inicio\",\"item\":\"https:\\\/\\\/www.caudete.org\\\/ayuntamiento\\\/\"},{\"@type\":\"ListItem\",\"position\":2,\"name\":\"La JCCM deniega provisionalmente una subvenci\u00f3n de 100.000\u20ac para mejorar sustancialmente el Centro de Mayores\"}]},{\"@type\":\"WebSite\",\"@id\":\"https:\\\/\\\/www.caudete.org\\\/ayuntamiento\\\/#website\",\"url\":\"https:\\\/\\\/www.caudete.org\\\/ayuntamiento\\\/\",\"name\":\"MI Ayuntamiento de Caudete\",\"description\":\"P\u00e1gina Oficial del MI Ayuntamiento de Caudete\",\"publisher\":{\"@id\":\"https:\\\/\\\/www.caudete.org\\\/ayuntamiento\\\/#organization\"},\"potentialAction\":[{\"@type\":\"SearchAction\",\"target\":{\"@type\":\"EntryPoint\",\"urlTemplate\":\"https:\\\/\\\/www.caudete.org\\\/ayuntamiento\\\/?s={search_term_string}\"},\"query-input\":{\"@type\":\"PropertyValueSpecification\",\"valueRequired\":true,\"valueName\":\"search_term_string\"}}],\"inLanguage\":\"es\"},{\"@type\":\"Organization\",\"@id\":\"https:\\\/\\\/www.caudete.org\\\/ayuntamiento\\\/#organization\",\"name\":\"Ayuntamiento de Caudete\",\"url\":\"https:\\\/\\\/www.caudete.org\\\/ayuntamiento\\\/\",\"logo\":{\"@type\":\"ImageObject\",\"inLanguage\":\"es\",\"@id\":\"https:\\\/\\\/www.caudete.org\\\/ayuntamiento\\\/#\\\/schema\\\/logo\\\/image\\\/\",\"url\":\"https:\\\/\\\/www.caudete.org\\\/ayuntamiento\\\/wp-content\\\/uploads\\\/2020\\\/11\\\/logo_ayuntamiento_caudete.jpg\",\"contentUrl\":\"https:\\\/\\\/www.caudete.org\\\/ayuntamiento\\\/wp-content\\\/uploads\\\/2020\\\/11\\\/logo_ayuntamiento_caudete.jpg\",\"width\":600,\"height\":150,\"caption\":\"Ayuntamiento de Caudete\"},\"image\":{\"@id\":\"https:\\\/\\\/www.caudete.org\\\/ayuntamiento\\\/#\\\/schema\\\/logo\\\/image\\\/\"},\"sameAs\":[\"https:\\\/\\\/www.facebook.com\\\/ayuntamientocaudete\\\/\",\"https:\\\/\\\/www.youtube.com\\\/channel\\\/UC6VztHaooNsGpw-tNoBEFnQ\"]},{\"@type\":\"Person\",\"@id\":\"https:\\\/\\\/www.caudete.org\\\/ayuntamiento\\\/#\\\/schema\\\/person\\\/cc646da9133078ee4d8dd47457947253\",\"name\":\"alcalde\",\"image\":{\"@type\":\"ImageObject\",\"inLanguage\":\"es\",\"@id\":\"https:\\\/\\\/secure.gravatar.com\\\/avatar\\\/84a817ba065b29ff08d666b215a215f5c79186a645ccb25b14a663d48a130f77?s=96&d=mm&r=g\",\"url\":\"https:\\\/\\\/secure.gravatar.com\\\/avatar\\\/84a817ba065b29ff08d666b215a215f5c79186a645ccb25b14a663d48a130f77?s=96&d=mm&r=g\",\"contentUrl\":\"https:\\\/\\\/secure.gravatar.com\\\/avatar\\\/84a817ba065b29ff08d666b215a215f5c79186a645ccb25b14a663d48a130f77?s=96&d=mm&r=g\",\"caption\":\"alcalde\"},\"url\":\"https:\\\/\\\/www.caudete.org\\\/ayuntamiento\\\/author\\\/alcalde\\\/\"}]}<\/script>\n<!-- \/ Yoast SEO plugin. -->","yoast_head_json":{"title":"La JCCM deniega provisionalmente una subvenci\u00f3n de 100.000\u20ac para mejorar sustancialmente el Centro de Mayores - MI Ayuntamiento de Caudete","description":"P\u00e1gina Oficial del Ayuntamiento de Caudete (Albacete)","robots":{"index":"index","follow":"follow","max-snippet":"max-snippet:-1","max-image-preview":"max-image-preview:large","max-video-preview":"max-video-preview:-1"},"canonical":"https:\/\/www.caudete.org\/ayuntamiento\/la-jccm-deniega-provisionalmente-una-subvencion-de-100-000-para-mejorar-sustancialmente-el-centro-de-mayores\/","og_locale":"es_ES","og_type":"article","og_title":"La JCCM deniega provisionalmente una subvenci\u00f3n de 100.000\u20ac para mejorar sustancialmente el Centro de Mayores - MI Ayuntamiento de Caudete","og_description":"P\u00e1gina Oficial del Ayuntamiento de Caudete (Albacete)","og_url":"https:\/\/www.caudete.org\/ayuntamiento\/la-jccm-deniega-provisionalmente-una-subvencion-de-100-000-para-mejorar-sustancialmente-el-centro-de-mayores\/","og_site_name":"MI Ayuntamiento de Caudete","article_publisher":"https:\/\/www.facebook.com\/ayuntamientocaudete\/","article_published_time":"2022-11-17T07:56:28+00:00","article_modified_time":"2022-11-17T08:30:29+00:00","og_image":[{"width":800,"height":442,"url":"https:\/\/www.caudete.org\/ayuntamiento\/wp-content\/uploads\/2021\/07\/centro_mayores_5.jpg","type":"image\/jpeg"}],"author":"alcalde","twitter_card":"summary_large_image","twitter_misc":{"Escrito por":"alcalde","Tiempo de lectura":"2 minutos"},"schema":{"@context":"https:\/\/schema.org","@graph":[{"@type":"Article","@id":"https:\/\/www.caudete.org\/ayuntamiento\/la-jccm-deniega-provisionalmente-una-subvencion-de-100-000-para-mejorar-sustancialmente-el-centro-de-mayores\/#article","isPartOf":{"@id":"https:\/\/www.caudete.org\/ayuntamiento\/la-jccm-deniega-provisionalmente-una-subvencion-de-100-000-para-mejorar-sustancialmente-el-centro-de-mayores\/"},"author":{"name":"alcalde","@id":"https:\/\/www.caudete.org\/ayuntamiento\/#\/schema\/person\/cc646da9133078ee4d8dd47457947253"},"headline":"La JCCM deniega provisionalmente una subvenci\u00f3n de 100.000\u20ac para mejorar sustancialmente el Centro de Mayores","datePublished":"2022-11-17T07:56:28+00:00","dateModified":"2022-11-17T08:30:29+00:00","mainEntityOfPage":{"@id":"https:\/\/www.caudete.org\/ayuntamiento\/la-jccm-deniega-provisionalmente-una-subvencion-de-100-000-para-mejorar-sustancialmente-el-centro-de-mayores\/"},"wordCount":284,"publisher":{"@id":"https:\/\/www.caudete.org\/ayuntamiento\/#organization"},"image":{"@id":"https:\/\/www.caudete.org\/ayuntamiento\/la-jccm-deniega-provisionalmente-una-subvencion-de-100-000-para-mejorar-sustancialmente-el-centro-de-mayores\/#primaryimage"},"thumbnailUrl":"https:\/\/www.caudete.org\/ayuntamiento\/wp-content\/uploads\/2021\/07\/centro_mayores_5.jpg","articleSection":["Mayores"],"inLanguage":"es"},{"@type":"WebPage","@id":"https:\/\/www.caudete.org\/ayuntamiento\/la-jccm-deniega-provisionalmente-una-subvencion-de-100-000-para-mejorar-sustancialmente-el-centro-de-mayores\/","url":"https:\/\/www.caudete.org\/ayuntamiento\/la-jccm-deniega-provisionalmente-una-subvencion-de-100-000-para-mejorar-sustancialmente-el-centro-de-mayores\/","name":"La JCCM deniega provisionalmente una subvenci\u00f3n de 100.000\u20ac para mejorar sustancialmente el Centro de Mayores - MI Ayuntamiento de Caudete","isPartOf":{"@id":"https:\/\/www.caudete.org\/ayuntamiento\/#website"},"primaryImageOfPage":{"@id":"https:\/\/www.caudete.org\/ayuntamiento\/la-jccm-deniega-provisionalmente-una-subvencion-de-100-000-para-mejorar-sustancialmente-el-centro-de-mayores\/#primaryimage"},"image":{"@id":"https:\/\/www.caudete.org\/ayuntamiento\/la-jccm-deniega-provisionalmente-una-subvencion-de-100-000-para-mejorar-sustancialmente-el-centro-de-mayores\/#primaryimage"},"thumbnailUrl":"https:\/\/www.caudete.org\/ayuntamiento\/wp-content\/uploads\/2021\/07\/centro_mayores_5.jpg","datePublished":"2022-11-17T07:56:28+00:00","dateModified":"2022-11-17T08:30:29+00:00","description":"P\u00e1gina Oficial del Ayuntamiento de Caudete (Albacete)","breadcrumb":{"@id":"https:\/\/www.caudete.org\/ayuntamiento\/la-jccm-deniega-provisionalmente-una-subvencion-de-100-000-para-mejorar-sustancialmente-el-centro-de-mayores\/#breadcrumb"},"inLanguage":"es","potentialAction":[{"@type":"ReadAction","target":["https:\/\/www.caudete.org\/ayuntamiento\/la-jccm-deniega-provisionalmente-una-subvencion-de-100-000-para-mejorar-sustancialmente-el-centro-de-mayores\/"]}]},{"@type":"ImageObject","inLanguage":"es","@id":"https:\/\/www.caudete.org\/ayuntamiento\/la-jccm-deniega-provisionalmente-una-subvencion-de-100-000-para-mejorar-sustancialmente-el-centro-de-mayores\/#primaryimage","url":"https:\/\/www.caudete.org\/ayuntamiento\/wp-content\/uploads\/2021\/07\/centro_mayores_5.jpg","contentUrl":"https:\/\/www.caudete.org\/ayuntamiento\/wp-content\/uploads\/2021\/07\/centro_mayores_5.jpg","width":800,"height":442},{"@type":"BreadcrumbList","@id":"https:\/\/www.caudete.org\/ayuntamiento\/la-jccm-deniega-provisionalmente-una-subvencion-de-100-000-para-mejorar-sustancialmente-el-centro-de-mayores\/#breadcrumb","itemListElement":[{"@type":"ListItem","position":1,"name":"Inicio","item":"https:\/\/www.caudete.org\/ayuntamiento\/"},{"@type":"ListItem","position":2,"name":"La JCCM deniega provisionalmente una subvenci\u00f3n de 100.000\u20ac para mejorar sustancialmente el Centro de Mayores"}]},{"@type":"WebSite","@id":"https:\/\/www.caudete.org\/ayuntamiento\/#website","url":"https:\/\/www.caudete.org\/ayuntamiento\/","name":"MI Ayuntamiento de Caudete","description":"P\u00e1gina Oficial del MI Ayuntamiento de Caudete","publisher":{"@id":"https:\/\/www.caudete.org\/ayuntamiento\/#organization"},"potentialAction":[{"@type":"SearchAction","target":{"@type":"EntryPoint","urlTemplate":"https:\/\/www.caudete.org\/ayuntamiento\/?s={search_term_string}"},"query-input":{"@type":"PropertyValueSpecification","valueRequired":true,"valueName":"search_term_string"}}],"inLanguage":"es"},{"@type":"Organization","@id":"https:\/\/www.caudete.org\/ayuntamiento\/#organization","name":"Ayuntamiento de Caudete","url":"https:\/\/www.caudete.org\/ayuntamiento\/","logo":{"@type":"ImageObject","inLanguage":"es","@id":"https:\/\/www.caudete.org\/ayuntamiento\/#\/schema\/logo\/image\/","url":"https:\/\/www.caudete.org\/ayuntamiento\/wp-content\/uploads\/2020\/11\/logo_ayuntamiento_caudete.jpg","contentUrl":"https:\/\/www.caudete.org\/ayuntamiento\/wp-content\/uploads\/2020\/11\/logo_ayuntamiento_caudete.jpg","width":600,"height":150,"caption":"Ayuntamiento de Caudete"},"image":{"@id":"https:\/\/www.caudete.org\/ayuntamiento\/#\/schema\/logo\/image\/"},"sameAs":["https:\/\/www.facebook.com\/ayuntamientocaudete\/","https:\/\/www.youtube.com\/channel\/UC6VztHaooNsGpw-tNoBEFnQ"]},{"@type":"Person","@id":"https:\/\/www.caudete.org\/ayuntamiento\/#\/schema\/person\/cc646da9133078ee4d8dd47457947253","name":"alcalde","image":{"@type":"ImageObject","inLanguage":"es","@id":"https:\/\/secure.gravatar.com\/avatar\/84a817ba065b29ff08d666b215a215f5c79186a645ccb25b14a663d48a130f77?s=96&d=mm&r=g","url":"https:\/\/secure.gravatar.com\/avatar\/84a817ba065b29ff08d666b215a215f5c79186a645ccb25b14a663d48a130f77?s=96&d=mm&r=g","contentUrl":"https:\/\/secure.gravatar.com\/avatar\/84a817ba065b29ff08d666b215a215f5c79186a645ccb25b14a663d48a130f77?s=96&d=mm&r=g","caption":"alcalde"},"url":"https:\/\/www.caudete.org\/ayuntamiento\/author\/alcalde\/"}]}},"_links":{"self":[{"href":"https:\/\/www.caudete.org\/ayuntamiento\/wp-json\/wp\/v2\/posts\/20594","targetHints":{"allow":["GET"]}}],"collection":[{"href":"https:\/\/www.caudete.org\/ayuntamiento\/wp-json\/wp\/v2\/posts"}],"about":[{"href":"https:\/\/www.caudete.org\/ayuntamiento\/wp-json\/wp\/v2\/types\/post"}],"author":[{"embeddable":true,"href":"https:\/\/www.caudete.org\/ayuntamiento\/wp-json\/wp\/v2\/users\/3"}],"replies":[{"embeddable":true,"href":"https:\/\/www.caudete.org\/ayuntamiento\/wp-json\/wp\/v2\/comments?post=20594"}],"version-history":[{"count":4,"href":"https:\/\/www.caudete.org\/ayuntamiento\/wp-json\/wp\/v2\/posts\/20594\/revisions"}],"predecessor-version":[{"id":20598,"href":"https:\/\/www.caudete.org\/ayuntamiento\/wp-json\/wp\/v2\/posts\/20594\/revisions\/20598"}],"wp:featuredmedia":[{"embeddable":true,"href":"https:\/\/www.caudete.org\/ayuntamiento\/wp-json\/wp\/v2\/media\/15575"}],"wp:attachment":[{"href":"https:\/\/www.caudete.org\/ayuntamiento\/wp-json\/wp\/v2\/media?parent=20594"}],"wp:term":[{"taxonomy":"category","embeddable":true,"href":"https:\/\/www.caudete.org\/ayuntamiento\/wp-json\/wp\/v2\/categories?post=20594"},{"taxonomy":"post_tag","embeddable":true,"href":"https:\/\/www.caudete.org\/ayuntamiento\/wp-json\/wp\/v2\/tags?post=20594"}],"curies":[{"name":"wp","href":"https:\/\/api.w.org\/{rel}","templated":true}]}}