{"id":20606,"date":"2022-11-18T14:08:37","date_gmt":"2022-11-18T13:08:37","guid":{"rendered":"https:\/\/www.caudete.org\/ayuntamiento\/?p=20606"},"modified":"2022-11-18T14:08:37","modified_gmt":"2022-11-18T13:08:37","slug":"caudeteeneuropa-la-escuela-de-musica-danza-y-arte-de-bannewitz-alemania-visita-nuestro-municipio","status":"publish","type":"post","link":"https:\/\/www.caudete.org\/ayuntamiento\/caudeteeneuropa-la-escuela-de-musica-danza-y-arte-de-bannewitz-alemania-visita-nuestro-municipio\/","title":{"rendered":"CaudeteEnEUROPA: la Escuela de Musica, Danza y Arte de Bannewitz (Alemania) visita nuestro municipio"},"content":{"rendered":"<p style=\"text-align: justify;\">La Concejala de Empleo y Formaci\u00f3n M.\u00aa del Mar Requena Moll\u00e1 informa de que durante los d\u00edas 14 a 16 de noviembre la Escuela Municipal de M\u00fasica y Danza de Caudete ha acogido a profesorado y personal de administraci\u00f3n de la Escuela de M\u00fasica, Danza y Arte de Bannewitz (Alemania) en el marco de colaboraci\u00f3n que este centro y el Ayuntamiento de Caudete han establecido.<\/p>\n<p style=\"text-align: justify;\">Ambas entidades cuentan con la Acreditaci\u00f3n Erasmus y, por tanto, est\u00e1n trabajando en el desarrollo de su estrategia de internacionalizaci\u00f3n en el marco del programa.<\/p>\n<p style=\"text-align: justify;\">Durante estos d\u00edas, el personal de la Musik-Tanz-Kunst Schule Bannewitz: Irmela Werner, profesora de guitarra y coordinadora Erasmus, Jana Mesgarha, directora adjunta y profesora de danza, Kerstin Doelle, profesora de canto, Julietta Demetriades-Uhlig, profesora de piano y canto, y Birgit Kotte, secretaria administrativa, y el equipo directivo de la EMMD de Caudete han mantenido reuniones t\u00e9cnicas en las que se ha compartido informaci\u00f3n sobre la estructura de las Escuelas de M\u00fasica en Espa\u00f1a, as\u00ed como sobre la organizaci\u00f3n del centro, alumnado, profesorado, gesti\u00f3n, asignaturas, niveles y contenidos de las pruebas de acceso.<\/p>\n<p style=\"text-align: justify;\">Se han mantenido, asimismo, reuniones en las que ha participado la coordinadora Erasmus del Ayuntamiento de Caudete, Elia Lac\u00e1rcel, en las que se han abordado los proyectos de ambas entidades y los planes de colaboraci\u00f3n futura.<\/p>\n<p style=\"text-align: justify;\">El principal objetivo de la estancia del profesorado alem\u00e1n participante en la actividad de Job-Shadowing a realizar en la EMMD de Caudete era observar la impartici\u00f3n de clases en las distintas especialidades. As\u00ed, se asisti\u00f3 a las clases de Danza Cl\u00e1sica con alumnas de iniciaci\u00f3n, Escuela Bolera y Puntas, con alumnas de perfeccionamiento de la profesora M\u00f3nica Calabuig, y a las clases de Flamenco con las alumnas adultas e Iniciaci\u00f3n de Danza Espa\u00f1ola de la profesora Rosa M.\u00aa Tom\u00e1s. Por lo que se refiere a la m\u00fasica, se pudo conocer la pr\u00e1ctica docente en la especialidad de canto, con la profesora Eva M.\u00aa Tecles; de piano y m\u00e9todo Scherzando de Piano, con la profesora Raquel Mart\u00ednez y Eva Tecles, respectivamente; de guitarra con el profesor Pedro \u00c1ngel Mart\u00ednez; de Lenguaje Musical con los profesores Miriam P\u00e9rez y Jes\u00fas Lorente, con el M\u00e9todo Aula Virtual M\u00fasica, y de M\u00fasica y Movimiento con la profesora Jessica Mart\u00ednez.<\/p>\n<p style=\"text-align: justify;\">El encuentro cont\u00f3 adem\u00e1s con dos demostraciones, una de Danza Cl\u00e1sica y Danza Espa\u00f1ola, y otra de M\u00fasica, que incluy\u00f3 diferentes especialidades como clarinete, viola, piano y canto, adem\u00e1s de dos agrupaciones como fueron el Cuarteto de Saxofones y el Combo de M\u00fasica Moderna, y se asisti\u00f3 a un ensayo de la zarzuela Los Pastores de Bel\u00e9n.<\/p>\n<p style=\"text-align: justify;\">El centro alem\u00e1n es tambi\u00e9n escuela de arte, y durante estos d\u00edas el personal visitante pudo disfrutar de la exposici\u00f3n de la Bienal de Acuarela, de la mano de Mar\u00eda S\u00e1nchez, directora de la Casa de Cultura, habi\u00e9ndose abierto una nueva v\u00eda de colaboraci\u00f3n en este \u00e1mbito.<\/p>\n<p style=\"text-align: justify;\">Los participantes tambi\u00e9n disfrutaron de una visita guiada a cargo de la t\u00e9cnico de Turismo, Encarna Garc\u00eda, y finalizaron su estancia con un encuentro con el alcalde, Mois\u00e9s L\u00f3pez, que manifest\u00f3 la voluntad de seguir colaborando con esta entidad en el marco de la Acreditaci\u00f3n Erasmus, que pretende que las entidades activas en educaci\u00f3n en los diferentes pa\u00edses europeos puedan conocerse, cooperar y trabajar de forma conjunta, contribuyendo as\u00ed al logro efectivo del Espacio Europeo de Educaci\u00f3n, planteado por las instituciones europeas como objetivo para los pr\u00f3ximos a\u00f1os.<\/p>\n<p><a href=\"https:\/\/www.caudete.org\/ayuntamiento\/wp-content\/uploads\/2022\/11\/coord-scaled.jpeg\" rel='prettyPhoto'><img fetchpriority=\"high\" decoding=\"async\" class=\"alignnone wp-image-20608 size-medium\" src=\"https:\/\/www.caudete.org\/ayuntamiento\/wp-content\/uploads\/2022\/11\/coord-225x300.jpeg\" alt=\"\" width=\"225\" height=\"300\" srcset=\"https:\/\/www.caudete.org\/ayuntamiento\/wp-content\/uploads\/2022\/11\/coord-225x300.jpeg 225w, https:\/\/www.caudete.org\/ayuntamiento\/wp-content\/uploads\/2022\/11\/coord-768x1024.jpeg 768w, https:\/\/www.caudete.org\/ayuntamiento\/wp-content\/uploads\/2022\/11\/coord-1152x1536.jpeg 1152w, https:\/\/www.caudete.org\/ayuntamiento\/wp-content\/uploads\/2022\/11\/coord-1536x2048.jpeg 1536w, https:\/\/www.caudete.org\/ayuntamiento\/wp-content\/uploads\/2022\/11\/coord-scaled.jpeg 1920w\" sizes=\"(max-width: 225px) 100vw, 225px\" \/><\/a> <a href=\"https:\/\/www.caudete.org\/ayuntamiento\/wp-content\/uploads\/2022\/11\/saxos-scaled.jpeg\" rel='prettyPhoto'><img decoding=\"async\" class=\"alignnone wp-image-20609 size-medium\" src=\"https:\/\/www.caudete.org\/ayuntamiento\/wp-content\/uploads\/2022\/11\/saxos-300x225.jpeg\" alt=\"\" width=\"300\" height=\"225\" srcset=\"https:\/\/www.caudete.org\/ayuntamiento\/wp-content\/uploads\/2022\/11\/saxos-300x225.jpeg 300w, https:\/\/www.caudete.org\/ayuntamiento\/wp-content\/uploads\/2022\/11\/saxos-1024x768.jpeg 1024w, https:\/\/www.caudete.org\/ayuntamiento\/wp-content\/uploads\/2022\/11\/saxos-768x576.jpeg 768w, https:\/\/www.caudete.org\/ayuntamiento\/wp-content\/uploads\/2022\/11\/saxos-1536x1152.jpeg 1536w, https:\/\/www.caudete.org\/ayuntamiento\/wp-content\/uploads\/2022\/11\/saxos-2048x1536.jpeg 2048w\" sizes=\"(max-width: 300px) 100vw, 300px\" \/><\/a> <a href=\"https:\/\/www.caudete.org\/ayuntamiento\/wp-content\/uploads\/2022\/11\/guitars-scaled.jpeg\" rel='prettyPhoto'><img decoding=\"async\" class=\"alignnone wp-image-20610 size-medium\" src=\"https:\/\/www.caudete.org\/ayuntamiento\/wp-content\/uploads\/2022\/11\/guitars-300x225.jpeg\" alt=\"\" width=\"300\" height=\"225\" srcset=\"https:\/\/www.caudete.org\/ayuntamiento\/wp-content\/uploads\/2022\/11\/guitars-300x225.jpeg 300w, https:\/\/www.caudete.org\/ayuntamiento\/wp-content\/uploads\/2022\/11\/guitars-1024x768.jpeg 1024w, https:\/\/www.caudete.org\/ayuntamiento\/wp-content\/uploads\/2022\/11\/guitars-768x576.jpeg 768w, https:\/\/www.caudete.org\/ayuntamiento\/wp-content\/uploads\/2022\/11\/guitars-1536x1152.jpeg 1536w, https:\/\/www.caudete.org\/ayuntamiento\/wp-content\/uploads\/2022\/11\/guitars-2048x1536.jpeg 2048w\" sizes=\"(max-width: 300px) 100vw, 300px\" \/><\/a> <a href=\"https:\/\/www.caudete.org\/ayuntamiento\/wp-content\/uploads\/2022\/11\/danza.jpeg\" rel='prettyPhoto'><img loading=\"lazy\" decoding=\"async\" class=\"alignnone wp-image-20611 size-medium\" src=\"https:\/\/www.caudete.org\/ayuntamiento\/wp-content\/uploads\/2022\/11\/danza-300x225.jpeg\" alt=\"\" width=\"300\" height=\"225\" srcset=\"https:\/\/www.caudete.org\/ayuntamiento\/wp-content\/uploads\/2022\/11\/danza-300x225.jpeg 300w, https:\/\/www.caudete.org\/ayuntamiento\/wp-content\/uploads\/2022\/11\/danza-768x576.jpeg 768w, https:\/\/www.caudete.org\/ayuntamiento\/wp-content\/uploads\/2022\/11\/danza.jpeg 1024w\" sizes=\"(max-width: 300px) 100vw, 300px\" \/><\/a> <a href=\"https:\/\/www.caudete.org\/ayuntamiento\/wp-content\/uploads\/2022\/11\/bailadoras.jpeg\" rel='prettyPhoto'><img loading=\"lazy\" decoding=\"async\" class=\"alignnone wp-image-20612 size-medium\" src=\"https:\/\/www.caudete.org\/ayuntamiento\/wp-content\/uploads\/2022\/11\/bailadoras-300x256.jpeg\" alt=\"\" width=\"300\" height=\"256\" srcset=\"https:\/\/www.caudete.org\/ayuntamiento\/wp-content\/uploads\/2022\/11\/bailadoras-300x256.jpeg 300w, https:\/\/www.caudete.org\/ayuntamiento\/wp-content\/uploads\/2022\/11\/bailadoras-1024x874.jpeg 1024w, https:\/\/www.caudete.org\/ayuntamiento\/wp-content\/uploads\/2022\/11\/bailadoras-768x656.jpeg 768w, https:\/\/www.caudete.org\/ayuntamiento\/wp-content\/uploads\/2022\/11\/bailadoras-1536x1311.jpeg 1536w, https:\/\/www.caudete.org\/ayuntamiento\/wp-content\/uploads\/2022\/11\/bailadoras.jpeg 1600w\" sizes=\"(max-width: 300px) 100vw, 300px\" \/><\/a> <a href=\"https:\/\/www.caudete.org\/ayuntamiento\/wp-content\/uploads\/2022\/11\/museo.jpeg\" rel='prettyPhoto'><img loading=\"lazy\" decoding=\"async\" class=\"alignnone wp-image-20613 size-medium\" src=\"https:\/\/www.caudete.org\/ayuntamiento\/wp-content\/uploads\/2022\/11\/museo-225x300.jpeg\" alt=\"\" width=\"225\" height=\"300\" srcset=\"https:\/\/www.caudete.org\/ayuntamiento\/wp-content\/uploads\/2022\/11\/museo-225x300.jpeg 225w, https:\/\/www.caudete.org\/ayuntamiento\/wp-content\/uploads\/2022\/11\/museo.jpeg 768w\" sizes=\"(max-width: 225px) 100vw, 225px\" \/><\/a> <a href=\"https:\/\/www.caudete.org\/ayuntamiento\/wp-content\/uploads\/2022\/11\/claustro-scaled.jpeg\" rel='prettyPhoto'><img loading=\"lazy\" decoding=\"async\" class=\"alignnone wp-image-20614 size-medium\" src=\"https:\/\/www.caudete.org\/ayuntamiento\/wp-content\/uploads\/2022\/11\/claustro-300x225.jpeg\" alt=\"\" width=\"300\" height=\"225\" srcset=\"https:\/\/www.caudete.org\/ayuntamiento\/wp-content\/uploads\/2022\/11\/claustro-300x225.jpeg 300w, https:\/\/www.caudete.org\/ayuntamiento\/wp-content\/uploads\/2022\/11\/claustro-1024x768.jpeg 1024w, https:\/\/www.caudete.org\/ayuntamiento\/wp-content\/uploads\/2022\/11\/claustro-768x576.jpeg 768w, https:\/\/www.caudete.org\/ayuntamiento\/wp-content\/uploads\/2022\/11\/claustro-1536x1152.jpeg 1536w, https:\/\/www.caudete.org\/ayuntamiento\/wp-content\/uploads\/2022\/11\/claustro-2048x1536.jpeg 2048w\" sizes=\"(max-width: 300px) 100vw, 300px\" \/><\/a><\/p>\n","protected":false},"excerpt":{"rendered":"<p>La Concejala de Empleo y Formaci\u00f3n M.\u00aa del Mar Requena Moll\u00e1 informa de que durante los d\u00edas 14 a 16 de noviembre la Escuela Municipal de M\u00fasica y Danza de Caudete ha acogido a profesorado y personal de administraci\u00f3n de la Escuela de M\u00fasica, Danza y Arte de Bannewitz (Alemania) en el marco de colaboraci\u00f3n &hellip;<\/p>\n","protected":false},"author":3,"featured_media":20607,"comment_status":"closed","ping_status":"open","sticky":false,"template":"","format":"standard","meta":{"ngg_post_thumbnail":0,"footnotes":""},"categories":[37],"tags":[],"class_list":["post-20606","post","type-post","status-publish","format-standard","has-post-thumbnail","hentry","category-empleo-y-formacion"],"yoast_head":"<!-- This site is optimized with the Yoast SEO plugin v27.4 - https:\/\/yoast.com\/product\/yoast-seo-wordpress\/ -->\n<title>CaudeteEnEUROPA: la Escuela de Musica, Danza y Arte de Bannewitz (Alemania) visita nuestro municipio - MI Ayuntamiento de Caudete<\/title>\n<meta name=\"description\" content=\"P\u00e1gina Oficial del Ayuntamiento de Caudete (Albacete)\" \/>\n<meta name=\"robots\" content=\"index, follow, max-snippet:-1, max-image-preview:large, max-video-preview:-1\" \/>\n<link rel=\"canonical\" href=\"https:\/\/www.caudete.org\/ayuntamiento\/caudeteeneuropa-la-escuela-de-musica-danza-y-arte-de-bannewitz-alemania-visita-nuestro-municipio\/\" \/>\n<meta property=\"og:locale\" content=\"es_ES\" \/>\n<meta property=\"og:type\" content=\"article\" \/>\n<meta property=\"og:title\" content=\"CaudeteEnEUROPA: la Escuela de Musica, Danza y Arte de Bannewitz (Alemania) visita nuestro municipio - MI Ayuntamiento de Caudete\" \/>\n<meta property=\"og:description\" content=\"P\u00e1gina Oficial del Ayuntamiento de Caudete (Albacete)\" \/>\n<meta property=\"og:url\" content=\"https:\/\/www.caudete.org\/ayuntamiento\/caudeteeneuropa-la-escuela-de-musica-danza-y-arte-de-bannewitz-alemania-visita-nuestro-municipio\/\" \/>\n<meta property=\"og:site_name\" content=\"MI Ayuntamiento de Caudete\" \/>\n<meta property=\"article:publisher\" content=\"https:\/\/www.facebook.com\/ayuntamientocaudete\/\" \/>\n<meta property=\"article:published_time\" content=\"2022-11-18T13:08:37+00:00\" \/>\n<meta property=\"og:image\" content=\"https:\/\/www.caudete.org\/ayuntamiento\/wp-content\/uploads\/2022\/11\/WhatsApp-Image-2022-11-16-at-10.54.53.jpeg\" \/>\n\t<meta property=\"og:image:width\" content=\"1024\" \/>\n\t<meta property=\"og:image:height\" content=\"768\" \/>\n\t<meta property=\"og:image:type\" content=\"image\/jpeg\" \/>\n<meta name=\"author\" content=\"alcalde\" \/>\n<meta name=\"twitter:card\" content=\"summary_large_image\" \/>\n<meta name=\"twitter:label1\" content=\"Escrito por\" \/>\n\t<meta name=\"twitter:data1\" content=\"alcalde\" \/>\n\t<meta name=\"twitter:label2\" content=\"Tiempo de lectura\" \/>\n\t<meta name=\"twitter:data2\" content=\"4 minutos\" \/>\n<script type=\"application\/ld+json\" class=\"yoast-schema-graph\">{\"@context\":\"https:\\\/\\\/schema.org\",\"@graph\":[{\"@type\":\"Article\",\"@id\":\"https:\\\/\\\/www.caudete.org\\\/ayuntamiento\\\/caudeteeneuropa-la-escuela-de-musica-danza-y-arte-de-bannewitz-alemania-visita-nuestro-municipio\\\/#article\",\"isPartOf\":{\"@id\":\"https:\\\/\\\/www.caudete.org\\\/ayuntamiento\\\/caudeteeneuropa-la-escuela-de-musica-danza-y-arte-de-bannewitz-alemania-visita-nuestro-municipio\\\/\"},\"author\":{\"name\":\"alcalde\",\"@id\":\"https:\\\/\\\/www.caudete.org\\\/ayuntamiento\\\/#\\\/schema\\\/person\\\/cc646da9133078ee4d8dd47457947253\"},\"headline\":\"CaudeteEnEUROPA: la Escuela de Musica, Danza y Arte de Bannewitz (Alemania) visita nuestro municipio\",\"datePublished\":\"2022-11-18T13:08:37+00:00\",\"mainEntityOfPage\":{\"@id\":\"https:\\\/\\\/www.caudete.org\\\/ayuntamiento\\\/caudeteeneuropa-la-escuela-de-musica-danza-y-arte-de-bannewitz-alemania-visita-nuestro-municipio\\\/\"},\"wordCount\":641,\"publisher\":{\"@id\":\"https:\\\/\\\/www.caudete.org\\\/ayuntamiento\\\/#organization\"},\"image\":{\"@id\":\"https:\\\/\\\/www.caudete.org\\\/ayuntamiento\\\/caudeteeneuropa-la-escuela-de-musica-danza-y-arte-de-bannewitz-alemania-visita-nuestro-municipio\\\/#primaryimage\"},\"thumbnailUrl\":\"https:\\\/\\\/www.caudete.org\\\/ayuntamiento\\\/wp-content\\\/uploads\\\/2022\\\/11\\\/WhatsApp-Image-2022-11-16-at-10.54.53.jpeg\",\"articleSection\":[\"Empleo y Formaci\u00f3n\"],\"inLanguage\":\"es\"},{\"@type\":\"WebPage\",\"@id\":\"https:\\\/\\\/www.caudete.org\\\/ayuntamiento\\\/caudeteeneuropa-la-escuela-de-musica-danza-y-arte-de-bannewitz-alemania-visita-nuestro-municipio\\\/\",\"url\":\"https:\\\/\\\/www.caudete.org\\\/ayuntamiento\\\/caudeteeneuropa-la-escuela-de-musica-danza-y-arte-de-bannewitz-alemania-visita-nuestro-municipio\\\/\",\"name\":\"CaudeteEnEUROPA: la Escuela de Musica, Danza y Arte de Bannewitz (Alemania) visita nuestro municipio - MI Ayuntamiento de Caudete\",\"isPartOf\":{\"@id\":\"https:\\\/\\\/www.caudete.org\\\/ayuntamiento\\\/#website\"},\"primaryImageOfPage\":{\"@id\":\"https:\\\/\\\/www.caudete.org\\\/ayuntamiento\\\/caudeteeneuropa-la-escuela-de-musica-danza-y-arte-de-bannewitz-alemania-visita-nuestro-municipio\\\/#primaryimage\"},\"image\":{\"@id\":\"https:\\\/\\\/www.caudete.org\\\/ayuntamiento\\\/caudeteeneuropa-la-escuela-de-musica-danza-y-arte-de-bannewitz-alemania-visita-nuestro-municipio\\\/#primaryimage\"},\"thumbnailUrl\":\"https:\\\/\\\/www.caudete.org\\\/ayuntamiento\\\/wp-content\\\/uploads\\\/2022\\\/11\\\/WhatsApp-Image-2022-11-16-at-10.54.53.jpeg\",\"datePublished\":\"2022-11-18T13:08:37+00:00\",\"description\":\"P\u00e1gina Oficial del Ayuntamiento de Caudete (Albacete)\",\"breadcrumb\":{\"@id\":\"https:\\\/\\\/www.caudete.org\\\/ayuntamiento\\\/caudeteeneuropa-la-escuela-de-musica-danza-y-arte-de-bannewitz-alemania-visita-nuestro-municipio\\\/#breadcrumb\"},\"inLanguage\":\"es\",\"potentialAction\":[{\"@type\":\"ReadAction\",\"target\":[\"https:\\\/\\\/www.caudete.org\\\/ayuntamiento\\\/caudeteeneuropa-la-escuela-de-musica-danza-y-arte-de-bannewitz-alemania-visita-nuestro-municipio\\\/\"]}]},{\"@type\":\"ImageObject\",\"inLanguage\":\"es\",\"@id\":\"https:\\\/\\\/www.caudete.org\\\/ayuntamiento\\\/caudeteeneuropa-la-escuela-de-musica-danza-y-arte-de-bannewitz-alemania-visita-nuestro-municipio\\\/#primaryimage\",\"url\":\"https:\\\/\\\/www.caudete.org\\\/ayuntamiento\\\/wp-content\\\/uploads\\\/2022\\\/11\\\/WhatsApp-Image-2022-11-16-at-10.54.53.jpeg\",\"contentUrl\":\"https:\\\/\\\/www.caudete.org\\\/ayuntamiento\\\/wp-content\\\/uploads\\\/2022\\\/11\\\/WhatsApp-Image-2022-11-16-at-10.54.53.jpeg\",\"width\":1024,\"height\":768},{\"@type\":\"BreadcrumbList\",\"@id\":\"https:\\\/\\\/www.caudete.org\\\/ayuntamiento\\\/caudeteeneuropa-la-escuela-de-musica-danza-y-arte-de-bannewitz-alemania-visita-nuestro-municipio\\\/#breadcrumb\",\"itemListElement\":[{\"@type\":\"ListItem\",\"position\":1,\"name\":\"Inicio\",\"item\":\"https:\\\/\\\/www.caudete.org\\\/ayuntamiento\\\/\"},{\"@type\":\"ListItem\",\"position\":2,\"name\":\"CaudeteEnEUROPA: la Escuela de Musica, Danza y Arte de Bannewitz (Alemania) visita nuestro municipio\"}]},{\"@type\":\"WebSite\",\"@id\":\"https:\\\/\\\/www.caudete.org\\\/ayuntamiento\\\/#website\",\"url\":\"https:\\\/\\\/www.caudete.org\\\/ayuntamiento\\\/\",\"name\":\"MI Ayuntamiento de Caudete\",\"description\":\"P\u00e1gina Oficial del MI Ayuntamiento de Caudete\",\"publisher\":{\"@id\":\"https:\\\/\\\/www.caudete.org\\\/ayuntamiento\\\/#organization\"},\"potentialAction\":[{\"@type\":\"SearchAction\",\"target\":{\"@type\":\"EntryPoint\",\"urlTemplate\":\"https:\\\/\\\/www.caudete.org\\\/ayuntamiento\\\/?s={search_term_string}\"},\"query-input\":{\"@type\":\"PropertyValueSpecification\",\"valueRequired\":true,\"valueName\":\"search_term_string\"}}],\"inLanguage\":\"es\"},{\"@type\":\"Organization\",\"@id\":\"https:\\\/\\\/www.caudete.org\\\/ayuntamiento\\\/#organization\",\"name\":\"Ayuntamiento de Caudete\",\"url\":\"https:\\\/\\\/www.caudete.org\\\/ayuntamiento\\\/\",\"logo\":{\"@type\":\"ImageObject\",\"inLanguage\":\"es\",\"@id\":\"https:\\\/\\\/www.caudete.org\\\/ayuntamiento\\\/#\\\/schema\\\/logo\\\/image\\\/\",\"url\":\"https:\\\/\\\/www.caudete.org\\\/ayuntamiento\\\/wp-content\\\/uploads\\\/2020\\\/11\\\/logo_ayuntamiento_caudete.jpg\",\"contentUrl\":\"https:\\\/\\\/www.caudete.org\\\/ayuntamiento\\\/wp-content\\\/uploads\\\/2020\\\/11\\\/logo_ayuntamiento_caudete.jpg\",\"width\":600,\"height\":150,\"caption\":\"Ayuntamiento de Caudete\"},\"image\":{\"@id\":\"https:\\\/\\\/www.caudete.org\\\/ayuntamiento\\\/#\\\/schema\\\/logo\\\/image\\\/\"},\"sameAs\":[\"https:\\\/\\\/www.facebook.com\\\/ayuntamientocaudete\\\/\",\"https:\\\/\\\/www.youtube.com\\\/channel\\\/UC6VztHaooNsGpw-tNoBEFnQ\"]},{\"@type\":\"Person\",\"@id\":\"https:\\\/\\\/www.caudete.org\\\/ayuntamiento\\\/#\\\/schema\\\/person\\\/cc646da9133078ee4d8dd47457947253\",\"name\":\"alcalde\",\"image\":{\"@type\":\"ImageObject\",\"inLanguage\":\"es\",\"@id\":\"https:\\\/\\\/secure.gravatar.com\\\/avatar\\\/84a817ba065b29ff08d666b215a215f5c79186a645ccb25b14a663d48a130f77?s=96&d=mm&r=g\",\"url\":\"https:\\\/\\\/secure.gravatar.com\\\/avatar\\\/84a817ba065b29ff08d666b215a215f5c79186a645ccb25b14a663d48a130f77?s=96&d=mm&r=g\",\"contentUrl\":\"https:\\\/\\\/secure.gravatar.com\\\/avatar\\\/84a817ba065b29ff08d666b215a215f5c79186a645ccb25b14a663d48a130f77?s=96&d=mm&r=g\",\"caption\":\"alcalde\"},\"url\":\"https:\\\/\\\/www.caudete.org\\\/ayuntamiento\\\/author\\\/alcalde\\\/\"}]}<\/script>\n<!-- \/ Yoast SEO plugin. -->","yoast_head_json":{"title":"CaudeteEnEUROPA: la Escuela de Musica, Danza y Arte de Bannewitz (Alemania) visita nuestro municipio - MI Ayuntamiento de Caudete","description":"P\u00e1gina Oficial del Ayuntamiento de Caudete (Albacete)","robots":{"index":"index","follow":"follow","max-snippet":"max-snippet:-1","max-image-preview":"max-image-preview:large","max-video-preview":"max-video-preview:-1"},"canonical":"https:\/\/www.caudete.org\/ayuntamiento\/caudeteeneuropa-la-escuela-de-musica-danza-y-arte-de-bannewitz-alemania-visita-nuestro-municipio\/","og_locale":"es_ES","og_type":"article","og_title":"CaudeteEnEUROPA: la Escuela de Musica, Danza y Arte de Bannewitz (Alemania) visita nuestro municipio - MI Ayuntamiento de Caudete","og_description":"P\u00e1gina Oficial del Ayuntamiento de Caudete (Albacete)","og_url":"https:\/\/www.caudete.org\/ayuntamiento\/caudeteeneuropa-la-escuela-de-musica-danza-y-arte-de-bannewitz-alemania-visita-nuestro-municipio\/","og_site_name":"MI Ayuntamiento de Caudete","article_publisher":"https:\/\/www.facebook.com\/ayuntamientocaudete\/","article_published_time":"2022-11-18T13:08:37+00:00","og_image":[{"width":1024,"height":768,"url":"https:\/\/www.caudete.org\/ayuntamiento\/wp-content\/uploads\/2022\/11\/WhatsApp-Image-2022-11-16-at-10.54.53.jpeg","type":"image\/jpeg"}],"author":"alcalde","twitter_card":"summary_large_image","twitter_misc":{"Escrito por":"alcalde","Tiempo de lectura":"4 minutos"},"schema":{"@context":"https:\/\/schema.org","@graph":[{"@type":"Article","@id":"https:\/\/www.caudete.org\/ayuntamiento\/caudeteeneuropa-la-escuela-de-musica-danza-y-arte-de-bannewitz-alemania-visita-nuestro-municipio\/#article","isPartOf":{"@id":"https:\/\/www.caudete.org\/ayuntamiento\/caudeteeneuropa-la-escuela-de-musica-danza-y-arte-de-bannewitz-alemania-visita-nuestro-municipio\/"},"author":{"name":"alcalde","@id":"https:\/\/www.caudete.org\/ayuntamiento\/#\/schema\/person\/cc646da9133078ee4d8dd47457947253"},"headline":"CaudeteEnEUROPA: la Escuela de Musica, Danza y Arte de Bannewitz (Alemania) visita nuestro municipio","datePublished":"2022-11-18T13:08:37+00:00","mainEntityOfPage":{"@id":"https:\/\/www.caudete.org\/ayuntamiento\/caudeteeneuropa-la-escuela-de-musica-danza-y-arte-de-bannewitz-alemania-visita-nuestro-municipio\/"},"wordCount":641,"publisher":{"@id":"https:\/\/www.caudete.org\/ayuntamiento\/#organization"},"image":{"@id":"https:\/\/www.caudete.org\/ayuntamiento\/caudeteeneuropa-la-escuela-de-musica-danza-y-arte-de-bannewitz-alemania-visita-nuestro-municipio\/#primaryimage"},"thumbnailUrl":"https:\/\/www.caudete.org\/ayuntamiento\/wp-content\/uploads\/2022\/11\/WhatsApp-Image-2022-11-16-at-10.54.53.jpeg","articleSection":["Empleo y Formaci\u00f3n"],"inLanguage":"es"},{"@type":"WebPage","@id":"https:\/\/www.caudete.org\/ayuntamiento\/caudeteeneuropa-la-escuela-de-musica-danza-y-arte-de-bannewitz-alemania-visita-nuestro-municipio\/","url":"https:\/\/www.caudete.org\/ayuntamiento\/caudeteeneuropa-la-escuela-de-musica-danza-y-arte-de-bannewitz-alemania-visita-nuestro-municipio\/","name":"CaudeteEnEUROPA: la Escuela de Musica, Danza y Arte de Bannewitz (Alemania) visita nuestro municipio - MI Ayuntamiento de Caudete","isPartOf":{"@id":"https:\/\/www.caudete.org\/ayuntamiento\/#website"},"primaryImageOfPage":{"@id":"https:\/\/www.caudete.org\/ayuntamiento\/caudeteeneuropa-la-escuela-de-musica-danza-y-arte-de-bannewitz-alemania-visita-nuestro-municipio\/#primaryimage"},"image":{"@id":"https:\/\/www.caudete.org\/ayuntamiento\/caudeteeneuropa-la-escuela-de-musica-danza-y-arte-de-bannewitz-alemania-visita-nuestro-municipio\/#primaryimage"},"thumbnailUrl":"https:\/\/www.caudete.org\/ayuntamiento\/wp-content\/uploads\/2022\/11\/WhatsApp-Image-2022-11-16-at-10.54.53.jpeg","datePublished":"2022-11-18T13:08:37+00:00","description":"P\u00e1gina Oficial del Ayuntamiento de Caudete (Albacete)","breadcrumb":{"@id":"https:\/\/www.caudete.org\/ayuntamiento\/caudeteeneuropa-la-escuela-de-musica-danza-y-arte-de-bannewitz-alemania-visita-nuestro-municipio\/#breadcrumb"},"inLanguage":"es","potentialAction":[{"@type":"ReadAction","target":["https:\/\/www.caudete.org\/ayuntamiento\/caudeteeneuropa-la-escuela-de-musica-danza-y-arte-de-bannewitz-alemania-visita-nuestro-municipio\/"]}]},{"@type":"ImageObject","inLanguage":"es","@id":"https:\/\/www.caudete.org\/ayuntamiento\/caudeteeneuropa-la-escuela-de-musica-danza-y-arte-de-bannewitz-alemania-visita-nuestro-municipio\/#primaryimage","url":"https:\/\/www.caudete.org\/ayuntamiento\/wp-content\/uploads\/2022\/11\/WhatsApp-Image-2022-11-16-at-10.54.53.jpeg","contentUrl":"https:\/\/www.caudete.org\/ayuntamiento\/wp-content\/uploads\/2022\/11\/WhatsApp-Image-2022-11-16-at-10.54.53.jpeg","width":1024,"height":768},{"@type":"BreadcrumbList","@id":"https:\/\/www.caudete.org\/ayuntamiento\/caudeteeneuropa-la-escuela-de-musica-danza-y-arte-de-bannewitz-alemania-visita-nuestro-municipio\/#breadcrumb","itemListElement":[{"@type":"ListItem","position":1,"name":"Inicio","item":"https:\/\/www.caudete.org\/ayuntamiento\/"},{"@type":"ListItem","position":2,"name":"CaudeteEnEUROPA: la Escuela de Musica, Danza y Arte de Bannewitz (Alemania) visita nuestro municipio"}]},{"@type":"WebSite","@id":"https:\/\/www.caudete.org\/ayuntamiento\/#website","url":"https:\/\/www.caudete.org\/ayuntamiento\/","name":"MI Ayuntamiento de Caudete","description":"P\u00e1gina Oficial del MI Ayuntamiento de Caudete","publisher":{"@id":"https:\/\/www.caudete.org\/ayuntamiento\/#organization"},"potentialAction":[{"@type":"SearchAction","target":{"@type":"EntryPoint","urlTemplate":"https:\/\/www.caudete.org\/ayuntamiento\/?s={search_term_string}"},"query-input":{"@type":"PropertyValueSpecification","valueRequired":true,"valueName":"search_term_string"}}],"inLanguage":"es"},{"@type":"Organization","@id":"https:\/\/www.caudete.org\/ayuntamiento\/#organization","name":"Ayuntamiento de Caudete","url":"https:\/\/www.caudete.org\/ayuntamiento\/","logo":{"@type":"ImageObject","inLanguage":"es","@id":"https:\/\/www.caudete.org\/ayuntamiento\/#\/schema\/logo\/image\/","url":"https:\/\/www.caudete.org\/ayuntamiento\/wp-content\/uploads\/2020\/11\/logo_ayuntamiento_caudete.jpg","contentUrl":"https:\/\/www.caudete.org\/ayuntamiento\/wp-content\/uploads\/2020\/11\/logo_ayuntamiento_caudete.jpg","width":600,"height":150,"caption":"Ayuntamiento de Caudete"},"image":{"@id":"https:\/\/www.caudete.org\/ayuntamiento\/#\/schema\/logo\/image\/"},"sameAs":["https:\/\/www.facebook.com\/ayuntamientocaudete\/","https:\/\/www.youtube.com\/channel\/UC6VztHaooNsGpw-tNoBEFnQ"]},{"@type":"Person","@id":"https:\/\/www.caudete.org\/ayuntamiento\/#\/schema\/person\/cc646da9133078ee4d8dd47457947253","name":"alcalde","image":{"@type":"ImageObject","inLanguage":"es","@id":"https:\/\/secure.gravatar.com\/avatar\/84a817ba065b29ff08d666b215a215f5c79186a645ccb25b14a663d48a130f77?s=96&d=mm&r=g","url":"https:\/\/secure.gravatar.com\/avatar\/84a817ba065b29ff08d666b215a215f5c79186a645ccb25b14a663d48a130f77?s=96&d=mm&r=g","contentUrl":"https:\/\/secure.gravatar.com\/avatar\/84a817ba065b29ff08d666b215a215f5c79186a645ccb25b14a663d48a130f77?s=96&d=mm&r=g","caption":"alcalde"},"url":"https:\/\/www.caudete.org\/ayuntamiento\/author\/alcalde\/"}]}},"_links":{"self":[{"href":"https:\/\/www.caudete.org\/ayuntamiento\/wp-json\/wp\/v2\/posts\/20606","targetHints":{"allow":["GET"]}}],"collection":[{"href":"https:\/\/www.caudete.org\/ayuntamiento\/wp-json\/wp\/v2\/posts"}],"about":[{"href":"https:\/\/www.caudete.org\/ayuntamiento\/wp-json\/wp\/v2\/types\/post"}],"author":[{"embeddable":true,"href":"https:\/\/www.caudete.org\/ayuntamiento\/wp-json\/wp\/v2\/users\/3"}],"replies":[{"embeddable":true,"href":"https:\/\/www.caudete.org\/ayuntamiento\/wp-json\/wp\/v2\/comments?post=20606"}],"version-history":[{"count":1,"href":"https:\/\/www.caudete.org\/ayuntamiento\/wp-json\/wp\/v2\/posts\/20606\/revisions"}],"predecessor-version":[{"id":20615,"href":"https:\/\/www.caudete.org\/ayuntamiento\/wp-json\/wp\/v2\/posts\/20606\/revisions\/20615"}],"wp:featuredmedia":[{"embeddable":true,"href":"https:\/\/www.caudete.org\/ayuntamiento\/wp-json\/wp\/v2\/media\/20607"}],"wp:attachment":[{"href":"https:\/\/www.caudete.org\/ayuntamiento\/wp-json\/wp\/v2\/media?parent=20606"}],"wp:term":[{"taxonomy":"category","embeddable":true,"href":"https:\/\/www.caudete.org\/ayuntamiento\/wp-json\/wp\/v2\/categories?post=20606"},{"taxonomy":"post_tag","embeddable":true,"href":"https:\/\/www.caudete.org\/ayuntamiento\/wp-json\/wp\/v2\/tags?post=20606"}],"curies":[{"name":"wp","href":"https:\/\/api.w.org\/{rel}","templated":true}]}}