{"id":20626,"date":"2022-11-21T12:33:48","date_gmt":"2022-11-21T11:33:48","guid":{"rendered":"https:\/\/www.caudete.org\/ayuntamiento\/?p=20626"},"modified":"2022-11-21T12:33:48","modified_gmt":"2022-11-21T11:33:48","slug":"el-alcalde-informa-que-han-sido-detenidos-los-autores-de-los-ultimos-actos-delictivos","status":"publish","type":"post","link":"https:\/\/www.caudete.org\/ayuntamiento\/el-alcalde-informa-que-han-sido-detenidos-los-autores-de-los-ultimos-actos-delictivos\/","title":{"rendered":"El Alcalde informa que han sido detenidos los autores de los \u00faltimos actos delictivos"},"content":{"rendered":"<p style=\"text-align: justify;\">Esta ma\u00f1ana el Alcalde ha informado que las \u00faltimas informaciones recibidas en el Ayuntamiento confirman la detenci\u00f3n de todos los implicados en los principales acontecimientos delictivos sufridos los \u00faltimos d\u00edas en la poblaci\u00f3n.<\/p>\n<p style=\"text-align: justify;\">De ellos, 3 han sido puestos a disposici\u00f3n judicial, un cuarto ha ingresado en prisi\u00f3n y un quinto se encuentra detenido y pendiente de declarar ante el juez en estos momentos.<\/p>\n<p style=\"text-align: justify;\">Desde el Consistorio se sigue colaborando con Polic\u00eda Local y Guardia Civil para mejorar la seguridad ciudadana, y en estos momentos ambos cuerpos policiales se encuentran prestando sus servicios al completo, dentro de una estrategia coordinada.<\/p>\n","protected":false},"excerpt":{"rendered":"<p>Esta ma\u00f1ana el Alcalde ha informado que las \u00faltimas informaciones recibidas en el Ayuntamiento confirman la detenci\u00f3n de todos los implicados en los principales acontecimientos delictivos sufridos los \u00faltimos d\u00edas en la poblaci\u00f3n. De ellos, 3 han sido puestos a disposici\u00f3n judicial, un cuarto ha ingresado en prisi\u00f3n y un quinto se encuentra detenido y &hellip;<\/p>\n","protected":false},"author":3,"featured_media":20620,"comment_status":"closed","ping_status":"open","sticky":false,"template":"","format":"standard","meta":{"ngg_post_thumbnail":0,"footnotes":""},"categories":[34],"tags":[],"class_list":["post-20626","post","type-post","status-publish","format-standard","has-post-thumbnail","hentry","category-interior"],"yoast_head":"<!-- This site is optimized with the Yoast SEO plugin v27.5 - https:\/\/yoast.com\/product\/yoast-seo-wordpress\/ -->\n<title>El Alcalde informa que han sido detenidos los autores de los \u00faltimos actos delictivos - MI Ayuntamiento de Caudete<\/title>\n<meta name=\"description\" content=\"P\u00e1gina Oficial del Ayuntamiento de Caudete (Albacete)\" \/>\n<meta name=\"robots\" content=\"index, follow, max-snippet:-1, max-image-preview:large, max-video-preview:-1\" \/>\n<link rel=\"canonical\" href=\"https:\/\/www.caudete.org\/ayuntamiento\/el-alcalde-informa-que-han-sido-detenidos-los-autores-de-los-ultimos-actos-delictivos\/\" \/>\n<meta property=\"og:locale\" content=\"es_ES\" \/>\n<meta property=\"og:type\" content=\"article\" \/>\n<meta property=\"og:title\" content=\"El Alcalde informa que han sido detenidos los autores de los \u00faltimos actos delictivos - MI Ayuntamiento de Caudete\" \/>\n<meta property=\"og:description\" content=\"P\u00e1gina Oficial del Ayuntamiento de Caudete (Albacete)\" \/>\n<meta property=\"og:url\" content=\"https:\/\/www.caudete.org\/ayuntamiento\/el-alcalde-informa-que-han-sido-detenidos-los-autores-de-los-ultimos-actos-delictivos\/\" \/>\n<meta property=\"og:site_name\" content=\"MI Ayuntamiento de Caudete\" \/>\n<meta property=\"article:publisher\" content=\"https:\/\/www.facebook.com\/ayuntamientocaudete\/\" \/>\n<meta property=\"article:published_time\" content=\"2022-11-21T11:33:48+00:00\" \/>\n<meta property=\"og:image\" content=\"https:\/\/www.caudete.org\/ayuntamiento\/wp-content\/uploads\/2022\/11\/robos-en-caudete-oxyq7a59rtd2kxz9q8tve3g5v59sixwlayarp2eb1g.jpg\" \/>\n\t<meta property=\"og:image:width\" content=\"1200\" \/>\n\t<meta property=\"og:image:height\" content=\"650\" \/>\n\t<meta property=\"og:image:type\" content=\"image\/jpeg\" \/>\n<meta name=\"author\" content=\"alcalde\" \/>\n<meta name=\"twitter:card\" content=\"summary_large_image\" \/>\n<meta name=\"twitter:label1\" content=\"Escrito por\" \/>\n\t<meta name=\"twitter:data1\" content=\"alcalde\" \/>\n\t<meta name=\"twitter:label2\" content=\"Tiempo de lectura\" \/>\n\t<meta name=\"twitter:data2\" content=\"1 minuto\" \/>\n<script type=\"application\/ld+json\" class=\"yoast-schema-graph\">{\"@context\":\"https:\\\/\\\/schema.org\",\"@graph\":[{\"@type\":\"Article\",\"@id\":\"https:\\\/\\\/www.caudete.org\\\/ayuntamiento\\\/el-alcalde-informa-que-han-sido-detenidos-los-autores-de-los-ultimos-actos-delictivos\\\/#article\",\"isPartOf\":{\"@id\":\"https:\\\/\\\/www.caudete.org\\\/ayuntamiento\\\/el-alcalde-informa-que-han-sido-detenidos-los-autores-de-los-ultimos-actos-delictivos\\\/\"},\"author\":{\"name\":\"alcalde\",\"@id\":\"https:\\\/\\\/www.caudete.org\\\/ayuntamiento\\\/#\\\/schema\\\/person\\\/cc646da9133078ee4d8dd47457947253\"},\"headline\":\"El Alcalde informa que han sido detenidos los autores de los \u00faltimos actos delictivos\",\"datePublished\":\"2022-11-21T11:33:48+00:00\",\"mainEntityOfPage\":{\"@id\":\"https:\\\/\\\/www.caudete.org\\\/ayuntamiento\\\/el-alcalde-informa-que-han-sido-detenidos-los-autores-de-los-ultimos-actos-delictivos\\\/\"},\"wordCount\":120,\"publisher\":{\"@id\":\"https:\\\/\\\/www.caudete.org\\\/ayuntamiento\\\/#organization\"},\"image\":{\"@id\":\"https:\\\/\\\/www.caudete.org\\\/ayuntamiento\\\/el-alcalde-informa-que-han-sido-detenidos-los-autores-de-los-ultimos-actos-delictivos\\\/#primaryimage\"},\"thumbnailUrl\":\"https:\\\/\\\/www.caudete.org\\\/ayuntamiento\\\/wp-content\\\/uploads\\\/2022\\\/11\\\/robos-en-caudete-oxyq7a59rtd2kxz9q8tve3g5v59sixwlayarp2eb1g.jpg\",\"articleSection\":[\"Interior\"],\"inLanguage\":\"es\"},{\"@type\":\"WebPage\",\"@id\":\"https:\\\/\\\/www.caudete.org\\\/ayuntamiento\\\/el-alcalde-informa-que-han-sido-detenidos-los-autores-de-los-ultimos-actos-delictivos\\\/\",\"url\":\"https:\\\/\\\/www.caudete.org\\\/ayuntamiento\\\/el-alcalde-informa-que-han-sido-detenidos-los-autores-de-los-ultimos-actos-delictivos\\\/\",\"name\":\"El Alcalde informa que han sido detenidos los autores de los \u00faltimos actos delictivos - MI Ayuntamiento de Caudete\",\"isPartOf\":{\"@id\":\"https:\\\/\\\/www.caudete.org\\\/ayuntamiento\\\/#website\"},\"primaryImageOfPage\":{\"@id\":\"https:\\\/\\\/www.caudete.org\\\/ayuntamiento\\\/el-alcalde-informa-que-han-sido-detenidos-los-autores-de-los-ultimos-actos-delictivos\\\/#primaryimage\"},\"image\":{\"@id\":\"https:\\\/\\\/www.caudete.org\\\/ayuntamiento\\\/el-alcalde-informa-que-han-sido-detenidos-los-autores-de-los-ultimos-actos-delictivos\\\/#primaryimage\"},\"thumbnailUrl\":\"https:\\\/\\\/www.caudete.org\\\/ayuntamiento\\\/wp-content\\\/uploads\\\/2022\\\/11\\\/robos-en-caudete-oxyq7a59rtd2kxz9q8tve3g5v59sixwlayarp2eb1g.jpg\",\"datePublished\":\"2022-11-21T11:33:48+00:00\",\"description\":\"P\u00e1gina Oficial del Ayuntamiento de Caudete (Albacete)\",\"breadcrumb\":{\"@id\":\"https:\\\/\\\/www.caudete.org\\\/ayuntamiento\\\/el-alcalde-informa-que-han-sido-detenidos-los-autores-de-los-ultimos-actos-delictivos\\\/#breadcrumb\"},\"inLanguage\":\"es\",\"potentialAction\":[{\"@type\":\"ReadAction\",\"target\":[\"https:\\\/\\\/www.caudete.org\\\/ayuntamiento\\\/el-alcalde-informa-que-han-sido-detenidos-los-autores-de-los-ultimos-actos-delictivos\\\/\"]}]},{\"@type\":\"ImageObject\",\"inLanguage\":\"es\",\"@id\":\"https:\\\/\\\/www.caudete.org\\\/ayuntamiento\\\/el-alcalde-informa-que-han-sido-detenidos-los-autores-de-los-ultimos-actos-delictivos\\\/#primaryimage\",\"url\":\"https:\\\/\\\/www.caudete.org\\\/ayuntamiento\\\/wp-content\\\/uploads\\\/2022\\\/11\\\/robos-en-caudete-oxyq7a59rtd2kxz9q8tve3g5v59sixwlayarp2eb1g.jpg\",\"contentUrl\":\"https:\\\/\\\/www.caudete.org\\\/ayuntamiento\\\/wp-content\\\/uploads\\\/2022\\\/11\\\/robos-en-caudete-oxyq7a59rtd2kxz9q8tve3g5v59sixwlayarp2eb1g.jpg\",\"width\":1200,\"height\":650},{\"@type\":\"BreadcrumbList\",\"@id\":\"https:\\\/\\\/www.caudete.org\\\/ayuntamiento\\\/el-alcalde-informa-que-han-sido-detenidos-los-autores-de-los-ultimos-actos-delictivos\\\/#breadcrumb\",\"itemListElement\":[{\"@type\":\"ListItem\",\"position\":1,\"name\":\"Inicio\",\"item\":\"https:\\\/\\\/www.caudete.org\\\/ayuntamiento\\\/\"},{\"@type\":\"ListItem\",\"position\":2,\"name\":\"El Alcalde informa que han sido detenidos los autores de los \u00faltimos actos delictivos\"}]},{\"@type\":\"WebSite\",\"@id\":\"https:\\\/\\\/www.caudete.org\\\/ayuntamiento\\\/#website\",\"url\":\"https:\\\/\\\/www.caudete.org\\\/ayuntamiento\\\/\",\"name\":\"MI Ayuntamiento de Caudete\",\"description\":\"P\u00e1gina Oficial del MI Ayuntamiento de Caudete\",\"publisher\":{\"@id\":\"https:\\\/\\\/www.caudete.org\\\/ayuntamiento\\\/#organization\"},\"potentialAction\":[{\"@type\":\"SearchAction\",\"target\":{\"@type\":\"EntryPoint\",\"urlTemplate\":\"https:\\\/\\\/www.caudete.org\\\/ayuntamiento\\\/?s={search_term_string}\"},\"query-input\":{\"@type\":\"PropertyValueSpecification\",\"valueRequired\":true,\"valueName\":\"search_term_string\"}}],\"inLanguage\":\"es\"},{\"@type\":\"Organization\",\"@id\":\"https:\\\/\\\/www.caudete.org\\\/ayuntamiento\\\/#organization\",\"name\":\"Ayuntamiento de Caudete\",\"url\":\"https:\\\/\\\/www.caudete.org\\\/ayuntamiento\\\/\",\"logo\":{\"@type\":\"ImageObject\",\"inLanguage\":\"es\",\"@id\":\"https:\\\/\\\/www.caudete.org\\\/ayuntamiento\\\/#\\\/schema\\\/logo\\\/image\\\/\",\"url\":\"https:\\\/\\\/www.caudete.org\\\/ayuntamiento\\\/wp-content\\\/uploads\\\/2020\\\/11\\\/logo_ayuntamiento_caudete.jpg\",\"contentUrl\":\"https:\\\/\\\/www.caudete.org\\\/ayuntamiento\\\/wp-content\\\/uploads\\\/2020\\\/11\\\/logo_ayuntamiento_caudete.jpg\",\"width\":600,\"height\":150,\"caption\":\"Ayuntamiento de Caudete\"},\"image\":{\"@id\":\"https:\\\/\\\/www.caudete.org\\\/ayuntamiento\\\/#\\\/schema\\\/logo\\\/image\\\/\"},\"sameAs\":[\"https:\\\/\\\/www.facebook.com\\\/ayuntamientocaudete\\\/\",\"https:\\\/\\\/www.youtube.com\\\/channel\\\/UC6VztHaooNsGpw-tNoBEFnQ\"]},{\"@type\":\"Person\",\"@id\":\"https:\\\/\\\/www.caudete.org\\\/ayuntamiento\\\/#\\\/schema\\\/person\\\/cc646da9133078ee4d8dd47457947253\",\"name\":\"alcalde\",\"image\":{\"@type\":\"ImageObject\",\"inLanguage\":\"es\",\"@id\":\"https:\\\/\\\/secure.gravatar.com\\\/avatar\\\/84a817ba065b29ff08d666b215a215f5c79186a645ccb25b14a663d48a130f77?s=96&d=mm&r=g\",\"url\":\"https:\\\/\\\/secure.gravatar.com\\\/avatar\\\/84a817ba065b29ff08d666b215a215f5c79186a645ccb25b14a663d48a130f77?s=96&d=mm&r=g\",\"contentUrl\":\"https:\\\/\\\/secure.gravatar.com\\\/avatar\\\/84a817ba065b29ff08d666b215a215f5c79186a645ccb25b14a663d48a130f77?s=96&d=mm&r=g\",\"caption\":\"alcalde\"},\"url\":\"https:\\\/\\\/www.caudete.org\\\/ayuntamiento\\\/author\\\/alcalde\\\/\"}]}<\/script>\n<!-- \/ Yoast SEO plugin. -->","yoast_head_json":{"title":"El Alcalde informa que han sido detenidos los autores de los \u00faltimos actos delictivos - MI Ayuntamiento de Caudete","description":"P\u00e1gina Oficial del Ayuntamiento de Caudete (Albacete)","robots":{"index":"index","follow":"follow","max-snippet":"max-snippet:-1","max-image-preview":"max-image-preview:large","max-video-preview":"max-video-preview:-1"},"canonical":"https:\/\/www.caudete.org\/ayuntamiento\/el-alcalde-informa-que-han-sido-detenidos-los-autores-de-los-ultimos-actos-delictivos\/","og_locale":"es_ES","og_type":"article","og_title":"El Alcalde informa que han sido detenidos los autores de los \u00faltimos actos delictivos - MI Ayuntamiento de Caudete","og_description":"P\u00e1gina Oficial del Ayuntamiento de Caudete (Albacete)","og_url":"https:\/\/www.caudete.org\/ayuntamiento\/el-alcalde-informa-que-han-sido-detenidos-los-autores-de-los-ultimos-actos-delictivos\/","og_site_name":"MI Ayuntamiento de Caudete","article_publisher":"https:\/\/www.facebook.com\/ayuntamientocaudete\/","article_published_time":"2022-11-21T11:33:48+00:00","og_image":[{"width":1200,"height":650,"url":"https:\/\/www.caudete.org\/ayuntamiento\/wp-content\/uploads\/2022\/11\/robos-en-caudete-oxyq7a59rtd2kxz9q8tve3g5v59sixwlayarp2eb1g.jpg","type":"image\/jpeg"}],"author":"alcalde","twitter_card":"summary_large_image","twitter_misc":{"Escrito por":"alcalde","Tiempo de lectura":"1 minuto"},"schema":{"@context":"https:\/\/schema.org","@graph":[{"@type":"Article","@id":"https:\/\/www.caudete.org\/ayuntamiento\/el-alcalde-informa-que-han-sido-detenidos-los-autores-de-los-ultimos-actos-delictivos\/#article","isPartOf":{"@id":"https:\/\/www.caudete.org\/ayuntamiento\/el-alcalde-informa-que-han-sido-detenidos-los-autores-de-los-ultimos-actos-delictivos\/"},"author":{"name":"alcalde","@id":"https:\/\/www.caudete.org\/ayuntamiento\/#\/schema\/person\/cc646da9133078ee4d8dd47457947253"},"headline":"El Alcalde informa que han sido detenidos los autores de los \u00faltimos actos delictivos","datePublished":"2022-11-21T11:33:48+00:00","mainEntityOfPage":{"@id":"https:\/\/www.caudete.org\/ayuntamiento\/el-alcalde-informa-que-han-sido-detenidos-los-autores-de-los-ultimos-actos-delictivos\/"},"wordCount":120,"publisher":{"@id":"https:\/\/www.caudete.org\/ayuntamiento\/#organization"},"image":{"@id":"https:\/\/www.caudete.org\/ayuntamiento\/el-alcalde-informa-que-han-sido-detenidos-los-autores-de-los-ultimos-actos-delictivos\/#primaryimage"},"thumbnailUrl":"https:\/\/www.caudete.org\/ayuntamiento\/wp-content\/uploads\/2022\/11\/robos-en-caudete-oxyq7a59rtd2kxz9q8tve3g5v59sixwlayarp2eb1g.jpg","articleSection":["Interior"],"inLanguage":"es"},{"@type":"WebPage","@id":"https:\/\/www.caudete.org\/ayuntamiento\/el-alcalde-informa-que-han-sido-detenidos-los-autores-de-los-ultimos-actos-delictivos\/","url":"https:\/\/www.caudete.org\/ayuntamiento\/el-alcalde-informa-que-han-sido-detenidos-los-autores-de-los-ultimos-actos-delictivos\/","name":"El Alcalde informa que han sido detenidos los autores de los \u00faltimos actos delictivos - MI Ayuntamiento de Caudete","isPartOf":{"@id":"https:\/\/www.caudete.org\/ayuntamiento\/#website"},"primaryImageOfPage":{"@id":"https:\/\/www.caudete.org\/ayuntamiento\/el-alcalde-informa-que-han-sido-detenidos-los-autores-de-los-ultimos-actos-delictivos\/#primaryimage"},"image":{"@id":"https:\/\/www.caudete.org\/ayuntamiento\/el-alcalde-informa-que-han-sido-detenidos-los-autores-de-los-ultimos-actos-delictivos\/#primaryimage"},"thumbnailUrl":"https:\/\/www.caudete.org\/ayuntamiento\/wp-content\/uploads\/2022\/11\/robos-en-caudete-oxyq7a59rtd2kxz9q8tve3g5v59sixwlayarp2eb1g.jpg","datePublished":"2022-11-21T11:33:48+00:00","description":"P\u00e1gina Oficial del Ayuntamiento de Caudete (Albacete)","breadcrumb":{"@id":"https:\/\/www.caudete.org\/ayuntamiento\/el-alcalde-informa-que-han-sido-detenidos-los-autores-de-los-ultimos-actos-delictivos\/#breadcrumb"},"inLanguage":"es","potentialAction":[{"@type":"ReadAction","target":["https:\/\/www.caudete.org\/ayuntamiento\/el-alcalde-informa-que-han-sido-detenidos-los-autores-de-los-ultimos-actos-delictivos\/"]}]},{"@type":"ImageObject","inLanguage":"es","@id":"https:\/\/www.caudete.org\/ayuntamiento\/el-alcalde-informa-que-han-sido-detenidos-los-autores-de-los-ultimos-actos-delictivos\/#primaryimage","url":"https:\/\/www.caudete.org\/ayuntamiento\/wp-content\/uploads\/2022\/11\/robos-en-caudete-oxyq7a59rtd2kxz9q8tve3g5v59sixwlayarp2eb1g.jpg","contentUrl":"https:\/\/www.caudete.org\/ayuntamiento\/wp-content\/uploads\/2022\/11\/robos-en-caudete-oxyq7a59rtd2kxz9q8tve3g5v59sixwlayarp2eb1g.jpg","width":1200,"height":650},{"@type":"BreadcrumbList","@id":"https:\/\/www.caudete.org\/ayuntamiento\/el-alcalde-informa-que-han-sido-detenidos-los-autores-de-los-ultimos-actos-delictivos\/#breadcrumb","itemListElement":[{"@type":"ListItem","position":1,"name":"Inicio","item":"https:\/\/www.caudete.org\/ayuntamiento\/"},{"@type":"ListItem","position":2,"name":"El Alcalde informa que han sido detenidos los autores de los \u00faltimos actos delictivos"}]},{"@type":"WebSite","@id":"https:\/\/www.caudete.org\/ayuntamiento\/#website","url":"https:\/\/www.caudete.org\/ayuntamiento\/","name":"MI Ayuntamiento de Caudete","description":"P\u00e1gina Oficial del MI Ayuntamiento de Caudete","publisher":{"@id":"https:\/\/www.caudete.org\/ayuntamiento\/#organization"},"potentialAction":[{"@type":"SearchAction","target":{"@type":"EntryPoint","urlTemplate":"https:\/\/www.caudete.org\/ayuntamiento\/?s={search_term_string}"},"query-input":{"@type":"PropertyValueSpecification","valueRequired":true,"valueName":"search_term_string"}}],"inLanguage":"es"},{"@type":"Organization","@id":"https:\/\/www.caudete.org\/ayuntamiento\/#organization","name":"Ayuntamiento de Caudete","url":"https:\/\/www.caudete.org\/ayuntamiento\/","logo":{"@type":"ImageObject","inLanguage":"es","@id":"https:\/\/www.caudete.org\/ayuntamiento\/#\/schema\/logo\/image\/","url":"https:\/\/www.caudete.org\/ayuntamiento\/wp-content\/uploads\/2020\/11\/logo_ayuntamiento_caudete.jpg","contentUrl":"https:\/\/www.caudete.org\/ayuntamiento\/wp-content\/uploads\/2020\/11\/logo_ayuntamiento_caudete.jpg","width":600,"height":150,"caption":"Ayuntamiento de Caudete"},"image":{"@id":"https:\/\/www.caudete.org\/ayuntamiento\/#\/schema\/logo\/image\/"},"sameAs":["https:\/\/www.facebook.com\/ayuntamientocaudete\/","https:\/\/www.youtube.com\/channel\/UC6VztHaooNsGpw-tNoBEFnQ"]},{"@type":"Person","@id":"https:\/\/www.caudete.org\/ayuntamiento\/#\/schema\/person\/cc646da9133078ee4d8dd47457947253","name":"alcalde","image":{"@type":"ImageObject","inLanguage":"es","@id":"https:\/\/secure.gravatar.com\/avatar\/84a817ba065b29ff08d666b215a215f5c79186a645ccb25b14a663d48a130f77?s=96&d=mm&r=g","url":"https:\/\/secure.gravatar.com\/avatar\/84a817ba065b29ff08d666b215a215f5c79186a645ccb25b14a663d48a130f77?s=96&d=mm&r=g","contentUrl":"https:\/\/secure.gravatar.com\/avatar\/84a817ba065b29ff08d666b215a215f5c79186a645ccb25b14a663d48a130f77?s=96&d=mm&r=g","caption":"alcalde"},"url":"https:\/\/www.caudete.org\/ayuntamiento\/author\/alcalde\/"}]}},"_links":{"self":[{"href":"https:\/\/www.caudete.org\/ayuntamiento\/wp-json\/wp\/v2\/posts\/20626","targetHints":{"allow":["GET"]}}],"collection":[{"href":"https:\/\/www.caudete.org\/ayuntamiento\/wp-json\/wp\/v2\/posts"}],"about":[{"href":"https:\/\/www.caudete.org\/ayuntamiento\/wp-json\/wp\/v2\/types\/post"}],"author":[{"embeddable":true,"href":"https:\/\/www.caudete.org\/ayuntamiento\/wp-json\/wp\/v2\/users\/3"}],"replies":[{"embeddable":true,"href":"https:\/\/www.caudete.org\/ayuntamiento\/wp-json\/wp\/v2\/comments?post=20626"}],"version-history":[{"count":1,"href":"https:\/\/www.caudete.org\/ayuntamiento\/wp-json\/wp\/v2\/posts\/20626\/revisions"}],"predecessor-version":[{"id":20627,"href":"https:\/\/www.caudete.org\/ayuntamiento\/wp-json\/wp\/v2\/posts\/20626\/revisions\/20627"}],"wp:featuredmedia":[{"embeddable":true,"href":"https:\/\/www.caudete.org\/ayuntamiento\/wp-json\/wp\/v2\/media\/20620"}],"wp:attachment":[{"href":"https:\/\/www.caudete.org\/ayuntamiento\/wp-json\/wp\/v2\/media?parent=20626"}],"wp:term":[{"taxonomy":"category","embeddable":true,"href":"https:\/\/www.caudete.org\/ayuntamiento\/wp-json\/wp\/v2\/categories?post=20626"},{"taxonomy":"post_tag","embeddable":true,"href":"https:\/\/www.caudete.org\/ayuntamiento\/wp-json\/wp\/v2\/tags?post=20626"}],"curies":[{"name":"wp","href":"https:\/\/api.w.org\/{rel}","templated":true}]}}