{"id":20628,"date":"2022-11-21T13:36:42","date_gmt":"2022-11-21T12:36:42","guid":{"rendered":"https:\/\/www.caudete.org\/ayuntamiento\/?p=20628"},"modified":"2022-11-21T13:36:42","modified_gmt":"2022-11-21T12:36:42","slug":"caudete-abre-el-calendario-provincial-de-tenis-de-mesa-de-la-temporada-22-23","status":"publish","type":"post","link":"https:\/\/www.caudete.org\/ayuntamiento\/caudete-abre-el-calendario-provincial-de-tenis-de-mesa-de-la-temporada-22-23\/","title":{"rendered":"Caudete abre el calendario provincial de Tenis de Mesa de la temporada 22\/23"},"content":{"rendered":"<p>La Concejal de Deportes, Pilar Egea, ha anunciado que Caudete volver\u00e1 a ser &nbsp;sede oficial de una de las pruebas que componen el Campeonato Provincial de Tenis de Mesa en Edad Escolar, junto a los municipios de Alcaraz, La Roda y Albacete.<\/p>\n<p>De este modo, el pr\u00f3ximo s\u00e1bado 26 de noviembre la Ciudad Deportiva Antonio Amor\u00f3s en la cancha de f\u00fatbol sala del Pabell\u00f3n la Cruz de 10:00 a 14:00 horas se disputar\u00e1 la primera jornada del Torneo Provincial de Tenis de Tenis de Mesa. La competici\u00f3n se desarrollar\u00e1 bajo el sistema Corbill\u00f3n, donde los equipos jugar\u00e1n al mejor de 5 partidas, siendo el tercer encuentro un enfrentamiento de dobles.<\/p>\n<p>En la competici\u00f3n podr\u00e1n participar todos los escolares comprendidos en las categor\u00edas de alev\u00edn, infantil y cadete.<\/p>\n<p><a href=\"https:\/\/www.caudete.org\/ayuntamiento\/wp-content\/uploads\/2022\/11\/20221121-Cartel-torneo-tenis-de-mesa.jpeg\" rel='prettyPhoto'><img fetchpriority=\"high\" decoding=\"async\" class=\"aligncenter size-full wp-image-20629\" src=\"https:\/\/www.caudete.org\/ayuntamiento\/wp-content\/uploads\/2022\/11\/20221121-Cartel-torneo-tenis-de-mesa.jpeg\" alt=\"\" width=\"1130\" height=\"1600\" srcset=\"https:\/\/www.caudete.org\/ayuntamiento\/wp-content\/uploads\/2022\/11\/20221121-Cartel-torneo-tenis-de-mesa.jpeg 1130w, https:\/\/www.caudete.org\/ayuntamiento\/wp-content\/uploads\/2022\/11\/20221121-Cartel-torneo-tenis-de-mesa-212x300.jpeg 212w, https:\/\/www.caudete.org\/ayuntamiento\/wp-content\/uploads\/2022\/11\/20221121-Cartel-torneo-tenis-de-mesa-723x1024.jpeg 723w, https:\/\/www.caudete.org\/ayuntamiento\/wp-content\/uploads\/2022\/11\/20221121-Cartel-torneo-tenis-de-mesa-768x1087.jpeg 768w, https:\/\/www.caudete.org\/ayuntamiento\/wp-content\/uploads\/2022\/11\/20221121-Cartel-torneo-tenis-de-mesa-1085x1536.jpeg 1085w\" sizes=\"(max-width: 1130px) 100vw, 1130px\" \/><\/a><\/p>\n","protected":false},"excerpt":{"rendered":"<p>La Concejal de Deportes, Pilar Egea, ha anunciado que Caudete volver\u00e1 a ser &nbsp;sede oficial de una de las pruebas que componen el Campeonato Provincial de Tenis de Mesa en Edad Escolar, junto a los municipios de Alcaraz, La Roda y Albacete. De este modo, el pr\u00f3ximo s\u00e1bado 26 de noviembre la Ciudad Deportiva Antonio &hellip;<\/p>\n","protected":false},"author":1,"featured_media":20629,"comment_status":"closed","ping_status":"open","sticky":false,"template":"","format":"standard","meta":{"ngg_post_thumbnail":0,"footnotes":""},"categories":[23],"tags":[],"class_list":["post-20628","post","type-post","status-publish","format-standard","has-post-thumbnail","hentry","category-deportes"],"yoast_head":"<!-- This site is optimized with the Yoast SEO plugin v27.5 - https:\/\/yoast.com\/product\/yoast-seo-wordpress\/ -->\n<title>Caudete abre el calendario provincial de Tenis de Mesa de la temporada 22\/23 - MI Ayuntamiento de Caudete<\/title>\n<meta name=\"description\" content=\"P\u00e1gina Oficial del Ayuntamiento de Caudete (Albacete)\" \/>\n<meta name=\"robots\" content=\"index, follow, max-snippet:-1, max-image-preview:large, max-video-preview:-1\" \/>\n<link rel=\"canonical\" href=\"https:\/\/www.caudete.org\/ayuntamiento\/caudete-abre-el-calendario-provincial-de-tenis-de-mesa-de-la-temporada-22-23\/\" \/>\n<meta property=\"og:locale\" content=\"es_ES\" \/>\n<meta property=\"og:type\" content=\"article\" \/>\n<meta property=\"og:title\" content=\"Caudete abre el calendario provincial de Tenis de Mesa de la temporada 22\/23 - MI Ayuntamiento de Caudete\" \/>\n<meta property=\"og:description\" content=\"P\u00e1gina Oficial del Ayuntamiento de Caudete (Albacete)\" \/>\n<meta property=\"og:url\" content=\"https:\/\/www.caudete.org\/ayuntamiento\/caudete-abre-el-calendario-provincial-de-tenis-de-mesa-de-la-temporada-22-23\/\" \/>\n<meta property=\"og:site_name\" content=\"MI Ayuntamiento de Caudete\" \/>\n<meta property=\"article:publisher\" content=\"https:\/\/www.facebook.com\/ayuntamientocaudete\/\" \/>\n<meta property=\"article:published_time\" content=\"2022-11-21T12:36:42+00:00\" \/>\n<meta property=\"og:image\" content=\"https:\/\/www.caudete.org\/ayuntamiento\/wp-content\/uploads\/2022\/11\/20221121-Cartel-torneo-tenis-de-mesa.jpeg\" \/>\n\t<meta property=\"og:image:width\" content=\"1130\" \/>\n\t<meta property=\"og:image:height\" content=\"1600\" \/>\n\t<meta property=\"og:image:type\" content=\"image\/jpeg\" \/>\n<meta name=\"author\" content=\"ayun\" \/>\n<meta name=\"twitter:card\" content=\"summary_large_image\" \/>\n<meta name=\"twitter:label1\" content=\"Escrito por\" \/>\n\t<meta name=\"twitter:data1\" content=\"ayun\" \/>\n\t<meta name=\"twitter:label2\" content=\"Tiempo de lectura\" \/>\n\t<meta name=\"twitter:data2\" content=\"1 minuto\" \/>\n<script type=\"application\/ld+json\" class=\"yoast-schema-graph\">{\"@context\":\"https:\\\/\\\/schema.org\",\"@graph\":[{\"@type\":\"Article\",\"@id\":\"https:\\\/\\\/www.caudete.org\\\/ayuntamiento\\\/caudete-abre-el-calendario-provincial-de-tenis-de-mesa-de-la-temporada-22-23\\\/#article\",\"isPartOf\":{\"@id\":\"https:\\\/\\\/www.caudete.org\\\/ayuntamiento\\\/caudete-abre-el-calendario-provincial-de-tenis-de-mesa-de-la-temporada-22-23\\\/\"},\"author\":{\"name\":\"ayun\",\"@id\":\"https:\\\/\\\/www.caudete.org\\\/ayuntamiento\\\/#\\\/schema\\\/person\\\/79f7e19fdd176fc2bc7a289013dc2056\"},\"headline\":\"Caudete abre el calendario provincial de Tenis de Mesa de la temporada 22\\\/23\",\"datePublished\":\"2022-11-21T12:36:42+00:00\",\"mainEntityOfPage\":{\"@id\":\"https:\\\/\\\/www.caudete.org\\\/ayuntamiento\\\/caudete-abre-el-calendario-provincial-de-tenis-de-mesa-de-la-temporada-22-23\\\/\"},\"wordCount\":148,\"image\":{\"@id\":\"https:\\\/\\\/www.caudete.org\\\/ayuntamiento\\\/caudete-abre-el-calendario-provincial-de-tenis-de-mesa-de-la-temporada-22-23\\\/#primaryimage\"},\"thumbnailUrl\":\"https:\\\/\\\/www.caudete.org\\\/ayuntamiento\\\/wp-content\\\/uploads\\\/2022\\\/11\\\/20221121-Cartel-torneo-tenis-de-mesa.jpeg\",\"articleSection\":[\"Deportes\"],\"inLanguage\":\"es\"},{\"@type\":\"WebPage\",\"@id\":\"https:\\\/\\\/www.caudete.org\\\/ayuntamiento\\\/caudete-abre-el-calendario-provincial-de-tenis-de-mesa-de-la-temporada-22-23\\\/\",\"url\":\"https:\\\/\\\/www.caudete.org\\\/ayuntamiento\\\/caudete-abre-el-calendario-provincial-de-tenis-de-mesa-de-la-temporada-22-23\\\/\",\"name\":\"Caudete abre el calendario provincial de Tenis de Mesa de la temporada 22\\\/23 - MI Ayuntamiento de Caudete\",\"isPartOf\":{\"@id\":\"https:\\\/\\\/www.caudete.org\\\/ayuntamiento\\\/#website\"},\"primaryImageOfPage\":{\"@id\":\"https:\\\/\\\/www.caudete.org\\\/ayuntamiento\\\/caudete-abre-el-calendario-provincial-de-tenis-de-mesa-de-la-temporada-22-23\\\/#primaryimage\"},\"image\":{\"@id\":\"https:\\\/\\\/www.caudete.org\\\/ayuntamiento\\\/caudete-abre-el-calendario-provincial-de-tenis-de-mesa-de-la-temporada-22-23\\\/#primaryimage\"},\"thumbnailUrl\":\"https:\\\/\\\/www.caudete.org\\\/ayuntamiento\\\/wp-content\\\/uploads\\\/2022\\\/11\\\/20221121-Cartel-torneo-tenis-de-mesa.jpeg\",\"datePublished\":\"2022-11-21T12:36:42+00:00\",\"author\":{\"@id\":\"https:\\\/\\\/www.caudete.org\\\/ayuntamiento\\\/#\\\/schema\\\/person\\\/79f7e19fdd176fc2bc7a289013dc2056\"},\"description\":\"P\u00e1gina Oficial del Ayuntamiento de Caudete (Albacete)\",\"breadcrumb\":{\"@id\":\"https:\\\/\\\/www.caudete.org\\\/ayuntamiento\\\/caudete-abre-el-calendario-provincial-de-tenis-de-mesa-de-la-temporada-22-23\\\/#breadcrumb\"},\"inLanguage\":\"es\",\"potentialAction\":[{\"@type\":\"ReadAction\",\"target\":[\"https:\\\/\\\/www.caudete.org\\\/ayuntamiento\\\/caudete-abre-el-calendario-provincial-de-tenis-de-mesa-de-la-temporada-22-23\\\/\"]}]},{\"@type\":\"ImageObject\",\"inLanguage\":\"es\",\"@id\":\"https:\\\/\\\/www.caudete.org\\\/ayuntamiento\\\/caudete-abre-el-calendario-provincial-de-tenis-de-mesa-de-la-temporada-22-23\\\/#primaryimage\",\"url\":\"https:\\\/\\\/www.caudete.org\\\/ayuntamiento\\\/wp-content\\\/uploads\\\/2022\\\/11\\\/20221121-Cartel-torneo-tenis-de-mesa.jpeg\",\"contentUrl\":\"https:\\\/\\\/www.caudete.org\\\/ayuntamiento\\\/wp-content\\\/uploads\\\/2022\\\/11\\\/20221121-Cartel-torneo-tenis-de-mesa.jpeg\",\"width\":1130,\"height\":1600},{\"@type\":\"BreadcrumbList\",\"@id\":\"https:\\\/\\\/www.caudete.org\\\/ayuntamiento\\\/caudete-abre-el-calendario-provincial-de-tenis-de-mesa-de-la-temporada-22-23\\\/#breadcrumb\",\"itemListElement\":[{\"@type\":\"ListItem\",\"position\":1,\"name\":\"Inicio\",\"item\":\"https:\\\/\\\/www.caudete.org\\\/ayuntamiento\\\/\"},{\"@type\":\"ListItem\",\"position\":2,\"name\":\"Caudete abre el calendario provincial de Tenis de Mesa de la temporada 22\\\/23\"}]},{\"@type\":\"WebSite\",\"@id\":\"https:\\\/\\\/www.caudete.org\\\/ayuntamiento\\\/#website\",\"url\":\"https:\\\/\\\/www.caudete.org\\\/ayuntamiento\\\/\",\"name\":\"MI Ayuntamiento de Caudete\",\"description\":\"P\u00e1gina Oficial del MI Ayuntamiento de Caudete\",\"potentialAction\":[{\"@type\":\"SearchAction\",\"target\":{\"@type\":\"EntryPoint\",\"urlTemplate\":\"https:\\\/\\\/www.caudete.org\\\/ayuntamiento\\\/?s={search_term_string}\"},\"query-input\":{\"@type\":\"PropertyValueSpecification\",\"valueRequired\":true,\"valueName\":\"search_term_string\"}}],\"inLanguage\":\"es\"},{\"@type\":\"Person\",\"@id\":\"https:\\\/\\\/www.caudete.org\\\/ayuntamiento\\\/#\\\/schema\\\/person\\\/79f7e19fdd176fc2bc7a289013dc2056\",\"name\":\"ayun\",\"image\":{\"@type\":\"ImageObject\",\"inLanguage\":\"es\",\"@id\":\"https:\\\/\\\/secure.gravatar.com\\\/avatar\\\/4ce797ee07c943e7e592f8cd648e503e6cd571387558ed07135799c2bd2847df?s=96&d=mm&r=g\",\"url\":\"https:\\\/\\\/secure.gravatar.com\\\/avatar\\\/4ce797ee07c943e7e592f8cd648e503e6cd571387558ed07135799c2bd2847df?s=96&d=mm&r=g\",\"contentUrl\":\"https:\\\/\\\/secure.gravatar.com\\\/avatar\\\/4ce797ee07c943e7e592f8cd648e503e6cd571387558ed07135799c2bd2847df?s=96&d=mm&r=g\",\"caption\":\"ayun\"},\"sameAs\":[\"http:\\\/\\\/www.caudete.org\\\/ayuntamiento\"],\"url\":\"https:\\\/\\\/www.caudete.org\\\/ayuntamiento\\\/author\\\/ayun\\\/\"}]}<\/script>\n<!-- \/ Yoast SEO plugin. -->","yoast_head_json":{"title":"Caudete abre el calendario provincial de Tenis de Mesa de la temporada 22\/23 - MI Ayuntamiento de Caudete","description":"P\u00e1gina Oficial del Ayuntamiento de Caudete (Albacete)","robots":{"index":"index","follow":"follow","max-snippet":"max-snippet:-1","max-image-preview":"max-image-preview:large","max-video-preview":"max-video-preview:-1"},"canonical":"https:\/\/www.caudete.org\/ayuntamiento\/caudete-abre-el-calendario-provincial-de-tenis-de-mesa-de-la-temporada-22-23\/","og_locale":"es_ES","og_type":"article","og_title":"Caudete abre el calendario provincial de Tenis de Mesa de la temporada 22\/23 - MI Ayuntamiento de Caudete","og_description":"P\u00e1gina Oficial del Ayuntamiento de Caudete (Albacete)","og_url":"https:\/\/www.caudete.org\/ayuntamiento\/caudete-abre-el-calendario-provincial-de-tenis-de-mesa-de-la-temporada-22-23\/","og_site_name":"MI Ayuntamiento de Caudete","article_publisher":"https:\/\/www.facebook.com\/ayuntamientocaudete\/","article_published_time":"2022-11-21T12:36:42+00:00","og_image":[{"width":1130,"height":1600,"url":"https:\/\/www.caudete.org\/ayuntamiento\/wp-content\/uploads\/2022\/11\/20221121-Cartel-torneo-tenis-de-mesa.jpeg","type":"image\/jpeg"}],"author":"ayun","twitter_card":"summary_large_image","twitter_misc":{"Escrito por":"ayun","Tiempo de lectura":"1 minuto"},"schema":{"@context":"https:\/\/schema.org","@graph":[{"@type":"Article","@id":"https:\/\/www.caudete.org\/ayuntamiento\/caudete-abre-el-calendario-provincial-de-tenis-de-mesa-de-la-temporada-22-23\/#article","isPartOf":{"@id":"https:\/\/www.caudete.org\/ayuntamiento\/caudete-abre-el-calendario-provincial-de-tenis-de-mesa-de-la-temporada-22-23\/"},"author":{"name":"ayun","@id":"https:\/\/www.caudete.org\/ayuntamiento\/#\/schema\/person\/79f7e19fdd176fc2bc7a289013dc2056"},"headline":"Caudete abre el calendario provincial de Tenis de Mesa de la temporada 22\/23","datePublished":"2022-11-21T12:36:42+00:00","mainEntityOfPage":{"@id":"https:\/\/www.caudete.org\/ayuntamiento\/caudete-abre-el-calendario-provincial-de-tenis-de-mesa-de-la-temporada-22-23\/"},"wordCount":148,"image":{"@id":"https:\/\/www.caudete.org\/ayuntamiento\/caudete-abre-el-calendario-provincial-de-tenis-de-mesa-de-la-temporada-22-23\/#primaryimage"},"thumbnailUrl":"https:\/\/www.caudete.org\/ayuntamiento\/wp-content\/uploads\/2022\/11\/20221121-Cartel-torneo-tenis-de-mesa.jpeg","articleSection":["Deportes"],"inLanguage":"es"},{"@type":"WebPage","@id":"https:\/\/www.caudete.org\/ayuntamiento\/caudete-abre-el-calendario-provincial-de-tenis-de-mesa-de-la-temporada-22-23\/","url":"https:\/\/www.caudete.org\/ayuntamiento\/caudete-abre-el-calendario-provincial-de-tenis-de-mesa-de-la-temporada-22-23\/","name":"Caudete abre el calendario provincial de Tenis de Mesa de la temporada 22\/23 - MI Ayuntamiento de Caudete","isPartOf":{"@id":"https:\/\/www.caudete.org\/ayuntamiento\/#website"},"primaryImageOfPage":{"@id":"https:\/\/www.caudete.org\/ayuntamiento\/caudete-abre-el-calendario-provincial-de-tenis-de-mesa-de-la-temporada-22-23\/#primaryimage"},"image":{"@id":"https:\/\/www.caudete.org\/ayuntamiento\/caudete-abre-el-calendario-provincial-de-tenis-de-mesa-de-la-temporada-22-23\/#primaryimage"},"thumbnailUrl":"https:\/\/www.caudete.org\/ayuntamiento\/wp-content\/uploads\/2022\/11\/20221121-Cartel-torneo-tenis-de-mesa.jpeg","datePublished":"2022-11-21T12:36:42+00:00","author":{"@id":"https:\/\/www.caudete.org\/ayuntamiento\/#\/schema\/person\/79f7e19fdd176fc2bc7a289013dc2056"},"description":"P\u00e1gina Oficial del Ayuntamiento de Caudete (Albacete)","breadcrumb":{"@id":"https:\/\/www.caudete.org\/ayuntamiento\/caudete-abre-el-calendario-provincial-de-tenis-de-mesa-de-la-temporada-22-23\/#breadcrumb"},"inLanguage":"es","potentialAction":[{"@type":"ReadAction","target":["https:\/\/www.caudete.org\/ayuntamiento\/caudete-abre-el-calendario-provincial-de-tenis-de-mesa-de-la-temporada-22-23\/"]}]},{"@type":"ImageObject","inLanguage":"es","@id":"https:\/\/www.caudete.org\/ayuntamiento\/caudete-abre-el-calendario-provincial-de-tenis-de-mesa-de-la-temporada-22-23\/#primaryimage","url":"https:\/\/www.caudete.org\/ayuntamiento\/wp-content\/uploads\/2022\/11\/20221121-Cartel-torneo-tenis-de-mesa.jpeg","contentUrl":"https:\/\/www.caudete.org\/ayuntamiento\/wp-content\/uploads\/2022\/11\/20221121-Cartel-torneo-tenis-de-mesa.jpeg","width":1130,"height":1600},{"@type":"BreadcrumbList","@id":"https:\/\/www.caudete.org\/ayuntamiento\/caudete-abre-el-calendario-provincial-de-tenis-de-mesa-de-la-temporada-22-23\/#breadcrumb","itemListElement":[{"@type":"ListItem","position":1,"name":"Inicio","item":"https:\/\/www.caudete.org\/ayuntamiento\/"},{"@type":"ListItem","position":2,"name":"Caudete abre el calendario provincial de Tenis de Mesa de la temporada 22\/23"}]},{"@type":"WebSite","@id":"https:\/\/www.caudete.org\/ayuntamiento\/#website","url":"https:\/\/www.caudete.org\/ayuntamiento\/","name":"MI Ayuntamiento de Caudete","description":"P\u00e1gina Oficial del MI Ayuntamiento de Caudete","potentialAction":[{"@type":"SearchAction","target":{"@type":"EntryPoint","urlTemplate":"https:\/\/www.caudete.org\/ayuntamiento\/?s={search_term_string}"},"query-input":{"@type":"PropertyValueSpecification","valueRequired":true,"valueName":"search_term_string"}}],"inLanguage":"es"},{"@type":"Person","@id":"https:\/\/www.caudete.org\/ayuntamiento\/#\/schema\/person\/79f7e19fdd176fc2bc7a289013dc2056","name":"ayun","image":{"@type":"ImageObject","inLanguage":"es","@id":"https:\/\/secure.gravatar.com\/avatar\/4ce797ee07c943e7e592f8cd648e503e6cd571387558ed07135799c2bd2847df?s=96&d=mm&r=g","url":"https:\/\/secure.gravatar.com\/avatar\/4ce797ee07c943e7e592f8cd648e503e6cd571387558ed07135799c2bd2847df?s=96&d=mm&r=g","contentUrl":"https:\/\/secure.gravatar.com\/avatar\/4ce797ee07c943e7e592f8cd648e503e6cd571387558ed07135799c2bd2847df?s=96&d=mm&r=g","caption":"ayun"},"sameAs":["http:\/\/www.caudete.org\/ayuntamiento"],"url":"https:\/\/www.caudete.org\/ayuntamiento\/author\/ayun\/"}]}},"_links":{"self":[{"href":"https:\/\/www.caudete.org\/ayuntamiento\/wp-json\/wp\/v2\/posts\/20628","targetHints":{"allow":["GET"]}}],"collection":[{"href":"https:\/\/www.caudete.org\/ayuntamiento\/wp-json\/wp\/v2\/posts"}],"about":[{"href":"https:\/\/www.caudete.org\/ayuntamiento\/wp-json\/wp\/v2\/types\/post"}],"author":[{"embeddable":true,"href":"https:\/\/www.caudete.org\/ayuntamiento\/wp-json\/wp\/v2\/users\/1"}],"replies":[{"embeddable":true,"href":"https:\/\/www.caudete.org\/ayuntamiento\/wp-json\/wp\/v2\/comments?post=20628"}],"version-history":[{"count":1,"href":"https:\/\/www.caudete.org\/ayuntamiento\/wp-json\/wp\/v2\/posts\/20628\/revisions"}],"predecessor-version":[{"id":20630,"href":"https:\/\/www.caudete.org\/ayuntamiento\/wp-json\/wp\/v2\/posts\/20628\/revisions\/20630"}],"wp:featuredmedia":[{"embeddable":true,"href":"https:\/\/www.caudete.org\/ayuntamiento\/wp-json\/wp\/v2\/media\/20629"}],"wp:attachment":[{"href":"https:\/\/www.caudete.org\/ayuntamiento\/wp-json\/wp\/v2\/media?parent=20628"}],"wp:term":[{"taxonomy":"category","embeddable":true,"href":"https:\/\/www.caudete.org\/ayuntamiento\/wp-json\/wp\/v2\/categories?post=20628"},{"taxonomy":"post_tag","embeddable":true,"href":"https:\/\/www.caudete.org\/ayuntamiento\/wp-json\/wp\/v2\/tags?post=20628"}],"curies":[{"name":"wp","href":"https:\/\/api.w.org\/{rel}","templated":true}]}}