{"id":20632,"date":"2022-11-22T15:36:57","date_gmt":"2022-11-22T14:36:57","guid":{"rendered":"https:\/\/www.caudete.org\/ayuntamiento\/?p=20632"},"modified":"2022-11-22T15:36:57","modified_gmt":"2022-11-22T14:36:57","slug":"finaliza-con-exito-la-semana-del-consumo-responsable","status":"publish","type":"post","link":"https:\/\/www.caudete.org\/ayuntamiento\/finaliza-con-exito-la-semana-del-consumo-responsable\/","title":{"rendered":"Finaliza con \u00e9xito la Semana del CONSUMO RESPONSABLE"},"content":{"rendered":"<p style=\"text-align: justify;\">Durante la semana del 14 al 18 de noviembre desde la Concejal\u00eda de Comercio a trav\u00e9s de la Oficina de consumo y con la colaboraci\u00f3n de la Biblioteca Municipal Ana M.\u00aa Matute y la Asociaci\u00f3n de Mujeres Santa B\u00e1rbara se han llevado a cabo diversas actividades englobadas dentro de la subvenci\u00f3n recibida por parte de la Direcci\u00f3n General de Agenda 2030 y Consumo.<\/p>\n<p><a href=\"https:\/\/www.caudete.org\/ayuntamiento\/wp-content\/uploads\/2022\/11\/WhatsApp-Image-2022-11-21-at-13.07.35-2.jpeg\" rel='prettyPhoto'><img fetchpriority=\"high\" decoding=\"async\" class=\"wp-image-20636 size-medium aligncenter\" src=\"https:\/\/www.caudete.org\/ayuntamiento\/wp-content\/uploads\/2022\/11\/WhatsApp-Image-2022-11-21-at-13.07.35-2-300x225.jpeg\" alt=\"\" width=\"300\" height=\"225\" srcset=\"https:\/\/www.caudete.org\/ayuntamiento\/wp-content\/uploads\/2022\/11\/WhatsApp-Image-2022-11-21-at-13.07.35-2-300x225.jpeg 300w, https:\/\/www.caudete.org\/ayuntamiento\/wp-content\/uploads\/2022\/11\/WhatsApp-Image-2022-11-21-at-13.07.35-2-768x576.jpeg 768w, https:\/\/www.caudete.org\/ayuntamiento\/wp-content\/uploads\/2022\/11\/WhatsApp-Image-2022-11-21-at-13.07.35-2.jpeg 1024w\" sizes=\"(max-width: 300px) 100vw, 300px\" \/><\/a><\/p>\n<p style=\"text-align: justify;\">El martes 15 de noviembre a las 18:30 h comenzamos con el Taller para ni\u00f1os de 8 a 12 a\u00f1os \u201cJuntos Mejoramos el Mundo\u201d que se realiz\u00f3 en el aula del club de lectura de la Casa de Cultura con un \u00e9xito rotundo con 19 ni\u00f1as inscritas de un total de 20 plazas.<\/p>\n<p style=\"text-align: justify;\">El taller ten\u00eda como finalidad ense\u00f1ar a los ni\u00f1os mediante talleres y juegos los objetivos marcados en Agenda 2030 y Consumo responsable, dentro de un ambiente divertido de juegos y talleres, entregando a todos los ni\u00f1os presentes en el taller se les entreg\u00f3 un l\u00e1piz de semillas.<\/p>\n<p><a href=\"https:\/\/www.caudete.org\/ayuntamiento\/wp-content\/uploads\/2022\/11\/WhatsApp-Image-2022-11-21-at-13.07.35.jpeg\" rel='prettyPhoto'><img decoding=\"async\" class=\"wp-image-20637 size-medium aligncenter\" src=\"https:\/\/www.caudete.org\/ayuntamiento\/wp-content\/uploads\/2022\/11\/WhatsApp-Image-2022-11-21-at-13.07.35-300x169.jpeg\" alt=\"\" width=\"300\" height=\"169\" srcset=\"https:\/\/www.caudete.org\/ayuntamiento\/wp-content\/uploads\/2022\/11\/WhatsApp-Image-2022-11-21-at-13.07.35-300x169.jpeg 300w, https:\/\/www.caudete.org\/ayuntamiento\/wp-content\/uploads\/2022\/11\/WhatsApp-Image-2022-11-21-at-13.07.35-768x433.jpeg 768w, https:\/\/www.caudete.org\/ayuntamiento\/wp-content\/uploads\/2022\/11\/WhatsApp-Image-2022-11-21-at-13.07.35.jpeg 1024w\" sizes=\"(max-width: 300px) 100vw, 300px\" \/><\/a><\/p>\n<p style=\"text-align: justify;\">El jueves 17 de noviembre a las 16:30 h se realiz\u00f3 una charla para toda la poblaci\u00f3n a la que asistieron m\u00e1s de 60 personas, que abordaba el ahorro, eficiencia energ\u00e9tica y energ\u00edas renovables, donde se explic\u00f3 a todos los asistentes los nuevos conceptos de sus facturas, las tarifas, mercado regulado y libre y adem\u00e1s todo el tema de inversiones y actuaciones subvencionables en relaci\u00f3n al auto consumo en viviendas y empresas, as\u00ed como\u00a0las diferentes maneras de mejorar y ahorrar energ\u00eda en el domicilio.<\/p>\n<p>Tal y como se informaba en el cartel publicitario y dentro de las acciones subvencionadas, se les entreg\u00f3 a cada uno de los asistentes un enchufe programable para el ahorro energ\u00e9tico en sus hogares y negocios. Un obsequio muy bien recibido y de gran utilidad.<\/p>\n<p><a href=\"https:\/\/www.caudete.org\/ayuntamiento\/wp-content\/uploads\/2022\/11\/WhatsApp-Image-2022-11-21-at-13.06.42.jpeg\" rel='prettyPhoto'><img decoding=\"async\" class=\"aligncenter wp-image-20638 size-medium\" src=\"https:\/\/www.caudete.org\/ayuntamiento\/wp-content\/uploads\/2022\/11\/WhatsApp-Image-2022-11-21-at-13.06.42-300x184.jpeg\" alt=\"\" width=\"300\" height=\"184\" srcset=\"https:\/\/www.caudete.org\/ayuntamiento\/wp-content\/uploads\/2022\/11\/WhatsApp-Image-2022-11-21-at-13.06.42-300x184.jpeg 300w, https:\/\/www.caudete.org\/ayuntamiento\/wp-content\/uploads\/2022\/11\/WhatsApp-Image-2022-11-21-at-13.06.42-768x470.jpeg 768w, https:\/\/www.caudete.org\/ayuntamiento\/wp-content\/uploads\/2022\/11\/WhatsApp-Image-2022-11-21-at-13.06.42.jpeg 1024w\" sizes=\"(max-width: 300px) 100vw, 300px\" \/><\/a><\/p>\n<p style=\"text-align: justify;\">El viernes 18 de noviembre a las 10:30 h el Concejal de Comercio, Diego Cuenca inaugur\u00f3 en la Biblioteca P\u00fablica Municipal Ana M.\u00aa Matute el Centro de Inter\u00e9s de Consumo, Medio Ambiente y Agenda 2030.<\/p>\n<p style=\"text-align: justify;\">La finalidad de este punto de informaci\u00f3n es que los ciudadanos a trav\u00e9s de la lectura, tengan a mano los recursos suficientes para informarse sobre los problemas con lo que convivimos d\u00eda a d\u00eda (consumo excesivo, residuos, deforestaci\u00f3n , contaminaci\u00f3n, desigualdades, extinci\u00f3n animal&#8230;), formas de afrontarlos, de colaborar y de participar.<\/p>\n<p><a href=\"https:\/\/www.caudete.org\/ayuntamiento\/wp-content\/uploads\/2022\/11\/WhatsApp-Image-2022-11-21-at-13.08.40.jpeg\" rel='prettyPhoto'><img loading=\"lazy\" decoding=\"async\" class=\"aligncenter wp-image-20635 size-medium\" src=\"https:\/\/www.caudete.org\/ayuntamiento\/wp-content\/uploads\/2022\/11\/WhatsApp-Image-2022-11-21-at-13.08.40-169x300.jpeg\" alt=\"\" width=\"169\" height=\"300\" srcset=\"https:\/\/www.caudete.org\/ayuntamiento\/wp-content\/uploads\/2022\/11\/WhatsApp-Image-2022-11-21-at-13.08.40-169x300.jpeg 169w, https:\/\/www.caudete.org\/ayuntamiento\/wp-content\/uploads\/2022\/11\/WhatsApp-Image-2022-11-21-at-13.08.40.jpeg 576w\" sizes=\"(max-width: 169px) 100vw, 169px\" \/><\/a><\/p>\n<p style=\"text-align: justify;\">El material est\u00e1 distribuido por edades y categor\u00edas, con una muy especial infantil, ya que los m\u00e1s peque\u00f1os son nuestro futuro y la educaci\u00f3n es el mejor camino para mejorarlo.<\/p>\n<p style=\"text-align: justify;\">La Biblioteca de Caudete presume de tener m\u00e1s de 6.000 socios y m\u00e1s de 250 personas dentro de los Clubes de Lectura por lo que es un punto de informaci\u00f3n f\u00e1cil de encontrar y que diariamente ven cientos de personas.<\/p>\n<p style=\"text-align: justify;\">A su vez, el viernes 18 de noviembre el Concejal Diego Cuenca, present\u00f3 en el Centro Ocupacional Asprona la Campa\u00f1a en apoyo a la Hosteler\u00eda, Comercios y Servicios de la localidad, donde se han creado unas bolsas reutilizables que comenzar\u00e1n a repartirse en el mercado navide\u00f1o que se va a realizar el 2,3 y 4 de diciembre.<\/p>\n<p style=\"text-align: justify;\">Esta campa\u00f1a tiene como eslogan \u201c<em>Se nota que tienes buen gusto<\/em>\u201d y las bolsas est\u00e1n seriagrafiadas con el mismo en una de las caras y en la otra los usuarios de Asprona van a dibujar monumentos representativos de la localidad. Todo hecho a mano y con much\u00edsimo cari\u00f1o. Las bolsas son reutilizables, lavables y est\u00e1n realizadas con material reciclado.<\/p>\n<p><a href=\"https:\/\/www.caudete.org\/ayuntamiento\/wp-content\/uploads\/2022\/11\/WhatsApp-Image-2022-11-21-at-13.17.26.jpeg\" rel='prettyPhoto'><img loading=\"lazy\" decoding=\"async\" class=\"aligncenter wp-image-20634 size-medium\" src=\"https:\/\/www.caudete.org\/ayuntamiento\/wp-content\/uploads\/2022\/11\/WhatsApp-Image-2022-11-21-at-13.17.26-300x169.jpeg\" alt=\"\" width=\"300\" height=\"169\" srcset=\"https:\/\/www.caudete.org\/ayuntamiento\/wp-content\/uploads\/2022\/11\/WhatsApp-Image-2022-11-21-at-13.17.26-300x169.jpeg 300w, https:\/\/www.caudete.org\/ayuntamiento\/wp-content\/uploads\/2022\/11\/WhatsApp-Image-2022-11-21-at-13.17.26-768x433.jpeg 768w, https:\/\/www.caudete.org\/ayuntamiento\/wp-content\/uploads\/2022\/11\/WhatsApp-Image-2022-11-21-at-13.17.26.jpeg 1024w\" sizes=\"(max-width: 300px) 100vw, 300px\" \/><\/a><\/p>\n<p style=\"text-align: justify;\">Desde Asprona nos informaban que este tipo de actividades enriquecen mucho a sus usuarios porque es un gran aliciente el contribuir con Caudete y adem\u00e1s ver sus creaciones por la calle de la mano de los ciudadanos.<\/p>\n<p style=\"text-align: justify;\">Se repartir\u00e1n un total de 550 bolsas. Una vez pase el mercadillo navide\u00f1o podr\u00e1n recogerse en la oficina de consumo a partir del 12 de diciembre, con 5 tickes de compras (posteriores al 2 de diciembre) en comercios y hosteler\u00eda local adem\u00e1s de la contrataci\u00f3n de cualquier servicio de la localidad (fontaner\u00eda, electricidad, talleres, electrodom\u00e9sticos, etc.).<\/p>\n","protected":false},"excerpt":{"rendered":"<p>Durante la semana del 14 al 18 de noviembre desde la Concejal\u00eda de Comercio a trav\u00e9s de la Oficina de consumo y con la colaboraci\u00f3n de la Biblioteca Municipal Ana M.\u00aa Matute y la Asociaci\u00f3n de Mujeres Santa B\u00e1rbara se han llevado a cabo diversas actividades englobadas dentro de la subvenci\u00f3n recibida por parte de &hellip;<\/p>\n","protected":false},"author":3,"featured_media":20633,"comment_status":"closed","ping_status":"open","sticky":false,"template":"","format":"standard","meta":{"ngg_post_thumbnail":0,"footnotes":""},"categories":[42],"tags":[],"class_list":["post-20632","post","type-post","status-publish","format-standard","has-post-thumbnail","hentry","category-comercio"],"yoast_head":"<!-- This site is optimized with the Yoast SEO plugin v27.5 - https:\/\/yoast.com\/product\/yoast-seo-wordpress\/ -->\n<title>Finaliza con \u00e9xito la Semana del CONSUMO RESPONSABLE - MI Ayuntamiento de Caudete<\/title>\n<meta name=\"description\" content=\"P\u00e1gina Oficial del Ayuntamiento de Caudete (Albacete)\" \/>\n<meta name=\"robots\" content=\"index, follow, max-snippet:-1, max-image-preview:large, max-video-preview:-1\" \/>\n<link rel=\"canonical\" href=\"https:\/\/www.caudete.org\/ayuntamiento\/finaliza-con-exito-la-semana-del-consumo-responsable\/\" \/>\n<meta property=\"og:locale\" content=\"es_ES\" \/>\n<meta property=\"og:type\" content=\"article\" \/>\n<meta property=\"og:title\" content=\"Finaliza con \u00e9xito la Semana del CONSUMO RESPONSABLE - MI Ayuntamiento de Caudete\" \/>\n<meta property=\"og:description\" content=\"P\u00e1gina Oficial del Ayuntamiento de Caudete (Albacete)\" \/>\n<meta property=\"og:url\" content=\"https:\/\/www.caudete.org\/ayuntamiento\/finaliza-con-exito-la-semana-del-consumo-responsable\/\" \/>\n<meta property=\"og:site_name\" content=\"MI Ayuntamiento de Caudete\" \/>\n<meta property=\"article:publisher\" content=\"https:\/\/www.facebook.com\/ayuntamientocaudete\/\" \/>\n<meta property=\"article:published_time\" content=\"2022-11-22T14:36:57+00:00\" \/>\n<meta property=\"og:image\" content=\"https:\/\/www.caudete.org\/ayuntamiento\/wp-content\/uploads\/2022\/11\/WhatsApp-Image-2022-11-21-at-13.07.35-1.jpeg\" \/>\n\t<meta property=\"og:image:width\" content=\"1024\" \/>\n\t<meta property=\"og:image:height\" content=\"576\" \/>\n\t<meta property=\"og:image:type\" content=\"image\/jpeg\" \/>\n<meta name=\"author\" content=\"alcalde\" \/>\n<meta name=\"twitter:card\" content=\"summary_large_image\" \/>\n<meta name=\"twitter:label1\" content=\"Escrito por\" \/>\n\t<meta name=\"twitter:data1\" content=\"alcalde\" \/>\n\t<meta name=\"twitter:label2\" content=\"Tiempo de lectura\" \/>\n\t<meta name=\"twitter:data2\" content=\"5 minutos\" \/>\n<script type=\"application\/ld+json\" class=\"yoast-schema-graph\">{\"@context\":\"https:\\\/\\\/schema.org\",\"@graph\":[{\"@type\":\"Article\",\"@id\":\"https:\\\/\\\/www.caudete.org\\\/ayuntamiento\\\/finaliza-con-exito-la-semana-del-consumo-responsable\\\/#article\",\"isPartOf\":{\"@id\":\"https:\\\/\\\/www.caudete.org\\\/ayuntamiento\\\/finaliza-con-exito-la-semana-del-consumo-responsable\\\/\"},\"author\":{\"name\":\"alcalde\",\"@id\":\"https:\\\/\\\/www.caudete.org\\\/ayuntamiento\\\/#\\\/schema\\\/person\\\/cc646da9133078ee4d8dd47457947253\"},\"headline\":\"Finaliza con \u00e9xito la Semana del CONSUMO RESPONSABLE\",\"datePublished\":\"2022-11-22T14:36:57+00:00\",\"mainEntityOfPage\":{\"@id\":\"https:\\\/\\\/www.caudete.org\\\/ayuntamiento\\\/finaliza-con-exito-la-semana-del-consumo-responsable\\\/\"},\"wordCount\":698,\"image\":{\"@id\":\"https:\\\/\\\/www.caudete.org\\\/ayuntamiento\\\/finaliza-con-exito-la-semana-del-consumo-responsable\\\/#primaryimage\"},\"thumbnailUrl\":\"https:\\\/\\\/www.caudete.org\\\/ayuntamiento\\\/wp-content\\\/uploads\\\/2022\\\/11\\\/WhatsApp-Image-2022-11-21-at-13.07.35-1.jpeg\",\"articleSection\":[\"Comercio\"],\"inLanguage\":\"es\"},{\"@type\":\"WebPage\",\"@id\":\"https:\\\/\\\/www.caudete.org\\\/ayuntamiento\\\/finaliza-con-exito-la-semana-del-consumo-responsable\\\/\",\"url\":\"https:\\\/\\\/www.caudete.org\\\/ayuntamiento\\\/finaliza-con-exito-la-semana-del-consumo-responsable\\\/\",\"name\":\"Finaliza con \u00e9xito la Semana del CONSUMO RESPONSABLE - MI Ayuntamiento de Caudete\",\"isPartOf\":{\"@id\":\"https:\\\/\\\/www.caudete.org\\\/ayuntamiento\\\/#website\"},\"primaryImageOfPage\":{\"@id\":\"https:\\\/\\\/www.caudete.org\\\/ayuntamiento\\\/finaliza-con-exito-la-semana-del-consumo-responsable\\\/#primaryimage\"},\"image\":{\"@id\":\"https:\\\/\\\/www.caudete.org\\\/ayuntamiento\\\/finaliza-con-exito-la-semana-del-consumo-responsable\\\/#primaryimage\"},\"thumbnailUrl\":\"https:\\\/\\\/www.caudete.org\\\/ayuntamiento\\\/wp-content\\\/uploads\\\/2022\\\/11\\\/WhatsApp-Image-2022-11-21-at-13.07.35-1.jpeg\",\"datePublished\":\"2022-11-22T14:36:57+00:00\",\"author\":{\"@id\":\"https:\\\/\\\/www.caudete.org\\\/ayuntamiento\\\/#\\\/schema\\\/person\\\/cc646da9133078ee4d8dd47457947253\"},\"description\":\"P\u00e1gina Oficial del Ayuntamiento de Caudete (Albacete)\",\"breadcrumb\":{\"@id\":\"https:\\\/\\\/www.caudete.org\\\/ayuntamiento\\\/finaliza-con-exito-la-semana-del-consumo-responsable\\\/#breadcrumb\"},\"inLanguage\":\"es\",\"potentialAction\":[{\"@type\":\"ReadAction\",\"target\":[\"https:\\\/\\\/www.caudete.org\\\/ayuntamiento\\\/finaliza-con-exito-la-semana-del-consumo-responsable\\\/\"]}]},{\"@type\":\"ImageObject\",\"inLanguage\":\"es\",\"@id\":\"https:\\\/\\\/www.caudete.org\\\/ayuntamiento\\\/finaliza-con-exito-la-semana-del-consumo-responsable\\\/#primaryimage\",\"url\":\"https:\\\/\\\/www.caudete.org\\\/ayuntamiento\\\/wp-content\\\/uploads\\\/2022\\\/11\\\/WhatsApp-Image-2022-11-21-at-13.07.35-1.jpeg\",\"contentUrl\":\"https:\\\/\\\/www.caudete.org\\\/ayuntamiento\\\/wp-content\\\/uploads\\\/2022\\\/11\\\/WhatsApp-Image-2022-11-21-at-13.07.35-1.jpeg\",\"width\":1024,\"height\":576},{\"@type\":\"BreadcrumbList\",\"@id\":\"https:\\\/\\\/www.caudete.org\\\/ayuntamiento\\\/finaliza-con-exito-la-semana-del-consumo-responsable\\\/#breadcrumb\",\"itemListElement\":[{\"@type\":\"ListItem\",\"position\":1,\"name\":\"Inicio\",\"item\":\"https:\\\/\\\/www.caudete.org\\\/ayuntamiento\\\/\"},{\"@type\":\"ListItem\",\"position\":2,\"name\":\"Finaliza con \u00e9xito la Semana del CONSUMO RESPONSABLE\"}]},{\"@type\":\"WebSite\",\"@id\":\"https:\\\/\\\/www.caudete.org\\\/ayuntamiento\\\/#website\",\"url\":\"https:\\\/\\\/www.caudete.org\\\/ayuntamiento\\\/\",\"name\":\"MI Ayuntamiento de Caudete\",\"description\":\"P\u00e1gina Oficial del MI Ayuntamiento de Caudete\",\"potentialAction\":[{\"@type\":\"SearchAction\",\"target\":{\"@type\":\"EntryPoint\",\"urlTemplate\":\"https:\\\/\\\/www.caudete.org\\\/ayuntamiento\\\/?s={search_term_string}\"},\"query-input\":{\"@type\":\"PropertyValueSpecification\",\"valueRequired\":true,\"valueName\":\"search_term_string\"}}],\"inLanguage\":\"es\"},{\"@type\":\"Person\",\"@id\":\"https:\\\/\\\/www.caudete.org\\\/ayuntamiento\\\/#\\\/schema\\\/person\\\/cc646da9133078ee4d8dd47457947253\",\"name\":\"alcalde\",\"image\":{\"@type\":\"ImageObject\",\"inLanguage\":\"es\",\"@id\":\"https:\\\/\\\/secure.gravatar.com\\\/avatar\\\/84a817ba065b29ff08d666b215a215f5c79186a645ccb25b14a663d48a130f77?s=96&d=mm&r=g\",\"url\":\"https:\\\/\\\/secure.gravatar.com\\\/avatar\\\/84a817ba065b29ff08d666b215a215f5c79186a645ccb25b14a663d48a130f77?s=96&d=mm&r=g\",\"contentUrl\":\"https:\\\/\\\/secure.gravatar.com\\\/avatar\\\/84a817ba065b29ff08d666b215a215f5c79186a645ccb25b14a663d48a130f77?s=96&d=mm&r=g\",\"caption\":\"alcalde\"},\"url\":\"https:\\\/\\\/www.caudete.org\\\/ayuntamiento\\\/author\\\/alcalde\\\/\"}]}<\/script>\n<!-- \/ Yoast SEO plugin. -->","yoast_head_json":{"title":"Finaliza con \u00e9xito la Semana del CONSUMO RESPONSABLE - MI Ayuntamiento de Caudete","description":"P\u00e1gina Oficial del Ayuntamiento de Caudete (Albacete)","robots":{"index":"index","follow":"follow","max-snippet":"max-snippet:-1","max-image-preview":"max-image-preview:large","max-video-preview":"max-video-preview:-1"},"canonical":"https:\/\/www.caudete.org\/ayuntamiento\/finaliza-con-exito-la-semana-del-consumo-responsable\/","og_locale":"es_ES","og_type":"article","og_title":"Finaliza con \u00e9xito la Semana del CONSUMO RESPONSABLE - MI Ayuntamiento de Caudete","og_description":"P\u00e1gina Oficial del Ayuntamiento de Caudete (Albacete)","og_url":"https:\/\/www.caudete.org\/ayuntamiento\/finaliza-con-exito-la-semana-del-consumo-responsable\/","og_site_name":"MI Ayuntamiento de Caudete","article_publisher":"https:\/\/www.facebook.com\/ayuntamientocaudete\/","article_published_time":"2022-11-22T14:36:57+00:00","og_image":[{"width":1024,"height":576,"url":"https:\/\/www.caudete.org\/ayuntamiento\/wp-content\/uploads\/2022\/11\/WhatsApp-Image-2022-11-21-at-13.07.35-1.jpeg","type":"image\/jpeg"}],"author":"alcalde","twitter_card":"summary_large_image","twitter_misc":{"Escrito por":"alcalde","Tiempo de lectura":"5 minutos"},"schema":{"@context":"https:\/\/schema.org","@graph":[{"@type":"Article","@id":"https:\/\/www.caudete.org\/ayuntamiento\/finaliza-con-exito-la-semana-del-consumo-responsable\/#article","isPartOf":{"@id":"https:\/\/www.caudete.org\/ayuntamiento\/finaliza-con-exito-la-semana-del-consumo-responsable\/"},"author":{"name":"alcalde","@id":"https:\/\/www.caudete.org\/ayuntamiento\/#\/schema\/person\/cc646da9133078ee4d8dd47457947253"},"headline":"Finaliza con \u00e9xito la Semana del CONSUMO RESPONSABLE","datePublished":"2022-11-22T14:36:57+00:00","mainEntityOfPage":{"@id":"https:\/\/www.caudete.org\/ayuntamiento\/finaliza-con-exito-la-semana-del-consumo-responsable\/"},"wordCount":698,"image":{"@id":"https:\/\/www.caudete.org\/ayuntamiento\/finaliza-con-exito-la-semana-del-consumo-responsable\/#primaryimage"},"thumbnailUrl":"https:\/\/www.caudete.org\/ayuntamiento\/wp-content\/uploads\/2022\/11\/WhatsApp-Image-2022-11-21-at-13.07.35-1.jpeg","articleSection":["Comercio"],"inLanguage":"es"},{"@type":"WebPage","@id":"https:\/\/www.caudete.org\/ayuntamiento\/finaliza-con-exito-la-semana-del-consumo-responsable\/","url":"https:\/\/www.caudete.org\/ayuntamiento\/finaliza-con-exito-la-semana-del-consumo-responsable\/","name":"Finaliza con \u00e9xito la Semana del CONSUMO RESPONSABLE - MI Ayuntamiento de Caudete","isPartOf":{"@id":"https:\/\/www.caudete.org\/ayuntamiento\/#website"},"primaryImageOfPage":{"@id":"https:\/\/www.caudete.org\/ayuntamiento\/finaliza-con-exito-la-semana-del-consumo-responsable\/#primaryimage"},"image":{"@id":"https:\/\/www.caudete.org\/ayuntamiento\/finaliza-con-exito-la-semana-del-consumo-responsable\/#primaryimage"},"thumbnailUrl":"https:\/\/www.caudete.org\/ayuntamiento\/wp-content\/uploads\/2022\/11\/WhatsApp-Image-2022-11-21-at-13.07.35-1.jpeg","datePublished":"2022-11-22T14:36:57+00:00","author":{"@id":"https:\/\/www.caudete.org\/ayuntamiento\/#\/schema\/person\/cc646da9133078ee4d8dd47457947253"},"description":"P\u00e1gina Oficial del Ayuntamiento de Caudete (Albacete)","breadcrumb":{"@id":"https:\/\/www.caudete.org\/ayuntamiento\/finaliza-con-exito-la-semana-del-consumo-responsable\/#breadcrumb"},"inLanguage":"es","potentialAction":[{"@type":"ReadAction","target":["https:\/\/www.caudete.org\/ayuntamiento\/finaliza-con-exito-la-semana-del-consumo-responsable\/"]}]},{"@type":"ImageObject","inLanguage":"es","@id":"https:\/\/www.caudete.org\/ayuntamiento\/finaliza-con-exito-la-semana-del-consumo-responsable\/#primaryimage","url":"https:\/\/www.caudete.org\/ayuntamiento\/wp-content\/uploads\/2022\/11\/WhatsApp-Image-2022-11-21-at-13.07.35-1.jpeg","contentUrl":"https:\/\/www.caudete.org\/ayuntamiento\/wp-content\/uploads\/2022\/11\/WhatsApp-Image-2022-11-21-at-13.07.35-1.jpeg","width":1024,"height":576},{"@type":"BreadcrumbList","@id":"https:\/\/www.caudete.org\/ayuntamiento\/finaliza-con-exito-la-semana-del-consumo-responsable\/#breadcrumb","itemListElement":[{"@type":"ListItem","position":1,"name":"Inicio","item":"https:\/\/www.caudete.org\/ayuntamiento\/"},{"@type":"ListItem","position":2,"name":"Finaliza con \u00e9xito la Semana del CONSUMO RESPONSABLE"}]},{"@type":"WebSite","@id":"https:\/\/www.caudete.org\/ayuntamiento\/#website","url":"https:\/\/www.caudete.org\/ayuntamiento\/","name":"MI Ayuntamiento de Caudete","description":"P\u00e1gina Oficial del MI Ayuntamiento de Caudete","potentialAction":[{"@type":"SearchAction","target":{"@type":"EntryPoint","urlTemplate":"https:\/\/www.caudete.org\/ayuntamiento\/?s={search_term_string}"},"query-input":{"@type":"PropertyValueSpecification","valueRequired":true,"valueName":"search_term_string"}}],"inLanguage":"es"},{"@type":"Person","@id":"https:\/\/www.caudete.org\/ayuntamiento\/#\/schema\/person\/cc646da9133078ee4d8dd47457947253","name":"alcalde","image":{"@type":"ImageObject","inLanguage":"es","@id":"https:\/\/secure.gravatar.com\/avatar\/84a817ba065b29ff08d666b215a215f5c79186a645ccb25b14a663d48a130f77?s=96&d=mm&r=g","url":"https:\/\/secure.gravatar.com\/avatar\/84a817ba065b29ff08d666b215a215f5c79186a645ccb25b14a663d48a130f77?s=96&d=mm&r=g","contentUrl":"https:\/\/secure.gravatar.com\/avatar\/84a817ba065b29ff08d666b215a215f5c79186a645ccb25b14a663d48a130f77?s=96&d=mm&r=g","caption":"alcalde"},"url":"https:\/\/www.caudete.org\/ayuntamiento\/author\/alcalde\/"}]}},"_links":{"self":[{"href":"https:\/\/www.caudete.org\/ayuntamiento\/wp-json\/wp\/v2\/posts\/20632","targetHints":{"allow":["GET"]}}],"collection":[{"href":"https:\/\/www.caudete.org\/ayuntamiento\/wp-json\/wp\/v2\/posts"}],"about":[{"href":"https:\/\/www.caudete.org\/ayuntamiento\/wp-json\/wp\/v2\/types\/post"}],"author":[{"embeddable":true,"href":"https:\/\/www.caudete.org\/ayuntamiento\/wp-json\/wp\/v2\/users\/3"}],"replies":[{"embeddable":true,"href":"https:\/\/www.caudete.org\/ayuntamiento\/wp-json\/wp\/v2\/comments?post=20632"}],"version-history":[{"count":1,"href":"https:\/\/www.caudete.org\/ayuntamiento\/wp-json\/wp\/v2\/posts\/20632\/revisions"}],"predecessor-version":[{"id":20639,"href":"https:\/\/www.caudete.org\/ayuntamiento\/wp-json\/wp\/v2\/posts\/20632\/revisions\/20639"}],"wp:featuredmedia":[{"embeddable":true,"href":"https:\/\/www.caudete.org\/ayuntamiento\/wp-json\/wp\/v2\/media\/20633"}],"wp:attachment":[{"href":"https:\/\/www.caudete.org\/ayuntamiento\/wp-json\/wp\/v2\/media?parent=20632"}],"wp:term":[{"taxonomy":"category","embeddable":true,"href":"https:\/\/www.caudete.org\/ayuntamiento\/wp-json\/wp\/v2\/categories?post=20632"},{"taxonomy":"post_tag","embeddable":true,"href":"https:\/\/www.caudete.org\/ayuntamiento\/wp-json\/wp\/v2\/tags?post=20632"}],"curies":[{"name":"wp","href":"https:\/\/api.w.org\/{rel}","templated":true}]}}