{"id":20654,"date":"2022-11-24T13:30:42","date_gmt":"2022-11-24T12:30:42","guid":{"rendered":"https:\/\/www.caudete.org\/ayuntamiento\/?p=20654"},"modified":"2022-11-24T13:45:20","modified_gmt":"2022-11-24T12:45:20","slug":"comienzan-las-obras-del-area-de-autocaravanas-en-el-municipio","status":"publish","type":"post","link":"https:\/\/www.caudete.org\/ayuntamiento\/comienzan-las-obras-del-area-de-autocaravanas-en-el-municipio\/","title":{"rendered":"Comienzan las obras del \u00c1REA DE AUTOCARAVANAS en el municipio"},"content":{"rendered":"<p style=\"text-align: justify;\">Desde hace unos d\u00edas, una empresa local se encuentra ejecutando la que ser\u00e1 pr\u00f3ximamente el \u00c1rea de Autocaravanas del municipio, un proyecto que el Gobierno Municipal llevaba en su programa electoral, y que est\u00e1 siendo cofinanciado por la Excma. Diputaci\u00f3n Provincial de Albacete, dentro de la convocatoria 2022 que contempla este tipo de infraestructuras.<\/p>\n<p style=\"text-align: justify;\">Dise\u00f1ada por los T\u00e9cnicos Municipales, en base a la experiencia de otros municipios, de la Asociaci\u00f3n Castellano-manchega Autocaravanista, y de caudetanos que disfrutan de esta modalidad, se ha establecido la primera \u00e1rea que permitir\u00e1 que autocaravanistas de cualquier parte del mundo puedan hacer parada en nuestro municipio, y disfruten de todo lo que ofrece; todo ello siguiendo las normas que habitualmente rigen estos espacios, en el que no se puede pernoctar m\u00e1s de 48h.<\/p>\n<p style=\"text-align: justify;\">El emplazamiento se localiza en una parcela de titularidad municipal de la Avenida San Jaime, frente a la Plaza de Toros. La construcci\u00f3n permitir\u00e1 adecentar dicho espacio y dotarlo de urbanizaci\u00f3n, adem\u00e1s de poner en valor los recursos tur\u00edsticos del Barrio de San Francisco.<\/p>\n<p style=\"text-align: justify;\">Con un coste de 23.000\u20ac el recinto albergar\u00e1 espacio para 10 autocaravanas, m\u00e1s la de descarga. Quedar\u00e1 perimetreado por una jardinera de \u00e1rboles y arbustos, as\u00ed como de iluminaci\u00f3n, reforzando la existente.<\/p>\n<p style=\"text-align: justify;\">El Ayuntamiento costea la inversi\u00f3n con 20.000\u20ac y la Diputaci\u00f3n con 3.000\u20ac.<\/p>\n<p style=\"text-align: justify;\"><a href=\"https:\/\/www.caudete.org\/ayuntamiento\/wp-content\/uploads\/2022\/11\/IMG_20221118_163256-scaled.jpg\" rel='prettyPhoto'><img fetchpriority=\"high\" decoding=\"async\" class=\"alignnone wp-image-20656 size-medium\" src=\"https:\/\/www.caudete.org\/ayuntamiento\/wp-content\/uploads\/2022\/11\/IMG_20221118_163256-300x225.jpg\" alt=\"\" width=\"300\" height=\"225\" srcset=\"https:\/\/www.caudete.org\/ayuntamiento\/wp-content\/uploads\/2022\/11\/IMG_20221118_163256-300x225.jpg 300w, https:\/\/www.caudete.org\/ayuntamiento\/wp-content\/uploads\/2022\/11\/IMG_20221118_163256-1024x768.jpg 1024w, https:\/\/www.caudete.org\/ayuntamiento\/wp-content\/uploads\/2022\/11\/IMG_20221118_163256-768x576.jpg 768w, https:\/\/www.caudete.org\/ayuntamiento\/wp-content\/uploads\/2022\/11\/IMG_20221118_163256-1536x1152.jpg 1536w, https:\/\/www.caudete.org\/ayuntamiento\/wp-content\/uploads\/2022\/11\/IMG_20221118_163256-2048x1536.jpg 2048w\" sizes=\"(max-width: 300px) 100vw, 300px\" \/><\/a><\/p>\n","protected":false},"excerpt":{"rendered":"<p>Desde hace unos d\u00edas, una empresa local se encuentra ejecutando la que ser\u00e1 pr\u00f3ximamente el \u00c1rea de Autocaravanas del municipio, un proyecto que el Gobierno Municipal llevaba en su programa electoral, y que est\u00e1 siendo cofinanciado por la Excma. Diputaci\u00f3n Provincial de Albacete, dentro de la convocatoria 2022 que contempla este tipo de infraestructuras. Dise\u00f1ada &hellip;<\/p>\n","protected":false},"author":3,"featured_media":20657,"comment_status":"closed","ping_status":"open","sticky":false,"template":"","format":"standard","meta":{"ngg_post_thumbnail":0,"footnotes":""},"categories":[43],"tags":[],"class_list":["post-20654","post","type-post","status-publish","format-standard","has-post-thumbnail","hentry","category-turismo"],"yoast_head":"<!-- This site is optimized with the Yoast SEO plugin v27.5 - https:\/\/yoast.com\/product\/yoast-seo-wordpress\/ -->\n<title>Comienzan las obras del \u00c1REA DE AUTOCARAVANAS en el municipio - MI Ayuntamiento de Caudete<\/title>\n<meta name=\"description\" content=\"P\u00e1gina Oficial del Ayuntamiento de Caudete (Albacete)\" \/>\n<meta name=\"robots\" content=\"index, follow, max-snippet:-1, max-image-preview:large, max-video-preview:-1\" \/>\n<link rel=\"canonical\" href=\"https:\/\/www.caudete.org\/ayuntamiento\/comienzan-las-obras-del-area-de-autocaravanas-en-el-municipio\/\" \/>\n<meta property=\"og:locale\" content=\"es_ES\" \/>\n<meta property=\"og:type\" content=\"article\" \/>\n<meta property=\"og:title\" content=\"Comienzan las obras del \u00c1REA DE AUTOCARAVANAS en el municipio - MI Ayuntamiento de Caudete\" \/>\n<meta property=\"og:description\" content=\"P\u00e1gina Oficial del Ayuntamiento de Caudete (Albacete)\" \/>\n<meta property=\"og:url\" content=\"https:\/\/www.caudete.org\/ayuntamiento\/comienzan-las-obras-del-area-de-autocaravanas-en-el-municipio\/\" \/>\n<meta property=\"og:site_name\" content=\"MI Ayuntamiento de Caudete\" \/>\n<meta property=\"article:publisher\" content=\"https:\/\/www.facebook.com\/ayuntamientocaudete\/\" \/>\n<meta property=\"article:published_time\" content=\"2022-11-24T12:30:42+00:00\" \/>\n<meta property=\"article:modified_time\" content=\"2022-11-24T12:45:20+00:00\" \/>\n<meta property=\"og:image\" content=\"https:\/\/www.caudete.org\/ayuntamiento\/wp-content\/uploads\/2022\/11\/IMG_20221124_113509-scaled.jpg\" \/>\n\t<meta property=\"og:image:width\" content=\"2560\" \/>\n\t<meta property=\"og:image:height\" content=\"1920\" \/>\n\t<meta property=\"og:image:type\" content=\"image\/jpeg\" \/>\n<meta name=\"author\" content=\"alcalde\" \/>\n<meta name=\"twitter:card\" content=\"summary_large_image\" \/>\n<meta name=\"twitter:label1\" content=\"Escrito por\" \/>\n\t<meta name=\"twitter:data1\" content=\"alcalde\" \/>\n\t<meta name=\"twitter:label2\" content=\"Tiempo de lectura\" \/>\n\t<meta name=\"twitter:data2\" content=\"2 minutos\" \/>\n<script type=\"application\/ld+json\" class=\"yoast-schema-graph\">{\"@context\":\"https:\\\/\\\/schema.org\",\"@graph\":[{\"@type\":\"Article\",\"@id\":\"https:\\\/\\\/www.caudete.org\\\/ayuntamiento\\\/comienzan-las-obras-del-area-de-autocaravanas-en-el-municipio\\\/#article\",\"isPartOf\":{\"@id\":\"https:\\\/\\\/www.caudete.org\\\/ayuntamiento\\\/comienzan-las-obras-del-area-de-autocaravanas-en-el-municipio\\\/\"},\"author\":{\"name\":\"alcalde\",\"@id\":\"https:\\\/\\\/www.caudete.org\\\/ayuntamiento\\\/#\\\/schema\\\/person\\\/cc646da9133078ee4d8dd47457947253\"},\"headline\":\"Comienzan las obras del \u00c1REA DE AUTOCARAVANAS en el municipio\",\"datePublished\":\"2022-11-24T12:30:42+00:00\",\"dateModified\":\"2022-11-24T12:45:20+00:00\",\"mainEntityOfPage\":{\"@id\":\"https:\\\/\\\/www.caudete.org\\\/ayuntamiento\\\/comienzan-las-obras-del-area-de-autocaravanas-en-el-municipio\\\/\"},\"wordCount\":236,\"image\":{\"@id\":\"https:\\\/\\\/www.caudete.org\\\/ayuntamiento\\\/comienzan-las-obras-del-area-de-autocaravanas-en-el-municipio\\\/#primaryimage\"},\"thumbnailUrl\":\"https:\\\/\\\/www.caudete.org\\\/ayuntamiento\\\/wp-content\\\/uploads\\\/2022\\\/11\\\/IMG_20221124_113509-scaled.jpg\",\"articleSection\":[\"Turismo\"],\"inLanguage\":\"es\"},{\"@type\":\"WebPage\",\"@id\":\"https:\\\/\\\/www.caudete.org\\\/ayuntamiento\\\/comienzan-las-obras-del-area-de-autocaravanas-en-el-municipio\\\/\",\"url\":\"https:\\\/\\\/www.caudete.org\\\/ayuntamiento\\\/comienzan-las-obras-del-area-de-autocaravanas-en-el-municipio\\\/\",\"name\":\"Comienzan las obras del \u00c1REA DE AUTOCARAVANAS en el municipio - MI Ayuntamiento de Caudete\",\"isPartOf\":{\"@id\":\"https:\\\/\\\/www.caudete.org\\\/ayuntamiento\\\/#website\"},\"primaryImageOfPage\":{\"@id\":\"https:\\\/\\\/www.caudete.org\\\/ayuntamiento\\\/comienzan-las-obras-del-area-de-autocaravanas-en-el-municipio\\\/#primaryimage\"},\"image\":{\"@id\":\"https:\\\/\\\/www.caudete.org\\\/ayuntamiento\\\/comienzan-las-obras-del-area-de-autocaravanas-en-el-municipio\\\/#primaryimage\"},\"thumbnailUrl\":\"https:\\\/\\\/www.caudete.org\\\/ayuntamiento\\\/wp-content\\\/uploads\\\/2022\\\/11\\\/IMG_20221124_113509-scaled.jpg\",\"datePublished\":\"2022-11-24T12:30:42+00:00\",\"dateModified\":\"2022-11-24T12:45:20+00:00\",\"author\":{\"@id\":\"https:\\\/\\\/www.caudete.org\\\/ayuntamiento\\\/#\\\/schema\\\/person\\\/cc646da9133078ee4d8dd47457947253\"},\"description\":\"P\u00e1gina Oficial del Ayuntamiento de Caudete (Albacete)\",\"breadcrumb\":{\"@id\":\"https:\\\/\\\/www.caudete.org\\\/ayuntamiento\\\/comienzan-las-obras-del-area-de-autocaravanas-en-el-municipio\\\/#breadcrumb\"},\"inLanguage\":\"es\",\"potentialAction\":[{\"@type\":\"ReadAction\",\"target\":[\"https:\\\/\\\/www.caudete.org\\\/ayuntamiento\\\/comienzan-las-obras-del-area-de-autocaravanas-en-el-municipio\\\/\"]}]},{\"@type\":\"ImageObject\",\"inLanguage\":\"es\",\"@id\":\"https:\\\/\\\/www.caudete.org\\\/ayuntamiento\\\/comienzan-las-obras-del-area-de-autocaravanas-en-el-municipio\\\/#primaryimage\",\"url\":\"https:\\\/\\\/www.caudete.org\\\/ayuntamiento\\\/wp-content\\\/uploads\\\/2022\\\/11\\\/IMG_20221124_113509-scaled.jpg\",\"contentUrl\":\"https:\\\/\\\/www.caudete.org\\\/ayuntamiento\\\/wp-content\\\/uploads\\\/2022\\\/11\\\/IMG_20221124_113509-scaled.jpg\",\"width\":2560,\"height\":1920},{\"@type\":\"BreadcrumbList\",\"@id\":\"https:\\\/\\\/www.caudete.org\\\/ayuntamiento\\\/comienzan-las-obras-del-area-de-autocaravanas-en-el-municipio\\\/#breadcrumb\",\"itemListElement\":[{\"@type\":\"ListItem\",\"position\":1,\"name\":\"Inicio\",\"item\":\"https:\\\/\\\/www.caudete.org\\\/ayuntamiento\\\/\"},{\"@type\":\"ListItem\",\"position\":2,\"name\":\"Comienzan las obras del \u00c1REA DE AUTOCARAVANAS en el municipio\"}]},{\"@type\":\"WebSite\",\"@id\":\"https:\\\/\\\/www.caudete.org\\\/ayuntamiento\\\/#website\",\"url\":\"https:\\\/\\\/www.caudete.org\\\/ayuntamiento\\\/\",\"name\":\"MI Ayuntamiento de Caudete\",\"description\":\"P\u00e1gina Oficial del MI Ayuntamiento de Caudete\",\"potentialAction\":[{\"@type\":\"SearchAction\",\"target\":{\"@type\":\"EntryPoint\",\"urlTemplate\":\"https:\\\/\\\/www.caudete.org\\\/ayuntamiento\\\/?s={search_term_string}\"},\"query-input\":{\"@type\":\"PropertyValueSpecification\",\"valueRequired\":true,\"valueName\":\"search_term_string\"}}],\"inLanguage\":\"es\"},{\"@type\":\"Person\",\"@id\":\"https:\\\/\\\/www.caudete.org\\\/ayuntamiento\\\/#\\\/schema\\\/person\\\/cc646da9133078ee4d8dd47457947253\",\"name\":\"alcalde\",\"image\":{\"@type\":\"ImageObject\",\"inLanguage\":\"es\",\"@id\":\"https:\\\/\\\/secure.gravatar.com\\\/avatar\\\/84a817ba065b29ff08d666b215a215f5c79186a645ccb25b14a663d48a130f77?s=96&d=mm&r=g\",\"url\":\"https:\\\/\\\/secure.gravatar.com\\\/avatar\\\/84a817ba065b29ff08d666b215a215f5c79186a645ccb25b14a663d48a130f77?s=96&d=mm&r=g\",\"contentUrl\":\"https:\\\/\\\/secure.gravatar.com\\\/avatar\\\/84a817ba065b29ff08d666b215a215f5c79186a645ccb25b14a663d48a130f77?s=96&d=mm&r=g\",\"caption\":\"alcalde\"},\"url\":\"https:\\\/\\\/www.caudete.org\\\/ayuntamiento\\\/author\\\/alcalde\\\/\"}]}<\/script>\n<!-- \/ Yoast SEO plugin. -->","yoast_head_json":{"title":"Comienzan las obras del \u00c1REA DE AUTOCARAVANAS en el municipio - MI Ayuntamiento de Caudete","description":"P\u00e1gina Oficial del Ayuntamiento de Caudete (Albacete)","robots":{"index":"index","follow":"follow","max-snippet":"max-snippet:-1","max-image-preview":"max-image-preview:large","max-video-preview":"max-video-preview:-1"},"canonical":"https:\/\/www.caudete.org\/ayuntamiento\/comienzan-las-obras-del-area-de-autocaravanas-en-el-municipio\/","og_locale":"es_ES","og_type":"article","og_title":"Comienzan las obras del \u00c1REA DE AUTOCARAVANAS en el municipio - MI Ayuntamiento de Caudete","og_description":"P\u00e1gina Oficial del Ayuntamiento de Caudete (Albacete)","og_url":"https:\/\/www.caudete.org\/ayuntamiento\/comienzan-las-obras-del-area-de-autocaravanas-en-el-municipio\/","og_site_name":"MI Ayuntamiento de Caudete","article_publisher":"https:\/\/www.facebook.com\/ayuntamientocaudete\/","article_published_time":"2022-11-24T12:30:42+00:00","article_modified_time":"2022-11-24T12:45:20+00:00","og_image":[{"width":2560,"height":1920,"url":"https:\/\/www.caudete.org\/ayuntamiento\/wp-content\/uploads\/2022\/11\/IMG_20221124_113509-scaled.jpg","type":"image\/jpeg"}],"author":"alcalde","twitter_card":"summary_large_image","twitter_misc":{"Escrito por":"alcalde","Tiempo de lectura":"2 minutos"},"schema":{"@context":"https:\/\/schema.org","@graph":[{"@type":"Article","@id":"https:\/\/www.caudete.org\/ayuntamiento\/comienzan-las-obras-del-area-de-autocaravanas-en-el-municipio\/#article","isPartOf":{"@id":"https:\/\/www.caudete.org\/ayuntamiento\/comienzan-las-obras-del-area-de-autocaravanas-en-el-municipio\/"},"author":{"name":"alcalde","@id":"https:\/\/www.caudete.org\/ayuntamiento\/#\/schema\/person\/cc646da9133078ee4d8dd47457947253"},"headline":"Comienzan las obras del \u00c1REA DE AUTOCARAVANAS en el municipio","datePublished":"2022-11-24T12:30:42+00:00","dateModified":"2022-11-24T12:45:20+00:00","mainEntityOfPage":{"@id":"https:\/\/www.caudete.org\/ayuntamiento\/comienzan-las-obras-del-area-de-autocaravanas-en-el-municipio\/"},"wordCount":236,"image":{"@id":"https:\/\/www.caudete.org\/ayuntamiento\/comienzan-las-obras-del-area-de-autocaravanas-en-el-municipio\/#primaryimage"},"thumbnailUrl":"https:\/\/www.caudete.org\/ayuntamiento\/wp-content\/uploads\/2022\/11\/IMG_20221124_113509-scaled.jpg","articleSection":["Turismo"],"inLanguage":"es"},{"@type":"WebPage","@id":"https:\/\/www.caudete.org\/ayuntamiento\/comienzan-las-obras-del-area-de-autocaravanas-en-el-municipio\/","url":"https:\/\/www.caudete.org\/ayuntamiento\/comienzan-las-obras-del-area-de-autocaravanas-en-el-municipio\/","name":"Comienzan las obras del \u00c1REA DE AUTOCARAVANAS en el municipio - MI Ayuntamiento de Caudete","isPartOf":{"@id":"https:\/\/www.caudete.org\/ayuntamiento\/#website"},"primaryImageOfPage":{"@id":"https:\/\/www.caudete.org\/ayuntamiento\/comienzan-las-obras-del-area-de-autocaravanas-en-el-municipio\/#primaryimage"},"image":{"@id":"https:\/\/www.caudete.org\/ayuntamiento\/comienzan-las-obras-del-area-de-autocaravanas-en-el-municipio\/#primaryimage"},"thumbnailUrl":"https:\/\/www.caudete.org\/ayuntamiento\/wp-content\/uploads\/2022\/11\/IMG_20221124_113509-scaled.jpg","datePublished":"2022-11-24T12:30:42+00:00","dateModified":"2022-11-24T12:45:20+00:00","author":{"@id":"https:\/\/www.caudete.org\/ayuntamiento\/#\/schema\/person\/cc646da9133078ee4d8dd47457947253"},"description":"P\u00e1gina Oficial del Ayuntamiento de Caudete (Albacete)","breadcrumb":{"@id":"https:\/\/www.caudete.org\/ayuntamiento\/comienzan-las-obras-del-area-de-autocaravanas-en-el-municipio\/#breadcrumb"},"inLanguage":"es","potentialAction":[{"@type":"ReadAction","target":["https:\/\/www.caudete.org\/ayuntamiento\/comienzan-las-obras-del-area-de-autocaravanas-en-el-municipio\/"]}]},{"@type":"ImageObject","inLanguage":"es","@id":"https:\/\/www.caudete.org\/ayuntamiento\/comienzan-las-obras-del-area-de-autocaravanas-en-el-municipio\/#primaryimage","url":"https:\/\/www.caudete.org\/ayuntamiento\/wp-content\/uploads\/2022\/11\/IMG_20221124_113509-scaled.jpg","contentUrl":"https:\/\/www.caudete.org\/ayuntamiento\/wp-content\/uploads\/2022\/11\/IMG_20221124_113509-scaled.jpg","width":2560,"height":1920},{"@type":"BreadcrumbList","@id":"https:\/\/www.caudete.org\/ayuntamiento\/comienzan-las-obras-del-area-de-autocaravanas-en-el-municipio\/#breadcrumb","itemListElement":[{"@type":"ListItem","position":1,"name":"Inicio","item":"https:\/\/www.caudete.org\/ayuntamiento\/"},{"@type":"ListItem","position":2,"name":"Comienzan las obras del \u00c1REA DE AUTOCARAVANAS en el municipio"}]},{"@type":"WebSite","@id":"https:\/\/www.caudete.org\/ayuntamiento\/#website","url":"https:\/\/www.caudete.org\/ayuntamiento\/","name":"MI Ayuntamiento de Caudete","description":"P\u00e1gina Oficial del MI Ayuntamiento de Caudete","potentialAction":[{"@type":"SearchAction","target":{"@type":"EntryPoint","urlTemplate":"https:\/\/www.caudete.org\/ayuntamiento\/?s={search_term_string}"},"query-input":{"@type":"PropertyValueSpecification","valueRequired":true,"valueName":"search_term_string"}}],"inLanguage":"es"},{"@type":"Person","@id":"https:\/\/www.caudete.org\/ayuntamiento\/#\/schema\/person\/cc646da9133078ee4d8dd47457947253","name":"alcalde","image":{"@type":"ImageObject","inLanguage":"es","@id":"https:\/\/secure.gravatar.com\/avatar\/84a817ba065b29ff08d666b215a215f5c79186a645ccb25b14a663d48a130f77?s=96&d=mm&r=g","url":"https:\/\/secure.gravatar.com\/avatar\/84a817ba065b29ff08d666b215a215f5c79186a645ccb25b14a663d48a130f77?s=96&d=mm&r=g","contentUrl":"https:\/\/secure.gravatar.com\/avatar\/84a817ba065b29ff08d666b215a215f5c79186a645ccb25b14a663d48a130f77?s=96&d=mm&r=g","caption":"alcalde"},"url":"https:\/\/www.caudete.org\/ayuntamiento\/author\/alcalde\/"}]}},"_links":{"self":[{"href":"https:\/\/www.caudete.org\/ayuntamiento\/wp-json\/wp\/v2\/posts\/20654","targetHints":{"allow":["GET"]}}],"collection":[{"href":"https:\/\/www.caudete.org\/ayuntamiento\/wp-json\/wp\/v2\/posts"}],"about":[{"href":"https:\/\/www.caudete.org\/ayuntamiento\/wp-json\/wp\/v2\/types\/post"}],"author":[{"embeddable":true,"href":"https:\/\/www.caudete.org\/ayuntamiento\/wp-json\/wp\/v2\/users\/3"}],"replies":[{"embeddable":true,"href":"https:\/\/www.caudete.org\/ayuntamiento\/wp-json\/wp\/v2\/comments?post=20654"}],"version-history":[{"count":4,"href":"https:\/\/www.caudete.org\/ayuntamiento\/wp-json\/wp\/v2\/posts\/20654\/revisions"}],"predecessor-version":[{"id":20661,"href":"https:\/\/www.caudete.org\/ayuntamiento\/wp-json\/wp\/v2\/posts\/20654\/revisions\/20661"}],"wp:featuredmedia":[{"embeddable":true,"href":"https:\/\/www.caudete.org\/ayuntamiento\/wp-json\/wp\/v2\/media\/20657"}],"wp:attachment":[{"href":"https:\/\/www.caudete.org\/ayuntamiento\/wp-json\/wp\/v2\/media?parent=20654"}],"wp:term":[{"taxonomy":"category","embeddable":true,"href":"https:\/\/www.caudete.org\/ayuntamiento\/wp-json\/wp\/v2\/categories?post=20654"},{"taxonomy":"post_tag","embeddable":true,"href":"https:\/\/www.caudete.org\/ayuntamiento\/wp-json\/wp\/v2\/tags?post=20654"}],"curies":[{"name":"wp","href":"https:\/\/api.w.org\/{rel}","templated":true}]}}