{"id":20662,"date":"2022-11-24T14:10:26","date_gmt":"2022-11-24T13:10:26","guid":{"rendered":"https:\/\/www.caudete.org\/ayuntamiento\/?p=20662"},"modified":"2022-11-28T09:08:40","modified_gmt":"2022-11-28T08:08:40","slug":"policia-y-guardia-civil-reciben-formacion-especifica-sobre-el-sistema-de-videovigilancia","status":"publish","type":"post","link":"https:\/\/www.caudete.org\/ayuntamiento\/policia-y-guardia-civil-reciben-formacion-especifica-sobre-el-sistema-de-videovigilancia\/","title":{"rendered":"Polic\u00eda y Guardia Civil reciben formaci\u00f3n espec\u00edfica sobre el Sistema de Videovigilancia"},"content":{"rendered":"<p style=\"text-align: justify;\">Durante las dos \u00faltimas semanas se ha impartido formaci\u00f3n espec\u00edfica a los agentes de la polic\u00eda local sobre el uso del nuevo sistema de control y gesti\u00f3n de las c\u00e1maras de videovigilancia implantado en Caudete.<\/p>\n<p style=\"text-align: justify;\">La Polic\u00eda Local de Caudete se ha convertido en pionera con la implantaci\u00f3n de un novedoso sistema de vigilancia de veh\u00edculos que integra las c\u00e1maras de tr\u00e1fico, la tecnolog\u00eda de lectura de matr\u00edcula y las aplicaciones de mensajer\u00eda instant\u00e1nea para que las patrullas conozcan, en tiempo real, los movimientos de veh\u00edculos sospechosos en el t\u00e9rmino municipal.<\/p>\n<p style=\"text-align: justify;\">El proyecto ha sido posible gracias a una firma tecnol\u00f3gica de Cocentaina, que mediante su software permite un nuevo sistema de patrullaje policial y utilizaci\u00f3n de las c\u00e1maras de control de tr\u00e1fico.<\/p>\n<p style=\"text-align: justify;\">Impulsado conjuntamente por las Concejal\u00edas de Interior y la Concejal\u00eda de Servicios, permite a tiempo real mostrar a la patrulla de servicio cualquier movimiento sospechoso en la poblaci\u00f3n.<\/p>\n<p style=\"text-align: justify;\">De esta forma, este sistema permitir\u00e1 localizar con inmediatez movimientos de veh\u00edculos a horas intempestivas programadas, de forma que la patrulla policial podr\u00e1 conocer &#8216;en directo&#8217; sin salir de su veh\u00edculo los movimientos de pasos que queden registrados por las c\u00e1maras de control de tr\u00e1fico de la poblaci\u00f3n.<\/p>\n<p style=\"text-align: justify;\">Un sistema que localiza y comunica en el momento, por Telegram o correo electr\u00f3nico, la captura de imagen y datos de los veh\u00edculos que pasan por la poblaci\u00f3n.<\/p>\n<p style=\"text-align: justify;\">Cuando un coche pasa por una de las c\u00e1maras, y es una matr\u00edcula en lista de seguimiento,el sistema inmediatamente lanza una captura de imagen del veh\u00edculo, permitiendo comprobar los datos del mismo y enviar a la patrulla policial hacia donde se detecta movimiento, en previsi\u00f3n de prevenir cualquier acci\u00f3n delictiva.<\/p>\n<p style=\"text-align: justify;\">El sistema inteligente permite a la Polic\u00eda Local crear un sistema de alerta, que graba y alerta de matr\u00edculas determinadas, o datos determinados de la placa de matr\u00edcula, para poder detectar cualquier coche robado o veh\u00edculos relacionados con sospechosas policiales. En este caso, de igual manera, se lanza de inmediato un mensaje por Telegram al m\u00f3vil de los agentes, donde se recibe una captura de imagen del coche sospechoso que permite confirmar visualmente su localizaci\u00f3n.<\/p>\n<p style=\"text-align: justify;\">Con este nuevo m\u00e9todo innovador, la Concejal\u00eda de Interior dirigida por la concejal de Caudete, Maria del Mar Requena Molla, manifiesta que &#8220;se pretende ofrecer a la ciudadan\u00eda un control muy profesional del tr\u00e1fico y movimientos de veh\u00edculos, que mejoran el rendimiento de efectividad policial en la seguridad de la poblaci\u00f3n\u201d.<\/p>\n<p style=\"text-align: justify;\">Est\u00e1 previsto para primeros de 2023 la ampliaci\u00f3n de nuevas c\u00e1maras de control de tr\u00e1fico en varios puntos de la poblaci\u00f3n como la instalaci\u00f3n de c\u00e1maras en varios edificios p\u00fablicos y zonas sensibles que doten de seguridad y protejan de robos y actos vand\u00e1licos.<\/p>\n<p style=\"text-align: justify;\">\n","protected":false},"excerpt":{"rendered":"<p>Durante las dos \u00faltimas semanas se ha impartido formaci\u00f3n espec\u00edfica a los agentes de la polic\u00eda local sobre el uso del nuevo sistema de control y gesti\u00f3n de las c\u00e1maras de videovigilancia implantado en Caudete. La Polic\u00eda Local de Caudete se ha convertido en pionera con la implantaci\u00f3n de un novedoso sistema de vigilancia de &hellip;<\/p>\n","protected":false},"author":3,"featured_media":20663,"comment_status":"closed","ping_status":"open","sticky":false,"template":"","format":"standard","meta":{"ngg_post_thumbnail":0,"footnotes":""},"categories":[34],"tags":[],"class_list":["post-20662","post","type-post","status-publish","format-standard","has-post-thumbnail","hentry","category-interior"],"yoast_head":"<!-- This site is optimized with the Yoast SEO plugin v27.5 - https:\/\/yoast.com\/product\/yoast-seo-wordpress\/ -->\n<title>Polic\u00eda y Guardia Civil reciben formaci\u00f3n espec\u00edfica sobre el Sistema de Videovigilancia - MI Ayuntamiento de Caudete<\/title>\n<meta name=\"description\" content=\"P\u00e1gina Oficial del Ayuntamiento de Caudete (Albacete)\" \/>\n<meta name=\"robots\" content=\"index, follow, max-snippet:-1, max-image-preview:large, max-video-preview:-1\" \/>\n<link rel=\"canonical\" href=\"https:\/\/www.caudete.org\/ayuntamiento\/policia-y-guardia-civil-reciben-formacion-especifica-sobre-el-sistema-de-videovigilancia\/\" \/>\n<meta property=\"og:locale\" content=\"es_ES\" \/>\n<meta property=\"og:type\" content=\"article\" \/>\n<meta property=\"og:title\" content=\"Polic\u00eda y Guardia Civil reciben formaci\u00f3n espec\u00edfica sobre el Sistema de Videovigilancia - MI Ayuntamiento de Caudete\" \/>\n<meta property=\"og:description\" content=\"P\u00e1gina Oficial del Ayuntamiento de Caudete (Albacete)\" \/>\n<meta property=\"og:url\" content=\"https:\/\/www.caudete.org\/ayuntamiento\/policia-y-guardia-civil-reciben-formacion-especifica-sobre-el-sistema-de-videovigilancia\/\" \/>\n<meta property=\"og:site_name\" content=\"MI Ayuntamiento de Caudete\" \/>\n<meta property=\"article:publisher\" content=\"https:\/\/www.facebook.com\/ayuntamientocaudete\/\" \/>\n<meta property=\"article:published_time\" content=\"2022-11-24T13:10:26+00:00\" \/>\n<meta property=\"article:modified_time\" content=\"2022-11-28T08:08:40+00:00\" \/>\n<meta property=\"og:image\" content=\"https:\/\/www.caudete.org\/ayuntamiento\/wp-content\/uploads\/2022\/11\/IMG-20221123-WA0034.jpg\" \/>\n\t<meta property=\"og:image:width\" content=\"2048\" \/>\n\t<meta property=\"og:image:height\" content=\"1536\" \/>\n\t<meta property=\"og:image:type\" content=\"image\/jpeg\" \/>\n<meta name=\"author\" content=\"alcalde\" \/>\n<meta name=\"twitter:card\" content=\"summary_large_image\" \/>\n<meta name=\"twitter:label1\" content=\"Escrito por\" \/>\n\t<meta name=\"twitter:data1\" content=\"alcalde\" \/>\n\t<meta name=\"twitter:label2\" content=\"Tiempo de lectura\" \/>\n\t<meta name=\"twitter:data2\" content=\"3 minutos\" \/>\n<script type=\"application\/ld+json\" class=\"yoast-schema-graph\">{\"@context\":\"https:\\\/\\\/schema.org\",\"@graph\":[{\"@type\":\"Article\",\"@id\":\"https:\\\/\\\/www.caudete.org\\\/ayuntamiento\\\/policia-y-guardia-civil-reciben-formacion-especifica-sobre-el-sistema-de-videovigilancia\\\/#article\",\"isPartOf\":{\"@id\":\"https:\\\/\\\/www.caudete.org\\\/ayuntamiento\\\/policia-y-guardia-civil-reciben-formacion-especifica-sobre-el-sistema-de-videovigilancia\\\/\"},\"author\":{\"name\":\"alcalde\",\"@id\":\"https:\\\/\\\/www.caudete.org\\\/ayuntamiento\\\/#\\\/schema\\\/person\\\/cc646da9133078ee4d8dd47457947253\"},\"headline\":\"Polic\u00eda y Guardia Civil reciben formaci\u00f3n espec\u00edfica sobre el Sistema de Videovigilancia\",\"datePublished\":\"2022-11-24T13:10:26+00:00\",\"dateModified\":\"2022-11-28T08:08:40+00:00\",\"mainEntityOfPage\":{\"@id\":\"https:\\\/\\\/www.caudete.org\\\/ayuntamiento\\\/policia-y-guardia-civil-reciben-formacion-especifica-sobre-el-sistema-de-videovigilancia\\\/\"},\"wordCount\":518,\"publisher\":{\"@id\":\"https:\\\/\\\/www.caudete.org\\\/ayuntamiento\\\/#organization\"},\"image\":{\"@id\":\"https:\\\/\\\/www.caudete.org\\\/ayuntamiento\\\/policia-y-guardia-civil-reciben-formacion-especifica-sobre-el-sistema-de-videovigilancia\\\/#primaryimage\"},\"thumbnailUrl\":\"https:\\\/\\\/www.caudete.org\\\/ayuntamiento\\\/wp-content\\\/uploads\\\/2022\\\/11\\\/IMG-20221123-WA0034.jpg\",\"articleSection\":[\"Interior\"],\"inLanguage\":\"es\"},{\"@type\":\"WebPage\",\"@id\":\"https:\\\/\\\/www.caudete.org\\\/ayuntamiento\\\/policia-y-guardia-civil-reciben-formacion-especifica-sobre-el-sistema-de-videovigilancia\\\/\",\"url\":\"https:\\\/\\\/www.caudete.org\\\/ayuntamiento\\\/policia-y-guardia-civil-reciben-formacion-especifica-sobre-el-sistema-de-videovigilancia\\\/\",\"name\":\"Polic\u00eda y Guardia Civil reciben formaci\u00f3n espec\u00edfica sobre el Sistema de Videovigilancia - MI Ayuntamiento de Caudete\",\"isPartOf\":{\"@id\":\"https:\\\/\\\/www.caudete.org\\\/ayuntamiento\\\/#website\"},\"primaryImageOfPage\":{\"@id\":\"https:\\\/\\\/www.caudete.org\\\/ayuntamiento\\\/policia-y-guardia-civil-reciben-formacion-especifica-sobre-el-sistema-de-videovigilancia\\\/#primaryimage\"},\"image\":{\"@id\":\"https:\\\/\\\/www.caudete.org\\\/ayuntamiento\\\/policia-y-guardia-civil-reciben-formacion-especifica-sobre-el-sistema-de-videovigilancia\\\/#primaryimage\"},\"thumbnailUrl\":\"https:\\\/\\\/www.caudete.org\\\/ayuntamiento\\\/wp-content\\\/uploads\\\/2022\\\/11\\\/IMG-20221123-WA0034.jpg\",\"datePublished\":\"2022-11-24T13:10:26+00:00\",\"dateModified\":\"2022-11-28T08:08:40+00:00\",\"description\":\"P\u00e1gina Oficial del Ayuntamiento de Caudete (Albacete)\",\"breadcrumb\":{\"@id\":\"https:\\\/\\\/www.caudete.org\\\/ayuntamiento\\\/policia-y-guardia-civil-reciben-formacion-especifica-sobre-el-sistema-de-videovigilancia\\\/#breadcrumb\"},\"inLanguage\":\"es\",\"potentialAction\":[{\"@type\":\"ReadAction\",\"target\":[\"https:\\\/\\\/www.caudete.org\\\/ayuntamiento\\\/policia-y-guardia-civil-reciben-formacion-especifica-sobre-el-sistema-de-videovigilancia\\\/\"]}]},{\"@type\":\"ImageObject\",\"inLanguage\":\"es\",\"@id\":\"https:\\\/\\\/www.caudete.org\\\/ayuntamiento\\\/policia-y-guardia-civil-reciben-formacion-especifica-sobre-el-sistema-de-videovigilancia\\\/#primaryimage\",\"url\":\"https:\\\/\\\/www.caudete.org\\\/ayuntamiento\\\/wp-content\\\/uploads\\\/2022\\\/11\\\/IMG-20221123-WA0034.jpg\",\"contentUrl\":\"https:\\\/\\\/www.caudete.org\\\/ayuntamiento\\\/wp-content\\\/uploads\\\/2022\\\/11\\\/IMG-20221123-WA0034.jpg\",\"width\":2048,\"height\":1536},{\"@type\":\"BreadcrumbList\",\"@id\":\"https:\\\/\\\/www.caudete.org\\\/ayuntamiento\\\/policia-y-guardia-civil-reciben-formacion-especifica-sobre-el-sistema-de-videovigilancia\\\/#breadcrumb\",\"itemListElement\":[{\"@type\":\"ListItem\",\"position\":1,\"name\":\"Inicio\",\"item\":\"https:\\\/\\\/www.caudete.org\\\/ayuntamiento\\\/\"},{\"@type\":\"ListItem\",\"position\":2,\"name\":\"Polic\u00eda y Guardia Civil reciben formaci\u00f3n espec\u00edfica sobre el Sistema de Videovigilancia\"}]},{\"@type\":\"WebSite\",\"@id\":\"https:\\\/\\\/www.caudete.org\\\/ayuntamiento\\\/#website\",\"url\":\"https:\\\/\\\/www.caudete.org\\\/ayuntamiento\\\/\",\"name\":\"MI Ayuntamiento de Caudete\",\"description\":\"P\u00e1gina Oficial del MI Ayuntamiento de Caudete\",\"publisher\":{\"@id\":\"https:\\\/\\\/www.caudete.org\\\/ayuntamiento\\\/#organization\"},\"potentialAction\":[{\"@type\":\"SearchAction\",\"target\":{\"@type\":\"EntryPoint\",\"urlTemplate\":\"https:\\\/\\\/www.caudete.org\\\/ayuntamiento\\\/?s={search_term_string}\"},\"query-input\":{\"@type\":\"PropertyValueSpecification\",\"valueRequired\":true,\"valueName\":\"search_term_string\"}}],\"inLanguage\":\"es\"},{\"@type\":\"Organization\",\"@id\":\"https:\\\/\\\/www.caudete.org\\\/ayuntamiento\\\/#organization\",\"name\":\"Ayuntamiento de Caudete\",\"url\":\"https:\\\/\\\/www.caudete.org\\\/ayuntamiento\\\/\",\"logo\":{\"@type\":\"ImageObject\",\"inLanguage\":\"es\",\"@id\":\"https:\\\/\\\/www.caudete.org\\\/ayuntamiento\\\/#\\\/schema\\\/logo\\\/image\\\/\",\"url\":\"https:\\\/\\\/www.caudete.org\\\/ayuntamiento\\\/wp-content\\\/uploads\\\/2020\\\/11\\\/logo_ayuntamiento_caudete.jpg\",\"contentUrl\":\"https:\\\/\\\/www.caudete.org\\\/ayuntamiento\\\/wp-content\\\/uploads\\\/2020\\\/11\\\/logo_ayuntamiento_caudete.jpg\",\"width\":600,\"height\":150,\"caption\":\"Ayuntamiento de Caudete\"},\"image\":{\"@id\":\"https:\\\/\\\/www.caudete.org\\\/ayuntamiento\\\/#\\\/schema\\\/logo\\\/image\\\/\"},\"sameAs\":[\"https:\\\/\\\/www.facebook.com\\\/ayuntamientocaudete\\\/\",\"https:\\\/\\\/www.youtube.com\\\/channel\\\/UC6VztHaooNsGpw-tNoBEFnQ\"]},{\"@type\":\"Person\",\"@id\":\"https:\\\/\\\/www.caudete.org\\\/ayuntamiento\\\/#\\\/schema\\\/person\\\/cc646da9133078ee4d8dd47457947253\",\"name\":\"alcalde\",\"image\":{\"@type\":\"ImageObject\",\"inLanguage\":\"es\",\"@id\":\"https:\\\/\\\/secure.gravatar.com\\\/avatar\\\/84a817ba065b29ff08d666b215a215f5c79186a645ccb25b14a663d48a130f77?s=96&d=mm&r=g\",\"url\":\"https:\\\/\\\/secure.gravatar.com\\\/avatar\\\/84a817ba065b29ff08d666b215a215f5c79186a645ccb25b14a663d48a130f77?s=96&d=mm&r=g\",\"contentUrl\":\"https:\\\/\\\/secure.gravatar.com\\\/avatar\\\/84a817ba065b29ff08d666b215a215f5c79186a645ccb25b14a663d48a130f77?s=96&d=mm&r=g\",\"caption\":\"alcalde\"},\"url\":\"https:\\\/\\\/www.caudete.org\\\/ayuntamiento\\\/author\\\/alcalde\\\/\"}]}<\/script>\n<!-- \/ Yoast SEO plugin. -->","yoast_head_json":{"title":"Polic\u00eda y Guardia Civil reciben formaci\u00f3n espec\u00edfica sobre el Sistema de Videovigilancia - MI Ayuntamiento de Caudete","description":"P\u00e1gina Oficial del Ayuntamiento de Caudete (Albacete)","robots":{"index":"index","follow":"follow","max-snippet":"max-snippet:-1","max-image-preview":"max-image-preview:large","max-video-preview":"max-video-preview:-1"},"canonical":"https:\/\/www.caudete.org\/ayuntamiento\/policia-y-guardia-civil-reciben-formacion-especifica-sobre-el-sistema-de-videovigilancia\/","og_locale":"es_ES","og_type":"article","og_title":"Polic\u00eda y Guardia Civil reciben formaci\u00f3n espec\u00edfica sobre el Sistema de Videovigilancia - MI Ayuntamiento de Caudete","og_description":"P\u00e1gina Oficial del Ayuntamiento de Caudete (Albacete)","og_url":"https:\/\/www.caudete.org\/ayuntamiento\/policia-y-guardia-civil-reciben-formacion-especifica-sobre-el-sistema-de-videovigilancia\/","og_site_name":"MI Ayuntamiento de Caudete","article_publisher":"https:\/\/www.facebook.com\/ayuntamientocaudete\/","article_published_time":"2022-11-24T13:10:26+00:00","article_modified_time":"2022-11-28T08:08:40+00:00","og_image":[{"width":2048,"height":1536,"url":"https:\/\/www.caudete.org\/ayuntamiento\/wp-content\/uploads\/2022\/11\/IMG-20221123-WA0034.jpg","type":"image\/jpeg"}],"author":"alcalde","twitter_card":"summary_large_image","twitter_misc":{"Escrito por":"alcalde","Tiempo de lectura":"3 minutos"},"schema":{"@context":"https:\/\/schema.org","@graph":[{"@type":"Article","@id":"https:\/\/www.caudete.org\/ayuntamiento\/policia-y-guardia-civil-reciben-formacion-especifica-sobre-el-sistema-de-videovigilancia\/#article","isPartOf":{"@id":"https:\/\/www.caudete.org\/ayuntamiento\/policia-y-guardia-civil-reciben-formacion-especifica-sobre-el-sistema-de-videovigilancia\/"},"author":{"name":"alcalde","@id":"https:\/\/www.caudete.org\/ayuntamiento\/#\/schema\/person\/cc646da9133078ee4d8dd47457947253"},"headline":"Polic\u00eda y Guardia Civil reciben formaci\u00f3n espec\u00edfica sobre el Sistema de Videovigilancia","datePublished":"2022-11-24T13:10:26+00:00","dateModified":"2022-11-28T08:08:40+00:00","mainEntityOfPage":{"@id":"https:\/\/www.caudete.org\/ayuntamiento\/policia-y-guardia-civil-reciben-formacion-especifica-sobre-el-sistema-de-videovigilancia\/"},"wordCount":518,"publisher":{"@id":"https:\/\/www.caudete.org\/ayuntamiento\/#organization"},"image":{"@id":"https:\/\/www.caudete.org\/ayuntamiento\/policia-y-guardia-civil-reciben-formacion-especifica-sobre-el-sistema-de-videovigilancia\/#primaryimage"},"thumbnailUrl":"https:\/\/www.caudete.org\/ayuntamiento\/wp-content\/uploads\/2022\/11\/IMG-20221123-WA0034.jpg","articleSection":["Interior"],"inLanguage":"es"},{"@type":"WebPage","@id":"https:\/\/www.caudete.org\/ayuntamiento\/policia-y-guardia-civil-reciben-formacion-especifica-sobre-el-sistema-de-videovigilancia\/","url":"https:\/\/www.caudete.org\/ayuntamiento\/policia-y-guardia-civil-reciben-formacion-especifica-sobre-el-sistema-de-videovigilancia\/","name":"Polic\u00eda y Guardia Civil reciben formaci\u00f3n espec\u00edfica sobre el Sistema de Videovigilancia - MI Ayuntamiento de Caudete","isPartOf":{"@id":"https:\/\/www.caudete.org\/ayuntamiento\/#website"},"primaryImageOfPage":{"@id":"https:\/\/www.caudete.org\/ayuntamiento\/policia-y-guardia-civil-reciben-formacion-especifica-sobre-el-sistema-de-videovigilancia\/#primaryimage"},"image":{"@id":"https:\/\/www.caudete.org\/ayuntamiento\/policia-y-guardia-civil-reciben-formacion-especifica-sobre-el-sistema-de-videovigilancia\/#primaryimage"},"thumbnailUrl":"https:\/\/www.caudete.org\/ayuntamiento\/wp-content\/uploads\/2022\/11\/IMG-20221123-WA0034.jpg","datePublished":"2022-11-24T13:10:26+00:00","dateModified":"2022-11-28T08:08:40+00:00","description":"P\u00e1gina Oficial del Ayuntamiento de Caudete (Albacete)","breadcrumb":{"@id":"https:\/\/www.caudete.org\/ayuntamiento\/policia-y-guardia-civil-reciben-formacion-especifica-sobre-el-sistema-de-videovigilancia\/#breadcrumb"},"inLanguage":"es","potentialAction":[{"@type":"ReadAction","target":["https:\/\/www.caudete.org\/ayuntamiento\/policia-y-guardia-civil-reciben-formacion-especifica-sobre-el-sistema-de-videovigilancia\/"]}]},{"@type":"ImageObject","inLanguage":"es","@id":"https:\/\/www.caudete.org\/ayuntamiento\/policia-y-guardia-civil-reciben-formacion-especifica-sobre-el-sistema-de-videovigilancia\/#primaryimage","url":"https:\/\/www.caudete.org\/ayuntamiento\/wp-content\/uploads\/2022\/11\/IMG-20221123-WA0034.jpg","contentUrl":"https:\/\/www.caudete.org\/ayuntamiento\/wp-content\/uploads\/2022\/11\/IMG-20221123-WA0034.jpg","width":2048,"height":1536},{"@type":"BreadcrumbList","@id":"https:\/\/www.caudete.org\/ayuntamiento\/policia-y-guardia-civil-reciben-formacion-especifica-sobre-el-sistema-de-videovigilancia\/#breadcrumb","itemListElement":[{"@type":"ListItem","position":1,"name":"Inicio","item":"https:\/\/www.caudete.org\/ayuntamiento\/"},{"@type":"ListItem","position":2,"name":"Polic\u00eda y Guardia Civil reciben formaci\u00f3n espec\u00edfica sobre el Sistema de Videovigilancia"}]},{"@type":"WebSite","@id":"https:\/\/www.caudete.org\/ayuntamiento\/#website","url":"https:\/\/www.caudete.org\/ayuntamiento\/","name":"MI Ayuntamiento de Caudete","description":"P\u00e1gina Oficial del MI Ayuntamiento de Caudete","publisher":{"@id":"https:\/\/www.caudete.org\/ayuntamiento\/#organization"},"potentialAction":[{"@type":"SearchAction","target":{"@type":"EntryPoint","urlTemplate":"https:\/\/www.caudete.org\/ayuntamiento\/?s={search_term_string}"},"query-input":{"@type":"PropertyValueSpecification","valueRequired":true,"valueName":"search_term_string"}}],"inLanguage":"es"},{"@type":"Organization","@id":"https:\/\/www.caudete.org\/ayuntamiento\/#organization","name":"Ayuntamiento de Caudete","url":"https:\/\/www.caudete.org\/ayuntamiento\/","logo":{"@type":"ImageObject","inLanguage":"es","@id":"https:\/\/www.caudete.org\/ayuntamiento\/#\/schema\/logo\/image\/","url":"https:\/\/www.caudete.org\/ayuntamiento\/wp-content\/uploads\/2020\/11\/logo_ayuntamiento_caudete.jpg","contentUrl":"https:\/\/www.caudete.org\/ayuntamiento\/wp-content\/uploads\/2020\/11\/logo_ayuntamiento_caudete.jpg","width":600,"height":150,"caption":"Ayuntamiento de Caudete"},"image":{"@id":"https:\/\/www.caudete.org\/ayuntamiento\/#\/schema\/logo\/image\/"},"sameAs":["https:\/\/www.facebook.com\/ayuntamientocaudete\/","https:\/\/www.youtube.com\/channel\/UC6VztHaooNsGpw-tNoBEFnQ"]},{"@type":"Person","@id":"https:\/\/www.caudete.org\/ayuntamiento\/#\/schema\/person\/cc646da9133078ee4d8dd47457947253","name":"alcalde","image":{"@type":"ImageObject","inLanguage":"es","@id":"https:\/\/secure.gravatar.com\/avatar\/84a817ba065b29ff08d666b215a215f5c79186a645ccb25b14a663d48a130f77?s=96&d=mm&r=g","url":"https:\/\/secure.gravatar.com\/avatar\/84a817ba065b29ff08d666b215a215f5c79186a645ccb25b14a663d48a130f77?s=96&d=mm&r=g","contentUrl":"https:\/\/secure.gravatar.com\/avatar\/84a817ba065b29ff08d666b215a215f5c79186a645ccb25b14a663d48a130f77?s=96&d=mm&r=g","caption":"alcalde"},"url":"https:\/\/www.caudete.org\/ayuntamiento\/author\/alcalde\/"}]}},"_links":{"self":[{"href":"https:\/\/www.caudete.org\/ayuntamiento\/wp-json\/wp\/v2\/posts\/20662","targetHints":{"allow":["GET"]}}],"collection":[{"href":"https:\/\/www.caudete.org\/ayuntamiento\/wp-json\/wp\/v2\/posts"}],"about":[{"href":"https:\/\/www.caudete.org\/ayuntamiento\/wp-json\/wp\/v2\/types\/post"}],"author":[{"embeddable":true,"href":"https:\/\/www.caudete.org\/ayuntamiento\/wp-json\/wp\/v2\/users\/3"}],"replies":[{"embeddable":true,"href":"https:\/\/www.caudete.org\/ayuntamiento\/wp-json\/wp\/v2\/comments?post=20662"}],"version-history":[{"count":1,"href":"https:\/\/www.caudete.org\/ayuntamiento\/wp-json\/wp\/v2\/posts\/20662\/revisions"}],"predecessor-version":[{"id":20664,"href":"https:\/\/www.caudete.org\/ayuntamiento\/wp-json\/wp\/v2\/posts\/20662\/revisions\/20664"}],"wp:featuredmedia":[{"embeddable":true,"href":"https:\/\/www.caudete.org\/ayuntamiento\/wp-json\/wp\/v2\/media\/20663"}],"wp:attachment":[{"href":"https:\/\/www.caudete.org\/ayuntamiento\/wp-json\/wp\/v2\/media?parent=20662"}],"wp:term":[{"taxonomy":"category","embeddable":true,"href":"https:\/\/www.caudete.org\/ayuntamiento\/wp-json\/wp\/v2\/categories?post=20662"},{"taxonomy":"post_tag","embeddable":true,"href":"https:\/\/www.caudete.org\/ayuntamiento\/wp-json\/wp\/v2\/tags?post=20662"}],"curies":[{"name":"wp","href":"https:\/\/api.w.org\/{rel}","templated":true}]}}