{"id":20689,"date":"2022-11-28T12:55:52","date_gmt":"2022-11-28T11:55:52","guid":{"rendered":"https:\/\/www.caudete.org\/ayuntamiento\/?p=20689"},"modified":"2022-11-28T16:22:58","modified_gmt":"2022-11-28T15:22:58","slug":"una-ano-mas-el-municipio-de-caudete-acogera-la-x-edicion-de-san-silvestre-caudetana","status":"publish","type":"post","link":"https:\/\/www.caudete.org\/ayuntamiento\/una-ano-mas-el-municipio-de-caudete-acogera-la-x-edicion-de-san-silvestre-caudetana\/","title":{"rendered":"El 30 de Diciembre se celebrar\u00e1 la X San Silvestre Caudetana"},"content":{"rendered":"<p style=\"text-align: justify;\">La Concejal de Deportes, Pilar Egea, ha anunciado la celebraci\u00f3n de una nueva edici\u00f3n del evento deportivo denominado \u201cSan Silvestre Caudetana\u201d, la cual tendr\u00e1 lugar el viernes 30 de diciembre a las 19:00 horas.<\/p>\n<p style=\"text-align: justify;\">Al igual que en la edici\u00f3n anterior, el lugar de concentraci\u00f3n, salida y meta, se ubicar\u00e1 en la Plaza del Carmen. Desde all\u00ed la carrera se dirigir\u00e1 hacia la calle Mayor y el Mercado para acto seguido llevar a cabo el recorrido de costumbre, con una distancia total aproximada de 3.400 metros.<\/p>\n<p style=\"text-align: justify;\">Las inscripciones se podr\u00e1n realizar hasta el jueves 29 de diciembre a trav\u00e9s de la web <a href=\"http:\/\/www.caudete.org\/sansilvestre\">www.caudete.org\/sansilvestre<\/a>. El mismo d\u00eda del evento no se realizar\u00e1n inscripciones.<\/p>\n<p style=\"text-align: justify;\">El precio establecido se fija como en otros a\u00f1os en 6 \u20ac, los cuales ir\u00e1n \u00edntegramente destinados a favor de Caritas Interparroquial Caudete. Las inscripciones de los escolares de primaria se realizar\u00e1n a trav\u00e9s del propio colegio con el precio de 1\u20ac.<\/p>\n<p style=\"text-align: justify;\"><a href=\"https:\/\/www.caudete.org\/ayuntamiento\/wp-content\/uploads\/2022\/11\/20221128-San-Silvestre-2022.jpg\" rel='prettyPhoto'><img fetchpriority=\"high\" decoding=\"async\" class=\"size-full wp-image-20685\" src=\"https:\/\/www.caudete.org\/ayuntamiento\/wp-content\/uploads\/2022\/11\/20221128-San-Silvestre-2022.jpg\" alt=\"\" width=\"800\" height=\"1127\" srcset=\"https:\/\/www.caudete.org\/ayuntamiento\/wp-content\/uploads\/2022\/11\/20221128-San-Silvestre-2022.jpg 800w, https:\/\/www.caudete.org\/ayuntamiento\/wp-content\/uploads\/2022\/11\/20221128-San-Silvestre-2022-213x300.jpg 213w, https:\/\/www.caudete.org\/ayuntamiento\/wp-content\/uploads\/2022\/11\/20221128-San-Silvestre-2022-727x1024.jpg 727w, https:\/\/www.caudete.org\/ayuntamiento\/wp-content\/uploads\/2022\/11\/20221128-San-Silvestre-2022-768x1082.jpg 768w\" sizes=\"(max-width: 800px) 100vw, 800px\" \/><\/a><\/p>\n","protected":false},"excerpt":{"rendered":"<p>La Concejal de Deportes, Pilar Egea, ha anunciado la celebraci\u00f3n de una nueva edici\u00f3n del evento deportivo denominado \u201cSan Silvestre Caudetana\u201d, la cual tendr\u00e1 lugar el viernes 30 de diciembre a las 19:00 horas. Al igual que en la edici\u00f3n anterior, el lugar de concentraci\u00f3n, salida y meta, se ubicar\u00e1 en la Plaza del Carmen. &hellip;<\/p>\n","protected":false},"author":1,"featured_media":20685,"comment_status":"closed","ping_status":"open","sticky":false,"template":"","format":"standard","meta":{"ngg_post_thumbnail":0,"footnotes":""},"categories":[23],"tags":[],"class_list":["post-20689","post","type-post","status-publish","format-standard","has-post-thumbnail","hentry","category-deportes"],"yoast_head":"<!-- This site is optimized with the Yoast SEO plugin v27.5 - https:\/\/yoast.com\/product\/yoast-seo-wordpress\/ -->\n<title>El 30 de Diciembre se celebrar\u00e1 la X San Silvestre Caudetana - MI Ayuntamiento de Caudete<\/title>\n<meta name=\"description\" content=\"P\u00e1gina Oficial del Ayuntamiento de Caudete (Albacete)\" \/>\n<meta name=\"robots\" content=\"index, follow, max-snippet:-1, max-image-preview:large, max-video-preview:-1\" \/>\n<link rel=\"canonical\" href=\"https:\/\/www.caudete.org\/ayuntamiento\/una-ano-mas-el-municipio-de-caudete-acogera-la-x-edicion-de-san-silvestre-caudetana\/\" \/>\n<meta property=\"og:locale\" content=\"es_ES\" \/>\n<meta property=\"og:type\" content=\"article\" \/>\n<meta property=\"og:title\" content=\"El 30 de Diciembre se celebrar\u00e1 la X San Silvestre Caudetana - MI Ayuntamiento de Caudete\" \/>\n<meta property=\"og:description\" content=\"P\u00e1gina Oficial del Ayuntamiento de Caudete (Albacete)\" \/>\n<meta property=\"og:url\" content=\"https:\/\/www.caudete.org\/ayuntamiento\/una-ano-mas-el-municipio-de-caudete-acogera-la-x-edicion-de-san-silvestre-caudetana\/\" \/>\n<meta property=\"og:site_name\" content=\"MI Ayuntamiento de Caudete\" \/>\n<meta property=\"article:publisher\" content=\"https:\/\/www.facebook.com\/ayuntamientocaudete\/\" \/>\n<meta property=\"article:published_time\" content=\"2022-11-28T11:55:52+00:00\" \/>\n<meta property=\"article:modified_time\" content=\"2022-11-28T15:22:58+00:00\" \/>\n<meta property=\"og:image\" content=\"https:\/\/www.caudete.org\/ayuntamiento\/wp-content\/uploads\/2022\/11\/20221128-San-Silvestre-2022.jpg\" \/>\n\t<meta property=\"og:image:width\" content=\"800\" \/>\n\t<meta property=\"og:image:height\" content=\"1127\" \/>\n\t<meta property=\"og:image:type\" content=\"image\/jpeg\" \/>\n<meta name=\"author\" content=\"ayun\" \/>\n<meta name=\"twitter:card\" content=\"summary_large_image\" \/>\n<meta name=\"twitter:label1\" content=\"Escrito por\" \/>\n\t<meta name=\"twitter:data1\" content=\"ayun\" \/>\n\t<meta name=\"twitter:label2\" content=\"Tiempo de lectura\" \/>\n\t<meta name=\"twitter:data2\" content=\"1 minuto\" \/>\n<script type=\"application\/ld+json\" class=\"yoast-schema-graph\">{\"@context\":\"https:\\\/\\\/schema.org\",\"@graph\":[{\"@type\":\"Article\",\"@id\":\"https:\\\/\\\/www.caudete.org\\\/ayuntamiento\\\/una-ano-mas-el-municipio-de-caudete-acogera-la-x-edicion-de-san-silvestre-caudetana\\\/#article\",\"isPartOf\":{\"@id\":\"https:\\\/\\\/www.caudete.org\\\/ayuntamiento\\\/una-ano-mas-el-municipio-de-caudete-acogera-la-x-edicion-de-san-silvestre-caudetana\\\/\"},\"author\":{\"name\":\"ayun\",\"@id\":\"https:\\\/\\\/www.caudete.org\\\/ayuntamiento\\\/#\\\/schema\\\/person\\\/79f7e19fdd176fc2bc7a289013dc2056\"},\"headline\":\"El 30 de Diciembre se celebrar\u00e1 la X San Silvestre Caudetana\",\"datePublished\":\"2022-11-28T11:55:52+00:00\",\"dateModified\":\"2022-11-28T15:22:58+00:00\",\"mainEntityOfPage\":{\"@id\":\"https:\\\/\\\/www.caudete.org\\\/ayuntamiento\\\/una-ano-mas-el-municipio-de-caudete-acogera-la-x-edicion-de-san-silvestre-caudetana\\\/\"},\"wordCount\":172,\"image\":{\"@id\":\"https:\\\/\\\/www.caudete.org\\\/ayuntamiento\\\/una-ano-mas-el-municipio-de-caudete-acogera-la-x-edicion-de-san-silvestre-caudetana\\\/#primaryimage\"},\"thumbnailUrl\":\"https:\\\/\\\/www.caudete.org\\\/ayuntamiento\\\/wp-content\\\/uploads\\\/2022\\\/11\\\/20221128-San-Silvestre-2022.jpg\",\"articleSection\":[\"Deportes\"],\"inLanguage\":\"es\"},{\"@type\":\"WebPage\",\"@id\":\"https:\\\/\\\/www.caudete.org\\\/ayuntamiento\\\/una-ano-mas-el-municipio-de-caudete-acogera-la-x-edicion-de-san-silvestre-caudetana\\\/\",\"url\":\"https:\\\/\\\/www.caudete.org\\\/ayuntamiento\\\/una-ano-mas-el-municipio-de-caudete-acogera-la-x-edicion-de-san-silvestre-caudetana\\\/\",\"name\":\"El 30 de Diciembre se celebrar\u00e1 la X San Silvestre Caudetana - MI Ayuntamiento de Caudete\",\"isPartOf\":{\"@id\":\"https:\\\/\\\/www.caudete.org\\\/ayuntamiento\\\/#website\"},\"primaryImageOfPage\":{\"@id\":\"https:\\\/\\\/www.caudete.org\\\/ayuntamiento\\\/una-ano-mas-el-municipio-de-caudete-acogera-la-x-edicion-de-san-silvestre-caudetana\\\/#primaryimage\"},\"image\":{\"@id\":\"https:\\\/\\\/www.caudete.org\\\/ayuntamiento\\\/una-ano-mas-el-municipio-de-caudete-acogera-la-x-edicion-de-san-silvestre-caudetana\\\/#primaryimage\"},\"thumbnailUrl\":\"https:\\\/\\\/www.caudete.org\\\/ayuntamiento\\\/wp-content\\\/uploads\\\/2022\\\/11\\\/20221128-San-Silvestre-2022.jpg\",\"datePublished\":\"2022-11-28T11:55:52+00:00\",\"dateModified\":\"2022-11-28T15:22:58+00:00\",\"author\":{\"@id\":\"https:\\\/\\\/www.caudete.org\\\/ayuntamiento\\\/#\\\/schema\\\/person\\\/79f7e19fdd176fc2bc7a289013dc2056\"},\"description\":\"P\u00e1gina Oficial del Ayuntamiento de Caudete (Albacete)\",\"breadcrumb\":{\"@id\":\"https:\\\/\\\/www.caudete.org\\\/ayuntamiento\\\/una-ano-mas-el-municipio-de-caudete-acogera-la-x-edicion-de-san-silvestre-caudetana\\\/#breadcrumb\"},\"inLanguage\":\"es\",\"potentialAction\":[{\"@type\":\"ReadAction\",\"target\":[\"https:\\\/\\\/www.caudete.org\\\/ayuntamiento\\\/una-ano-mas-el-municipio-de-caudete-acogera-la-x-edicion-de-san-silvestre-caudetana\\\/\"]}]},{\"@type\":\"ImageObject\",\"inLanguage\":\"es\",\"@id\":\"https:\\\/\\\/www.caudete.org\\\/ayuntamiento\\\/una-ano-mas-el-municipio-de-caudete-acogera-la-x-edicion-de-san-silvestre-caudetana\\\/#primaryimage\",\"url\":\"https:\\\/\\\/www.caudete.org\\\/ayuntamiento\\\/wp-content\\\/uploads\\\/2022\\\/11\\\/20221128-San-Silvestre-2022.jpg\",\"contentUrl\":\"https:\\\/\\\/www.caudete.org\\\/ayuntamiento\\\/wp-content\\\/uploads\\\/2022\\\/11\\\/20221128-San-Silvestre-2022.jpg\",\"width\":800,\"height\":1127},{\"@type\":\"BreadcrumbList\",\"@id\":\"https:\\\/\\\/www.caudete.org\\\/ayuntamiento\\\/una-ano-mas-el-municipio-de-caudete-acogera-la-x-edicion-de-san-silvestre-caudetana\\\/#breadcrumb\",\"itemListElement\":[{\"@type\":\"ListItem\",\"position\":1,\"name\":\"Inicio\",\"item\":\"https:\\\/\\\/www.caudete.org\\\/ayuntamiento\\\/\"},{\"@type\":\"ListItem\",\"position\":2,\"name\":\"El 30 de Diciembre se celebrar\u00e1 la X San Silvestre Caudetana\"}]},{\"@type\":\"WebSite\",\"@id\":\"https:\\\/\\\/www.caudete.org\\\/ayuntamiento\\\/#website\",\"url\":\"https:\\\/\\\/www.caudete.org\\\/ayuntamiento\\\/\",\"name\":\"MI Ayuntamiento de Caudete\",\"description\":\"P\u00e1gina Oficial del MI Ayuntamiento de Caudete\",\"potentialAction\":[{\"@type\":\"SearchAction\",\"target\":{\"@type\":\"EntryPoint\",\"urlTemplate\":\"https:\\\/\\\/www.caudete.org\\\/ayuntamiento\\\/?s={search_term_string}\"},\"query-input\":{\"@type\":\"PropertyValueSpecification\",\"valueRequired\":true,\"valueName\":\"search_term_string\"}}],\"inLanguage\":\"es\"},{\"@type\":\"Person\",\"@id\":\"https:\\\/\\\/www.caudete.org\\\/ayuntamiento\\\/#\\\/schema\\\/person\\\/79f7e19fdd176fc2bc7a289013dc2056\",\"name\":\"ayun\",\"image\":{\"@type\":\"ImageObject\",\"inLanguage\":\"es\",\"@id\":\"https:\\\/\\\/secure.gravatar.com\\\/avatar\\\/4ce797ee07c943e7e592f8cd648e503e6cd571387558ed07135799c2bd2847df?s=96&d=mm&r=g\",\"url\":\"https:\\\/\\\/secure.gravatar.com\\\/avatar\\\/4ce797ee07c943e7e592f8cd648e503e6cd571387558ed07135799c2bd2847df?s=96&d=mm&r=g\",\"contentUrl\":\"https:\\\/\\\/secure.gravatar.com\\\/avatar\\\/4ce797ee07c943e7e592f8cd648e503e6cd571387558ed07135799c2bd2847df?s=96&d=mm&r=g\",\"caption\":\"ayun\"},\"sameAs\":[\"http:\\\/\\\/www.caudete.org\\\/ayuntamiento\"],\"url\":\"https:\\\/\\\/www.caudete.org\\\/ayuntamiento\\\/author\\\/ayun\\\/\"}]}<\/script>\n<!-- \/ Yoast SEO plugin. -->","yoast_head_json":{"title":"El 30 de Diciembre se celebrar\u00e1 la X San Silvestre Caudetana - MI Ayuntamiento de Caudete","description":"P\u00e1gina Oficial del Ayuntamiento de Caudete (Albacete)","robots":{"index":"index","follow":"follow","max-snippet":"max-snippet:-1","max-image-preview":"max-image-preview:large","max-video-preview":"max-video-preview:-1"},"canonical":"https:\/\/www.caudete.org\/ayuntamiento\/una-ano-mas-el-municipio-de-caudete-acogera-la-x-edicion-de-san-silvestre-caudetana\/","og_locale":"es_ES","og_type":"article","og_title":"El 30 de Diciembre se celebrar\u00e1 la X San Silvestre Caudetana - MI Ayuntamiento de Caudete","og_description":"P\u00e1gina Oficial del Ayuntamiento de Caudete (Albacete)","og_url":"https:\/\/www.caudete.org\/ayuntamiento\/una-ano-mas-el-municipio-de-caudete-acogera-la-x-edicion-de-san-silvestre-caudetana\/","og_site_name":"MI Ayuntamiento de Caudete","article_publisher":"https:\/\/www.facebook.com\/ayuntamientocaudete\/","article_published_time":"2022-11-28T11:55:52+00:00","article_modified_time":"2022-11-28T15:22:58+00:00","og_image":[{"width":800,"height":1127,"url":"https:\/\/www.caudete.org\/ayuntamiento\/wp-content\/uploads\/2022\/11\/20221128-San-Silvestre-2022.jpg","type":"image\/jpeg"}],"author":"ayun","twitter_card":"summary_large_image","twitter_misc":{"Escrito por":"ayun","Tiempo de lectura":"1 minuto"},"schema":{"@context":"https:\/\/schema.org","@graph":[{"@type":"Article","@id":"https:\/\/www.caudete.org\/ayuntamiento\/una-ano-mas-el-municipio-de-caudete-acogera-la-x-edicion-de-san-silvestre-caudetana\/#article","isPartOf":{"@id":"https:\/\/www.caudete.org\/ayuntamiento\/una-ano-mas-el-municipio-de-caudete-acogera-la-x-edicion-de-san-silvestre-caudetana\/"},"author":{"name":"ayun","@id":"https:\/\/www.caudete.org\/ayuntamiento\/#\/schema\/person\/79f7e19fdd176fc2bc7a289013dc2056"},"headline":"El 30 de Diciembre se celebrar\u00e1 la X San Silvestre Caudetana","datePublished":"2022-11-28T11:55:52+00:00","dateModified":"2022-11-28T15:22:58+00:00","mainEntityOfPage":{"@id":"https:\/\/www.caudete.org\/ayuntamiento\/una-ano-mas-el-municipio-de-caudete-acogera-la-x-edicion-de-san-silvestre-caudetana\/"},"wordCount":172,"image":{"@id":"https:\/\/www.caudete.org\/ayuntamiento\/una-ano-mas-el-municipio-de-caudete-acogera-la-x-edicion-de-san-silvestre-caudetana\/#primaryimage"},"thumbnailUrl":"https:\/\/www.caudete.org\/ayuntamiento\/wp-content\/uploads\/2022\/11\/20221128-San-Silvestre-2022.jpg","articleSection":["Deportes"],"inLanguage":"es"},{"@type":"WebPage","@id":"https:\/\/www.caudete.org\/ayuntamiento\/una-ano-mas-el-municipio-de-caudete-acogera-la-x-edicion-de-san-silvestre-caudetana\/","url":"https:\/\/www.caudete.org\/ayuntamiento\/una-ano-mas-el-municipio-de-caudete-acogera-la-x-edicion-de-san-silvestre-caudetana\/","name":"El 30 de Diciembre se celebrar\u00e1 la X San Silvestre Caudetana - MI Ayuntamiento de Caudete","isPartOf":{"@id":"https:\/\/www.caudete.org\/ayuntamiento\/#website"},"primaryImageOfPage":{"@id":"https:\/\/www.caudete.org\/ayuntamiento\/una-ano-mas-el-municipio-de-caudete-acogera-la-x-edicion-de-san-silvestre-caudetana\/#primaryimage"},"image":{"@id":"https:\/\/www.caudete.org\/ayuntamiento\/una-ano-mas-el-municipio-de-caudete-acogera-la-x-edicion-de-san-silvestre-caudetana\/#primaryimage"},"thumbnailUrl":"https:\/\/www.caudete.org\/ayuntamiento\/wp-content\/uploads\/2022\/11\/20221128-San-Silvestre-2022.jpg","datePublished":"2022-11-28T11:55:52+00:00","dateModified":"2022-11-28T15:22:58+00:00","author":{"@id":"https:\/\/www.caudete.org\/ayuntamiento\/#\/schema\/person\/79f7e19fdd176fc2bc7a289013dc2056"},"description":"P\u00e1gina Oficial del Ayuntamiento de Caudete (Albacete)","breadcrumb":{"@id":"https:\/\/www.caudete.org\/ayuntamiento\/una-ano-mas-el-municipio-de-caudete-acogera-la-x-edicion-de-san-silvestre-caudetana\/#breadcrumb"},"inLanguage":"es","potentialAction":[{"@type":"ReadAction","target":["https:\/\/www.caudete.org\/ayuntamiento\/una-ano-mas-el-municipio-de-caudete-acogera-la-x-edicion-de-san-silvestre-caudetana\/"]}]},{"@type":"ImageObject","inLanguage":"es","@id":"https:\/\/www.caudete.org\/ayuntamiento\/una-ano-mas-el-municipio-de-caudete-acogera-la-x-edicion-de-san-silvestre-caudetana\/#primaryimage","url":"https:\/\/www.caudete.org\/ayuntamiento\/wp-content\/uploads\/2022\/11\/20221128-San-Silvestre-2022.jpg","contentUrl":"https:\/\/www.caudete.org\/ayuntamiento\/wp-content\/uploads\/2022\/11\/20221128-San-Silvestre-2022.jpg","width":800,"height":1127},{"@type":"BreadcrumbList","@id":"https:\/\/www.caudete.org\/ayuntamiento\/una-ano-mas-el-municipio-de-caudete-acogera-la-x-edicion-de-san-silvestre-caudetana\/#breadcrumb","itemListElement":[{"@type":"ListItem","position":1,"name":"Inicio","item":"https:\/\/www.caudete.org\/ayuntamiento\/"},{"@type":"ListItem","position":2,"name":"El 30 de Diciembre se celebrar\u00e1 la X San Silvestre Caudetana"}]},{"@type":"WebSite","@id":"https:\/\/www.caudete.org\/ayuntamiento\/#website","url":"https:\/\/www.caudete.org\/ayuntamiento\/","name":"MI Ayuntamiento de Caudete","description":"P\u00e1gina Oficial del MI Ayuntamiento de Caudete","potentialAction":[{"@type":"SearchAction","target":{"@type":"EntryPoint","urlTemplate":"https:\/\/www.caudete.org\/ayuntamiento\/?s={search_term_string}"},"query-input":{"@type":"PropertyValueSpecification","valueRequired":true,"valueName":"search_term_string"}}],"inLanguage":"es"},{"@type":"Person","@id":"https:\/\/www.caudete.org\/ayuntamiento\/#\/schema\/person\/79f7e19fdd176fc2bc7a289013dc2056","name":"ayun","image":{"@type":"ImageObject","inLanguage":"es","@id":"https:\/\/secure.gravatar.com\/avatar\/4ce797ee07c943e7e592f8cd648e503e6cd571387558ed07135799c2bd2847df?s=96&d=mm&r=g","url":"https:\/\/secure.gravatar.com\/avatar\/4ce797ee07c943e7e592f8cd648e503e6cd571387558ed07135799c2bd2847df?s=96&d=mm&r=g","contentUrl":"https:\/\/secure.gravatar.com\/avatar\/4ce797ee07c943e7e592f8cd648e503e6cd571387558ed07135799c2bd2847df?s=96&d=mm&r=g","caption":"ayun"},"sameAs":["http:\/\/www.caudete.org\/ayuntamiento"],"url":"https:\/\/www.caudete.org\/ayuntamiento\/author\/ayun\/"}]}},"_links":{"self":[{"href":"https:\/\/www.caudete.org\/ayuntamiento\/wp-json\/wp\/v2\/posts\/20689","targetHints":{"allow":["GET"]}}],"collection":[{"href":"https:\/\/www.caudete.org\/ayuntamiento\/wp-json\/wp\/v2\/posts"}],"about":[{"href":"https:\/\/www.caudete.org\/ayuntamiento\/wp-json\/wp\/v2\/types\/post"}],"author":[{"embeddable":true,"href":"https:\/\/www.caudete.org\/ayuntamiento\/wp-json\/wp\/v2\/users\/1"}],"replies":[{"embeddable":true,"href":"https:\/\/www.caudete.org\/ayuntamiento\/wp-json\/wp\/v2\/comments?post=20689"}],"version-history":[{"count":3,"href":"https:\/\/www.caudete.org\/ayuntamiento\/wp-json\/wp\/v2\/posts\/20689\/revisions"}],"predecessor-version":[{"id":20705,"href":"https:\/\/www.caudete.org\/ayuntamiento\/wp-json\/wp\/v2\/posts\/20689\/revisions\/20705"}],"wp:featuredmedia":[{"embeddable":true,"href":"https:\/\/www.caudete.org\/ayuntamiento\/wp-json\/wp\/v2\/media\/20685"}],"wp:attachment":[{"href":"https:\/\/www.caudete.org\/ayuntamiento\/wp-json\/wp\/v2\/media?parent=20689"}],"wp:term":[{"taxonomy":"category","embeddable":true,"href":"https:\/\/www.caudete.org\/ayuntamiento\/wp-json\/wp\/v2\/categories?post=20689"},{"taxonomy":"post_tag","embeddable":true,"href":"https:\/\/www.caudete.org\/ayuntamiento\/wp-json\/wp\/v2\/tags?post=20689"}],"curies":[{"name":"wp","href":"https:\/\/api.w.org\/{rel}","templated":true}]}}