{"id":20695,"date":"2022-11-29T13:30:47","date_gmt":"2022-11-29T12:30:47","guid":{"rendered":"https:\/\/www.caudete.org\/ayuntamiento\/?p=20695"},"modified":"2022-11-28T16:24:00","modified_gmt":"2022-11-28T15:24:00","slug":"encuentros-con-susana-martin-gijon-encuentros-con-susana-martin-gijon","status":"publish","type":"post","link":"https:\/\/www.caudete.org\/ayuntamiento\/encuentros-con-susana-martin-gijon-encuentros-con-susana-martin-gijon\/","title":{"rendered":"Encuentros con .. Susana Mart\u00edn Gij\u00f3n"},"content":{"rendered":"<p align=\"justify\"><span style=\"color: #000000; font-family: georgia, palatino, serif; font-size: 12pt;\">JUEVES 1 DE DICIEMBRE 16:30:00 HORAS <\/span><\/p>\n<p align=\"justify\"><span style=\"color: #000000; font-family: georgia, palatino, serif; font-size: 12pt;\"><em><span lang=\"es-ES\">LUGAR: Museo de la Acuarela Rafael Requena. <\/span><\/em><\/span><\/p>\n<p align=\"justify\"><span style=\"color: #000000; font-family: georgia, palatino, serif; font-size: 12pt;\"><em><span lang=\"es-ES\">En abierto <\/span><\/em><\/span><\/p>\n<p align=\"justify\"><span style=\"color: #000000; font-family: georgia, palatino, serif; font-size: 12pt;\"><span lang=\"es-ES\">Dentro del programa Encuentros con&#8230; de la Diputaci\u00f3n de Albacete, desde la Biblioteca P\u00fablica Municipal \u201cAna Mar\u00eda Matute\u201d, se organizar\u00e1<\/span> <span lang=\"es-ES\">un encuentro literario con la escritora Susana Mart\u00edn Gij<\/span><span lang=\"es-ES\">\u00f3<\/span><span lang=\"es-ES\">n y los clubes de lectura de la Biblioteca.<br \/>\n<\/span><\/span><\/p>\n<p align=\"justify\"><span style=\"color: #000000; font-family: georgia, palatino, serif; font-size: 12pt;\"><span lang=\"es-ES\">S<\/span><span lang=\"es-ES\">usana Mart\u00edn Gij\u00f3n<\/span><span lang=\"es-ES\">\u00a0<\/span><span lang=\"es-ES\">(<\/span><a href=\"https:\/\/es.wikipedia.org\/wiki\/Sevilla\" target=\"_blank\" rel=\"nofollow\"><span lang=\"es-ES\">Sevilla<\/span><\/a><span lang=\"es-ES\">,\u00a0<\/span><a href=\"https:\/\/es.wikipedia.org\/wiki\/1981\" target=\"_blank\" rel=\"nofollow\"><span lang=\"es-ES\">1981<\/span><\/a><span lang=\"es-ES\">) es una\u00a0<\/span><a href=\"https:\/\/es.wikipedia.org\/wiki\/Escritor\" target=\"_blank\" rel=\"nofollow\"><span lang=\"es-ES\">escritora<\/span><\/a><span lang=\"es-ES\">\u00a0<\/span><a href=\"https:\/\/es.wikipedia.org\/wiki\/Espa%C3%B1a\" target=\"_blank\" rel=\"nofollow\"><span lang=\"es-ES\">espa\u00f1ola<\/span><\/a><span lang=\"es-ES\">, especialista en novela negra. Es la creadora del personaje de la polic\u00eda Annika Kaunda, una agente de origen\u00a0<\/span><a href=\"https:\/\/es.wikipedia.org\/wiki\/Namibia\" target=\"_blank\" rel=\"nofollow\"><span lang=\"es-ES\">namibio<\/span><\/a><span lang=\"es-ES\">\u00a0<\/span><span lang=\"es-ES\">afincada en\u00a0<\/span><a href=\"https:\/\/es.wikipedia.org\/wiki\/Extremadura\" target=\"_blank\" rel=\"nofollow\"><span lang=\"es-ES\">Extremadura<\/span><\/a><span lang=\"es-ES\">\u00a0<\/span><span lang=\"es-ES\">y protagonista de varias <\/span><span lang=\"es-ES\">de sus <\/span><span lang=\"es-ES\">novelas.<\/span> <\/span><\/p>\n<p align=\"justify\"><span style=\"color: #000000; font-family: georgia, palatino, serif; font-size: 12pt;\">Combina su afici\u00f3n a la novela negra, con el relato, g\u00e9nero en el que ha cosechado diversos galardones \u2014C\u00edrculo de Bellas Artes de Tenerife, Relatos para la Igualdad del Ayuntamiento de Burgos, un premio de la Asociaci\u00f3n de Escritores y Artistas Espa\u00f1oles, o el de relato policiaco del Festival Granada Noir\u2014. Sus relatos forman parte de diversas antolog\u00edas en el panorama nacional e internacional. <\/span><\/p>\n<p align=\"justify\"><span style=\"color: #000000; font-family: georgia, palatino, serif; font-size: 12pt;\"><span lang=\"es-ES\">En enero de 2020 Alfaguara lanza su nueva novela,\u00a0<\/span><strong><a href=\"https:\/\/www.megustaleer.com\/libros\/progenie\/MES-110181\" target=\"_blank\" rel=\"noopener nofollow\"><span lang=\"es-ES\"><i><b>Progenie<\/b><\/i><\/span><\/a><\/strong><span lang=\"es-ES\">,\u00a0<\/span><strong><span lang=\"es-ES\"><b>finalista de los premios Valencia Negra y \u00abPaco Camarasa\u00bb<\/b><\/span><\/strong><span lang=\"es-ES\">\u00a0y que va ya por su\u00a0<\/span><strong><span lang=\"es-ES\"><b>octava edici\u00f3n<\/b><\/span><\/strong><span lang=\"es-ES\">, con m\u00e1s de cincuenta mil ejemplares vendidos. La productora<\/span><strong><span lang=\"es-ES\">\u00a0<\/span><\/strong><strong><span lang=\"es-ES\"><b>Nephilim Producciones<\/b><\/span><\/strong><span lang=\"es-ES\">\u00a0ha comprado los derechos de adaptaci\u00f3n audiovisua<\/span><span lang=\"es-ES\">l.<\/span><\/span><\/p>\n<p align=\"justify\"><span style=\"font-family: georgia, palatino, serif; font-size: 12pt;\"><span style=\"color: #000000;\">En febrero de 2021, Alfaguara publica\u00a0<\/span><em><a href=\"https:\/\/www.megustaleer.com\/libros\/especie\/MES-119172\" target=\"_blank\" rel=\"noopener nofollow\"><span style=\"color: #000000;\"><i><b>Especie<\/b><\/i><\/span><\/a><\/em><span style=\"color: #000000;\">, la segunda entrega de la inspectora Camino Vargas, que supera en \u00e9xito y cr\u00edticas a la primera de las novelas de la serie, y en enero de 2022,\u00a0<\/span><em><a href=\"https:\/\/acortar.link\/fDQ8gK\" target=\"_blank\" rel=\"noopener nofollow\"><span style=\"color: #000000;\"><i><b>Planeta<\/b><\/i><\/span><\/a><\/em><span style=\"color: #000000;\">, cuya segunda edici\u00f3n salt\u00f3 en tan solo veinticuatros horas tras su llegada a las librer\u00edas y que se ha mantenido en los primeros puestos de venta durante varias semanas.<\/span><\/span><\/p>\n<p align=\"justify\"><span style=\"color: #000000; font-family: georgia, palatino, serif; font-size: 12pt;\">Colaboran Asociaci\u00f3n de Mujeres Santa B\u00e1rbara<\/span><\/p>\n<p align=\"justify\"><span style=\"font-family: georgia, palatino, serif; font-size: 12pt;\"><a href=\"https:\/\/www.caudete.org\/ayuntamiento\/wp-content\/uploads\/2022\/11\/20221128-Susana-Martin-scaled.jpg\" rel='prettyPhoto'><img fetchpriority=\"high\" decoding=\"async\" class=\"aligncenter size-full wp-image-20696\" src=\"https:\/\/www.caudete.org\/ayuntamiento\/wp-content\/uploads\/2022\/11\/20221128-Susana-Martin-scaled.jpg\" alt=\"\" width=\"2560\" height=\"1501\" srcset=\"https:\/\/www.caudete.org\/ayuntamiento\/wp-content\/uploads\/2022\/11\/20221128-Susana-Martin-scaled.jpg 2560w, https:\/\/www.caudete.org\/ayuntamiento\/wp-content\/uploads\/2022\/11\/20221128-Susana-Martin-300x176.jpg 300w, https:\/\/www.caudete.org\/ayuntamiento\/wp-content\/uploads\/2022\/11\/20221128-Susana-Martin-1024x600.jpg 1024w, https:\/\/www.caudete.org\/ayuntamiento\/wp-content\/uploads\/2022\/11\/20221128-Susana-Martin-768x450.jpg 768w, https:\/\/www.caudete.org\/ayuntamiento\/wp-content\/uploads\/2022\/11\/20221128-Susana-Martin-1536x900.jpg 1536w, https:\/\/www.caudete.org\/ayuntamiento\/wp-content\/uploads\/2022\/11\/20221128-Susana-Martin-2048x1201.jpg 2048w\" sizes=\"(max-width: 2560px) 100vw, 2560px\" \/><\/a><\/span><\/p>\n","protected":false},"excerpt":{"rendered":"<p>JUEVES 1 DE DICIEMBRE 16:30:00 HORAS LUGAR: Museo de la Acuarela Rafael Requena. En abierto Dentro del programa Encuentros con&#8230; de la Diputaci\u00f3n de Albacete, desde la Biblioteca P\u00fablica Municipal \u201cAna Mar\u00eda Matute\u201d, se organizar\u00e1 un encuentro literario con la escritora Susana Mart\u00edn Gij\u00f3n y los clubes de lectura de la Biblioteca. Susana Mart\u00edn Gij\u00f3n\u00a0(Sevilla,\u00a01981) &hellip;<\/p>\n","protected":false},"author":1,"featured_media":20696,"comment_status":"closed","ping_status":"open","sticky":false,"template":"","format":"standard","meta":{"ngg_post_thumbnail":0,"footnotes":""},"categories":[14],"tags":[],"class_list":["post-20695","post","type-post","status-publish","format-standard","has-post-thumbnail","hentry","category-cultura"],"yoast_head":"<!-- This site is optimized with the Yoast SEO plugin v27.4 - https:\/\/yoast.com\/product\/yoast-seo-wordpress\/ -->\n<title>Encuentros con .. Susana Mart\u00edn Gij\u00f3n - MI Ayuntamiento de Caudete<\/title>\n<meta name=\"description\" content=\"P\u00e1gina Oficial del Ayuntamiento de Caudete (Albacete)\" \/>\n<meta name=\"robots\" content=\"index, follow, max-snippet:-1, max-image-preview:large, max-video-preview:-1\" \/>\n<link rel=\"canonical\" href=\"https:\/\/www.caudete.org\/ayuntamiento\/encuentros-con-susana-martin-gijon-encuentros-con-susana-martin-gijon\/\" \/>\n<meta property=\"og:locale\" content=\"es_ES\" \/>\n<meta property=\"og:type\" content=\"article\" \/>\n<meta property=\"og:title\" content=\"Encuentros con .. Susana Mart\u00edn Gij\u00f3n - MI Ayuntamiento de Caudete\" \/>\n<meta property=\"og:description\" content=\"P\u00e1gina Oficial del Ayuntamiento de Caudete (Albacete)\" \/>\n<meta property=\"og:url\" content=\"https:\/\/www.caudete.org\/ayuntamiento\/encuentros-con-susana-martin-gijon-encuentros-con-susana-martin-gijon\/\" \/>\n<meta property=\"og:site_name\" content=\"MI Ayuntamiento de Caudete\" \/>\n<meta property=\"article:publisher\" content=\"https:\/\/www.facebook.com\/ayuntamientocaudete\/\" \/>\n<meta property=\"article:published_time\" content=\"2022-11-29T12:30:47+00:00\" \/>\n<meta property=\"og:image\" content=\"https:\/\/www.caudete.org\/ayuntamiento\/wp-content\/uploads\/2022\/11\/20221128-Susana-Martin-scaled.jpg\" \/>\n\t<meta property=\"og:image:width\" content=\"2560\" \/>\n\t<meta property=\"og:image:height\" content=\"1501\" \/>\n\t<meta property=\"og:image:type\" content=\"image\/jpeg\" \/>\n<meta name=\"author\" content=\"ayun\" \/>\n<meta name=\"twitter:card\" content=\"summary_large_image\" \/>\n<meta name=\"twitter:label1\" content=\"Escrito por\" \/>\n\t<meta name=\"twitter:data1\" content=\"ayun\" \/>\n\t<meta name=\"twitter:label2\" content=\"Tiempo de lectura\" \/>\n\t<meta name=\"twitter:data2\" content=\"2 minutos\" \/>\n<script type=\"application\/ld+json\" class=\"yoast-schema-graph\">{\"@context\":\"https:\\\/\\\/schema.org\",\"@graph\":[{\"@type\":\"Article\",\"@id\":\"https:\\\/\\\/www.caudete.org\\\/ayuntamiento\\\/encuentros-con-susana-martin-gijon-encuentros-con-susana-martin-gijon\\\/#article\",\"isPartOf\":{\"@id\":\"https:\\\/\\\/www.caudete.org\\\/ayuntamiento\\\/encuentros-con-susana-martin-gijon-encuentros-con-susana-martin-gijon\\\/\"},\"author\":{\"name\":\"ayun\",\"@id\":\"https:\\\/\\\/www.caudete.org\\\/ayuntamiento\\\/#\\\/schema\\\/person\\\/79f7e19fdd176fc2bc7a289013dc2056\"},\"headline\":\"Encuentros con .. Susana Mart\u00edn Gij\u00f3n\",\"datePublished\":\"2022-11-29T12:30:47+00:00\",\"mainEntityOfPage\":{\"@id\":\"https:\\\/\\\/www.caudete.org\\\/ayuntamiento\\\/encuentros-con-susana-martin-gijon-encuentros-con-susana-martin-gijon\\\/\"},\"wordCount\":296,\"publisher\":{\"@id\":\"https:\\\/\\\/www.caudete.org\\\/ayuntamiento\\\/#organization\"},\"image\":{\"@id\":\"https:\\\/\\\/www.caudete.org\\\/ayuntamiento\\\/encuentros-con-susana-martin-gijon-encuentros-con-susana-martin-gijon\\\/#primaryimage\"},\"thumbnailUrl\":\"https:\\\/\\\/www.caudete.org\\\/ayuntamiento\\\/wp-content\\\/uploads\\\/2022\\\/11\\\/20221128-Susana-Martin-scaled.jpg\",\"articleSection\":[\"Cultura\"],\"inLanguage\":\"es\"},{\"@type\":\"WebPage\",\"@id\":\"https:\\\/\\\/www.caudete.org\\\/ayuntamiento\\\/encuentros-con-susana-martin-gijon-encuentros-con-susana-martin-gijon\\\/\",\"url\":\"https:\\\/\\\/www.caudete.org\\\/ayuntamiento\\\/encuentros-con-susana-martin-gijon-encuentros-con-susana-martin-gijon\\\/\",\"name\":\"Encuentros con .. Susana Mart\u00edn Gij\u00f3n - MI Ayuntamiento de Caudete\",\"isPartOf\":{\"@id\":\"https:\\\/\\\/www.caudete.org\\\/ayuntamiento\\\/#website\"},\"primaryImageOfPage\":{\"@id\":\"https:\\\/\\\/www.caudete.org\\\/ayuntamiento\\\/encuentros-con-susana-martin-gijon-encuentros-con-susana-martin-gijon\\\/#primaryimage\"},\"image\":{\"@id\":\"https:\\\/\\\/www.caudete.org\\\/ayuntamiento\\\/encuentros-con-susana-martin-gijon-encuentros-con-susana-martin-gijon\\\/#primaryimage\"},\"thumbnailUrl\":\"https:\\\/\\\/www.caudete.org\\\/ayuntamiento\\\/wp-content\\\/uploads\\\/2022\\\/11\\\/20221128-Susana-Martin-scaled.jpg\",\"datePublished\":\"2022-11-29T12:30:47+00:00\",\"description\":\"P\u00e1gina Oficial del Ayuntamiento de Caudete (Albacete)\",\"breadcrumb\":{\"@id\":\"https:\\\/\\\/www.caudete.org\\\/ayuntamiento\\\/encuentros-con-susana-martin-gijon-encuentros-con-susana-martin-gijon\\\/#breadcrumb\"},\"inLanguage\":\"es\",\"potentialAction\":[{\"@type\":\"ReadAction\",\"target\":[\"https:\\\/\\\/www.caudete.org\\\/ayuntamiento\\\/encuentros-con-susana-martin-gijon-encuentros-con-susana-martin-gijon\\\/\"]}]},{\"@type\":\"ImageObject\",\"inLanguage\":\"es\",\"@id\":\"https:\\\/\\\/www.caudete.org\\\/ayuntamiento\\\/encuentros-con-susana-martin-gijon-encuentros-con-susana-martin-gijon\\\/#primaryimage\",\"url\":\"https:\\\/\\\/www.caudete.org\\\/ayuntamiento\\\/wp-content\\\/uploads\\\/2022\\\/11\\\/20221128-Susana-Martin-scaled.jpg\",\"contentUrl\":\"https:\\\/\\\/www.caudete.org\\\/ayuntamiento\\\/wp-content\\\/uploads\\\/2022\\\/11\\\/20221128-Susana-Martin-scaled.jpg\",\"width\":2560,\"height\":1501},{\"@type\":\"BreadcrumbList\",\"@id\":\"https:\\\/\\\/www.caudete.org\\\/ayuntamiento\\\/encuentros-con-susana-martin-gijon-encuentros-con-susana-martin-gijon\\\/#breadcrumb\",\"itemListElement\":[{\"@type\":\"ListItem\",\"position\":1,\"name\":\"Inicio\",\"item\":\"https:\\\/\\\/www.caudete.org\\\/ayuntamiento\\\/\"},{\"@type\":\"ListItem\",\"position\":2,\"name\":\"Encuentros con .. Susana Mart\u00edn Gij\u00f3n\"}]},{\"@type\":\"WebSite\",\"@id\":\"https:\\\/\\\/www.caudete.org\\\/ayuntamiento\\\/#website\",\"url\":\"https:\\\/\\\/www.caudete.org\\\/ayuntamiento\\\/\",\"name\":\"MI Ayuntamiento de Caudete\",\"description\":\"P\u00e1gina Oficial del MI Ayuntamiento de Caudete\",\"publisher\":{\"@id\":\"https:\\\/\\\/www.caudete.org\\\/ayuntamiento\\\/#organization\"},\"potentialAction\":[{\"@type\":\"SearchAction\",\"target\":{\"@type\":\"EntryPoint\",\"urlTemplate\":\"https:\\\/\\\/www.caudete.org\\\/ayuntamiento\\\/?s={search_term_string}\"},\"query-input\":{\"@type\":\"PropertyValueSpecification\",\"valueRequired\":true,\"valueName\":\"search_term_string\"}}],\"inLanguage\":\"es\"},{\"@type\":\"Organization\",\"@id\":\"https:\\\/\\\/www.caudete.org\\\/ayuntamiento\\\/#organization\",\"name\":\"Ayuntamiento de Caudete\",\"url\":\"https:\\\/\\\/www.caudete.org\\\/ayuntamiento\\\/\",\"logo\":{\"@type\":\"ImageObject\",\"inLanguage\":\"es\",\"@id\":\"https:\\\/\\\/www.caudete.org\\\/ayuntamiento\\\/#\\\/schema\\\/logo\\\/image\\\/\",\"url\":\"https:\\\/\\\/www.caudete.org\\\/ayuntamiento\\\/wp-content\\\/uploads\\\/2020\\\/11\\\/logo_ayuntamiento_caudete.jpg\",\"contentUrl\":\"https:\\\/\\\/www.caudete.org\\\/ayuntamiento\\\/wp-content\\\/uploads\\\/2020\\\/11\\\/logo_ayuntamiento_caudete.jpg\",\"width\":600,\"height\":150,\"caption\":\"Ayuntamiento de Caudete\"},\"image\":{\"@id\":\"https:\\\/\\\/www.caudete.org\\\/ayuntamiento\\\/#\\\/schema\\\/logo\\\/image\\\/\"},\"sameAs\":[\"https:\\\/\\\/www.facebook.com\\\/ayuntamientocaudete\\\/\",\"https:\\\/\\\/www.youtube.com\\\/channel\\\/UC6VztHaooNsGpw-tNoBEFnQ\"]},{\"@type\":\"Person\",\"@id\":\"https:\\\/\\\/www.caudete.org\\\/ayuntamiento\\\/#\\\/schema\\\/person\\\/79f7e19fdd176fc2bc7a289013dc2056\",\"name\":\"ayun\",\"image\":{\"@type\":\"ImageObject\",\"inLanguage\":\"es\",\"@id\":\"https:\\\/\\\/secure.gravatar.com\\\/avatar\\\/4ce797ee07c943e7e592f8cd648e503e6cd571387558ed07135799c2bd2847df?s=96&d=mm&r=g\",\"url\":\"https:\\\/\\\/secure.gravatar.com\\\/avatar\\\/4ce797ee07c943e7e592f8cd648e503e6cd571387558ed07135799c2bd2847df?s=96&d=mm&r=g\",\"contentUrl\":\"https:\\\/\\\/secure.gravatar.com\\\/avatar\\\/4ce797ee07c943e7e592f8cd648e503e6cd571387558ed07135799c2bd2847df?s=96&d=mm&r=g\",\"caption\":\"ayun\"},\"sameAs\":[\"http:\\\/\\\/www.caudete.org\\\/ayuntamiento\"],\"url\":\"https:\\\/\\\/www.caudete.org\\\/ayuntamiento\\\/author\\\/ayun\\\/\"}]}<\/script>\n<!-- \/ Yoast SEO plugin. -->","yoast_head_json":{"title":"Encuentros con .. Susana Mart\u00edn Gij\u00f3n - MI Ayuntamiento de Caudete","description":"P\u00e1gina Oficial del Ayuntamiento de Caudete (Albacete)","robots":{"index":"index","follow":"follow","max-snippet":"max-snippet:-1","max-image-preview":"max-image-preview:large","max-video-preview":"max-video-preview:-1"},"canonical":"https:\/\/www.caudete.org\/ayuntamiento\/encuentros-con-susana-martin-gijon-encuentros-con-susana-martin-gijon\/","og_locale":"es_ES","og_type":"article","og_title":"Encuentros con .. Susana Mart\u00edn Gij\u00f3n - MI Ayuntamiento de Caudete","og_description":"P\u00e1gina Oficial del Ayuntamiento de Caudete (Albacete)","og_url":"https:\/\/www.caudete.org\/ayuntamiento\/encuentros-con-susana-martin-gijon-encuentros-con-susana-martin-gijon\/","og_site_name":"MI Ayuntamiento de Caudete","article_publisher":"https:\/\/www.facebook.com\/ayuntamientocaudete\/","article_published_time":"2022-11-29T12:30:47+00:00","og_image":[{"width":2560,"height":1501,"url":"https:\/\/www.caudete.org\/ayuntamiento\/wp-content\/uploads\/2022\/11\/20221128-Susana-Martin-scaled.jpg","type":"image\/jpeg"}],"author":"ayun","twitter_card":"summary_large_image","twitter_misc":{"Escrito por":"ayun","Tiempo de lectura":"2 minutos"},"schema":{"@context":"https:\/\/schema.org","@graph":[{"@type":"Article","@id":"https:\/\/www.caudete.org\/ayuntamiento\/encuentros-con-susana-martin-gijon-encuentros-con-susana-martin-gijon\/#article","isPartOf":{"@id":"https:\/\/www.caudete.org\/ayuntamiento\/encuentros-con-susana-martin-gijon-encuentros-con-susana-martin-gijon\/"},"author":{"name":"ayun","@id":"https:\/\/www.caudete.org\/ayuntamiento\/#\/schema\/person\/79f7e19fdd176fc2bc7a289013dc2056"},"headline":"Encuentros con .. Susana Mart\u00edn Gij\u00f3n","datePublished":"2022-11-29T12:30:47+00:00","mainEntityOfPage":{"@id":"https:\/\/www.caudete.org\/ayuntamiento\/encuentros-con-susana-martin-gijon-encuentros-con-susana-martin-gijon\/"},"wordCount":296,"publisher":{"@id":"https:\/\/www.caudete.org\/ayuntamiento\/#organization"},"image":{"@id":"https:\/\/www.caudete.org\/ayuntamiento\/encuentros-con-susana-martin-gijon-encuentros-con-susana-martin-gijon\/#primaryimage"},"thumbnailUrl":"https:\/\/www.caudete.org\/ayuntamiento\/wp-content\/uploads\/2022\/11\/20221128-Susana-Martin-scaled.jpg","articleSection":["Cultura"],"inLanguage":"es"},{"@type":"WebPage","@id":"https:\/\/www.caudete.org\/ayuntamiento\/encuentros-con-susana-martin-gijon-encuentros-con-susana-martin-gijon\/","url":"https:\/\/www.caudete.org\/ayuntamiento\/encuentros-con-susana-martin-gijon-encuentros-con-susana-martin-gijon\/","name":"Encuentros con .. Susana Mart\u00edn Gij\u00f3n - MI Ayuntamiento de Caudete","isPartOf":{"@id":"https:\/\/www.caudete.org\/ayuntamiento\/#website"},"primaryImageOfPage":{"@id":"https:\/\/www.caudete.org\/ayuntamiento\/encuentros-con-susana-martin-gijon-encuentros-con-susana-martin-gijon\/#primaryimage"},"image":{"@id":"https:\/\/www.caudete.org\/ayuntamiento\/encuentros-con-susana-martin-gijon-encuentros-con-susana-martin-gijon\/#primaryimage"},"thumbnailUrl":"https:\/\/www.caudete.org\/ayuntamiento\/wp-content\/uploads\/2022\/11\/20221128-Susana-Martin-scaled.jpg","datePublished":"2022-11-29T12:30:47+00:00","description":"P\u00e1gina Oficial del Ayuntamiento de Caudete (Albacete)","breadcrumb":{"@id":"https:\/\/www.caudete.org\/ayuntamiento\/encuentros-con-susana-martin-gijon-encuentros-con-susana-martin-gijon\/#breadcrumb"},"inLanguage":"es","potentialAction":[{"@type":"ReadAction","target":["https:\/\/www.caudete.org\/ayuntamiento\/encuentros-con-susana-martin-gijon-encuentros-con-susana-martin-gijon\/"]}]},{"@type":"ImageObject","inLanguage":"es","@id":"https:\/\/www.caudete.org\/ayuntamiento\/encuentros-con-susana-martin-gijon-encuentros-con-susana-martin-gijon\/#primaryimage","url":"https:\/\/www.caudete.org\/ayuntamiento\/wp-content\/uploads\/2022\/11\/20221128-Susana-Martin-scaled.jpg","contentUrl":"https:\/\/www.caudete.org\/ayuntamiento\/wp-content\/uploads\/2022\/11\/20221128-Susana-Martin-scaled.jpg","width":2560,"height":1501},{"@type":"BreadcrumbList","@id":"https:\/\/www.caudete.org\/ayuntamiento\/encuentros-con-susana-martin-gijon-encuentros-con-susana-martin-gijon\/#breadcrumb","itemListElement":[{"@type":"ListItem","position":1,"name":"Inicio","item":"https:\/\/www.caudete.org\/ayuntamiento\/"},{"@type":"ListItem","position":2,"name":"Encuentros con .. Susana Mart\u00edn Gij\u00f3n"}]},{"@type":"WebSite","@id":"https:\/\/www.caudete.org\/ayuntamiento\/#website","url":"https:\/\/www.caudete.org\/ayuntamiento\/","name":"MI Ayuntamiento de Caudete","description":"P\u00e1gina Oficial del MI Ayuntamiento de Caudete","publisher":{"@id":"https:\/\/www.caudete.org\/ayuntamiento\/#organization"},"potentialAction":[{"@type":"SearchAction","target":{"@type":"EntryPoint","urlTemplate":"https:\/\/www.caudete.org\/ayuntamiento\/?s={search_term_string}"},"query-input":{"@type":"PropertyValueSpecification","valueRequired":true,"valueName":"search_term_string"}}],"inLanguage":"es"},{"@type":"Organization","@id":"https:\/\/www.caudete.org\/ayuntamiento\/#organization","name":"Ayuntamiento de Caudete","url":"https:\/\/www.caudete.org\/ayuntamiento\/","logo":{"@type":"ImageObject","inLanguage":"es","@id":"https:\/\/www.caudete.org\/ayuntamiento\/#\/schema\/logo\/image\/","url":"https:\/\/www.caudete.org\/ayuntamiento\/wp-content\/uploads\/2020\/11\/logo_ayuntamiento_caudete.jpg","contentUrl":"https:\/\/www.caudete.org\/ayuntamiento\/wp-content\/uploads\/2020\/11\/logo_ayuntamiento_caudete.jpg","width":600,"height":150,"caption":"Ayuntamiento de Caudete"},"image":{"@id":"https:\/\/www.caudete.org\/ayuntamiento\/#\/schema\/logo\/image\/"},"sameAs":["https:\/\/www.facebook.com\/ayuntamientocaudete\/","https:\/\/www.youtube.com\/channel\/UC6VztHaooNsGpw-tNoBEFnQ"]},{"@type":"Person","@id":"https:\/\/www.caudete.org\/ayuntamiento\/#\/schema\/person\/79f7e19fdd176fc2bc7a289013dc2056","name":"ayun","image":{"@type":"ImageObject","inLanguage":"es","@id":"https:\/\/secure.gravatar.com\/avatar\/4ce797ee07c943e7e592f8cd648e503e6cd571387558ed07135799c2bd2847df?s=96&d=mm&r=g","url":"https:\/\/secure.gravatar.com\/avatar\/4ce797ee07c943e7e592f8cd648e503e6cd571387558ed07135799c2bd2847df?s=96&d=mm&r=g","contentUrl":"https:\/\/secure.gravatar.com\/avatar\/4ce797ee07c943e7e592f8cd648e503e6cd571387558ed07135799c2bd2847df?s=96&d=mm&r=g","caption":"ayun"},"sameAs":["http:\/\/www.caudete.org\/ayuntamiento"],"url":"https:\/\/www.caudete.org\/ayuntamiento\/author\/ayun\/"}]}},"_links":{"self":[{"href":"https:\/\/www.caudete.org\/ayuntamiento\/wp-json\/wp\/v2\/posts\/20695","targetHints":{"allow":["GET"]}}],"collection":[{"href":"https:\/\/www.caudete.org\/ayuntamiento\/wp-json\/wp\/v2\/posts"}],"about":[{"href":"https:\/\/www.caudete.org\/ayuntamiento\/wp-json\/wp\/v2\/types\/post"}],"author":[{"embeddable":true,"href":"https:\/\/www.caudete.org\/ayuntamiento\/wp-json\/wp\/v2\/users\/1"}],"replies":[{"embeddable":true,"href":"https:\/\/www.caudete.org\/ayuntamiento\/wp-json\/wp\/v2\/comments?post=20695"}],"version-history":[{"count":2,"href":"https:\/\/www.caudete.org\/ayuntamiento\/wp-json\/wp\/v2\/posts\/20695\/revisions"}],"predecessor-version":[{"id":20703,"href":"https:\/\/www.caudete.org\/ayuntamiento\/wp-json\/wp\/v2\/posts\/20695\/revisions\/20703"}],"wp:featuredmedia":[{"embeddable":true,"href":"https:\/\/www.caudete.org\/ayuntamiento\/wp-json\/wp\/v2\/media\/20696"}],"wp:attachment":[{"href":"https:\/\/www.caudete.org\/ayuntamiento\/wp-json\/wp\/v2\/media?parent=20695"}],"wp:term":[{"taxonomy":"category","embeddable":true,"href":"https:\/\/www.caudete.org\/ayuntamiento\/wp-json\/wp\/v2\/categories?post=20695"},{"taxonomy":"post_tag","embeddable":true,"href":"https:\/\/www.caudete.org\/ayuntamiento\/wp-json\/wp\/v2\/tags?post=20695"}],"curies":[{"name":"wp","href":"https:\/\/api.w.org\/{rel}","templated":true}]}}