{"id":20698,"date":"2022-11-28T15:08:36","date_gmt":"2022-11-28T14:08:36","guid":{"rendered":"https:\/\/www.caudete.org\/ayuntamiento\/?p=20698"},"modified":"2022-11-28T17:00:37","modified_gmt":"2022-11-28T16:00:37","slug":"clausura-de-la-vi-bienal-internacional-de-nuevas-tecnicas-y-conceptos-en-acuarela-caudete-2022","status":"publish","type":"post","link":"https:\/\/www.caudete.org\/ayuntamiento\/clausura-de-la-vi-bienal-internacional-de-nuevas-tecnicas-y-conceptos-en-acuarela-caudete-2022\/","title":{"rendered":"Clausura de la VI bienal internacional de nuevas t\u00e9cnicas y conceptos en acuarela Caudete 2022"},"content":{"rendered":"<p>En la ma\u00f1ana de este domingo, 27 de noviembre, se celebr\u00f3 el acto de entrega de la Medalla Honor\u00edfica del III Certamen de acuarelibros, al artista valenciano Jos\u00e9 Galarzo Sebasti\u00e1n. \u00c9ste era uno de los actos de clausura de la VI Bienal Internacional, que comenz\u00f3 el pasado d\u00eda 28 de octubre .<\/p>\n<p>Esta VI Bienal Internacional ha sido&nbsp; la de mayor repercusi\u00f3n&nbsp; de cuantas se han realizado y en la que se destaca la participaci\u00f3n de artistas de los cinco continentes, con&nbsp; m\u00e1s de 4.500&nbsp; visitas a las 5 exposiciones que conforman esta edici\u00f3n.<\/p>\n<p>Es necesario agradecer la colaboraci\u00f3n de los Padres Carmelitas por compartir su&nbsp; Claustro del convento de San Jos\u00e9 con todos nosotros ,&nbsp; para colgar la espl\u00e9ndida exposici\u00f3n del Pa\u00eds invitado INDIA, que se inaugur\u00f3 con&nbsp; la asistencia&nbsp; de&nbsp; numerosas personalidades, locales, provinciales, regionales y del secretario de la Embajada de la India.&nbsp;<\/p>\n<p>Se agradece la predisposici\u00f3n de la Asociaci\u00f3n de Vecinos de Santa por cedernos la Ermita para la I Bienal Infantil, a la Banda Uni\u00f3n Musical Santa Cecilia y a la Escuela Municipal de M\u00fasica y Danza.<\/p>\n<p>Agradecer tambi\u00e9n el trabajo de todos los que han colaborado en el desarrollo de esta VI Bienal: personal de la Casa de Cultura, Taller de Arte Villa de Caudete y voluntarios que desinteresadamente han estado al pie del ca\u00f1\u00f3n.<\/p>\n<p>Destacar la importancia del hermanamiento con la Bienal Internacional de Fabriano, (Italia), muestra inequ\u00edvoca de la repercusi\u00f3n internacional de esta Bienal, de la que todos los caudetanos deben de sentirse muy orgullosos.<\/p>\n<p>En la tarde del domingo 27 de noviembre,&nbsp; a las 17 horas, se realiz\u00f3 el \u00faltimo acto de&nbsp; clausura con una visita y Caf\u00e9-tertulia en la Casa-Estudio del&nbsp; acuarelista caudetano&nbsp; m\u00e1s ilustre,&nbsp; Rafael Requena, que gracias a la colaboraci\u00f3n de la Familia Requena-Burgos pudimos visitar su estudio y obras que no han visto la luz publica y son patrimonio familiar. Al pie de su taller de trabajo quedaron obras inacabadas, como testimonio de una vida que quiz\u00e1s se cort\u00f3 demasiado pronto. Desde estas l\u00edneas reiteramos nuestro agradecimientos a la familia por permitirnos realizar la Clausura de la VI Bienal en su casa que es sin lugar a dudas un lujo para todos los que pudieron asistir. As\u00ed mismo y como recuerdo del acto se repartieron unas laminas y cat\u00e1logos&nbsp; de su obra, que todos los asistentes recibieron con mucho cari\u00f1o. .<\/p>\n<p>Por parte del Concejal de Cultura, Luis Felipe Ba\u00f1on, se record\u00f3 la trayectoria art\u00edstica y lo que represento la figura&nbsp; de Rafael Requena&nbsp; para Caudete.<\/p>\n<p>&nbsp;Antonio Requena Presidente del taller de Arte Villa de Caudete, tambi\u00e9n tuvo unas emotivas palabras para Rafael, pero el momento de mayor sentimiento, l\u00f3gicamente, lleg\u00f3 con&nbsp; las palabras de su esposa y de su hijo en la que nos recordaron la parte humana como esposo y tambi\u00e9n la figura humana de padre.<\/p>\n<p>Solo nos resta emplazarles a todos ustedes para que nos acompa\u00f1en en la VII Bienal Internacional de Acuarela.<\/p>\n<p><a href=\"https:\/\/www.caudete.org\/ayuntamiento\/wp-content\/uploads\/2022\/11\/317355550_8478291238908891_8720542875476276324_n.jpg\" rel='prettyPhoto'><img fetchpriority=\"high\" decoding=\"async\" class=\"aligncenter size-full wp-image-20699\" src=\"https:\/\/www.caudete.org\/ayuntamiento\/wp-content\/uploads\/2022\/11\/317355550_8478291238908891_8720542875476276324_n.jpg\" alt=\"\" width=\"1440\" height=\"1440\" srcset=\"https:\/\/www.caudete.org\/ayuntamiento\/wp-content\/uploads\/2022\/11\/317355550_8478291238908891_8720542875476276324_n.jpg 1440w, https:\/\/www.caudete.org\/ayuntamiento\/wp-content\/uploads\/2022\/11\/317355550_8478291238908891_8720542875476276324_n-300x300.jpg 300w, https:\/\/www.caudete.org\/ayuntamiento\/wp-content\/uploads\/2022\/11\/317355550_8478291238908891_8720542875476276324_n-1024x1024.jpg 1024w, https:\/\/www.caudete.org\/ayuntamiento\/wp-content\/uploads\/2022\/11\/317355550_8478291238908891_8720542875476276324_n-150x150.jpg 150w, https:\/\/www.caudete.org\/ayuntamiento\/wp-content\/uploads\/2022\/11\/317355550_8478291238908891_8720542875476276324_n-768x768.jpg 768w, https:\/\/www.caudete.org\/ayuntamiento\/wp-content\/uploads\/2022\/11\/317355550_8478291238908891_8720542875476276324_n-60x60.jpg 60w\" sizes=\"(max-width: 1440px) 100vw, 1440px\" \/><\/a> <a href=\"https:\/\/www.caudete.org\/ayuntamiento\/wp-content\/uploads\/2022\/11\/IMG_20221127_131450.jpg\" rel='prettyPhoto'><img decoding=\"async\" class=\"aligncenter size-full wp-image-20700\" src=\"https:\/\/www.caudete.org\/ayuntamiento\/wp-content\/uploads\/2022\/11\/IMG_20221127_131450.jpg\" alt=\"\" width=\"800\" height=\"450\" srcset=\"https:\/\/www.caudete.org\/ayuntamiento\/wp-content\/uploads\/2022\/11\/IMG_20221127_131450.jpg 800w, https:\/\/www.caudete.org\/ayuntamiento\/wp-content\/uploads\/2022\/11\/IMG_20221127_131450-300x169.jpg 300w, https:\/\/www.caudete.org\/ayuntamiento\/wp-content\/uploads\/2022\/11\/IMG_20221127_131450-768x432.jpg 768w\" sizes=\"(max-width: 800px) 100vw, 800px\" \/><\/a> <a href=\"https:\/\/www.caudete.org\/ayuntamiento\/wp-content\/uploads\/2022\/11\/IMG_20221127_165132.jpg\" rel='prettyPhoto'><img decoding=\"async\" class=\"aligncenter size-full wp-image-20701\" src=\"https:\/\/www.caudete.org\/ayuntamiento\/wp-content\/uploads\/2022\/11\/IMG_20221127_165132.jpg\" alt=\"\" width=\"800\" height=\"450\" srcset=\"https:\/\/www.caudete.org\/ayuntamiento\/wp-content\/uploads\/2022\/11\/IMG_20221127_165132.jpg 800w, https:\/\/www.caudete.org\/ayuntamiento\/wp-content\/uploads\/2022\/11\/IMG_20221127_165132-300x169.jpg 300w, https:\/\/www.caudete.org\/ayuntamiento\/wp-content\/uploads\/2022\/11\/IMG_20221127_165132-768x432.jpg 768w\" sizes=\"(max-width: 800px) 100vw, 800px\" \/><\/a><\/p>\n","protected":false},"excerpt":{"rendered":"<p>En la ma\u00f1ana de este domingo, 27 de noviembre, se celebr\u00f3 el acto de entrega de la Medalla Honor\u00edfica del III Certamen de acuarelibros, al artista valenciano Jos\u00e9 Galarzo Sebasti\u00e1n. \u00c9ste era uno de los actos de clausura de la VI Bienal Internacional, que comenz\u00f3 el pasado d\u00eda 28 de octubre . Esta VI Bienal &hellip;<\/p>\n","protected":false},"author":1,"featured_media":20699,"comment_status":"closed","ping_status":"open","sticky":false,"template":"","format":"standard","meta":{"ngg_post_thumbnail":0,"footnotes":""},"categories":[14],"tags":[],"class_list":["post-20698","post","type-post","status-publish","format-standard","has-post-thumbnail","hentry","category-cultura"],"yoast_head":"<!-- This site is optimized with the Yoast SEO plugin v27.4 - https:\/\/yoast.com\/product\/yoast-seo-wordpress\/ -->\n<title>Clausura de la VI bienal internacional de nuevas t\u00e9cnicas y conceptos en acuarela Caudete 2022 - MI Ayuntamiento de Caudete<\/title>\n<meta name=\"description\" content=\"P\u00e1gina Oficial del Ayuntamiento de Caudete (Albacete)\" \/>\n<meta name=\"robots\" content=\"index, follow, max-snippet:-1, max-image-preview:large, max-video-preview:-1\" \/>\n<link rel=\"canonical\" href=\"https:\/\/www.caudete.org\/ayuntamiento\/clausura-de-la-vi-bienal-internacional-de-nuevas-tecnicas-y-conceptos-en-acuarela-caudete-2022\/\" \/>\n<meta property=\"og:locale\" content=\"es_ES\" \/>\n<meta property=\"og:type\" content=\"article\" \/>\n<meta property=\"og:title\" content=\"Clausura de la VI bienal internacional de nuevas t\u00e9cnicas y conceptos en acuarela Caudete 2022 - MI Ayuntamiento de Caudete\" \/>\n<meta property=\"og:description\" content=\"P\u00e1gina Oficial del Ayuntamiento de Caudete (Albacete)\" \/>\n<meta property=\"og:url\" content=\"https:\/\/www.caudete.org\/ayuntamiento\/clausura-de-la-vi-bienal-internacional-de-nuevas-tecnicas-y-conceptos-en-acuarela-caudete-2022\/\" \/>\n<meta property=\"og:site_name\" content=\"MI Ayuntamiento de Caudete\" \/>\n<meta property=\"article:publisher\" content=\"https:\/\/www.facebook.com\/ayuntamientocaudete\/\" \/>\n<meta property=\"article:published_time\" content=\"2022-11-28T14:08:36+00:00\" \/>\n<meta property=\"article:modified_time\" content=\"2022-11-28T16:00:37+00:00\" \/>\n<meta property=\"og:image\" content=\"https:\/\/www.caudete.org\/ayuntamiento\/wp-content\/uploads\/2022\/11\/317355550_8478291238908891_8720542875476276324_n.jpg\" \/>\n\t<meta property=\"og:image:width\" content=\"1440\" \/>\n\t<meta property=\"og:image:height\" content=\"1440\" \/>\n\t<meta property=\"og:image:type\" content=\"image\/jpeg\" \/>\n<meta name=\"author\" content=\"ayun\" \/>\n<meta name=\"twitter:card\" content=\"summary_large_image\" \/>\n<meta name=\"twitter:label1\" content=\"Escrito por\" \/>\n\t<meta name=\"twitter:data1\" content=\"ayun\" \/>\n\t<meta name=\"twitter:label2\" content=\"Tiempo de lectura\" \/>\n\t<meta name=\"twitter:data2\" content=\"3 minutos\" \/>\n<script type=\"application\/ld+json\" class=\"yoast-schema-graph\">{\"@context\":\"https:\\\/\\\/schema.org\",\"@graph\":[{\"@type\":\"Article\",\"@id\":\"https:\\\/\\\/www.caudete.org\\\/ayuntamiento\\\/clausura-de-la-vi-bienal-internacional-de-nuevas-tecnicas-y-conceptos-en-acuarela-caudete-2022\\\/#article\",\"isPartOf\":{\"@id\":\"https:\\\/\\\/www.caudete.org\\\/ayuntamiento\\\/clausura-de-la-vi-bienal-internacional-de-nuevas-tecnicas-y-conceptos-en-acuarela-caudete-2022\\\/\"},\"author\":{\"name\":\"ayun\",\"@id\":\"https:\\\/\\\/www.caudete.org\\\/ayuntamiento\\\/#\\\/schema\\\/person\\\/79f7e19fdd176fc2bc7a289013dc2056\"},\"headline\":\"Clausura de la VI bienal internacional de nuevas t\u00e9cnicas y conceptos en acuarela Caudete 2022\",\"datePublished\":\"2022-11-28T14:08:36+00:00\",\"dateModified\":\"2022-11-28T16:00:37+00:00\",\"mainEntityOfPage\":{\"@id\":\"https:\\\/\\\/www.caudete.org\\\/ayuntamiento\\\/clausura-de-la-vi-bienal-internacional-de-nuevas-tecnicas-y-conceptos-en-acuarela-caudete-2022\\\/\"},\"wordCount\":548,\"publisher\":{\"@id\":\"https:\\\/\\\/www.caudete.org\\\/ayuntamiento\\\/#organization\"},\"image\":{\"@id\":\"https:\\\/\\\/www.caudete.org\\\/ayuntamiento\\\/clausura-de-la-vi-bienal-internacional-de-nuevas-tecnicas-y-conceptos-en-acuarela-caudete-2022\\\/#primaryimage\"},\"thumbnailUrl\":\"https:\\\/\\\/www.caudete.org\\\/ayuntamiento\\\/wp-content\\\/uploads\\\/2022\\\/11\\\/317355550_8478291238908891_8720542875476276324_n.jpg\",\"articleSection\":[\"Cultura\"],\"inLanguage\":\"es\"},{\"@type\":\"WebPage\",\"@id\":\"https:\\\/\\\/www.caudete.org\\\/ayuntamiento\\\/clausura-de-la-vi-bienal-internacional-de-nuevas-tecnicas-y-conceptos-en-acuarela-caudete-2022\\\/\",\"url\":\"https:\\\/\\\/www.caudete.org\\\/ayuntamiento\\\/clausura-de-la-vi-bienal-internacional-de-nuevas-tecnicas-y-conceptos-en-acuarela-caudete-2022\\\/\",\"name\":\"Clausura de la VI bienal internacional de nuevas t\u00e9cnicas y conceptos en acuarela Caudete 2022 - MI Ayuntamiento de Caudete\",\"isPartOf\":{\"@id\":\"https:\\\/\\\/www.caudete.org\\\/ayuntamiento\\\/#website\"},\"primaryImageOfPage\":{\"@id\":\"https:\\\/\\\/www.caudete.org\\\/ayuntamiento\\\/clausura-de-la-vi-bienal-internacional-de-nuevas-tecnicas-y-conceptos-en-acuarela-caudete-2022\\\/#primaryimage\"},\"image\":{\"@id\":\"https:\\\/\\\/www.caudete.org\\\/ayuntamiento\\\/clausura-de-la-vi-bienal-internacional-de-nuevas-tecnicas-y-conceptos-en-acuarela-caudete-2022\\\/#primaryimage\"},\"thumbnailUrl\":\"https:\\\/\\\/www.caudete.org\\\/ayuntamiento\\\/wp-content\\\/uploads\\\/2022\\\/11\\\/317355550_8478291238908891_8720542875476276324_n.jpg\",\"datePublished\":\"2022-11-28T14:08:36+00:00\",\"dateModified\":\"2022-11-28T16:00:37+00:00\",\"description\":\"P\u00e1gina Oficial del Ayuntamiento de Caudete (Albacete)\",\"breadcrumb\":{\"@id\":\"https:\\\/\\\/www.caudete.org\\\/ayuntamiento\\\/clausura-de-la-vi-bienal-internacional-de-nuevas-tecnicas-y-conceptos-en-acuarela-caudete-2022\\\/#breadcrumb\"},\"inLanguage\":\"es\",\"potentialAction\":[{\"@type\":\"ReadAction\",\"target\":[\"https:\\\/\\\/www.caudete.org\\\/ayuntamiento\\\/clausura-de-la-vi-bienal-internacional-de-nuevas-tecnicas-y-conceptos-en-acuarela-caudete-2022\\\/\"]}]},{\"@type\":\"ImageObject\",\"inLanguage\":\"es\",\"@id\":\"https:\\\/\\\/www.caudete.org\\\/ayuntamiento\\\/clausura-de-la-vi-bienal-internacional-de-nuevas-tecnicas-y-conceptos-en-acuarela-caudete-2022\\\/#primaryimage\",\"url\":\"https:\\\/\\\/www.caudete.org\\\/ayuntamiento\\\/wp-content\\\/uploads\\\/2022\\\/11\\\/317355550_8478291238908891_8720542875476276324_n.jpg\",\"contentUrl\":\"https:\\\/\\\/www.caudete.org\\\/ayuntamiento\\\/wp-content\\\/uploads\\\/2022\\\/11\\\/317355550_8478291238908891_8720542875476276324_n.jpg\",\"width\":1440,\"height\":1440},{\"@type\":\"BreadcrumbList\",\"@id\":\"https:\\\/\\\/www.caudete.org\\\/ayuntamiento\\\/clausura-de-la-vi-bienal-internacional-de-nuevas-tecnicas-y-conceptos-en-acuarela-caudete-2022\\\/#breadcrumb\",\"itemListElement\":[{\"@type\":\"ListItem\",\"position\":1,\"name\":\"Inicio\",\"item\":\"https:\\\/\\\/www.caudete.org\\\/ayuntamiento\\\/\"},{\"@type\":\"ListItem\",\"position\":2,\"name\":\"Clausura de la VI bienal internacional de nuevas t\u00e9cnicas y conceptos en acuarela Caudete 2022\"}]},{\"@type\":\"WebSite\",\"@id\":\"https:\\\/\\\/www.caudete.org\\\/ayuntamiento\\\/#website\",\"url\":\"https:\\\/\\\/www.caudete.org\\\/ayuntamiento\\\/\",\"name\":\"MI Ayuntamiento de Caudete\",\"description\":\"P\u00e1gina Oficial del MI Ayuntamiento de Caudete\",\"publisher\":{\"@id\":\"https:\\\/\\\/www.caudete.org\\\/ayuntamiento\\\/#organization\"},\"potentialAction\":[{\"@type\":\"SearchAction\",\"target\":{\"@type\":\"EntryPoint\",\"urlTemplate\":\"https:\\\/\\\/www.caudete.org\\\/ayuntamiento\\\/?s={search_term_string}\"},\"query-input\":{\"@type\":\"PropertyValueSpecification\",\"valueRequired\":true,\"valueName\":\"search_term_string\"}}],\"inLanguage\":\"es\"},{\"@type\":\"Organization\",\"@id\":\"https:\\\/\\\/www.caudete.org\\\/ayuntamiento\\\/#organization\",\"name\":\"Ayuntamiento de Caudete\",\"url\":\"https:\\\/\\\/www.caudete.org\\\/ayuntamiento\\\/\",\"logo\":{\"@type\":\"ImageObject\",\"inLanguage\":\"es\",\"@id\":\"https:\\\/\\\/www.caudete.org\\\/ayuntamiento\\\/#\\\/schema\\\/logo\\\/image\\\/\",\"url\":\"https:\\\/\\\/www.caudete.org\\\/ayuntamiento\\\/wp-content\\\/uploads\\\/2020\\\/11\\\/logo_ayuntamiento_caudete.jpg\",\"contentUrl\":\"https:\\\/\\\/www.caudete.org\\\/ayuntamiento\\\/wp-content\\\/uploads\\\/2020\\\/11\\\/logo_ayuntamiento_caudete.jpg\",\"width\":600,\"height\":150,\"caption\":\"Ayuntamiento de Caudete\"},\"image\":{\"@id\":\"https:\\\/\\\/www.caudete.org\\\/ayuntamiento\\\/#\\\/schema\\\/logo\\\/image\\\/\"},\"sameAs\":[\"https:\\\/\\\/www.facebook.com\\\/ayuntamientocaudete\\\/\",\"https:\\\/\\\/www.youtube.com\\\/channel\\\/UC6VztHaooNsGpw-tNoBEFnQ\"]},{\"@type\":\"Person\",\"@id\":\"https:\\\/\\\/www.caudete.org\\\/ayuntamiento\\\/#\\\/schema\\\/person\\\/79f7e19fdd176fc2bc7a289013dc2056\",\"name\":\"ayun\",\"image\":{\"@type\":\"ImageObject\",\"inLanguage\":\"es\",\"@id\":\"https:\\\/\\\/secure.gravatar.com\\\/avatar\\\/4ce797ee07c943e7e592f8cd648e503e6cd571387558ed07135799c2bd2847df?s=96&d=mm&r=g\",\"url\":\"https:\\\/\\\/secure.gravatar.com\\\/avatar\\\/4ce797ee07c943e7e592f8cd648e503e6cd571387558ed07135799c2bd2847df?s=96&d=mm&r=g\",\"contentUrl\":\"https:\\\/\\\/secure.gravatar.com\\\/avatar\\\/4ce797ee07c943e7e592f8cd648e503e6cd571387558ed07135799c2bd2847df?s=96&d=mm&r=g\",\"caption\":\"ayun\"},\"sameAs\":[\"http:\\\/\\\/www.caudete.org\\\/ayuntamiento\"],\"url\":\"https:\\\/\\\/www.caudete.org\\\/ayuntamiento\\\/author\\\/ayun\\\/\"}]}<\/script>\n<!-- \/ Yoast SEO plugin. -->","yoast_head_json":{"title":"Clausura de la VI bienal internacional de nuevas t\u00e9cnicas y conceptos en acuarela Caudete 2022 - MI Ayuntamiento de Caudete","description":"P\u00e1gina Oficial del Ayuntamiento de Caudete (Albacete)","robots":{"index":"index","follow":"follow","max-snippet":"max-snippet:-1","max-image-preview":"max-image-preview:large","max-video-preview":"max-video-preview:-1"},"canonical":"https:\/\/www.caudete.org\/ayuntamiento\/clausura-de-la-vi-bienal-internacional-de-nuevas-tecnicas-y-conceptos-en-acuarela-caudete-2022\/","og_locale":"es_ES","og_type":"article","og_title":"Clausura de la VI bienal internacional de nuevas t\u00e9cnicas y conceptos en acuarela Caudete 2022 - MI Ayuntamiento de Caudete","og_description":"P\u00e1gina Oficial del Ayuntamiento de Caudete (Albacete)","og_url":"https:\/\/www.caudete.org\/ayuntamiento\/clausura-de-la-vi-bienal-internacional-de-nuevas-tecnicas-y-conceptos-en-acuarela-caudete-2022\/","og_site_name":"MI Ayuntamiento de Caudete","article_publisher":"https:\/\/www.facebook.com\/ayuntamientocaudete\/","article_published_time":"2022-11-28T14:08:36+00:00","article_modified_time":"2022-11-28T16:00:37+00:00","og_image":[{"width":1440,"height":1440,"url":"https:\/\/www.caudete.org\/ayuntamiento\/wp-content\/uploads\/2022\/11\/317355550_8478291238908891_8720542875476276324_n.jpg","type":"image\/jpeg"}],"author":"ayun","twitter_card":"summary_large_image","twitter_misc":{"Escrito por":"ayun","Tiempo de lectura":"3 minutos"},"schema":{"@context":"https:\/\/schema.org","@graph":[{"@type":"Article","@id":"https:\/\/www.caudete.org\/ayuntamiento\/clausura-de-la-vi-bienal-internacional-de-nuevas-tecnicas-y-conceptos-en-acuarela-caudete-2022\/#article","isPartOf":{"@id":"https:\/\/www.caudete.org\/ayuntamiento\/clausura-de-la-vi-bienal-internacional-de-nuevas-tecnicas-y-conceptos-en-acuarela-caudete-2022\/"},"author":{"name":"ayun","@id":"https:\/\/www.caudete.org\/ayuntamiento\/#\/schema\/person\/79f7e19fdd176fc2bc7a289013dc2056"},"headline":"Clausura de la VI bienal internacional de nuevas t\u00e9cnicas y conceptos en acuarela Caudete 2022","datePublished":"2022-11-28T14:08:36+00:00","dateModified":"2022-11-28T16:00:37+00:00","mainEntityOfPage":{"@id":"https:\/\/www.caudete.org\/ayuntamiento\/clausura-de-la-vi-bienal-internacional-de-nuevas-tecnicas-y-conceptos-en-acuarela-caudete-2022\/"},"wordCount":548,"publisher":{"@id":"https:\/\/www.caudete.org\/ayuntamiento\/#organization"},"image":{"@id":"https:\/\/www.caudete.org\/ayuntamiento\/clausura-de-la-vi-bienal-internacional-de-nuevas-tecnicas-y-conceptos-en-acuarela-caudete-2022\/#primaryimage"},"thumbnailUrl":"https:\/\/www.caudete.org\/ayuntamiento\/wp-content\/uploads\/2022\/11\/317355550_8478291238908891_8720542875476276324_n.jpg","articleSection":["Cultura"],"inLanguage":"es"},{"@type":"WebPage","@id":"https:\/\/www.caudete.org\/ayuntamiento\/clausura-de-la-vi-bienal-internacional-de-nuevas-tecnicas-y-conceptos-en-acuarela-caudete-2022\/","url":"https:\/\/www.caudete.org\/ayuntamiento\/clausura-de-la-vi-bienal-internacional-de-nuevas-tecnicas-y-conceptos-en-acuarela-caudete-2022\/","name":"Clausura de la VI bienal internacional de nuevas t\u00e9cnicas y conceptos en acuarela Caudete 2022 - MI Ayuntamiento de Caudete","isPartOf":{"@id":"https:\/\/www.caudete.org\/ayuntamiento\/#website"},"primaryImageOfPage":{"@id":"https:\/\/www.caudete.org\/ayuntamiento\/clausura-de-la-vi-bienal-internacional-de-nuevas-tecnicas-y-conceptos-en-acuarela-caudete-2022\/#primaryimage"},"image":{"@id":"https:\/\/www.caudete.org\/ayuntamiento\/clausura-de-la-vi-bienal-internacional-de-nuevas-tecnicas-y-conceptos-en-acuarela-caudete-2022\/#primaryimage"},"thumbnailUrl":"https:\/\/www.caudete.org\/ayuntamiento\/wp-content\/uploads\/2022\/11\/317355550_8478291238908891_8720542875476276324_n.jpg","datePublished":"2022-11-28T14:08:36+00:00","dateModified":"2022-11-28T16:00:37+00:00","description":"P\u00e1gina Oficial del Ayuntamiento de Caudete (Albacete)","breadcrumb":{"@id":"https:\/\/www.caudete.org\/ayuntamiento\/clausura-de-la-vi-bienal-internacional-de-nuevas-tecnicas-y-conceptos-en-acuarela-caudete-2022\/#breadcrumb"},"inLanguage":"es","potentialAction":[{"@type":"ReadAction","target":["https:\/\/www.caudete.org\/ayuntamiento\/clausura-de-la-vi-bienal-internacional-de-nuevas-tecnicas-y-conceptos-en-acuarela-caudete-2022\/"]}]},{"@type":"ImageObject","inLanguage":"es","@id":"https:\/\/www.caudete.org\/ayuntamiento\/clausura-de-la-vi-bienal-internacional-de-nuevas-tecnicas-y-conceptos-en-acuarela-caudete-2022\/#primaryimage","url":"https:\/\/www.caudete.org\/ayuntamiento\/wp-content\/uploads\/2022\/11\/317355550_8478291238908891_8720542875476276324_n.jpg","contentUrl":"https:\/\/www.caudete.org\/ayuntamiento\/wp-content\/uploads\/2022\/11\/317355550_8478291238908891_8720542875476276324_n.jpg","width":1440,"height":1440},{"@type":"BreadcrumbList","@id":"https:\/\/www.caudete.org\/ayuntamiento\/clausura-de-la-vi-bienal-internacional-de-nuevas-tecnicas-y-conceptos-en-acuarela-caudete-2022\/#breadcrumb","itemListElement":[{"@type":"ListItem","position":1,"name":"Inicio","item":"https:\/\/www.caudete.org\/ayuntamiento\/"},{"@type":"ListItem","position":2,"name":"Clausura de la VI bienal internacional de nuevas t\u00e9cnicas y conceptos en acuarela Caudete 2022"}]},{"@type":"WebSite","@id":"https:\/\/www.caudete.org\/ayuntamiento\/#website","url":"https:\/\/www.caudete.org\/ayuntamiento\/","name":"MI Ayuntamiento de Caudete","description":"P\u00e1gina Oficial del MI Ayuntamiento de Caudete","publisher":{"@id":"https:\/\/www.caudete.org\/ayuntamiento\/#organization"},"potentialAction":[{"@type":"SearchAction","target":{"@type":"EntryPoint","urlTemplate":"https:\/\/www.caudete.org\/ayuntamiento\/?s={search_term_string}"},"query-input":{"@type":"PropertyValueSpecification","valueRequired":true,"valueName":"search_term_string"}}],"inLanguage":"es"},{"@type":"Organization","@id":"https:\/\/www.caudete.org\/ayuntamiento\/#organization","name":"Ayuntamiento de Caudete","url":"https:\/\/www.caudete.org\/ayuntamiento\/","logo":{"@type":"ImageObject","inLanguage":"es","@id":"https:\/\/www.caudete.org\/ayuntamiento\/#\/schema\/logo\/image\/","url":"https:\/\/www.caudete.org\/ayuntamiento\/wp-content\/uploads\/2020\/11\/logo_ayuntamiento_caudete.jpg","contentUrl":"https:\/\/www.caudete.org\/ayuntamiento\/wp-content\/uploads\/2020\/11\/logo_ayuntamiento_caudete.jpg","width":600,"height":150,"caption":"Ayuntamiento de Caudete"},"image":{"@id":"https:\/\/www.caudete.org\/ayuntamiento\/#\/schema\/logo\/image\/"},"sameAs":["https:\/\/www.facebook.com\/ayuntamientocaudete\/","https:\/\/www.youtube.com\/channel\/UC6VztHaooNsGpw-tNoBEFnQ"]},{"@type":"Person","@id":"https:\/\/www.caudete.org\/ayuntamiento\/#\/schema\/person\/79f7e19fdd176fc2bc7a289013dc2056","name":"ayun","image":{"@type":"ImageObject","inLanguage":"es","@id":"https:\/\/secure.gravatar.com\/avatar\/4ce797ee07c943e7e592f8cd648e503e6cd571387558ed07135799c2bd2847df?s=96&d=mm&r=g","url":"https:\/\/secure.gravatar.com\/avatar\/4ce797ee07c943e7e592f8cd648e503e6cd571387558ed07135799c2bd2847df?s=96&d=mm&r=g","contentUrl":"https:\/\/secure.gravatar.com\/avatar\/4ce797ee07c943e7e592f8cd648e503e6cd571387558ed07135799c2bd2847df?s=96&d=mm&r=g","caption":"ayun"},"sameAs":["http:\/\/www.caudete.org\/ayuntamiento"],"url":"https:\/\/www.caudete.org\/ayuntamiento\/author\/ayun\/"}]}},"_links":{"self":[{"href":"https:\/\/www.caudete.org\/ayuntamiento\/wp-json\/wp\/v2\/posts\/20698","targetHints":{"allow":["GET"]}}],"collection":[{"href":"https:\/\/www.caudete.org\/ayuntamiento\/wp-json\/wp\/v2\/posts"}],"about":[{"href":"https:\/\/www.caudete.org\/ayuntamiento\/wp-json\/wp\/v2\/types\/post"}],"author":[{"embeddable":true,"href":"https:\/\/www.caudete.org\/ayuntamiento\/wp-json\/wp\/v2\/users\/1"}],"replies":[{"embeddable":true,"href":"https:\/\/www.caudete.org\/ayuntamiento\/wp-json\/wp\/v2\/comments?post=20698"}],"version-history":[{"count":3,"href":"https:\/\/www.caudete.org\/ayuntamiento\/wp-json\/wp\/v2\/posts\/20698\/revisions"}],"predecessor-version":[{"id":20714,"href":"https:\/\/www.caudete.org\/ayuntamiento\/wp-json\/wp\/v2\/posts\/20698\/revisions\/20714"}],"wp:featuredmedia":[{"embeddable":true,"href":"https:\/\/www.caudete.org\/ayuntamiento\/wp-json\/wp\/v2\/media\/20699"}],"wp:attachment":[{"href":"https:\/\/www.caudete.org\/ayuntamiento\/wp-json\/wp\/v2\/media?parent=20698"}],"wp:term":[{"taxonomy":"category","embeddable":true,"href":"https:\/\/www.caudete.org\/ayuntamiento\/wp-json\/wp\/v2\/categories?post=20698"},{"taxonomy":"post_tag","embeddable":true,"href":"https:\/\/www.caudete.org\/ayuntamiento\/wp-json\/wp\/v2\/tags?post=20698"}],"curies":[{"name":"wp","href":"https:\/\/api.w.org\/{rel}","templated":true}]}}