{"id":20717,"date":"2022-11-29T13:12:38","date_gmt":"2022-11-29T12:12:38","guid":{"rendered":"https:\/\/www.caudete.org\/ayuntamiento\/?p=20717"},"modified":"2022-11-29T13:21:17","modified_gmt":"2022-11-29T12:21:17","slug":"presentada-la-campana-de-apoyo-al-comercio-servicios-y-hosteleria-de-la-localidad","status":"publish","type":"post","link":"https:\/\/www.caudete.org\/ayuntamiento\/presentada-la-campana-de-apoyo-al-comercio-servicios-y-hosteleria-de-la-localidad\/","title":{"rendered":"Presentada la campa\u00f1a de apoyo al Comercio, Servicios y Hosteler\u00eda de la localidad"},"content":{"rendered":"<p style=\"text-align: justify;\">CAMPA\u00d1A APOYO AL COMERCIO LOCAL , SERVICIOS Y HOSTELER\u00cdA DE LA LOCALIDAD<\/p>\n<p style=\"text-align: justify;\">Los comercios de proximidad son la columna vertebral de nuestra econom\u00eda y el motor para impulsar el desarrollo econ\u00f3mico y el progreso de nuestro pueblo.<\/p>\n<p style=\"text-align: justify;\">Para disfrutar de un pueblo lleno de vida, es necesario que apoyemos al peque\u00f1o comercio, que nuestras compras las realicemos en la tienda de nuestro barrio, en el comercio de nuestra ciudad.<\/p>\n<p style=\"text-align: justify;\">La experiencia de comprar en el peque\u00f1o comercio favorece esa relaci\u00f3n social con nuestros convecinos.<br \/>\nSin los comercios, servicios y restaurantes, nuestras calles estar\u00edan desiertas.<\/p>\n<p style=\"text-align: justify;\">Los comercios y restaurantes locales animan la vida cotidiana, permiten el encuentro, hacen posible que socialicemos y nos relacionemos. El trato personalizado de los comerciantes satisface la primera necesidad del consumidor. Los comercios de proximidad dan identidad a las calles y las llenan de gente convirti\u00e9ndolas en espacios transitados.<\/p>\n<p><a href=\"https:\/\/www.caudete.org\/ayuntamiento\/wp-content\/uploads\/2022\/11\/WhatsApp-Image-2022-11-29-at-10.06.11-1.jpeg\" rel='prettyPhoto'><img fetchpriority=\"high\" decoding=\"async\" class=\"aligncenter wp-image-20722 size-medium\" src=\"https:\/\/www.caudete.org\/ayuntamiento\/wp-content\/uploads\/2022\/11\/WhatsApp-Image-2022-11-29-at-10.06.11-1-300x169.jpeg\" alt=\"\" width=\"300\" height=\"169\" srcset=\"https:\/\/www.caudete.org\/ayuntamiento\/wp-content\/uploads\/2022\/11\/WhatsApp-Image-2022-11-29-at-10.06.11-1-300x169.jpeg 300w, https:\/\/www.caudete.org\/ayuntamiento\/wp-content\/uploads\/2022\/11\/WhatsApp-Image-2022-11-29-at-10.06.11-1-768x432.jpeg 768w, https:\/\/www.caudete.org\/ayuntamiento\/wp-content\/uploads\/2022\/11\/WhatsApp-Image-2022-11-29-at-10.06.11-1.jpeg 1024w\" sizes=\"(max-width: 300px) 100vw, 300px\" \/><\/a><\/p>\n<p style=\"text-align: justify;\">Comprando en los comercios del barrio, contratando los servicios locales y consumiendo en sus restaurantes, cafeter\u00edas y pubs se contribuye a recuperar econ\u00f3micamente la localidad despu\u00e9s de unos a\u00f1os muy duros de restricciones causadas por la pandemia covid-19.<\/p>\n<p style=\"text-align: justify;\">Para que la tienda f\u00edsica no desaparezca, nos corresponde a todos convertir la compra en una experiencia de ocio, de encuentro , de entretenimiento y de compromiso con nuestro municipio.<\/p>\n<p style=\"text-align: justify;\">Apoyar a la hosteler\u00eda local realizando nuestros eventos y salidas cotidianas a los mismos es algo necesario que contribuye a que la localidad tenga m\u00e1s ambiente y vida en las calles.<\/p>\n<p style=\"text-align: justify;\">No hay que olvidar los servicios que prestan las empresas locales y que ayudan todav\u00eda m\u00e1s a crear puestos de trabajo y a animar a la gente a emprender nuevos proyectos y crear as\u00ed una mayor red de servicios en la localidad sin necesidad de salir de ella para encontrar todo lo necesario<\/p>\n<p style=\"text-align: justify;\">En esta campa\u00f1a se han creado unas bolsas reutilizables que comenzar\u00e1n a repartirse en el mercado navide\u00f1o que se va a realizar el 2,3 y 4 de diciembre.<\/p>\n<p><a href=\"https:\/\/www.caudete.org\/ayuntamiento\/wp-content\/uploads\/2022\/11\/WhatsApp-Image-2022-11-29-at-10.06.11.jpeg\" rel='prettyPhoto'><img decoding=\"async\" class=\"aligncenter wp-image-20723 size-medium\" src=\"https:\/\/www.caudete.org\/ayuntamiento\/wp-content\/uploads\/2022\/11\/WhatsApp-Image-2022-11-29-at-10.06.11-271x300.jpeg\" alt=\"\" width=\"271\" height=\"300\" srcset=\"https:\/\/www.caudete.org\/ayuntamiento\/wp-content\/uploads\/2022\/11\/WhatsApp-Image-2022-11-29-at-10.06.11-271x300.jpeg 271w, https:\/\/www.caudete.org\/ayuntamiento\/wp-content\/uploads\/2022\/11\/WhatsApp-Image-2022-11-29-at-10.06.11-768x851.jpeg 768w, https:\/\/www.caudete.org\/ayuntamiento\/wp-content\/uploads\/2022\/11\/WhatsApp-Image-2022-11-29-at-10.06.11.jpeg 924w\" sizes=\"(max-width: 271px) 100vw, 271px\" \/><\/a><\/p>\n<p style=\"text-align: justify;\">Esta campa\u00f1a tiene como eslogan \u201cSe nota que tienes buen gusto\u201d y las bolsas est\u00e1n seriagrafiadas con el mismo en una de las caras y en la otra los usuarios del Centro Ocupacional Asprona van a dibujar monumentos representativos de la localidad. Todo hecho a mano y con much\u00edsimo cari\u00f1o.<\/p>\n<p style=\"text-align: justify;\">Las bolsas son reutilizables, lavables y est\u00e1n realizadas con material reciclado.<br \/>\nDesde Asprona nos explicaban que este tipo de actividades enriquecen mucho a sus usuarios porque es un gran aliciente el contribuir con Caudete y adem\u00e1s ver sus creaciones por la calle de la mano de los ciudadanos.<\/p>\n<p style=\"text-align: justify;\">Se repartir\u00e1n un total de 550 bolsas. Una vez pase el mercadillo navide\u00f1o podr\u00e1n recogerse en la oficina de consumo a partir del 12 de diciembre, con 5 tickes de compras en comercios y hosteler\u00eda local adem\u00e1s de la contrataci\u00f3n de cualquier servicio de la localidad (fontaner\u00eda, electricidad, talleres, electrodom\u00e9sticos\u2026).<\/p>\n<p><a href=\"https:\/\/www.caudete.org\/ayuntamiento\/wp-content\/uploads\/2022\/11\/WhatsApp-Image-2022-11-29-at-10.06.11-3.jpeg\" rel='prettyPhoto'><img decoding=\"async\" class=\"aligncenter wp-image-20720 size-medium\" src=\"https:\/\/www.caudete.org\/ayuntamiento\/wp-content\/uploads\/2022\/11\/WhatsApp-Image-2022-11-29-at-10.06.11-3-212x300.jpeg\" alt=\"\" width=\"212\" height=\"300\" srcset=\"https:\/\/www.caudete.org\/ayuntamiento\/wp-content\/uploads\/2022\/11\/WhatsApp-Image-2022-11-29-at-10.06.11-3-212x300.jpeg 212w, https:\/\/www.caudete.org\/ayuntamiento\/wp-content\/uploads\/2022\/11\/WhatsApp-Image-2022-11-29-at-10.06.11-3.jpeg 724w\" sizes=\"(max-width: 212px) 100vw, 212px\" \/><\/a><\/p>\n","protected":false},"excerpt":{"rendered":"<p>CAMPA\u00d1A APOYO AL COMERCIO LOCAL , SERVICIOS Y HOSTELER\u00cdA DE LA LOCALIDAD Los comercios de proximidad son la columna vertebral de nuestra econom\u00eda y el motor para impulsar el desarrollo econ\u00f3mico y el progreso de nuestro pueblo. Para disfrutar de un pueblo lleno de vida, es necesario que apoyemos al peque\u00f1o comercio, que nuestras compras &hellip;<\/p>\n","protected":false},"author":3,"featured_media":20721,"comment_status":"closed","ping_status":"open","sticky":false,"template":"","format":"standard","meta":{"ngg_post_thumbnail":0,"footnotes":""},"categories":[42],"tags":[],"class_list":["post-20717","post","type-post","status-publish","format-standard","has-post-thumbnail","hentry","category-comercio"],"yoast_head":"<!-- This site is optimized with the Yoast SEO plugin v27.5 - https:\/\/yoast.com\/product\/yoast-seo-wordpress\/ -->\n<title>Presentada la campa\u00f1a de apoyo al Comercio, Servicios y Hosteler\u00eda de la localidad - MI Ayuntamiento de Caudete<\/title>\n<meta name=\"description\" content=\"P\u00e1gina Oficial del Ayuntamiento de Caudete (Albacete)\" \/>\n<meta name=\"robots\" content=\"index, follow, max-snippet:-1, max-image-preview:large, max-video-preview:-1\" \/>\n<link rel=\"canonical\" href=\"https:\/\/www.caudete.org\/ayuntamiento\/presentada-la-campana-de-apoyo-al-comercio-servicios-y-hosteleria-de-la-localidad\/\" \/>\n<meta property=\"og:locale\" content=\"es_ES\" \/>\n<meta property=\"og:type\" content=\"article\" \/>\n<meta property=\"og:title\" content=\"Presentada la campa\u00f1a de apoyo al Comercio, Servicios y Hosteler\u00eda de la localidad - MI Ayuntamiento de Caudete\" \/>\n<meta property=\"og:description\" content=\"P\u00e1gina Oficial del Ayuntamiento de Caudete (Albacete)\" \/>\n<meta property=\"og:url\" content=\"https:\/\/www.caudete.org\/ayuntamiento\/presentada-la-campana-de-apoyo-al-comercio-servicios-y-hosteleria-de-la-localidad\/\" \/>\n<meta property=\"og:site_name\" content=\"MI Ayuntamiento de Caudete\" \/>\n<meta property=\"article:publisher\" content=\"https:\/\/www.facebook.com\/ayuntamientocaudete\/\" \/>\n<meta property=\"article:published_time\" content=\"2022-11-29T12:12:38+00:00\" \/>\n<meta property=\"article:modified_time\" content=\"2022-11-29T12:21:17+00:00\" \/>\n<meta property=\"og:image\" content=\"https:\/\/www.caudete.org\/ayuntamiento\/wp-content\/uploads\/2022\/11\/WhatsApp-Image-2022-11-29-at-10.06.11-2.jpeg\" \/>\n\t<meta property=\"og:image:width\" content=\"1024\" \/>\n\t<meta property=\"og:image:height\" content=\"577\" \/>\n\t<meta property=\"og:image:type\" content=\"image\/jpeg\" \/>\n<meta name=\"author\" content=\"alcalde\" \/>\n<meta name=\"twitter:card\" content=\"summary_large_image\" \/>\n<meta name=\"twitter:label1\" content=\"Escrito por\" \/>\n\t<meta name=\"twitter:data1\" content=\"alcalde\" \/>\n\t<meta name=\"twitter:label2\" content=\"Tiempo de lectura\" \/>\n\t<meta name=\"twitter:data2\" content=\"3 minutos\" \/>\n<script type=\"application\/ld+json\" class=\"yoast-schema-graph\">{\"@context\":\"https:\\\/\\\/schema.org\",\"@graph\":[{\"@type\":\"Article\",\"@id\":\"https:\\\/\\\/www.caudete.org\\\/ayuntamiento\\\/presentada-la-campana-de-apoyo-al-comercio-servicios-y-hosteleria-de-la-localidad\\\/#article\",\"isPartOf\":{\"@id\":\"https:\\\/\\\/www.caudete.org\\\/ayuntamiento\\\/presentada-la-campana-de-apoyo-al-comercio-servicios-y-hosteleria-de-la-localidad\\\/\"},\"author\":{\"name\":\"alcalde\",\"@id\":\"https:\\\/\\\/www.caudete.org\\\/ayuntamiento\\\/#\\\/schema\\\/person\\\/cc646da9133078ee4d8dd47457947253\"},\"headline\":\"Presentada la campa\u00f1a de apoyo al Comercio, Servicios y Hosteler\u00eda de la localidad\",\"datePublished\":\"2022-11-29T12:12:38+00:00\",\"dateModified\":\"2022-11-29T12:21:17+00:00\",\"mainEntityOfPage\":{\"@id\":\"https:\\\/\\\/www.caudete.org\\\/ayuntamiento\\\/presentada-la-campana-de-apoyo-al-comercio-servicios-y-hosteleria-de-la-localidad\\\/\"},\"wordCount\":514,\"image\":{\"@id\":\"https:\\\/\\\/www.caudete.org\\\/ayuntamiento\\\/presentada-la-campana-de-apoyo-al-comercio-servicios-y-hosteleria-de-la-localidad\\\/#primaryimage\"},\"thumbnailUrl\":\"https:\\\/\\\/www.caudete.org\\\/ayuntamiento\\\/wp-content\\\/uploads\\\/2022\\\/11\\\/WhatsApp-Image-2022-11-29-at-10.06.11-2.jpeg\",\"articleSection\":[\"Comercio\"],\"inLanguage\":\"es\"},{\"@type\":\"WebPage\",\"@id\":\"https:\\\/\\\/www.caudete.org\\\/ayuntamiento\\\/presentada-la-campana-de-apoyo-al-comercio-servicios-y-hosteleria-de-la-localidad\\\/\",\"url\":\"https:\\\/\\\/www.caudete.org\\\/ayuntamiento\\\/presentada-la-campana-de-apoyo-al-comercio-servicios-y-hosteleria-de-la-localidad\\\/\",\"name\":\"Presentada la campa\u00f1a de apoyo al Comercio, Servicios y Hosteler\u00eda de la localidad - MI Ayuntamiento de Caudete\",\"isPartOf\":{\"@id\":\"https:\\\/\\\/www.caudete.org\\\/ayuntamiento\\\/#website\"},\"primaryImageOfPage\":{\"@id\":\"https:\\\/\\\/www.caudete.org\\\/ayuntamiento\\\/presentada-la-campana-de-apoyo-al-comercio-servicios-y-hosteleria-de-la-localidad\\\/#primaryimage\"},\"image\":{\"@id\":\"https:\\\/\\\/www.caudete.org\\\/ayuntamiento\\\/presentada-la-campana-de-apoyo-al-comercio-servicios-y-hosteleria-de-la-localidad\\\/#primaryimage\"},\"thumbnailUrl\":\"https:\\\/\\\/www.caudete.org\\\/ayuntamiento\\\/wp-content\\\/uploads\\\/2022\\\/11\\\/WhatsApp-Image-2022-11-29-at-10.06.11-2.jpeg\",\"datePublished\":\"2022-11-29T12:12:38+00:00\",\"dateModified\":\"2022-11-29T12:21:17+00:00\",\"author\":{\"@id\":\"https:\\\/\\\/www.caudete.org\\\/ayuntamiento\\\/#\\\/schema\\\/person\\\/cc646da9133078ee4d8dd47457947253\"},\"description\":\"P\u00e1gina Oficial del Ayuntamiento de Caudete (Albacete)\",\"breadcrumb\":{\"@id\":\"https:\\\/\\\/www.caudete.org\\\/ayuntamiento\\\/presentada-la-campana-de-apoyo-al-comercio-servicios-y-hosteleria-de-la-localidad\\\/#breadcrumb\"},\"inLanguage\":\"es\",\"potentialAction\":[{\"@type\":\"ReadAction\",\"target\":[\"https:\\\/\\\/www.caudete.org\\\/ayuntamiento\\\/presentada-la-campana-de-apoyo-al-comercio-servicios-y-hosteleria-de-la-localidad\\\/\"]}]},{\"@type\":\"ImageObject\",\"inLanguage\":\"es\",\"@id\":\"https:\\\/\\\/www.caudete.org\\\/ayuntamiento\\\/presentada-la-campana-de-apoyo-al-comercio-servicios-y-hosteleria-de-la-localidad\\\/#primaryimage\",\"url\":\"https:\\\/\\\/www.caudete.org\\\/ayuntamiento\\\/wp-content\\\/uploads\\\/2022\\\/11\\\/WhatsApp-Image-2022-11-29-at-10.06.11-2.jpeg\",\"contentUrl\":\"https:\\\/\\\/www.caudete.org\\\/ayuntamiento\\\/wp-content\\\/uploads\\\/2022\\\/11\\\/WhatsApp-Image-2022-11-29-at-10.06.11-2.jpeg\",\"width\":1024,\"height\":577},{\"@type\":\"BreadcrumbList\",\"@id\":\"https:\\\/\\\/www.caudete.org\\\/ayuntamiento\\\/presentada-la-campana-de-apoyo-al-comercio-servicios-y-hosteleria-de-la-localidad\\\/#breadcrumb\",\"itemListElement\":[{\"@type\":\"ListItem\",\"position\":1,\"name\":\"Inicio\",\"item\":\"https:\\\/\\\/www.caudete.org\\\/ayuntamiento\\\/\"},{\"@type\":\"ListItem\",\"position\":2,\"name\":\"Presentada la campa\u00f1a de apoyo al Comercio, Servicios y Hosteler\u00eda de la localidad\"}]},{\"@type\":\"WebSite\",\"@id\":\"https:\\\/\\\/www.caudete.org\\\/ayuntamiento\\\/#website\",\"url\":\"https:\\\/\\\/www.caudete.org\\\/ayuntamiento\\\/\",\"name\":\"MI Ayuntamiento de Caudete\",\"description\":\"P\u00e1gina Oficial del MI Ayuntamiento de Caudete\",\"potentialAction\":[{\"@type\":\"SearchAction\",\"target\":{\"@type\":\"EntryPoint\",\"urlTemplate\":\"https:\\\/\\\/www.caudete.org\\\/ayuntamiento\\\/?s={search_term_string}\"},\"query-input\":{\"@type\":\"PropertyValueSpecification\",\"valueRequired\":true,\"valueName\":\"search_term_string\"}}],\"inLanguage\":\"es\"},{\"@type\":\"Person\",\"@id\":\"https:\\\/\\\/www.caudete.org\\\/ayuntamiento\\\/#\\\/schema\\\/person\\\/cc646da9133078ee4d8dd47457947253\",\"name\":\"alcalde\",\"image\":{\"@type\":\"ImageObject\",\"inLanguage\":\"es\",\"@id\":\"https:\\\/\\\/secure.gravatar.com\\\/avatar\\\/84a817ba065b29ff08d666b215a215f5c79186a645ccb25b14a663d48a130f77?s=96&d=mm&r=g\",\"url\":\"https:\\\/\\\/secure.gravatar.com\\\/avatar\\\/84a817ba065b29ff08d666b215a215f5c79186a645ccb25b14a663d48a130f77?s=96&d=mm&r=g\",\"contentUrl\":\"https:\\\/\\\/secure.gravatar.com\\\/avatar\\\/84a817ba065b29ff08d666b215a215f5c79186a645ccb25b14a663d48a130f77?s=96&d=mm&r=g\",\"caption\":\"alcalde\"},\"url\":\"https:\\\/\\\/www.caudete.org\\\/ayuntamiento\\\/author\\\/alcalde\\\/\"}]}<\/script>\n<!-- \/ Yoast SEO plugin. -->","yoast_head_json":{"title":"Presentada la campa\u00f1a de apoyo al Comercio, Servicios y Hosteler\u00eda de la localidad - MI Ayuntamiento de Caudete","description":"P\u00e1gina Oficial del Ayuntamiento de Caudete (Albacete)","robots":{"index":"index","follow":"follow","max-snippet":"max-snippet:-1","max-image-preview":"max-image-preview:large","max-video-preview":"max-video-preview:-1"},"canonical":"https:\/\/www.caudete.org\/ayuntamiento\/presentada-la-campana-de-apoyo-al-comercio-servicios-y-hosteleria-de-la-localidad\/","og_locale":"es_ES","og_type":"article","og_title":"Presentada la campa\u00f1a de apoyo al Comercio, Servicios y Hosteler\u00eda de la localidad - MI Ayuntamiento de Caudete","og_description":"P\u00e1gina Oficial del Ayuntamiento de Caudete (Albacete)","og_url":"https:\/\/www.caudete.org\/ayuntamiento\/presentada-la-campana-de-apoyo-al-comercio-servicios-y-hosteleria-de-la-localidad\/","og_site_name":"MI Ayuntamiento de Caudete","article_publisher":"https:\/\/www.facebook.com\/ayuntamientocaudete\/","article_published_time":"2022-11-29T12:12:38+00:00","article_modified_time":"2022-11-29T12:21:17+00:00","og_image":[{"width":1024,"height":577,"url":"https:\/\/www.caudete.org\/ayuntamiento\/wp-content\/uploads\/2022\/11\/WhatsApp-Image-2022-11-29-at-10.06.11-2.jpeg","type":"image\/jpeg"}],"author":"alcalde","twitter_card":"summary_large_image","twitter_misc":{"Escrito por":"alcalde","Tiempo de lectura":"3 minutos"},"schema":{"@context":"https:\/\/schema.org","@graph":[{"@type":"Article","@id":"https:\/\/www.caudete.org\/ayuntamiento\/presentada-la-campana-de-apoyo-al-comercio-servicios-y-hosteleria-de-la-localidad\/#article","isPartOf":{"@id":"https:\/\/www.caudete.org\/ayuntamiento\/presentada-la-campana-de-apoyo-al-comercio-servicios-y-hosteleria-de-la-localidad\/"},"author":{"name":"alcalde","@id":"https:\/\/www.caudete.org\/ayuntamiento\/#\/schema\/person\/cc646da9133078ee4d8dd47457947253"},"headline":"Presentada la campa\u00f1a de apoyo al Comercio, Servicios y Hosteler\u00eda de la localidad","datePublished":"2022-11-29T12:12:38+00:00","dateModified":"2022-11-29T12:21:17+00:00","mainEntityOfPage":{"@id":"https:\/\/www.caudete.org\/ayuntamiento\/presentada-la-campana-de-apoyo-al-comercio-servicios-y-hosteleria-de-la-localidad\/"},"wordCount":514,"image":{"@id":"https:\/\/www.caudete.org\/ayuntamiento\/presentada-la-campana-de-apoyo-al-comercio-servicios-y-hosteleria-de-la-localidad\/#primaryimage"},"thumbnailUrl":"https:\/\/www.caudete.org\/ayuntamiento\/wp-content\/uploads\/2022\/11\/WhatsApp-Image-2022-11-29-at-10.06.11-2.jpeg","articleSection":["Comercio"],"inLanguage":"es"},{"@type":"WebPage","@id":"https:\/\/www.caudete.org\/ayuntamiento\/presentada-la-campana-de-apoyo-al-comercio-servicios-y-hosteleria-de-la-localidad\/","url":"https:\/\/www.caudete.org\/ayuntamiento\/presentada-la-campana-de-apoyo-al-comercio-servicios-y-hosteleria-de-la-localidad\/","name":"Presentada la campa\u00f1a de apoyo al Comercio, Servicios y Hosteler\u00eda de la localidad - MI Ayuntamiento de Caudete","isPartOf":{"@id":"https:\/\/www.caudete.org\/ayuntamiento\/#website"},"primaryImageOfPage":{"@id":"https:\/\/www.caudete.org\/ayuntamiento\/presentada-la-campana-de-apoyo-al-comercio-servicios-y-hosteleria-de-la-localidad\/#primaryimage"},"image":{"@id":"https:\/\/www.caudete.org\/ayuntamiento\/presentada-la-campana-de-apoyo-al-comercio-servicios-y-hosteleria-de-la-localidad\/#primaryimage"},"thumbnailUrl":"https:\/\/www.caudete.org\/ayuntamiento\/wp-content\/uploads\/2022\/11\/WhatsApp-Image-2022-11-29-at-10.06.11-2.jpeg","datePublished":"2022-11-29T12:12:38+00:00","dateModified":"2022-11-29T12:21:17+00:00","author":{"@id":"https:\/\/www.caudete.org\/ayuntamiento\/#\/schema\/person\/cc646da9133078ee4d8dd47457947253"},"description":"P\u00e1gina Oficial del Ayuntamiento de Caudete (Albacete)","breadcrumb":{"@id":"https:\/\/www.caudete.org\/ayuntamiento\/presentada-la-campana-de-apoyo-al-comercio-servicios-y-hosteleria-de-la-localidad\/#breadcrumb"},"inLanguage":"es","potentialAction":[{"@type":"ReadAction","target":["https:\/\/www.caudete.org\/ayuntamiento\/presentada-la-campana-de-apoyo-al-comercio-servicios-y-hosteleria-de-la-localidad\/"]}]},{"@type":"ImageObject","inLanguage":"es","@id":"https:\/\/www.caudete.org\/ayuntamiento\/presentada-la-campana-de-apoyo-al-comercio-servicios-y-hosteleria-de-la-localidad\/#primaryimage","url":"https:\/\/www.caudete.org\/ayuntamiento\/wp-content\/uploads\/2022\/11\/WhatsApp-Image-2022-11-29-at-10.06.11-2.jpeg","contentUrl":"https:\/\/www.caudete.org\/ayuntamiento\/wp-content\/uploads\/2022\/11\/WhatsApp-Image-2022-11-29-at-10.06.11-2.jpeg","width":1024,"height":577},{"@type":"BreadcrumbList","@id":"https:\/\/www.caudete.org\/ayuntamiento\/presentada-la-campana-de-apoyo-al-comercio-servicios-y-hosteleria-de-la-localidad\/#breadcrumb","itemListElement":[{"@type":"ListItem","position":1,"name":"Inicio","item":"https:\/\/www.caudete.org\/ayuntamiento\/"},{"@type":"ListItem","position":2,"name":"Presentada la campa\u00f1a de apoyo al Comercio, Servicios y Hosteler\u00eda de la localidad"}]},{"@type":"WebSite","@id":"https:\/\/www.caudete.org\/ayuntamiento\/#website","url":"https:\/\/www.caudete.org\/ayuntamiento\/","name":"MI Ayuntamiento de Caudete","description":"P\u00e1gina Oficial del MI Ayuntamiento de Caudete","potentialAction":[{"@type":"SearchAction","target":{"@type":"EntryPoint","urlTemplate":"https:\/\/www.caudete.org\/ayuntamiento\/?s={search_term_string}"},"query-input":{"@type":"PropertyValueSpecification","valueRequired":true,"valueName":"search_term_string"}}],"inLanguage":"es"},{"@type":"Person","@id":"https:\/\/www.caudete.org\/ayuntamiento\/#\/schema\/person\/cc646da9133078ee4d8dd47457947253","name":"alcalde","image":{"@type":"ImageObject","inLanguage":"es","@id":"https:\/\/secure.gravatar.com\/avatar\/84a817ba065b29ff08d666b215a215f5c79186a645ccb25b14a663d48a130f77?s=96&d=mm&r=g","url":"https:\/\/secure.gravatar.com\/avatar\/84a817ba065b29ff08d666b215a215f5c79186a645ccb25b14a663d48a130f77?s=96&d=mm&r=g","contentUrl":"https:\/\/secure.gravatar.com\/avatar\/84a817ba065b29ff08d666b215a215f5c79186a645ccb25b14a663d48a130f77?s=96&d=mm&r=g","caption":"alcalde"},"url":"https:\/\/www.caudete.org\/ayuntamiento\/author\/alcalde\/"}]}},"_links":{"self":[{"href":"https:\/\/www.caudete.org\/ayuntamiento\/wp-json\/wp\/v2\/posts\/20717","targetHints":{"allow":["GET"]}}],"collection":[{"href":"https:\/\/www.caudete.org\/ayuntamiento\/wp-json\/wp\/v2\/posts"}],"about":[{"href":"https:\/\/www.caudete.org\/ayuntamiento\/wp-json\/wp\/v2\/types\/post"}],"author":[{"embeddable":true,"href":"https:\/\/www.caudete.org\/ayuntamiento\/wp-json\/wp\/v2\/users\/3"}],"replies":[{"embeddable":true,"href":"https:\/\/www.caudete.org\/ayuntamiento\/wp-json\/wp\/v2\/comments?post=20717"}],"version-history":[{"count":4,"href":"https:\/\/www.caudete.org\/ayuntamiento\/wp-json\/wp\/v2\/posts\/20717\/revisions"}],"predecessor-version":[{"id":20725,"href":"https:\/\/www.caudete.org\/ayuntamiento\/wp-json\/wp\/v2\/posts\/20717\/revisions\/20725"}],"wp:featuredmedia":[{"embeddable":true,"href":"https:\/\/www.caudete.org\/ayuntamiento\/wp-json\/wp\/v2\/media\/20721"}],"wp:attachment":[{"href":"https:\/\/www.caudete.org\/ayuntamiento\/wp-json\/wp\/v2\/media?parent=20717"}],"wp:term":[{"taxonomy":"category","embeddable":true,"href":"https:\/\/www.caudete.org\/ayuntamiento\/wp-json\/wp\/v2\/categories?post=20717"},{"taxonomy":"post_tag","embeddable":true,"href":"https:\/\/www.caudete.org\/ayuntamiento\/wp-json\/wp\/v2\/tags?post=20717"}],"curies":[{"name":"wp","href":"https:\/\/api.w.org\/{rel}","templated":true}]}}