{"id":20756,"date":"2022-12-01T08:18:52","date_gmt":"2022-12-01T07:18:52","guid":{"rendered":"https:\/\/www.caudete.org\/ayuntamiento\/?p=20756"},"modified":"2022-12-01T08:18:52","modified_gmt":"2022-12-01T07:18:52","slug":"este-fin-de-semana-el-mercado-navideno-abre-sus-puertas-en-la-plaza-de-la-iglesia","status":"publish","type":"post","link":"https:\/\/www.caudete.org\/ayuntamiento\/este-fin-de-semana-el-mercado-navideno-abre-sus-puertas-en-la-plaza-de-la-iglesia\/","title":{"rendered":"Este fin de semana el MERCADO NAVIDE\u00d1O abre sus puertas en la Plaza de la Iglesia"},"content":{"rendered":"<p style=\"text-align: justify;\">Con motivo de la proximidad de las Navidades y como ya es tradici\u00f3n en la localidad, este fin de semana 2,3 y 4 de diciembre va a tener lugar en la Plaza de la Iglesia el Mercadillo Navide\u00f1o.<\/p>\n<p style=\"text-align: justify;\">\n<p style=\"text-align: justify;\">Este Mercadillo organizado por la Concejal\u00eda de Comercio, Feda y la Asociaci\u00f3n de Comercio de Caudete, contar\u00e1 con la participaci\u00f3n de m\u00e1s de una decena de empresas ( comercios, hosteler\u00eda\u2026 ) que decorar\u00e1n y sacar\u00e1n sus mejores art\u00edculos para que encontremos este fin de semana los regalos perfectos para estas Navidades.<\/p>\n<p style=\"text-align: justify;\">\n<p style=\"text-align: justify;\">Atmosfera Sport Caudete<\/p>\n<p style=\"text-align: justify;\">Eco Caudete<\/p>\n<p style=\"text-align: justify;\">Floristeria Ave Del Paraiso<\/p>\n<p style=\"text-align: justify;\">Calza-t Calza-t<\/p>\n<p style=\"text-align: justify;\">Restaurante Club de Tenis Caudete<\/p>\n<p style=\"text-align: justify;\">La Iba\u00f1esa Caudete<\/p>\n<p style=\"text-align: justify;\">Carnicer\u00eda MILAN<\/p>\n<p style=\"text-align: justify;\">Centro krishna herbolario<\/p>\n<p style=\"text-align: justify;\">Visual 3D Caudete<\/p>\n<p style=\"text-align: justify;\">Turcane shop<\/p>\n<p style=\"text-align: justify;\">Optica Joyeria Lucas<\/p>\n<p style=\"text-align: justify;\">MIAMI Bisuteria Y Complementos<\/p>\n<p style=\"text-align: justify;\">Fotos Narda<\/p>\n<p style=\"text-align: justify;\">Librer\u00eda L\u00c1PIZ Y PAPEL<\/p>\n<p style=\"text-align: justify;\">Polimotor Caudete, S.L<\/p>\n<p style=\"text-align: justify;\">LP Formaci\u00f3n<\/p>\n<p style=\"text-align: justify;\">\n<p style=\"text-align: justify;\">\n<p style=\"text-align: justify;\">Amigo invisible, Navidad, Fin de a\u00f1o, Reyes\u2026 much\u00edsimas fechas se\u00f1aladas se acercan y desde el consistorio municipal os animamos a que hag\u00e1is vuestras compras, reservas y dem\u00e1s en Caudete. Los comercios de Caudete son una parte muy importante en la vida de la localidad, el trato personalizado a todos los niveles no puede compararse con una compra online.<\/p>\n<p style=\"text-align: justify;\">\n<p style=\"text-align: justify;\">Este a\u00f1o como novedad se repartir\u00e1n en este mercadillo las primeras bolsas de la Campa\u00f1a de apoyo al Comercio, Hosteler\u00eda y Servicios de Caudete \u201cSe nota que tienes buen gusto\u201dque junto con el Centro Ocupacional Asprona ha creado la Concejal\u00eda de Comercio.<\/p>\n<p style=\"text-align: justify;\">\n<p style=\"text-align: justify;\">La feria se inaugurar\u00e1 el viernes 2 de diciembre a las 20:00 horas despu\u00e9s del encendido de las luces navide\u00f1as que recorrer\u00e1 las calles de la localidad encendiendo cada \u00e1rbol y donde ir\u00e1n acompa\u00f1ados por la banda de la Uni\u00f3n Musical Santa Celicia y todos aquellos que quieran sumarse a este evento.<\/p>\n<p style=\"text-align: justify;\">\n<p style=\"text-align: justify;\">Desde la Concejal\u00eda de Comercio os animamos a visitar este Mercadillo que con tanta ilusi\u00f3n se hace a\u00f1o tras a\u00f1o y apoyar as\u00ed al comercio de la localidad y comenzar a vivir las navidades en el mejor ambiente posible.<\/p>\n","protected":false},"excerpt":{"rendered":"<p>Con motivo de la proximidad de las Navidades y como ya es tradici\u00f3n en la localidad, este fin de semana 2,3 y 4 de diciembre va a tener lugar en la Plaza de la Iglesia el Mercadillo Navide\u00f1o. Este Mercadillo organizado por la Concejal\u00eda de Comercio, Feda y la Asociaci\u00f3n de Comercio de Caudete, contar\u00e1 &hellip;<\/p>\n","protected":false},"author":3,"featured_media":20757,"comment_status":"closed","ping_status":"open","sticky":false,"template":"","format":"standard","meta":{"ngg_post_thumbnail":0,"footnotes":""},"categories":[42],"tags":[],"class_list":["post-20756","post","type-post","status-publish","format-standard","has-post-thumbnail","hentry","category-comercio"],"yoast_head":"<!-- This site is optimized with the Yoast SEO plugin v27.5 - https:\/\/yoast.com\/product\/yoast-seo-wordpress\/ -->\n<title>Este fin de semana el MERCADO NAVIDE\u00d1O abre sus puertas en la Plaza de la Iglesia - MI Ayuntamiento de Caudete<\/title>\n<meta name=\"description\" content=\"P\u00e1gina Oficial del Ayuntamiento de Caudete (Albacete)\" \/>\n<meta name=\"robots\" content=\"index, follow, max-snippet:-1, max-image-preview:large, max-video-preview:-1\" \/>\n<link rel=\"canonical\" href=\"https:\/\/www.caudete.org\/ayuntamiento\/este-fin-de-semana-el-mercado-navideno-abre-sus-puertas-en-la-plaza-de-la-iglesia\/\" \/>\n<meta property=\"og:locale\" content=\"es_ES\" \/>\n<meta property=\"og:type\" content=\"article\" \/>\n<meta property=\"og:title\" content=\"Este fin de semana el MERCADO NAVIDE\u00d1O abre sus puertas en la Plaza de la Iglesia - MI Ayuntamiento de Caudete\" \/>\n<meta property=\"og:description\" content=\"P\u00e1gina Oficial del Ayuntamiento de Caudete (Albacete)\" \/>\n<meta property=\"og:url\" content=\"https:\/\/www.caudete.org\/ayuntamiento\/este-fin-de-semana-el-mercado-navideno-abre-sus-puertas-en-la-plaza-de-la-iglesia\/\" \/>\n<meta property=\"og:site_name\" content=\"MI Ayuntamiento de Caudete\" \/>\n<meta property=\"article:publisher\" content=\"https:\/\/www.facebook.com\/ayuntamientocaudete\/\" \/>\n<meta property=\"article:published_time\" content=\"2022-12-01T07:18:52+00:00\" \/>\n<meta property=\"og:image\" content=\"https:\/\/www.caudete.org\/ayuntamiento\/wp-content\/uploads\/2022\/12\/IMG-20221201-WA0000.jpg\" \/>\n\t<meta property=\"og:image:width\" content=\"727\" \/>\n\t<meta property=\"og:image:height\" content=\"519\" \/>\n\t<meta property=\"og:image:type\" content=\"image\/jpeg\" \/>\n<meta name=\"author\" content=\"alcalde\" \/>\n<meta name=\"twitter:card\" content=\"summary_large_image\" \/>\n<meta name=\"twitter:label1\" content=\"Escrito por\" \/>\n\t<meta name=\"twitter:data1\" content=\"alcalde\" \/>\n\t<meta name=\"twitter:label2\" content=\"Tiempo de lectura\" \/>\n\t<meta name=\"twitter:data2\" content=\"2 minutos\" \/>\n<script type=\"application\/ld+json\" class=\"yoast-schema-graph\">{\"@context\":\"https:\\\/\\\/schema.org\",\"@graph\":[{\"@type\":\"Article\",\"@id\":\"https:\\\/\\\/www.caudete.org\\\/ayuntamiento\\\/este-fin-de-semana-el-mercado-navideno-abre-sus-puertas-en-la-plaza-de-la-iglesia\\\/#article\",\"isPartOf\":{\"@id\":\"https:\\\/\\\/www.caudete.org\\\/ayuntamiento\\\/este-fin-de-semana-el-mercado-navideno-abre-sus-puertas-en-la-plaza-de-la-iglesia\\\/\"},\"author\":{\"name\":\"alcalde\",\"@id\":\"https:\\\/\\\/www.caudete.org\\\/ayuntamiento\\\/#\\\/schema\\\/person\\\/cc646da9133078ee4d8dd47457947253\"},\"headline\":\"Este fin de semana el MERCADO NAVIDE\u00d1O abre sus puertas en la Plaza de la Iglesia\",\"datePublished\":\"2022-12-01T07:18:52+00:00\",\"mainEntityOfPage\":{\"@id\":\"https:\\\/\\\/www.caudete.org\\\/ayuntamiento\\\/este-fin-de-semana-el-mercado-navideno-abre-sus-puertas-en-la-plaza-de-la-iglesia\\\/\"},\"wordCount\":374,\"image\":{\"@id\":\"https:\\\/\\\/www.caudete.org\\\/ayuntamiento\\\/este-fin-de-semana-el-mercado-navideno-abre-sus-puertas-en-la-plaza-de-la-iglesia\\\/#primaryimage\"},\"thumbnailUrl\":\"https:\\\/\\\/www.caudete.org\\\/ayuntamiento\\\/wp-content\\\/uploads\\\/2022\\\/12\\\/IMG-20221201-WA0000.jpg\",\"articleSection\":[\"Comercio\"],\"inLanguage\":\"es\"},{\"@type\":\"WebPage\",\"@id\":\"https:\\\/\\\/www.caudete.org\\\/ayuntamiento\\\/este-fin-de-semana-el-mercado-navideno-abre-sus-puertas-en-la-plaza-de-la-iglesia\\\/\",\"url\":\"https:\\\/\\\/www.caudete.org\\\/ayuntamiento\\\/este-fin-de-semana-el-mercado-navideno-abre-sus-puertas-en-la-plaza-de-la-iglesia\\\/\",\"name\":\"Este fin de semana el MERCADO NAVIDE\u00d1O abre sus puertas en la Plaza de la Iglesia - MI Ayuntamiento de Caudete\",\"isPartOf\":{\"@id\":\"https:\\\/\\\/www.caudete.org\\\/ayuntamiento\\\/#website\"},\"primaryImageOfPage\":{\"@id\":\"https:\\\/\\\/www.caudete.org\\\/ayuntamiento\\\/este-fin-de-semana-el-mercado-navideno-abre-sus-puertas-en-la-plaza-de-la-iglesia\\\/#primaryimage\"},\"image\":{\"@id\":\"https:\\\/\\\/www.caudete.org\\\/ayuntamiento\\\/este-fin-de-semana-el-mercado-navideno-abre-sus-puertas-en-la-plaza-de-la-iglesia\\\/#primaryimage\"},\"thumbnailUrl\":\"https:\\\/\\\/www.caudete.org\\\/ayuntamiento\\\/wp-content\\\/uploads\\\/2022\\\/12\\\/IMG-20221201-WA0000.jpg\",\"datePublished\":\"2022-12-01T07:18:52+00:00\",\"author\":{\"@id\":\"https:\\\/\\\/www.caudete.org\\\/ayuntamiento\\\/#\\\/schema\\\/person\\\/cc646da9133078ee4d8dd47457947253\"},\"description\":\"P\u00e1gina Oficial del Ayuntamiento de Caudete (Albacete)\",\"breadcrumb\":{\"@id\":\"https:\\\/\\\/www.caudete.org\\\/ayuntamiento\\\/este-fin-de-semana-el-mercado-navideno-abre-sus-puertas-en-la-plaza-de-la-iglesia\\\/#breadcrumb\"},\"inLanguage\":\"es\",\"potentialAction\":[{\"@type\":\"ReadAction\",\"target\":[\"https:\\\/\\\/www.caudete.org\\\/ayuntamiento\\\/este-fin-de-semana-el-mercado-navideno-abre-sus-puertas-en-la-plaza-de-la-iglesia\\\/\"]}]},{\"@type\":\"ImageObject\",\"inLanguage\":\"es\",\"@id\":\"https:\\\/\\\/www.caudete.org\\\/ayuntamiento\\\/este-fin-de-semana-el-mercado-navideno-abre-sus-puertas-en-la-plaza-de-la-iglesia\\\/#primaryimage\",\"url\":\"https:\\\/\\\/www.caudete.org\\\/ayuntamiento\\\/wp-content\\\/uploads\\\/2022\\\/12\\\/IMG-20221201-WA0000.jpg\",\"contentUrl\":\"https:\\\/\\\/www.caudete.org\\\/ayuntamiento\\\/wp-content\\\/uploads\\\/2022\\\/12\\\/IMG-20221201-WA0000.jpg\",\"width\":727,\"height\":519},{\"@type\":\"BreadcrumbList\",\"@id\":\"https:\\\/\\\/www.caudete.org\\\/ayuntamiento\\\/este-fin-de-semana-el-mercado-navideno-abre-sus-puertas-en-la-plaza-de-la-iglesia\\\/#breadcrumb\",\"itemListElement\":[{\"@type\":\"ListItem\",\"position\":1,\"name\":\"Inicio\",\"item\":\"https:\\\/\\\/www.caudete.org\\\/ayuntamiento\\\/\"},{\"@type\":\"ListItem\",\"position\":2,\"name\":\"Este fin de semana el MERCADO NAVIDE\u00d1O abre sus puertas en la Plaza de la Iglesia\"}]},{\"@type\":\"WebSite\",\"@id\":\"https:\\\/\\\/www.caudete.org\\\/ayuntamiento\\\/#website\",\"url\":\"https:\\\/\\\/www.caudete.org\\\/ayuntamiento\\\/\",\"name\":\"MI Ayuntamiento de Caudete\",\"description\":\"P\u00e1gina Oficial del MI Ayuntamiento de Caudete\",\"potentialAction\":[{\"@type\":\"SearchAction\",\"target\":{\"@type\":\"EntryPoint\",\"urlTemplate\":\"https:\\\/\\\/www.caudete.org\\\/ayuntamiento\\\/?s={search_term_string}\"},\"query-input\":{\"@type\":\"PropertyValueSpecification\",\"valueRequired\":true,\"valueName\":\"search_term_string\"}}],\"inLanguage\":\"es\"},{\"@type\":\"Person\",\"@id\":\"https:\\\/\\\/www.caudete.org\\\/ayuntamiento\\\/#\\\/schema\\\/person\\\/cc646da9133078ee4d8dd47457947253\",\"name\":\"alcalde\",\"image\":{\"@type\":\"ImageObject\",\"inLanguage\":\"es\",\"@id\":\"https:\\\/\\\/secure.gravatar.com\\\/avatar\\\/84a817ba065b29ff08d666b215a215f5c79186a645ccb25b14a663d48a130f77?s=96&d=mm&r=g\",\"url\":\"https:\\\/\\\/secure.gravatar.com\\\/avatar\\\/84a817ba065b29ff08d666b215a215f5c79186a645ccb25b14a663d48a130f77?s=96&d=mm&r=g\",\"contentUrl\":\"https:\\\/\\\/secure.gravatar.com\\\/avatar\\\/84a817ba065b29ff08d666b215a215f5c79186a645ccb25b14a663d48a130f77?s=96&d=mm&r=g\",\"caption\":\"alcalde\"},\"url\":\"https:\\\/\\\/www.caudete.org\\\/ayuntamiento\\\/author\\\/alcalde\\\/\"}]}<\/script>\n<!-- \/ Yoast SEO plugin. -->","yoast_head_json":{"title":"Este fin de semana el MERCADO NAVIDE\u00d1O abre sus puertas en la Plaza de la Iglesia - MI Ayuntamiento de Caudete","description":"P\u00e1gina Oficial del Ayuntamiento de Caudete (Albacete)","robots":{"index":"index","follow":"follow","max-snippet":"max-snippet:-1","max-image-preview":"max-image-preview:large","max-video-preview":"max-video-preview:-1"},"canonical":"https:\/\/www.caudete.org\/ayuntamiento\/este-fin-de-semana-el-mercado-navideno-abre-sus-puertas-en-la-plaza-de-la-iglesia\/","og_locale":"es_ES","og_type":"article","og_title":"Este fin de semana el MERCADO NAVIDE\u00d1O abre sus puertas en la Plaza de la Iglesia - MI Ayuntamiento de Caudete","og_description":"P\u00e1gina Oficial del Ayuntamiento de Caudete (Albacete)","og_url":"https:\/\/www.caudete.org\/ayuntamiento\/este-fin-de-semana-el-mercado-navideno-abre-sus-puertas-en-la-plaza-de-la-iglesia\/","og_site_name":"MI Ayuntamiento de Caudete","article_publisher":"https:\/\/www.facebook.com\/ayuntamientocaudete\/","article_published_time":"2022-12-01T07:18:52+00:00","og_image":[{"width":727,"height":519,"url":"https:\/\/www.caudete.org\/ayuntamiento\/wp-content\/uploads\/2022\/12\/IMG-20221201-WA0000.jpg","type":"image\/jpeg"}],"author":"alcalde","twitter_card":"summary_large_image","twitter_misc":{"Escrito por":"alcalde","Tiempo de lectura":"2 minutos"},"schema":{"@context":"https:\/\/schema.org","@graph":[{"@type":"Article","@id":"https:\/\/www.caudete.org\/ayuntamiento\/este-fin-de-semana-el-mercado-navideno-abre-sus-puertas-en-la-plaza-de-la-iglesia\/#article","isPartOf":{"@id":"https:\/\/www.caudete.org\/ayuntamiento\/este-fin-de-semana-el-mercado-navideno-abre-sus-puertas-en-la-plaza-de-la-iglesia\/"},"author":{"name":"alcalde","@id":"https:\/\/www.caudete.org\/ayuntamiento\/#\/schema\/person\/cc646da9133078ee4d8dd47457947253"},"headline":"Este fin de semana el MERCADO NAVIDE\u00d1O abre sus puertas en la Plaza de la Iglesia","datePublished":"2022-12-01T07:18:52+00:00","mainEntityOfPage":{"@id":"https:\/\/www.caudete.org\/ayuntamiento\/este-fin-de-semana-el-mercado-navideno-abre-sus-puertas-en-la-plaza-de-la-iglesia\/"},"wordCount":374,"image":{"@id":"https:\/\/www.caudete.org\/ayuntamiento\/este-fin-de-semana-el-mercado-navideno-abre-sus-puertas-en-la-plaza-de-la-iglesia\/#primaryimage"},"thumbnailUrl":"https:\/\/www.caudete.org\/ayuntamiento\/wp-content\/uploads\/2022\/12\/IMG-20221201-WA0000.jpg","articleSection":["Comercio"],"inLanguage":"es"},{"@type":"WebPage","@id":"https:\/\/www.caudete.org\/ayuntamiento\/este-fin-de-semana-el-mercado-navideno-abre-sus-puertas-en-la-plaza-de-la-iglesia\/","url":"https:\/\/www.caudete.org\/ayuntamiento\/este-fin-de-semana-el-mercado-navideno-abre-sus-puertas-en-la-plaza-de-la-iglesia\/","name":"Este fin de semana el MERCADO NAVIDE\u00d1O abre sus puertas en la Plaza de la Iglesia - MI Ayuntamiento de Caudete","isPartOf":{"@id":"https:\/\/www.caudete.org\/ayuntamiento\/#website"},"primaryImageOfPage":{"@id":"https:\/\/www.caudete.org\/ayuntamiento\/este-fin-de-semana-el-mercado-navideno-abre-sus-puertas-en-la-plaza-de-la-iglesia\/#primaryimage"},"image":{"@id":"https:\/\/www.caudete.org\/ayuntamiento\/este-fin-de-semana-el-mercado-navideno-abre-sus-puertas-en-la-plaza-de-la-iglesia\/#primaryimage"},"thumbnailUrl":"https:\/\/www.caudete.org\/ayuntamiento\/wp-content\/uploads\/2022\/12\/IMG-20221201-WA0000.jpg","datePublished":"2022-12-01T07:18:52+00:00","author":{"@id":"https:\/\/www.caudete.org\/ayuntamiento\/#\/schema\/person\/cc646da9133078ee4d8dd47457947253"},"description":"P\u00e1gina Oficial del Ayuntamiento de Caudete (Albacete)","breadcrumb":{"@id":"https:\/\/www.caudete.org\/ayuntamiento\/este-fin-de-semana-el-mercado-navideno-abre-sus-puertas-en-la-plaza-de-la-iglesia\/#breadcrumb"},"inLanguage":"es","potentialAction":[{"@type":"ReadAction","target":["https:\/\/www.caudete.org\/ayuntamiento\/este-fin-de-semana-el-mercado-navideno-abre-sus-puertas-en-la-plaza-de-la-iglesia\/"]}]},{"@type":"ImageObject","inLanguage":"es","@id":"https:\/\/www.caudete.org\/ayuntamiento\/este-fin-de-semana-el-mercado-navideno-abre-sus-puertas-en-la-plaza-de-la-iglesia\/#primaryimage","url":"https:\/\/www.caudete.org\/ayuntamiento\/wp-content\/uploads\/2022\/12\/IMG-20221201-WA0000.jpg","contentUrl":"https:\/\/www.caudete.org\/ayuntamiento\/wp-content\/uploads\/2022\/12\/IMG-20221201-WA0000.jpg","width":727,"height":519},{"@type":"BreadcrumbList","@id":"https:\/\/www.caudete.org\/ayuntamiento\/este-fin-de-semana-el-mercado-navideno-abre-sus-puertas-en-la-plaza-de-la-iglesia\/#breadcrumb","itemListElement":[{"@type":"ListItem","position":1,"name":"Inicio","item":"https:\/\/www.caudete.org\/ayuntamiento\/"},{"@type":"ListItem","position":2,"name":"Este fin de semana el MERCADO NAVIDE\u00d1O abre sus puertas en la Plaza de la Iglesia"}]},{"@type":"WebSite","@id":"https:\/\/www.caudete.org\/ayuntamiento\/#website","url":"https:\/\/www.caudete.org\/ayuntamiento\/","name":"MI Ayuntamiento de Caudete","description":"P\u00e1gina Oficial del MI Ayuntamiento de Caudete","potentialAction":[{"@type":"SearchAction","target":{"@type":"EntryPoint","urlTemplate":"https:\/\/www.caudete.org\/ayuntamiento\/?s={search_term_string}"},"query-input":{"@type":"PropertyValueSpecification","valueRequired":true,"valueName":"search_term_string"}}],"inLanguage":"es"},{"@type":"Person","@id":"https:\/\/www.caudete.org\/ayuntamiento\/#\/schema\/person\/cc646da9133078ee4d8dd47457947253","name":"alcalde","image":{"@type":"ImageObject","inLanguage":"es","@id":"https:\/\/secure.gravatar.com\/avatar\/84a817ba065b29ff08d666b215a215f5c79186a645ccb25b14a663d48a130f77?s=96&d=mm&r=g","url":"https:\/\/secure.gravatar.com\/avatar\/84a817ba065b29ff08d666b215a215f5c79186a645ccb25b14a663d48a130f77?s=96&d=mm&r=g","contentUrl":"https:\/\/secure.gravatar.com\/avatar\/84a817ba065b29ff08d666b215a215f5c79186a645ccb25b14a663d48a130f77?s=96&d=mm&r=g","caption":"alcalde"},"url":"https:\/\/www.caudete.org\/ayuntamiento\/author\/alcalde\/"}]}},"_links":{"self":[{"href":"https:\/\/www.caudete.org\/ayuntamiento\/wp-json\/wp\/v2\/posts\/20756","targetHints":{"allow":["GET"]}}],"collection":[{"href":"https:\/\/www.caudete.org\/ayuntamiento\/wp-json\/wp\/v2\/posts"}],"about":[{"href":"https:\/\/www.caudete.org\/ayuntamiento\/wp-json\/wp\/v2\/types\/post"}],"author":[{"embeddable":true,"href":"https:\/\/www.caudete.org\/ayuntamiento\/wp-json\/wp\/v2\/users\/3"}],"replies":[{"embeddable":true,"href":"https:\/\/www.caudete.org\/ayuntamiento\/wp-json\/wp\/v2\/comments?post=20756"}],"version-history":[{"count":1,"href":"https:\/\/www.caudete.org\/ayuntamiento\/wp-json\/wp\/v2\/posts\/20756\/revisions"}],"predecessor-version":[{"id":20758,"href":"https:\/\/www.caudete.org\/ayuntamiento\/wp-json\/wp\/v2\/posts\/20756\/revisions\/20758"}],"wp:featuredmedia":[{"embeddable":true,"href":"https:\/\/www.caudete.org\/ayuntamiento\/wp-json\/wp\/v2\/media\/20757"}],"wp:attachment":[{"href":"https:\/\/www.caudete.org\/ayuntamiento\/wp-json\/wp\/v2\/media?parent=20756"}],"wp:term":[{"taxonomy":"category","embeddable":true,"href":"https:\/\/www.caudete.org\/ayuntamiento\/wp-json\/wp\/v2\/categories?post=20756"},{"taxonomy":"post_tag","embeddable":true,"href":"https:\/\/www.caudete.org\/ayuntamiento\/wp-json\/wp\/v2\/tags?post=20756"}],"curies":[{"name":"wp","href":"https:\/\/api.w.org\/{rel}","templated":true}]}}