{"id":20770,"date":"2022-12-01T09:58:55","date_gmt":"2022-12-01T08:58:55","guid":{"rendered":"https:\/\/www.caudete.org\/ayuntamiento\/?p=20770"},"modified":"2022-12-01T09:58:55","modified_gmt":"2022-12-01T08:58:55","slug":"manana-a-las-19-00-horas-dara-comienzo-el-encendido-de-los-arboles-de-navidad-desde-el-barrio-de-s-francisco","status":"publish","type":"post","link":"https:\/\/www.caudete.org\/ayuntamiento\/manana-a-las-19-00-horas-dara-comienzo-el-encendido-de-los-arboles-de-navidad-desde-el-barrio-de-s-francisco\/","title":{"rendered":"Ma\u00f1ana a las 19.00 horas dar\u00e1 comienzo el Encendido de los \u00c1RBOLES DE NAVIDAD desde el Barrio de S. Francisco"},"content":{"rendered":"<p style=\"text-align: justify;\">La Concejal de Fiestas M\u00aa del Mar Requena informaba que ma\u00f1ana viernes 2 de Diciembre est\u00e1 previsto a las 19.00h el encendido de \u00c1rboles e Iluminaci\u00f3n Navide\u00f1a que el Consistorio ha desplegado por diversos puntos del municipio para estas pr\u00f3ximas Fiestas de Navidad 2022.<\/p>\n<p style=\"text-align: justify;\">El acto se realizar\u00e1 como es costumbre con un pasacalle amenizado por la Banda Juvenil de la Sdad. Uni\u00f3n Musical Santa Cecilia, que recorrer\u00e1, sin parada, los diferentes \u00e1rboles instalados en las principales plazas de la localidad, y que partiendo desde el ubicado en la Avenida San Jaime (Santo Cristo) hasta finalizar con el de la Plaza del Carmen y la entrada al Mercadillo Navide\u00f1o, d\u00e1ndolo as\u00ed por inaugurado.<\/p>\n<p>&nbsp;<\/p>\n<p>El recorrido ser\u00e1 el siguiente:<\/p>\n<p><strong>1. \u00c1RBOL AVENIDA SAN JAIME<\/strong><\/p>\n<p>Avenida San Jaime, C\/Las Eras, C\/La Huerta, C\/Jos\u00e9 Ruiz Ruiz.<\/p>\n<p><strong>2. \u00c1RBOL CALLE JOS\u00c9 RUIZ RUIZ<\/strong><\/p>\n<p>C\/Jos\u00e9 Ruiz Ruiz, C\/Atleta Antonio Amor\u00f3s, Plaza Nueva.<\/p>\n<p><strong>3. \u00c1RBOL PLAZA NUEVA<\/strong><\/p>\n<p>C\/Atleta Antonio Amor\u00f3s, C\/Las Eras, C\/ San Juan, C\/ San Joaqu\u00edn, C\/ del Calvario, Plaza de Santa Ana.<\/p>\n<p><strong>4. \u00c1RBOL PLAZA DE SANTA ANA<\/strong><\/p>\n<p>Plaza de Santa Ana, C\/San Eduardo, C\/El \u00c1ngel, C\/El Moto.<\/p>\n<p><strong>5. \u00c1RBOL CALLE EL MOTO<\/strong><\/p>\n<p>C\/Doctor Mara\u00f1\u00f3n, C\/Juan \u00c1ngel Amor\u00f3s, C\/ Doctor Fleming, C\/El Real, C\/Sant\u00edsimo Sacramento, C\/Paracuellos de la Vega.<\/p>\n<p><strong>6. \u00c1RBOL DE LA VILLA<\/strong><\/p>\n<p>C\/Paracuellos de la Vega, C\/Juan L\u00f3pez, Avenida Virgen de Gracia, C\/ El Mercado, Plaza de Ntra. Sra. del Carmen.<\/p>\n<p><strong>7. \u00c1RBOL PLAZA NTRA.SRA.DEL CARMEN<\/strong><\/p>\n<p>Plaza de Ntra. Sra. del Carmen, C\/Mayor, Plaza de la Iglesia.<\/p>\n","protected":false},"excerpt":{"rendered":"<p>La Concejal de Fiestas M\u00aa del Mar Requena informaba que ma\u00f1ana viernes 2 de Diciembre est\u00e1 previsto a las 19.00h el encendido de \u00c1rboles e Iluminaci\u00f3n Navide\u00f1a que el Consistorio ha desplegado por diversos puntos del municipio para estas pr\u00f3ximas Fiestas de Navidad 2022. El acto se realizar\u00e1 como es costumbre con un pasacalle amenizado &hellip;<\/p>\n","protected":false},"author":3,"featured_media":17509,"comment_status":"closed","ping_status":"open","sticky":false,"template":"","format":"standard","meta":{"ngg_post_thumbnail":0,"footnotes":""},"categories":[31],"tags":[],"class_list":["post-20770","post","type-post","status-publish","format-standard","has-post-thumbnail","hentry","category-fiestas"],"yoast_head":"<!-- This site is optimized with the Yoast SEO plugin v27.5 - https:\/\/yoast.com\/product\/yoast-seo-wordpress\/ -->\n<title>Ma\u00f1ana a las 19.00 horas dar\u00e1 comienzo el Encendido de los \u00c1RBOLES DE NAVIDAD desde el Barrio de S. Francisco - MI Ayuntamiento de Caudete<\/title>\n<meta name=\"description\" content=\"P\u00e1gina Oficial del Ayuntamiento de Caudete (Albacete)\" \/>\n<meta name=\"robots\" content=\"index, follow, max-snippet:-1, max-image-preview:large, max-video-preview:-1\" \/>\n<link rel=\"canonical\" href=\"https:\/\/www.caudete.org\/ayuntamiento\/manana-a-las-19-00-horas-dara-comienzo-el-encendido-de-los-arboles-de-navidad-desde-el-barrio-de-s-francisco\/\" \/>\n<meta property=\"og:locale\" content=\"es_ES\" \/>\n<meta property=\"og:type\" content=\"article\" \/>\n<meta property=\"og:title\" content=\"Ma\u00f1ana a las 19.00 horas dar\u00e1 comienzo el Encendido de los \u00c1RBOLES DE NAVIDAD desde el Barrio de S. Francisco - MI Ayuntamiento de Caudete\" \/>\n<meta property=\"og:description\" content=\"P\u00e1gina Oficial del Ayuntamiento de Caudete (Albacete)\" \/>\n<meta property=\"og:url\" content=\"https:\/\/www.caudete.org\/ayuntamiento\/manana-a-las-19-00-horas-dara-comienzo-el-encendido-de-los-arboles-de-navidad-desde-el-barrio-de-s-francisco\/\" \/>\n<meta property=\"og:site_name\" content=\"MI Ayuntamiento de Caudete\" \/>\n<meta property=\"article:publisher\" content=\"https:\/\/www.facebook.com\/ayuntamientocaudete\/\" \/>\n<meta property=\"article:published_time\" content=\"2022-12-01T08:58:55+00:00\" \/>\n<meta property=\"og:image\" content=\"https:\/\/www.caudete.org\/ayuntamiento\/wp-content\/uploads\/2021\/12\/IMG_20211214_220624-scaled.jpg\" \/>\n\t<meta property=\"og:image:width\" content=\"2560\" \/>\n\t<meta property=\"og:image:height\" content=\"1920\" \/>\n\t<meta property=\"og:image:type\" content=\"image\/jpeg\" \/>\n<meta name=\"author\" content=\"alcalde\" \/>\n<meta name=\"twitter:card\" content=\"summary_large_image\" \/>\n<meta name=\"twitter:label1\" content=\"Escrito por\" \/>\n\t<meta name=\"twitter:data1\" content=\"alcalde\" \/>\n\t<meta name=\"twitter:label2\" content=\"Tiempo de lectura\" \/>\n\t<meta name=\"twitter:data2\" content=\"2 minutos\" \/>\n<script type=\"application\/ld+json\" class=\"yoast-schema-graph\">{\"@context\":\"https:\\\/\\\/schema.org\",\"@graph\":[{\"@type\":\"Article\",\"@id\":\"https:\\\/\\\/www.caudete.org\\\/ayuntamiento\\\/manana-a-las-19-00-horas-dara-comienzo-el-encendido-de-los-arboles-de-navidad-desde-el-barrio-de-s-francisco\\\/#article\",\"isPartOf\":{\"@id\":\"https:\\\/\\\/www.caudete.org\\\/ayuntamiento\\\/manana-a-las-19-00-horas-dara-comienzo-el-encendido-de-los-arboles-de-navidad-desde-el-barrio-de-s-francisco\\\/\"},\"author\":{\"name\":\"alcalde\",\"@id\":\"https:\\\/\\\/www.caudete.org\\\/ayuntamiento\\\/#\\\/schema\\\/person\\\/cc646da9133078ee4d8dd47457947253\"},\"headline\":\"Ma\u00f1ana a las 19.00 horas dar\u00e1 comienzo el Encendido de los \u00c1RBOLES DE NAVIDAD desde el Barrio de S. Francisco\",\"datePublished\":\"2022-12-01T08:58:55+00:00\",\"mainEntityOfPage\":{\"@id\":\"https:\\\/\\\/www.caudete.org\\\/ayuntamiento\\\/manana-a-las-19-00-horas-dara-comienzo-el-encendido-de-los-arboles-de-navidad-desde-el-barrio-de-s-francisco\\\/\"},\"wordCount\":292,\"image\":{\"@id\":\"https:\\\/\\\/www.caudete.org\\\/ayuntamiento\\\/manana-a-las-19-00-horas-dara-comienzo-el-encendido-de-los-arboles-de-navidad-desde-el-barrio-de-s-francisco\\\/#primaryimage\"},\"thumbnailUrl\":\"https:\\\/\\\/www.caudete.org\\\/ayuntamiento\\\/wp-content\\\/uploads\\\/2021\\\/12\\\/IMG_20211214_220624-scaled.jpg\",\"articleSection\":[\"Fiestas\"],\"inLanguage\":\"es\"},{\"@type\":\"WebPage\",\"@id\":\"https:\\\/\\\/www.caudete.org\\\/ayuntamiento\\\/manana-a-las-19-00-horas-dara-comienzo-el-encendido-de-los-arboles-de-navidad-desde-el-barrio-de-s-francisco\\\/\",\"url\":\"https:\\\/\\\/www.caudete.org\\\/ayuntamiento\\\/manana-a-las-19-00-horas-dara-comienzo-el-encendido-de-los-arboles-de-navidad-desde-el-barrio-de-s-francisco\\\/\",\"name\":\"Ma\u00f1ana a las 19.00 horas dar\u00e1 comienzo el Encendido de los \u00c1RBOLES DE NAVIDAD desde el Barrio de S. Francisco - MI Ayuntamiento de Caudete\",\"isPartOf\":{\"@id\":\"https:\\\/\\\/www.caudete.org\\\/ayuntamiento\\\/#website\"},\"primaryImageOfPage\":{\"@id\":\"https:\\\/\\\/www.caudete.org\\\/ayuntamiento\\\/manana-a-las-19-00-horas-dara-comienzo-el-encendido-de-los-arboles-de-navidad-desde-el-barrio-de-s-francisco\\\/#primaryimage\"},\"image\":{\"@id\":\"https:\\\/\\\/www.caudete.org\\\/ayuntamiento\\\/manana-a-las-19-00-horas-dara-comienzo-el-encendido-de-los-arboles-de-navidad-desde-el-barrio-de-s-francisco\\\/#primaryimage\"},\"thumbnailUrl\":\"https:\\\/\\\/www.caudete.org\\\/ayuntamiento\\\/wp-content\\\/uploads\\\/2021\\\/12\\\/IMG_20211214_220624-scaled.jpg\",\"datePublished\":\"2022-12-01T08:58:55+00:00\",\"author\":{\"@id\":\"https:\\\/\\\/www.caudete.org\\\/ayuntamiento\\\/#\\\/schema\\\/person\\\/cc646da9133078ee4d8dd47457947253\"},\"description\":\"P\u00e1gina Oficial del Ayuntamiento de Caudete (Albacete)\",\"breadcrumb\":{\"@id\":\"https:\\\/\\\/www.caudete.org\\\/ayuntamiento\\\/manana-a-las-19-00-horas-dara-comienzo-el-encendido-de-los-arboles-de-navidad-desde-el-barrio-de-s-francisco\\\/#breadcrumb\"},\"inLanguage\":\"es\",\"potentialAction\":[{\"@type\":\"ReadAction\",\"target\":[\"https:\\\/\\\/www.caudete.org\\\/ayuntamiento\\\/manana-a-las-19-00-horas-dara-comienzo-el-encendido-de-los-arboles-de-navidad-desde-el-barrio-de-s-francisco\\\/\"]}]},{\"@type\":\"ImageObject\",\"inLanguage\":\"es\",\"@id\":\"https:\\\/\\\/www.caudete.org\\\/ayuntamiento\\\/manana-a-las-19-00-horas-dara-comienzo-el-encendido-de-los-arboles-de-navidad-desde-el-barrio-de-s-francisco\\\/#primaryimage\",\"url\":\"https:\\\/\\\/www.caudete.org\\\/ayuntamiento\\\/wp-content\\\/uploads\\\/2021\\\/12\\\/IMG_20211214_220624-scaled.jpg\",\"contentUrl\":\"https:\\\/\\\/www.caudete.org\\\/ayuntamiento\\\/wp-content\\\/uploads\\\/2021\\\/12\\\/IMG_20211214_220624-scaled.jpg\",\"width\":2560,\"height\":1920},{\"@type\":\"BreadcrumbList\",\"@id\":\"https:\\\/\\\/www.caudete.org\\\/ayuntamiento\\\/manana-a-las-19-00-horas-dara-comienzo-el-encendido-de-los-arboles-de-navidad-desde-el-barrio-de-s-francisco\\\/#breadcrumb\",\"itemListElement\":[{\"@type\":\"ListItem\",\"position\":1,\"name\":\"Inicio\",\"item\":\"https:\\\/\\\/www.caudete.org\\\/ayuntamiento\\\/\"},{\"@type\":\"ListItem\",\"position\":2,\"name\":\"Ma\u00f1ana a las 19.00 horas dar\u00e1 comienzo el Encendido de los \u00c1RBOLES DE NAVIDAD desde el Barrio de S. Francisco\"}]},{\"@type\":\"WebSite\",\"@id\":\"https:\\\/\\\/www.caudete.org\\\/ayuntamiento\\\/#website\",\"url\":\"https:\\\/\\\/www.caudete.org\\\/ayuntamiento\\\/\",\"name\":\"MI Ayuntamiento de Caudete\",\"description\":\"P\u00e1gina Oficial del MI Ayuntamiento de Caudete\",\"potentialAction\":[{\"@type\":\"SearchAction\",\"target\":{\"@type\":\"EntryPoint\",\"urlTemplate\":\"https:\\\/\\\/www.caudete.org\\\/ayuntamiento\\\/?s={search_term_string}\"},\"query-input\":{\"@type\":\"PropertyValueSpecification\",\"valueRequired\":true,\"valueName\":\"search_term_string\"}}],\"inLanguage\":\"es\"},{\"@type\":\"Person\",\"@id\":\"https:\\\/\\\/www.caudete.org\\\/ayuntamiento\\\/#\\\/schema\\\/person\\\/cc646da9133078ee4d8dd47457947253\",\"name\":\"alcalde\",\"image\":{\"@type\":\"ImageObject\",\"inLanguage\":\"es\",\"@id\":\"https:\\\/\\\/secure.gravatar.com\\\/avatar\\\/84a817ba065b29ff08d666b215a215f5c79186a645ccb25b14a663d48a130f77?s=96&d=mm&r=g\",\"url\":\"https:\\\/\\\/secure.gravatar.com\\\/avatar\\\/84a817ba065b29ff08d666b215a215f5c79186a645ccb25b14a663d48a130f77?s=96&d=mm&r=g\",\"contentUrl\":\"https:\\\/\\\/secure.gravatar.com\\\/avatar\\\/84a817ba065b29ff08d666b215a215f5c79186a645ccb25b14a663d48a130f77?s=96&d=mm&r=g\",\"caption\":\"alcalde\"},\"url\":\"https:\\\/\\\/www.caudete.org\\\/ayuntamiento\\\/author\\\/alcalde\\\/\"}]}<\/script>\n<!-- \/ Yoast SEO plugin. -->","yoast_head_json":{"title":"Ma\u00f1ana a las 19.00 horas dar\u00e1 comienzo el Encendido de los \u00c1RBOLES DE NAVIDAD desde el Barrio de S. Francisco - MI Ayuntamiento de Caudete","description":"P\u00e1gina Oficial del Ayuntamiento de Caudete (Albacete)","robots":{"index":"index","follow":"follow","max-snippet":"max-snippet:-1","max-image-preview":"max-image-preview:large","max-video-preview":"max-video-preview:-1"},"canonical":"https:\/\/www.caudete.org\/ayuntamiento\/manana-a-las-19-00-horas-dara-comienzo-el-encendido-de-los-arboles-de-navidad-desde-el-barrio-de-s-francisco\/","og_locale":"es_ES","og_type":"article","og_title":"Ma\u00f1ana a las 19.00 horas dar\u00e1 comienzo el Encendido de los \u00c1RBOLES DE NAVIDAD desde el Barrio de S. Francisco - MI Ayuntamiento de Caudete","og_description":"P\u00e1gina Oficial del Ayuntamiento de Caudete (Albacete)","og_url":"https:\/\/www.caudete.org\/ayuntamiento\/manana-a-las-19-00-horas-dara-comienzo-el-encendido-de-los-arboles-de-navidad-desde-el-barrio-de-s-francisco\/","og_site_name":"MI Ayuntamiento de Caudete","article_publisher":"https:\/\/www.facebook.com\/ayuntamientocaudete\/","article_published_time":"2022-12-01T08:58:55+00:00","og_image":[{"width":2560,"height":1920,"url":"https:\/\/www.caudete.org\/ayuntamiento\/wp-content\/uploads\/2021\/12\/IMG_20211214_220624-scaled.jpg","type":"image\/jpeg"}],"author":"alcalde","twitter_card":"summary_large_image","twitter_misc":{"Escrito por":"alcalde","Tiempo de lectura":"2 minutos"},"schema":{"@context":"https:\/\/schema.org","@graph":[{"@type":"Article","@id":"https:\/\/www.caudete.org\/ayuntamiento\/manana-a-las-19-00-horas-dara-comienzo-el-encendido-de-los-arboles-de-navidad-desde-el-barrio-de-s-francisco\/#article","isPartOf":{"@id":"https:\/\/www.caudete.org\/ayuntamiento\/manana-a-las-19-00-horas-dara-comienzo-el-encendido-de-los-arboles-de-navidad-desde-el-barrio-de-s-francisco\/"},"author":{"name":"alcalde","@id":"https:\/\/www.caudete.org\/ayuntamiento\/#\/schema\/person\/cc646da9133078ee4d8dd47457947253"},"headline":"Ma\u00f1ana a las 19.00 horas dar\u00e1 comienzo el Encendido de los \u00c1RBOLES DE NAVIDAD desde el Barrio de S. Francisco","datePublished":"2022-12-01T08:58:55+00:00","mainEntityOfPage":{"@id":"https:\/\/www.caudete.org\/ayuntamiento\/manana-a-las-19-00-horas-dara-comienzo-el-encendido-de-los-arboles-de-navidad-desde-el-barrio-de-s-francisco\/"},"wordCount":292,"image":{"@id":"https:\/\/www.caudete.org\/ayuntamiento\/manana-a-las-19-00-horas-dara-comienzo-el-encendido-de-los-arboles-de-navidad-desde-el-barrio-de-s-francisco\/#primaryimage"},"thumbnailUrl":"https:\/\/www.caudete.org\/ayuntamiento\/wp-content\/uploads\/2021\/12\/IMG_20211214_220624-scaled.jpg","articleSection":["Fiestas"],"inLanguage":"es"},{"@type":"WebPage","@id":"https:\/\/www.caudete.org\/ayuntamiento\/manana-a-las-19-00-horas-dara-comienzo-el-encendido-de-los-arboles-de-navidad-desde-el-barrio-de-s-francisco\/","url":"https:\/\/www.caudete.org\/ayuntamiento\/manana-a-las-19-00-horas-dara-comienzo-el-encendido-de-los-arboles-de-navidad-desde-el-barrio-de-s-francisco\/","name":"Ma\u00f1ana a las 19.00 horas dar\u00e1 comienzo el Encendido de los \u00c1RBOLES DE NAVIDAD desde el Barrio de S. Francisco - MI Ayuntamiento de Caudete","isPartOf":{"@id":"https:\/\/www.caudete.org\/ayuntamiento\/#website"},"primaryImageOfPage":{"@id":"https:\/\/www.caudete.org\/ayuntamiento\/manana-a-las-19-00-horas-dara-comienzo-el-encendido-de-los-arboles-de-navidad-desde-el-barrio-de-s-francisco\/#primaryimage"},"image":{"@id":"https:\/\/www.caudete.org\/ayuntamiento\/manana-a-las-19-00-horas-dara-comienzo-el-encendido-de-los-arboles-de-navidad-desde-el-barrio-de-s-francisco\/#primaryimage"},"thumbnailUrl":"https:\/\/www.caudete.org\/ayuntamiento\/wp-content\/uploads\/2021\/12\/IMG_20211214_220624-scaled.jpg","datePublished":"2022-12-01T08:58:55+00:00","author":{"@id":"https:\/\/www.caudete.org\/ayuntamiento\/#\/schema\/person\/cc646da9133078ee4d8dd47457947253"},"description":"P\u00e1gina Oficial del Ayuntamiento de Caudete (Albacete)","breadcrumb":{"@id":"https:\/\/www.caudete.org\/ayuntamiento\/manana-a-las-19-00-horas-dara-comienzo-el-encendido-de-los-arboles-de-navidad-desde-el-barrio-de-s-francisco\/#breadcrumb"},"inLanguage":"es","potentialAction":[{"@type":"ReadAction","target":["https:\/\/www.caudete.org\/ayuntamiento\/manana-a-las-19-00-horas-dara-comienzo-el-encendido-de-los-arboles-de-navidad-desde-el-barrio-de-s-francisco\/"]}]},{"@type":"ImageObject","inLanguage":"es","@id":"https:\/\/www.caudete.org\/ayuntamiento\/manana-a-las-19-00-horas-dara-comienzo-el-encendido-de-los-arboles-de-navidad-desde-el-barrio-de-s-francisco\/#primaryimage","url":"https:\/\/www.caudete.org\/ayuntamiento\/wp-content\/uploads\/2021\/12\/IMG_20211214_220624-scaled.jpg","contentUrl":"https:\/\/www.caudete.org\/ayuntamiento\/wp-content\/uploads\/2021\/12\/IMG_20211214_220624-scaled.jpg","width":2560,"height":1920},{"@type":"BreadcrumbList","@id":"https:\/\/www.caudete.org\/ayuntamiento\/manana-a-las-19-00-horas-dara-comienzo-el-encendido-de-los-arboles-de-navidad-desde-el-barrio-de-s-francisco\/#breadcrumb","itemListElement":[{"@type":"ListItem","position":1,"name":"Inicio","item":"https:\/\/www.caudete.org\/ayuntamiento\/"},{"@type":"ListItem","position":2,"name":"Ma\u00f1ana a las 19.00 horas dar\u00e1 comienzo el Encendido de los \u00c1RBOLES DE NAVIDAD desde el Barrio de S. Francisco"}]},{"@type":"WebSite","@id":"https:\/\/www.caudete.org\/ayuntamiento\/#website","url":"https:\/\/www.caudete.org\/ayuntamiento\/","name":"MI Ayuntamiento de Caudete","description":"P\u00e1gina Oficial del MI Ayuntamiento de Caudete","potentialAction":[{"@type":"SearchAction","target":{"@type":"EntryPoint","urlTemplate":"https:\/\/www.caudete.org\/ayuntamiento\/?s={search_term_string}"},"query-input":{"@type":"PropertyValueSpecification","valueRequired":true,"valueName":"search_term_string"}}],"inLanguage":"es"},{"@type":"Person","@id":"https:\/\/www.caudete.org\/ayuntamiento\/#\/schema\/person\/cc646da9133078ee4d8dd47457947253","name":"alcalde","image":{"@type":"ImageObject","inLanguage":"es","@id":"https:\/\/secure.gravatar.com\/avatar\/84a817ba065b29ff08d666b215a215f5c79186a645ccb25b14a663d48a130f77?s=96&d=mm&r=g","url":"https:\/\/secure.gravatar.com\/avatar\/84a817ba065b29ff08d666b215a215f5c79186a645ccb25b14a663d48a130f77?s=96&d=mm&r=g","contentUrl":"https:\/\/secure.gravatar.com\/avatar\/84a817ba065b29ff08d666b215a215f5c79186a645ccb25b14a663d48a130f77?s=96&d=mm&r=g","caption":"alcalde"},"url":"https:\/\/www.caudete.org\/ayuntamiento\/author\/alcalde\/"}]}},"_links":{"self":[{"href":"https:\/\/www.caudete.org\/ayuntamiento\/wp-json\/wp\/v2\/posts\/20770","targetHints":{"allow":["GET"]}}],"collection":[{"href":"https:\/\/www.caudete.org\/ayuntamiento\/wp-json\/wp\/v2\/posts"}],"about":[{"href":"https:\/\/www.caudete.org\/ayuntamiento\/wp-json\/wp\/v2\/types\/post"}],"author":[{"embeddable":true,"href":"https:\/\/www.caudete.org\/ayuntamiento\/wp-json\/wp\/v2\/users\/3"}],"replies":[{"embeddable":true,"href":"https:\/\/www.caudete.org\/ayuntamiento\/wp-json\/wp\/v2\/comments?post=20770"}],"version-history":[{"count":1,"href":"https:\/\/www.caudete.org\/ayuntamiento\/wp-json\/wp\/v2\/posts\/20770\/revisions"}],"predecessor-version":[{"id":20771,"href":"https:\/\/www.caudete.org\/ayuntamiento\/wp-json\/wp\/v2\/posts\/20770\/revisions\/20771"}],"wp:featuredmedia":[{"embeddable":true,"href":"https:\/\/www.caudete.org\/ayuntamiento\/wp-json\/wp\/v2\/media\/17509"}],"wp:attachment":[{"href":"https:\/\/www.caudete.org\/ayuntamiento\/wp-json\/wp\/v2\/media?parent=20770"}],"wp:term":[{"taxonomy":"category","embeddable":true,"href":"https:\/\/www.caudete.org\/ayuntamiento\/wp-json\/wp\/v2\/categories?post=20770"},{"taxonomy":"post_tag","embeddable":true,"href":"https:\/\/www.caudete.org\/ayuntamiento\/wp-json\/wp\/v2\/tags?post=20770"}],"curies":[{"name":"wp","href":"https:\/\/api.w.org\/{rel}","templated":true}]}}