{"id":20772,"date":"2022-12-02T09:00:39","date_gmt":"2022-12-02T08:00:39","guid":{"rendered":"https:\/\/www.caudete.org\/ayuntamiento\/?p=20772"},"modified":"2022-12-01T21:09:31","modified_gmt":"2022-12-01T20:09:31","slug":"la-campana-navidena-del-comercio-estara-activa-hasta-el-5-de-enero-y-repartira-4-000e","status":"publish","type":"post","link":"https:\/\/www.caudete.org\/ayuntamiento\/la-campana-navidena-del-comercio-estara-activa-hasta-el-5-de-enero-y-repartira-4-000e\/","title":{"rendered":"La Campa\u00f1a Navide\u00f1a del comercio estar\u00e1 activa hasta el 5 de Enero y repartir\u00e1 4.000\u20ac"},"content":{"rendered":"<p><a href=\"https:\/\/www.caudete.org\/ayuntamiento\/wp-content\/uploads\/2022\/12\/WhatsApp-Image-2022-12-01-at-10.52.12-1.jpeg\" rel='prettyPhoto'><img fetchpriority=\"high\" decoding=\"async\" class=\"aligncenter wp-image-20774 size-medium\" src=\"https:\/\/www.caudete.org\/ayuntamiento\/wp-content\/uploads\/2022\/12\/WhatsApp-Image-2022-12-01-at-10.52.12-1-214x300.jpeg\" alt=\"\" width=\"214\" height=\"300\" srcset=\"https:\/\/www.caudete.org\/ayuntamiento\/wp-content\/uploads\/2022\/12\/WhatsApp-Image-2022-12-01-at-10.52.12-1-214x300.jpeg 214w, https:\/\/www.caudete.org\/ayuntamiento\/wp-content\/uploads\/2022\/12\/WhatsApp-Image-2022-12-01-at-10.52.12-1.jpeg 732w\" sizes=\"(max-width: 214px) 100vw, 214px\" \/><\/a><\/p>\n<p style=\"text-align: justify;\">El M.I. Ayuntamiento a trav\u00e9s de su Concejal\u00eda de Comercio y junto a la Asociaci\u00f3n de Comercio y FEDA da comienzo en el d\u00eda de hoy 1 de diciembre hasta el 5 de Enero la Campa\u00f1a de Navidad \u201c<strong>Esta Navidad yo compro en Caudete<\/strong>\u201d.<\/p>\n<p style=\"text-align: justify;\">El objetivo de esta campa\u00f1a es incentivar las compras en los establecimientos de Caudete de cara a la Navidad, un per\u00edodo de alta actividad econ\u00f3mica que debe reforzarse con iniciativas que atraigan a los consumidores y hagan atractiva la compra en la propia ciudad<\/p>\n<p style=\"text-align: justify;\">Una campa\u00f1a que cuenta con 4000 Euros en premios para consumir en los comercios participantes:<\/p>\n<p style=\"text-align: justify;\">\u2022 Atmosfera Sport Caudete<br \/>\n\u2022 Eco Caudete<br \/>\n\u2022 Floristeria Ave Del Paraiso<br \/>\n\u2022 Calza-t Calza-t<br \/>\n\u2022 Albertina Garc\u00eda Llor\u00e9ns<br \/>\n\u2022 Virtu Espinosa<br \/>\n\u2022 Arc\u00f3n Muebles de Caudete<br \/>\n\u2022 Electrodomesticos Perez<br \/>\n\u2022 Carnicer\u00eda MILAN<br \/>\n\u2022 Centro krishna herbolario<br \/>\n\u2022 La Iba\u00f1esa Caudete<br \/>\n\u2022 Peques Moda Infantil<br \/>\n\u2022 Herbolario NaturalMente<br \/>\n\u2022 Bordados Caudete<br \/>\n\u2022 Gracia Beltran Dise\u00f1o y Moda<br \/>\n\u2022 Carnicer\u00eda Oscar\/el Gusto Por La Carne<br \/>\n\u2022 Visual 3D Caudete<br \/>\n\u2022 Turcane shop<br \/>\n\u2022 Optica Joyeria Lucas<br \/>\n\u2022 Miami, Bisuteria Y Complementos<br \/>\n\u2022 Fotos Narda<br \/>\n\u2022 MJ Decoraci\u00f3n<br \/>\n\u2022 Mercer\u00eda Mari Pardo<br \/>\n\u2022 Diablillos<br \/>\n\u2022 Librer\u00eda L\u00e1piz y Papel<br \/>\n\u2022 Modas Requena<\/p>\n<p style=\"text-align: justify;\">Como todos los a\u00f1os por las compras realizadas en dichos establecimientos se entregar\u00e1n papeletas para participar en el <strong>sorteo<\/strong> que se realizar\u00e1 <strong>el 5 de Enero en la Plaza de la M\u00fasica.<\/strong><\/p>\n<p style=\"text-align: justify;\">Desde el M.I. Ayuntamiento de Caudete animamos a todos los ciudadanos a participar en esta campa\u00f1a rellenando sus boletos y asistiendo el d\u00eda del sorteo de los premios.<\/p>\n<p style=\"text-align: justify;\">La Navidad es un per\u00edodo de compras, de cenas, de regalos y que mejor que contribuir realizando todo ello en nuestro pueblo. Al final todos los comercios son nuestros vecinos, amigos, conocidos y comprar en Caudete es comprar calidad y cercan\u00eda.<\/p>\n","protected":false},"excerpt":{"rendered":"<p>El M.I. Ayuntamiento a trav\u00e9s de su Concejal\u00eda de Comercio y junto a la Asociaci\u00f3n de Comercio y FEDA da comienzo en el d\u00eda de hoy 1 de diciembre hasta el 5 de Enero la Campa\u00f1a de Navidad \u201cEsta Navidad yo compro en Caudete\u201d. El objetivo de esta campa\u00f1a es incentivar las compras en los &hellip;<\/p>\n","protected":false},"author":3,"featured_media":20773,"comment_status":"closed","ping_status":"open","sticky":false,"template":"","format":"standard","meta":{"ngg_post_thumbnail":0,"footnotes":""},"categories":[42],"tags":[],"class_list":["post-20772","post","type-post","status-publish","format-standard","has-post-thumbnail","hentry","category-comercio"],"yoast_head":"<!-- This site is optimized with the Yoast SEO plugin v27.5 - https:\/\/yoast.com\/product\/yoast-seo-wordpress\/ -->\n<title>La Campa\u00f1a Navide\u00f1a del comercio estar\u00e1 activa hasta el 5 de Enero y repartir\u00e1 4.000\u20ac - MI Ayuntamiento de Caudete<\/title>\n<meta name=\"description\" content=\"P\u00e1gina Oficial del Ayuntamiento de Caudete (Albacete)\" \/>\n<meta name=\"robots\" content=\"index, follow, max-snippet:-1, max-image-preview:large, max-video-preview:-1\" \/>\n<link rel=\"canonical\" href=\"https:\/\/www.caudete.org\/ayuntamiento\/la-campana-navidena-del-comercio-estara-activa-hasta-el-5-de-enero-y-repartira-4-000e\/\" \/>\n<meta property=\"og:locale\" content=\"es_ES\" \/>\n<meta property=\"og:type\" content=\"article\" \/>\n<meta property=\"og:title\" content=\"La Campa\u00f1a Navide\u00f1a del comercio estar\u00e1 activa hasta el 5 de Enero y repartir\u00e1 4.000\u20ac - MI Ayuntamiento de Caudete\" \/>\n<meta property=\"og:description\" content=\"P\u00e1gina Oficial del Ayuntamiento de Caudete (Albacete)\" \/>\n<meta property=\"og:url\" content=\"https:\/\/www.caudete.org\/ayuntamiento\/la-campana-navidena-del-comercio-estara-activa-hasta-el-5-de-enero-y-repartira-4-000e\/\" \/>\n<meta property=\"og:site_name\" content=\"MI Ayuntamiento de Caudete\" \/>\n<meta property=\"article:publisher\" content=\"https:\/\/www.facebook.com\/ayuntamientocaudete\/\" \/>\n<meta property=\"article:published_time\" content=\"2022-12-02T08:00:39+00:00\" \/>\n<meta property=\"og:image\" content=\"https:\/\/www.caudete.org\/ayuntamiento\/wp-content\/uploads\/2022\/12\/WhatsApp-Image-2022-12-01-at-10.52.12.jpeg\" \/>\n\t<meta property=\"og:image:width\" content=\"732\" \/>\n\t<meta property=\"og:image:height\" content=\"545\" \/>\n\t<meta property=\"og:image:type\" content=\"image\/jpeg\" \/>\n<meta name=\"author\" content=\"alcalde\" \/>\n<meta name=\"twitter:card\" content=\"summary_large_image\" \/>\n<meta name=\"twitter:label1\" content=\"Escrito por\" \/>\n\t<meta name=\"twitter:data1\" content=\"alcalde\" \/>\n\t<meta name=\"twitter:label2\" content=\"Tiempo de lectura\" \/>\n\t<meta name=\"twitter:data2\" content=\"2 minutos\" \/>\n<script type=\"application\/ld+json\" class=\"yoast-schema-graph\">{\"@context\":\"https:\\\/\\\/schema.org\",\"@graph\":[{\"@type\":\"Article\",\"@id\":\"https:\\\/\\\/www.caudete.org\\\/ayuntamiento\\\/la-campana-navidena-del-comercio-estara-activa-hasta-el-5-de-enero-y-repartira-4-000e\\\/#article\",\"isPartOf\":{\"@id\":\"https:\\\/\\\/www.caudete.org\\\/ayuntamiento\\\/la-campana-navidena-del-comercio-estara-activa-hasta-el-5-de-enero-y-repartira-4-000e\\\/\"},\"author\":{\"name\":\"alcalde\",\"@id\":\"https:\\\/\\\/www.caudete.org\\\/ayuntamiento\\\/#\\\/schema\\\/person\\\/cc646da9133078ee4d8dd47457947253\"},\"headline\":\"La Campa\u00f1a Navide\u00f1a del comercio estar\u00e1 activa hasta el 5 de Enero y repartir\u00e1 4.000\u20ac\",\"datePublished\":\"2022-12-02T08:00:39+00:00\",\"mainEntityOfPage\":{\"@id\":\"https:\\\/\\\/www.caudete.org\\\/ayuntamiento\\\/la-campana-navidena-del-comercio-estara-activa-hasta-el-5-de-enero-y-repartira-4-000e\\\/\"},\"wordCount\":319,\"image\":{\"@id\":\"https:\\\/\\\/www.caudete.org\\\/ayuntamiento\\\/la-campana-navidena-del-comercio-estara-activa-hasta-el-5-de-enero-y-repartira-4-000e\\\/#primaryimage\"},\"thumbnailUrl\":\"https:\\\/\\\/www.caudete.org\\\/ayuntamiento\\\/wp-content\\\/uploads\\\/2022\\\/12\\\/WhatsApp-Image-2022-12-01-at-10.52.12.jpeg\",\"articleSection\":[\"Comercio\"],\"inLanguage\":\"es\"},{\"@type\":\"WebPage\",\"@id\":\"https:\\\/\\\/www.caudete.org\\\/ayuntamiento\\\/la-campana-navidena-del-comercio-estara-activa-hasta-el-5-de-enero-y-repartira-4-000e\\\/\",\"url\":\"https:\\\/\\\/www.caudete.org\\\/ayuntamiento\\\/la-campana-navidena-del-comercio-estara-activa-hasta-el-5-de-enero-y-repartira-4-000e\\\/\",\"name\":\"La Campa\u00f1a Navide\u00f1a del comercio estar\u00e1 activa hasta el 5 de Enero y repartir\u00e1 4.000\u20ac - MI Ayuntamiento de Caudete\",\"isPartOf\":{\"@id\":\"https:\\\/\\\/www.caudete.org\\\/ayuntamiento\\\/#website\"},\"primaryImageOfPage\":{\"@id\":\"https:\\\/\\\/www.caudete.org\\\/ayuntamiento\\\/la-campana-navidena-del-comercio-estara-activa-hasta-el-5-de-enero-y-repartira-4-000e\\\/#primaryimage\"},\"image\":{\"@id\":\"https:\\\/\\\/www.caudete.org\\\/ayuntamiento\\\/la-campana-navidena-del-comercio-estara-activa-hasta-el-5-de-enero-y-repartira-4-000e\\\/#primaryimage\"},\"thumbnailUrl\":\"https:\\\/\\\/www.caudete.org\\\/ayuntamiento\\\/wp-content\\\/uploads\\\/2022\\\/12\\\/WhatsApp-Image-2022-12-01-at-10.52.12.jpeg\",\"datePublished\":\"2022-12-02T08:00:39+00:00\",\"author\":{\"@id\":\"https:\\\/\\\/www.caudete.org\\\/ayuntamiento\\\/#\\\/schema\\\/person\\\/cc646da9133078ee4d8dd47457947253\"},\"description\":\"P\u00e1gina Oficial del Ayuntamiento de Caudete (Albacete)\",\"breadcrumb\":{\"@id\":\"https:\\\/\\\/www.caudete.org\\\/ayuntamiento\\\/la-campana-navidena-del-comercio-estara-activa-hasta-el-5-de-enero-y-repartira-4-000e\\\/#breadcrumb\"},\"inLanguage\":\"es\",\"potentialAction\":[{\"@type\":\"ReadAction\",\"target\":[\"https:\\\/\\\/www.caudete.org\\\/ayuntamiento\\\/la-campana-navidena-del-comercio-estara-activa-hasta-el-5-de-enero-y-repartira-4-000e\\\/\"]}]},{\"@type\":\"ImageObject\",\"inLanguage\":\"es\",\"@id\":\"https:\\\/\\\/www.caudete.org\\\/ayuntamiento\\\/la-campana-navidena-del-comercio-estara-activa-hasta-el-5-de-enero-y-repartira-4-000e\\\/#primaryimage\",\"url\":\"https:\\\/\\\/www.caudete.org\\\/ayuntamiento\\\/wp-content\\\/uploads\\\/2022\\\/12\\\/WhatsApp-Image-2022-12-01-at-10.52.12.jpeg\",\"contentUrl\":\"https:\\\/\\\/www.caudete.org\\\/ayuntamiento\\\/wp-content\\\/uploads\\\/2022\\\/12\\\/WhatsApp-Image-2022-12-01-at-10.52.12.jpeg\",\"width\":732,\"height\":545},{\"@type\":\"BreadcrumbList\",\"@id\":\"https:\\\/\\\/www.caudete.org\\\/ayuntamiento\\\/la-campana-navidena-del-comercio-estara-activa-hasta-el-5-de-enero-y-repartira-4-000e\\\/#breadcrumb\",\"itemListElement\":[{\"@type\":\"ListItem\",\"position\":1,\"name\":\"Inicio\",\"item\":\"https:\\\/\\\/www.caudete.org\\\/ayuntamiento\\\/\"},{\"@type\":\"ListItem\",\"position\":2,\"name\":\"La Campa\u00f1a Navide\u00f1a del comercio estar\u00e1 activa hasta el 5 de Enero y repartir\u00e1 4.000\u20ac\"}]},{\"@type\":\"WebSite\",\"@id\":\"https:\\\/\\\/www.caudete.org\\\/ayuntamiento\\\/#website\",\"url\":\"https:\\\/\\\/www.caudete.org\\\/ayuntamiento\\\/\",\"name\":\"MI Ayuntamiento de Caudete\",\"description\":\"P\u00e1gina Oficial del MI Ayuntamiento de Caudete\",\"potentialAction\":[{\"@type\":\"SearchAction\",\"target\":{\"@type\":\"EntryPoint\",\"urlTemplate\":\"https:\\\/\\\/www.caudete.org\\\/ayuntamiento\\\/?s={search_term_string}\"},\"query-input\":{\"@type\":\"PropertyValueSpecification\",\"valueRequired\":true,\"valueName\":\"search_term_string\"}}],\"inLanguage\":\"es\"},{\"@type\":\"Person\",\"@id\":\"https:\\\/\\\/www.caudete.org\\\/ayuntamiento\\\/#\\\/schema\\\/person\\\/cc646da9133078ee4d8dd47457947253\",\"name\":\"alcalde\",\"image\":{\"@type\":\"ImageObject\",\"inLanguage\":\"es\",\"@id\":\"https:\\\/\\\/secure.gravatar.com\\\/avatar\\\/84a817ba065b29ff08d666b215a215f5c79186a645ccb25b14a663d48a130f77?s=96&d=mm&r=g\",\"url\":\"https:\\\/\\\/secure.gravatar.com\\\/avatar\\\/84a817ba065b29ff08d666b215a215f5c79186a645ccb25b14a663d48a130f77?s=96&d=mm&r=g\",\"contentUrl\":\"https:\\\/\\\/secure.gravatar.com\\\/avatar\\\/84a817ba065b29ff08d666b215a215f5c79186a645ccb25b14a663d48a130f77?s=96&d=mm&r=g\",\"caption\":\"alcalde\"},\"url\":\"https:\\\/\\\/www.caudete.org\\\/ayuntamiento\\\/author\\\/alcalde\\\/\"}]}<\/script>\n<!-- \/ Yoast SEO plugin. -->","yoast_head_json":{"title":"La Campa\u00f1a Navide\u00f1a del comercio estar\u00e1 activa hasta el 5 de Enero y repartir\u00e1 4.000\u20ac - MI Ayuntamiento de Caudete","description":"P\u00e1gina Oficial del Ayuntamiento de Caudete (Albacete)","robots":{"index":"index","follow":"follow","max-snippet":"max-snippet:-1","max-image-preview":"max-image-preview:large","max-video-preview":"max-video-preview:-1"},"canonical":"https:\/\/www.caudete.org\/ayuntamiento\/la-campana-navidena-del-comercio-estara-activa-hasta-el-5-de-enero-y-repartira-4-000e\/","og_locale":"es_ES","og_type":"article","og_title":"La Campa\u00f1a Navide\u00f1a del comercio estar\u00e1 activa hasta el 5 de Enero y repartir\u00e1 4.000\u20ac - MI Ayuntamiento de Caudete","og_description":"P\u00e1gina Oficial del Ayuntamiento de Caudete (Albacete)","og_url":"https:\/\/www.caudete.org\/ayuntamiento\/la-campana-navidena-del-comercio-estara-activa-hasta-el-5-de-enero-y-repartira-4-000e\/","og_site_name":"MI Ayuntamiento de Caudete","article_publisher":"https:\/\/www.facebook.com\/ayuntamientocaudete\/","article_published_time":"2022-12-02T08:00:39+00:00","og_image":[{"width":732,"height":545,"url":"https:\/\/www.caudete.org\/ayuntamiento\/wp-content\/uploads\/2022\/12\/WhatsApp-Image-2022-12-01-at-10.52.12.jpeg","type":"image\/jpeg"}],"author":"alcalde","twitter_card":"summary_large_image","twitter_misc":{"Escrito por":"alcalde","Tiempo de lectura":"2 minutos"},"schema":{"@context":"https:\/\/schema.org","@graph":[{"@type":"Article","@id":"https:\/\/www.caudete.org\/ayuntamiento\/la-campana-navidena-del-comercio-estara-activa-hasta-el-5-de-enero-y-repartira-4-000e\/#article","isPartOf":{"@id":"https:\/\/www.caudete.org\/ayuntamiento\/la-campana-navidena-del-comercio-estara-activa-hasta-el-5-de-enero-y-repartira-4-000e\/"},"author":{"name":"alcalde","@id":"https:\/\/www.caudete.org\/ayuntamiento\/#\/schema\/person\/cc646da9133078ee4d8dd47457947253"},"headline":"La Campa\u00f1a Navide\u00f1a del comercio estar\u00e1 activa hasta el 5 de Enero y repartir\u00e1 4.000\u20ac","datePublished":"2022-12-02T08:00:39+00:00","mainEntityOfPage":{"@id":"https:\/\/www.caudete.org\/ayuntamiento\/la-campana-navidena-del-comercio-estara-activa-hasta-el-5-de-enero-y-repartira-4-000e\/"},"wordCount":319,"image":{"@id":"https:\/\/www.caudete.org\/ayuntamiento\/la-campana-navidena-del-comercio-estara-activa-hasta-el-5-de-enero-y-repartira-4-000e\/#primaryimage"},"thumbnailUrl":"https:\/\/www.caudete.org\/ayuntamiento\/wp-content\/uploads\/2022\/12\/WhatsApp-Image-2022-12-01-at-10.52.12.jpeg","articleSection":["Comercio"],"inLanguage":"es"},{"@type":"WebPage","@id":"https:\/\/www.caudete.org\/ayuntamiento\/la-campana-navidena-del-comercio-estara-activa-hasta-el-5-de-enero-y-repartira-4-000e\/","url":"https:\/\/www.caudete.org\/ayuntamiento\/la-campana-navidena-del-comercio-estara-activa-hasta-el-5-de-enero-y-repartira-4-000e\/","name":"La Campa\u00f1a Navide\u00f1a del comercio estar\u00e1 activa hasta el 5 de Enero y repartir\u00e1 4.000\u20ac - MI Ayuntamiento de Caudete","isPartOf":{"@id":"https:\/\/www.caudete.org\/ayuntamiento\/#website"},"primaryImageOfPage":{"@id":"https:\/\/www.caudete.org\/ayuntamiento\/la-campana-navidena-del-comercio-estara-activa-hasta-el-5-de-enero-y-repartira-4-000e\/#primaryimage"},"image":{"@id":"https:\/\/www.caudete.org\/ayuntamiento\/la-campana-navidena-del-comercio-estara-activa-hasta-el-5-de-enero-y-repartira-4-000e\/#primaryimage"},"thumbnailUrl":"https:\/\/www.caudete.org\/ayuntamiento\/wp-content\/uploads\/2022\/12\/WhatsApp-Image-2022-12-01-at-10.52.12.jpeg","datePublished":"2022-12-02T08:00:39+00:00","author":{"@id":"https:\/\/www.caudete.org\/ayuntamiento\/#\/schema\/person\/cc646da9133078ee4d8dd47457947253"},"description":"P\u00e1gina Oficial del Ayuntamiento de Caudete (Albacete)","breadcrumb":{"@id":"https:\/\/www.caudete.org\/ayuntamiento\/la-campana-navidena-del-comercio-estara-activa-hasta-el-5-de-enero-y-repartira-4-000e\/#breadcrumb"},"inLanguage":"es","potentialAction":[{"@type":"ReadAction","target":["https:\/\/www.caudete.org\/ayuntamiento\/la-campana-navidena-del-comercio-estara-activa-hasta-el-5-de-enero-y-repartira-4-000e\/"]}]},{"@type":"ImageObject","inLanguage":"es","@id":"https:\/\/www.caudete.org\/ayuntamiento\/la-campana-navidena-del-comercio-estara-activa-hasta-el-5-de-enero-y-repartira-4-000e\/#primaryimage","url":"https:\/\/www.caudete.org\/ayuntamiento\/wp-content\/uploads\/2022\/12\/WhatsApp-Image-2022-12-01-at-10.52.12.jpeg","contentUrl":"https:\/\/www.caudete.org\/ayuntamiento\/wp-content\/uploads\/2022\/12\/WhatsApp-Image-2022-12-01-at-10.52.12.jpeg","width":732,"height":545},{"@type":"BreadcrumbList","@id":"https:\/\/www.caudete.org\/ayuntamiento\/la-campana-navidena-del-comercio-estara-activa-hasta-el-5-de-enero-y-repartira-4-000e\/#breadcrumb","itemListElement":[{"@type":"ListItem","position":1,"name":"Inicio","item":"https:\/\/www.caudete.org\/ayuntamiento\/"},{"@type":"ListItem","position":2,"name":"La Campa\u00f1a Navide\u00f1a del comercio estar\u00e1 activa hasta el 5 de Enero y repartir\u00e1 4.000\u20ac"}]},{"@type":"WebSite","@id":"https:\/\/www.caudete.org\/ayuntamiento\/#website","url":"https:\/\/www.caudete.org\/ayuntamiento\/","name":"MI Ayuntamiento de Caudete","description":"P\u00e1gina Oficial del MI Ayuntamiento de Caudete","potentialAction":[{"@type":"SearchAction","target":{"@type":"EntryPoint","urlTemplate":"https:\/\/www.caudete.org\/ayuntamiento\/?s={search_term_string}"},"query-input":{"@type":"PropertyValueSpecification","valueRequired":true,"valueName":"search_term_string"}}],"inLanguage":"es"},{"@type":"Person","@id":"https:\/\/www.caudete.org\/ayuntamiento\/#\/schema\/person\/cc646da9133078ee4d8dd47457947253","name":"alcalde","image":{"@type":"ImageObject","inLanguage":"es","@id":"https:\/\/secure.gravatar.com\/avatar\/84a817ba065b29ff08d666b215a215f5c79186a645ccb25b14a663d48a130f77?s=96&d=mm&r=g","url":"https:\/\/secure.gravatar.com\/avatar\/84a817ba065b29ff08d666b215a215f5c79186a645ccb25b14a663d48a130f77?s=96&d=mm&r=g","contentUrl":"https:\/\/secure.gravatar.com\/avatar\/84a817ba065b29ff08d666b215a215f5c79186a645ccb25b14a663d48a130f77?s=96&d=mm&r=g","caption":"alcalde"},"url":"https:\/\/www.caudete.org\/ayuntamiento\/author\/alcalde\/"}]}},"_links":{"self":[{"href":"https:\/\/www.caudete.org\/ayuntamiento\/wp-json\/wp\/v2\/posts\/20772","targetHints":{"allow":["GET"]}}],"collection":[{"href":"https:\/\/www.caudete.org\/ayuntamiento\/wp-json\/wp\/v2\/posts"}],"about":[{"href":"https:\/\/www.caudete.org\/ayuntamiento\/wp-json\/wp\/v2\/types\/post"}],"author":[{"embeddable":true,"href":"https:\/\/www.caudete.org\/ayuntamiento\/wp-json\/wp\/v2\/users\/3"}],"replies":[{"embeddable":true,"href":"https:\/\/www.caudete.org\/ayuntamiento\/wp-json\/wp\/v2\/comments?post=20772"}],"version-history":[{"count":1,"href":"https:\/\/www.caudete.org\/ayuntamiento\/wp-json\/wp\/v2\/posts\/20772\/revisions"}],"predecessor-version":[{"id":20775,"href":"https:\/\/www.caudete.org\/ayuntamiento\/wp-json\/wp\/v2\/posts\/20772\/revisions\/20775"}],"wp:featuredmedia":[{"embeddable":true,"href":"https:\/\/www.caudete.org\/ayuntamiento\/wp-json\/wp\/v2\/media\/20773"}],"wp:attachment":[{"href":"https:\/\/www.caudete.org\/ayuntamiento\/wp-json\/wp\/v2\/media?parent=20772"}],"wp:term":[{"taxonomy":"category","embeddable":true,"href":"https:\/\/www.caudete.org\/ayuntamiento\/wp-json\/wp\/v2\/categories?post=20772"},{"taxonomy":"post_tag","embeddable":true,"href":"https:\/\/www.caudete.org\/ayuntamiento\/wp-json\/wp\/v2\/tags?post=20772"}],"curies":[{"name":"wp","href":"https:\/\/api.w.org\/{rel}","templated":true}]}}