{"id":20795,"date":"2022-12-03T09:00:59","date_gmt":"2022-12-03T08:00:59","guid":{"rendered":"https:\/\/www.caudete.org\/ayuntamiento\/?p=20795"},"modified":"2022-12-03T02:40:11","modified_gmt":"2022-12-03T01:40:11","slug":"sale-de-nuevo-la-licitacion-del-vehiculo-de-la-policia-al-quedar-desierto-el-primer-expediente","status":"publish","type":"post","link":"https:\/\/www.caudete.org\/ayuntamiento\/sale-de-nuevo-la-licitacion-del-vehiculo-de-la-policia-al-quedar-desierto-el-primer-expediente\/","title":{"rendered":"Sale de nuevo la licitaci\u00f3n del Veh\u00edculo de la Polic\u00eda, al quedar desierto el primer expediente"},"content":{"rendered":"<p style=\"text-align: justify;\">La Concejal de Interior, y responsable del \u00e1rea de Polic\u00eda, M\u00aa del Mar Requena, ha informado a los medios de la nueva licitaci\u00f3n lanzada con el objetivo de adquirir un nuevo veh\u00edculo para la Polic\u00eda Local.<\/p>\n<p style=\"text-align: justify;\">El proceso se ha abierto, por un importe de 23.000\u20ac tras quedar desierta la primera licitaci\u00f3n. De esta forma, la oferta lanzada por el Consistorio se ha aumentado en 3.000\u20ac as\u00ed como relajado alguno de los requisitos, que pasan de ser indispensables, a ser opcionales para el licitador, lo que dar\u00eda mayor puntuaci\u00f3n.<\/p>\n<p style=\"text-align: justify;\">El plazo para presentar ofertas en la Plataforma de Contratos del Estado finaliza el pr\u00f3ximo 15 de Diciembre, estando prevista la Mesa de Contrataci\u00f3n para el d\u00eda siguiente.<\/p>\n<p style=\"text-align: center;\"><strong><a class=\"moz-txt-link-freetext\" href=\"https:\/\/contrataciondelestado.es\/wps\/poc?uri=deeplink%3Adetalle_licitacion&amp;idEvl=aycdPJmWd257h85%2Fpmmsfw%3D%3D\" target=\"_blank\" rel=\"nofollow\">ACCESO A LA LICITACI\u00d3N<\/a><\/strong><\/p>\n<p>&nbsp;<\/p>\n","protected":false},"excerpt":{"rendered":"<p>La Concejal de Interior, y responsable del \u00e1rea de Polic\u00eda, M\u00aa del Mar Requena, ha informado a los medios de la nueva licitaci\u00f3n lanzada con el objetivo de adquirir un nuevo veh\u00edculo para la Polic\u00eda Local. El proceso se ha abierto, por un importe de 23.000\u20ac tras quedar desierta la primera licitaci\u00f3n. De esta forma, &hellip;<\/p>\n","protected":false},"author":3,"featured_media":11855,"comment_status":"closed","ping_status":"open","sticky":false,"template":"","format":"standard","meta":{"ngg_post_thumbnail":0,"footnotes":""},"categories":[34],"tags":[],"class_list":["post-20795","post","type-post","status-publish","format-standard","has-post-thumbnail","hentry","category-interior"],"yoast_head":"<!-- This site is optimized with the Yoast SEO plugin v27.5 - https:\/\/yoast.com\/product\/yoast-seo-wordpress\/ -->\n<title>Sale de nuevo la licitaci\u00f3n del Veh\u00edculo de la Polic\u00eda, al quedar desierto el primer expediente - MI Ayuntamiento de Caudete<\/title>\n<meta name=\"description\" content=\"P\u00e1gina Oficial del Ayuntamiento de Caudete (Albacete)\" \/>\n<meta name=\"robots\" content=\"index, follow, max-snippet:-1, max-image-preview:large, max-video-preview:-1\" \/>\n<link rel=\"canonical\" href=\"https:\/\/www.caudete.org\/ayuntamiento\/sale-de-nuevo-la-licitacion-del-vehiculo-de-la-policia-al-quedar-desierto-el-primer-expediente\/\" \/>\n<meta property=\"og:locale\" content=\"es_ES\" \/>\n<meta property=\"og:type\" content=\"article\" \/>\n<meta property=\"og:title\" content=\"Sale de nuevo la licitaci\u00f3n del Veh\u00edculo de la Polic\u00eda, al quedar desierto el primer expediente - MI Ayuntamiento de Caudete\" \/>\n<meta property=\"og:description\" content=\"P\u00e1gina Oficial del Ayuntamiento de Caudete (Albacete)\" \/>\n<meta property=\"og:url\" content=\"https:\/\/www.caudete.org\/ayuntamiento\/sale-de-nuevo-la-licitacion-del-vehiculo-de-la-policia-al-quedar-desierto-el-primer-expediente\/\" \/>\n<meta property=\"og:site_name\" content=\"MI Ayuntamiento de Caudete\" \/>\n<meta property=\"article:publisher\" content=\"https:\/\/www.facebook.com\/ayuntamientocaudete\/\" \/>\n<meta property=\"article:published_time\" content=\"2022-12-03T08:00:59+00:00\" \/>\n<meta property=\"og:image\" content=\"https:\/\/www.caudete.org\/ayuntamiento\/wp-content\/uploads\/2021\/01\/coche_policia1.jpg\" \/>\n\t<meta property=\"og:image:width\" content=\"600\" \/>\n\t<meta property=\"og:image:height\" content=\"359\" \/>\n\t<meta property=\"og:image:type\" content=\"image\/jpeg\" \/>\n<meta name=\"author\" content=\"alcalde\" \/>\n<meta name=\"twitter:card\" content=\"summary_large_image\" \/>\n<meta name=\"twitter:label1\" content=\"Escrito por\" \/>\n\t<meta name=\"twitter:data1\" content=\"alcalde\" \/>\n\t<meta name=\"twitter:label2\" content=\"Tiempo de lectura\" \/>\n\t<meta name=\"twitter:data2\" content=\"1 minuto\" \/>\n<script type=\"application\/ld+json\" class=\"yoast-schema-graph\">{\"@context\":\"https:\\\/\\\/schema.org\",\"@graph\":[{\"@type\":\"Article\",\"@id\":\"https:\\\/\\\/www.caudete.org\\\/ayuntamiento\\\/sale-de-nuevo-la-licitacion-del-vehiculo-de-la-policia-al-quedar-desierto-el-primer-expediente\\\/#article\",\"isPartOf\":{\"@id\":\"https:\\\/\\\/www.caudete.org\\\/ayuntamiento\\\/sale-de-nuevo-la-licitacion-del-vehiculo-de-la-policia-al-quedar-desierto-el-primer-expediente\\\/\"},\"author\":{\"name\":\"alcalde\",\"@id\":\"https:\\\/\\\/www.caudete.org\\\/ayuntamiento\\\/#\\\/schema\\\/person\\\/cc646da9133078ee4d8dd47457947253\"},\"headline\":\"Sale de nuevo la licitaci\u00f3n del Veh\u00edculo de la Polic\u00eda, al quedar desierto el primer expediente\",\"datePublished\":\"2022-12-03T08:00:59+00:00\",\"mainEntityOfPage\":{\"@id\":\"https:\\\/\\\/www.caudete.org\\\/ayuntamiento\\\/sale-de-nuevo-la-licitacion-del-vehiculo-de-la-policia-al-quedar-desierto-el-primer-expediente\\\/\"},\"wordCount\":149,\"publisher\":{\"@id\":\"https:\\\/\\\/www.caudete.org\\\/ayuntamiento\\\/#organization\"},\"image\":{\"@id\":\"https:\\\/\\\/www.caudete.org\\\/ayuntamiento\\\/sale-de-nuevo-la-licitacion-del-vehiculo-de-la-policia-al-quedar-desierto-el-primer-expediente\\\/#primaryimage\"},\"thumbnailUrl\":\"https:\\\/\\\/www.caudete.org\\\/ayuntamiento\\\/wp-content\\\/uploads\\\/2021\\\/01\\\/coche_policia1.jpg\",\"articleSection\":[\"Interior\"],\"inLanguage\":\"es\"},{\"@type\":\"WebPage\",\"@id\":\"https:\\\/\\\/www.caudete.org\\\/ayuntamiento\\\/sale-de-nuevo-la-licitacion-del-vehiculo-de-la-policia-al-quedar-desierto-el-primer-expediente\\\/\",\"url\":\"https:\\\/\\\/www.caudete.org\\\/ayuntamiento\\\/sale-de-nuevo-la-licitacion-del-vehiculo-de-la-policia-al-quedar-desierto-el-primer-expediente\\\/\",\"name\":\"Sale de nuevo la licitaci\u00f3n del Veh\u00edculo de la Polic\u00eda, al quedar desierto el primer expediente - MI Ayuntamiento de Caudete\",\"isPartOf\":{\"@id\":\"https:\\\/\\\/www.caudete.org\\\/ayuntamiento\\\/#website\"},\"primaryImageOfPage\":{\"@id\":\"https:\\\/\\\/www.caudete.org\\\/ayuntamiento\\\/sale-de-nuevo-la-licitacion-del-vehiculo-de-la-policia-al-quedar-desierto-el-primer-expediente\\\/#primaryimage\"},\"image\":{\"@id\":\"https:\\\/\\\/www.caudete.org\\\/ayuntamiento\\\/sale-de-nuevo-la-licitacion-del-vehiculo-de-la-policia-al-quedar-desierto-el-primer-expediente\\\/#primaryimage\"},\"thumbnailUrl\":\"https:\\\/\\\/www.caudete.org\\\/ayuntamiento\\\/wp-content\\\/uploads\\\/2021\\\/01\\\/coche_policia1.jpg\",\"datePublished\":\"2022-12-03T08:00:59+00:00\",\"description\":\"P\u00e1gina Oficial del Ayuntamiento de Caudete (Albacete)\",\"breadcrumb\":{\"@id\":\"https:\\\/\\\/www.caudete.org\\\/ayuntamiento\\\/sale-de-nuevo-la-licitacion-del-vehiculo-de-la-policia-al-quedar-desierto-el-primer-expediente\\\/#breadcrumb\"},\"inLanguage\":\"es\",\"potentialAction\":[{\"@type\":\"ReadAction\",\"target\":[\"https:\\\/\\\/www.caudete.org\\\/ayuntamiento\\\/sale-de-nuevo-la-licitacion-del-vehiculo-de-la-policia-al-quedar-desierto-el-primer-expediente\\\/\"]}]},{\"@type\":\"ImageObject\",\"inLanguage\":\"es\",\"@id\":\"https:\\\/\\\/www.caudete.org\\\/ayuntamiento\\\/sale-de-nuevo-la-licitacion-del-vehiculo-de-la-policia-al-quedar-desierto-el-primer-expediente\\\/#primaryimage\",\"url\":\"https:\\\/\\\/www.caudete.org\\\/ayuntamiento\\\/wp-content\\\/uploads\\\/2021\\\/01\\\/coche_policia1.jpg\",\"contentUrl\":\"https:\\\/\\\/www.caudete.org\\\/ayuntamiento\\\/wp-content\\\/uploads\\\/2021\\\/01\\\/coche_policia1.jpg\",\"width\":600,\"height\":359},{\"@type\":\"BreadcrumbList\",\"@id\":\"https:\\\/\\\/www.caudete.org\\\/ayuntamiento\\\/sale-de-nuevo-la-licitacion-del-vehiculo-de-la-policia-al-quedar-desierto-el-primer-expediente\\\/#breadcrumb\",\"itemListElement\":[{\"@type\":\"ListItem\",\"position\":1,\"name\":\"Inicio\",\"item\":\"https:\\\/\\\/www.caudete.org\\\/ayuntamiento\\\/\"},{\"@type\":\"ListItem\",\"position\":2,\"name\":\"Sale de nuevo la licitaci\u00f3n del Veh\u00edculo de la Polic\u00eda, al quedar desierto el primer expediente\"}]},{\"@type\":\"WebSite\",\"@id\":\"https:\\\/\\\/www.caudete.org\\\/ayuntamiento\\\/#website\",\"url\":\"https:\\\/\\\/www.caudete.org\\\/ayuntamiento\\\/\",\"name\":\"MI Ayuntamiento de Caudete\",\"description\":\"P\u00e1gina Oficial del MI Ayuntamiento de Caudete\",\"publisher\":{\"@id\":\"https:\\\/\\\/www.caudete.org\\\/ayuntamiento\\\/#organization\"},\"potentialAction\":[{\"@type\":\"SearchAction\",\"target\":{\"@type\":\"EntryPoint\",\"urlTemplate\":\"https:\\\/\\\/www.caudete.org\\\/ayuntamiento\\\/?s={search_term_string}\"},\"query-input\":{\"@type\":\"PropertyValueSpecification\",\"valueRequired\":true,\"valueName\":\"search_term_string\"}}],\"inLanguage\":\"es\"},{\"@type\":\"Organization\",\"@id\":\"https:\\\/\\\/www.caudete.org\\\/ayuntamiento\\\/#organization\",\"name\":\"Ayuntamiento de Caudete\",\"url\":\"https:\\\/\\\/www.caudete.org\\\/ayuntamiento\\\/\",\"logo\":{\"@type\":\"ImageObject\",\"inLanguage\":\"es\",\"@id\":\"https:\\\/\\\/www.caudete.org\\\/ayuntamiento\\\/#\\\/schema\\\/logo\\\/image\\\/\",\"url\":\"https:\\\/\\\/www.caudete.org\\\/ayuntamiento\\\/wp-content\\\/uploads\\\/2020\\\/11\\\/logo_ayuntamiento_caudete.jpg\",\"contentUrl\":\"https:\\\/\\\/www.caudete.org\\\/ayuntamiento\\\/wp-content\\\/uploads\\\/2020\\\/11\\\/logo_ayuntamiento_caudete.jpg\",\"width\":600,\"height\":150,\"caption\":\"Ayuntamiento de Caudete\"},\"image\":{\"@id\":\"https:\\\/\\\/www.caudete.org\\\/ayuntamiento\\\/#\\\/schema\\\/logo\\\/image\\\/\"},\"sameAs\":[\"https:\\\/\\\/www.facebook.com\\\/ayuntamientocaudete\\\/\",\"https:\\\/\\\/www.youtube.com\\\/channel\\\/UC6VztHaooNsGpw-tNoBEFnQ\"]},{\"@type\":\"Person\",\"@id\":\"https:\\\/\\\/www.caudete.org\\\/ayuntamiento\\\/#\\\/schema\\\/person\\\/cc646da9133078ee4d8dd47457947253\",\"name\":\"alcalde\",\"image\":{\"@type\":\"ImageObject\",\"inLanguage\":\"es\",\"@id\":\"https:\\\/\\\/secure.gravatar.com\\\/avatar\\\/84a817ba065b29ff08d666b215a215f5c79186a645ccb25b14a663d48a130f77?s=96&d=mm&r=g\",\"url\":\"https:\\\/\\\/secure.gravatar.com\\\/avatar\\\/84a817ba065b29ff08d666b215a215f5c79186a645ccb25b14a663d48a130f77?s=96&d=mm&r=g\",\"contentUrl\":\"https:\\\/\\\/secure.gravatar.com\\\/avatar\\\/84a817ba065b29ff08d666b215a215f5c79186a645ccb25b14a663d48a130f77?s=96&d=mm&r=g\",\"caption\":\"alcalde\"},\"url\":\"https:\\\/\\\/www.caudete.org\\\/ayuntamiento\\\/author\\\/alcalde\\\/\"}]}<\/script>\n<!-- \/ Yoast SEO plugin. -->","yoast_head_json":{"title":"Sale de nuevo la licitaci\u00f3n del Veh\u00edculo de la Polic\u00eda, al quedar desierto el primer expediente - MI Ayuntamiento de Caudete","description":"P\u00e1gina Oficial del Ayuntamiento de Caudete (Albacete)","robots":{"index":"index","follow":"follow","max-snippet":"max-snippet:-1","max-image-preview":"max-image-preview:large","max-video-preview":"max-video-preview:-1"},"canonical":"https:\/\/www.caudete.org\/ayuntamiento\/sale-de-nuevo-la-licitacion-del-vehiculo-de-la-policia-al-quedar-desierto-el-primer-expediente\/","og_locale":"es_ES","og_type":"article","og_title":"Sale de nuevo la licitaci\u00f3n del Veh\u00edculo de la Polic\u00eda, al quedar desierto el primer expediente - MI Ayuntamiento de Caudete","og_description":"P\u00e1gina Oficial del Ayuntamiento de Caudete (Albacete)","og_url":"https:\/\/www.caudete.org\/ayuntamiento\/sale-de-nuevo-la-licitacion-del-vehiculo-de-la-policia-al-quedar-desierto-el-primer-expediente\/","og_site_name":"MI Ayuntamiento de Caudete","article_publisher":"https:\/\/www.facebook.com\/ayuntamientocaudete\/","article_published_time":"2022-12-03T08:00:59+00:00","og_image":[{"width":600,"height":359,"url":"https:\/\/www.caudete.org\/ayuntamiento\/wp-content\/uploads\/2021\/01\/coche_policia1.jpg","type":"image\/jpeg"}],"author":"alcalde","twitter_card":"summary_large_image","twitter_misc":{"Escrito por":"alcalde","Tiempo de lectura":"1 minuto"},"schema":{"@context":"https:\/\/schema.org","@graph":[{"@type":"Article","@id":"https:\/\/www.caudete.org\/ayuntamiento\/sale-de-nuevo-la-licitacion-del-vehiculo-de-la-policia-al-quedar-desierto-el-primer-expediente\/#article","isPartOf":{"@id":"https:\/\/www.caudete.org\/ayuntamiento\/sale-de-nuevo-la-licitacion-del-vehiculo-de-la-policia-al-quedar-desierto-el-primer-expediente\/"},"author":{"name":"alcalde","@id":"https:\/\/www.caudete.org\/ayuntamiento\/#\/schema\/person\/cc646da9133078ee4d8dd47457947253"},"headline":"Sale de nuevo la licitaci\u00f3n del Veh\u00edculo de la Polic\u00eda, al quedar desierto el primer expediente","datePublished":"2022-12-03T08:00:59+00:00","mainEntityOfPage":{"@id":"https:\/\/www.caudete.org\/ayuntamiento\/sale-de-nuevo-la-licitacion-del-vehiculo-de-la-policia-al-quedar-desierto-el-primer-expediente\/"},"wordCount":149,"publisher":{"@id":"https:\/\/www.caudete.org\/ayuntamiento\/#organization"},"image":{"@id":"https:\/\/www.caudete.org\/ayuntamiento\/sale-de-nuevo-la-licitacion-del-vehiculo-de-la-policia-al-quedar-desierto-el-primer-expediente\/#primaryimage"},"thumbnailUrl":"https:\/\/www.caudete.org\/ayuntamiento\/wp-content\/uploads\/2021\/01\/coche_policia1.jpg","articleSection":["Interior"],"inLanguage":"es"},{"@type":"WebPage","@id":"https:\/\/www.caudete.org\/ayuntamiento\/sale-de-nuevo-la-licitacion-del-vehiculo-de-la-policia-al-quedar-desierto-el-primer-expediente\/","url":"https:\/\/www.caudete.org\/ayuntamiento\/sale-de-nuevo-la-licitacion-del-vehiculo-de-la-policia-al-quedar-desierto-el-primer-expediente\/","name":"Sale de nuevo la licitaci\u00f3n del Veh\u00edculo de la Polic\u00eda, al quedar desierto el primer expediente - MI Ayuntamiento de Caudete","isPartOf":{"@id":"https:\/\/www.caudete.org\/ayuntamiento\/#website"},"primaryImageOfPage":{"@id":"https:\/\/www.caudete.org\/ayuntamiento\/sale-de-nuevo-la-licitacion-del-vehiculo-de-la-policia-al-quedar-desierto-el-primer-expediente\/#primaryimage"},"image":{"@id":"https:\/\/www.caudete.org\/ayuntamiento\/sale-de-nuevo-la-licitacion-del-vehiculo-de-la-policia-al-quedar-desierto-el-primer-expediente\/#primaryimage"},"thumbnailUrl":"https:\/\/www.caudete.org\/ayuntamiento\/wp-content\/uploads\/2021\/01\/coche_policia1.jpg","datePublished":"2022-12-03T08:00:59+00:00","description":"P\u00e1gina Oficial del Ayuntamiento de Caudete (Albacete)","breadcrumb":{"@id":"https:\/\/www.caudete.org\/ayuntamiento\/sale-de-nuevo-la-licitacion-del-vehiculo-de-la-policia-al-quedar-desierto-el-primer-expediente\/#breadcrumb"},"inLanguage":"es","potentialAction":[{"@type":"ReadAction","target":["https:\/\/www.caudete.org\/ayuntamiento\/sale-de-nuevo-la-licitacion-del-vehiculo-de-la-policia-al-quedar-desierto-el-primer-expediente\/"]}]},{"@type":"ImageObject","inLanguage":"es","@id":"https:\/\/www.caudete.org\/ayuntamiento\/sale-de-nuevo-la-licitacion-del-vehiculo-de-la-policia-al-quedar-desierto-el-primer-expediente\/#primaryimage","url":"https:\/\/www.caudete.org\/ayuntamiento\/wp-content\/uploads\/2021\/01\/coche_policia1.jpg","contentUrl":"https:\/\/www.caudete.org\/ayuntamiento\/wp-content\/uploads\/2021\/01\/coche_policia1.jpg","width":600,"height":359},{"@type":"BreadcrumbList","@id":"https:\/\/www.caudete.org\/ayuntamiento\/sale-de-nuevo-la-licitacion-del-vehiculo-de-la-policia-al-quedar-desierto-el-primer-expediente\/#breadcrumb","itemListElement":[{"@type":"ListItem","position":1,"name":"Inicio","item":"https:\/\/www.caudete.org\/ayuntamiento\/"},{"@type":"ListItem","position":2,"name":"Sale de nuevo la licitaci\u00f3n del Veh\u00edculo de la Polic\u00eda, al quedar desierto el primer expediente"}]},{"@type":"WebSite","@id":"https:\/\/www.caudete.org\/ayuntamiento\/#website","url":"https:\/\/www.caudete.org\/ayuntamiento\/","name":"MI Ayuntamiento de Caudete","description":"P\u00e1gina Oficial del MI Ayuntamiento de Caudete","publisher":{"@id":"https:\/\/www.caudete.org\/ayuntamiento\/#organization"},"potentialAction":[{"@type":"SearchAction","target":{"@type":"EntryPoint","urlTemplate":"https:\/\/www.caudete.org\/ayuntamiento\/?s={search_term_string}"},"query-input":{"@type":"PropertyValueSpecification","valueRequired":true,"valueName":"search_term_string"}}],"inLanguage":"es"},{"@type":"Organization","@id":"https:\/\/www.caudete.org\/ayuntamiento\/#organization","name":"Ayuntamiento de Caudete","url":"https:\/\/www.caudete.org\/ayuntamiento\/","logo":{"@type":"ImageObject","inLanguage":"es","@id":"https:\/\/www.caudete.org\/ayuntamiento\/#\/schema\/logo\/image\/","url":"https:\/\/www.caudete.org\/ayuntamiento\/wp-content\/uploads\/2020\/11\/logo_ayuntamiento_caudete.jpg","contentUrl":"https:\/\/www.caudete.org\/ayuntamiento\/wp-content\/uploads\/2020\/11\/logo_ayuntamiento_caudete.jpg","width":600,"height":150,"caption":"Ayuntamiento de Caudete"},"image":{"@id":"https:\/\/www.caudete.org\/ayuntamiento\/#\/schema\/logo\/image\/"},"sameAs":["https:\/\/www.facebook.com\/ayuntamientocaudete\/","https:\/\/www.youtube.com\/channel\/UC6VztHaooNsGpw-tNoBEFnQ"]},{"@type":"Person","@id":"https:\/\/www.caudete.org\/ayuntamiento\/#\/schema\/person\/cc646da9133078ee4d8dd47457947253","name":"alcalde","image":{"@type":"ImageObject","inLanguage":"es","@id":"https:\/\/secure.gravatar.com\/avatar\/84a817ba065b29ff08d666b215a215f5c79186a645ccb25b14a663d48a130f77?s=96&d=mm&r=g","url":"https:\/\/secure.gravatar.com\/avatar\/84a817ba065b29ff08d666b215a215f5c79186a645ccb25b14a663d48a130f77?s=96&d=mm&r=g","contentUrl":"https:\/\/secure.gravatar.com\/avatar\/84a817ba065b29ff08d666b215a215f5c79186a645ccb25b14a663d48a130f77?s=96&d=mm&r=g","caption":"alcalde"},"url":"https:\/\/www.caudete.org\/ayuntamiento\/author\/alcalde\/"}]}},"_links":{"self":[{"href":"https:\/\/www.caudete.org\/ayuntamiento\/wp-json\/wp\/v2\/posts\/20795","targetHints":{"allow":["GET"]}}],"collection":[{"href":"https:\/\/www.caudete.org\/ayuntamiento\/wp-json\/wp\/v2\/posts"}],"about":[{"href":"https:\/\/www.caudete.org\/ayuntamiento\/wp-json\/wp\/v2\/types\/post"}],"author":[{"embeddable":true,"href":"https:\/\/www.caudete.org\/ayuntamiento\/wp-json\/wp\/v2\/users\/3"}],"replies":[{"embeddable":true,"href":"https:\/\/www.caudete.org\/ayuntamiento\/wp-json\/wp\/v2\/comments?post=20795"}],"version-history":[{"count":2,"href":"https:\/\/www.caudete.org\/ayuntamiento\/wp-json\/wp\/v2\/posts\/20795\/revisions"}],"predecessor-version":[{"id":20797,"href":"https:\/\/www.caudete.org\/ayuntamiento\/wp-json\/wp\/v2\/posts\/20795\/revisions\/20797"}],"wp:featuredmedia":[{"embeddable":true,"href":"https:\/\/www.caudete.org\/ayuntamiento\/wp-json\/wp\/v2\/media\/11855"}],"wp:attachment":[{"href":"https:\/\/www.caudete.org\/ayuntamiento\/wp-json\/wp\/v2\/media?parent=20795"}],"wp:term":[{"taxonomy":"category","embeddable":true,"href":"https:\/\/www.caudete.org\/ayuntamiento\/wp-json\/wp\/v2\/categories?post=20795"},{"taxonomy":"post_tag","embeddable":true,"href":"https:\/\/www.caudete.org\/ayuntamiento\/wp-json\/wp\/v2\/tags?post=20795"}],"curies":[{"name":"wp","href":"https:\/\/api.w.org\/{rel}","templated":true}]}}